{"id":14814,"date":"2021-12-27T16:32:09","date_gmt":"2021-12-27T15:32:09","guid":{"rendered":"https:\/\/www.raum-blick.de\/magazin\/?p=14814"},"modified":"2021-12-27T18:31:50","modified_gmt":"2021-12-27T17:31:50","slug":"cuero-butterfly-chair","status":"publish","type":"post","link":"https:\/\/raum-blick.de\/magazin\/cuero-butterfly-chair\/","title":{"rendered":"Der Cuero Butterfly Chair"},"content":{"rendered":"<p style=\"text-align: justify;\"><strong>Puristisches Gesamtkonzept, schwungvolle Linien, organische Formgebung: Obwohl bei der Designikone fast alles passte, gab es Optimierungsbedarf. Deshalb entwickelte Cuero mit dem Pampa Mariposa vom Butterfly Chair eine himmlisch bequeme Version, die jedem Zuhause gutsteht.<\/strong><\/p>\n<h2><span class=\"ez-toc-section\" id=\"Zum_Verlieben_schoenes_Design\"><\/span>Zum Verlieben sch\u00f6nes Design<span class=\"ez-toc-section-end\"><\/span><\/h2>\n<p style=\"text-align: justify;\">Der verregnete Sonntag ist ideal, um entspannt durch das Lifestyle-Magazin zu bl\u00e4ttern. Neueste Wohnaccessoires und Kleinm\u00f6bel pr\u00e4gen die vorgestellten Einrichtungsideen. Das Highlight auf den Hochglanzbildern ist aber ein vertrautes Objekt: An den skandinavischen Stil erinnert die minimalistische Idee, aus zwei Komponenten einen Sessel zu fertigen. So dynamisch wie ein s\u00fcdamerikanischer Tanz wirkt die Linienf\u00fchrung, w\u00e4hrend die Form dezent Assoziationen mit der Natur weckt.<\/p><div id=\"ez-toc-container\" class=\"ez-toc-v2_0_82_2 counter-hierarchy ez-toc-counter ez-toc-grey ez-toc-container-direction\">\n<div class=\"ez-toc-title-container\">\n<p class=\"ez-toc-title\" style=\"cursor:inherit\">Was hier auf Sie wartet<\/p>\n<span class=\"ez-toc-title-toggle\"><a href=\"#\" class=\"ez-toc-pull-right ez-toc-btn ez-toc-btn-xs ez-toc-btn-default ez-toc-toggle\" aria-label=\"Toggle Table of Content\"><span class=\"ez-toc-js-icon-con\"><span class=\"\"><span class=\"eztoc-hide\" style=\"display:none;\">Toggle<\/span><span class=\"ez-toc-icon-toggle-span\"><svg style=\"fill: #999;color:#999\" xmlns=\"http:\/\/www.w3.org\/2000\/svg\" class=\"list-377408\" width=\"20px\" height=\"20px\" viewBox=\"0 0 24 24\" fill=\"none\"><path d=\"M6 6H4v2h2V6zm14 0H8v2h12V6zM4 11h2v2H4v-2zm16 0H8v2h12v-2zM4 16h2v2H4v-2zm16 0H8v2h12v-2z\" fill=\"currentColor\"><\/path><\/svg><svg style=\"fill: #999;color:#999\" class=\"arrow-unsorted-368013\" xmlns=\"http:\/\/www.w3.org\/2000\/svg\" width=\"10px\" height=\"10px\" viewBox=\"0 0 24 24\" version=\"1.2\" baseProfile=\"tiny\"><path d=\"M18.2 9.3l-6.2-6.3-6.2 6.3c-.2.2-.3.4-.3.7s.1.5.3.7c.2.2.4.3.7.3h11c.3 0 .5-.1.7-.3.2-.2.3-.5.3-.7s-.1-.5-.3-.7zM5.8 14.7l6.2 6.3 6.2-6.3c.2-.2.3-.5.3-.7s-.1-.5-.3-.7c-.2-.2-.4-.3-.7-.3h-11c-.3 0-.5.1-.7.3-.2.2-.3.5-.3.7s.1.5.3.7z\"\/><\/svg><\/span><\/span><\/span><\/a><\/span><\/div>\n<nav><ul class='ez-toc-list ez-toc-list-level-1 ' ><li class='ez-toc-page-1 ez-toc-heading-level-2'><a class=\"ez-toc-link ez-toc-heading-1\" href=\"https:\/\/raum-blick.de\/magazin\/cuero-butterfly-chair\/#Zum_Verlieben_schoenes_Design\" >Zum Verlieben sch\u00f6nes Design<\/a><\/li><li class='ez-toc-page-1 ez-toc-heading-level-2'><a class=\"ez-toc-link ez-toc-heading-2\" href=\"https:\/\/raum-blick.de\/magazin\/cuero-butterfly-chair\/#Designidee_aus_Argentinien_perfektioniert_in_Schweden\" >Designidee aus Argentinien, perfektioniert in Schweden<\/a><\/li><li class='ez-toc-page-1 ez-toc-heading-level-2'><a class=\"ez-toc-link ez-toc-heading-3\" href=\"https:\/\/raum-blick.de\/magazin\/cuero-butterfly-chair\/#Puristische_Designlegende_mit_Kuschelfaktor\" >Puristische Designlegende mit Kuschelfaktor<\/a><\/li><li class='ez-toc-page-1 ez-toc-heading-level-2'><a class=\"ez-toc-link ez-toc-heading-4\" href=\"https:\/\/raum-blick.de\/magazin\/cuero-butterfly-chair\/#Meisterwerk_der_Designgeschichte_fuer_chillige_Stunden\" >Meisterwerk der Designgeschichte f\u00fcr chillige Stunden<\/a><\/li><\/ul><\/nav><\/div>\n\n<p><a href=\"https:\/\/www.raum-blick.de\/cuero-pampa-mariposa-butterfly-chair\"><img loading=\"lazy\" decoding=\"async\" class=\"aligncenter wp-image-14851 size-full\" title=\"Cuero \u2013 Butterfly Sessel Pampa Mariposa | Design-Klassiker | Design: Antonio Bonet \/ Juan Kurchan\" src=\"https:\/\/www.raum-blick.de\/magazin\/wp-content\/uploads\/2022\/12\/cuero-pampa-mariposa-butterfly-chair.jpg\" alt=\"cuero-pampa-mariposa-butterfly-chair\" width=\"900\" height=\"900\" srcset=\"https:\/\/raum-blick.de\/magazin\/wp-content\/uploads\/2022\/12\/cuero-pampa-mariposa-butterfly-chair.jpg 900w, https:\/\/raum-blick.de\/magazin\/wp-content\/uploads\/2022\/12\/cuero-pampa-mariposa-butterfly-chair-300x300.jpg 300w, https:\/\/raum-blick.de\/magazin\/wp-content\/uploads\/2022\/12\/cuero-pampa-mariposa-butterfly-chair-150x150.jpg 150w, https:\/\/raum-blick.de\/magazin\/wp-content\/uploads\/2022\/12\/cuero-pampa-mariposa-butterfly-chair-768x768.jpg 768w\" sizes=\"(max-width: 900px) 100vw, 900px\" \/><\/a><\/p>\n<p style=\"text-align: justify;\">Sie gibt dem Butterfly Chair seinen Namen, dessen \u00e4sthetische Leichtigkeit kaum zu \u00fcberbieten ist. Immer wieder greifen Interieurdesigner bei ihren Projekten auf den Klassiker zur\u00fcck, aus gutem Grund: Es gibt nahezu keinen Ort oder Wohnstil, den der Schmetterlingsstuhl nicht aufwerten w\u00fcrde. Bleibt der Blick daran haften, ist der innerliche Impuls meist identisch: Den will ich haben! Genau diese Bewunderung sorgte daf\u00fcr, dass Cuero den Butterfly Chair in den Mittelpunkt des Markensortiments r\u00fcckte.<\/p>\n<h2><span class=\"ez-toc-section\" id=\"Designidee_aus_Argentinien_perfektioniert_in_Schweden\"><\/span>Designidee aus Argentinien, perfektioniert in Schweden<span class=\"ez-toc-section-end\"><\/span><\/h2>\n<p style=\"text-align: justify;\">Kaum hat man die M\u00f6bel entdeckt, schl\u00e4gt das Herz h\u00f6her. Der Praxistest d\u00e4mpft die Euphorie und spricht daf\u00fcr, sich abzuwenden. \u00dcberzeugend ist leider nur der Look, aber nicht die Funktionalit\u00e4t. Wer sich f\u00fcr Design-M\u00f6bel interessiert, kennt den Widerspruch. \u00c4hnlich ging es Lars Kjerstadius, als er einen Butterfly Chair in den 1960ern entdeckte. Spontan war seine Begeisterung f\u00fcr die argentinische Ikone entfacht, die bei n\u00e4herem Hinsehen jedoch nicht \u00fcberzeugte.<\/p>\n<div class='et-box et-note'>\n\t\t\t\t\t<div class='et-box-content'>Zum Gl\u00fcck wandte er sich nicht von seinem Fundst\u00fcck ab. Stattdessen beschloss er, das Sitzm\u00f6bel zu optimieren.<\/div><\/div>\n<p style=\"text-align: justify;\">Auf den ersten Blick scheint Cuero einen Butterfly Chair zu pr\u00e4sentieren, der anderen Versionen \u00e4hnelt. Studiert man das Designkonzept n\u00e4her, offenbaren sich die feinen Unterschiede. Ausgepr\u00e4gter sind die Rundungen an der R\u00fcckenlehne und Sitzfl\u00e4che.<\/p>\n<p><a href=\"https:\/\/www.raum-blick.de\/cuero-iceland-wild-lammfell\"><img loading=\"lazy\" decoding=\"async\" class=\"aligncenter wp-image-14849 size-full\" title=\"Cuero \u2013 Iceland Wild Lammfell | flauschiges Fell | Design: Cuero\" src=\"https:\/\/www.raum-blick.de\/magazin\/wp-content\/uploads\/2022\/12\/cuero-iceland-wild-lammfell.jpg\" alt=\"cuero-iceland-wild-lammfell\" width=\"900\" height=\"900\" srcset=\"https:\/\/raum-blick.de\/magazin\/wp-content\/uploads\/2022\/12\/cuero-iceland-wild-lammfell.jpg 900w, https:\/\/raum-blick.de\/magazin\/wp-content\/uploads\/2022\/12\/cuero-iceland-wild-lammfell-300x300.jpg 300w, https:\/\/raum-blick.de\/magazin\/wp-content\/uploads\/2022\/12\/cuero-iceland-wild-lammfell-150x150.jpg 150w, https:\/\/raum-blick.de\/magazin\/wp-content\/uploads\/2022\/12\/cuero-iceland-wild-lammfell-768x768.jpg 768w\" sizes=\"(max-width: 900px) 100vw, 900px\" \/><\/a><\/p>\n<p style=\"text-align: justify;\">Der Gesamteindruck erscheint dadurch harmonischer. Die kleine Korrektur der Formensprache verbessert den Sitzkomfort merklich. Eine Schl\u00fcsselrolle f\u00e4llt der St\u00e4rke des Materials zu: Wird es zu d\u00fcnn ausgef\u00fchrt, \u00fcberzeugt die Stabilit\u00e4t nicht. Die Bequemlichkeit bleibt auf der Strecke, wenn der Bezug zu dick und unflexibel ist. Mehr als ein Jahrzehnt feilte der Schwede an den Feinheiten und gelangte letztlich zum Modell <a href=\"https:\/\/www.raum-blick.de\/cuero-pampa-mariposa-butterfly-chair\">Pampa Mariposa<\/a>. Der Butterfly Chair erf\u00fcllte damit alle Qualit\u00e4tskriterien und wird bis heute von Cuero hergestellt.<\/p>\n<h2><span class=\"ez-toc-section\" id=\"Puristische_Designlegende_mit_Kuschelfaktor\"><\/span>Puristische Designlegende mit Kuschelfaktor<span class=\"ez-toc-section-end\"><\/span><\/h2>\n<p style=\"text-align: justify;\">Sobald man das Wohnzimmer betritt, steht fest: Hier m\u00f6chte ich bleiben! Schwer f\u00e4llt nur die Entscheidung, welche M\u00f6bel man ansteuert.<\/p>\n<p><a href=\"https:\/\/www.raum-blick.de\/cuero-lambskin-pillow-kissen\"><img loading=\"lazy\" decoding=\"async\" class=\"aligncenter wp-image-14843 size-full\" title=\"Cuero \u2013 Lambskin Pillow Kissen | flauschiger Kissenbezug | Design: Cuero\" src=\"https:\/\/www.raum-blick.de\/magazin\/wp-content\/uploads\/2022\/12\/cuero-lambskin-pillow-kissen.jpg\" alt=\"cuero-lambskin-pillow-kissen\" width=\"900\" height=\"900\" srcset=\"https:\/\/raum-blick.de\/magazin\/wp-content\/uploads\/2022\/12\/cuero-lambskin-pillow-kissen.jpg 900w, https:\/\/raum-blick.de\/magazin\/wp-content\/uploads\/2022\/12\/cuero-lambskin-pillow-kissen-300x300.jpg 300w, https:\/\/raum-blick.de\/magazin\/wp-content\/uploads\/2022\/12\/cuero-lambskin-pillow-kissen-150x150.jpg 150w, https:\/\/raum-blick.de\/magazin\/wp-content\/uploads\/2022\/12\/cuero-lambskin-pillow-kissen-768x768.jpg 768w\" sizes=\"(max-width: 900px) 100vw, 900px\" \/><\/a><\/p>\n<p style=\"text-align: justify;\">Kuschelig wurde der <a href=\"https:\/\/www.raum-blick.de\/cuero\/\">Butterfly Chair von Cuero<\/a> interpretiert, der etwas abseits vor dem Kamin zum Relaxen verf\u00fchrt. Flauschige Kissen bereichern die gro\u00dfe Sofalandschaft. Auf der Couchlehne befindet sich ein Accessoire, das sich zum identischen Naturmaterial bekennt. Seine Wirkkraft ist enorm: Obwohl die Einrichtung dem Purismus treu bleibt, wirkt das Flair einladend und gem\u00fctlich. Am perfektionierten Design des Firmengr\u00fcnders h\u00e4lt Cuero beim Butterfly Chair fest. Die schwedische Marke verwirklicht jedoch regelm\u00e4\u00dfig neue Gestaltungsideen.<\/p>\n<p><a href=\"https:\/\/www.raum-blick.de\/cuero-iceland-mariposa-butterfly-chair\"><img loading=\"lazy\" decoding=\"async\" class=\"aligncenter wp-image-14831 size-full\" title=\"Cuero \u2013 Butterfly Sessel Iceland Mariposa | Design-Klassiker | Design: Antonio Bonet \/ Juan Kurchan\" src=\"https:\/\/www.raum-blick.de\/magazin\/wp-content\/uploads\/2022\/12\/cuero-iceland-mariposa-butterfly-chair.jpg\" alt=\"cuero-iceland-mariposa-butterfly-chair\" width=\"600\" height=\"520\" srcset=\"https:\/\/raum-blick.de\/magazin\/wp-content\/uploads\/2022\/12\/cuero-iceland-mariposa-butterfly-chair.jpg 600w, https:\/\/raum-blick.de\/magazin\/wp-content\/uploads\/2022\/12\/cuero-iceland-mariposa-butterfly-chair-300x260.jpg 300w\" sizes=\"(max-width: 600px) 100vw, 600px\" \/><\/a><\/p>\n<p style=\"text-align: justify;\">Genial war der Gedanke, Schaffelle f\u00fcr den <a href=\"https:\/\/www.raum-blick.de\/cuero-iceland-mariposa-butterfly-chair\">Cuero Iceland Mariposa Butterfly Chair<\/a> ins Spiel zu bringen. Sie gleicht einem Fest f\u00fcr die Sinne. Der nat\u00fcrliche Sitzbezug garantiert dem Butterfly Sessel die Aufmerksamkeit und sieht urgem\u00fctlich aus.<\/p>\n<div class='et-box et-info'>\n\t\t\t\t\t<div class='et-box-content'>Unbeschreiblich ist das behagliche Gef\u00fchl, wenn man mit der Oberfl\u00e4che in Kontakt kommt. Die Felle des Islandschafs verleihen einen Hauch von Luxus.<\/div><\/div>\n<p style=\"text-align: justify;\">Das gilt besonders f\u00fcr die grau melierten Varianten, weil sie selten und einzigartig sind. Die M\u00f6bel werden dadurch zu Unikaten. Die origin\u00e4re Interpretation mit einer Sitzfl\u00e4che aus Leder und einem Stahlgestell wirkt ebenfalls edel. Etwas l\u00e4ssiger scheint die Designlinie mit Bez\u00fcgen aus Leinen.<\/p>\n<p><a href=\"https:\/\/www.raum-blick.de\/cuero-canvas-mariposa-butterfly-chair\"><img loading=\"lazy\" decoding=\"async\" class=\"aligncenter wp-image-14829 size-full\" title=\"Cuero \u2013 Butterfly Sessel Canvas Mariposa | Design-Klassiker | Design: Antonio Bonet \/ Juan Kurchan\" src=\"https:\/\/www.raum-blick.de\/magazin\/wp-content\/uploads\/2022\/12\/cuero-canvas-mariposa-butterfly-chair.jpg\" alt=\"cuero-canvas-mariposa-butterfly-chair\" width=\"900\" height=\"900\" srcset=\"https:\/\/raum-blick.de\/magazin\/wp-content\/uploads\/2022\/12\/cuero-canvas-mariposa-butterfly-chair.jpg 900w, https:\/\/raum-blick.de\/magazin\/wp-content\/uploads\/2022\/12\/cuero-canvas-mariposa-butterfly-chair-300x300.jpg 300w, https:\/\/raum-blick.de\/magazin\/wp-content\/uploads\/2022\/12\/cuero-canvas-mariposa-butterfly-chair-150x150.jpg 150w, https:\/\/raum-blick.de\/magazin\/wp-content\/uploads\/2022\/12\/cuero-canvas-mariposa-butterfly-chair-768x768.jpg 768w\" sizes=\"(max-width: 900px) 100vw, 900px\" \/><\/a><\/p>\n<p style=\"text-align: justify;\">Die Marke zeigt sich f\u00fcr ausgefallene Variationen offen, ist aber in einem Punkt kompromisslos: Naturmaterialien bleiben die pr\u00e4gende Komponente. Darauf verweist auch der Markenname, das spanische Wort f\u00fcr Leder. Dahinter steht die \u00dcberzeugung, dass sich Menschen unabh\u00e4ngig vom technischen Fortschritt nach Natureindr\u00fccken sehnen. Diese sinnliche Erfahrung verkn\u00fcpft Cuero beim Butterfly Chair mit Designkunst.<\/p>\n<h2><span class=\"ez-toc-section\" id=\"Meisterwerk_der_Designgeschichte_fuer_chillige_Stunden\"><\/span>Meisterwerk der Designgeschichte f\u00fcr chillige Stunden<span class=\"ez-toc-section-end\"><\/span><\/h2>\n<p style=\"text-align: justify;\">Die skandinavischen Sessel wirken vertraut, weil es sich um bedeutende Design-M\u00f6bel des 20. Jahrhunderts handelt.<\/p>\n<div class='et-box et-success'>\n\t\t\t\t\t<div class='et-box-content'>Der Entwurf stammt aus der Feder eines Architektentrios, zu dem Antonio Bonet und Juan Kurchan z\u00e4hlten.<\/div><\/div>\n<p style=\"text-align: justify;\">Ihr au\u00dfergew\u00f6hnliches Talent spiegelte sich darin wider, dass sie f\u00fcr das ber\u00fchmte Pariser B\u00fcro von Le Corbusier praktizierten. Vorgestellt wurde der Schmetterlingssessel erstmals bei einer argentinischen Interieurmesse im Jahr 1940. Experten vom Museum of Modern Art waren davon so begeistert, dass sie die Sitzm\u00f6bel in New York ausstellten. Die Aufnahme in die renommierte MoMA-Sammlung sch\u00fcrte international das Interesse der Designfans und Hersteller.<\/p>\n<p><a href=\"https:\/\/www.raum-blick.de\/cuero-flying-goose-iceland\"><img loading=\"lazy\" decoding=\"async\" class=\"aligncenter wp-image-14839\" title=\"Cuero \u2013 Flying Goose Iceland | Hocker \/ Schemel | Design: Antonio Bonet \/ Juan Kurchan\" src=\"https:\/\/www.raum-blick.de\/magazin\/wp-content\/uploads\/2022\/12\/cuero-flying-goose-iceland.jpg\" alt=\"cuero-flying-goose-iceland\" width=\"466\" height=\"450\" srcset=\"https:\/\/raum-blick.de\/magazin\/wp-content\/uploads\/2022\/12\/cuero-flying-goose-iceland.jpg 600w, https:\/\/raum-blick.de\/magazin\/wp-content\/uploads\/2022\/12\/cuero-flying-goose-iceland-300x290.jpg 300w\" sizes=\"(max-width: 466px) 100vw, 466px\" \/><\/a><\/p>\n<p style=\"text-align: justify;\">In den 1950ern eroberte der Klassiker aus Buenos Aires die Hotellobbys und Wohnzimmer. Bisweilen gab es aber ein Manko: Die Umsetzung des legend\u00e4ren Entwurfs war nicht immer komfortabel. Davon unterscheidet sich die Kollektion von Cuero deutlich. Das offenbart sich sofort, wenn die Loungem\u00f6bel einziehen. Schon auf dem Weg nach Hause w\u00e4chst die Vorfreude auf den Lieblingsplatz. Er umschmeichelt den K\u00f6rper beim Feierabend.<\/p>\n<p><a href=\"https:\/\/www.raum-blick.de\/cuero-flying-goose-pampa-hocker\"><img loading=\"lazy\" decoding=\"async\" class=\"aligncenter wp-image-14835 size-full\" title=\"Cuero \u2013 Flying Goose Pampa | Hocker \/ Schemel | Design: Antonio Bonet \/ Juan Kurchan\" src=\"https:\/\/www.raum-blick.de\/magazin\/wp-content\/uploads\/2022\/12\/cuero-flying-goose-pampa-hocker.jpg\" alt=\"cuero-flying-goose-pampa-hocker\" width=\"900\" height=\"900\" srcset=\"https:\/\/raum-blick.de\/magazin\/wp-content\/uploads\/2022\/12\/cuero-flying-goose-pampa-hocker.jpg 900w, https:\/\/raum-blick.de\/magazin\/wp-content\/uploads\/2022\/12\/cuero-flying-goose-pampa-hocker-300x300.jpg 300w, https:\/\/raum-blick.de\/magazin\/wp-content\/uploads\/2022\/12\/cuero-flying-goose-pampa-hocker-150x150.jpg 150w, https:\/\/raum-blick.de\/magazin\/wp-content\/uploads\/2022\/12\/cuero-flying-goose-pampa-hocker-768x768.jpg 768w\" sizes=\"(max-width: 900px) 100vw, 900px\" \/><\/a><\/p>\n<p style=\"text-align: justify;\">Der passende Hocker l\u00e4dt dazu ein, die F\u00fc\u00dfe hochzulegen. W\u00e4hrend man am Wein nippt, kommt in den Sinn: Es wird schwerfallen, auf das himmlisch bequeme Sitzgef\u00fchl im Sommer zu verzichten. Daf\u00fcr gibt es zum Gl\u00fcck keinen Grund.<\/p>\n<p><a href=\"https:\/\/www.raum-blick.de\/cuero-sunshine-mariposa-butterfly-chair\"><img loading=\"lazy\" decoding=\"async\" class=\"aligncenter wp-image-14822 size-full\" title=\"Cuero \u2013 Butterfly Sessel Sunshine Mariposa f\u00fcr Outdoor | Design: Antonio Bonet \/ Juan Kurchan\" src=\"https:\/\/www.raum-blick.de\/magazin\/wp-content\/uploads\/2022\/12\/cuero-sunshine-mariposa-butterfly-chair.jpg\" alt=\"cuero-sunshine-mariposa-butterfly-chair\" width=\"900\" height=\"900\" srcset=\"https:\/\/raum-blick.de\/magazin\/wp-content\/uploads\/2022\/12\/cuero-sunshine-mariposa-butterfly-chair.jpg 900w, https:\/\/raum-blick.de\/magazin\/wp-content\/uploads\/2022\/12\/cuero-sunshine-mariposa-butterfly-chair-300x300.jpg 300w, https:\/\/raum-blick.de\/magazin\/wp-content\/uploads\/2022\/12\/cuero-sunshine-mariposa-butterfly-chair-150x150.jpg 150w, https:\/\/raum-blick.de\/magazin\/wp-content\/uploads\/2022\/12\/cuero-sunshine-mariposa-butterfly-chair-768x768.jpg 768w\" sizes=\"(max-width: 900px) 100vw, 900px\" \/><\/a><\/p>\n<p style=\"text-align: justify;\">F\u00fcr die Terrassen entwarf <a href=\"https:\/\/www.raum-blick.de\/cuero-sunshine-mariposa-butterfly-chair\">Cuero einen Butterfly Sessel f\u00fcr Drau\u00dfen<\/a> aus Materialien, die wetterbest\u00e4ndig sind.<\/p>\n","protected":false},"excerpt":{"rendered":"<p>Puristisches Gesamtkonzept, schwungvolle Linien, organische Formgebung: Obwohl bei der Designikone fast alles passte, gab es Optimierungsbedarf. Deshalb entwickelte Cuero mit dem Pampa Mariposa vom Butterfly Chair eine himmlisch bequeme Version, die jedem Zuhause gutsteht. Zum Verlieben sch\u00f6nes Design Der verregnete Sonntag ist ideal, um entspannt durch das Lifestyle-Magazin zu bl\u00e4ttern. Neueste Wohnaccessoires und Kleinm\u00f6bel pr\u00e4gen [&hellip;]<\/p>\n","protected":false},"author":4,"featured_media":14834,"comment_status":"closed","ping_status":"open","sticky":false,"template":"","format":"standard","meta":{"_et_pb_use_builder":"","_et_pb_old_content":"","_et_gb_content_width":"","inline_featured_image":false,"footnotes":""},"categories":[8],"tags":[1627,1617,334,1628,158,56,296,827,1624,57,1629,327],"class_list":["post-14814","post","type-post","status-publish","format-standard","has-post-thumbnail","hentry","category-features","tag-butterfly-chair","tag-cuero","tag-design","tag-fell","tag-hocker","tag-indoor","tag-kissen","tag-kissenbezug","tag-lammfell","tag-outdoor","tag-schemel","tag-sessel"],"_links":{"self":[{"href":"https:\/\/raum-blick.de\/magazin\/wp-json\/wp\/v2\/posts\/14814","targetHints":{"allow":["GET"]}}],"collection":[{"href":"https:\/\/raum-blick.de\/magazin\/wp-json\/wp\/v2\/posts"}],"about":[{"href":"https:\/\/raum-blick.de\/magazin\/wp-json\/wp\/v2\/types\/post"}],"author":[{"embeddable":true,"href":"https:\/\/raum-blick.de\/magazin\/wp-json\/wp\/v2\/users\/4"}],"replies":[{"embeddable":true,"href":"https:\/\/raum-blick.de\/magazin\/wp-json\/wp\/v2\/comments?post=14814"}],"version-history":[{"count":33,"href":"https:\/\/raum-blick.de\/magazin\/wp-json\/wp\/v2\/posts\/14814\/revisions"}],"predecessor-version":[{"id":14857,"href":"https:\/\/raum-blick.de\/magazin\/wp-json\/wp\/v2\/posts\/14814\/revisions\/14857"}],"wp:featuredmedia":[{"embeddable":true,"href":"https:\/\/raum-blick.de\/magazin\/wp-json\/wp\/v2\/media\/14834"}],"wp:attachment":[{"href":"https:\/\/raum-blick.de\/magazin\/wp-json\/wp\/v2\/media?parent=14814"}],"wp:term":[{"taxonomy":"category","embeddable":true,"href":"https:\/\/raum-blick.de\/magazin\/wp-json\/wp\/v2\/categories?post=14814"},{"taxonomy":"post_tag","embeddable":true,"href":"https:\/\/raum-blick.de\/magazin\/wp-json\/wp\/v2\/tags?post=14814"}],"curies":[{"name":"wp","href":"https:\/\/api.w.org\/{rel}","templated":true}]}}