{"id":14678,"date":"2021-12-14T14:01:37","date_gmt":"2021-12-14T13:01:37","guid":{"rendered":"https:\/\/www.raum-blick.de\/magazin\/?p=14678"},"modified":"2024-08-28T10:32:17","modified_gmt":"2024-08-28T08:32:17","slug":"wintergarteneinrichtung-tipps","status":"publish","type":"post","link":"https:\/\/raum-blick.de\/magazin\/wintergarteneinrichtung-tipps\/","title":{"rendered":"Tipps f\u00fcr die Wintergarteneinrichtung"},"content":{"rendered":"<h2><span class=\"ez-toc-section\" id=\"%C2%AB_Die_Gartenpracht_auch_im_Winter_geniessen_%C2%BB\"><\/span>\u00ab Die Gartenpracht auch im Winter genie\u00dfen \u00bb<span class=\"ez-toc-section-end\"><\/span><\/h2>\n<p style=\"text-align: justify;\"><strong>Die warme Jahreszeit ist hierzulande \u00fcberschaubar. Auf der Hand liegt daf\u00fcr die L\u00f6sung: Man erlaubt der Natur, die Innenr\u00e4ume zu pr\u00e4gen. Der Anbau mit gro\u00dfen Fensterfronten ist schnell vollbracht. Gefragt sind danach Einrichtungsideen und M\u00f6bel f\u00fcr den Wintergarten, die modern sind.<\/strong><\/p>\n<h2><span class=\"ez-toc-section\" id=\"Gruene_Oase_fuer_die_Arbeit_und_das_Vergnuegen\"><\/span>Gr\u00fcne Oase f\u00fcr die Arbeit und das Vergn\u00fcgen<span class=\"ez-toc-section-end\"><\/span><\/h2>\n<p style=\"text-align: justify;\">Rustikale Holzgarnituren, gediegene Rattan-Sitzgruppen und zweckm\u00e4\u00dfige M\u00f6bel f\u00fcr die Pflanzarbeiten pr\u00e4gen vielerorts die klassische Wintergarteneinrichtung. Sie harmoniert jedoch nicht immer mit den pers\u00f6nlichen Bed\u00fcrfnissen. Freude bereitet das Plus an Wohnfl\u00e4che au\u00dferdem erst, wenn es zum beliebten Lebensraum wird. Die gro\u00dfen Fenster bescheren inspirierende Natureindr\u00fccke und reichlich Tageslicht.<\/p><div id=\"ez-toc-container\" class=\"ez-toc-v2_0_82_2 counter-hierarchy ez-toc-counter ez-toc-grey ez-toc-container-direction\">\n<div class=\"ez-toc-title-container\">\n<p class=\"ez-toc-title\" style=\"cursor:inherit\">Was hier auf Sie wartet<\/p>\n<span class=\"ez-toc-title-toggle\"><a href=\"#\" class=\"ez-toc-pull-right ez-toc-btn ez-toc-btn-xs ez-toc-btn-default ez-toc-toggle\" aria-label=\"Toggle Table of Content\"><span class=\"ez-toc-js-icon-con\"><span class=\"\"><span class=\"eztoc-hide\" style=\"display:none;\">Toggle<\/span><span class=\"ez-toc-icon-toggle-span\"><svg style=\"fill: #999;color:#999\" xmlns=\"http:\/\/www.w3.org\/2000\/svg\" class=\"list-377408\" width=\"20px\" height=\"20px\" viewBox=\"0 0 24 24\" fill=\"none\"><path d=\"M6 6H4v2h2V6zm14 0H8v2h12V6zM4 11h2v2H4v-2zm16 0H8v2h12v-2zM4 16h2v2H4v-2zm16 0H8v2h12v-2z\" fill=\"currentColor\"><\/path><\/svg><svg style=\"fill: #999;color:#999\" class=\"arrow-unsorted-368013\" xmlns=\"http:\/\/www.w3.org\/2000\/svg\" width=\"10px\" height=\"10px\" viewBox=\"0 0 24 24\" version=\"1.2\" baseProfile=\"tiny\"><path d=\"M18.2 9.3l-6.2-6.3-6.2 6.3c-.2.2-.3.4-.3.7s.1.5.3.7c.2.2.4.3.7.3h11c.3 0 .5-.1.7-.3.2-.2.3-.5.3-.7s-.1-.5-.3-.7zM5.8 14.7l6.2 6.3 6.2-6.3c.2-.2.3-.5.3-.7s-.1-.5-.3-.7c-.2-.2-.4-.3-.7-.3h-11c-.3 0-.5.1-.7.3-.2.2-.3.5-.3.7s.1.5.3.7z\"\/><\/svg><\/span><\/span><\/span><\/a><\/span><\/div>\n<nav><ul class='ez-toc-list ez-toc-list-level-1 ' ><li class='ez-toc-page-1 ez-toc-heading-level-2'><a class=\"ez-toc-link ez-toc-heading-1\" href=\"https:\/\/raum-blick.de\/magazin\/wintergarteneinrichtung-tipps\/#%C2%AB_Die_Gartenpracht_auch_im_Winter_geniessen_%C2%BB\" >\u00ab Die Gartenpracht auch im Winter genie\u00dfen \u00bb<\/a><\/li><li class='ez-toc-page-1 ez-toc-heading-level-2'><a class=\"ez-toc-link ez-toc-heading-2\" href=\"https:\/\/raum-blick.de\/magazin\/wintergarteneinrichtung-tipps\/#Gruene_Oase_fuer_die_Arbeit_und_das_Vergnuegen\" >Gr\u00fcne Oase f\u00fcr die Arbeit und das Vergn\u00fcgen<\/a><\/li><li class='ez-toc-page-1 ez-toc-heading-level-2'><a class=\"ez-toc-link ez-toc-heading-3\" href=\"https:\/\/raum-blick.de\/magazin\/wintergarteneinrichtung-tipps\/#Refugium_fuer_die_innere_Harmonie\" >Refugium f\u00fcr die innere Harmonie<\/a><\/li><li class='ez-toc-page-1 ez-toc-heading-level-2'><a class=\"ez-toc-link ez-toc-heading-4\" href=\"https:\/\/raum-blick.de\/magazin\/wintergarteneinrichtung-tipps\/#Lebensbejahende_Sommerlounge_fuer_die_Winterzeit\" >Lebensbejahende Sommerlounge f\u00fcr die Winterzeit<\/a><\/li><li class='ez-toc-page-1 ez-toc-heading-level-2'><a class=\"ez-toc-link ez-toc-heading-5\" href=\"https:\/\/raum-blick.de\/magazin\/wintergarteneinrichtung-tipps\/#Wintergarteneinrichtung_fuer_Romantiker_%E2%80%93_Schlafoase_a_la_Boheme\" >Wintergarteneinrichtung f\u00fcr Romantiker \u2013 Schlafoase \u00e0 la Boheme<\/a><\/li><\/ul><\/nav><\/div>\n\n<p><a href=\"https:\/\/www.raum-blick.de\/ok-design-oas-tisch\"><img loading=\"lazy\" decoding=\"async\" class=\"aligncenter wp-image-14731 size-full\" title=\"OK Design \u2013 OAS Tisch | gro\u00dfer Tisch f\u00fcr B\u00fcro oder Esszimmer\" src=\"https:\/\/www.raum-blick.de\/magazin\/wp-content\/uploads\/2021\/12\/ok-design-oas-tisch.jpg\" alt=\"ok-design-oas-tisch Wintergarteneinrichtung\" width=\"800\" height=\"800\" srcset=\"https:\/\/raum-blick.de\/magazin\/wp-content\/uploads\/2021\/12\/ok-design-oas-tisch.jpg 800w, https:\/\/raum-blick.de\/magazin\/wp-content\/uploads\/2021\/12\/ok-design-oas-tisch-300x300.jpg 300w, https:\/\/raum-blick.de\/magazin\/wp-content\/uploads\/2021\/12\/ok-design-oas-tisch-150x150.jpg 150w, https:\/\/raum-blick.de\/magazin\/wp-content\/uploads\/2021\/12\/ok-design-oas-tisch-768x768.jpg 768w\" sizes=\"(max-width: 800px) 100vw, 800px\" \/><\/a><\/p>\n<p style=\"text-align: justify;\">Das sind optimale Voraussetzungen f\u00fcr eine Kombination aus Homeoffice und Familientreffpunkt. Betont minimalistisch und filigran pr\u00e4sentiert sich der wei\u00dfe <a href=\"https:\/\/www.raum-blick.de\/ok-design\/\">Tisch OAS aus dem Portfolio von OK Design<\/a>. Er ist untypisch f\u00fcr die Wintergarteneinrichtung und gerade deshalb ideal als Gestaltungsidee. Die gro\u00dfz\u00fcgigen Ma\u00dfe sind bei der Arbeit ebenso willkommen wie beim Dinner oder Spieleabend. Sein Purismus sorgt daf\u00fcr, dass die stattlichen Zimmerb\u00e4ume und die Aussicht im Rampenlicht stehen.<\/p>\n<p><a href=\"https:\/\/www.raum-blick.de\/aeris-oyo\"><img loading=\"lazy\" decoding=\"async\" class=\"aligncenter wp-image-14729 size-full\" title=\"Aeris \u2013 Oyo | Schaukelstuhl \/ Sattelsitz \/ Schalensitz | Design: Martin Ballendat\" src=\"https:\/\/www.raum-blick.de\/magazin\/wp-content\/uploads\/2021\/12\/aeris-oyo.jpg\" alt=\"aeris-oyo Wintergarteneinrichtung\" width=\"800\" height=\"800\" srcset=\"https:\/\/raum-blick.de\/magazin\/wp-content\/uploads\/2021\/12\/aeris-oyo.jpg 800w, https:\/\/raum-blick.de\/magazin\/wp-content\/uploads\/2021\/12\/aeris-oyo-300x300.jpg 300w, https:\/\/raum-blick.de\/magazin\/wp-content\/uploads\/2021\/12\/aeris-oyo-150x150.jpg 150w, https:\/\/raum-blick.de\/magazin\/wp-content\/uploads\/2021\/12\/aeris-oyo-768x768.jpg 768w\" sizes=\"(max-width: 800px) 100vw, 800px\" \/><\/a><\/p>\n<p style=\"text-align: justify;\">Zum unkonventionellen Auftritt des Stahltischs passen die Schaukelst\u00fchle <a href=\"https:\/\/www.raum-blick.de\/aeris\/\">Oyo von Aeris<\/a> wunderbar. Das naturnahe Beige-Grau und die organische Formgebung er\u00f6ffnen einen modernen Link zum origin\u00e4ren Gedanken, der hinter dem Wintergarten steckt.<\/p>\n<p><a href=\"https:\/\/www.raum-blick.de\/muuto-ambit-rail-pendelleuchte\"><img loading=\"lazy\" decoding=\"async\" class=\"aligncenter wp-image-14727 size-full\" title=\"Muuto Ambit Rail | Pendelleuchte | Design: TAF Architects, 2017\" src=\"https:\/\/www.raum-blick.de\/magazin\/wp-content\/uploads\/2021\/12\/muuto-ambit-rail-pendelleuchte.jpg\" alt=\"muuto-ambit-rail-pendelleuchte\" width=\"800\" height=\"800\" srcset=\"https:\/\/raum-blick.de\/magazin\/wp-content\/uploads\/2021\/12\/muuto-ambit-rail-pendelleuchte.jpg 800w, https:\/\/raum-blick.de\/magazin\/wp-content\/uploads\/2021\/12\/muuto-ambit-rail-pendelleuchte-300x300.jpg 300w, https:\/\/raum-blick.de\/magazin\/wp-content\/uploads\/2021\/12\/muuto-ambit-rail-pendelleuchte-150x150.jpg 150w, https:\/\/raum-blick.de\/magazin\/wp-content\/uploads\/2021\/12\/muuto-ambit-rail-pendelleuchte-768x768.jpg 768w\" sizes=\"(max-width: 800px) 100vw, 800px\" \/><\/a><\/p>\n<p style=\"text-align: justify;\">Die ergonomische Gestaltung der Sitzm\u00f6bel erleichtert tags\u00fcber die Konzentration. Beim geselligen Miteinander am Abend verf\u00fchren sie die G\u00e4ste dazu, etwas l\u00e4nger zu verweilen. Die dreiflammige Pendelleuchte <a href=\"https:\/\/www.raum-blick.de\/muuto\/\">Ambit Rail von Muuto<\/a> erweckt den Eindruck, frei im Raum zu schweben. Ihr Taupe-Ton harmoniert fabelhaft mit den Sitzbez\u00fcgen und dem bes\u00e4nftigenden Minimalismus der Wintergarteneinrichtung.<\/p>\n<p><a href=\"https:\/\/www.raum-blick.de\/cane-line-lighthouse\"><img loading=\"lazy\" decoding=\"async\" class=\"aligncenter wp-image-14719 size-full\" title=\"Cane-line Lighthouse Laternen\" src=\"https:\/\/www.raum-blick.de\/magazin\/wp-content\/uploads\/2021\/12\/cane-line-lighthouse.jpg\" alt=\"cane-line-lighthouse Wintergarteneinrichtung\" width=\"800\" height=\"800\" srcset=\"https:\/\/raum-blick.de\/magazin\/wp-content\/uploads\/2021\/12\/cane-line-lighthouse.jpg 800w, https:\/\/raum-blick.de\/magazin\/wp-content\/uploads\/2021\/12\/cane-line-lighthouse-300x300.jpg 300w, https:\/\/raum-blick.de\/magazin\/wp-content\/uploads\/2021\/12\/cane-line-lighthouse-150x150.jpg 150w, https:\/\/raum-blick.de\/magazin\/wp-content\/uploads\/2021\/12\/cane-line-lighthouse-768x768.jpg 768w\" sizes=\"(max-width: 800px) 100vw, 800px\" \/><\/a><\/p>\n<p style=\"text-align: justify;\">Ideal ist f\u00fcrs Arbeiten und Dinieren ihre Lichtwirkung, die nach unten gerichtet ist. Bei gem\u00fctlichen Momenten bleibt die elektrische Beleuchtung au\u00dfen vor. Stattdessen spendet das <a href=\"https:\/\/www.raum-blick.de\/cane-line\/\">Lighthouse Laternen-Ensemble von Cane-line<\/a> stimmungsvolles Kerzenlicht.<\/p>\n<h2><span class=\"ez-toc-section\" id=\"Refugium_fuer_die_innere_Harmonie\"><\/span>Refugium f\u00fcr die innere Harmonie<span class=\"ez-toc-section-end\"><\/span><\/h2>\n<p style=\"text-align: justify;\">Die weitl\u00e4ufige Au\u00dfenanlage bietet verschiedenste Lieblingsorte, um sich zur\u00fcckzuziehen. Im Sp\u00e4therbst ist es leider vorbei mit der Freiheit. Das Blatt wendet sich, wenn man sich einen Wintergarten voller R\u00fcckzugsorte g\u00f6nnt.<\/p>\n<p><a href=\"https:\/\/www.raum-blick.de\/myfelt-hardy-filzkugelteppich-rund\"><img loading=\"lazy\" decoding=\"async\" class=\"aligncenter wp-image-14716 size-full\" title=\"myfelt \u2013 Filzkugelteppich Hardy rund | aus 100% Naturprodukten\" src=\"https:\/\/www.raum-blick.de\/magazin\/wp-content\/uploads\/2021\/12\/myfelt-hardy-filzkugelteppich-rund.jpg\" alt=\"myfelt-hardy-filzkugelteppich-rund\" width=\"800\" height=\"800\" srcset=\"https:\/\/raum-blick.de\/magazin\/wp-content\/uploads\/2021\/12\/myfelt-hardy-filzkugelteppich-rund.jpg 800w, https:\/\/raum-blick.de\/magazin\/wp-content\/uploads\/2021\/12\/myfelt-hardy-filzkugelteppich-rund-300x300.jpg 300w, https:\/\/raum-blick.de\/magazin\/wp-content\/uploads\/2021\/12\/myfelt-hardy-filzkugelteppich-rund-150x150.jpg 150w, https:\/\/raum-blick.de\/magazin\/wp-content\/uploads\/2021\/12\/myfelt-hardy-filzkugelteppich-rund-768x768.jpg 768w\" sizes=\"(max-width: 800px) 100vw, 800px\" \/><\/a><\/p>\n<p style=\"text-align: justify;\">An einen harmonisierenden Steingarten erinnert das <a href=\"https:\/\/www.raum-blick.de\/myfelt\/\">Ensemble von myfelt<\/a>: Auf dem runden Filzkugelteppich sind organisch geformte Bodenkissen drapiert, die an Kieselsteine erinnern. Wer sich spontan zum Meditieren animiert f\u00fchlt, liegt richtig. Genau daf\u00fcr ist diese Wintergarteneinrichtung gedacht.<\/p>\n<p><a href=\"https:\/\/www.raum-blick.de\/jan-kurtz-maxx-liegestuhl-klappbar\"><img loading=\"lazy\" decoding=\"async\" class=\"aligncenter wp-image-14714 size-full\" title=\"Jan Kurtz Maxx Liegestuhl | FSC zertifiziertes Teak\" src=\"https:\/\/www.raum-blick.de\/magazin\/wp-content\/uploads\/2021\/12\/jan-kurtz-maxx-liegestuhl-klappbar.jpg\" alt=\"jan-kurtz-maxx-liegestuhl-klappbar\" width=\"800\" height=\"720\" srcset=\"https:\/\/raum-blick.de\/magazin\/wp-content\/uploads\/2021\/12\/jan-kurtz-maxx-liegestuhl-klappbar.jpg 800w, https:\/\/raum-blick.de\/magazin\/wp-content\/uploads\/2021\/12\/jan-kurtz-maxx-liegestuhl-klappbar-300x270.jpg 300w, https:\/\/raum-blick.de\/magazin\/wp-content\/uploads\/2021\/12\/jan-kurtz-maxx-liegestuhl-klappbar-768x691.jpg 768w\" sizes=\"(max-width: 800px) 100vw, 800px\" \/><\/a><\/p>\n<p style=\"text-align: justify;\">Es ist wundervoll, auf der Sonnenliege zu relaxen und die Natur zu bewundern. Das Gef\u00fchl l\u00e4sst sich in die kalte Jahreszeit transferieren, wenn man sich f\u00fcr Gartenm\u00f6bel entscheidet. Hier l\u00e4dt der floral gemusterte <a href=\"https:\/\/www.raum-blick.de\/jan-kurtz\/\">Liegestuhl Maxx Leaf von Jan Kurtz<\/a> zur gem\u00fctlichen Lesestunde ein.<\/p>\n<p><a href=\"https:\/\/www.raum-blick.de\/skagerak-vendia-stuhl\"><img loading=\"lazy\" decoding=\"async\" class=\"aligncenter wp-image-14712 size-full\" title=\"Skagerak Vendia Stuhl | Teak\" src=\"https:\/\/www.raum-blick.de\/magazin\/wp-content\/uploads\/2021\/12\/skagerak-vendia-stuhl.jpg\" alt=\"skagerak-vendia-stuhl Wintergarteneinrichtung\" width=\"800\" height=\"800\" srcset=\"https:\/\/raum-blick.de\/magazin\/wp-content\/uploads\/2021\/12\/skagerak-vendia-stuhl.jpg 800w, https:\/\/raum-blick.de\/magazin\/wp-content\/uploads\/2021\/12\/skagerak-vendia-stuhl-300x300.jpg 300w, https:\/\/raum-blick.de\/magazin\/wp-content\/uploads\/2021\/12\/skagerak-vendia-stuhl-150x150.jpg 150w, https:\/\/raum-blick.de\/magazin\/wp-content\/uploads\/2021\/12\/skagerak-vendia-stuhl-768x768.jpg 768w\" sizes=\"(max-width: 800px) 100vw, 800px\" \/><\/a><\/p>\n<p style=\"text-align: justify;\">Dort bietet sich die Sitzgruppe Vendia an, um ungest\u00f6rt am Notebook zu arbeiten oder einen Kaffee zu trinken. Die Gartenm\u00f6bel sind genauso wie der sommerliche Klappstuhl aus Teakholz gefertigt. Das Material akzentuiert die Atmosph\u00e4re authentisch und gem\u00fctlich.<\/p>\n<p><a href=\"https:\/\/www.raum-blick.de\/design-house-stockholm-botanic-stand\"><img loading=\"lazy\" decoding=\"async\" class=\"aligncenter wp-image-14710 size-full\" title=\"Design House Stockholm - Botanic Stand\" src=\"https:\/\/www.raum-blick.de\/magazin\/wp-content\/uploads\/2021\/12\/design-house-stockholm-botanic-stand.jpg\" alt=\"design-house-stockholm-botanic-stand\" width=\"800\" height=\"800\" srcset=\"https:\/\/raum-blick.de\/magazin\/wp-content\/uploads\/2021\/12\/design-house-stockholm-botanic-stand.jpg 800w, https:\/\/raum-blick.de\/magazin\/wp-content\/uploads\/2021\/12\/design-house-stockholm-botanic-stand-300x300.jpg 300w, https:\/\/raum-blick.de\/magazin\/wp-content\/uploads\/2021\/12\/design-house-stockholm-botanic-stand-150x150.jpg 150w, https:\/\/raum-blick.de\/magazin\/wp-content\/uploads\/2021\/12\/design-house-stockholm-botanic-stand-768x768.jpg 768w\" sizes=\"(max-width: 800px) 100vw, 800px\" \/><\/a><\/p>\n<p style=\"text-align: justify;\">Die vielseitige Wintergarteneinrichtung vollenden die <a href=\"https:\/\/www.raum-blick.de\/design-house-stockholm\/\">Pflanzk\u00e4sten Botanic Stand von Design House Stockholm<\/a>, die mit verschiedensten Zimmergr\u00e4sern best\u00fcckt sind. Sie trennen optisch den Meditationsraum von der Leseecke und dem Wohlf\u00fchlort f\u00fcr die Kaffeepause.<\/p>\n<h2><span class=\"ez-toc-section\" id=\"Lebensbejahende_Sommerlounge_fuer_die_Winterzeit\"><\/span>Lebensbejahende Sommerlounge f\u00fcr die Winterzeit<span class=\"ez-toc-section-end\"><\/span><\/h2>\n<p style=\"text-align: justify;\">Bei dieser Wintergarteneinrichtung ist gute Laune garantiert. Daf\u00fcr sorgen sonnige Farben und eine ordentliche Portion Retrolook. <a href=\"https:\/\/www.raum-blick.de\/fatboy\/\">Fatboy<\/a> ist eine ergiebige Quelle f\u00fcr die chillige Terrassengestaltung. Gleiches gilt, wenn man f\u00fcr den Wintergarten M\u00f6bel sucht.<\/p>\n<p><img loading=\"lazy\" decoding=\"async\" class=\"aligncenter wp-image-14704 size-full\" title=\"Fatboy \u2013 The BonBaron Sessel | mit Schaumstoff gef\u00fcllt\" src=\"https:\/\/www.raum-blick.de\/magazin\/wp-content\/uploads\/2021\/12\/fatboy-the-bonbaron.jpg\" alt=\"fatboy-the-bonbaron\" width=\"800\" height=\"800\" srcset=\"https:\/\/raum-blick.de\/magazin\/wp-content\/uploads\/2021\/12\/fatboy-the-bonbaron.jpg 800w, https:\/\/raum-blick.de\/magazin\/wp-content\/uploads\/2021\/12\/fatboy-the-bonbaron-300x300.jpg 300w, https:\/\/raum-blick.de\/magazin\/wp-content\/uploads\/2021\/12\/fatboy-the-bonbaron-150x150.jpg 150w, https:\/\/raum-blick.de\/magazin\/wp-content\/uploads\/2021\/12\/fatboy-the-bonbaron-768x768.jpg 768w\" sizes=\"(max-width: 800px) 100vw, 800px\" \/><\/p>\n<p style=\"text-align: justify;\">Wer im Relaxsessel Bonbaron entspannt, sitzt so komfortabel wie auf Wolken. Niemand wird sich um den Lieblingsplatz streiten. Denn ein Quartett in dunklen und hellen Graut\u00f6nen bildet das Fundament der Wintergarteneinrichtung.<\/p>\n<p><a href=\"https:\/\/www.raum-blick.de\/fatboy-the-bonbaron-sherpa-sessel\"><img loading=\"lazy\" decoding=\"async\" class=\"aligncenter wp-image-14700 size-full\" title=\"Fatboy \u2013 The BonBaron Sherpa Relaxsessel | relaxen wie auf Wolken\" src=\"https:\/\/www.raum-blick.de\/magazin\/wp-content\/uploads\/2021\/12\/fatboy-the-bonbaron-sherpa-sessel.jpg\" alt=\"fatboy-the-bonbaron-sherpa-sessel Wintergarteneinrichtung\" width=\"800\" height=\"800\" srcset=\"https:\/\/raum-blick.de\/magazin\/wp-content\/uploads\/2021\/12\/fatboy-the-bonbaron-sherpa-sessel.jpg 800w, https:\/\/raum-blick.de\/magazin\/wp-content\/uploads\/2021\/12\/fatboy-the-bonbaron-sherpa-sessel-300x300.jpg 300w, https:\/\/raum-blick.de\/magazin\/wp-content\/uploads\/2021\/12\/fatboy-the-bonbaron-sherpa-sessel-150x150.jpg 150w, https:\/\/raum-blick.de\/magazin\/wp-content\/uploads\/2021\/12\/fatboy-the-bonbaron-sherpa-sessel-768x768.jpg 768w\" sizes=\"(max-width: 800px) 100vw, 800px\" \/><\/a><\/p>\n<p style=\"text-align: justify;\">Das \u00e4sthetische Statement verkn\u00fcpft die niederl\u00e4ndische Marke bei der Big Lebow mit einer flexiblen Beleuchtung. Daf\u00fcr sorgen das strahlende Bananengelb, die stilistischen Parallelen zur Stra\u00dfenlaterne und die Dimmfunktion.<\/p>\n<p><a href=\"https:\/\/www.raum-blick.de\/fatboy-big-lebow-lampe\"><img loading=\"lazy\" decoding=\"async\" class=\"aligncenter wp-image-14698 size-full\" title=\"Fatboy \u2013 Big Lebow | Bogenlampe\" src=\"https:\/\/www.raum-blick.de\/magazin\/wp-content\/uploads\/2021\/12\/fatboy-big-lebow-lampe.jpg\" alt=\"fatboy-big-lebow-lampe\" width=\"800\" height=\"800\" srcset=\"https:\/\/raum-blick.de\/magazin\/wp-content\/uploads\/2021\/12\/fatboy-big-lebow-lampe.jpg 800w, https:\/\/raum-blick.de\/magazin\/wp-content\/uploads\/2021\/12\/fatboy-big-lebow-lampe-300x300.jpg 300w, https:\/\/raum-blick.de\/magazin\/wp-content\/uploads\/2021\/12\/fatboy-big-lebow-lampe-150x150.jpg 150w, https:\/\/raum-blick.de\/magazin\/wp-content\/uploads\/2021\/12\/fatboy-big-lebow-lampe-768x768.jpg 768w\" sizes=\"(max-width: 800px) 100vw, 800px\" \/><\/a><\/p>\n<p style=\"text-align: justify;\">Den passenden Mittelpunkt f\u00fcr die fr\u00f6hliche Lounge liefert <a href=\"https:\/\/www.raum-blick.de\/fermob\/\">Fermob<\/a>: Der rollbare Beistelltisch Luxembourg verweist auf legend\u00e4re Gartenm\u00f6bel und pr\u00e4sentiert sich kokett im kr\u00e4ftigen Mohnrot.<\/p>\n<p><a href=\"https:\/\/www.raum-blick.de\/fermob-luxembourg-beistelltisch-mit-rollen\"><img loading=\"lazy\" decoding=\"async\" class=\"aligncenter wp-image-14696 size-full\" title=\"Fermob \u2013 Luxembourg niedriger Tisch mit Rollen | leicht &amp; flexibel\" src=\"https:\/\/www.raum-blick.de\/magazin\/wp-content\/uploads\/2021\/12\/fermob-luxembourg-beistelltisch-mit-rollen.jpg\" alt=\"fermob-luxembourg-beistelltisch-mit-rollen\" width=\"800\" height=\"450\" srcset=\"https:\/\/raum-blick.de\/magazin\/wp-content\/uploads\/2021\/12\/fermob-luxembourg-beistelltisch-mit-rollen.jpg 800w, https:\/\/raum-blick.de\/magazin\/wp-content\/uploads\/2021\/12\/fermob-luxembourg-beistelltisch-mit-rollen-300x169.jpg 300w, https:\/\/raum-blick.de\/magazin\/wp-content\/uploads\/2021\/12\/fermob-luxembourg-beistelltisch-mit-rollen-768x432.jpg 768w\" sizes=\"(max-width: 800px) 100vw, 800px\" \/><\/a><\/p>\n<p style=\"text-align: justify;\">Die Liebe zu Pflanzen ist ausgepr\u00e4gt, aber leider nicht der gr\u00fcne Daumen? Dann passen zur Wintergarteneinrichtung mit Retro-Charme unkomplizierte Gummib\u00e4ume perfekt. Gleiches gilt f\u00fcr die pflegeleichten H\u00e4ngepflanzen Perlenschnur, Gr\u00fcnlilie und Philodendron.<\/p>\n<p><img loading=\"lazy\" decoding=\"async\" class=\"aligncenter wp-image-14693 size-full\" title=\"ferm LIVING \u2013 Speckle Hanging Pot | h\u00e4ngender Pflanzentopf\" src=\"https:\/\/www.raum-blick.de\/magazin\/wp-content\/uploads\/2021\/12\/ferm-living-speckle-hanging-pot.jpg\" alt=\"ferm-living-speckle-hanging-pot Wintergarteneinrichtung\" width=\"800\" height=\"800\" srcset=\"https:\/\/raum-blick.de\/magazin\/wp-content\/uploads\/2021\/12\/ferm-living-speckle-hanging-pot.jpg 800w, https:\/\/raum-blick.de\/magazin\/wp-content\/uploads\/2021\/12\/ferm-living-speckle-hanging-pot-300x300.jpg 300w, https:\/\/raum-blick.de\/magazin\/wp-content\/uploads\/2021\/12\/ferm-living-speckle-hanging-pot-150x150.jpg 150w, https:\/\/raum-blick.de\/magazin\/wp-content\/uploads\/2021\/12\/ferm-living-speckle-hanging-pot-768x768.jpg 768w\" sizes=\"(max-width: 800px) 100vw, 800px\" \/><\/p>\n<p style=\"text-align: justify;\">Sie kommen im Hanging Deco Pot von ferm LIVING nicht nur bestens zur Geltung. Die h\u00e4ngende Begr\u00fcnung wirkt so leger wie das gesamte Ambiente im Wintergarten.<\/p>\n<h2><span class=\"ez-toc-section\" id=\"Wintergarteneinrichtung_fuer_Romantiker_%E2%80%93_Schlafoase_a_la_Boheme\"><\/span>Wintergarteneinrichtung f\u00fcr Romantiker \u2013 Schlafoase \u00e0 la Boheme<span class=\"ez-toc-section-end\"><\/span><\/h2>\n<p style=\"text-align: justify;\">Klingt es traumhaft, zu jeder Jahreszeit morgens mitten im Paradies aufzuwachen? Dann empfiehlt sich eine Raumgestaltung, die komplett vom Gewohnten abweicht. Im ersten Schritt wird die Fensterfront au\u00dfen mit lichtdurchl\u00e4ssiger Sichtschutzfolie best\u00fcckt. Jetzt kann der Wintergarten die M\u00f6bel in Empfang nehmen. Das Highlight ist ein rundes Doppelbett mit opulenter Steppung.<\/p>\n<p><img loading=\"lazy\" decoding=\"async\" class=\"aligncenter wp-image-14686 size-full\" title=\"ESSENZA \u2013 Isabelle Bettw\u00e4scheset | mit Rei\u00dfverschluss\" src=\"https:\/\/www.raum-blick.de\/magazin\/wp-content\/uploads\/2021\/12\/essenza-isabelle-bettwaescheset.jpg\" alt=\"essenza-isabelle-bettwaescheset\" width=\"800\" height=\"800\" srcset=\"https:\/\/raum-blick.de\/magazin\/wp-content\/uploads\/2021\/12\/essenza-isabelle-bettwaescheset.jpg 800w, https:\/\/raum-blick.de\/magazin\/wp-content\/uploads\/2021\/12\/essenza-isabelle-bettwaescheset-300x300.jpg 300w, https:\/\/raum-blick.de\/magazin\/wp-content\/uploads\/2021\/12\/essenza-isabelle-bettwaescheset-150x150.jpg 150w, https:\/\/raum-blick.de\/magazin\/wp-content\/uploads\/2021\/12\/essenza-isabelle-bettwaescheset-768x768.jpg 768w\" sizes=\"(max-width: 800px) 100vw, 800px\" \/><\/p>\n<p style=\"text-align: justify;\">Mit der Bettw\u00e4sche Isabelle von Essenza gleicht es einer floralen Kuschelwiese. Dazu passen die Poufs mit identischem Muster perfekt, die sich neben dem Bett als Ablagen anbieten. Mit der Wintergarteneinrichtung im Boho-Stil harmonieren die Butterfly Sessel Iceland fabelhaft. Denn bei dieser Interpretation des Designklassikers aus S\u00fcdamerika bringt <a href=\"https:\/\/www.raum-blick.de\/cuero\/\">Cuero<\/a> ein Schafsfell ins Spiel.<\/p>\n<p><a href=\"https:\/\/www.raum-blick.de\/cuero-iceland-mariposa-butterfly-chair\"><img loading=\"lazy\" decoding=\"async\" class=\"aligncenter wp-image-14684 size-full\" title=\"Cuero \u2013 Butterfly Sessel Iceland Mariposa | Design-Klassiker\" src=\"https:\/\/www.raum-blick.de\/magazin\/wp-content\/uploads\/2021\/12\/cuero-iceland-mariposa-butterfly-chair.jpg\" alt=\"cuero-iceland-mariposa-butterfly-chair\" width=\"600\" height=\"510\" srcset=\"https:\/\/raum-blick.de\/magazin\/wp-content\/uploads\/2021\/12\/cuero-iceland-mariposa-butterfly-chair.jpg 600w, https:\/\/raum-blick.de\/magazin\/wp-content\/uploads\/2021\/12\/cuero-iceland-mariposa-butterfly-chair-300x255.jpg 300w\" sizes=\"(max-width: 600px) 100vw, 600px\" \/><\/a><\/p>\n<p style=\"text-align: justify;\">Die flauschigen M\u00f6bel samt Beistelltisch verf\u00fchren dazu, sich vor der Nachtruhe im romantischen Ambiente einen Schlummertrunk zu g\u00f6nnen. Wer am n\u00e4chsten Morgen aufwacht, ist \u00fcberw\u00e4ltigt: Zimmerpalmen charakterisieren das direkte Umfeld. L\u00e4sst man den Blick in die Ferne schweifen, schmeichelt die idyllische Landschaft den Augen. Im Idealfall kommt das ungew\u00f6hnliche Schlafzimmer in den Sinn, bevor man den Wintergarten baut. Das er\u00f6ffnet die M\u00f6glichkeit, ihn mit gro\u00dfen Schiebefenstern auszustatten. So kann man sich in hei\u00dfen Sommern\u00e4chten den Luxus g\u00f6nnen, an der frischen Luft einzuschlafen und aufzuwachen.<\/p>\n","protected":false},"excerpt":{"rendered":"<p>\u00ab Die Gartenpracht auch im Winter genie\u00dfen \u00bb Die warme Jahreszeit ist hierzulande \u00fcberschaubar. Auf der Hand liegt daf\u00fcr die L\u00f6sung: Man erlaubt der Natur, die Innenr\u00e4ume zu pr\u00e4gen. Der Anbau mit gro\u00dfen Fensterfronten ist schnell vollbracht. Gefragt sind danach Einrichtungsideen und M\u00f6bel f\u00fcr den Wintergarten, die modern sind. Gr\u00fcne Oase f\u00fcr die Arbeit und [&hellip;]<\/p>\n","protected":false},"author":4,"featured_media":14733,"comment_status":"closed","ping_status":"open","sticky":false,"template":"","format":"standard","meta":{"_et_pb_use_builder":"","_et_pb_old_content":"","_et_gb_content_width":"","inline_featured_image":false,"footnotes":""},"categories":[1],"tags":[1427,1608,1615,790,1617,334,495,953,1609,40,621,1613,1051,806,1085,54,239,1112,1422,1236,1616,1614,1431,1432,763,327,19,1079,1556,448,1612],"class_list":["post-14678","post","type-post","status-publish","format-standard","has-post-thumbnail","hentry","category-drinnen","tag-aeris","tag-bettwaesche","tag-bogenlampe","tag-cane-line","tag-cuero","tag-design","tag-design-house-stockholm","tag-einrichtung","tag-essenza","tag-fatboy","tag-fermob","tag-filzkugelteppich","tag-jan-kurtz","tag-laterne","tag-liegestuhl","tag-lounge","tag-muuto","tag-myfelt","tag-ok-design","tag-pendelleuchte","tag-pflanzentopf","tag-relaxsessel","tag-sattelsitz","tag-schalensitz","tag-schaukelstuhl","tag-sessel","tag-skagerak","tag-tisch","tag-winter","tag-wintergarten","tag-wintergarteneinrichtung"],"_links":{"self":[{"href":"https:\/\/raum-blick.de\/magazin\/wp-json\/wp\/v2\/posts\/14678","targetHints":{"allow":["GET"]}}],"collection":[{"href":"https:\/\/raum-blick.de\/magazin\/wp-json\/wp\/v2\/posts"}],"about":[{"href":"https:\/\/raum-blick.de\/magazin\/wp-json\/wp\/v2\/types\/post"}],"author":[{"embeddable":true,"href":"https:\/\/raum-blick.de\/magazin\/wp-json\/wp\/v2\/users\/4"}],"replies":[{"embeddable":true,"href":"https:\/\/raum-blick.de\/magazin\/wp-json\/wp\/v2\/comments?post=14678"}],"version-history":[{"count":41,"href":"https:\/\/raum-blick.de\/magazin\/wp-json\/wp\/v2\/posts\/14678\/revisions"}],"predecessor-version":[{"id":20722,"href":"https:\/\/raum-blick.de\/magazin\/wp-json\/wp\/v2\/posts\/14678\/revisions\/20722"}],"wp:featuredmedia":[{"embeddable":true,"href":"https:\/\/raum-blick.de\/magazin\/wp-json\/wp\/v2\/media\/14733"}],"wp:attachment":[{"href":"https:\/\/raum-blick.de\/magazin\/wp-json\/wp\/v2\/media?parent=14678"}],"wp:term":[{"taxonomy":"category","embeddable":true,"href":"https:\/\/raum-blick.de\/magazin\/wp-json\/wp\/v2\/categories?post=14678"},{"taxonomy":"post_tag","embeddable":true,"href":"https:\/\/raum-blick.de\/magazin\/wp-json\/wp\/v2\/tags?post=14678"}],"curies":[{"name":"wp","href":"https:\/\/api.w.org\/{rel}","templated":true}]}}