{"id":14526,"date":"2021-11-29T10:40:03","date_gmt":"2021-11-29T09:40:03","guid":{"rendered":"https:\/\/www.raum-blick.de\/magazin\/?p=14526"},"modified":"2024-09-02T14:04:34","modified_gmt":"2024-09-02T12:04:34","slug":"zuhause-im-scandi-style","status":"publish","type":"post","link":"https:\/\/raum-blick.de\/magazin\/zuhause-im-scandi-style\/","title":{"rendered":"Einladendes Zuhause im Scandi Style"},"content":{"rendered":"<h2><span class=\"ez-toc-section\" id=\"%C2%AB_Skandinavisches_Design_entdecken_%C2%BB\"><\/span>\u00ab Skandinavisches Design entdecken \u00bb<span class=\"ez-toc-section-end\"><\/span><\/h2>\n<p style=\"text-align: justify;\"><strong>Skandinavisches Design ist alltagstauglich und vielseitig. Obwohl die \u00c4sthetik reduziert wirkt, ber\u00fchrt sie emotional. Seit den F\u00fcnfzigerjahren steht fest, um welchen Einrichtungsstil es geht. Doch erst beim Zoom auf typische Designideen bekannter Marken wird greifbar, wie sch\u00f6n und nachhaltig der Scandi Style ist.<\/strong><\/p>\n<h2><span class=\"ez-toc-section\" id=\"Formschoene_Puristen_mit_vielen_Talenten\"><\/span>Formsch\u00f6ne Puristen mit vielen Talenten<span class=\"ez-toc-section-end\"><\/span><\/h2>\n<p style=\"text-align: justify;\"><a href=\"https:\/\/www.raum-blick.de\/skagerak\/\">Skagerak<\/a> setzt auf Eiche und Teak. <a href=\"https:\/\/www.raum-blick.de\/we-do-wood\/\">We Do Wood<\/a> tendiert zu Bambus. Beide Hersteller bevorzugen nicht nur Holz, sondern vielseitige M\u00f6belentw\u00fcrfe.<\/p><div id=\"ez-toc-container\" class=\"ez-toc-v2_0_82_2 counter-hierarchy ez-toc-counter ez-toc-grey ez-toc-container-direction\">\n<div class=\"ez-toc-title-container\">\n<p class=\"ez-toc-title\" style=\"cursor:inherit\">Was hier auf Sie wartet<\/p>\n<span class=\"ez-toc-title-toggle\"><a href=\"#\" class=\"ez-toc-pull-right ez-toc-btn ez-toc-btn-xs ez-toc-btn-default ez-toc-toggle\" aria-label=\"Toggle Table of Content\"><span class=\"ez-toc-js-icon-con\"><span class=\"\"><span class=\"eztoc-hide\" style=\"display:none;\">Toggle<\/span><span class=\"ez-toc-icon-toggle-span\"><svg style=\"fill: #999;color:#999\" xmlns=\"http:\/\/www.w3.org\/2000\/svg\" class=\"list-377408\" width=\"20px\" height=\"20px\" viewBox=\"0 0 24 24\" fill=\"none\"><path d=\"M6 6H4v2h2V6zm14 0H8v2h12V6zM4 11h2v2H4v-2zm16 0H8v2h12v-2zM4 16h2v2H4v-2zm16 0H8v2h12v-2z\" fill=\"currentColor\"><\/path><\/svg><svg style=\"fill: #999;color:#999\" class=\"arrow-unsorted-368013\" xmlns=\"http:\/\/www.w3.org\/2000\/svg\" width=\"10px\" height=\"10px\" viewBox=\"0 0 24 24\" version=\"1.2\" baseProfile=\"tiny\"><path d=\"M18.2 9.3l-6.2-6.3-6.2 6.3c-.2.2-.3.4-.3.7s.1.5.3.7c.2.2.4.3.7.3h11c.3 0 .5-.1.7-.3.2-.2.3-.5.3-.7s-.1-.5-.3-.7zM5.8 14.7l6.2 6.3 6.2-6.3c.2-.2.3-.5.3-.7s-.1-.5-.3-.7c-.2-.2-.4-.3-.7-.3h-11c-.3 0-.5.1-.7.3-.2.2-.3.5-.3.7s.1.5.3.7z\"\/><\/svg><\/span><\/span><\/span><\/a><\/span><\/div>\n<nav><ul class='ez-toc-list ez-toc-list-level-1 ' ><li class='ez-toc-page-1 ez-toc-heading-level-2'><a class=\"ez-toc-link ez-toc-heading-1\" href=\"https:\/\/raum-blick.de\/magazin\/zuhause-im-scandi-style\/#%C2%AB_Skandinavisches_Design_entdecken_%C2%BB\" >\u00ab Skandinavisches Design entdecken \u00bb<\/a><\/li><li class='ez-toc-page-1 ez-toc-heading-level-2'><a class=\"ez-toc-link ez-toc-heading-2\" href=\"https:\/\/raum-blick.de\/magazin\/zuhause-im-scandi-style\/#Formschoene_Puristen_mit_vielen_Talenten\" >Formsch\u00f6ne Puristen mit vielen Talenten<\/a><\/li><li class='ez-toc-page-1 ez-toc-heading-level-2'><a class=\"ez-toc-link ez-toc-heading-3\" href=\"https:\/\/raum-blick.de\/magazin\/zuhause-im-scandi-style\/#Nordische_Designmoebel_%E2%80%93_ewige_Liebe_vorprogrammiert\" >Nordische Designm\u00f6bel \u2013 ewige Liebe vorprogrammiert!<\/a><\/li><li class='ez-toc-page-1 ez-toc-heading-level-2'><a class=\"ez-toc-link ez-toc-heading-4\" href=\"https:\/\/raum-blick.de\/magazin\/zuhause-im-scandi-style\/#Organisches_Lichtdesign_fuers_einladende_Flair\" >Organisches Lichtdesign f\u00fcrs einladende Flair<\/a><\/li><li class='ez-toc-page-1 ez-toc-heading-level-2'><a class=\"ez-toc-link ez-toc-heading-5\" href=\"https:\/\/raum-blick.de\/magazin\/zuhause-im-scandi-style\/#Purismus_mit_langer_Vita_%E2%80%93_skandinavische_Porzellanvasen\" >Purismus mit langer Vita \u2013 skandinavische Porzellanvasen<\/a><\/li><li class='ez-toc-page-1 ez-toc-heading-level-2'><a class=\"ez-toc-link ez-toc-heading-6\" href=\"https:\/\/raum-blick.de\/magazin\/zuhause-im-scandi-style\/#Gedeckter_Tisch_%E2%80%93_kleines_Portfolio_grosse_Wirkung\" >Gedeckter Tisch \u2013 kleines Portfolio, gro\u00dfe Wirkung<\/a><\/li><li class='ez-toc-page-1 ez-toc-heading-level-2'><a class=\"ez-toc-link ez-toc-heading-7\" href=\"https:\/\/raum-blick.de\/magazin\/zuhause-im-scandi-style\/#Gute_Stimmung_dank_Problemloeser\" >Gute Stimmung dank Probleml\u00f6ser<\/a><\/li><li class='ez-toc-page-1 ez-toc-heading-level-2'><a class=\"ez-toc-link ez-toc-heading-8\" href=\"https:\/\/raum-blick.de\/magazin\/zuhause-im-scandi-style\/#Lichtblicke_fuers_innere_Kind\" >Lichtblicke f\u00fcrs innere Kind<\/a><\/li><li class='ez-toc-page-1 ez-toc-heading-level-2'><a class=\"ez-toc-link ez-toc-heading-9\" href=\"https:\/\/raum-blick.de\/magazin\/zuhause-im-scandi-style\/#Vertrautes_als_Seelenbalsam\" >Vertrautes als Seelenbalsam<\/a><\/li><\/ul><\/nav><\/div>\n\n<p><a href=\"https:\/\/www.raum-blick.de\/skagerak-cutter-bank\"><img loading=\"lazy\" decoding=\"async\" class=\"aligncenter wp-image-14578 size-full\" title=\"Cutter Bank | Design: Niels Hvass\" src=\"https:\/\/www.raum-blick.de\/magazin\/wp-content\/uploads\/2021\/12\/skagerak-cutter-bank.jpg\" alt=\"skagerak-cutter-bank Zuhause im Scandi Style\" width=\"800\" height=\"800\" srcset=\"https:\/\/raum-blick.de\/magazin\/wp-content\/uploads\/2021\/12\/skagerak-cutter-bank.jpg 800w, https:\/\/raum-blick.de\/magazin\/wp-content\/uploads\/2021\/12\/skagerak-cutter-bank-300x300.jpg 300w, https:\/\/raum-blick.de\/magazin\/wp-content\/uploads\/2021\/12\/skagerak-cutter-bank-150x150.jpg 150w, https:\/\/raum-blick.de\/magazin\/wp-content\/uploads\/2021\/12\/skagerak-cutter-bank-768x768.jpg 768w\" sizes=\"(max-width: 800px) 100vw, 800px\" \/><\/a><\/p>\n<p style=\"text-align: justify;\">Die <a href=\"https:\/\/www.raum-blick.de\/skagerak-cutter-bank\">Bank Cutter von Skagerak<\/a> ist schn\u00f6rkellos designt. Ihren wohnlichen Charme verdankt sie dem Naturmaterial.<\/p>\n<p><a href=\"https:\/\/www.raum-blick.de\/we-do-wood-loop-shelf-regal\"><img loading=\"lazy\" decoding=\"async\" class=\"aligncenter wp-image-14580 size-full\" title=\"We Do Wood - Loop Shelf Wandregal | Design: Sebastian Jorgensen\" src=\"https:\/\/www.raum-blick.de\/magazin\/wp-content\/uploads\/2021\/12\/we-do-wood-loop-shelf-regal.jpg\" alt=\"we-do-wood-loop-shelf-regal\" width=\"800\" height=\"800\" srcset=\"https:\/\/raum-blick.de\/magazin\/wp-content\/uploads\/2021\/12\/we-do-wood-loop-shelf-regal.jpg 800w, https:\/\/raum-blick.de\/magazin\/wp-content\/uploads\/2021\/12\/we-do-wood-loop-shelf-regal-300x300.jpg 300w, https:\/\/raum-blick.de\/magazin\/wp-content\/uploads\/2021\/12\/we-do-wood-loop-shelf-regal-150x150.jpg 150w, https:\/\/raum-blick.de\/magazin\/wp-content\/uploads\/2021\/12\/we-do-wood-loop-shelf-regal-768x768.jpg 768w\" sizes=\"(max-width: 800px) 100vw, 800px\" \/><\/a><\/p>\n<p style=\"text-align: justify;\">Gleiches gilt f\u00fcr das minimalistische <a href=\"https:\/\/www.raum-blick.de\/we-do-wood-loop-shelf-regal\">Wandregal Loop Shelf von We Do Wood<\/a>. Flur, Bad, Wohnzimmer oder Terrasse: Die Sitzgelegenheit von Skagerak wirkt \u00fcberall treffend platziert. Schl\u00fcsselboard, Buchablage oder Stammplatz f\u00fcr Geschirr: Das Regal von We Do Wood ist multifunktional. Die Holzm\u00f6bel beider Marke sind typisch f\u00fcr den Scandi Style. Sie sind so konzipiert, dass sie niemals \u00fcberfl\u00fcssig oder unmodern werden.<\/p>\n<h2><span class=\"ez-toc-section\" id=\"Nordische_Designmoebel_%E2%80%93_ewige_Liebe_vorprogrammiert\"><\/span>Nordische Designm\u00f6bel \u2013 ewige Liebe vorprogrammiert!<span class=\"ez-toc-section-end\"><\/span><\/h2>\n<p style=\"text-align: justify;\">Der Scandi Style tendiert zum Interieur mit \u00e4sthetischer Klarheit. Die Grundausstattung wirkt dadurch unaufdringlich. Lieblingsst\u00fccken erlaubt man, vom dezenten Designstil abzuweichen. Sie verleihen dem Zuhause eine individuelle Note.<\/p>\n<p><a href=\"https:\/\/www.raum-blick.de\/by-lassen-ingeborg-sessel\"><img loading=\"lazy\" decoding=\"async\" class=\"aligncenter wp-image-14572 size-full\" title=\"by Lassen \u2013 Ingeborg Sessel Designersessel aus Schafsfell | Design: Flemming Lassen, 1940\" src=\"https:\/\/www.raum-blick.de\/magazin\/wp-content\/uploads\/2021\/12\/by-lassen-ingeborg-sessel.jpg\" alt=\"by-lassen-ingeborg-sessel Zuhause im Scandi Style\" width=\"800\" height=\"800\" srcset=\"https:\/\/raum-blick.de\/magazin\/wp-content\/uploads\/2021\/12\/by-lassen-ingeborg-sessel.jpg 800w, https:\/\/raum-blick.de\/magazin\/wp-content\/uploads\/2021\/12\/by-lassen-ingeborg-sessel-300x300.jpg 300w, https:\/\/raum-blick.de\/magazin\/wp-content\/uploads\/2021\/12\/by-lassen-ingeborg-sessel-150x150.jpg 150w, https:\/\/raum-blick.de\/magazin\/wp-content\/uploads\/2021\/12\/by-lassen-ingeborg-sessel-768x768.jpg 768w\" sizes=\"(max-width: 800px) 100vw, 800px\" \/><\/a><\/p>\n<p style=\"text-align: justify;\">Wer einmal auf dem opulent gestalteten <a href=\"https:\/\/www.raum-blick.de\/by-lassen-ingeborg-sessel\">Sessel Ingeborg von by Lassen<\/a> gesessen hat, m\u00f6chte sich davon nicht mehr trennen. Doch es geht auch noch exklusiver bei der d\u00e4nischen Marke: The Tired Man by Lassen \u2013 der Produktname verdeutlicht, worum es beim Entwurf ging. Seit dem Deb\u00fct 1935 ist der M\u00f6belklassiker ein Garant f\u00fcr die Entspannung, dem by Lassen eine Neuauflage mit Bezug aus Schafwolle g\u00f6nnte.<\/p>\n<p><img loading=\"lazy\" decoding=\"async\" class=\"aligncenter wp-image-14570 size-full\" title=\"By Lassen The Tired Man Sessel + Hocker Set aus zwei Design-Klassikern\" src=\"https:\/\/www.raum-blick.de\/magazin\/wp-content\/uploads\/2021\/12\/by-lassen-tired-man-sessel-hocker.jpg\" alt=\"by-lassen-tired-man-sessel-hocker\" width=\"800\" height=\"800\" srcset=\"https:\/\/raum-blick.de\/magazin\/wp-content\/uploads\/2021\/12\/by-lassen-tired-man-sessel-hocker.jpg 800w, https:\/\/raum-blick.de\/magazin\/wp-content\/uploads\/2021\/12\/by-lassen-tired-man-sessel-hocker-300x300.jpg 300w, https:\/\/raum-blick.de\/magazin\/wp-content\/uploads\/2021\/12\/by-lassen-tired-man-sessel-hocker-150x150.jpg 150w, https:\/\/raum-blick.de\/magazin\/wp-content\/uploads\/2021\/12\/by-lassen-tired-man-sessel-hocker-768x768.jpg 768w\" sizes=\"(max-width: 800px) 100vw, 800px\" \/><\/p>\n<p style=\"text-align: justify;\">Der <a href=\"https:\/\/www.raum-blick.de\/menu-umanoff-beistelltisch\">Beistelltisch Umanoff von Menu<\/a> verweist auf die Idee eines Industriedesigners, der in den 1950er-Jahren aktiv war. Genauso wie der Ohrensessel von by Lassen integriert er eine Prise Nostalgie, die der modernen Einrichtung gut steht.<\/p>\n<p><a href=\"https:\/\/www.raum-blick.de\/menu-umanoff-beistelltisch\"><img loading=\"lazy\" decoding=\"async\" class=\"aligncenter wp-image-14574 size-full\" title=\"menu \u2013 Umanoff Beistelltisch | Mid-Century-Designtisch | Design: Arthur Umanoff\" src=\"https:\/\/www.raum-blick.de\/magazin\/wp-content\/uploads\/2021\/12\/menu-umanoff-beistelltisch.jpg\" alt=\"menu-umanoff-beistelltisch Zuhause im Scandi Style\" width=\"800\" height=\"800\" srcset=\"https:\/\/raum-blick.de\/magazin\/wp-content\/uploads\/2021\/12\/menu-umanoff-beistelltisch.jpg 800w, https:\/\/raum-blick.de\/magazin\/wp-content\/uploads\/2021\/12\/menu-umanoff-beistelltisch-300x300.jpg 300w, https:\/\/raum-blick.de\/magazin\/wp-content\/uploads\/2021\/12\/menu-umanoff-beistelltisch-150x150.jpg 150w, https:\/\/raum-blick.de\/magazin\/wp-content\/uploads\/2021\/12\/menu-umanoff-beistelltisch-768x768.jpg 768w\" sizes=\"(max-width: 800px) 100vw, 800px\" \/><\/a><\/p>\n<p style=\"text-align: justify;\">Die klare Formensprache erh\u00e4lt durch die unkonventionelle Gestaltung des Fu\u00dfes einen verspielten Akzent. Walnussholz und Messing sorgen daf\u00fcr, dass der Tisch von Menu edel wirkt. Es ist gleich, wie lange man ihn besitzt. Bleibt der Blick daran haften, ergibt sich dieselbe Quintessenz: Das Designobjekt von Menu ist wundersch\u00f6n.<\/p>\n<h2><span class=\"ez-toc-section\" id=\"Organisches_Lichtdesign_fuers_einladende_Flair\"><\/span>Organisches Lichtdesign f\u00fcrs einladende Flair<span class=\"ez-toc-section-end\"><\/span><\/h2>\n<p style=\"text-align: justify;\">Unber\u00fchrte Natur charakterisiert den hohen Norden. Das spiegelt sich im Scandi Style wider, auch bei der Beleuchtung.<\/p>\n<p><a href=\"https:\/\/www.raum-blick.de\/umage-silvia-leuchte\"><img loading=\"lazy\" decoding=\"async\" class=\"aligncenter wp-image-14558 size-full\" title=\"UMAGE Silvia \/ Silvia Mini Leuchte inkl. Kabelset und LED Leuchtmittel\" src=\"https:\/\/www.raum-blick.de\/magazin\/wp-content\/uploads\/2021\/12\/umage-silvia-leuchte.jpg\" alt=\"umage-silvia-leuchte Zuhause im Scandi Style\" width=\"800\" height=\"800\" srcset=\"https:\/\/raum-blick.de\/magazin\/wp-content\/uploads\/2021\/12\/umage-silvia-leuchte.jpg 800w, https:\/\/raum-blick.de\/magazin\/wp-content\/uploads\/2021\/12\/umage-silvia-leuchte-300x300.jpg 300w, https:\/\/raum-blick.de\/magazin\/wp-content\/uploads\/2021\/12\/umage-silvia-leuchte-150x150.jpg 150w, https:\/\/raum-blick.de\/magazin\/wp-content\/uploads\/2021\/12\/umage-silvia-leuchte-768x768.jpg 768w\" sizes=\"(max-width: 800px) 100vw, 800px\" \/><\/a><\/p>\n<p style=\"text-align: justify;\"><a href=\"https:\/\/www.raum-blick.de\/umage\/\">Umage<\/a> begeistert mit der <a href=\"https:\/\/www.raum-blick.de\/umage-silvia-leuchte\">Leuchte Silvia<\/a>, die Assoziationen mit Artischockenbl\u00fcten oder Tannenzapfen weckt. Die Produktbezeichnung Strand verr\u00e4t, wo sich Benjamin Hubert f\u00fcr die wei\u00dfen <a href=\"https:\/\/www.raum-blick.de\/muuto-strand-pendelleuchte\">H\u00e4ngeleuchten von Muuto<\/a> inspirieren lie\u00df.<\/p>\n<p><a href=\"https:\/\/www.raum-blick.de\/muuto-strand-pendelleuchte\"><img loading=\"lazy\" decoding=\"async\" class=\"aligncenter wp-image-14553 size-full\" title=\"Muuto \u2013 Strand Pendelleuchte inkl. Baldachin | Design: Benjamin Hubert\" src=\"https:\/\/www.raum-blick.de\/magazin\/wp-content\/uploads\/2021\/12\/muuto-strand-pendelleuchte.jpg\" alt=\"muuto-strand-pendelleuchte\" width=\"800\" height=\"800\" srcset=\"https:\/\/raum-blick.de\/magazin\/wp-content\/uploads\/2021\/12\/muuto-strand-pendelleuchte.jpg 800w, https:\/\/raum-blick.de\/magazin\/wp-content\/uploads\/2021\/12\/muuto-strand-pendelleuchte-300x300.jpg 300w, https:\/\/raum-blick.de\/magazin\/wp-content\/uploads\/2021\/12\/muuto-strand-pendelleuchte-150x150.jpg 150w, https:\/\/raum-blick.de\/magazin\/wp-content\/uploads\/2021\/12\/muuto-strand-pendelleuchte-768x768.jpg 768w\" sizes=\"(max-width: 800px) 100vw, 800px\" \/><\/a><\/p>\n<p style=\"text-align: justify;\">Die Designkollektionen von Umage und Muuto regen die Fantasie an. Sie erinnern an wohltuende Naturerlebnisse. Gleichzeitig integrieren sie Naturdeko auf ungew\u00f6hnliche Art. Das passt zum modernen Scandi Style genauso fantastisch wie die angenehme Lichtwirkung der Designlampen von Umage und Muuto.<\/p>\n<h2><span class=\"ez-toc-section\" id=\"Purismus_mit_langer_Vita_%E2%80%93_skandinavische_Porzellanvasen\"><\/span>Purismus mit langer Vita \u2013 skandinavische Porzellanvasen<span class=\"ez-toc-section-end\"><\/span><\/h2>\n<p style=\"text-align: justify;\">Als Lyngby die Vasen 1936 vorstellte, erschien ihre Schlichtheit gewagt. Heute wirkt der Stil vertraut und modern. Gleiches gilt f\u00fcr die <a href=\"https:\/\/www.raum-blick.de\/kaehler-hammershoi-vase-h200\">Keramikvasen mit Rillen von K\u00e4hler<\/a>, deren Design Svend Hammershoi Anfang des 20. Jahrhunderts entwickelte. Welche Vase passt zum Strau\u00df? Die Frage erledigt sich mit den dezenten Klassikern von Lyngby und K\u00e4hler. Denn sie verhelfen allen Blumen zur verdienten Aufmerksamkeit.<\/p>\n<p><a href=\"https:\/\/www.raum-blick.de\/kaehler-hammershoi-vase-h200\"><img loading=\"lazy\" decoding=\"async\" class=\"aligncenter wp-image-14566 size-full\" title=\"K\u00e4hler Hammershoi Vase medium | Design: Hans-Christian Bauer\" src=\"https:\/\/www.raum-blick.de\/magazin\/wp-content\/uploads\/2021\/12\/kaehler-hammershoi-vase-h200.jpg\" alt=\"kaehler-hammershoi-vase-h200 Zuhause im Scandi Style\" width=\"800\" height=\"800\" srcset=\"https:\/\/raum-blick.de\/magazin\/wp-content\/uploads\/2021\/12\/kaehler-hammershoi-vase-h200.jpg 800w, https:\/\/raum-blick.de\/magazin\/wp-content\/uploads\/2021\/12\/kaehler-hammershoi-vase-h200-300x300.jpg 300w, https:\/\/raum-blick.de\/magazin\/wp-content\/uploads\/2021\/12\/kaehler-hammershoi-vase-h200-150x150.jpg 150w, https:\/\/raum-blick.de\/magazin\/wp-content\/uploads\/2021\/12\/kaehler-hammershoi-vase-h200-768x768.jpg 768w\" sizes=\"(max-width: 800px) 100vw, 800px\" \/><\/a><\/p>\n<p style=\"text-align: justify;\">Sie fokussieren sich somit passend zum Scandi Style auf ihre Funktion. Wer geradlinige Gef\u00e4\u00dfe mag, favorisiert die <a href=\"https:\/\/www.raum-blick.de\/lyngby-porzellan\/\">Lyngby Kollektion<\/a>. Fans bauchiger Formen verlieben sich in die Serie von K\u00e4hler.<\/p>\n<h2><span class=\"ez-toc-section\" id=\"Gedeckter_Tisch_%E2%80%93_kleines_Portfolio_grosse_Wirkung\"><\/span>Gedeckter Tisch \u2013 kleines Portfolio, gro\u00dfe Wirkung<span class=\"ez-toc-section-end\"><\/span><\/h2>\n<p style=\"text-align: justify;\">Alltag, Geburtstagsfeier, exklusives Dinner: F\u00fcr jeden Anlass ruht im Schrank eine Ausstattung. Die Masse an Dingen belastet eher als Freude zu bereiten. Einfach ist die L\u00f6sung: Man ben\u00f6tigt Allrounder, die immer \u00fcberzeugen.<\/p>\n<blockquote>\n<p style=\"text-align: justify;\">Arne Jacobsen z\u00e4hlte zu den Pionieren, die skandinavisches Design weltber\u00fchmt machten. Er entwarf 1957 ein Besteck, dessen formale Reduktion exzentrisch wirkt.<\/p>\n<\/blockquote>\n<p style=\"text-align: justify;\">Dank Fertigung aus robustem und sp\u00fclmaschinenfestem Stahl ist der Klassiker von Arne Jacobsen alltagstauglich. Taucht die Ausstattung auf der Dinnertafel auf, applaudieren die G\u00e4ste. Stilvoll wirkt dank des ber\u00fchmten Bestecks von Arne Jacobsen die Tischdeko.<\/p>\n<p><img loading=\"lazy\" decoding=\"async\" class=\"aligncenter wp-image-14550 size-full\" title=\"Stelton \u2013 Foster Kaffeezubereiter | Design: Norman Foster\" src=\"https:\/\/www.raum-blick.de\/magazin\/wp-content\/uploads\/2021\/12\/stelton-foster-kaffeezubereiter.jpg\" alt=\"stelton-foster-kaffeezubereiter\" width=\"800\" height=\"800\" srcset=\"https:\/\/raum-blick.de\/magazin\/wp-content\/uploads\/2021\/12\/stelton-foster-kaffeezubereiter.jpg 800w, https:\/\/raum-blick.de\/magazin\/wp-content\/uploads\/2021\/12\/stelton-foster-kaffeezubereiter-300x300.jpg 300w, https:\/\/raum-blick.de\/magazin\/wp-content\/uploads\/2021\/12\/stelton-foster-kaffeezubereiter-150x150.jpg 150w, https:\/\/raum-blick.de\/magazin\/wp-content\/uploads\/2021\/12\/stelton-foster-kaffeezubereiter-768x768.jpg 768w\" sizes=\"(max-width: 800px) 100vw, 800px\" \/><\/p>\n<p style=\"text-align: justify;\">Zu jeder Gelegenheit passt der Kaffeezubereiter Foster von Stelton. Fragt beim Dinner ein Gast nach Kaffee, freut man sich \u00fcber die skulpturale Formgebung. Stelton verleiht der Pressfilterkanne dadurch einen dekorativen Mehrwert. Der ist auch beim legeren Fr\u00fchst\u00fcck willkommen. Wer die Edelstahlkanne regelm\u00e4\u00dfig nutzt, begr\u00fc\u00dft die solide Verarbeitung und leichte Reinigung umso mehr. Daran dachte Stelton beim Design.<\/p>\n<h2><span class=\"ez-toc-section\" id=\"Gute_Stimmung_dank_Problemloeser\"><\/span>Gute Stimmung dank Probleml\u00f6ser<span class=\"ez-toc-section-end\"><\/span><\/h2>\n<p style=\"text-align: justify;\">Wer durch eine Wohnung im Scandi Style flaniert, entdeckt \u00fcberall Probleml\u00f6ser. Insgeheim wird man neidisch und recherchiert sofort nach der Quelle. Bei RIG-TIG, <a href=\"https:\/\/www.raum-blick.de\/eva-solo\/\">Eva Solo<\/a> und <a href=\"https:\/\/www.raum-blick.de\/design-house-stockholm\/\">Design House Stockholm<\/a> wird man oft f\u00fcndig. Brotk\u00f6rbe ben\u00f6tigt man st\u00e4ndig, sie sind aber sperrig. Dem Problem widmet sich RIG-TIG.<\/p>\n<p><img loading=\"lazy\" decoding=\"async\" class=\"aligncenter wp-image-14548 size-full\" title=\"RIG-TIG \u2013 KNIT-IT Brotkorb by Stelton | Design: Twelve Degrees Design Studio\" src=\"https:\/\/www.raum-blick.de\/magazin\/wp-content\/uploads\/2021\/12\/rig-tig-knit-it-brotkorb.jpg\" alt=\"rig-tig-knit-it-brotkorb Zuhause im Scandi Style\" width=\"800\" height=\"800\" srcset=\"https:\/\/raum-blick.de\/magazin\/wp-content\/uploads\/2021\/12\/rig-tig-knit-it-brotkorb.jpg 800w, https:\/\/raum-blick.de\/magazin\/wp-content\/uploads\/2021\/12\/rig-tig-knit-it-brotkorb-300x300.jpg 300w, https:\/\/raum-blick.de\/magazin\/wp-content\/uploads\/2021\/12\/rig-tig-knit-it-brotkorb-150x150.jpg 150w, https:\/\/raum-blick.de\/magazin\/wp-content\/uploads\/2021\/12\/rig-tig-knit-it-brotkorb-768x768.jpg 768w\" sizes=\"(max-width: 800px) 100vw, 800px\" \/><\/p>\n<p style=\"text-align: justify;\">Der KNIT-IT besteht vorwiegend aus Baumwolle und ist klappbar. So ist dank RIG-TIG der Platzmangel kein Thema mehr. Hier liegt der nasse Schwamm, dort der triefende Lappen und die B\u00fcrste ist unauffindbar.<\/p>\n<p><a href=\"https:\/\/www.raum-blick.de\/eva-solo-spuelbecken-organzier\"><img loading=\"lazy\" decoding=\"async\" class=\"aligncenter wp-image-14544 size-full\" title=\"Eva Solo: Sp\u00fclorganzier f\u00fcr Ordnung an der Sp\u00fcle | Design: Tools Design\" src=\"https:\/\/www.raum-blick.de\/magazin\/wp-content\/uploads\/2021\/12\/eva-solo-spuelbecken-organzier.jpg\" alt=\"eva-solo-spuelbecken-organzier\" width=\"800\" height=\"800\" srcset=\"https:\/\/raum-blick.de\/magazin\/wp-content\/uploads\/2021\/12\/eva-solo-spuelbecken-organzier.jpg 800w, https:\/\/raum-blick.de\/magazin\/wp-content\/uploads\/2021\/12\/eva-solo-spuelbecken-organzier-300x300.jpg 300w, https:\/\/raum-blick.de\/magazin\/wp-content\/uploads\/2021\/12\/eva-solo-spuelbecken-organzier-150x150.jpg 150w, https:\/\/raum-blick.de\/magazin\/wp-content\/uploads\/2021\/12\/eva-solo-spuelbecken-organzier-768x768.jpg 768w\" sizes=\"(max-width: 800px) 100vw, 800px\" \/><\/a><\/p>\n<p style=\"text-align: justify;\">Eva Solo bietet die L\u00f6sung, bevor es zum Streit kommt. Die Aufh\u00e4ngung f\u00fcrs feuchte Tuch und eine Schale f\u00fcr andere Reinigungshelfer vereint der <a href=\"https:\/\/www.raum-blick.de\/eva-solo-spuelbecken-organzier\">Sp\u00fclorganizer<\/a>. Sein Auftritt erinnert an einen Baum oder ein Segelschiff. So bereichert das praktische Tool von Eva Solo sogar die Raumdeko.<\/p>\n<p><img loading=\"lazy\" decoding=\"async\" class=\"aligncenter wp-image-14539 size-full\" title=\"Design House Stockholm - Atelier Wall Hanger | Design: Alexander Lervik\" src=\"https:\/\/www.raum-blick.de\/magazin\/wp-content\/uploads\/2021\/12\/Design-House-Stockholm-Atelier-Wall-Hanger.jpg\" alt=\"Design House Stockholm Atelier Wall Hanger\" width=\"800\" height=\"800\" srcset=\"https:\/\/raum-blick.de\/magazin\/wp-content\/uploads\/2021\/12\/Design-House-Stockholm-Atelier-Wall-Hanger.jpg 800w, https:\/\/raum-blick.de\/magazin\/wp-content\/uploads\/2021\/12\/Design-House-Stockholm-Atelier-Wall-Hanger-300x300.jpg 300w, https:\/\/raum-blick.de\/magazin\/wp-content\/uploads\/2021\/12\/Design-House-Stockholm-Atelier-Wall-Hanger-150x150.jpg 150w, https:\/\/raum-blick.de\/magazin\/wp-content\/uploads\/2021\/12\/Design-House-Stockholm-Atelier-Wall-Hanger-768x768.jpg 768w\" sizes=\"(max-width: 800px) 100vw, 800px\" \/><\/p>\n<p style=\"text-align: justify;\">Erst werden Regale montiert, dann Wandhaken erg\u00e4nzt. Design House Stockholm schl\u00e4gt vor, sich einen Arbeitsschritt zu sparen. Das Multitalent Atelier Wall Hanger verbindet die Ablage mit einer Haken-Parade. Bad, Flur, K\u00fcche oder B\u00fcro: Nahezu \u00fcberall l\u00f6st das vielseitige Eisenregal von Design House Stockholm typische Einrichtungsprobleme.<\/p>\n<h2><span class=\"ez-toc-section\" id=\"Lichtblicke_fuers_innere_Kind\"><\/span>Lichtblicke f\u00fcrs innere Kind<span class=\"ez-toc-section-end\"><\/span><\/h2>\n<p style=\"text-align: justify;\">Die geradlinigen und funktionalen Aspekte beim Scandi Style wirken erwachsen. Bliebe man dabei, w\u00e4re ein k\u00fchles Flair die Quintessenz. Im Norden gew\u00e4hrt man deshalb gern dem kindlichen Gem\u00fct etwas Raum, das in jedem steckt. Passende Accessoires pr\u00e4sentieren daf\u00fcr <a href=\"https:\/\/www.raum-blick.de\/spring-copenhagen\/\">Spring Copenhagen<\/a>, <a href=\"https:\/\/www.raum-blick.de\/oyoy\/\">OYOY<\/a> und <a href=\"https:\/\/www.raum-blick.de\/piffany-copenhagen\/\">Piffany Copenhagen<\/a>. Eine ordentliche Prise Humor g\u00f6nnt Spring Copenhagen vielen Designideen. Das l\u00e4sst sich an den Gew\u00fcrzm\u00fchlen der Marke ablesen.<\/p>\n<p><img loading=\"lazy\" decoding=\"async\" class=\"aligncenter wp-image-14585 size-full\" title=\"Spring Copenhagen - Eule Pfefferm\u00fchle | Design: Jesper Wolff\" src=\"https:\/\/www.raum-blick.de\/magazin\/wp-content\/uploads\/2021\/12\/spring-copenhagen-eule-pfeffermuehle.jpg\" alt=\"spring-copenhagen-eule-pfeffermuehle\" width=\"800\" height=\"800\" srcset=\"https:\/\/raum-blick.de\/magazin\/wp-content\/uploads\/2021\/12\/spring-copenhagen-eule-pfeffermuehle.jpg 800w, https:\/\/raum-blick.de\/magazin\/wp-content\/uploads\/2021\/12\/spring-copenhagen-eule-pfeffermuehle-300x300.jpg 300w, https:\/\/raum-blick.de\/magazin\/wp-content\/uploads\/2021\/12\/spring-copenhagen-eule-pfeffermuehle-150x150.jpg 150w, https:\/\/raum-blick.de\/magazin\/wp-content\/uploads\/2021\/12\/spring-copenhagen-eule-pfeffermuehle-768x768.jpg 768w\" sizes=\"(max-width: 800px) 100vw, 800px\" \/><\/p>\n<p style=\"text-align: justify;\">Dreht man den Kopf der witzigen Holzfiguren, gibt es Salz und Pfeffer. Vogel, Pinguin oder Eule: Die Tischdeko von Spring Copenhagen zaubert allen Generationen ein L\u00e4cheln ins Gesicht. F\u00fcrs Kinderzimmer hat OYOY tolle Kollektionen zu bieten, die der Erwachsenenwelt ebenso gut stehen. Das gilt zum Beispiel f\u00fcr die Aufbewahrungsboxen. Dezent ist die Zylinderform, expressiv wirkt die Verzierung mit Kleebl\u00e4ttern, Bl\u00fcmchen und Karomuster.<\/p>\n<p><a href=\"https:\/\/www.raum-blick.de\/piffany-copenhagen-mr.-wattson-12v-led\"><img loading=\"lazy\" decoding=\"async\" class=\"aligncenter wp-image-14533 size-full\" title=\"Mr. Wattson | D\u00e4nisches Top-Design von Piffany Copenhagen\" src=\"https:\/\/www.raum-blick.de\/magazin\/wp-content\/uploads\/2021\/12\/piffany-copenhagen-mr-wattson-12v-led.jpg\" alt=\"piffany-copenhagen-mr-wattson-12v-led Zuhause im Scandi Style\" width=\"800\" height=\"800\" srcset=\"https:\/\/raum-blick.de\/magazin\/wp-content\/uploads\/2021\/12\/piffany-copenhagen-mr-wattson-12v-led.jpg 800w, https:\/\/raum-blick.de\/magazin\/wp-content\/uploads\/2021\/12\/piffany-copenhagen-mr-wattson-12v-led-300x300.jpg 300w, https:\/\/raum-blick.de\/magazin\/wp-content\/uploads\/2021\/12\/piffany-copenhagen-mr-wattson-12v-led-150x150.jpg 150w, https:\/\/raum-blick.de\/magazin\/wp-content\/uploads\/2021\/12\/piffany-copenhagen-mr-wattson-12v-led-768x768.jpg 768w\" sizes=\"(max-width: 800px) 100vw, 800px\" \/><\/a><\/p>\n<p style=\"text-align: justify;\">Ob Kinderstube oder Wohnzimmer: Die Boxen von OYOY bew\u00e4hren sich doppelt. Sie sorgen f\u00fcr Ordnung und beleben das Ambiente. \u00dcberraschend dynamisch interpretiert Piffany Copenhagen die Beleuchtung: <a href=\"https:\/\/www.raum-blick.de\/piffany-copenhagen-mr.-wattson-12v-led\">Mr. Watson<\/a> hat menschliche Z\u00fcge und sorgt wie ein Assistent f\u00fcrs gew\u00fcnschte Licht. Daf\u00fcr setzt er sich, geht in die Hocke oder steht auf. Eines ist klar: Mit der Leuchte von Piffany Copenhagen f\u00fchlt man sich beim Arbeiten nie mehr alleine.<\/p>\n<h2><span class=\"ez-toc-section\" id=\"Vertrautes_als_Seelenbalsam\"><\/span>Vertrautes als Seelenbalsam<span class=\"ez-toc-section-end\"><\/span><\/h2>\n<p style=\"text-align: justify;\">Die T\u00fcr \u00f6ffnet sich. Sofort bemerkt man neue Accessoires, die f\u00fcr frischen Wind sorgen. Ansonsten wirkt die Deko vertraut, obwohl seit dem letzten Besuch viel Zeit vergangen ist. Binnen von Minuten f\u00fchlt man sich wohl. Dar\u00fcber freut man sich immer, aber besonders zur Weihnachtszeit. <a href=\"https:\/\/www.raum-blick.de\/georg-jensen\/\">Bei Georg Jensen<\/a>, <a href=\"https:\/\/www.raum-blick.de\/holmegaard\/\">Holmegaard<\/a> und <a href=\"https:\/\/www.raum-blick.de\/kay-bojesen\/\">Kay Bojesen<\/a> entdeckt man Saisondeko im Scandi Style, die \u00fcber Jahrzehnte ihren Zauber beh\u00e4lt.<\/p>\n<p><img loading=\"lazy\" decoding=\"async\" class=\"aligncenter wp-image-14591 size-full\" title=\"Georg Jensen \u2013 Christmas Mobile \u201eShooting Star\u201c 2021 | Design: Sanne Lund Traberg\" src=\"https:\/\/www.raum-blick.de\/magazin\/wp-content\/uploads\/2021\/12\/georg-jensen-christmas-mobile-shooting-star-2021.jpg\" alt=\"georg-jensen-christmas-mobile-shooting-star-2021\" width=\"800\" height=\"800\" srcset=\"https:\/\/raum-blick.de\/magazin\/wp-content\/uploads\/2021\/12\/georg-jensen-christmas-mobile-shooting-star-2021.jpg 800w, https:\/\/raum-blick.de\/magazin\/wp-content\/uploads\/2021\/12\/georg-jensen-christmas-mobile-shooting-star-2021-300x300.jpg 300w, https:\/\/raum-blick.de\/magazin\/wp-content\/uploads\/2021\/12\/georg-jensen-christmas-mobile-shooting-star-2021-150x150.jpg 150w, https:\/\/raum-blick.de\/magazin\/wp-content\/uploads\/2021\/12\/georg-jensen-christmas-mobile-shooting-star-2021-768x768.jpg 768w\" sizes=\"(max-width: 800px) 100vw, 800px\" \/><\/p>\n<p style=\"text-align: justify;\">Weihnachtskollektionen mit einer Oberfl\u00e4chenveredelung aus Gold oder Palladium sind die Spezialit\u00e4t von Georg Jensen. Die Deko hat einen glamour\u00f6sen Touch, der niemals unmodern wird. Damit es am Heiligen Abend dennoch \u00dcberraschungsmomente gibt, stellt Georg Jensen regelm\u00e4\u00dfig passende Neuheiten vor.<\/p>\n<p><img loading=\"lazy\" decoding=\"async\" class=\"aligncenter wp-image-14587 size-full\" title=\"Holmegaard \u2013 Christmas Weihnachtsflasche | Design: Jette Fr\u00f6lich, 2021\" src=\"https:\/\/www.raum-blick.de\/magazin\/wp-content\/uploads\/2021\/12\/holmegaard-christmas-weihnachtsflasche.jpg\" alt=\"holmegaard-christmas-weihnachtsflasche\" width=\"800\" height=\"800\" srcset=\"https:\/\/raum-blick.de\/magazin\/wp-content\/uploads\/2021\/12\/holmegaard-christmas-weihnachtsflasche.jpg 800w, https:\/\/raum-blick.de\/magazin\/wp-content\/uploads\/2021\/12\/holmegaard-christmas-weihnachtsflasche-300x300.jpg 300w, https:\/\/raum-blick.de\/magazin\/wp-content\/uploads\/2021\/12\/holmegaard-christmas-weihnachtsflasche-150x150.jpg 150w, https:\/\/raum-blick.de\/magazin\/wp-content\/uploads\/2021\/12\/holmegaard-christmas-weihnachtsflasche-768x768.jpg 768w\" sizes=\"(max-width: 800px) 100vw, 800px\" \/><\/p>\n<p style=\"text-align: justify;\">Dem markentypischen Glasdesign bleibt Holmegaard treu. Traditionelle Handarbeit pr\u00e4gt die festlichen Accessoires. Klassisch sind die liebenswerten Motive, die Holmegaard bei den Jahreskollektionen variiert. Sie erg\u00e4nzen sich wunderbar, wenn man sie beim Dekorieren kombiniert.<\/p>\n<p><a href=\"https:\/\/www.raum-blick.de\/kay-bojesen-affe\"><img loading=\"lazy\" decoding=\"async\" class=\"aligncenter wp-image-14530 size-full\" title=\"Kay Bojesen Affe | Holz-Figur\" src=\"https:\/\/www.raum-blick.de\/magazin\/wp-content\/uploads\/2021\/12\/Holzaffen-von-Kay-Bojesen.jpg\" alt=\"Holzaffen von Kay Bojesen\" width=\"800\" height=\"800\" srcset=\"https:\/\/raum-blick.de\/magazin\/wp-content\/uploads\/2021\/12\/Holzaffen-von-Kay-Bojesen.jpg 800w, https:\/\/raum-blick.de\/magazin\/wp-content\/uploads\/2021\/12\/Holzaffen-von-Kay-Bojesen-300x300.jpg 300w, https:\/\/raum-blick.de\/magazin\/wp-content\/uploads\/2021\/12\/Holzaffen-von-Kay-Bojesen-150x150.jpg 150w, https:\/\/raum-blick.de\/magazin\/wp-content\/uploads\/2021\/12\/Holzaffen-von-Kay-Bojesen-768x768.jpg 768w\" sizes=\"(max-width: 800px) 100vw, 800px\" \/><\/a><\/p>\n<p style=\"text-align: justify;\">Wer sich f\u00fcr skandinavisches Design interessiert, kennt die <a href=\"https:\/\/www.raum-blick.de\/kay-bojesen-affe\">Holzaffen von Kay Bojesen<\/a>. Sie sind nicht die einzigen Ikonen des d\u00e4nischen Designers. Skifahrer, Weihnachtsfrau und Weihnachtsmann: Jeder freut sich auf die allj\u00e4hrliche Begegnung mit den Figuren von Kay Bojesen. Sie sind mehr als eine Dekoration. Seit Gedenken beleben sie das Weihnachtsfest. Sie geh\u00f6ren deshalb zur Familie.<\/p>\n","protected":false},"excerpt":{"rendered":"<p>\u00ab Skandinavisches Design entdecken \u00bb Skandinavisches Design ist alltagstauglich und vielseitig. Obwohl die \u00c4sthetik reduziert wirkt, ber\u00fchrt sie emotional. Seit den F\u00fcnfzigerjahren steht fest, um welchen Einrichtungsstil es geht. Doch erst beim Zoom auf typische Designideen bekannter Marken wird greifbar, wie sch\u00f6n und nachhaltig der Scandi Style ist. Formsch\u00f6ne Puristen mit vielen Talenten Skagerak setzt [&hellip;]<\/p>\n","protected":false},"author":4,"featured_media":14560,"comment_status":"closed","ping_status":"open","sticky":false,"template":"","format":"standard","meta":{"_et_pb_use_builder":"","_et_pb_old_content":"","_et_gb_content_width":"","inline_featured_image":false,"footnotes":""},"categories":[7],"tags":[1356,332,615,1598,287,342,495,1454,66,1597,18,341,158,221,120,357,322,280,277,43,93,988,239,1236,1601,987,557,832,1595,327,19,1596,1600,1599,41,935,146,913,560,486,828],"class_list":["post-14526","post","type-post","status-publish","format-standard","has-post-thumbnail","hentry","category-accessoires-lifestyle","tag-affe","tag-bank","tag-beistelltisch","tag-brotkorb","tag-by-lassen","tag-dekoration","tag-design-house-stockholm","tag-designersessel","tag-designmoebel","tag-designtisch","tag-eva-solo","tag-georg-jensen","tag-hocker","tag-holmegaard","tag-kaffeezubereiter","tag-kaehler","tag-kay-bojesen","tag-lampen","tag-led","tag-leuchten","tag-menu","tag-mr-wattson","tag-muuto","tag-pendelleuchte","tag-pfeffermuehle","tag-piffany-copenhagen","tag-porzellan","tag-rig-tig","tag-scandi-style","tag-sessel","tag-skagerak","tag-skandinavisches-design","tag-spring-copenhagen","tag-spuelorganzier","tag-stelton","tag-umage","tag-vasen","tag-wandregal","tag-we-do-wood","tag-weihnachten","tag-wohnen"],"_links":{"self":[{"href":"https:\/\/raum-blick.de\/magazin\/wp-json\/wp\/v2\/posts\/14526","targetHints":{"allow":["GET"]}}],"collection":[{"href":"https:\/\/raum-blick.de\/magazin\/wp-json\/wp\/v2\/posts"}],"about":[{"href":"https:\/\/raum-blick.de\/magazin\/wp-json\/wp\/v2\/types\/post"}],"author":[{"embeddable":true,"href":"https:\/\/raum-blick.de\/magazin\/wp-json\/wp\/v2\/users\/4"}],"replies":[{"embeddable":true,"href":"https:\/\/raum-blick.de\/magazin\/wp-json\/wp\/v2\/comments?post=14526"}],"version-history":[{"count":56,"href":"https:\/\/raum-blick.de\/magazin\/wp-json\/wp\/v2\/posts\/14526\/revisions"}],"predecessor-version":[{"id":20905,"href":"https:\/\/raum-blick.de\/magazin\/wp-json\/wp\/v2\/posts\/14526\/revisions\/20905"}],"wp:featuredmedia":[{"embeddable":true,"href":"https:\/\/raum-blick.de\/magazin\/wp-json\/wp\/v2\/media\/14560"}],"wp:attachment":[{"href":"https:\/\/raum-blick.de\/magazin\/wp-json\/wp\/v2\/media?parent=14526"}],"wp:term":[{"taxonomy":"category","embeddable":true,"href":"https:\/\/raum-blick.de\/magazin\/wp-json\/wp\/v2\/categories?post=14526"},{"taxonomy":"post_tag","embeddable":true,"href":"https:\/\/raum-blick.de\/magazin\/wp-json\/wp\/v2\/tags?post=14526"}],"curies":[{"name":"wp","href":"https:\/\/api.w.org\/{rel}","templated":true}]}}