{"id":14350,"date":"2021-11-16T09:32:20","date_gmt":"2021-11-16T08:32:20","guid":{"rendered":"https:\/\/www.raum-blick.de\/magazin\/?p=14350"},"modified":"2022-06-03T14:11:27","modified_gmt":"2022-06-03T12:11:27","slug":"zuhause-fuer-herbst-und-winter-dekorieren","status":"publish","type":"post","link":"https:\/\/raum-blick.de\/magazin\/zuhause-fuer-herbst-und-winter-dekorieren\/","title":{"rendered":"Jetzt das eigene Zuhause f\u00fcr Herbst und Winter dekorieren"},"content":{"rendered":"<h2><span class=\"ez-toc-section\" id=\"%C2%AB_Ideen_und_Wohnaccessoires_entdecken_%C2%BB\"><\/span>\u00ab Ideen und Wohnaccessoires entdecken \u00bb<span class=\"ez-toc-section-end\"><\/span><\/h2>\n<p style=\"text-align: justify;\"><strong>Wer dem Sommer nachtrauert, untersch\u00e4tzt die Gem\u00fctlichkeit der kalten Jahreszeit. Herbstliche Deko legt mit liebevollem Lichtschein daf\u00fcr den Grundstein. Ohne Windlichter und Laternenlicht kommt diese Jahreszeit nicht aus. Hinzu gesellen sich Esskastanien, bunte Bl\u00e4tter, Hei\u00dfgetr\u00e4nke und ein spannender Krimi. Was braucht man im Herbst und Winter mehr, um gl\u00fccklich entspannt zu sein?<\/strong><\/p>\n<h2><span class=\"ez-toc-section\" id=\"Abwarten_und_Tee_trinken_Klar_doch_es_gibt_nichts_Schoeneres\"><\/span>Abwarten und Tee trinken? Klar doch, es gibt nichts Sch\u00f6neres!<span class=\"ez-toc-section-end\"><\/span><\/h2>\n<p style=\"text-align: justify;\">Der Wind pfeift ums Haus und scheint mit dem gef\u00e4rbten Laub zu spielen. Der Regen prasselt gegen die Scheibe. Das durchkreuzt die Tagespl\u00e4ne, wird aber l\u00e4ssig kommentiert: Dann warten wir halt ab.<\/p><div id=\"ez-toc-container\" class=\"ez-toc-v2_0_82_2 counter-hierarchy ez-toc-counter ez-toc-grey ez-toc-container-direction\">\n<div class=\"ez-toc-title-container\">\n<p class=\"ez-toc-title\" style=\"cursor:inherit\">Was hier auf Sie wartet<\/p>\n<span class=\"ez-toc-title-toggle\"><a href=\"#\" class=\"ez-toc-pull-right ez-toc-btn ez-toc-btn-xs ez-toc-btn-default ez-toc-toggle\" aria-label=\"Toggle Table of Content\"><span class=\"ez-toc-js-icon-con\"><span class=\"\"><span class=\"eztoc-hide\" style=\"display:none;\">Toggle<\/span><span class=\"ez-toc-icon-toggle-span\"><svg style=\"fill: #999;color:#999\" xmlns=\"http:\/\/www.w3.org\/2000\/svg\" class=\"list-377408\" width=\"20px\" height=\"20px\" viewBox=\"0 0 24 24\" fill=\"none\"><path d=\"M6 6H4v2h2V6zm14 0H8v2h12V6zM4 11h2v2H4v-2zm16 0H8v2h12v-2zM4 16h2v2H4v-2zm16 0H8v2h12v-2z\" fill=\"currentColor\"><\/path><\/svg><svg style=\"fill: #999;color:#999\" class=\"arrow-unsorted-368013\" xmlns=\"http:\/\/www.w3.org\/2000\/svg\" width=\"10px\" height=\"10px\" viewBox=\"0 0 24 24\" version=\"1.2\" baseProfile=\"tiny\"><path d=\"M18.2 9.3l-6.2-6.3-6.2 6.3c-.2.2-.3.4-.3.7s.1.5.3.7c.2.2.4.3.7.3h11c.3 0 .5-.1.7-.3.2-.2.3-.5.3-.7s-.1-.5-.3-.7zM5.8 14.7l6.2 6.3 6.2-6.3c.2-.2.3-.5.3-.7s-.1-.5-.3-.7c-.2-.2-.4-.3-.7-.3h-11c-.3 0-.5.1-.7.3-.2.2-.3.5-.3.7s.1.5.3.7z\"\/><\/svg><\/span><\/span><\/span><\/a><\/span><\/div>\n<nav><ul class='ez-toc-list ez-toc-list-level-1 ' ><li class='ez-toc-page-1 ez-toc-heading-level-2'><a class=\"ez-toc-link ez-toc-heading-1\" href=\"https:\/\/raum-blick.de\/magazin\/zuhause-fuer-herbst-und-winter-dekorieren\/#%C2%AB_Ideen_und_Wohnaccessoires_entdecken_%C2%BB\" >\u00ab Ideen und Wohnaccessoires entdecken \u00bb<\/a><\/li><li class='ez-toc-page-1 ez-toc-heading-level-2'><a class=\"ez-toc-link ez-toc-heading-2\" href=\"https:\/\/raum-blick.de\/magazin\/zuhause-fuer-herbst-und-winter-dekorieren\/#Abwarten_und_Tee_trinken_Klar_doch_es_gibt_nichts_Schoeneres\" >Abwarten und Tee trinken? Klar doch, es gibt nichts Sch\u00f6neres!<\/a><\/li><li class='ez-toc-page-1 ez-toc-heading-level-2'><a class=\"ez-toc-link ez-toc-heading-3\" href=\"https:\/\/raum-blick.de\/magazin\/zuhause-fuer-herbst-und-winter-dekorieren\/#Regentage_als_Inspiration\" >Regentage als Inspiration<\/a><\/li><li class='ez-toc-page-1 ez-toc-heading-level-2'><a class=\"ez-toc-link ez-toc-heading-4\" href=\"https:\/\/raum-blick.de\/magazin\/zuhause-fuer-herbst-und-winter-dekorieren\/#Kerzenlichter_fuer_behagliche_Momente\" >Kerzenlichter f\u00fcr behagliche Momente<\/a><\/li><li class='ez-toc-page-1 ez-toc-heading-level-2'><a class=\"ez-toc-link ez-toc-heading-5\" href=\"https:\/\/raum-blick.de\/magazin\/zuhause-fuer-herbst-und-winter-dekorieren\/#Lichtblicke_fuer_die_Inspiration\" >Lichtblicke f\u00fcr die Inspiration<\/a><\/li><li class='ez-toc-page-1 ez-toc-heading-level-2'><a class=\"ez-toc-link ez-toc-heading-6\" href=\"https:\/\/raum-blick.de\/magazin\/zuhause-fuer-herbst-und-winter-dekorieren\/#Naturdeko_fuers_Gemuet\" >Naturdeko f\u00fcrs Gem\u00fct<\/a><\/li><li class='ez-toc-page-1 ez-toc-heading-level-2'><a class=\"ez-toc-link ez-toc-heading-7\" href=\"https:\/\/raum-blick.de\/magazin\/zuhause-fuer-herbst-und-winter-dekorieren\/#Augenschmeichler_Duefte_und_Klaenge\" >Augenschmeichler, D\u00fcfte und Kl\u00e4nge<\/a><\/li><\/ul><\/nav><\/div>\n\n<p><a href=\"https:\/\/www.raum-blick.de\/kaehler-hammershoi-teekanne-1-2-l\"><img loading=\"lazy\" decoding=\"async\" class=\"aligncenter wp-image-14375 size-full\" title=\"K\u00e4hler Hammershoi Teekanne 1,2 l | Design: Hans-Christian Bauer\" src=\"https:\/\/www.raum-blick.de\/magazin\/wp-content\/uploads\/2021\/12\/kaehler-hammershoi-teekanne-1-2-l.jpg\" alt=\"kaehler-hammershoi-teekanne-1-2-l\" width=\"700\" height=\"700\" srcset=\"https:\/\/raum-blick.de\/magazin\/wp-content\/uploads\/2021\/12\/kaehler-hammershoi-teekanne-1-2-l.jpg 700w, https:\/\/raum-blick.de\/magazin\/wp-content\/uploads\/2021\/12\/kaehler-hammershoi-teekanne-1-2-l-300x300.jpg 300w, https:\/\/raum-blick.de\/magazin\/wp-content\/uploads\/2021\/12\/kaehler-hammershoi-teekanne-1-2-l-150x150.jpg 150w\" sizes=\"(max-width: 700px) 100vw, 700px\" \/><\/a><\/p>\n<p style=\"text-align: justify;\">Sie greift zum Gef\u00e4\u00df, das wie die <a href=\"https:\/\/www.raum-blick.de\/kaehler-hammershoi-teekanne-1-2-l\">Hammershoi Teekanne von K\u00e4hle<\/a>r aussieht. Ihr geriffeltes Design hat eine lange Tradition. Ein gem\u00fctlich flackerndes Accessoire sorgt daf\u00fcr, dass das frisch zubereitete Hei\u00dfgetr\u00e4nk warm bleibt. An den Klassiker dachte Francis Cayouette, als sie f\u00fcr Stelton das Theo St\u00f6vchen aus rustikalem Steinzeug entwarf. Danach passiert etwas, was heutzutage ungew\u00f6hnlich ist: Man hat Freude daran, einfach mal nichts zu tun.<\/p>\n<h2><span class=\"ez-toc-section\" id=\"Regentage_als_Inspiration\"><\/span>Regentage als Inspiration<span class=\"ez-toc-section-end\"><\/span><\/h2>\n<p style=\"text-align: justify;\">Weniger ist mehr! Das wird klar, wenn man sich vom traditionellen Zeitvertreib an Schlechtwettertagen inspirieren l\u00e4sst. Wer die K\u00fcche herbstlich dekorieren m\u00f6chte, g\u00f6nnt dem Stelton Theo St\u00f6vchen einen Stammplatz auf dem Tisch. Dort signalisiert es, wie einfach man Regentage genie\u00dfen kann: Eine w\u00fcrzige Mischung wird in der Hammershoi Teekanne aufgebr\u00fcht. Kandis steuert eine Karamellnote bei.<\/p>\n<p><img loading=\"lazy\" decoding=\"async\" class=\"aligncenter wp-image-14372\" title=\"Stelton \u2013 Theo St\u00f6vchen | Design: Francis Cayouette\" src=\"https:\/\/www.raum-blick.de\/magazin\/wp-content\/uploads\/2021\/12\/stelton-theo-stoevchen.jpg\" alt=\"stelton-theo-stoevchen\" width=\"500\" height=\"333\" srcset=\"https:\/\/raum-blick.de\/magazin\/wp-content\/uploads\/2021\/12\/stelton-theo-stoevchen.jpg 600w, https:\/\/raum-blick.de\/magazin\/wp-content\/uploads\/2021\/12\/stelton-theo-stoevchen-300x200.jpg 300w, https:\/\/raum-blick.de\/magazin\/wp-content\/uploads\/2021\/12\/stelton-theo-stoevchen-310x205.jpg 310w\" sizes=\"(max-width: 500px) 100vw, 500px\" \/><\/p>\n<p style=\"text-align: justify;\">Wer es mag, erg\u00e4nzt etwas Rum f\u00fcr den innerlichen W\u00e4rmekick. Bewusst werden die elektrischen Lampen ausgeschaltet und Smartphones verbannt. Der Blick auf den Kerzenschein im Keramikst\u00f6vchen und die Teearomen verw\u00f6hnen die Sinne derart, dass weitere Winter- und Herbstdeko \u00fcberfl\u00fcssig erscheint.<\/p>\n<h2><span class=\"ez-toc-section\" id=\"Kerzenlichter_fuer_behagliche_Momente\"><\/span>Kerzenlichter f\u00fcr behagliche Momente<span class=\"ez-toc-section-end\"><\/span><\/h2>\n<p style=\"text-align: justify;\">Das St\u00f6vchen auf dem K\u00fcchentisch dient nicht nur dazu, den Raum f\u00fcr den Herbst zu dekorieren. Wie das Post-it im B\u00fcro erinnert es an tolle Ideen f\u00fcr die Freizeit im gem\u00fctlichen Zuhause. Wer zu den Lebensk\u00fcnstlern z\u00e4hlt, h\u00e4lt an der inspirierenden Deko-Strategie fest.<\/p>\n<p><a href=\"https:\/\/www.raum-blick.de\/side-by-side-weinwindlicht\"><img loading=\"lazy\" decoding=\"async\" class=\"aligncenter wp-image-14369 size-full\" title=\"Side by side Wein Windlicht inklusive Teelicht | Design: Jette Scheib\" src=\"https:\/\/www.raum-blick.de\/magazin\/wp-content\/uploads\/2021\/12\/side-by-side-weinwindlicht.jpg\" alt=\"side-by-side-weinwindlicht Zuhause fuer Herbst und Winter dekorieren\" width=\"700\" height=\"580\" srcset=\"https:\/\/raum-blick.de\/magazin\/wp-content\/uploads\/2021\/12\/side-by-side-weinwindlicht.jpg 700w, https:\/\/raum-blick.de\/magazin\/wp-content\/uploads\/2021\/12\/side-by-side-weinwindlicht-300x249.jpg 300w\" sizes=\"(max-width: 700px) 100vw, 700px\" \/><\/a><\/p>\n<p style=\"text-align: justify;\">Eine recycelte Flasche kombiniert <a href=\"https:\/\/www.raum-blick.de\/side-by-side-weinwindlicht\">side-by-side beim Wein-Windlicht<\/a> mit einer Basis aus Massivholz. Das Naturmaterial \u00fcberzeugt mit seinem warmen Charisma und ist perfekt f\u00fcr die herbstliche Deko. Schick macht sich der Kerzenst\u00e4nder auf dem Esstisch. Ger\u00e4t er dort ins Visier, steht das Abendprogramm fest: Fertiger Flammkuchenteig wird mit Cr\u00e8me fra\u00eeche bestrichen, Zitronenzesten bestreut und Zwiebelringen best\u00fcckt. Nach dem Zwischenstopp im Backrohr wird ger\u00e4ucherter Lachs erg\u00e4nzt. Der Snack landet neben dem edlen Tropfen auf dem Wohnzimmertisch. Zuvorkommend steuert <a href=\"https:\/\/www.raum-blick.de\/side-by-side\/\">side-by-side<\/a> das Wein-Windlicht bei, das optimal zum Thema passt. Im Blitzverfahren ist der Weinabend mit Freunden organisiert.<\/p>\n<p><a href=\"https:\/\/www.raum-blick.de\/piffany-copenhagen-uyuni-lighting-led-kerze\"><img loading=\"lazy\" decoding=\"async\" class=\"aligncenter wp-image-14366 size-full\" title=\"Piffany Copenhagen - UYUNI Lighting LED Pillar Kerze\" src=\"https:\/\/www.raum-blick.de\/magazin\/wp-content\/uploads\/2021\/12\/piffany-copenhagen-uyuni-lighting-led-kerze.jpg\" alt=\"piffany-copenhagen-uyuni-lighting-led-kerze Zuhause fuer Herbst und Winter dekorieren\" width=\"700\" height=\"700\" srcset=\"https:\/\/raum-blick.de\/magazin\/wp-content\/uploads\/2021\/12\/piffany-copenhagen-uyuni-lighting-led-kerze.jpg 700w, https:\/\/raum-blick.de\/magazin\/wp-content\/uploads\/2021\/12\/piffany-copenhagen-uyuni-lighting-led-kerze-300x300.jpg 300w, https:\/\/raum-blick.de\/magazin\/wp-content\/uploads\/2021\/12\/piffany-copenhagen-uyuni-lighting-led-kerze-150x150.jpg 150w\" sizes=\"(max-width: 700px) 100vw, 700px\" \/><\/a><\/p>\n<p style=\"text-align: justify;\">Aus dem Sortiment von <a href=\"https:\/\/www.raum-blick.de\/piffany-copenhagen\/\">Piffany Copenhagen<\/a> ist die <a href=\"https:\/\/www.raum-blick.de\/piffany-copenhagen-uyuni-lighting-led-kerze\">Uyuni Lighting LED<\/a>. Das Wohnaccessoire sieht wie eine Stumpenkerze aus. Genau genommen handelt es sich um eine Akkuleuchte. Sie steht aus gutem Grund direkt neben der Terrassent\u00fcr auf dem Fensterbrett: Manchmal bereichert sie als Herbstdeko drinnen das Ambiente. Sehnt man sich nach Frischluft, geht die Akkukerze auf Wanderschaft. Eingekuschelt in einer Wolldecke und mit Blick auf das Stimmungslicht verdoppelt sich die Freude an der Kaffeepause im Freien. Unwillk\u00fcrlich bedankt man sich bei Piffany Copenhagen f\u00fcr die Uyuni Lighting LED, die unkompliziert die Sinne verw\u00f6hnt.<\/p>\n<h2><span class=\"ez-toc-section\" id=\"Lichtblicke_fuer_die_Inspiration\"><\/span>Lichtblicke f\u00fcr die Inspiration<span class=\"ez-toc-section-end\"><\/span><\/h2>\n<p style=\"text-align: justify;\">Treffend w\u00e4hlte R\u00e4der Design Poesielichter als Produktname: Die Verzierung der Windlichter ist ein Gedicht. Wundervoll inszeniert die d\u00fcnne Porzellanausf\u00fchrung das Kerzenlicht. Fabelhaft passen zur Deko literarische Impulse. W\u00e4hrend Sie Schm\u00f6kern geraten die R\u00e4der Design Poesielichter ins Visier. Die entz\u00fcckende Kerzendeko verleitet zum Innehalten. Das Gelesene aus der Antike zeigt seine Wirkung und liefert pl\u00f6tzlich die Antwort f\u00fcrs gl\u00fcckliche Leben in der Gegenwart!<\/p>\n<p><img loading=\"lazy\" decoding=\"async\" class=\"aligncenter wp-image-14359 size-full\" title=\"R\u00e4der Poesielichter | Serie: zu Hause\" src=\"https:\/\/www.raum-blick.de\/magazin\/wp-content\/uploads\/2021\/12\/raeder-design-poesielichter.jpg\" alt=\"raeder-design-poesielichter Zuhause fuer Herbst und Winter dekorieren\" width=\"700\" height=\"700\" srcset=\"https:\/\/raum-blick.de\/magazin\/wp-content\/uploads\/2021\/12\/raeder-design-poesielichter.jpg 700w, https:\/\/raum-blick.de\/magazin\/wp-content\/uploads\/2021\/12\/raeder-design-poesielichter-300x300.jpg 300w, https:\/\/raum-blick.de\/magazin\/wp-content\/uploads\/2021\/12\/raeder-design-poesielichter-150x150.jpg 150w\" sizes=\"(max-width: 700px) 100vw, 700px\" \/><\/p>\n<p style=\"text-align: justify;\">Vergessen wird oft der Arbeitsplatz. Dabei ist es wichtig, den Schreibtisch im Herbst zu dekorieren. Denn knifflige Aufgaben zerren noch mehr an der guten Laune, wenn es drau\u00dfen tr\u00fcb ist. Willkommen ist ein Lichtblick, der zum optimistischen Durchhalten animiert. Perfekt eignet sich daf\u00fcr von GUAXS der Teelichthalter Nagaa. Er ist ein Meisterwerk der Glaskunst und inspiriert doppelt: mit seinem Lichtschein und Design.<\/p>\n<p><a href=\"https:\/\/www.raum-blick.de\/guaxs-teelichthalter-nagaa\"><img loading=\"lazy\" decoding=\"async\" class=\"aligncenter wp-image-14362 size-full\" title=\"GUAXS \u2013 Teelichthalter Nagaa | jedes St\u00fcck ein Unikat\" src=\"https:\/\/www.raum-blick.de\/magazin\/wp-content\/uploads\/2021\/12\/guaxs-teelichthalter-nagaa.jpg\" alt=\"guaxs-teelichthalter-nagaa\" width=\"700\" height=\"700\" srcset=\"https:\/\/raum-blick.de\/magazin\/wp-content\/uploads\/2021\/12\/guaxs-teelichthalter-nagaa.jpg 700w, https:\/\/raum-blick.de\/magazin\/wp-content\/uploads\/2021\/12\/guaxs-teelichthalter-nagaa-300x300.jpg 300w, https:\/\/raum-blick.de\/magazin\/wp-content\/uploads\/2021\/12\/guaxs-teelichthalter-nagaa-150x150.jpg 150w\" sizes=\"(max-width: 700px) 100vw, 700px\" \/><\/a><\/p>\n<p style=\"text-align: justify;\">Belassen Sie es nicht dabei, wenn Sie f\u00fcr den Herbst oder Winter dekorieren! G\u00f6nnen Sie sich eine <a href=\"https:\/\/www.raum-blick.de\/guaxs\/\">Vase von GUAXS<\/a>, die zum Teelichthalter Nagaa passt. Bunte Blumen sind bei Schmuddelwetter effektvolle Stimmungsaufheller!<\/p>\n<h2><span class=\"ez-toc-section\" id=\"Naturdeko_fuers_Gemuet\"><\/span>Naturdeko f\u00fcrs Gem\u00fct<span class=\"ez-toc-section-end\"><\/span><\/h2>\n<p style=\"text-align: justify;\">Kaum besch\u00e4ftigt man sich damit, das Zuhause f\u00fcr den Herbst zu dekorieren, steht das n\u00e4chste Ereignis vor der T\u00fcr: Weihnachten. Wer vorwiegend auf Windlichter setzt, erleichtert sich das Leben. Sie sind in der Adventszeit ohnehin erw\u00fcnscht. Es gibt au\u00dferdem Weihnachtsschmuck, der schon im Sp\u00e4therbst \u00fcberzeugt.<\/p>\n<p><a href=\"https:\/\/www.raum-blick.de\/architectmade-jul-christbaum-schmuck\"><img loading=\"lazy\" decoding=\"async\" class=\"aligncenter wp-image-14378 size-full\" title=\"Architectmade Jul Weihnachtsschmuck | Design: Nikolaj Klitgaard\" src=\"https:\/\/www.raum-blick.de\/magazin\/wp-content\/uploads\/2021\/12\/architectmade-jul-christbaum-schmuck.jpg\" alt=\"architectmade-jul-christbaum-schmuck Zuhause fuer Herbst und Winter dekorieren\" width=\"700\" height=\"700\" srcset=\"https:\/\/raum-blick.de\/magazin\/wp-content\/uploads\/2021\/12\/architectmade-jul-christbaum-schmuck.jpg 700w, https:\/\/raum-blick.de\/magazin\/wp-content\/uploads\/2021\/12\/architectmade-jul-christbaum-schmuck-300x300.jpg 300w, https:\/\/raum-blick.de\/magazin\/wp-content\/uploads\/2021\/12\/architectmade-jul-christbaum-schmuck-150x150.jpg 150w\" sizes=\"(max-width: 700px) 100vw, 700px\" \/><\/a><\/p>\n<p style=\"text-align: justify;\">Daf\u00fcr ist die <a href=\"https:\/\/www.raum-blick.de\/architectmade\/\">Architectmade Jul-Kollektion<\/a> ein gelungenes Exempel. Die Herzen, Glocken und Engel aus massiver Eiche verweisen dezent aufs Weihnachtsfest. Faszinierend ist aber vor allem ihr nat\u00fcrliches Design. Der Aspekt kommt bestens zur Geltung, wenn man die Architectmade Jul-Anh\u00e4nger an blattlosen Zweigen drapiert. Das Arrangement passt schon zu den Wochen, in denen man die Wohnung herbstlich dekorieren m\u00f6chte.<\/p>\n<p><a href=\"https:\/\/www.raum-blick.de\/ferm-living-shell-pot\"><img loading=\"lazy\" decoding=\"async\" class=\"aligncenter wp-image-14356 size-full\" title=\"ferm LIVING \u2013 Shell Pot | Deko-Objekt\/Deko Muschel\" src=\"https:\/\/www.raum-blick.de\/magazin\/wp-content\/uploads\/2021\/12\/ferm-living-shell-pot.jpg\" alt=\"ferm-living-shell-pot\" width=\"700\" height=\"700\" srcset=\"https:\/\/raum-blick.de\/magazin\/wp-content\/uploads\/2021\/12\/ferm-living-shell-pot.jpg 700w, https:\/\/raum-blick.de\/magazin\/wp-content\/uploads\/2021\/12\/ferm-living-shell-pot-300x300.jpg 300w, https:\/\/raum-blick.de\/magazin\/wp-content\/uploads\/2021\/12\/ferm-living-shell-pot-150x150.jpg 150w\" sizes=\"(max-width: 700px) 100vw, 700px\" \/><\/a><\/p>\n<p style=\"text-align: justify;\">Sonne, Strand und Meer: Daran erinnert <a href=\"https:\/\/www.raum-blick.de\/ferm-living-shell-pot\">ferm LIVING mit dem Shell Pot<\/a>, der wie eine Muschel geformt ist. Ganzj\u00e4hrig bereichert er als skulpturales Objekt das Flair. In den kalten Monaten sollte man das Gef\u00e4\u00df in Szene setzen, um die sommerlichen Assoziationen zu forcieren. Perfekt eignet sich die Amaryllis, um den ferm LIVING Shell Pot f\u00fcr den Herbst zu dekorieren. Sie verweist auf S\u00fcdafrika, wo es jetzt fr\u00fchlingshaft wird. Die Form der pr\u00e4chtigen Bl\u00fcte \u00e4hnelt zudem einem Stern. Dadurch wird die bepflanzte Keramikmuschel schon bald zum ausgefallenen Weihnachtsschmuck.<\/p>\n<h2><span class=\"ez-toc-section\" id=\"Augenschmeichler_Duefte_und_Klaenge\"><\/span>Augenschmeichler, D\u00fcfte und Kl\u00e4nge<span class=\"ez-toc-section-end\"><\/span><\/h2>\n<p style=\"text-align: justify;\">Wer Wohnr\u00e4ume f\u00fcr den Herbst und Winter dekorieren m\u00f6chte, sollte nicht nur ans Auge denken. F\u00fcr ganzheitliches Wohlbefinden ist ebenso wichtig, was die Nase wahrnimmt. Bekr\u00e4ftigend wirken Aroma\u00f6le, die den Duft von W\u00e4ldern einfangen. Sie verf\u00fchren dazu, im Geiste einen erholsamen Spaziergang zu wagen. Befindet sich gleichzeitig von <a href=\"https:\/\/www.raum-blick.de\/relaxound-zwitscherbox-holz\">Relaxound eine Zwitscherbox<\/a> im Raum, steigert sich die Wirkung der Fantasiereise.<\/p>\n<p><a href=\"https:\/\/www.raum-blick.de\/relaxound-zwitscherbox-holz\"><img loading=\"lazy\" decoding=\"async\" class=\"aligncenter wp-image-14352 size-full\" title=\"Relaxound \u2013 Zwitscherbox aus Holz | beruhigende Vogelger\u00e4usche\" src=\"https:\/\/www.raum-blick.de\/magazin\/wp-content\/uploads\/2021\/12\/relaxound-zwitscherbox-holz.jpg\" alt=\"relaxound-zwitscherbox-holz\" width=\"700\" height=\"700\" srcset=\"https:\/\/raum-blick.de\/magazin\/wp-content\/uploads\/2021\/12\/relaxound-zwitscherbox-holz.jpg 700w, https:\/\/raum-blick.de\/magazin\/wp-content\/uploads\/2021\/12\/relaxound-zwitscherbox-holz-300x300.jpg 300w, https:\/\/raum-blick.de\/magazin\/wp-content\/uploads\/2021\/12\/relaxound-zwitscherbox-holz-150x150.jpg 150w\" sizes=\"(max-width: 700px) 100vw, 700px\" \/><\/a><\/p>\n<p style=\"text-align: justify;\">Sie l\u00e4sst fr\u00f6hlichen Vogelgesang ert\u00f6nen, wenn man sich bewegt. Das Naturger\u00e4usch wirkt beruhigend, kurbelt aber auch die gute Laune an. Relaxound hat die Zwitscherbox kompakt und dekorativ gestaltet. Es spricht nichts dagegen, die pfiffige Klangtherapie dort zu platzieren, wo man sich gerade aufh\u00e4lt. Das entspannende Accessoire empfiehlt sich nicht nur, um f\u00fcr den Winter oder Herbst zu dekorieren. Wird man im Flur von zwitschernden V\u00f6geln begr\u00fc\u00dft, kommt rund ums Jahr Freude auf.<\/p>\n","protected":false},"excerpt":{"rendered":"<p>\u00ab Ideen und Wohnaccessoires entdecken \u00bb Wer dem Sommer nachtrauert, untersch\u00e4tzt die Gem\u00fctlichkeit der kalten Jahreszeit. Herbstliche Deko legt mit liebevollem Lichtschein daf\u00fcr den Grundstein. Ohne Windlichter und Laternenlicht kommt diese Jahreszeit nicht aus. Hinzu gesellen sich Esskastanien, bunte Bl\u00e4tter, Hei\u00dfgetr\u00e4nke und ein spannender Krimi. Was braucht man im Herbst und Winter mehr, um gl\u00fccklich [&hellip;]<\/p>\n","protected":false},"author":4,"featured_media":14377,"comment_status":"closed","ping_status":"open","sticky":false,"template":"","format":"standard","meta":{"_et_pb_use_builder":"","_et_pb_old_content":"","_et_gb_content_width":"","inline_featured_image":false,"footnotes":""},"categories":[7],"tags":[491,1223,342,206,1531,360,1542,1243,357,1577,277,1579,987,1578,1001,1393,133,41,368,1274,493,733,848,1556,27,1395],"class_list":["post-14350","post","type-post","status-publish","format-standard","has-post-thumbnail","hentry","category-accessoires-lifestyle","tag-architectmade","tag-deko","tag-dekoration","tag-ferm-living","tag-guaxs","tag-hammershoi","tag-herbst","tag-ideen","tag-kaehler","tag-kerze","tag-led","tag-naturdeko","tag-piffany-copenhagen","tag-poesielichter","tag-raeder","tag-relaxound","tag-side-by-side","tag-stelton","tag-stoevchen","tag-teekanne","tag-teelichthalter","tag-weihnachtsschmuck","tag-windlicht","tag-winter","tag-wohnaccessoires","tag-zwitscherbox"],"_links":{"self":[{"href":"https:\/\/raum-blick.de\/magazin\/wp-json\/wp\/v2\/posts\/14350","targetHints":{"allow":["GET"]}}],"collection":[{"href":"https:\/\/raum-blick.de\/magazin\/wp-json\/wp\/v2\/posts"}],"about":[{"href":"https:\/\/raum-blick.de\/magazin\/wp-json\/wp\/v2\/types\/post"}],"author":[{"embeddable":true,"href":"https:\/\/raum-blick.de\/magazin\/wp-json\/wp\/v2\/users\/4"}],"replies":[{"embeddable":true,"href":"https:\/\/raum-blick.de\/magazin\/wp-json\/wp\/v2\/comments?post=14350"}],"version-history":[{"count":22,"href":"https:\/\/raum-blick.de\/magazin\/wp-json\/wp\/v2\/posts\/14350\/revisions"}],"predecessor-version":[{"id":16472,"href":"https:\/\/raum-blick.de\/magazin\/wp-json\/wp\/v2\/posts\/14350\/revisions\/16472"}],"wp:featuredmedia":[{"embeddable":true,"href":"https:\/\/raum-blick.de\/magazin\/wp-json\/wp\/v2\/media\/14377"}],"wp:attachment":[{"href":"https:\/\/raum-blick.de\/magazin\/wp-json\/wp\/v2\/media?parent=14350"}],"wp:term":[{"taxonomy":"category","embeddable":true,"href":"https:\/\/raum-blick.de\/magazin\/wp-json\/wp\/v2\/categories?post=14350"},{"taxonomy":"post_tag","embeddable":true,"href":"https:\/\/raum-blick.de\/magazin\/wp-json\/wp\/v2\/tags?post=14350"}],"curies":[{"name":"wp","href":"https:\/\/api.w.org\/{rel}","templated":true}]}}