{"id":14259,"date":"2021-10-29T14:26:51","date_gmt":"2021-10-29T12:26:51","guid":{"rendered":"https:\/\/www.raum-blick.de\/magazin\/?p=14259"},"modified":"2024-08-29T16:17:14","modified_gmt":"2024-08-29T14:17:14","slug":"weihnachtskollektionen-2021","status":"publish","type":"post","link":"https:\/\/raum-blick.de\/magazin\/weihnachtskollektionen-2021\/","title":{"rendered":"Weihnachtskollektionen 2021: Designdeko f\u00fcr Weihnachten"},"content":{"rendered":"<p style=\"text-align: justify;\"><strong>Die ganze Familie kommt zusammen. Kuschelig ist die Atmosph\u00e4re. Der Gaumen hat Hochkonjunktur. Weihnachten ist ein unvergleichliches Fest und hat sich wundervolle Designdeko verdient. Daf\u00fcr haben die Kollektionen 2021 tolle Accessoires zu bieten.<\/strong><\/p>\n<h2><span class=\"ez-toc-section\" id=\"Advent_Advent_ein_Lichtlein_brennt_%E2%80%A6\"><\/span>Advent, Advent, ein Lichtlein brennt &#8230;<span class=\"ez-toc-section-end\"><\/span><\/h2>\n<p style=\"text-align: justify;\">Jeden Sonntag wird eine Kerze angez\u00fcndet. Sobald das Quartett komplett ist, steht die gro\u00dfe Familienfeier an. Kaum jemand m\u00f6chte auf die Tradition verzichten, die Adventszeit zu zelebrieren.<\/p><div id=\"ez-toc-container\" class=\"ez-toc-v2_0_82_2 counter-hierarchy ez-toc-counter ez-toc-grey ez-toc-container-direction\">\n<div class=\"ez-toc-title-container\">\n<p class=\"ez-toc-title\" style=\"cursor:inherit\">Was hier auf Sie wartet<\/p>\n<span class=\"ez-toc-title-toggle\"><a href=\"#\" class=\"ez-toc-pull-right ez-toc-btn ez-toc-btn-xs ez-toc-btn-default ez-toc-toggle\" aria-label=\"Toggle Table of Content\"><span class=\"ez-toc-js-icon-con\"><span class=\"\"><span class=\"eztoc-hide\" style=\"display:none;\">Toggle<\/span><span class=\"ez-toc-icon-toggle-span\"><svg style=\"fill: #999;color:#999\" xmlns=\"http:\/\/www.w3.org\/2000\/svg\" class=\"list-377408\" width=\"20px\" height=\"20px\" viewBox=\"0 0 24 24\" fill=\"none\"><path d=\"M6 6H4v2h2V6zm14 0H8v2h12V6zM4 11h2v2H4v-2zm16 0H8v2h12v-2zM4 16h2v2H4v-2zm16 0H8v2h12v-2z\" fill=\"currentColor\"><\/path><\/svg><svg style=\"fill: #999;color:#999\" class=\"arrow-unsorted-368013\" xmlns=\"http:\/\/www.w3.org\/2000\/svg\" width=\"10px\" height=\"10px\" viewBox=\"0 0 24 24\" version=\"1.2\" baseProfile=\"tiny\"><path d=\"M18.2 9.3l-6.2-6.3-6.2 6.3c-.2.2-.3.4-.3.7s.1.5.3.7c.2.2.4.3.7.3h11c.3 0 .5-.1.7-.3.2-.2.3-.5.3-.7s-.1-.5-.3-.7zM5.8 14.7l6.2 6.3 6.2-6.3c.2-.2.3-.5.3-.7s-.1-.5-.3-.7c-.2-.2-.4-.3-.7-.3h-11c-.3 0-.5.1-.7.3-.2.2-.3.5-.3.7s.1.5.3.7z\"\/><\/svg><\/span><\/span><\/span><\/a><\/span><\/div>\n<nav><ul class='ez-toc-list ez-toc-list-level-1 ' ><li class='ez-toc-page-1 ez-toc-heading-level-2'><a class=\"ez-toc-link ez-toc-heading-1\" href=\"https:\/\/raum-blick.de\/magazin\/weihnachtskollektionen-2021\/#Advent_Advent_ein_Lichtlein_brennt_%E2%80%A6\" >Advent, Advent, ein Lichtlein brennt &#8230;<\/a><\/li><li class='ez-toc-page-1 ez-toc-heading-level-2'><a class=\"ez-toc-link ez-toc-heading-2\" href=\"https:\/\/raum-blick.de\/magazin\/weihnachtskollektionen-2021\/#Designdeko_mit_Gute-Laune-Garantie_fuer_die_Weihnachtszeit\" >Designdeko mit Gute-Laune-Garantie f\u00fcr die Weihnachtszeit<\/a><\/li><li class='ez-toc-page-1 ez-toc-heading-level-2'><a class=\"ez-toc-link ez-toc-heading-3\" href=\"https:\/\/raum-blick.de\/magazin\/weihnachtskollektionen-2021\/#Romantisches_Lichtermeer_fuers_Gemuet\" >Romantisches Lichtermeer f\u00fcrs Gem\u00fct<\/a><\/li><li class='ez-toc-page-1 ez-toc-heading-level-2'><a class=\"ez-toc-link ez-toc-heading-4\" href=\"https:\/\/raum-blick.de\/magazin\/weihnachtskollektionen-2021\/#Schmuckstuecke_fuer_den_Star_des_Events\" >Schmuckst\u00fccke f\u00fcr den Star des Events<\/a><\/li><li class='ez-toc-page-1 ez-toc-heading-level-2'><a class=\"ez-toc-link ez-toc-heading-5\" href=\"https:\/\/raum-blick.de\/magazin\/weihnachtskollektionen-2021\/#Dekoratives_fuers_kulinarische_Feuerwerk\" >Dekoratives f\u00fcrs kulinarische Feuerwerk<\/a><\/li><\/ul><\/nav><\/div>\n\n<p><a href=\"https:\/\/www.raum-blick.de\/kaehler-nobili-ovaler-adventskranz\"><img loading=\"lazy\" decoding=\"async\" class=\"aligncenter wp-image-14337 size-full\" title=\"K\u00e4hler \u2013 Nobili ovaler Adventskranz | modern mit weihnachtslichen Motiven\" src=\"https:\/\/www.raum-blick.de\/magazin\/wp-content\/uploads\/2021\/11\/kaehler-nobili-ovaler-adventskranz.jpg\" alt=\"kaehler-nobili-ovaler-adventskranz\" width=\"800\" height=\"620\" srcset=\"https:\/\/raum-blick.de\/magazin\/wp-content\/uploads\/2021\/11\/kaehler-nobili-ovaler-adventskranz.jpg 800w, https:\/\/raum-blick.de\/magazin\/wp-content\/uploads\/2021\/11\/kaehler-nobili-ovaler-adventskranz-300x233.jpg 300w, https:\/\/raum-blick.de\/magazin\/wp-content\/uploads\/2021\/11\/kaehler-nobili-ovaler-adventskranz-768x595.jpg 768w\" sizes=\"(max-width: 800px) 100vw, 800px\" \/><\/a><\/p>\n<p style=\"text-align: justify;\">Das w\u00fcrdigen die Weihnachtskollektionen 2021 mit vielf\u00e4ltigen Accessoires. Wei\u00dfes Porzellan, das abstrakt die romantischen Facetten eines Winterwaldes einf\u00e4ngt: Die <a href=\"https:\/\/www.raum-blick.de\/kaehler-design\/\">K\u00e4hler Design Serie Nobili<\/a> ist stilvoll und bezaubernd zugleich. Regelm\u00e4\u00dfig erweitert K\u00e4hler Design die erfolgreiche Weihnachtsdeko. F\u00fcr 2021 entwarfen Mette Bache &amp; Barbara Bendix eine ovale Schale mit zwei B\u00e4umen und vier Kerzenhaltern. Sie ist eine tolle Alternative zum Adventskranz.<\/p>\n<p><img loading=\"lazy\" decoding=\"async\" class=\"aligncenter wp-image-14329 size-full\" title=\"Adventsleuchter Countdown von side-by-side | Design: DING3000\" src=\"https:\/\/www.raum-blick.de\/magazin\/wp-content\/uploads\/2021\/11\/side-by-side-adventsleuchter-countdown.jpg\" alt=\"side-by-side-adventsleuchter-countdown\" width=\"800\" height=\"800\" srcset=\"https:\/\/raum-blick.de\/magazin\/wp-content\/uploads\/2021\/11\/side-by-side-adventsleuchter-countdown.jpg 800w, https:\/\/raum-blick.de\/magazin\/wp-content\/uploads\/2021\/11\/side-by-side-adventsleuchter-countdown-300x300.jpg 300w, https:\/\/raum-blick.de\/magazin\/wp-content\/uploads\/2021\/11\/side-by-side-adventsleuchter-countdown-150x150.jpg 150w, https:\/\/raum-blick.de\/magazin\/wp-content\/uploads\/2021\/11\/side-by-side-adventsleuchter-countdown-768x768.jpg 768w\" sizes=\"(max-width: 800px) 100vw, 800px\" \/><\/p>\n<p style=\"text-align: justify;\">Gleiches gilt f\u00fcr den minimalistischen side-by-side Leuchter Countdown, der sich einen festen Platz in der Weihnachtskollektion von <a href=\"https:\/\/www.raum-blick.de\/side-by-side\/\">side-by-side<\/a> erobert hat. Er ist preisgekr\u00f6nt aus gutem Grund: Das Design begrenzt sich auf eine Leiste mit eingravierten Zahlen. So steht das Wesentliche im Mittelpunkt: Die zunehmenden Kerzenlichter, die Weihnachten ank\u00fcndigen.<\/p>\n<p><img loading=\"lazy\" decoding=\"async\" class=\"aligncenter wp-image-14332 size-full\" title=\"ferm LIVING \u2013 Weihnachtskalender Kerze f\u00fcr 24 besondere Momente\" src=\"https:\/\/www.raum-blick.de\/magazin\/wp-content\/uploads\/2021\/11\/ferm-living-adventskalender-kerze.jpg\" alt=\"ferm-living-adventskalender-kerze-weihnachtskollektionen-2021\" width=\"800\" height=\"800\" srcset=\"https:\/\/raum-blick.de\/magazin\/wp-content\/uploads\/2021\/11\/ferm-living-adventskalender-kerze.jpg 800w, https:\/\/raum-blick.de\/magazin\/wp-content\/uploads\/2021\/11\/ferm-living-adventskalender-kerze-300x300.jpg 300w, https:\/\/raum-blick.de\/magazin\/wp-content\/uploads\/2021\/11\/ferm-living-adventskalender-kerze-150x150.jpg 150w, https:\/\/raum-blick.de\/magazin\/wp-content\/uploads\/2021\/11\/ferm-living-adventskalender-kerze-768x768.jpg 768w\" sizes=\"(max-width: 800px) 100vw, 800px\" \/><\/p>\n<p style=\"text-align: justify;\">Das gem\u00fctliche Zuhause verf\u00fchrt im Winter dazu, t\u00e4glich gen\u00fcsslich zu relaxen. Daf\u00fcr ist die Stabkerze Weihnachtskalender von ferm Living ein toller Begleiter: Jeden Abend schrumpft sie ein wenig, w\u00e4hrend die Vorfreude steigt. Keiner ist traurig, wenn die Adventskerze verschwunden ist. Denn das bedeutet: Es ist Weihnachten!<\/p>\n<h2><span class=\"ez-toc-section\" id=\"Designdeko_mit_Gute-Laune-Garantie_fuer_die_Weihnachtszeit\"><\/span>Designdeko mit Gute-Laune-Garantie f\u00fcr die Weihnachtszeit<span class=\"ez-toc-section-end\"><\/span><\/h2>\n<p style=\"text-align: justify;\">Der ertr\u00e4umte Schnee bleibt aus. Stattdessen pr\u00e4gen Dauerregen und Glatteis das Wetter. Zur Besinnlichkeit regt die unwirtliche Atmosph\u00e4re kaum an.<\/p>\n<p><a href=\"https:\/\/www.raum-blick.de\/pad-camel-kissenhuelle\"><img loading=\"lazy\" decoding=\"async\" class=\"aligncenter wp-image-14317 size-full\" title=\"pad \u2013 Camel Kissenh\u00fclle | ohne F\u00fcllung | Design: pad home design\" src=\"https:\/\/www.raum-blick.de\/magazin\/wp-content\/uploads\/2021\/11\/pad-camel-kissenhuelle.jpg\" alt=\"pad-camel-kissenhuelle\" width=\"800\" height=\"450\" srcset=\"https:\/\/raum-blick.de\/magazin\/wp-content\/uploads\/2021\/11\/pad-camel-kissenhuelle.jpg 800w, https:\/\/raum-blick.de\/magazin\/wp-content\/uploads\/2021\/11\/pad-camel-kissenhuelle-300x169.jpg 300w, https:\/\/raum-blick.de\/magazin\/wp-content\/uploads\/2021\/11\/pad-camel-kissenhuelle-768x432.jpg 768w\" sizes=\"(max-width: 800px) 100vw, 800px\" \/><\/a><\/p>\n<p style=\"text-align: justify;\">Jetzt sind Lichtblicke gefragt, die gute Laune verspr\u00fchen. Daran haben die Weihnachtskollektionen 2021 gedacht. W\u00e4hrend die Regentropfen ans Fenster prasseln, ger\u00e4t der tierische Stimmungsaufheller auf der <a href=\"https:\/\/www.raum-blick.de\/pad-camel-kissenhuelle\">Kissenh\u00fclle Camel<\/a> ins Visier.<\/p>\n<p><a href=\"https:\/\/www.raum-blick.de\/pad-camel-decke\"><img loading=\"lazy\" decoding=\"async\" class=\"aligncenter wp-image-14323 size-full\" title=\"pad \u2013 Camel Decke | weiche und kuschelige Tagesdecke | Design: pad home design\" src=\"https:\/\/www.raum-blick.de\/magazin\/wp-content\/uploads\/2021\/11\/pad-camel-decke.jpg\" alt=\"pad-camel-decke\" width=\"800\" height=\"670\" srcset=\"https:\/\/raum-blick.de\/magazin\/wp-content\/uploads\/2021\/11\/pad-camel-decke.jpg 800w, https:\/\/raum-blick.de\/magazin\/wp-content\/uploads\/2021\/11\/pad-camel-decke-300x251.jpg 300w, https:\/\/raum-blick.de\/magazin\/wp-content\/uploads\/2021\/11\/pad-camel-decke-768x643.jpg 768w\" sizes=\"(max-width: 800px) 100vw, 800px\" \/><\/a><\/p>\n<p style=\"text-align: justify;\">Er l\u00e4dt dazu ein, sich in die passende Decke aus der <a href=\"https:\/\/www.raum-blick.de\/pad\/\">Weihnachtskollektion von pad<\/a> einzukuscheln. Prima verbinden die Accessoires der Designmarke das Praktische mit sch\u00f6ner Weihnachtsdeko. Der l\u00e4stige Dauerregen hat sich am n\u00e4chsten Morgen noch nicht verfl\u00fcchtigt. Das Haus verl\u00e4sst man trotzdem bestens gelaunt.<\/p>\n<p><img loading=\"lazy\" decoding=\"async\" class=\"aligncenter wp-image-14320 size-full\" title=\"Kay Bojesen \u2013 Affe mit Zipfelm\u00fctze | perfektes Weihnachtsgeschenk\" src=\"https:\/\/www.raum-blick.de\/magazin\/wp-content\/uploads\/2021\/11\/kay-bojesen-affe-mit-weihnachtsmuetze.jpg\" alt=\"kay-bojesen-affe-mit-weihnachtsmuetze\" width=\"800\" height=\"780\" srcset=\"https:\/\/raum-blick.de\/magazin\/wp-content\/uploads\/2021\/11\/kay-bojesen-affe-mit-weihnachtsmuetze.jpg 800w, https:\/\/raum-blick.de\/magazin\/wp-content\/uploads\/2021\/11\/kay-bojesen-affe-mit-weihnachtsmuetze-300x293.jpg 300w, https:\/\/raum-blick.de\/magazin\/wp-content\/uploads\/2021\/11\/kay-bojesen-affe-mit-weihnachtsmuetze-768x749.jpg 768w\" sizes=\"(max-width: 800px) 100vw, 800px\" \/><\/p>\n<p style=\"text-align: justify;\">Daf\u00fcr sorgen die Lieblingsst\u00fccke aus den bew\u00e4hrten Weihnachtskollektionen im Flur: Die legend\u00e4ren Affen von Kay Bojesen zu Weihnachten. Dem Anlass entsprechend haben sie sich Zipfelm\u00fctzen aufgesetzt und grinsen vergn\u00fcgt. Das steckt an.<\/p>\n<p><a href=\"https:\/\/www.raum-blick.de\/hoptimist-schneemann\"><img loading=\"lazy\" decoding=\"async\" class=\"aligncenter wp-image-14326 size-full\" title=\"Hoptimist - Schneemann | erinnert an Stunden im Schnee | Design: Hoptimist\" src=\"https:\/\/www.raum-blick.de\/magazin\/wp-content\/uploads\/2021\/11\/hoptimist-schneemann.jpg\" alt=\"hoptimist-schneemann\" width=\"800\" height=\"800\" srcset=\"https:\/\/raum-blick.de\/magazin\/wp-content\/uploads\/2021\/11\/hoptimist-schneemann.jpg 800w, https:\/\/raum-blick.de\/magazin\/wp-content\/uploads\/2021\/11\/hoptimist-schneemann-300x300.jpg 300w, https:\/\/raum-blick.de\/magazin\/wp-content\/uploads\/2021\/11\/hoptimist-schneemann-150x150.jpg 150w, https:\/\/raum-blick.de\/magazin\/wp-content\/uploads\/2021\/11\/hoptimist-schneemann-768x768.jpg 768w\" sizes=\"(max-width: 800px) 100vw, 800px\" \/><\/a><\/p>\n<p style=\"text-align: justify;\">Spontan wird der Kopf des <a href=\"https:\/\/www.raum-blick.de\/hoptimist-schneemann\">Schneemanns von Hoptimist<\/a> get\u00e4tschelt. Die Zuwendung belohnt er mit einem fr\u00f6hlichen Wippen. Jetzt bleibt nur eine M\u00f6glichkeit. Schmunzelnd zuckt man mit den Schultern und greift zum Regenschirm: Egal, bald ist Weihnachten.<\/p>\n<h2><span class=\"ez-toc-section\" id=\"Romantisches_Lichtermeer_fuers_Gemuet\"><\/span>Romantisches Lichtermeer f\u00fcrs Gem\u00fct<span class=\"ez-toc-section-end\"><\/span><\/h2>\n<p style=\"text-align: justify;\">Wenn man sich der Wohnung n\u00e4hert, bemerkt man sofort die geschmackvolle Weihnachtsdeko. Die Glaskugel \u00fcbermittelt jedem Passanten einen festlichen Gru\u00df.<\/p>\n<p><img loading=\"lazy\" decoding=\"async\" class=\"aligncenter wp-image-14312 size-full\" title=\"R\u00e4der Design \u2013 Lichtkugel | von innen beleuchtete Glaskugel | Design: R\u00e4der Design\" src=\"https:\/\/www.raum-blick.de\/magazin\/wp-content\/uploads\/2021\/11\/raeder-design-lichtkugel-led-timer.jpg\" alt=\"raeder-design-lichtkugel-led-timer-weihnachtskollektionen-2021\" width=\"800\" height=\"800\" srcset=\"https:\/\/raum-blick.de\/magazin\/wp-content\/uploads\/2021\/11\/raeder-design-lichtkugel-led-timer.jpg 800w, https:\/\/raum-blick.de\/magazin\/wp-content\/uploads\/2021\/11\/raeder-design-lichtkugel-led-timer-300x300.jpg 300w, https:\/\/raum-blick.de\/magazin\/wp-content\/uploads\/2021\/11\/raeder-design-lichtkugel-led-timer-150x150.jpg 150w, https:\/\/raum-blick.de\/magazin\/wp-content\/uploads\/2021\/11\/raeder-design-lichtkugel-led-timer-768x768.jpg 768w\" sizes=\"(max-width: 800px) 100vw, 800px\" \/><\/p>\n<p style=\"text-align: justify;\">Die Designdeko inszeniert gleichzeitig das zarte Funkeln der integrierten Lichterkette. Das Accessoire aus den Weihnachtskollektionen 2021 von <a href=\"https:\/\/www.raum-blick.de\/raeder\/\">R\u00e4der Design<\/a> l\u00e4sst erahnen, wie gem\u00fctlich das Zuhause dekoriert ist. Wer eintreten darf, wird nicht entt\u00e4uscht.<\/p>\n<p><img loading=\"lazy\" decoding=\"async\" class=\"aligncenter wp-image-14309 size-full\" title=\"K\u00e4hler \u2013 Christmas Tales weihnachtlicher Kerzenhalter mit Figuren\" src=\"https:\/\/www.raum-blick.de\/magazin\/wp-content\/uploads\/2021\/11\/kaehler-christmas-tales-kerzenhalter.jpg\" alt=\"kaehler-christmas-tales-kerzenhalter\" width=\"800\" height=\"470\" srcset=\"https:\/\/raum-blick.de\/magazin\/wp-content\/uploads\/2021\/11\/kaehler-christmas-tales-kerzenhalter.jpg 800w, https:\/\/raum-blick.de\/magazin\/wp-content\/uploads\/2021\/11\/kaehler-christmas-tales-kerzenhalter-300x176.jpg 300w, https:\/\/raum-blick.de\/magazin\/wp-content\/uploads\/2021\/11\/kaehler-christmas-tales-kerzenhalter-768x451.jpg 768w\" sizes=\"(max-width: 800px) 100vw, 800px\" \/><\/p>\n<p style=\"text-align: justify;\">Auf dem K\u00fcchentisch verleiten die Kerzenhalter Christmas Tales von K\u00e4hler zum Tr\u00e4umen. Menschen sollte man Liebe und sich selbst eine wohlverdiente Pause g\u00f6nnen. Daran dachte Thora Finnsdottir, als sie f\u00fcr 2021 die Weihnachtsdeko entwarf. Eleganter pr\u00e4sentiert sich die Kerzendeko auf dem Esstisch im Wohnzimmer, ohne auf Winterromantik zu verzichten.<\/p>\n<p><img loading=\"lazy\" decoding=\"async\" class=\"aligncenter wp-image-14306 size-full\" title=\"Georg Jensen \u2013 Teelichthalter Stern | zweiteiliges Set | Design: Sanne Lund Traberg, 2021\" src=\"https:\/\/www.raum-blick.de\/magazin\/wp-content\/uploads\/2021\/11\/georg-jensen-teelichthalter-stern.jpg\" alt=\"georg-jensen-teelichthalter-stern\" width=\"800\" height=\"260\" srcset=\"https:\/\/raum-blick.de\/magazin\/wp-content\/uploads\/2021\/11\/georg-jensen-teelichthalter-stern.jpg 800w, https:\/\/raum-blick.de\/magazin\/wp-content\/uploads\/2021\/11\/georg-jensen-teelichthalter-stern-300x98.jpg 300w, https:\/\/raum-blick.de\/magazin\/wp-content\/uploads\/2021\/11\/georg-jensen-teelichthalter-stern-768x250.jpg 768w\" sizes=\"(max-width: 800px) 100vw, 800px\" \/><\/p>\n<p style=\"text-align: justify;\">Die vergoldeten Teelichthalter Stern erinnern an das entz\u00fcckende Schauspiel, das man in klaren N\u00e4chten am Himmel erblickt. Mit ein bisschen Gl\u00fcck ergibt sich daf\u00fcr an Weihnachten die Gelegenheit!<\/p>\n<h2><span class=\"ez-toc-section\" id=\"Schmuckstuecke_fuer_den_Star_des_Events\"><\/span>Schmuckst\u00fccke f\u00fcr den Star des Events<span class=\"ez-toc-section-end\"><\/span><\/h2>\n<p style=\"text-align: justify;\">W\u00e4hrend der Adventszeit drapiert man sukzessive die Weihnachtsdeko. Auf der Anrichte haben die h\u00fcbschen Figuren ihren Stammplatz, die man seit Gedenken im Dezember hervorzaubert. H\u00e4ngende Accessoires beleben das Fenster. Kerzenlichter auf den Tischen sorgen f\u00fcr Gem\u00fctlichkeit. Das Highlight gesellt sich aber erst am Heilig Abend hinzu: der liebevoll gestaltete Baum.<\/p>\n<p><img loading=\"lazy\" decoding=\"async\" class=\"aligncenter wp-image-14302 size-full\" title=\"Rosendahl - Karen Blixen Christbaumanh\u00e4nger | Leaf Heart\" src=\"https:\/\/www.raum-blick.de\/magazin\/wp-content\/uploads\/2021\/11\/rosendahl-karen-blixen-christbaumanhaenger.jpg\" alt=\"rosendahl-karen-blixen-christbaumanhaenger\" width=\"800\" height=\"800\" srcset=\"https:\/\/raum-blick.de\/magazin\/wp-content\/uploads\/2021\/11\/rosendahl-karen-blixen-christbaumanhaenger.jpg 800w, https:\/\/raum-blick.de\/magazin\/wp-content\/uploads\/2021\/11\/rosendahl-karen-blixen-christbaumanhaenger-300x300.jpg 300w, https:\/\/raum-blick.de\/magazin\/wp-content\/uploads\/2021\/11\/rosendahl-karen-blixen-christbaumanhaenger-150x150.jpg 150w, https:\/\/raum-blick.de\/magazin\/wp-content\/uploads\/2021\/11\/rosendahl-karen-blixen-christbaumanhaenger-768x768.jpg 768w\" sizes=\"(max-width: 800px) 100vw, 800px\" \/><\/p>\n<p style=\"text-align: justify;\">Wer sich dabei nach frischem Wind sehnt, ist begeistert. Die Weihnachtskollektionen 2021 servieren fabelhafte Ideen. Porzellanherzen, Glask\u00f6rbe, Holzm\u00e4use und Bl\u00e4tter aus Kupfer: Die <a href=\"https:\/\/www.raum-blick.de\/rosendahl\/\">Christbaumanh\u00e4nger Karen Blixen von Rosendahl<\/a> setzen auf einen unkonventionellen Mix. Das gilt f\u00fcr die Materialien und Motive. Gleichzeitig \u00fcberzeugen sie mit ihrer dezenten Eleganz.<\/p>\n<p><img loading=\"lazy\" decoding=\"async\" class=\"aligncenter wp-image-14296 size-full\" title=\"ferm LIVING \u2013 Wing Angels | 2er Set\" src=\"https:\/\/www.raum-blick.de\/magazin\/wp-content\/uploads\/2021\/11\/ferm-living-wing-engel-set.jpg\" alt=\"ferm-living-wing-engel-set-weihnachtskollektionen-2021\" width=\"800\" height=\"800\" srcset=\"https:\/\/raum-blick.de\/magazin\/wp-content\/uploads\/2021\/11\/ferm-living-wing-engel-set.jpg 800w, https:\/\/raum-blick.de\/magazin\/wp-content\/uploads\/2021\/11\/ferm-living-wing-engel-set-300x300.jpg 300w, https:\/\/raum-blick.de\/magazin\/wp-content\/uploads\/2021\/11\/ferm-living-wing-engel-set-150x150.jpg 150w, https:\/\/raum-blick.de\/magazin\/wp-content\/uploads\/2021\/11\/ferm-living-wing-engel-set-768x768.jpg 768w\" sizes=\"(max-width: 800px) 100vw, 800px\" \/><\/p>\n<p style=\"text-align: justify;\">Mit ungew\u00f6hnlichen Werkstoffen \u00fcberrascht ferm Living bei der Weihnachtskollektion: Aus Jute sind die goldigen Wing Angels gefertigt. Papier verwendet die skandinavische Marke f\u00fcr die federleichten Anh\u00e4nger mit Trichterform.<\/p>\n<p><img loading=\"lazy\" decoding=\"async\" class=\"aligncenter wp-image-14293 size-full\" title=\"Holmegaard \u2013 Ann-Sofi Romme Weihnachtsglocke | Christbaumschmuck\" src=\"https:\/\/www.raum-blick.de\/magazin\/wp-content\/uploads\/2021\/11\/holmegaard-ann-sofi-romme-weihnachtsglocke.jpg\" alt=\"holmegaard-ann-sofi-romme-weihnachtsglocke\" width=\"800\" height=\"800\" srcset=\"https:\/\/raum-blick.de\/magazin\/wp-content\/uploads\/2021\/11\/holmegaard-ann-sofi-romme-weihnachtsglocke.jpg 800w, https:\/\/raum-blick.de\/magazin\/wp-content\/uploads\/2021\/11\/holmegaard-ann-sofi-romme-weihnachtsglocke-300x300.jpg 300w, https:\/\/raum-blick.de\/magazin\/wp-content\/uploads\/2021\/11\/holmegaard-ann-sofi-romme-weihnachtsglocke-150x150.jpg 150w, https:\/\/raum-blick.de\/magazin\/wp-content\/uploads\/2021\/11\/holmegaard-ann-sofi-romme-weihnachtsglocke-768x768.jpg 768w\" sizes=\"(max-width: 800px) 100vw, 800px\" \/><\/p>\n<p style=\"text-align: justify;\">Wer es klassisch mag, wird bei <a href=\"https:\/\/www.raum-blick.de\/holmegaard\/\">Holmegaard<\/a> f\u00fcndig. F\u00fcr Weihnachten 2021 entwarf Ann-Sofi Romme Christbaumdeko aus mundgeblasenem Glas. Der Clou der Glocken, Sterne, Kugeln und Herzen: In Kombination mit dem Kerzenschein bringen sie den Weihnachtsbaum zum Strahlen.<\/p>\n<h2><span class=\"ez-toc-section\" id=\"Dekoratives_fuers_kulinarische_Feuerwerk\"><\/span>Dekoratives f\u00fcrs kulinarische Feuerwerk<span class=\"ez-toc-section-end\"><\/span><\/h2>\n<p style=\"text-align: justify;\">Der religi\u00f6se Anlass ist besinnlich. Das Flair balsamiert die Seele. Die Designdeko verw\u00f6hnt das Auge. All das w\u00fcrdigt die ganze Familie. Insgeheim freut sie sich auf etwas anderes: die Leckereien an Weihnachten. Sie schmecken umso besser, wenn sie liebevoll inszeniert werden. F\u00fcr die Gro\u00dfen setzte man vor Wochen den Zimtlik\u00f6r an. Seit Tagen zog der Duft von Pl\u00e4tzchen durch das Haus. Darauf freuen sich die Kleinen.<\/p>\n<p><img loading=\"lazy\" decoding=\"async\" class=\"aligncenter wp-image-14284 size-full\" title=\"Holmegaard \u2013 Christmas Weihnachts-Geb\u00e4ckglas | mit weihnachtlichen Illustrationen\" src=\"https:\/\/www.raum-blick.de\/magazin\/wp-content\/uploads\/2021\/11\/holmegaard-christmas-weihnachts-gebaeckglas.jpg\" alt=\"holmegaard-christmas-weihnachts-gebaeckglas\" width=\"800\" height=\"800\" srcset=\"https:\/\/raum-blick.de\/magazin\/wp-content\/uploads\/2021\/11\/holmegaard-christmas-weihnachts-gebaeckglas.jpg 800w, https:\/\/raum-blick.de\/magazin\/wp-content\/uploads\/2021\/11\/holmegaard-christmas-weihnachts-gebaeckglas-300x300.jpg 300w, https:\/\/raum-blick.de\/magazin\/wp-content\/uploads\/2021\/11\/holmegaard-christmas-weihnachts-gebaeckglas-150x150.jpg 150w, https:\/\/raum-blick.de\/magazin\/wp-content\/uploads\/2021\/11\/holmegaard-christmas-weihnachts-gebaeckglas-768x768.jpg 768w\" sizes=\"(max-width: 800px) 100vw, 800px\" \/><\/p>\n<p style=\"text-align: justify;\">Beides kredenzt die Kollektion Christmas von Holmegaard \u00e4u\u00dferst appetitlich auf dem Sofatisch. Es wird gewiss nicht lange dauern, bis die Kinder zum Geb\u00e4ckglas und die Erwachsenen zur Flasche mit den vertr\u00e4umten Illustrationen greifen.<\/p>\n<p><img loading=\"lazy\" decoding=\"async\" class=\"aligncenter wp-image-14287 size-full\" title=\"Holmegaard \u2013 Christmas Weihnachtsflasche | 730 ml | Design: Jette Fr\u00f6lich, 2021\" src=\"https:\/\/www.raum-blick.de\/magazin\/wp-content\/uploads\/2021\/11\/holmegaard-christmas-weihnachtsflasche.jpg\" alt=\"holmegaard-christmas-weihnachtsflasche-weihnachtskollektionen-2021\" width=\"800\" height=\"800\" srcset=\"https:\/\/raum-blick.de\/magazin\/wp-content\/uploads\/2021\/11\/holmegaard-christmas-weihnachtsflasche.jpg 800w, https:\/\/raum-blick.de\/magazin\/wp-content\/uploads\/2021\/11\/holmegaard-christmas-weihnachtsflasche-300x300.jpg 300w, https:\/\/raum-blick.de\/magazin\/wp-content\/uploads\/2021\/11\/holmegaard-christmas-weihnachtsflasche-150x150.jpg 150w, https:\/\/raum-blick.de\/magazin\/wp-content\/uploads\/2021\/11\/holmegaard-christmas-weihnachtsflasche-768x768.jpg 768w\" sizes=\"(max-width: 800px) 100vw, 800px\" \/><\/p>\n<p style=\"text-align: justify;\">Die Weihnachtsdeko f\u00fcr die Festtafel wuchs einen Monat heran: Am ersten Adventssonntag feierte der edle Weihnachtsrahmen mit einem Kerzenhalter sein Deb\u00fct.<\/p>\n<p><img loading=\"lazy\" decoding=\"async\" class=\"aligncenter wp-image-14274 size-full\" title=\"Georg Jensen \u2013 Christmas Mobile \u201eShooting Star\u201c 2021 | Weihnachtsschmuck\" src=\"https:\/\/www.raum-blick.de\/magazin\/wp-content\/uploads\/2021\/11\/georg-jensen-christmas-mobile-shooting-star-2021.jpg\" alt=\"georg-jensen-christmas-mobile-shooting-star-2021-weihnachtskollektionen-2021\" width=\"800\" height=\"800\" srcset=\"https:\/\/raum-blick.de\/magazin\/wp-content\/uploads\/2021\/11\/georg-jensen-christmas-mobile-shooting-star-2021.jpg 800w, https:\/\/raum-blick.de\/magazin\/wp-content\/uploads\/2021\/11\/georg-jensen-christmas-mobile-shooting-star-2021-300x300.jpg 300w, https:\/\/raum-blick.de\/magazin\/wp-content\/uploads\/2021\/11\/georg-jensen-christmas-mobile-shooting-star-2021-150x150.jpg 150w, https:\/\/raum-blick.de\/magazin\/wp-content\/uploads\/2021\/11\/georg-jensen-christmas-mobile-shooting-star-2021-768x768.jpg 768w\" sizes=\"(max-width: 800px) 100vw, 800px\" \/><\/p>\n<p style=\"text-align: justify;\">In den darauffolgenden Wochen gesellten sich drei Exemplare hinzu. Erg\u00e4nzt wurden au\u00dferdem formsch\u00f6ne Sternanh\u00e4nger aus den Weihnachtskollektionen 2021 von Georg Jensen.<\/p>\n<p><a href=\"https:\/\/www.raum-blick.de\/kaehler-hammershoi-christmas-tischdecke\"><img loading=\"lazy\" decoding=\"async\" class=\"aligncenter wp-image-14264 size-full\" title=\"K\u00e4hler \u2013 Hammershoi Christmas | weihnachtliche Tischdecke mit Dekoration\" src=\"https:\/\/www.raum-blick.de\/magazin\/wp-content\/uploads\/2021\/11\/kaehler-hammershoi-christmas-tischdecke.jpg\" alt=\"kaehler-hammershoi-christmas-tischdecke-weihnachtskollektionen-2021\" width=\"800\" height=\"800\" srcset=\"https:\/\/raum-blick.de\/magazin\/wp-content\/uploads\/2021\/11\/kaehler-hammershoi-christmas-tischdecke.jpg 800w, https:\/\/raum-blick.de\/magazin\/wp-content\/uploads\/2021\/11\/kaehler-hammershoi-christmas-tischdecke-300x300.jpg 300w, https:\/\/raum-blick.de\/magazin\/wp-content\/uploads\/2021\/11\/kaehler-hammershoi-christmas-tischdecke-150x150.jpg 150w, https:\/\/raum-blick.de\/magazin\/wp-content\/uploads\/2021\/11\/kaehler-hammershoi-christmas-tischdecke-768x768.jpg 768w\" sizes=\"(max-width: 800px) 100vw, 800px\" \/><\/a><\/p>\n<p style=\"text-align: justify;\">Flink wird die <a href=\"https:\/\/www.raum-blick.de\/kaehler-hammershoi-christmas-tischdecke\">Hammershoi Tischdecke von K\u00e4hler<\/a> ausgebreitet. Stilvoll belebt sie mit saisonalen Motiven die Tafel und liefert einen willkommenen Kontrast zum Glamour des vergoldeten Arrangements. Damit ist die Designdeko auf der Festtafel perfekt. Frohe Weihnachten!<\/p>\n","protected":false},"excerpt":{"rendered":"<p>Die ganze Familie kommt zusammen. Kuschelig ist die Atmosph\u00e4re. Der Gaumen hat Hochkonjunktur. Weihnachten ist ein unvergleichliches Fest und hat sich wundervolle Designdeko verdient. Daf\u00fcr haben die Kollektionen 2021 tolle Accessoires zu bieten. Advent, Advent, ein Lichtlein brennt &#8230; Jeden Sonntag wird eine Kerze angez\u00fcndet. Sobald das Quartett komplett ist, steht die gro\u00dfe Familienfeier an. [&hellip;]<\/p>\n","protected":false},"author":4,"featured_media":14339,"comment_status":"closed","ping_status":"open","sticky":false,"template":"","format":"standard","meta":{"_et_pb_use_builder":"","_et_pb_old_content":"","_et_gb_content_width":"","inline_featured_image":false,"footnotes":""},"categories":[8],"tags":[1560,710,1562,1563,1571,707,829,1223,342,334,1561,206,1573,341,1570,221,410,357,322,738,288,1566,1569,1270,825,996,133,1567,493,1576,486,1574,1575,1568,1572,1564,1559,733,1565],"class_list":["post-14259","post","type-post","status-publish","format-standard","has-post-thumbnail","hentry","category-features","tag-1560","tag-advent","tag-adventskranz","tag-adventsleuchter","tag-christbaumanhaenger","tag-christbaumschmuck","tag-decke","tag-deko","tag-dekoration","tag-design","tag-designdeko","tag-ferm-living","tag-gebaeckglas","tag-georg-jensen","tag-glaskugel","tag-holmegaard","tag-hoptimist","tag-kaehler","tag-kay-bojesen","tag-kerzen","tag-kerzenhalter","tag-kissenhuelle","tag-lichtkugel","tag-mobile","tag-pad","tag-rosendahl","tag-side-by-side","tag-tagesdecke","tag-teelichthalter","tag-tischdecke","tag-weihnachten","tag-weihnachtlich","tag-weihnachtsflasche","tag-weihnachtsgeschenk","tag-weihnachtsglocke","tag-weihnachtskalender","tag-weihnachtskollektion","tag-weihnachtsschmuck","tag-weihnachtszeit"],"_links":{"self":[{"href":"https:\/\/raum-blick.de\/magazin\/wp-json\/wp\/v2\/posts\/14259","targetHints":{"allow":["GET"]}}],"collection":[{"href":"https:\/\/raum-blick.de\/magazin\/wp-json\/wp\/v2\/posts"}],"about":[{"href":"https:\/\/raum-blick.de\/magazin\/wp-json\/wp\/v2\/types\/post"}],"author":[{"embeddable":true,"href":"https:\/\/raum-blick.de\/magazin\/wp-json\/wp\/v2\/users\/4"}],"replies":[{"embeddable":true,"href":"https:\/\/raum-blick.de\/magazin\/wp-json\/wp\/v2\/comments?post=14259"}],"version-history":[{"count":70,"href":"https:\/\/raum-blick.de\/magazin\/wp-json\/wp\/v2\/posts\/14259\/revisions"}],"predecessor-version":[{"id":20795,"href":"https:\/\/raum-blick.de\/magazin\/wp-json\/wp\/v2\/posts\/14259\/revisions\/20795"}],"wp:featuredmedia":[{"embeddable":true,"href":"https:\/\/raum-blick.de\/magazin\/wp-json\/wp\/v2\/media\/14339"}],"wp:attachment":[{"href":"https:\/\/raum-blick.de\/magazin\/wp-json\/wp\/v2\/media?parent=14259"}],"wp:term":[{"taxonomy":"category","embeddable":true,"href":"https:\/\/raum-blick.de\/magazin\/wp-json\/wp\/v2\/categories?post=14259"},{"taxonomy":"post_tag","embeddable":true,"href":"https:\/\/raum-blick.de\/magazin\/wp-json\/wp\/v2\/tags?post=14259"}],"curies":[{"name":"wp","href":"https:\/\/api.w.org\/{rel}","templated":true}]}}