{"id":14215,"date":"2021-10-27T11:48:06","date_gmt":"2021-10-27T09:48:06","guid":{"rendered":"https:\/\/www.raum-blick.de\/magazin\/?p=14215"},"modified":"2024-08-29T15:32:15","modified_gmt":"2024-08-29T13:32:15","slug":"terrasse-im-winter-nutzen","status":"publish","type":"post","link":"https:\/\/raum-blick.de\/magazin\/terrasse-im-winter-nutzen\/","title":{"rendered":"Terrasse im Winter nutzen"},"content":{"rendered":"<h2><span class=\"ez-toc-section\" id=\"%C2%AB_Gemuetlichkeit_zur_kalten_Jahreszeit_%C2%BB\"><\/span>\u00ab Gem\u00fctlichkeit zur kalten Jahreszeit \u00bb<span class=\"ez-toc-section-end\"><\/span><\/h2>\n<p style=\"text-align: justify;\"><strong>\u00dcber frische Luft freut sich der K\u00f6rper immer. Genussmenschen verstauen ihre Gartenm\u00f6bel nach dem Sommer nicht im Keller. Sie erg\u00e4nzen stattdessen eine Feuerstelle und saisonale Accessoires. So avanciert die Terrasse im Winter zum beliebten Treffpunkt.<\/strong><\/p>\n<h2><span class=\"ez-toc-section\" id=\"Frische_Winterluft_fuers_froehliche_Gemuet\"><\/span>Frische Winterluft f\u00fcrs fr\u00f6hliche Gem\u00fct<span class=\"ez-toc-section-end\"><\/span><\/h2>\n<p style=\"text-align: justify;\">Architekten w\u00e4hlen oft einen Grundriss, bei dem sich die Terrasse direkt ans Haus anschlie\u00dft. Gibt es ein zweites Stockwerk, ist sie meist \u00fcberdacht. Z\u00e4hlt der Baumeister zu den Genie\u00dfern, hat er sogar an einen Au\u00dfenkamin als w\u00e4rmende Feuerstelle f\u00fcr den Winter gedacht. Auf diese Ausstattung trifft man leider nicht \u00fcberall. Sie l\u00e4sst sich aber unkompliziert erg\u00e4nzen. Den Grundstein legt man mit einer Pergola, die bei Bedarf mit einem seitlichen Wetterschutz ausgestattet ist. Jetzt fehlt lediglich eine W\u00e4rmequelle. Schon kann man die Terrasse im Winter nutzen. Es ist romantisch, wenn Flammen in einer Feuerstelle lodern. Das Schauspiel erwartet aber einige Vorbereitungen. Sofort einsatzbereit ist hingegen der <a href=\"https:\/\/www.raum-blick.de\/eva-solo-heatup-terrassenwaermer\">elektrische Terrassenw\u00e4rmer HeatUp von Eva Solo<\/a>.<\/p><div id=\"ez-toc-container\" class=\"ez-toc-v2_0_82_2 counter-hierarchy ez-toc-counter ez-toc-grey ez-toc-container-direction\">\n<div class=\"ez-toc-title-container\">\n<p class=\"ez-toc-title\" style=\"cursor:inherit\">Was hier auf Sie wartet<\/p>\n<span class=\"ez-toc-title-toggle\"><a href=\"#\" class=\"ez-toc-pull-right ez-toc-btn ez-toc-btn-xs ez-toc-btn-default ez-toc-toggle\" aria-label=\"Toggle Table of Content\"><span class=\"ez-toc-js-icon-con\"><span class=\"\"><span class=\"eztoc-hide\" style=\"display:none;\">Toggle<\/span><span class=\"ez-toc-icon-toggle-span\"><svg style=\"fill: #999;color:#999\" xmlns=\"http:\/\/www.w3.org\/2000\/svg\" class=\"list-377408\" width=\"20px\" height=\"20px\" viewBox=\"0 0 24 24\" fill=\"none\"><path d=\"M6 6H4v2h2V6zm14 0H8v2h12V6zM4 11h2v2H4v-2zm16 0H8v2h12v-2zM4 16h2v2H4v-2zm16 0H8v2h12v-2z\" fill=\"currentColor\"><\/path><\/svg><svg style=\"fill: #999;color:#999\" class=\"arrow-unsorted-368013\" xmlns=\"http:\/\/www.w3.org\/2000\/svg\" width=\"10px\" height=\"10px\" viewBox=\"0 0 24 24\" version=\"1.2\" baseProfile=\"tiny\"><path d=\"M18.2 9.3l-6.2-6.3-6.2 6.3c-.2.2-.3.4-.3.7s.1.5.3.7c.2.2.4.3.7.3h11c.3 0 .5-.1.7-.3.2-.2.3-.5.3-.7s-.1-.5-.3-.7zM5.8 14.7l6.2 6.3 6.2-6.3c.2-.2.3-.5.3-.7s-.1-.5-.3-.7c-.2-.2-.4-.3-.7-.3h-11c-.3 0-.5.1-.7.3-.2.2-.3.5-.3.7s.1.5.3.7z\"\/><\/svg><\/span><\/span><\/span><\/a><\/span><\/div>\n<nav><ul class='ez-toc-list ez-toc-list-level-1 ' ><li class='ez-toc-page-1 ez-toc-heading-level-2'><a class=\"ez-toc-link ez-toc-heading-1\" href=\"https:\/\/raum-blick.de\/magazin\/terrasse-im-winter-nutzen\/#%C2%AB_Gemuetlichkeit_zur_kalten_Jahreszeit_%C2%BB\" >\u00ab Gem\u00fctlichkeit zur kalten Jahreszeit \u00bb<\/a><\/li><li class='ez-toc-page-1 ez-toc-heading-level-2'><a class=\"ez-toc-link ez-toc-heading-2\" href=\"https:\/\/raum-blick.de\/magazin\/terrasse-im-winter-nutzen\/#Frische_Winterluft_fuers_froehliche_Gemuet\" >Frische Winterluft f\u00fcrs fr\u00f6hliche Gem\u00fct<\/a><\/li><li class='ez-toc-page-1 ez-toc-heading-level-2'><a class=\"ez-toc-link ez-toc-heading-3\" href=\"https:\/\/raum-blick.de\/magazin\/terrasse-im-winter-nutzen\/#Feuriger_Seelenbalsam_statt_TV-Berieselung\" >Feuriger Seelenbalsam statt TV-Berieselung<\/a><\/li><li class='ez-toc-page-1 ez-toc-heading-level-2'><a class=\"ez-toc-link ez-toc-heading-4\" href=\"https:\/\/raum-blick.de\/magazin\/terrasse-im-winter-nutzen\/#Unterschaetzte_Highlights_Gartenpartys_zur_Winterzeit\" >Untersch\u00e4tzte Highlights: Gartenpartys zur Winterzeit<\/a><\/li><li class='ez-toc-page-1 ez-toc-heading-level-2'><a class=\"ez-toc-link ez-toc-heading-5\" href=\"https:\/\/raum-blick.de\/magazin\/terrasse-im-winter-nutzen\/#Winterromantik_im_Freien_Gestaltungsideen_und_Accessoires\" >Winterromantik im Freien: Gestaltungsideen und Accessoires<\/a><\/li><\/ul><\/nav><\/div>\n\n<p><img loading=\"lazy\" decoding=\"async\" class=\"aligncenter wp-image-14227 size-full\" title=\"Eva Solo \u2013 HeatUp Wand Terrassenheizstrahler | elektrisch | Design: Eva Solo\" src=\"https:\/\/www.raum-blick.de\/magazin\/wp-content\/uploads\/2021\/11\/eva-solo-heatup-wand-terrassenwaermer.jpg\" alt=\"eva-solo-heatup-wand-terrassenwaermer-terrasse-im-winter-nutzen\" width=\"800\" height=\"800\" srcset=\"https:\/\/raum-blick.de\/magazin\/wp-content\/uploads\/2021\/11\/eva-solo-heatup-wand-terrassenwaermer.jpg 800w, https:\/\/raum-blick.de\/magazin\/wp-content\/uploads\/2021\/11\/eva-solo-heatup-wand-terrassenwaermer-300x300.jpg 300w, https:\/\/raum-blick.de\/magazin\/wp-content\/uploads\/2021\/11\/eva-solo-heatup-wand-terrassenwaermer-150x150.jpg 150w, https:\/\/raum-blick.de\/magazin\/wp-content\/uploads\/2021\/11\/eva-solo-heatup-wand-terrassenwaermer-768x768.jpg 768w\" sizes=\"(max-width: 800px) 100vw, 800px\" \/><\/p>\n<p style=\"text-align: justify;\">Passend zur Au\u00dfentemperatur w\u00e4hlt man die geeignete Heizstufe. So verbraucht der W\u00e4rmespender nicht mehr Strom als notwendig. Die leichte Handhabung inspiriert dazu, neue Gewohnheiten zu etablieren: Nach dem Fr\u00fchst\u00fcck schenkt man sich den zweiten Kaffee ein. Damit wird nicht der K\u00fcchentisch, sondern die Terrasse angesteuert.<\/p>\n<p><a href=\"https:\/\/www.raum-blick.de\/eva-solo-heatup-terrassenwaermer\"><img loading=\"lazy\" decoding=\"async\" class=\"aligncenter wp-image-14222 size-full\" title=\"Eva Solo HeatUp Terrassenw\u00e4rmer | elektrischer Heizstrahler | Design: Tools\u00ae\" src=\"https:\/\/www.raum-blick.de\/magazin\/wp-content\/uploads\/2021\/11\/Eva-Solo-HeatUp-Terrassenwaermer.jpg\" alt=\"Eva Solo HeatUp Terrassenwaermer terrasse-im-winter-nutzen\" width=\"700\" height=\"700\" srcset=\"https:\/\/raum-blick.de\/magazin\/wp-content\/uploads\/2021\/11\/Eva-Solo-HeatUp-Terrassenwaermer.jpg 700w, https:\/\/raum-blick.de\/magazin\/wp-content\/uploads\/2021\/11\/Eva-Solo-HeatUp-Terrassenwaermer-300x300.jpg 300w, https:\/\/raum-blick.de\/magazin\/wp-content\/uploads\/2021\/11\/Eva-Solo-HeatUp-Terrassenwaermer-150x150.jpg 150w\" sizes=\"(max-width: 700px) 100vw, 700px\" \/><\/a><\/p>\n<p style=\"text-align: justify;\">W\u00e4hrend man am Hei\u00dfgetr\u00e4nk nippt, zeigt die Extraportion Sauerstoff ihre Wirkung. Sie verscheucht die restliche M\u00fcdigkeit. Der Heizstrahler sorgt parallel daf\u00fcr, dass man im Winter nicht fr\u00f6stelt. Das neue Morgenritual vollbringt Wunder: Bestens gelaunt stellt man sich den Herausforderungen des Tages.<\/p>\n<h2><span class=\"ez-toc-section\" id=\"Feuriger_Seelenbalsam_statt_TV-Berieselung\"><\/span>Feuriger Seelenbalsam statt TV-Berieselung<span class=\"ez-toc-section-end\"><\/span><\/h2>\n<p style=\"text-align: justify;\">Tags\u00fcber verbringt man viele Stunden im B\u00fcro. Mit dem Auto geht es nach Hause, um den Feierabend auf dem Sofa zu verbringen. Den meisten Menschen kommt ein Intermezzo auf der Terrasse im Winter nicht in den Sinn. Das ist schade: Bei trockenem Wetter wirkt die frische Luft belebend. Oft ist der Himmel klar und verw\u00f6hnt das Auge mit funkelnden Sternen.<\/p>\n<div class='et-box et-note'>\n\t\t\t\t\t<div class='et-box-content'>K\u00e4lte ist kein Gegenargument: Sie erh\u00e4lt sogar einen romantischen Touch, wenn man mit der kuscheligen Strickjacke neben einer Feuerstelle relaxt.<\/div><\/div>\n<p style=\"text-align: justify;\">Wer vom Winterabend mitten im Garten tr\u00e4umt, g\u00f6nnt sich eine offen gestaltete Feuerschale. Daf\u00fcr ist die <a href=\"https:\/\/www.raum-blick.de\/muellernkontor-solix-feuerschale\">Solix von M\u00fcllernkontor<\/a> ein gelungenes Beispiel. Mit der Rostpatina und der aufgef\u00e4cherten Gestaltung integriert sie sich ansprechend ins nat\u00fcrliche Umfeld. So wertet die runde Feuerstelle die Au\u00dfenanlage auch dann auf, wenn sie nicht im Einsatz ist. Die praktischen Vorz\u00fcge des Designs offenbaren sich bei der Nutzung: Die Schlitze im Stahlblech dienen der Bel\u00fcftung. Das Feuer f\u00fcr den gem\u00fctlichen Abend ist deshalb flink entfacht.<\/p>\n<p><a href=\"https:\/\/www.raum-blick.de\/muellernkontor-solix-feuerschale\"><img loading=\"lazy\" decoding=\"async\" class=\"aligncenter wp-image-14240 size-full\" title=\"Solix Feuerschale | aus dickem Stahl gefertigt\" src=\"https:\/\/www.raum-blick.de\/magazin\/wp-content\/uploads\/2021\/11\/muellernkontor-solix-feuerschale.jpg\" alt=\"muellernkontor-solix-feuerschale\" width=\"800\" height=\"800\" srcset=\"https:\/\/raum-blick.de\/magazin\/wp-content\/uploads\/2021\/11\/muellernkontor-solix-feuerschale.jpg 800w, https:\/\/raum-blick.de\/magazin\/wp-content\/uploads\/2021\/11\/muellernkontor-solix-feuerschale-300x300.jpg 300w, https:\/\/raum-blick.de\/magazin\/wp-content\/uploads\/2021\/11\/muellernkontor-solix-feuerschale-150x150.jpg 150w, https:\/\/raum-blick.de\/magazin\/wp-content\/uploads\/2021\/11\/muellernkontor-solix-feuerschale-768x768.jpg 768w\" sizes=\"(max-width: 800px) 100vw, 800px\" \/><\/a><\/p>\n<p style=\"text-align: justify;\">Ein Gl\u00fccksgriff ist die <a href=\"https:\/\/www.raum-blick.de\/eva-solo-fireglobe-feuerschale\">Fireglobe von Eva Solo<\/a>, wenn man die Terrasse im Winter nutzen m\u00f6chte. Versiert entschied sich die skandinavische Marke daf\u00fcr, die Feuerschale als Halbkugel zu konzipieren und mit F\u00fc\u00dfen auszustatten. Die Form dient als Windschutz und lenkt die Hitze in eine Richtung. Wunderbar kommen die Flammen durch die erh\u00f6hte Position zur Geltung.<\/p>\n<p><a href=\"https:\/\/www.raum-blick.de\/eva-solo-fireglobe-feuerschale\"><img loading=\"lazy\" decoding=\"async\" class=\"aligncenter wp-image-14238 size-full\" title=\"Eva Solo \u2013 Feuerschale FireGlobe | auf Aluminium-Beinen | Design: Claus Jensen und Henrik Holb\u00e6k\" src=\"https:\/\/www.raum-blick.de\/magazin\/wp-content\/uploads\/2021\/11\/eva-solo-fireglobe-feuerschale.jpg\" alt=\"eva-solo-fireglobe-feuerschale-terrasse-im-winter-nutzen\" width=\"800\" height=\"800\" srcset=\"https:\/\/raum-blick.de\/magazin\/wp-content\/uploads\/2021\/11\/eva-solo-fireglobe-feuerschale.jpg 800w, https:\/\/raum-blick.de\/magazin\/wp-content\/uploads\/2021\/11\/eva-solo-fireglobe-feuerschale-300x300.jpg 300w, https:\/\/raum-blick.de\/magazin\/wp-content\/uploads\/2021\/11\/eva-solo-fireglobe-feuerschale-150x150.jpg 150w, https:\/\/raum-blick.de\/magazin\/wp-content\/uploads\/2021\/11\/eva-solo-fireglobe-feuerschale-768x768.jpg 768w\" sizes=\"(max-width: 800px) 100vw, 800px\" \/><\/a><\/p>\n<p style=\"text-align: justify;\">Erwartungsvoll beobachtet man, wie sich die Holzscheite entz\u00fcnden. Kurz darauf sp\u00fcrt man die wohlige W\u00e4rme. Ein uriger Duft umgarnt die Nase, w\u00e4hrend man am Gl\u00fchwein nippt und den Sternenhimmel bewundert. Genie\u00dfer stellen in diesem Moment entz\u00fcckt fest: Das sinnliche Wohlf\u00fchlflair auf der Terrasse verscheucht den allt\u00e4glichen Stress schneller als der gew\u00f6hnliche Fernsehabend im Wohnzimmer.<\/p>\n<h2><span class=\"ez-toc-section\" id=\"Unterschaetzte_Highlights_Gartenpartys_zur_Winterzeit\"><\/span>Untersch\u00e4tzte Highlights: Gartenpartys zur Winterzeit<span class=\"ez-toc-section-end\"><\/span><\/h2>\n<p style=\"text-align: justify;\">Halloween, Sankt Martin, erster Advent, Nikolaus und Sonnenwende: Im Herbst und Winter gibt es reichlich Anl\u00e4sse, um G\u00e4ste einzuladen. K\u00fcndigt man mitten in der kalten Jahreszeit eine Grillparty an, sind die Freunde zun\u00e4chst skeptisch. Das Blatt wendet sich nach dem Eintreffen. Binnen von Minuten ger\u00e4t die G\u00e4steschar ins Schw\u00e4rmen, wenn das behagliche Ambiente die Seele balsamiert. Bei der Grundausstattung sorgte man daf\u00fcr, dass die Terrasse im Winter attraktiv bleibt:<\/p>\n<p><a href=\"https:\/\/www.raum-blick.de\/hoefats-cube-feuerkorb\"><img loading=\"lazy\" decoding=\"async\" class=\"aligncenter wp-image-14246 size-full\" title=\"h\u00f6fats CUBE Feuerstelle | Feuerkorb &amp; Hocker\" src=\"https:\/\/www.raum-blick.de\/magazin\/wp-content\/uploads\/2021\/11\/hoefats-cube-feuerkorb.jpg\" alt=\"hoefats-cube-feuerkorb-terrasse-im-winter-nutzen\" width=\"800\" height=\"350\" srcset=\"https:\/\/raum-blick.de\/magazin\/wp-content\/uploads\/2021\/11\/hoefats-cube-feuerkorb.jpg 800w, https:\/\/raum-blick.de\/magazin\/wp-content\/uploads\/2021\/11\/hoefats-cube-feuerkorb-300x131.jpg 300w, https:\/\/raum-blick.de\/magazin\/wp-content\/uploads\/2021\/11\/hoefats-cube-feuerkorb-768x336.jpg 768w\" sizes=\"(max-width: 800px) 100vw, 800px\" \/><\/a><\/p>\n<p style=\"text-align: justify;\">Dort befinden sich viermal der <a href=\"https:\/\/www.raum-blick.de\/hoefats-cube-feuerkorb\">H\u00f6fats Cube<\/a>, die im Sommer als Sitzgelegenheiten oder Beistelltische fungieren. Sp\u00e4testens beim winterlichen Grillfest offenbaren die <a href=\"https:\/\/www.raum-blick.de\/hoefats\/\">Allesk\u00f6nner von h\u00f6fats<\/a> ihre verborgenen Talente. Ein Exemplar wird umgedreht und dient als Feuerkorb. Wer friert, sichert sich direkt daneben einen Platz am Stehtisch. F\u00fcr diesen Treffpunkt wurden zwei der Allg\u00e4uer Multitalente gestapelt. Das Zubeh\u00f6r der bayerischen Marke bringt man beim vierten Stahlhocker ins Spiel. Dadurch wird er zum Grill. Los geht es, sobald die Sonne untergeht. Romantik pur erwartet die Partyg\u00e4ste.<\/p>\n<p><a href=\"https:\/\/www.raum-blick.de\/hoefats-cube-feuerkorb\"><img loading=\"lazy\" decoding=\"async\" class=\"aligncenter wp-image-14248 size-full\" title=\"Der Feuerkorb CUBE von h\u00f6fats ist mehr als &quot;nur&quot; eine Feuerstelle\" src=\"https:\/\/www.raum-blick.de\/magazin\/wp-content\/uploads\/2021\/11\/hoefats-cube.jpg\" alt=\"hoefats-cube\" width=\"800\" height=\"800\" srcset=\"https:\/\/raum-blick.de\/magazin\/wp-content\/uploads\/2021\/11\/hoefats-cube.jpg 800w, https:\/\/raum-blick.de\/magazin\/wp-content\/uploads\/2021\/11\/hoefats-cube-300x300.jpg 300w, https:\/\/raum-blick.de\/magazin\/wp-content\/uploads\/2021\/11\/hoefats-cube-150x150.jpg 150w, https:\/\/raum-blick.de\/magazin\/wp-content\/uploads\/2021\/11\/hoefats-cube-768x768.jpg 768w\" sizes=\"(max-width: 800px) 100vw, 800px\" \/><\/a><\/p>\n<p style=\"text-align: justify;\">Stockbrot und Kartoffeln gibt es an der lodernden Feuerstelle. Wer den anderen Korb ansteuert, wird mit Rostbratw\u00fcrstchen verw\u00f6hnt. Vorprogrammiert sind Lobeshymnen f\u00fcr die Idee, drau\u00dfen ein Fest zu organisieren. Dabei m\u00fcssen die Gastgeber schmunzeln: Kaum der Rede wert waren die Vorbereitungen. Catering, Deko und Atmosph\u00e4re: Alles ergab sich durch die Feuerk\u00f6rbe von selbst.<\/p>\n<h2><span class=\"ez-toc-section\" id=\"Winterromantik_im_Freien_Gestaltungsideen_und_Accessoires\"><\/span>Winterromantik im Freien: Gestaltungsideen und Accessoires<span class=\"ez-toc-section-end\"><\/span><\/h2>\n<p style=\"text-align: justify;\">Frischluftfans bedenken schon bei der Gartengestaltung, dass sie die Terrasse im Winter nutzen m\u00f6chten. Die Au\u00dfenm\u00f6bel sind aus wetterfestem Teakholz gefertigt. Es spricht nichts dagegen, dass sie rund ums Jahr drau\u00dfen bleiben. Die liebevoll angelegten Beete befinden sich im Winterschlaf. Das Auge entdeckt trotzdem ein paar Farbtupfer:<\/p>\n<p><img loading=\"lazy\" decoding=\"async\" class=\"aligncenter wp-image-14256 size-full\" title=\"Silkeborg Uldspinderi \u2013 Bog\u00f8 Wolldecke | 140x240 cm\" src=\"https:\/\/www.raum-blick.de\/magazin\/wp-content\/uploads\/2021\/11\/silkeborg-uldspinderi-bogoe-wolldecke.jpg\" alt=\"silkeborg-uldspinderi-bogoe-wolldecke\" width=\"800\" height=\"800\" srcset=\"https:\/\/raum-blick.de\/magazin\/wp-content\/uploads\/2021\/11\/silkeborg-uldspinderi-bogoe-wolldecke.jpg 800w, https:\/\/raum-blick.de\/magazin\/wp-content\/uploads\/2021\/11\/silkeborg-uldspinderi-bogoe-wolldecke-300x300.jpg 300w, https:\/\/raum-blick.de\/magazin\/wp-content\/uploads\/2021\/11\/silkeborg-uldspinderi-bogoe-wolldecke-150x150.jpg 150w, https:\/\/raum-blick.de\/magazin\/wp-content\/uploads\/2021\/11\/silkeborg-uldspinderi-bogoe-wolldecke-768x768.jpg 768w\" sizes=\"(max-width: 800px) 100vw, 800px\" \/><\/p>\n<p style=\"text-align: justify;\">Bunte Pflanzgef\u00e4\u00dfe wurden mit Muschelzypressen, Balsamtannen und Kegelfichten best\u00fcckt. Die Nadelzwerge wachsen j\u00e4hrlich nur wenige Zentimeter. Sie beleben nicht nur das Flair, sondern assistieren im Winter auch bei der Deko: Es gen\u00fcgt, Lichterketten zu erg\u00e4nzen. Schon wirken die Nadelgew\u00e4chse wie Weihnachtsb\u00e4ume.<\/p>\n<p><img loading=\"lazy\" decoding=\"async\" class=\"aligncenter wp-image-14254 size-full\" title=\"Kooduu \u2013 Lite-up play Lautsprecher &amp; Lampe | tragbar &amp; kabellos | Design: Kooduu\" src=\"https:\/\/www.raum-blick.de\/magazin\/wp-content\/uploads\/2021\/11\/kooduu-lite-up-play-led-lampe-mit-bluetooth-lautsprecher.jpg\" alt=\"kooduu-lite-up-play-led-lampe-mit-bluetooth-lautsprecher\" width=\"800\" height=\"800\" srcset=\"https:\/\/raum-blick.de\/magazin\/wp-content\/uploads\/2021\/11\/kooduu-lite-up-play-led-lampe-mit-bluetooth-lautsprecher.jpg 800w, https:\/\/raum-blick.de\/magazin\/wp-content\/uploads\/2021\/11\/kooduu-lite-up-play-led-lampe-mit-bluetooth-lautsprecher-300x300.jpg 300w, https:\/\/raum-blick.de\/magazin\/wp-content\/uploads\/2021\/11\/kooduu-lite-up-play-led-lampe-mit-bluetooth-lautsprecher-150x150.jpg 150w, https:\/\/raum-blick.de\/magazin\/wp-content\/uploads\/2021\/11\/kooduu-lite-up-play-led-lampe-mit-bluetooth-lautsprecher-768x768.jpg 768w\" sizes=\"(max-width: 800px) 100vw, 800px\" \/><\/p>\n<p style=\"text-align: justify;\">Bei der kurzen Kaffeepause aktiviert man den Heizstrahler. Wird der Feierabend drau\u00dfen verbracht, hat der Feuerkorb seine Sternstunde. Kommt er zum Einsatz, gesellen sich zwei Lieblingsaccessoires hinzu: Die <a href=\"https:\/\/www.raum-blick.de\/silkeborg\/\">flauschige Wolldecke von Silkeborg<\/a> unterst\u00fctzt die w\u00e4rmende Wirkung des Feuers. Das Multitalent Lite-up play von Kooduu durchbricht sanft das Dunkle. Die Akkulampe hat einen Lautsprecher an Bord, der dem entspannten Winterabend dank Bluetooth das musikalische i-T\u00fcpfelchen aufsetzt.<\/p>\n","protected":false},"excerpt":{"rendered":"<p>\u00ab Gem\u00fctlichkeit zur kalten Jahreszeit \u00bb \u00dcber frische Luft freut sich der K\u00f6rper immer. Genussmenschen verstauen ihre Gartenm\u00f6bel nach dem Sommer nicht im Keller. Sie erg\u00e4nzen stattdessen eine Feuerstelle und saisonale Accessoires. So avanciert die Terrasse im Winter zum beliebten Treffpunkt. Frische Winterluft f\u00fcrs fr\u00f6hliche Gem\u00fct Architekten w\u00e4hlen oft einen Grundriss, bei dem sich die [&hellip;]<\/p>\n","protected":false},"author":4,"featured_media":14220,"comment_status":"closed","ping_status":"open","sticky":false,"template":"","format":"standard","meta":{"_et_pb_use_builder":"","_et_pb_old_content":"","_et_gb_content_width":"","inline_featured_image":false,"footnotes":""},"categories":[6],"tags":[517,18,573,1092,714,618,740,1093,158,571,702,616,552,1315,1558,94,1557,868,1556,1286],"class_list":["post-14215","post","type-post","status-publish","format-standard","has-post-thumbnail","hentry","category-draussen","tag-accessoires","tag-eva-solo","tag-feuerkorb","tag-feuerschale","tag-feuerstelle","tag-gartenparty","tag-gestaltungsideen","tag-heizstrahler","tag-hocker","tag-hoefats","tag-kooduu","tag-lampe","tag-lautsprecher","tag-silkeborg","tag-solix","tag-terrasse","tag-terrassenheizstrahler","tag-terrassenwaermer","tag-winter","tag-wolldecke"],"_links":{"self":[{"href":"https:\/\/raum-blick.de\/magazin\/wp-json\/wp\/v2\/posts\/14215","targetHints":{"allow":["GET"]}}],"collection":[{"href":"https:\/\/raum-blick.de\/magazin\/wp-json\/wp\/v2\/posts"}],"about":[{"href":"https:\/\/raum-blick.de\/magazin\/wp-json\/wp\/v2\/types\/post"}],"author":[{"embeddable":true,"href":"https:\/\/raum-blick.de\/magazin\/wp-json\/wp\/v2\/users\/4"}],"replies":[{"embeddable":true,"href":"https:\/\/raum-blick.de\/magazin\/wp-json\/wp\/v2\/comments?post=14215"}],"version-history":[{"count":35,"href":"https:\/\/raum-blick.de\/magazin\/wp-json\/wp\/v2\/posts\/14215\/revisions"}],"predecessor-version":[{"id":20778,"href":"https:\/\/raum-blick.de\/magazin\/wp-json\/wp\/v2\/posts\/14215\/revisions\/20778"}],"wp:featuredmedia":[{"embeddable":true,"href":"https:\/\/raum-blick.de\/magazin\/wp-json\/wp\/v2\/media\/14220"}],"wp:attachment":[{"href":"https:\/\/raum-blick.de\/magazin\/wp-json\/wp\/v2\/media?parent=14215"}],"wp:term":[{"taxonomy":"category","embeddable":true,"href":"https:\/\/raum-blick.de\/magazin\/wp-json\/wp\/v2\/categories?post=14215"},{"taxonomy":"post_tag","embeddable":true,"href":"https:\/\/raum-blick.de\/magazin\/wp-json\/wp\/v2\/tags?post=14215"}],"curies":[{"name":"wp","href":"https:\/\/api.w.org\/{rel}","templated":true}]}}