{"id":14136,"date":"2021-10-15T16:45:04","date_gmt":"2021-10-15T14:45:04","guid":{"rendered":"https:\/\/www.raum-blick.de\/magazin\/?p=14136"},"modified":"2024-08-30T12:09:40","modified_gmt":"2024-08-30T10:09:40","slug":"alles-auf-herbst","status":"publish","type":"post","link":"https:\/\/raum-blick.de\/magazin\/alles-auf-herbst\/","title":{"rendered":"Alles auf Herbst \u2013 der RAUM-BLICK Oktober"},"content":{"rendered":"<p style=\"text-align: justify;\">Mit dem Sommer lief es in diesem Jahr ja bekanntlich nicht so optimal \u2013 der Herbst gibt daf\u00fcr jetzt im Oktober noch einmal alles. Und daran haben wir uns ein Beispiel genommen. Zun\u00e4chst haben wir uns \u00fcberlegt, dass es Zeit daf\u00fcr ist, unseren Kunden etwas Gutes zu tun. Deshalb haben wir f\u00fcr unsere Fans in den sozialen Medien ein <a href=\"https:\/\/www.instagram.com\/p\/CVAdVj3szDm\/\" target=\"_blank\" rel=\"noopener\">gro\u00dfes Gewinnspiel<\/a> rund um das Thema Badezimmer-Einrichtung ins Leben gerufen.<\/p>\n<div class='et-box et-note'>\n\t\t\t\t\t<div class='et-box-content'>Und die drei gro\u00dfen Preise f\u00fcr die Sieger k\u00f6nnen sich sehen lassen \u2013 wir werden berichten, wer sein Badezimmer in eine Wellness-Oase verwandeln durfte.<\/div><\/div>\n<p style=\"text-align: justify;\">Doch auch sonst hat sich einiges getan.<\/p><div id=\"ez-toc-container\" class=\"ez-toc-v2_0_82_2 counter-hierarchy ez-toc-counter ez-toc-grey ez-toc-container-direction\">\n<div class=\"ez-toc-title-container\">\n<p class=\"ez-toc-title\" style=\"cursor:inherit\">Was hier auf Sie wartet<\/p>\n<span class=\"ez-toc-title-toggle\"><a href=\"#\" class=\"ez-toc-pull-right ez-toc-btn ez-toc-btn-xs ez-toc-btn-default ez-toc-toggle\" aria-label=\"Toggle Table of Content\"><span class=\"ez-toc-js-icon-con\"><span class=\"\"><span class=\"eztoc-hide\" style=\"display:none;\">Toggle<\/span><span class=\"ez-toc-icon-toggle-span\"><svg style=\"fill: #999;color:#999\" xmlns=\"http:\/\/www.w3.org\/2000\/svg\" class=\"list-377408\" width=\"20px\" height=\"20px\" viewBox=\"0 0 24 24\" fill=\"none\"><path d=\"M6 6H4v2h2V6zm14 0H8v2h12V6zM4 11h2v2H4v-2zm16 0H8v2h12v-2zM4 16h2v2H4v-2zm16 0H8v2h12v-2z\" fill=\"currentColor\"><\/path><\/svg><svg style=\"fill: #999;color:#999\" class=\"arrow-unsorted-368013\" xmlns=\"http:\/\/www.w3.org\/2000\/svg\" width=\"10px\" height=\"10px\" viewBox=\"0 0 24 24\" version=\"1.2\" baseProfile=\"tiny\"><path d=\"M18.2 9.3l-6.2-6.3-6.2 6.3c-.2.2-.3.4-.3.7s.1.5.3.7c.2.2.4.3.7.3h11c.3 0 .5-.1.7-.3.2-.2.3-.5.3-.7s-.1-.5-.3-.7zM5.8 14.7l6.2 6.3 6.2-6.3c.2-.2.3-.5.3-.7s-.1-.5-.3-.7c-.2-.2-.4-.3-.7-.3h-11c-.3 0-.5.1-.7.3-.2.2-.3.5-.3.7s.1.5.3.7z\"\/><\/svg><\/span><\/span><\/span><\/a><\/span><\/div>\n<nav><ul class='ez-toc-list ez-toc-list-level-1 ' ><li class='ez-toc-page-1 ez-toc-heading-level-2'><a class=\"ez-toc-link ez-toc-heading-1\" href=\"https:\/\/raum-blick.de\/magazin\/alles-auf-herbst\/#Zu_Gast_bei_Freunden\" >Zu Gast bei Freunden<\/a><\/li><li class='ez-toc-page-1 ez-toc-heading-level-2'><a class=\"ez-toc-link ez-toc-heading-2\" href=\"https:\/\/raum-blick.de\/magazin\/alles-auf-herbst\/#Ein_Blick_nach_Daenemark\" >Ein Blick nach D\u00e4nemark<\/a><\/li><\/ul><\/nav><\/div>\n\n<h2><span class=\"ez-toc-section\" id=\"Zu_Gast_bei_Freunden\"><\/span>Zu Gast bei Freunden<span class=\"ez-toc-section-end\"><\/span><\/h2>\n<p style=\"text-align: justify;\">Unsere Kooperationspartnerinnen der Instagram-Profile <a href=\"https:\/\/www.instagram.com\/froehlicheszuhause\/\" rel=\"nofollow noopener\" target=\"_blank\">@froehlicheszuhause<\/a> und <a href=\"https:\/\/www.instagram.com\/herein.spaziert\/\" rel=\"nofollow noopener\" target=\"_blank\">@herein.spaziert<\/a> haben uns die T\u00fcren in ihre eignen vier W\u00e4nde ge\u00f6ffnet.<\/p>\n<p><img loading=\"lazy\" decoding=\"async\" class=\"aligncenter wp-image-14163 size-full\" title=\"OYOY Toppu Schale\" src=\"https:\/\/www.raum-blick.de\/magazin\/wp-content\/uploads\/2021\/11\/oyoy-ferm-living.jpg\" alt=\"oyoy-ferm-living alles-auf-herbst\" width=\"800\" height=\"800\" srcset=\"https:\/\/raum-blick.de\/magazin\/wp-content\/uploads\/2021\/11\/oyoy-ferm-living.jpg 800w, https:\/\/raum-blick.de\/magazin\/wp-content\/uploads\/2021\/11\/oyoy-ferm-living-300x300.jpg 300w, https:\/\/raum-blick.de\/magazin\/wp-content\/uploads\/2021\/11\/oyoy-ferm-living-150x150.jpg 150w, https:\/\/raum-blick.de\/magazin\/wp-content\/uploads\/2021\/11\/oyoy-ferm-living-768x768.jpg 768w\" sizes=\"(max-width: 800px) 100vw, 800px\" \/><\/p>\n<p style=\"text-align: justify;\">Wir waren beeindruckt davon, wie einzigartig sie die Accessoires und M\u00f6belst\u00fccke aus unserem Sortiment miteinander kombinieren und damit ein so sch\u00f6nes Zuhause f\u00fcr sich und ihre Liebsten schaffen.<\/p>\n<p><a href=\"https:\/\/www.raum-blick.de\/string-schrank-mit-schiebetueren\"><img loading=\"lazy\" decoding=\"async\" class=\"aligncenter wp-image-14167 size-full\" title=\"String Regalsystem Schrank mit Schiebet\u00fcren\" src=\"https:\/\/www.raum-blick.de\/magazin\/wp-content\/uploads\/2021\/11\/herein-spaziert-string-wintergarten.jpg\" alt=\"herein-spaziert-string-wintergarten\" width=\"800\" height=\"800\" srcset=\"https:\/\/raum-blick.de\/magazin\/wp-content\/uploads\/2021\/11\/herein-spaziert-string-wintergarten.jpg 800w, https:\/\/raum-blick.de\/magazin\/wp-content\/uploads\/2021\/11\/herein-spaziert-string-wintergarten-300x300.jpg 300w, https:\/\/raum-blick.de\/magazin\/wp-content\/uploads\/2021\/11\/herein-spaziert-string-wintergarten-150x150.jpg 150w, https:\/\/raum-blick.de\/magazin\/wp-content\/uploads\/2021\/11\/herein-spaziert-string-wintergarten-768x768.jpg 768w\" sizes=\"(max-width: 800px) 100vw, 800px\" \/><\/a><\/p>\n<p style=\"text-align: justify;\">Aktuell standen mit beiden Accounts gr\u00f6\u00dfere Projekte an \u2013 einmal das Umstyling eines Wintergartens mit Designs von <a href=\"https:\/\/www.raum-blick.de\/oyoy\/\">OYOY<\/a>, <a href=\"https:\/\/www.raum-blick.de\/string\/\">String Furniture<\/a> und <a href=\"https:\/\/www.raum-blick.de\/ferm-living\/\">ferm LIVING<\/a>. Das gl\u00e4serne Zimmer mutet nun so wunderbar herbstlich-gem\u00fctlich an, das muss man einfach gesehen haben.<\/p>\n<p><a href=\"https:\/\/www.raum-blick.de\/ferm-living-plant-box-large\"><img loading=\"lazy\" decoding=\"async\" class=\"aligncenter wp-image-14161 size-full\" title=\"ferm LIVING Plant Box Large\" src=\"https:\/\/www.raum-blick.de\/magazin\/wp-content\/uploads\/2021\/11\/ferm-living-plant-box-large-herein-spaziert.jpg\" alt=\"ferm-living-plant-box-large-herein-spaziert alles-auf-herbst\" width=\"800\" height=\"800\" srcset=\"https:\/\/raum-blick.de\/magazin\/wp-content\/uploads\/2021\/11\/ferm-living-plant-box-large-herein-spaziert.jpg 800w, https:\/\/raum-blick.de\/magazin\/wp-content\/uploads\/2021\/11\/ferm-living-plant-box-large-herein-spaziert-300x300.jpg 300w, https:\/\/raum-blick.de\/magazin\/wp-content\/uploads\/2021\/11\/ferm-living-plant-box-large-herein-spaziert-150x150.jpg 150w, https:\/\/raum-blick.de\/magazin\/wp-content\/uploads\/2021\/11\/ferm-living-plant-box-large-herein-spaziert-768x768.jpg 768w\" sizes=\"(max-width: 800px) 100vw, 800px\" \/><\/a><\/p>\n<p style=\"text-align: justify;\">Im anderen Fall haben wir gemeinsam das Problem eines viel zu kleinen Flurs f\u00fcr drei Personen und deren Winterkleidung gel\u00f6st.<\/p>\n<p><a href=\"https:\/\/www.raum-blick.de\/vitra-hang-it-all-garderobe\"><img loading=\"lazy\" decoding=\"async\" class=\"aligncenter wp-image-14155 size-full\" title=\"Vitra Hang it all Garderobe\" src=\"https:\/\/www.raum-blick.de\/magazin\/wp-content\/uploads\/2021\/11\/muuto-kink-vase-vitra-hang-it-all.jpg\" alt=\"muuto-kink-vase-vitra-hang-it-all\" width=\"800\" height=\"800\" srcset=\"https:\/\/raum-blick.de\/magazin\/wp-content\/uploads\/2021\/11\/muuto-kink-vase-vitra-hang-it-all.jpg 800w, https:\/\/raum-blick.de\/magazin\/wp-content\/uploads\/2021\/11\/muuto-kink-vase-vitra-hang-it-all-300x300.jpg 300w, https:\/\/raum-blick.de\/magazin\/wp-content\/uploads\/2021\/11\/muuto-kink-vase-vitra-hang-it-all-150x150.jpg 150w, https:\/\/raum-blick.de\/magazin\/wp-content\/uploads\/2021\/11\/muuto-kink-vase-vitra-hang-it-all-768x768.jpg 768w\" sizes=\"(max-width: 800px) 100vw, 800px\" \/><\/a><\/p>\n<p style=\"text-align: justify;\">Ein gro\u00dfer Schrank, der tats\u00e4chlich im Esszimmer steht, hat mit <a href=\"https:\/\/www.raum-blick.de\/ferm-living\/\">ferm LIVING<\/a>, Vitra und <a href=\"https:\/\/www.raum-blick.de\/string\/\">String Furniture<\/a> ein perfektes Upgrade erfahren und verstaut s\u00e4mtliche Klamotten einwandfrei \u2013 ohne dass der Raum sein Esszimmer-Flair verliert.<\/p>\n<p><a href=\"https:\/\/www.raum-blick.de\/string-schrank-mit-2-schubladen-klein\"><img loading=\"lazy\" decoding=\"async\" class=\"aligncenter wp-image-14157 size-full\" title=\"String Regalsystem Aufbewahrungsschrank\" src=\"https:\/\/www.raum-blick.de\/magazin\/wp-content\/uploads\/2021\/11\/string-regal-schubladen-garderobe.jpg\" alt=\"string-regal-schubladen-garderobe alles-auf-herbst\" width=\"800\" height=\"800\" srcset=\"https:\/\/raum-blick.de\/magazin\/wp-content\/uploads\/2021\/11\/string-regal-schubladen-garderobe.jpg 800w, https:\/\/raum-blick.de\/magazin\/wp-content\/uploads\/2021\/11\/string-regal-schubladen-garderobe-300x300.jpg 300w, https:\/\/raum-blick.de\/magazin\/wp-content\/uploads\/2021\/11\/string-regal-schubladen-garderobe-150x150.jpg 150w, https:\/\/raum-blick.de\/magazin\/wp-content\/uploads\/2021\/11\/string-regal-schubladen-garderobe-768x768.jpg 768w\" sizes=\"(max-width: 800px) 100vw, 800px\" \/><\/a><\/p>\n<p style=\"text-align: justify;\">Wen jetzt die Neugierde gepackt hat, der darf gerne einen Blick auf unseren <a href=\"https:\/\/www.raum-blick-blog.de\/\" target=\"_blank\" rel=\"noopener\">RAUM-BLICK-Blog<\/a> oder <a href=\"https:\/\/www.instagram.com\/raum_blick\/\" target=\"_blank\" rel=\"noopener\">den RAUM-BLICK Instagram-Account<\/a> werfen \u2013 hier finden sich nicht nur im Herbst zahlreiche Bilder.<\/p>\n<h2><span class=\"ez-toc-section\" id=\"Ein_Blick_nach_Daenemark\"><\/span>Ein Blick nach D\u00e4nemark<span class=\"ez-toc-section-end\"><\/span><\/h2>\n<p style=\"text-align: justify;\">Wir haben die ersten Herbst-Wochen genutzt, um einmal mehr den Blick schweifen zu lassen \u2013 und sind dabei im traumhaft sch\u00f6nen D\u00e4nemark h\u00e4ngengeblieben.<\/p>\n<p><a href=\"https:\/\/www.raum-blick.de\/skagerak-georg-hocker\"><img loading=\"lazy\" decoding=\"async\" class=\"aligncenter wp-image-14149 size-full\" title=\"Skagerak Georg Hocker\" src=\"https:\/\/www.raum-blick.de\/magazin\/wp-content\/uploads\/2021\/11\/skagerak-georg-hocker.jpg\" alt=\"skagerak-georg-hocker\" width=\"800\" height=\"800\" srcset=\"https:\/\/raum-blick.de\/magazin\/wp-content\/uploads\/2021\/11\/skagerak-georg-hocker.jpg 800w, https:\/\/raum-blick.de\/magazin\/wp-content\/uploads\/2021\/11\/skagerak-georg-hocker-300x300.jpg 300w, https:\/\/raum-blick.de\/magazin\/wp-content\/uploads\/2021\/11\/skagerak-georg-hocker-150x150.jpg 150w, https:\/\/raum-blick.de\/magazin\/wp-content\/uploads\/2021\/11\/skagerak-georg-hocker-768x768.jpg 768w\" sizes=\"(max-width: 800px) 100vw, 800px\" \/><\/a><\/p>\n<p style=\"text-align: justify;\">Leider nur mit dem Zeigefinger auf der Landkarte oder besser gesagt mit dem Pfeil der Computermaus auf www.skagerak.dk, aber das ist nicht nur besser als das sprichw\u00f6rtliche Nichts, nein, kaum klicken wir uns durch den liebevoll aufgezogenen Webauftritt, werden wir magisch in das skandinavische Einrichtungsflair hineingezogen. Dar\u00fcber hinaus lernen wir bei dieser beeindruckenden Marke, wie wichtig es ist, immer wieder nachhaltig zu denken und sich auch auf diesem Gebiet stets weiterzuentwickeln.<\/p>\n<p><a href=\"https:\/\/www.raum-blick.de\/skagerak-cutter-bank\"><img loading=\"lazy\" decoding=\"async\" class=\"aligncenter wp-image-14151 size-full\" title=\"Skagerak Cutter Bank\" src=\"https:\/\/www.raum-blick.de\/magazin\/wp-content\/uploads\/2021\/11\/Skagerak-Cutter-Bank.jpg\" alt=\"Skagerak-Cutter-Bank\" width=\"800\" height=\"800\" srcset=\"https:\/\/raum-blick.de\/magazin\/wp-content\/uploads\/2021\/11\/Skagerak-Cutter-Bank.jpg 800w, https:\/\/raum-blick.de\/magazin\/wp-content\/uploads\/2021\/11\/Skagerak-Cutter-Bank-300x300.jpg 300w, https:\/\/raum-blick.de\/magazin\/wp-content\/uploads\/2021\/11\/Skagerak-Cutter-Bank-150x150.jpg 150w, https:\/\/raum-blick.de\/magazin\/wp-content\/uploads\/2021\/11\/Skagerak-Cutter-Bank-768x768.jpg 768w\" sizes=\"(max-width: 800px) 100vw, 800px\" \/><\/a><\/p>\n<p style=\"text-align: justify;\">Dabei wird vor Ort auf eine verantwortungsvolle Produktion, transparente Beziehungen und einwandfreie Arbeitsbedingungen geachtet. Die Marke ist dar\u00fcber hinaus seit 2003 FSC\u2122-zertifiziert. Seit 2011 ist Skagerak Teil des Global Compact Act der Vereinten Nationen und seit 2016 Mitglied der B Corp.<\/p>\n<div class='et-box et-success'>\n\t\t\t\t\t<div class='et-box-content'>In gro\u00dfen Lettern schreibt sich die Marke Skagerak den folgenden Satz auf die Brust: \u201eNachhaltigkeit ist eine fortlaufende Reise und wir passen unsere Organisation h\u00e4ufig an eine gr\u00fcnere Realit\u00e4t an.\u201c<\/div><\/div>\n<p style=\"text-align: justify;\">Das macht Hoffnung! St\u00f6bern Sie gern in unserem Online-Shop und lassen sich von den skandinavischen Designs der Marke <a href=\"https:\/\/www.raum-blick.de\/skagerak\/\">Skagerak<\/a> begeistern.<\/p>\n<p><img loading=\"lazy\" decoding=\"async\" class=\"aligncenter wp-image-14147 size-full\" title=\"Skagerak Bell Laterne\" src=\"https:\/\/www.raum-blick.de\/magazin\/wp-content\/uploads\/2021\/11\/skagerak-bell-laterne-hellgrau.jpg\" alt=\"skagerak-bell-laterne-hellgrau alles-auf-herbst\" width=\"800\" height=\"800\" srcset=\"https:\/\/raum-blick.de\/magazin\/wp-content\/uploads\/2021\/11\/skagerak-bell-laterne-hellgrau.jpg 800w, https:\/\/raum-blick.de\/magazin\/wp-content\/uploads\/2021\/11\/skagerak-bell-laterne-hellgrau-300x300.jpg 300w, https:\/\/raum-blick.de\/magazin\/wp-content\/uploads\/2021\/11\/skagerak-bell-laterne-hellgrau-150x150.jpg 150w, https:\/\/raum-blick.de\/magazin\/wp-content\/uploads\/2021\/11\/skagerak-bell-laterne-hellgrau-768x768.jpg 768w\" sizes=\"(max-width: 800px) 100vw, 800px\" \/><\/p>\n<p style=\"text-align: justify;\">Mit dem Herbst stimmen wir uns so langsam auf die dunkle Zeit des Jahres ein \u2013 aber wir versprechen schon jetzt, dass wir diese f\u00fcr uns alle so sch\u00f6n wie m\u00f6glich machen!<\/p>\n","protected":false},"excerpt":{"rendered":"<p>Mit dem Sommer lief es in diesem Jahr ja bekanntlich nicht so optimal \u2013 der Herbst gibt daf\u00fcr jetzt im Oktober noch einmal alles. Und daran haben wir uns ein Beispiel genommen. Zun\u00e4chst haben wir uns \u00fcberlegt, dass es Zeit daf\u00fcr ist, unseren Kunden etwas Gutes zu tun. Deshalb haben wir f\u00fcr unsere Fans in [&hellip;]<\/p>\n","protected":false},"author":4,"featured_media":14169,"comment_status":"closed","ping_status":"open","sticky":false,"template":"","format":"standard","meta":{"_et_pb_use_builder":"","_et_pb_old_content":"","_et_gb_content_width":"","inline_featured_image":false,"footnotes":""},"categories":[8],"tags":[1360,332,206,331,1545,1544,1542,158,806,1543,1202,767,1490,846,1546,19,15,520],"class_list":["post-14136","post","type-post","status-publish","format-standard","has-post-thumbnail","hentry","category-features","tag-aufbewahrung","tag-bank","tag-ferm-living","tag-garderobe","tag-gast","tag-gewinnspiel","tag-herbst","tag-hocker","tag-laterne","tag-oktober","tag-oyoy","tag-plant-box","tag-regalsystem","tag-schale","tag-schrank","tag-skagerak","tag-string","tag-vitra"],"_links":{"self":[{"href":"https:\/\/raum-blick.de\/magazin\/wp-json\/wp\/v2\/posts\/14136","targetHints":{"allow":["GET"]}}],"collection":[{"href":"https:\/\/raum-blick.de\/magazin\/wp-json\/wp\/v2\/posts"}],"about":[{"href":"https:\/\/raum-blick.de\/magazin\/wp-json\/wp\/v2\/types\/post"}],"author":[{"embeddable":true,"href":"https:\/\/raum-blick.de\/magazin\/wp-json\/wp\/v2\/users\/4"}],"replies":[{"embeddable":true,"href":"https:\/\/raum-blick.de\/magazin\/wp-json\/wp\/v2\/comments?post=14136"}],"version-history":[{"count":28,"href":"https:\/\/raum-blick.de\/magazin\/wp-json\/wp\/v2\/posts\/14136\/revisions"}],"predecessor-version":[{"id":20814,"href":"https:\/\/raum-blick.de\/magazin\/wp-json\/wp\/v2\/posts\/14136\/revisions\/20814"}],"wp:featuredmedia":[{"embeddable":true,"href":"https:\/\/raum-blick.de\/magazin\/wp-json\/wp\/v2\/media\/14169"}],"wp:attachment":[{"href":"https:\/\/raum-blick.de\/magazin\/wp-json\/wp\/v2\/media?parent=14136"}],"wp:term":[{"taxonomy":"category","embeddable":true,"href":"https:\/\/raum-blick.de\/magazin\/wp-json\/wp\/v2\/categories?post=14136"},{"taxonomy":"post_tag","embeddable":true,"href":"https:\/\/raum-blick.de\/magazin\/wp-json\/wp\/v2\/tags?post=14136"}],"curies":[{"name":"wp","href":"https:\/\/api.w.org\/{rel}","templated":true}]}}