{"id":14016,"date":"2021-09-22T14:27:39","date_gmt":"2021-09-22T12:27:39","guid":{"rendered":"https:\/\/www.raum-blick.de\/magazin\/?p=14016"},"modified":"2024-09-04T16:02:20","modified_gmt":"2024-09-04T14:02:20","slug":"minimalistisch-einrichten","status":"publish","type":"post","link":"https:\/\/raum-blick.de\/magazin\/minimalistisch-einrichten\/","title":{"rendered":"Minimalistisch einrichten"},"content":{"rendered":"<h2><span class=\"ez-toc-section\" id=\"%C2%AB_Der_Charme_eleganter_Dezenz_%C2%BB\"><\/span>\u00ab Der Charme eleganter Dezenz \u00bb<span class=\"ez-toc-section-end\"><\/span><\/h2>\n<p style=\"text-align: justify;\"><strong>Designer entwerfen unz\u00e4hlige M\u00f6bel und Accessoires, die wundersch\u00f6n sind. Es f\u00e4llt nicht leicht, sich beim Einrichten aufs Wesentliche zu beschr\u00e4nken. Der Verzicht zahlt sich aber aus: Weite R\u00e4ume punkten mit einer Atmosph\u00e4re, die befreiend wirkt. Die ausgew\u00e4hlten Lieblingsst\u00fccke freuen sich \u00fcber den Wohnstil ebenso wie der Geist. Denn sie kommen besser zur Geltung, wenn es im Umfeld nur wenige Konkurrenten gibt. Wie und mit welchen Gegenst\u00e4nden Sie minimalistisch einrichten, erfahren Sie in diesem Beitrag.<\/strong><\/p>\n<h2><span class=\"ez-toc-section\" id=\"Klares_Bekenntnis_zu_Geometrie_und_Reduktion\"><\/span>Klares Bekenntnis zu Geometrie und Reduktion<span class=\"ez-toc-section-end\"><\/span><\/h2>\n<p style=\"text-align: justify;\">In den 1960er-Jahren sorgte eine neue Kunststr\u00f6mung f\u00fcr Furore und Kritik: Zun\u00e4chst verzichteten US-amerikanische Bildhauer wie Donald Judd auf jegliche Details. Die Quintessenz waren Werke, die geometrisch klar und auff\u00e4llig reduziert wirkten. Den Kunststil \u00fcbertrug man in den 1980ern auf minimalistische M\u00f6bel, die sich in der Gegenwart \u00fcber eine wachsende Fangemeinde freuen. Ein Paradebeispiel f\u00fcr den Designansatz bei der Einrichtung ist das <a href=\"https:\/\/www.raum-blick.de\/nichba-design\/\">U-Shelve von NICHBA<\/a>: Es bekennt sich un\u00fcbersehbar zum Quadrat.<\/p><div id=\"ez-toc-container\" class=\"ez-toc-v2_0_82_2 counter-hierarchy ez-toc-counter ez-toc-grey ez-toc-container-direction\">\n<div class=\"ez-toc-title-container\">\n<p class=\"ez-toc-title\" style=\"cursor:inherit\">Was hier auf Sie wartet<\/p>\n<span class=\"ez-toc-title-toggle\"><a href=\"#\" class=\"ez-toc-pull-right ez-toc-btn ez-toc-btn-xs ez-toc-btn-default ez-toc-toggle\" aria-label=\"Toggle Table of Content\"><span class=\"ez-toc-js-icon-con\"><span class=\"\"><span class=\"eztoc-hide\" style=\"display:none;\">Toggle<\/span><span class=\"ez-toc-icon-toggle-span\"><svg style=\"fill: #999;color:#999\" xmlns=\"http:\/\/www.w3.org\/2000\/svg\" class=\"list-377408\" width=\"20px\" height=\"20px\" viewBox=\"0 0 24 24\" fill=\"none\"><path d=\"M6 6H4v2h2V6zm14 0H8v2h12V6zM4 11h2v2H4v-2zm16 0H8v2h12v-2zM4 16h2v2H4v-2zm16 0H8v2h12v-2z\" fill=\"currentColor\"><\/path><\/svg><svg style=\"fill: #999;color:#999\" class=\"arrow-unsorted-368013\" xmlns=\"http:\/\/www.w3.org\/2000\/svg\" width=\"10px\" height=\"10px\" viewBox=\"0 0 24 24\" version=\"1.2\" baseProfile=\"tiny\"><path d=\"M18.2 9.3l-6.2-6.3-6.2 6.3c-.2.2-.3.4-.3.7s.1.5.3.7c.2.2.4.3.7.3h11c.3 0 .5-.1.7-.3.2-.2.3-.5.3-.7s-.1-.5-.3-.7zM5.8 14.7l6.2 6.3 6.2-6.3c.2-.2.3-.5.3-.7s-.1-.5-.3-.7c-.2-.2-.4-.3-.7-.3h-11c-.3 0-.5.1-.7.3-.2.2-.3.5-.3.7s.1.5.3.7z\"\/><\/svg><\/span><\/span><\/span><\/a><\/span><\/div>\n<nav><ul class='ez-toc-list ez-toc-list-level-1 ' ><li class='ez-toc-page-1 ez-toc-heading-level-2'><a class=\"ez-toc-link ez-toc-heading-1\" href=\"https:\/\/raum-blick.de\/magazin\/minimalistisch-einrichten\/#%C2%AB_Der_Charme_eleganter_Dezenz_%C2%BB\" >\u00ab Der Charme eleganter Dezenz \u00bb<\/a><\/li><li class='ez-toc-page-1 ez-toc-heading-level-2'><a class=\"ez-toc-link ez-toc-heading-2\" href=\"https:\/\/raum-blick.de\/magazin\/minimalistisch-einrichten\/#Klares_Bekenntnis_zu_Geometrie_und_Reduktion\" >Klares Bekenntnis zu Geometrie und Reduktion<\/a><\/li><li class='ez-toc-page-1 ez-toc-heading-level-2'><a class=\"ez-toc-link ez-toc-heading-3\" href=\"https:\/\/raum-blick.de\/magazin\/minimalistisch-einrichten\/#Weniger_ist_mehr_%E2%80%93_Designidee_mit_langer_Tradition\" >Weniger ist mehr \u2013 Designidee mit langer Tradition<\/a><\/li><li class='ez-toc-page-1 ez-toc-heading-level-2'><a class=\"ez-toc-link ez-toc-heading-4\" href=\"https:\/\/raum-blick.de\/magazin\/minimalistisch-einrichten\/#Minimalisten_mit_vielseitigen_Talenten\" >Minimalisten mit vielseitigen Talenten<\/a><\/li><li class='ez-toc-page-1 ez-toc-heading-level-2'><a class=\"ez-toc-link ez-toc-heading-5\" href=\"https:\/\/raum-blick.de\/magazin\/minimalistisch-einrichten\/#Handverlesene_Augenschmeichler_fuers_wohnliche_Flair\" >Handverlesene Augenschmeichler f\u00fcrs wohnliche Flair<\/a><\/li><li class='ez-toc-page-1 ez-toc-heading-level-2'><a class=\"ez-toc-link ez-toc-heading-6\" href=\"https:\/\/raum-blick.de\/magazin\/minimalistisch-einrichten\/#Minimalistisches_Wohnen_nachhaltiges_Leben\" >Minimalistisches Wohnen, nachhaltiges Leben<\/a><\/li><\/ul><\/nav><\/div>\n\n<p><img loading=\"lazy\" decoding=\"async\" class=\"aligncenter wp-image-14020 size-full\" title=\"NICHBA \u2013 U-Shelve Wandboard | 3 verschiedene Aufh\u00e4nge-M\u00f6glichkeiten | Design: Nichlas B. Andersen\" src=\"https:\/\/www.raum-blick.de\/magazin\/wp-content\/uploads\/2021\/10\/nichba-u-shelve-regal.jpg\" alt=\"nichba-u-shelve-regal\" width=\"800\" height=\"800\" srcset=\"https:\/\/raum-blick.de\/magazin\/wp-content\/uploads\/2021\/10\/nichba-u-shelve-regal.jpg 800w, https:\/\/raum-blick.de\/magazin\/wp-content\/uploads\/2021\/10\/nichba-u-shelve-regal-300x300.jpg 300w, https:\/\/raum-blick.de\/magazin\/wp-content\/uploads\/2021\/10\/nichba-u-shelve-regal-150x150.jpg 150w, https:\/\/raum-blick.de\/magazin\/wp-content\/uploads\/2021\/10\/nichba-u-shelve-regal-768x768.jpg 768w\" sizes=\"(max-width: 800px) 100vw, 800px\" \/><\/p>\n<p style=\"text-align: justify;\">Der Stahl unterstreicht mit seinem industriellen Touch die sachliche \u00c4sthetik. Die bemerkenswert d\u00fcnne Ausf\u00fchrung des Materials verst\u00e4rkt die dezenten Facetten der Wandregale. Sie entlockt dem soliden Werkstoff zugleich eine unerwartete Eleganz. Nichlas B. Andersens entschied sich bewusst f\u00fcr einen Entwurf, der drei Aufh\u00e4ngem\u00f6glichkeiten zul\u00e4sst. So gen\u00fcgt ein Regalmodell f\u00fcr verschiedene Anwendungen, wenn man sich minimalistisch einrichten m\u00f6chte.<\/p>\n<h2><span class=\"ez-toc-section\" id=\"Weniger_ist_mehr_%E2%80%93_Designidee_mit_langer_Tradition\"><\/span>Weniger ist mehr \u2013 Designidee mit langer Tradition<span class=\"ez-toc-section-end\"><\/span><\/h2>\n<p style=\"text-align: justify;\">Der Verzicht auf dekorative Extras erschien pointiert, als man in den 1960ern Kunstwerke und rund 20 Jahre sp\u00e4ter Designm\u00f6bel erstmals als minimalistisch bezeichnete. Die Idee war aber keineswegs neu. Sie ist eng verwandt mit dem Purismus, den Le Corbusier im fr\u00fchen 20. Jahrhundert in der Architektur etablierte. Gleiches gilt f\u00fcr die Entw\u00fcrfe der Bauhaus-\u00c4ra, deren Designobjekte sich \u00e4sthetisch klar pr\u00e4sentieren und auf die Funktion fokussieren. F\u00fcr die minimalistische Einrichtung geschaffen sind deshalb auch M\u00f6bel und Accessoires mit langer Tradition.<\/p>\n<p><a href=\"https:\/\/www.raum-blick.de\/gubi-bestlite-tischleuchte-bl1-limited-edition\"><img loading=\"lazy\" decoding=\"async\" class=\"aligncenter wp-image-14025 size-full\" title=\"GUBI \u2013 Bestlite Tischleuchte BL1 | limitierte Edition zum 90. Jubil\u00e4um | Design: Robert Dudley Best\" src=\"https:\/\/www.raum-blick.de\/magazin\/wp-content\/uploads\/2021\/10\/gubi-bestlite-tischleuchte-bl1-limited-edition.jpg\" alt=\"gubi-bestlite-tischleuchte-bl1-limited-edition\" width=\"800\" height=\"800\" srcset=\"https:\/\/raum-blick.de\/magazin\/wp-content\/uploads\/2021\/10\/gubi-bestlite-tischleuchte-bl1-limited-edition.jpg 800w, https:\/\/raum-blick.de\/magazin\/wp-content\/uploads\/2021\/10\/gubi-bestlite-tischleuchte-bl1-limited-edition-300x300.jpg 300w, https:\/\/raum-blick.de\/magazin\/wp-content\/uploads\/2021\/10\/gubi-bestlite-tischleuchte-bl1-limited-edition-150x150.jpg 150w, https:\/\/raum-blick.de\/magazin\/wp-content\/uploads\/2021\/10\/gubi-bestlite-tischleuchte-bl1-limited-edition-768x768.jpg 768w\" sizes=\"(max-width: 800px) 100vw, 800px\" \/><\/a><\/p>\n<p style=\"text-align: justify;\">Das zeigt sich beim Zoom auf die <a href=\"https:\/\/www.raum-blick.de\/gubi\/\">Tischleuchte Bestlite von Gubi<\/a>: Sie wurde schon 1930 entworfen. Damals traf die betont funktionelle Formensprache aber auf wenig Gegenliebe. Rund zehn Jahre sp\u00e4ter erkannte Gubi Olsen das Potenzial der Lampe. Heute passt die Designikone nicht nur perfekt zum Einrichtungsstil, wenn man minimalistisch wohnen m\u00f6chte. Sie erlaubt es, einen diskreten Blickfang mit nostalgischer Aura in das moderne Zuhause zu integrieren.<\/p>\n<h2><span class=\"ez-toc-section\" id=\"Minimalisten_mit_vielseitigen_Talenten\"><\/span>Minimalisten mit vielseitigen Talenten<span class=\"ez-toc-section-end\"><\/span><\/h2>\n<p style=\"text-align: justify;\">Reduziertes Design ist h\u00f6chstens die halbe Miete beim minimalistischen Wohnen. Es gilt au\u00dferdem, sich bei der Einrichtung auf m\u00f6glichst wenige M\u00f6bel zu beschr\u00e4nken. Wer gen\u00fcgsam ist, kann gewohnte Objekte einfach weglassen. Die meisten Menschen w\u00fcrden diese Strategie aber unkomfortabel und ungem\u00fctlich finden. Gefragt sind deshalb clevere Allrounder, die mehrere Bed\u00fcrfnisse beim Einrichten vereinen. Designer entwickeln daf\u00fcr immer h\u00e4ufiger attraktive L\u00f6sungen:<\/p>\n<p><img loading=\"lazy\" decoding=\"async\" class=\"aligncenter wp-image-14030 size-full\" title=\"NICHBA \u2013 Bank | simpel &amp; detailliert | Design: Nichlas B. Andersen\" src=\"https:\/\/www.raum-blick.de\/magazin\/wp-content\/uploads\/2021\/10\/nichba-bank.jpg\" alt=\"nichba-bank minimalistisch-einrichten\" width=\"800\" height=\"800\" srcset=\"https:\/\/raum-blick.de\/magazin\/wp-content\/uploads\/2021\/10\/nichba-bank.jpg 800w, https:\/\/raum-blick.de\/magazin\/wp-content\/uploads\/2021\/10\/nichba-bank-300x300.jpg 300w, https:\/\/raum-blick.de\/magazin\/wp-content\/uploads\/2021\/10\/nichba-bank-150x150.jpg 150w, https:\/\/raum-blick.de\/magazin\/wp-content\/uploads\/2021\/10\/nichba-bank-768x768.jpg 768w\" sizes=\"(max-width: 800px) 100vw, 800px\" \/><\/p>\n<p style=\"text-align: justify;\">Die geradlinige Bank von NICHBA bietet sich im Flur als Ablage und Sitzgelegenheit an. Das schafft Platz f\u00fcr die verschiedensten Dinge und steigert den Komfort beim Ankleiden. Im Wohnzimmer \u00fcberzeugt der <a href=\"https:\/\/www.raum-blick.de\/jan-kurtz\/\">Roll-it von Jan Kurtz<\/a> als Hocker und Beistelltisch. Leicht gelingt durch die Gummirollen der spontane Ortswechsel bei der allt\u00e4glichen Nutzung. Der Pluspunkt: Trotz der formalen Reduktion tr\u00e4gt das Multitalent zur wohnlichen Dekoration bei.<\/p>\n<p><a href=\"https:\/\/www.raum-blick.de\/jan-kurtz-roll-it-hocker\"><img loading=\"lazy\" decoding=\"async\" class=\"aligncenter wp-image-14028 size-full\" title=\"Jan Kurtz \u2013 Roll-It Hocker | Hocker und Beistelltisch in Einem | Design: Jan Kurtz\" src=\"https:\/\/www.raum-blick.de\/magazin\/wp-content\/uploads\/2021\/10\/jan-kurtz-roll-it-hocker.jpg\" alt=\"jan-kurtz-roll-it-hocker\" width=\"800\" height=\"800\" srcset=\"https:\/\/raum-blick.de\/magazin\/wp-content\/uploads\/2021\/10\/jan-kurtz-roll-it-hocker.jpg 800w, https:\/\/raum-blick.de\/magazin\/wp-content\/uploads\/2021\/10\/jan-kurtz-roll-it-hocker-300x300.jpg 300w, https:\/\/raum-blick.de\/magazin\/wp-content\/uploads\/2021\/10\/jan-kurtz-roll-it-hocker-150x150.jpg 150w, https:\/\/raum-blick.de\/magazin\/wp-content\/uploads\/2021\/10\/jan-kurtz-roll-it-hocker-768x768.jpg 768w\" sizes=\"(max-width: 800px) 100vw, 800px\" \/><\/a><\/p>\n<p style=\"text-align: justify;\">Das ist der Fertigung aus massivem Eichenholz zu verdanken. Einem Gl\u00fccksgriff gleicht der <a href=\"https:\/\/www.raum-blick.de\/mueller\/\">Sekret\u00e4r Flatmate aus den M\u00fcller M\u00f6belwerkst\u00e4tten<\/a>, wenn man ein Homeoffice minimalistisch einrichten m\u00f6chte. Eingeklappt schmiegt sich das Raumwunder \u00e4u\u00dferst schlank an die Wand. Es besteht sogar die Gefahr, dass G\u00e4ste ihn beim Besuch \u00fcbersehen. \u00d6ffnet man die Klappen vorne und an der Seite, erf\u00fcllen sich alle W\u00fcnsche f\u00fcr den Arbeitstag zu Hause.<\/p>\n<p><a href=\"https:\/\/www.raum-blick.de\/mueller-moebelwerkstaetten-flatmate-sekretaer\"><img loading=\"lazy\" decoding=\"async\" class=\"aligncenter wp-image-14034 size-full\" title=\"Flatmate Sekret\u00e4r von M\u00fcller M\u00f6belwerkst\u00e4tten | Design: Michael Hilgers\" src=\"https:\/\/www.raum-blick.de\/magazin\/wp-content\/uploads\/2021\/10\/mueller-moebelwerkstaetten-flatmate-sekretaer.jpg\" alt=\"mueller-moebelwerkstaetten-flatmate-sekretaer minimalistisch-einrichten\" width=\"800\" height=\"770\" srcset=\"https:\/\/raum-blick.de\/magazin\/wp-content\/uploads\/2021\/10\/mueller-moebelwerkstaetten-flatmate-sekretaer.jpg 800w, https:\/\/raum-blick.de\/magazin\/wp-content\/uploads\/2021\/10\/mueller-moebelwerkstaetten-flatmate-sekretaer-300x289.jpg 300w, https:\/\/raum-blick.de\/magazin\/wp-content\/uploads\/2021\/10\/mueller-moebelwerkstaetten-flatmate-sekretaer-768x739.jpg 768w\" sizes=\"(max-width: 800px) 100vw, 800px\" \/><\/a><\/p>\n<h2><span class=\"ez-toc-section\" id=\"Handverlesene_Augenschmeichler_fuers_wohnliche_Flair\"><\/span>Handverlesene Augenschmeichler f\u00fcrs wohnliche Flair<span class=\"ez-toc-section-end\"><\/span><\/h2>\n<p style=\"text-align: justify;\">Das Einrichten beansprucht etwas Zeit: Zuerst konkretisiert man die pers\u00f6nlichen Bed\u00fcrfnisse. Passend dazu werden minimalistische M\u00f6bel ausgesucht, die m\u00f6glichst vielseitig designt sind. Es w\u00e4re schade, wenn unz\u00e4hlige Gegenst\u00e4nde das angenehm ruhig wirkende Konzept relativieren. Beim Wohnen sehnt man sich aber nach der Gem\u00fctlichkeit, die Deko verspr\u00fcht. Auf sie sollte man nicht komplett verzichten.<\/p>\n<p><a href=\"https:\/\/www.raum-blick.de\/menu-pov-circle-teelichthalter\"><img loading=\"lazy\" decoding=\"async\" class=\"aligncenter wp-image-14036 size-full\" title=\"menu POV Circle | Teelichthalter | Design: Note Design Studio\" src=\"https:\/\/www.raum-blick.de\/magazin\/wp-content\/uploads\/2021\/10\/menu-pov-circle-teelichthalter.jpg\" alt=\"menu-pov-circle-teelichthalter minimalistisch-einrichten\" width=\"800\" height=\"800\" srcset=\"https:\/\/raum-blick.de\/magazin\/wp-content\/uploads\/2021\/10\/menu-pov-circle-teelichthalter.jpg 800w, https:\/\/raum-blick.de\/magazin\/wp-content\/uploads\/2021\/10\/menu-pov-circle-teelichthalter-300x300.jpg 300w, https:\/\/raum-blick.de\/magazin\/wp-content\/uploads\/2021\/10\/menu-pov-circle-teelichthalter-150x150.jpg 150w, https:\/\/raum-blick.de\/magazin\/wp-content\/uploads\/2021\/10\/menu-pov-circle-teelichthalter-768x768.jpg 768w\" sizes=\"(max-width: 800px) 100vw, 800px\" \/><\/a><\/p>\n<p style=\"text-align: justify;\">Wer sich minimalistisch einrichten m\u00f6chte, streckt die F\u00fchler nach Accessoires mit reduziertem Designstil aus. Daf\u00fcr ist die POV Circle Kollektion von menu ein gelungenes Beispiel. Die filigranen Metallringe inszenieren Teelichter, Kerzen oder Blumen. Dezent integrieren sie sich ins Interieur und verkn\u00fcpfen die gem\u00fctlichen Highlights mit der dekorativen Wandgestaltung.<\/p>\n<p><a href=\"https:\/\/www.raum-blick.de\/guaxs-vase-otavalo\"><img loading=\"lazy\" decoding=\"async\" class=\"aligncenter wp-image-14038 size-full\" title=\"GUAXS \u2013 Vase Otavalo | jedes St\u00fcck ein Unikat | Design: GUAXS\" src=\"https:\/\/www.raum-blick.de\/magazin\/wp-content\/uploads\/2021\/10\/guaxs-vase-otavalo.jpg\" alt=\"guaxs-vase-otavalo\" width=\"800\" height=\"480\" srcset=\"https:\/\/raum-blick.de\/magazin\/wp-content\/uploads\/2021\/10\/guaxs-vase-otavalo.jpg 800w, https:\/\/raum-blick.de\/magazin\/wp-content\/uploads\/2021\/10\/guaxs-vase-otavalo-300x180.jpg 300w, https:\/\/raum-blick.de\/magazin\/wp-content\/uploads\/2021\/10\/guaxs-vase-otavalo-768x461.jpg 768w\" sizes=\"(max-width: 800px) 100vw, 800px\" \/><\/a><\/p>\n<p style=\"text-align: justify;\">Das M\u00f6beldesign zeichnet sich durch klare Formen und zur\u00fcckhaltende Farben aus. \u00c4hnlich diskret wirken die wohl dosiert eingestreuten Heimtextilien. W\u00e4hlt man die Grundausstattung derart konsequent aus, spricht nichts gegen einen expressiven Blickfang. Die eigenwillige Formgebung ist das Sch\u00f6nheitsgeheimnis der <a href=\"https:\/\/www.raum-blick.de\/guaxs\/\">mundgeblasenen Vase Otavalo von GUAXS<\/a>. So eindrucksvoll wie ihr Schliff mit markanter Wabenstruktur ist das kr\u00e4ftige Petrol.<\/p>\n<div class='et-box et-note'>\n\t\t\t\t\t<div class='et-box-content'>Der Soloauftritt auf dem wei\u00dfen Sideboard passt nicht nur dazu, dass man sich minimalistisch einrichten m\u00f6chte. Er verschafft dem Meisterwerk der Glaskunst die Aufmerksamkeit, die es sich verdient hat.<\/div><\/div>\n<h2><span class=\"ez-toc-section\" id=\"Minimalistisches_Wohnen_nachhaltiges_Leben\"><\/span>Minimalistisches Wohnen, nachhaltiges Leben<span class=\"ez-toc-section-end\"><\/span><\/h2>\n<p style=\"text-align: justify;\">Die puristische Einrichtung ist selten ein stilistisches Einzelph\u00e4nomen. Sie spiegelt meist eine Lebensauffassung, die sich vom unreflektierten Konsum distanziert. Willkommen sind Produkte, die zum reduzierten Wohnstil passen und nachhaltig sind. Mit der idealen Kombination \u00fcberzeugt <a href=\"https:\/\/www.raum-blick.de\/ferm-living\/\">ferm LIVING beim Desert Stuhl<\/a>. Auf das Wesentliche beschr\u00e4nkt sich das Designkonzept mit dem grazilen Metallgestell und der eingef\u00fcgten Stoffbahn. Sie fungiert als Sitzfl\u00e4che und R\u00fcckenlehne.<\/p>\n<p><a href=\"https:\/\/www.raum-blick.de\/ferm-living-desert-stuhl\"><img loading=\"lazy\" decoding=\"async\" class=\"aligncenter wp-image-14043 size-full\" title=\"ferm LIVING \u2013 Desert Stuhl | aus recycelten Kunststofflaschen | Design: ferm Living\" src=\"https:\/\/www.raum-blick.de\/magazin\/wp-content\/uploads\/2021\/10\/ferm-living-desert-stuhl.jpg\" alt=\"ferm-living-desert-stuhl\" width=\"800\" height=\"800\" srcset=\"https:\/\/raum-blick.de\/magazin\/wp-content\/uploads\/2021\/10\/ferm-living-desert-stuhl.jpg 800w, https:\/\/raum-blick.de\/magazin\/wp-content\/uploads\/2021\/10\/ferm-living-desert-stuhl-300x300.jpg 300w, https:\/\/raum-blick.de\/magazin\/wp-content\/uploads\/2021\/10\/ferm-living-desert-stuhl-150x150.jpg 150w, https:\/\/raum-blick.de\/magazin\/wp-content\/uploads\/2021\/10\/ferm-living-desert-stuhl-768x768.jpg 768w\" sizes=\"(max-width: 800px) 100vw, 800px\" \/><\/a><\/p>\n<p style=\"text-align: justify;\">Der Clou: Das Textilgewebe wird aus recycelten Plastikflaschen hergestellt. Obendrein ist der Loungesessel vielseitig: Im Winter l\u00e4dt er vor dem Kamin zur Ruhepause ein. Im Sommer ist er der Lieblingsplatz f\u00fcr Lesestunden auf dem Balkon. So beantwortet er zwei W\u00fcnsche bei der Einrichtung, die nur tempor\u00e4r sind. Durch die saisonale Nutzung erledigt sich eine Anschaffung. Das passt bestens dazu, dass man sich minimalistisch einrichten und Ressourcen sparen m\u00f6chte.<\/p>\n","protected":false},"excerpt":{"rendered":"<p>\u00ab Der Charme eleganter Dezenz \u00bb Designer entwerfen unz\u00e4hlige M\u00f6bel und Accessoires, die wundersch\u00f6n sind. Es f\u00e4llt nicht leicht, sich beim Einrichten aufs Wesentliche zu beschr\u00e4nken. Der Verzicht zahlt sich aber aus: Weite R\u00e4ume punkten mit einer Atmosph\u00e4re, die befreiend wirkt. Die ausgew\u00e4hlten Lieblingsst\u00fccke freuen sich \u00fcber den Wohnstil ebenso wie der Geist. Denn sie [&hellip;]<\/p>\n","protected":false},"author":4,"featured_media":14047,"comment_status":"closed","ping_status":"open","sticky":false,"template":"","format":"standard","meta":{"_et_pb_use_builder":"","_et_pb_old_content":"","_et_gb_content_width":"","inline_featured_image":false,"footnotes":""},"categories":[1],"tags":[332,615,334,1352,953,1530,81,158,1051,1025,1024,1529,80,1480,1253,910,1482],"class_list":["post-14016","post","type-post","status-publish","format-standard","has-post-thumbnail","hentry","category-drinnen","tag-bank","tag-beistelltisch","tag-design","tag-einrichten","tag-einrichtung","tag-flatmate","tag-gubi","tag-hocker","tag-jan-kurtz","tag-minimalismus","tag-minimalistisch","tag-minimalistisch-einrichten","tag-mueller-moebelwerkstaetten","tag-nichba","tag-sekretaer","tag-tischleuchte","tag-wandboard"],"_links":{"self":[{"href":"https:\/\/raum-blick.de\/magazin\/wp-json\/wp\/v2\/posts\/14016","targetHints":{"allow":["GET"]}}],"collection":[{"href":"https:\/\/raum-blick.de\/magazin\/wp-json\/wp\/v2\/posts"}],"about":[{"href":"https:\/\/raum-blick.de\/magazin\/wp-json\/wp\/v2\/types\/post"}],"author":[{"embeddable":true,"href":"https:\/\/raum-blick.de\/magazin\/wp-json\/wp\/v2\/users\/4"}],"replies":[{"embeddable":true,"href":"https:\/\/raum-blick.de\/magazin\/wp-json\/wp\/v2\/comments?post=14016"}],"version-history":[{"count":27,"href":"https:\/\/raum-blick.de\/magazin\/wp-json\/wp\/v2\/posts\/14016\/revisions"}],"predecessor-version":[{"id":20940,"href":"https:\/\/raum-blick.de\/magazin\/wp-json\/wp\/v2\/posts\/14016\/revisions\/20940"}],"wp:featuredmedia":[{"embeddable":true,"href":"https:\/\/raum-blick.de\/magazin\/wp-json\/wp\/v2\/media\/14047"}],"wp:attachment":[{"href":"https:\/\/raum-blick.de\/magazin\/wp-json\/wp\/v2\/media?parent=14016"}],"wp:term":[{"taxonomy":"category","embeddable":true,"href":"https:\/\/raum-blick.de\/magazin\/wp-json\/wp\/v2\/categories?post=14016"},{"taxonomy":"post_tag","embeddable":true,"href":"https:\/\/raum-blick.de\/magazin\/wp-json\/wp\/v2\/tags?post=14016"}],"curies":[{"name":"wp","href":"https:\/\/api.w.org\/{rel}","templated":true}]}}