{"id":1400,"date":"2016-10-26T08:21:20","date_gmt":"2016-10-26T06:21:20","guid":{"rendered":"https:\/\/www.raum-blick.de\/magazin\/?p=1400"},"modified":"2024-08-27T14:01:17","modified_gmt":"2024-08-27T12:01:17","slug":"wein-lagern-dekantieren-servieren","status":"publish","type":"post","link":"https:\/\/raum-blick.de\/magazin\/wein-lagern-dekantieren-servieren\/","title":{"rendered":"Wein lagern, dekantieren, servieren"},"content":{"rendered":"<h2><span class=\"ez-toc-section\" id=\"%C2%AB_Helfer_fuer_mehr_Genuss_%C2%BB\"><\/span>\u00ab Helfer f\u00fcr mehr Genuss \u00bb<span class=\"ez-toc-section-end\"><\/span><\/h2>\n<p style=\"text-align: justify;\"><strong>Jeder edle Tropfen \u00fcberrascht mit seinem bemerkenswerten Charakter. In dieser aromatischen Signatur spiegelt sich die regionale Herkunft ebenso wieder wie die Fachkenntnis und die Leidenschaft des Winzers. All dies k\u00f6nnen Sie beim Verkosten sinnlich erfahren, wenn Sie das hochwertige Getr\u00e4nk erst fachgerecht lagern, richtig temperieren, dekantieren und stilecht servieren. Wir zeigen Ihnen die besten Hilfsmittel zum Gelingen. <\/strong><\/p>\n<h2><span class=\"ez-toc-section\" id=\"Wein_als_kulinarische_Entdeckungsreise\"><\/span>Wein als kulinarische Entdeckungsreise<span class=\"ez-toc-section-end\"><\/span><\/h2>\n<p style=\"text-align: justify;\">Es gibt Konstellationen im Leben wie die Studentenzeit, die den Griff zum rechteckig verpackten Wein im untersten Regal des Supermarktes legitimieren. Das gesellige Vergn\u00fcgen oder die Verwendung als Zutat beim Kochen stehen in diesem Moment im Vordergrund. Auf Feinheiten wie das Dekantieren darf dabei verzichtet werden und die jungen Erwachsenen k\u00f6nnen getrost aus dem Pappbecher trinken.<\/p><div id=\"ez-toc-container\" class=\"ez-toc-v2_0_82_2 counter-hierarchy ez-toc-counter ez-toc-grey ez-toc-container-direction\">\n<div class=\"ez-toc-title-container\">\n<p class=\"ez-toc-title\" style=\"cursor:inherit\">Was hier auf Sie wartet<\/p>\n<span class=\"ez-toc-title-toggle\"><a href=\"#\" class=\"ez-toc-pull-right ez-toc-btn ez-toc-btn-xs ez-toc-btn-default ez-toc-toggle\" aria-label=\"Toggle Table of Content\"><span class=\"ez-toc-js-icon-con\"><span class=\"\"><span class=\"eztoc-hide\" style=\"display:none;\">Toggle<\/span><span class=\"ez-toc-icon-toggle-span\"><svg style=\"fill: #999;color:#999\" xmlns=\"http:\/\/www.w3.org\/2000\/svg\" class=\"list-377408\" width=\"20px\" height=\"20px\" viewBox=\"0 0 24 24\" fill=\"none\"><path d=\"M6 6H4v2h2V6zm14 0H8v2h12V6zM4 11h2v2H4v-2zm16 0H8v2h12v-2zM4 16h2v2H4v-2zm16 0H8v2h12v-2z\" fill=\"currentColor\"><\/path><\/svg><svg style=\"fill: #999;color:#999\" class=\"arrow-unsorted-368013\" xmlns=\"http:\/\/www.w3.org\/2000\/svg\" width=\"10px\" height=\"10px\" viewBox=\"0 0 24 24\" version=\"1.2\" baseProfile=\"tiny\"><path d=\"M18.2 9.3l-6.2-6.3-6.2 6.3c-.2.2-.3.4-.3.7s.1.5.3.7c.2.2.4.3.7.3h11c.3 0 .5-.1.7-.3.2-.2.3-.5.3-.7s-.1-.5-.3-.7zM5.8 14.7l6.2 6.3 6.2-6.3c.2-.2.3-.5.3-.7s-.1-.5-.3-.7c-.2-.2-.4-.3-.7-.3h-11c-.3 0-.5.1-.7.3-.2.2-.3.5-.3.7s.1.5.3.7z\"\/><\/svg><\/span><\/span><\/span><\/a><\/span><\/div>\n<nav><ul class='ez-toc-list ez-toc-list-level-1 ' ><li class='ez-toc-page-1 ez-toc-heading-level-2'><a class=\"ez-toc-link ez-toc-heading-1\" href=\"https:\/\/raum-blick.de\/magazin\/wein-lagern-dekantieren-servieren\/#%C2%AB_Helfer_fuer_mehr_Genuss_%C2%BB\" >\u00ab Helfer f\u00fcr mehr Genuss \u00bb<\/a><\/li><li class='ez-toc-page-1 ez-toc-heading-level-2'><a class=\"ez-toc-link ez-toc-heading-2\" href=\"https:\/\/raum-blick.de\/magazin\/wein-lagern-dekantieren-servieren\/#Wein_als_kulinarische_Entdeckungsreise\" >Wein als kulinarische Entdeckungsreise<\/a><\/li><li class='ez-toc-page-1 ez-toc-heading-level-2'><a class=\"ez-toc-link ez-toc-heading-3\" href=\"https:\/\/raum-blick.de\/magazin\/wein-lagern-dekantieren-servieren\/#Wein_lagern_%E2%80%93_Aromen_erhalten_und_die_Flaschen_aesthetisch_praesentieren\" >Wein lagern \u2013 Aromen erhalten und die Flaschen \u00e4sthetisch pr\u00e4sentieren<\/a><\/li><li class='ez-toc-page-1 ez-toc-heading-level-2'><a class=\"ez-toc-link ez-toc-heading-4\" href=\"https:\/\/raum-blick.de\/magazin\/wein-lagern-dekantieren-servieren\/#Wein_dekantieren_%E2%80%93_Lebendiger_Charakter_durch_Karaffe_und_Dekanter\" >Wein dekantieren \u2013 Lebendiger Charakter durch Karaffe und Dekanter<\/a><\/li><li class='ez-toc-page-1 ez-toc-heading-level-2'><a class=\"ez-toc-link ez-toc-heading-5\" href=\"https:\/\/raum-blick.de\/magazin\/wein-lagern-dekantieren-servieren\/#Weinglaeser_von_Iittala_fuer_den_vollendeten_Genuss\" >Weingl\u00e4ser von Iittala f\u00fcr den vollendeten Genuss<\/a><\/li><\/ul><\/nav><\/div>\n\n<div id=\"attachment_1473\" style=\"width: 610px\" class=\"wp-caption aligncenter\"><img loading=\"lazy\" decoding=\"async\" aria-describedby=\"caption-attachment-1473\" class=\"wp-image-1473 size-full\" title=\"Wein als kulinarische Entdeckungsreise\" src=\"https:\/\/www.raum-blick.de\/magazin\/wp-content\/uploads\/2016\/11\/Wein-als-kulinarische-Entdeckungsreise.jpg\" alt=\"\u00a9 by-studio \/ Fotolia.com\" width=\"600\" height=\"400\" srcset=\"https:\/\/raum-blick.de\/magazin\/wp-content\/uploads\/2016\/11\/Wein-als-kulinarische-Entdeckungsreise.jpg 600w, https:\/\/raum-blick.de\/magazin\/wp-content\/uploads\/2016\/11\/Wein-als-kulinarische-Entdeckungsreise-300x200.jpg 300w\" sizes=\"(max-width: 600px) 100vw, 600px\" \/><p id=\"caption-attachment-1473\" class=\"wp-caption-text\">\u00a9 by-studio \/ Fotolia.com<\/p><\/div>\n<p style=\"text-align: justify;\">Doch das Blatt wendet sich, sobald erstklassige Weine Sie zum ersten Mal vom unvergleichlichen Facettenreichtum eines edlen Tropfens \u00fcberzeugt haben. Denn jeder Wein gleicht einem eindrucksvollen Bildband, der Panoramen auf die Landschaft er\u00f6ffnet, das geographische Klima vermittelt und Einblicke in die regional verwurzelte Kultur gew\u00e4hrt. Die Rebsorte, die Lage des Weingartens, der Boden und die Art des Weinausbaus sind nur wenige Beispiele f\u00fcr die vielen Faktoren, die sich auf den Geschmack auswirken.<\/p>\n<p style=\"text-align: justify;\"><img loading=\"lazy\" decoding=\"async\" class=\"aligncenter wp-image-1476 size-full\" title=\"menu &quot;New Norm&quot; | Set aus Weindekantierkaraffe &amp; Cool Breather\" src=\"https:\/\/www.raum-blick.de\/magazin\/wp-content\/uploads\/2016\/11\/menu-New-Norm-Set-Weindekantierkaraffe-Cool-Breather.jpg\" alt=\"menu-new-norm-set-weindekantierkaraffe-cool-breather\" width=\"600\" height=\"600\" srcset=\"https:\/\/raum-blick.de\/magazin\/wp-content\/uploads\/2016\/11\/menu-New-Norm-Set-Weindekantierkaraffe-Cool-Breather.jpg 600w, https:\/\/raum-blick.de\/magazin\/wp-content\/uploads\/2016\/11\/menu-New-Norm-Set-Weindekantierkaraffe-Cool-Breather-150x150.jpg 150w, https:\/\/raum-blick.de\/magazin\/wp-content\/uploads\/2016\/11\/menu-New-Norm-Set-Weindekantierkaraffe-Cool-Breather-300x300.jpg 300w\" sizes=\"(max-width: 600px) 100vw, 600px\" \/><\/p>\n<p style=\"text-align: justify;\">Wer zum stilvollen Weinabend einl\u00e4dt, g\u00f6nnt den G\u00e4sten beispielhaft eine Wanderung durch mediterrane Gefilde, die bei strahlendem Sonnenschein an H\u00fcgeln mit w\u00fcrzigen Kr\u00e4utern und Ebenen mit duftendem Lavendel vorbeif\u00fchrt.<\/p>\n<p style=\"text-align: justify;\"><img loading=\"lazy\" decoding=\"async\" class=\"aligncenter wp-image-1479 size-full\" title=\"menu W\/W Karaffe | f\u00fcr Wein &amp; Wasser | mundgeblasenes Limonadenglas\" src=\"https:\/\/www.raum-blick.de\/magazin\/wp-content\/uploads\/2016\/11\/menu-Wein-Wasser-Karaffe.jpg\" alt=\"menu-wein-wasser-karaffe\" width=\"600\" height=\"600\" srcset=\"https:\/\/raum-blick.de\/magazin\/wp-content\/uploads\/2016\/11\/menu-Wein-Wasser-Karaffe.jpg 600w, https:\/\/raum-blick.de\/magazin\/wp-content\/uploads\/2016\/11\/menu-Wein-Wasser-Karaffe-150x150.jpg 150w, https:\/\/raum-blick.de\/magazin\/wp-content\/uploads\/2016\/11\/menu-Wein-Wasser-Karaffe-300x300.jpg 300w\" sizes=\"(max-width: 600px) 100vw, 600px\" \/><\/p>\n<p style=\"text-align: justify;\">Dieser genussvolle Tapetenwechsel mit all seinen angenehmen Facetten gelingt allerdings nur, wenn Sie dem guten Tropfen von der Lagerung \u00fcber das Dekantieren bis zur Wahl der richtigen Weingl\u00e4ser etwas Aufmerksamkeit zukommen lassen.<\/p>\n<h2><span class=\"ez-toc-section\" id=\"Wein_lagern_%E2%80%93_Aromen_erhalten_und_die_Flaschen_aesthetisch_praesentieren\"><\/span>Wein lagern \u2013 Aromen erhalten und die Flaschen \u00e4sthetisch pr\u00e4sentieren<span class=\"ez-toc-section-end\"><\/span><\/h2>\n<p style=\"text-align: justify;\">Trotz der sorgf\u00e4ltigen Abf\u00fcllung und Versiegelung mit Korken kann der Geschmack von Rotwein, Wei\u00dfwein oder Champagner durch die falsche Lagerung beeintr\u00e4chtigt werden. Damit die Vorr\u00e4te f\u00fcr entspannte Momente nicht ins Barfach gestellt werden m\u00fcssen, hat Michael R\u00f6sing, Gr\u00fcnder der Designmarke radius design, ein Weinregal entwickelt.<\/p>\n<div class=\"brlbs-cmpnt-container brlbs-cmpnt-content-blocker brlbs-cmpnt-with-individual-styles\" data-borlabs-cookie-content-blocker-id=\"default\" data-borlabs-cookie-content=\"PGlmcmFtZSBzcmM9Imh0dHBzOi8vd3d3LnlvdXR1YmUuY29tL2VtYmVkLy1EYkx2YXR2YWNjP3JlbD0wJmFtcDtjb250cm9scz0wIiB3aWR0aD0iNjQwIiBoZWlnaHQ9IjM2MCIgZnJhbWVib3JkZXI9IjAiIGFsbG93ZnVsbHNjcmVlbj0iYWxsb3dmdWxsc2NyZWVuIj48L2lmcmFtZT4=\">\n<div class=\"brlbs-cmpnt-cb-preset-a\">\n<p class=\"brlbs-cmpnt-cb-description\">Sie sehen gerade einen Platzhalterinhalt von <strong>Standard<\/strong>. Um auf den eigentlichen Inhalt zuzugreifen, klicken Sie auf den Button unten. Bitte beachten Sie, dass dabei Daten an Drittanbieter weitergegeben werden.<\/p>\n<div class=\"brlbs-cmpnt-cb-buttons\"> <a class=\"brlbs-cmpnt-cb-btn\" href=\"#\" data-borlabs-cookie-unblock role=\"button\">Inhalt entsperren<\/a> <a class=\"brlbs-cmpnt-cb-btn\" href=\"#\" data-borlabs-cookie-accept-service role=\"button\" style=\"display: none\">Erforderlichen Service akzeptieren und Inhalte entsperren<\/a> <\/div>\n<p> <a class=\"brlbs-cmpnt-cb-provider-toggle\" href=\"#\" data-borlabs-cookie-show-provider-information role=\"button\">Weitere Informationen<\/a> <\/div>\n<\/div>\n<p style=\"text-align: justify;\">Das Wohnaccessoire aus Edelstahl wirkt nicht nur \u00e4sthetisch und erlaubt es, die exklusiven Getr\u00e4nke ansprechend ins Rampenlicht zu r\u00fccken. Das Weinregal von radius design ist so konzipiert, dass auch Laien bei der Aufbewahrung die wichtigsten Faktoren intuitiv ber\u00fccksichtigen. Platzsparend k\u00f6nnen zw\u00f6lf Flaschen dank der integrierten Halterung eingeh\u00e4ngt werden. So ergibt sich von selbst eine waagerechte Position, wodurch der Korken stets angefeuchtet bleibt.<\/p>\n<p style=\"text-align: justify;\"><a href=\"https:\/\/www.raum-blick.de\/weinrack-edelstahl-radius-design\"><img loading=\"lazy\" decoding=\"async\" class=\"aligncenter wp-image-1409 size-full\" title=\"radius design Weinrack aus Edelstahl | f\u00fcr 12 Flaschen\" src=\"https:\/\/www.raum-blick.de\/magazin\/wp-content\/uploads\/2016\/11\/radius-design-Weinrack-f\u00fcr-12-Flaschen-aus-Edelstahl.jpg\" alt=\"radius-design-weinrack-fuer-12-flaschen-aus-edelstahl\" width=\"600\" height=\"900\" srcset=\"https:\/\/raum-blick.de\/magazin\/wp-content\/uploads\/2016\/11\/radius-design-Weinrack-f\u00fcr-12-Flaschen-aus-Edelstahl.jpg 600w, https:\/\/raum-blick.de\/magazin\/wp-content\/uploads\/2016\/11\/radius-design-Weinrack-f\u00fcr-12-Flaschen-aus-Edelstahl-200x300.jpg 200w\" sizes=\"(max-width: 600px) 100vw, 600px\" \/><\/a><\/p>\n<p style=\"text-align: justify;\">Selbst bei der liegenden Unterbringung im K\u00fcchenschrank kann es dazu kommen, dass die Flaschen h\u00e4ufig hin und her ger\u00fcckt werden. Derartige Ersch\u00fctterungen m\u00f6gen die alkoholischen Getr\u00e4nke aus Trauben nicht. Im Weinregal von radius design k\u00f6nnen die Flaschen ungest\u00f6rt ruhen, bis Sie sich f\u00fcr ihre Verkostung entscheiden.<\/p>\n<p style=\"text-align: justify;\"><img loading=\"lazy\" decoding=\"async\" class=\"alignleft wp-image-1488 size-full\" title=\"iittala &quot;Essence&quot; Rotweinglas | 2er-Set | klar | geschirrsp\u00fclfest\" src=\"https:\/\/www.raum-blick.de\/magazin\/wp-content\/uploads\/2016\/11\/iittala-Essence-Rotweinglas-2er-Set.jpg\" alt=\"iittala-essence-rotweinglas-2er-set\" width=\"158\" height=\"385\" srcset=\"https:\/\/raum-blick.de\/magazin\/wp-content\/uploads\/2016\/11\/iittala-Essence-Rotweinglas-2er-Set.jpg 158w, https:\/\/raum-blick.de\/magazin\/wp-content\/uploads\/2016\/11\/iittala-Essence-Rotweinglas-2er-Set-123x300.jpg 123w\" sizes=\"(max-width: 158px) 100vw, 158px\" \/>Wichtiger als die H\u00f6he der Temperatur ist es f\u00fcr einen gelagerten Wein, dass Temperaturschwankungen vermieden werden und eine gewisse Luftfeuchtigkeit gegeben ist. Da eine zu trockene Atmosph\u00e4re auch dem Wohlbefinden von Menschen widerspricht, werden in Wohnr\u00e4umen meist Accessoires wie Luftbefeuchter oder Zimmerbrunnen arrangiert. Auch bevorzugt jeder sein pers\u00f6nliches, gleichbleibendes Klima in der gem\u00fctlichen Stube. Deshalb ist ein Weinregal in dieser Umgebung ideal, um die aromatische Brillanz zu erhalten.<\/p>\n<p style=\"text-align: justify;\">Nicht ohne Grund begrenzt sich <a href=\"https:\/\/www.raum-blick.de\/radius\/\">radius design<\/a> auf zw\u00f6lf Halterungen. Umfangreiche Vorr\u00e4te oder Weinsammlungen, deren Kostbarkeiten auch \u00fcber Jahrzehnte reifen k\u00f6nnen, m\u00fcssen vor Licht gesch\u00fctzt in einem geeigneten Kellerraum oder in einem speziellen Weinschrank gelagert werden. Ein Weinregal ist stets f\u00fcr die fl\u00fcssigen Delikatessen gedacht, auf die Sie im Alltag oder bei besonderen Ereignissen spontan zugreifen m\u00f6chten.<\/p>\n<h2><span class=\"ez-toc-section\" id=\"Wein_dekantieren_%E2%80%93_Lebendiger_Charakter_durch_Karaffe_und_Dekanter\"><\/span>Wein dekantieren \u2013 Lebendiger Charakter durch Karaffe und Dekanter<span class=\"ez-toc-section-end\"><\/span><\/h2>\n<p style=\"text-align: justify;\"><img loading=\"lazy\" decoding=\"async\" class=\"alignright wp-image-1428 size-full\" title=\"Eva Solo Dekantierkaraffe | 100% tropffrei | sp\u00fclmaschinenfest\" src=\"https:\/\/www.raum-blick.de\/magazin\/wp-content\/uploads\/2016\/11\/Eva-Solo-Dekantierkaraffe-tropffrei.jpg\" alt=\"eva-solo-dekantierkaraffe-tropffrei\" width=\"263\" height=\"430\" srcset=\"https:\/\/raum-blick.de\/magazin\/wp-content\/uploads\/2016\/11\/Eva-Solo-Dekantierkaraffe-tropffrei.jpg 263w, https:\/\/raum-blick.de\/magazin\/wp-content\/uploads\/2016\/11\/Eva-Solo-Dekantierkaraffe-tropffrei-183x300.jpg 183w\" sizes=\"(max-width: 263px) 100vw, 263px\" \/>Nachdem sich Genie\u00dfer ein Exemplar passend zum Ambiente oder zu den gereichten Speisen aus dem Weinregal gegriffen haben und der Wein die richtige Temperatur hat, schlie\u00dft sich das Dekantieren und Servieren in einer Karaffe an. Diese Pr\u00e4sentation wirkt bei Tisch selbstverst\u00e4ndlich elegant und bringt die Farbe des Weines wunderbar zur Geltung.<\/p>\n<p style=\"text-align: justify;\">Allerdings geht es bei der Verwendung der Karaffe weniger um die gehobene Gastlichkeit als um den liebevollen Umgang mit dem edlen Tropfen.<\/p>\n<p style=\"text-align: justify;\">Verkostet werden in der Regel junge Weine und gereifte Delikatessen mit einer moderaten Lagerungszeit. Diese alkoholischen Getr\u00e4nke entfalten ihr vielschichtiges und lebendiges Aroma erst, wenn sie in einer Karaffe mit Luft in Kontakt kommen d\u00fcrfen.<\/p>\n<p style=\"text-align: justify;\">Wie lange das Dekantieren vor dem Wein servieren erfolgen sollte, h\u00e4ngt von der Sorte, dem Jahrgang und dem Alter des Getr\u00e4nks ab. Sowohl Fachgesch\u00e4fte als auch Winzer werden den Verkauf mit gutem Ratschlag diesbez\u00fcglich kombinieren k\u00f6nnen.<\/p>\n<p style=\"text-align: justify;\"><a href=\"https:\/\/www.raum-blick.de\/dekantierkaraffe-mit-kuehlelement-eva-solo\"><img loading=\"lazy\" decoding=\"async\" class=\"alignleft wp-image-1449 size-full\" title=\"Eva Solo Dekantierkaraffe mit K\u00fchlelement | 100% tropffrei | Glas mundgeblasen\" src=\"https:\/\/www.raum-blick.de\/magazin\/wp-content\/uploads\/2016\/11\/Eva-Solo-Dekantierkaraffe-mit-K\u00fchlelement-tropffrei-Glas-mundgeblasen.jpg\" alt=\"eva-solo-dekantierkaraffe-mit-kuehlelement-tropffrei-glas-mundgeblasen\" width=\"405\" height=\"520\" srcset=\"https:\/\/raum-blick.de\/magazin\/wp-content\/uploads\/2016\/11\/Eva-Solo-Dekantierkaraffe-mit-K\u00fchlelement-tropffrei-Glas-mundgeblasen.jpg 405w, https:\/\/raum-blick.de\/magazin\/wp-content\/uploads\/2016\/11\/Eva-Solo-Dekantierkaraffe-mit-K\u00fchlelement-tropffrei-Glas-mundgeblasen-234x300.jpg 234w\" sizes=\"(max-width: 405px) 100vw, 405px\" \/><\/a>Wenn Sie einen Blick auf die Dekantier-Karaffe von <a href=\"https:\/\/www.raum-blick.de\/eva-solo\/\">Eva Solo<\/a> werfen, sticht die bauchige Form mit der ausgepr\u00e4gten Verj\u00fcngung ins Auge.<\/p>\n<p style=\"text-align: justify;\">Ein Dekanter zur optimalen Bel\u00fcftung des Weines sitzt auf der Karaffe und l\u00e4sst beim Eingie\u00dfen den edlen Tropfen an der Glasinnenwand dieser hinabgleiten.<\/p>\n<p style=\"text-align: justify;\">Allerdings bel\u00e4sst es Eva Solo nicht bei diesem praktischen Feature. Die Karaffe f\u00fcrs Dekantieren und Servieren sorgt au\u00dferdem daf\u00fcr, dass w\u00e4hrend dem Genuss die passende Temperatur gewahrt bleibt.<\/p>\n<p style=\"text-align: justify;\">Ausgesprochen modern l\u00f6sen die Designer von Eva Solo dieses funktionale Detail, indem sie die Karaffe mit einem dezenten K\u00fchlelement versehen, das wie ein Sitzkissen in dem die Karaffe sitzt umschlie\u00dft.<\/p>\n<p style=\"text-align: justify;\"><img loading=\"lazy\" decoding=\"async\" class=\"alignright wp-image-1455 size-full\" title=\"menu New Norm Cool Breather | Dekantieren von Wei\u00dfwein\" src=\"https:\/\/www.raum-blick.de\/magazin\/wp-content\/uploads\/2016\/11\/menu-New-Norm-Cool-Breather-Dekantieren-von-Wei\u00dfwein.jpg\" alt=\"menu-new-norm-cool-breather-dekantieren-von-weisswein\" width=\"355\" height=\"420\" srcset=\"https:\/\/raum-blick.de\/magazin\/wp-content\/uploads\/2016\/11\/menu-New-Norm-Cool-Breather-Dekantieren-von-Wei\u00dfwein.jpg 355w, https:\/\/raum-blick.de\/magazin\/wp-content\/uploads\/2016\/11\/menu-New-Norm-Cool-Breather-Dekantieren-von-Wei\u00dfwein-254x300.jpg 254w\" sizes=\"(max-width: 355px) 100vw, 355px\" \/>Ein \u00e4hnliches System zum Dekantieren wie die Eva Solo Dekanter bietet auch der Hersteller Menu. Die Rotweinkaraffe ist dabei etwas bauchiger und kommt nat\u00fcrlich ohne K\u00fchlelement aus.<\/p>\n<p style=\"text-align: justify;\">Das Menu Pendant f\u00fcr Wei\u00dfwein, der New Norm Cool Breather l\u00f6st das Temperaturproblem mit einem gro\u00dfen K\u00fchlstick, der auf Wunsch in die Flasche gesetzt werden kann.<\/p>\n<p style=\"text-align: justify;\"><strong>Achtung:<\/strong> Zum Beispiel bei Weinen, die bereits als \u00fcberlagert gelten, kann das Dekantieren nachteilig sein. Au\u00dferdem gibt es Sorten, die grunds\u00e4tzlich aus der Flasche eingeschenkt werden.<\/p>\n<h2><span class=\"ez-toc-section\" id=\"Weinglaeser_von_Iittala_fuer_den_vollendeten_Genuss\"><\/span>Weingl\u00e4ser von Iittala f\u00fcr den vollendeten Genuss<span class=\"ez-toc-section-end\"><\/span><\/h2>\n<p style=\"text-align: justify;\">Schon beim Gedanken an bestimmte Weine, kommen einem aromatische Charakterz\u00fcge in den Sinn, die beispielsweise den Feierabend zum Genuss werden lassen. Derartige Lieblingsweine sind ein gesch\u00e4tzter Begleiter f\u00fcr stilvolle Momente und \u00e4hneln einem guten Freund, auf dessen elegante Art Sie sich verlassen k\u00f6nnen.<\/p>\n<p style=\"text-align: justify;\"><img loading=\"lazy\" decoding=\"async\" class=\"aligncenter wp-image-1459 size-full\" title=\"iittala &quot;Essence&quot; Wei\u00dfweinglas | 2er-Set | klar | geschirrsp\u00fclfest\" src=\"https:\/\/www.raum-blick.de\/magazin\/wp-content\/uploads\/2016\/11\/iittala-Essence-Wei\u00dfweinglas-2er-Set.jpg\" alt=\"iittala-essence-weissweinglas-2er-set\" width=\"600\" height=\"450\" srcset=\"https:\/\/raum-blick.de\/magazin\/wp-content\/uploads\/2016\/11\/iittala-Essence-Wei\u00dfweinglas-2er-Set.jpg 600w, https:\/\/raum-blick.de\/magazin\/wp-content\/uploads\/2016\/11\/iittala-Essence-Wei\u00dfweinglas-2er-Set-300x225.jpg 300w\" sizes=\"(max-width: 600px) 100vw, 600px\" \/><\/p>\n<p style=\"text-align: justify;\">Deshalb ist es bereits eine Frage der Ehre, f\u00fcr den gesch\u00e4tzten Tropfen und ganz besonders in guter Gesellschaft hochwertige Weingl\u00e4ser bereitzuhalten. Die Kollektion Essence von Iittala zum Beispiel mutet edel an und pr\u00e4sentiert sich dennoch dezent. So genie\u00dft der Wein mit seinen einzigartigen Aromen die ungeteilte Aufmerksamkeit.<\/p>\n<p style=\"text-align: justify;\"><img loading=\"lazy\" decoding=\"async\" class=\"alignleft wp-image-1468 size-full\" title=\"iittala &quot;Essence&quot; Cocktailglas | 2er-Set | auch perfekt f\u00fcr Champagner\" src=\"https:\/\/www.raum-blick.de\/magazin\/wp-content\/uploads\/2016\/11\/iittala-Essence-Cocktailglas-2er-Set-auch-perfekt-f\u00fcr-Champagner.jpg\" alt=\"iittala-essence-cocktailglas-2er-set-auch-perfekt-fuer-champagner\" width=\"353\" height=\"300\" srcset=\"https:\/\/raum-blick.de\/magazin\/wp-content\/uploads\/2016\/11\/iittala-Essence-Cocktailglas-2er-Set-auch-perfekt-f\u00fcr-Champagner.jpg 353w, https:\/\/raum-blick.de\/magazin\/wp-content\/uploads\/2016\/11\/iittala-Essence-Cocktailglas-2er-Set-auch-perfekt-f\u00fcr-Champagner-300x255.jpg 300w\" sizes=\"(max-width: 353px) 100vw, 353px\" \/>Neben Rot- und Wei\u00dfweingl\u00e4sern bietet die Iittala Essence Serie auch Cocktail-, Sherry-, oder Champagnergl\u00e4ser. Dementsprechend viel Erfahrung bringt das traditionsreiche Unternehmen mit und bedenkt beim Designkonzept den optimalen Genuss. Durch das Design der Weingl\u00e4ser k\u00f6nnen sich die jeweiligen Aromen bestm\u00f6glich entfalten, damit Sie sich \u00fcber uneingeschr\u00e4nkten Genuss freuen d\u00fcrfen.<\/p>\n","protected":false},"excerpt":{"rendered":"<p>\u00ab Helfer f\u00fcr mehr Genuss \u00bb Jeder edle Tropfen \u00fcberrascht mit seinem bemerkenswerten Charakter. In dieser aromatischen Signatur spiegelt sich die regionale Herkunft ebenso wieder wie die Fachkenntnis und die Leidenschaft des Winzers. All dies k\u00f6nnen Sie beim Verkosten sinnlich erfahren, wenn Sie das hochwertige Getr\u00e4nk erst fachgerecht lagern, richtig temperieren, dekantieren und stilecht servieren. [&hellip;]<\/p>\n","protected":false},"author":4,"featured_media":1481,"comment_status":"closed","ping_status":"open","sticky":false,"template":"","format":"standard","meta":{"_et_pb_use_builder":"","_et_pb_old_content":"","_et_gb_content_width":"","inline_featured_image":false,"footnotes":""},"categories":[7],"tags":[14,173,177,18,23,179,56,60,93,171,38,176,172,174,175,178],"class_list":["post-1400","post","type-post","status-publish","format-standard","has-post-thumbnail","hentry","category-accessoires-lifestyle","tag-ausstattung","tag-cool-breather","tag-dekantierkaraffen","tag-eva-solo","tag-iittala","tag-iittala-essence","tag-indoor","tag-karaffen","tag-menu","tag-new-norm","tag-radius-design","tag-rotweinglaeser","tag-weindekantierkaraffen","tag-weinrack","tag-weinregale","tag-weissweinglaeser"],"_links":{"self":[{"href":"https:\/\/raum-blick.de\/magazin\/wp-json\/wp\/v2\/posts\/1400","targetHints":{"allow":["GET"]}}],"collection":[{"href":"https:\/\/raum-blick.de\/magazin\/wp-json\/wp\/v2\/posts"}],"about":[{"href":"https:\/\/raum-blick.de\/magazin\/wp-json\/wp\/v2\/types\/post"}],"author":[{"embeddable":true,"href":"https:\/\/raum-blick.de\/magazin\/wp-json\/wp\/v2\/users\/4"}],"replies":[{"embeddable":true,"href":"https:\/\/raum-blick.de\/magazin\/wp-json\/wp\/v2\/comments?post=1400"}],"version-history":[{"count":83,"href":"https:\/\/raum-blick.de\/magazin\/wp-json\/wp\/v2\/posts\/1400\/revisions"}],"predecessor-version":[{"id":20698,"href":"https:\/\/raum-blick.de\/magazin\/wp-json\/wp\/v2\/posts\/1400\/revisions\/20698"}],"wp:featuredmedia":[{"embeddable":true,"href":"https:\/\/raum-blick.de\/magazin\/wp-json\/wp\/v2\/media\/1481"}],"wp:attachment":[{"href":"https:\/\/raum-blick.de\/magazin\/wp-json\/wp\/v2\/media?parent=1400"}],"wp:term":[{"taxonomy":"category","embeddable":true,"href":"https:\/\/raum-blick.de\/magazin\/wp-json\/wp\/v2\/categories?post=1400"},{"taxonomy":"post_tag","embeddable":true,"href":"https:\/\/raum-blick.de\/magazin\/wp-json\/wp\/v2\/tags?post=1400"}],"curies":[{"name":"wp","href":"https:\/\/api.w.org\/{rel}","templated":true}]}}