{"id":13954,"date":"2021-08-31T15:06:41","date_gmt":"2021-08-31T13:06:41","guid":{"rendered":"https:\/\/www.raum-blick.de\/magazin\/?p=13954"},"modified":"2024-09-17T14:25:53","modified_gmt":"2024-09-17T12:25:53","slug":"august-im-rueckblick","status":"publish","type":"post","link":"https:\/\/raum-blick.de\/magazin\/august-im-rueckblick\/","title":{"rendered":"Der August im R\u00fcckblick"},"content":{"rendered":"<p style=\"text-align: justify;\">Im normalerweise hei\u00dfesten Monat des Jahres ging es bei uns drau\u00dfen zwar eher k\u00fchl zu, auf unsere Arbeit bezogen aber hei\u00df her. Denn wir haben uns zum einen die Laune nicht verderben lassen, und zum anderen wollten wir unseren so lieben Kunden mit dem ein oder anderen Highlight den verregneten Sommer etwas vers\u00fc\u00dfen.<\/p>\n<p><a href=\"https:\/\/www.raum-blick.de\/oyoy\/\"><img loading=\"lazy\" decoding=\"async\" class=\"aligncenter wp-image-13967 size-full\" title=\"Kinderm\u00f6bel und Spielzeug von OYOY jetzt entdecken!\" src=\"https:\/\/www.raum-blick.de\/magazin\/wp-content\/uploads\/2022\/08\/OYOY-Arca-Kinderbank-Eiche-natur-Ambiente.jpg\" alt=\"OYOY-Arca-Kinderbank-Eiche-natur-Ambiente\" width=\"800\" height=\"800\" srcset=\"https:\/\/raum-blick.de\/magazin\/wp-content\/uploads\/2022\/08\/OYOY-Arca-Kinderbank-Eiche-natur-Ambiente.jpg 800w, https:\/\/raum-blick.de\/magazin\/wp-content\/uploads\/2022\/08\/OYOY-Arca-Kinderbank-Eiche-natur-Ambiente-300x300.jpg 300w, https:\/\/raum-blick.de\/magazin\/wp-content\/uploads\/2022\/08\/OYOY-Arca-Kinderbank-Eiche-natur-Ambiente-150x150.jpg 150w, https:\/\/raum-blick.de\/magazin\/wp-content\/uploads\/2022\/08\/OYOY-Arca-Kinderbank-Eiche-natur-Ambiente-768x768.jpg 768w\" sizes=\"(max-width: 800px) 100vw, 800px\" \/><\/a><\/p><div id=\"ez-toc-container\" class=\"ez-toc-v2_0_82_2 counter-hierarchy ez-toc-counter ez-toc-grey ez-toc-container-direction\">\n<div class=\"ez-toc-title-container\">\n<p class=\"ez-toc-title\" style=\"cursor:inherit\">Was hier auf Sie wartet<\/p>\n<span class=\"ez-toc-title-toggle\"><a href=\"#\" class=\"ez-toc-pull-right ez-toc-btn ez-toc-btn-xs ez-toc-btn-default ez-toc-toggle\" aria-label=\"Toggle Table of Content\"><span class=\"ez-toc-js-icon-con\"><span class=\"\"><span class=\"eztoc-hide\" style=\"display:none;\">Toggle<\/span><span class=\"ez-toc-icon-toggle-span\"><svg style=\"fill: #999;color:#999\" xmlns=\"http:\/\/www.w3.org\/2000\/svg\" class=\"list-377408\" width=\"20px\" height=\"20px\" viewBox=\"0 0 24 24\" fill=\"none\"><path d=\"M6 6H4v2h2V6zm14 0H8v2h12V6zM4 11h2v2H4v-2zm16 0H8v2h12v-2zM4 16h2v2H4v-2zm16 0H8v2h12v-2z\" fill=\"currentColor\"><\/path><\/svg><svg style=\"fill: #999;color:#999\" class=\"arrow-unsorted-368013\" xmlns=\"http:\/\/www.w3.org\/2000\/svg\" width=\"10px\" height=\"10px\" viewBox=\"0 0 24 24\" version=\"1.2\" baseProfile=\"tiny\"><path d=\"M18.2 9.3l-6.2-6.3-6.2 6.3c-.2.2-.3.4-.3.7s.1.5.3.7c.2.2.4.3.7.3h11c.3 0 .5-.1.7-.3.2-.2.3-.5.3-.7s-.1-.5-.3-.7zM5.8 14.7l6.2 6.3 6.2-6.3c.2-.2.3-.5.3-.7s-.1-.5-.3-.7c-.2-.2-.4-.3-.7-.3h-11c-.3 0-.5.1-.7.3-.2.2-.3.5-.3.7s.1.5.3.7z\"\/><\/svg><\/span><\/span><\/span><\/a><\/span><\/div>\n<nav><ul class='ez-toc-list ez-toc-list-level-1 ' ><li class='ez-toc-page-1 ez-toc-heading-level-2'><a class=\"ez-toc-link ez-toc-heading-1\" href=\"https:\/\/raum-blick.de\/magazin\/august-im-rueckblick\/#Was_waere_ein_Sommer_ohne_Cocktails\" >Was w\u00e4re ein Sommer ohne Cocktails?<\/a><\/li><li class='ez-toc-page-1 ez-toc-heading-level-2'><a class=\"ez-toc-link ez-toc-heading-2\" href=\"https:\/\/raum-blick.de\/magazin\/august-im-rueckblick\/#Am_12_August_ist_der_Tag_der_Jugend%E2%80%A6\" >Am 12. August ist der Tag der Jugend\u2026<\/a><\/li><li class='ez-toc-page-1 ez-toc-heading-level-2'><a class=\"ez-toc-link ez-toc-heading-3\" href=\"https:\/\/raum-blick.de\/magazin\/august-im-rueckblick\/#Vielen_Dank_fuer_die_Einladung\" >Vielen Dank f\u00fcr die Einladung!<\/a><\/li><li class='ez-toc-page-1 ez-toc-heading-level-2'><a class=\"ez-toc-link ez-toc-heading-4\" href=\"https:\/\/raum-blick.de\/magazin\/august-im-rueckblick\/#Der_Spaetsommer%E2%80%A6\" >Der Sp\u00e4tsommer\u2026<\/a><\/li><\/ul><\/nav><\/div>\n\n<h2><span class=\"ez-toc-section\" id=\"Was_waere_ein_Sommer_ohne_Cocktails\"><\/span>Was w\u00e4re ein Sommer ohne Cocktails?<span class=\"ez-toc-section-end\"><\/span><\/h2>\n<p style=\"text-align: justify;\">Zugegebenerma\u00dfen haben wir uns Anfang August noch sehr an den letzten Strohhalm geklammert, an die Hoffnung, dass es doch jetzt irgendwann einmal Sommer werden m\u00fcsse. Doch eben diesen Strohhalm haben wir dann einfach ins Cocktailglas gesteckt.<\/p>\n<p><img loading=\"lazy\" decoding=\"async\" class=\"aligncenter wp-image-13965 size-full\" title=\"Holmegaard \u2013 Perfection Sommeliergl\u00e4ser | 6er Set, mundgeblasen | Design: Tom Nybroe\" src=\"https:\/\/www.raum-blick.de\/magazin\/wp-content\/uploads\/2022\/08\/holmegaard-perfection-sommelierglaeser.jpg\" alt=\"holmegaard-perfection-sommelierglaeser\" width=\"800\" height=\"800\" srcset=\"https:\/\/raum-blick.de\/magazin\/wp-content\/uploads\/2022\/08\/holmegaard-perfection-sommelierglaeser.jpg 800w, https:\/\/raum-blick.de\/magazin\/wp-content\/uploads\/2022\/08\/holmegaard-perfection-sommelierglaeser-300x300.jpg 300w, https:\/\/raum-blick.de\/magazin\/wp-content\/uploads\/2022\/08\/holmegaard-perfection-sommelierglaeser-150x150.jpg 150w, https:\/\/raum-blick.de\/magazin\/wp-content\/uploads\/2022\/08\/holmegaard-perfection-sommelierglaeser-768x768.jpg 768w\" sizes=\"(max-width: 800px) 100vw, 800px\" \/><\/p>\n<p style=\"text-align: justify;\">Denn tolle Mischgetr\u00e4nke kann man ganz unabh\u00e4ngig von der Au\u00dfentemperatur genie\u00dfen. Und da es uns im RAUM-BLICK-Shop nicht am passenden Equipment mangelt, haben wir keinen Grund gefunden, <a href=\"https:\/\/www.raum-blick.de\/bar-utensilien\/\">Shaker<\/a>, <a href=\"https:\/\/www.raum-blick.de\/weinglaeser-cocktailglaeser\/\">Gl\u00e4ser<\/a> und <a href=\"https:\/\/www.raum-blick.de\/kannen-kruege\/\">Karaffen<\/a> nicht doch mit bunten Mixgetr\u00e4nken zu f\u00fcllen.<\/p>\n<p><img loading=\"lazy\" decoding=\"async\" class=\"aligncenter wp-image-13956 size-full\" title=\"Rosendahl \u2013 Grand Cru Eiseimer aus Edelstahl | Design: Rosendahl\" src=\"https:\/\/www.raum-blick.de\/magazin\/wp-content\/uploads\/2022\/08\/rosendahl-grand-cru-eiseimer.jpg\" alt=\"rosendahl-grand-cru-eiseimer\" width=\"800\" height=\"800\" srcset=\"https:\/\/raum-blick.de\/magazin\/wp-content\/uploads\/2022\/08\/rosendahl-grand-cru-eiseimer.jpg 800w, https:\/\/raum-blick.de\/magazin\/wp-content\/uploads\/2022\/08\/rosendahl-grand-cru-eiseimer-300x300.jpg 300w, https:\/\/raum-blick.de\/magazin\/wp-content\/uploads\/2022\/08\/rosendahl-grand-cru-eiseimer-150x150.jpg 150w, https:\/\/raum-blick.de\/magazin\/wp-content\/uploads\/2022\/08\/rosendahl-grand-cru-eiseimer-768x768.jpg 768w\" sizes=\"(max-width: 800px) 100vw, 800px\" \/><\/p>\n<h2><span class=\"ez-toc-section\" id=\"Am_12_August_ist_der_Tag_der_Jugend%E2%80%A6\"><\/span>Am 12. August ist der Tag der Jugend\u2026<span class=\"ez-toc-section-end\"><\/span><\/h2>\n<p style=\"text-align: justify;\">\u2026und den haben wir selbstverst\u00e4ndlich gefeiert. Haupts\u00e4chlich nat\u00fcrlich, weil die Jugend unsere Zukunft darstellt und gerade in der heutigen, sehr schweren Zeit unsere volle Unterst\u00fctzung genie\u00dfen sollte.<\/p>\n<div class='et-box et-info'>\n\t\t\t\t\t<div class='et-box-content'>Andererseits aber auch deshalb, weil wir hinter so vielen tollen Einrichtungsgegenst\u00e4nden f\u00fcr junge Menschen von ganz klein bis fast schon gro\u00df stehen, die wir so gerne in allen Kinder- und Jugendzimmern verteilen w\u00fcrden.<\/div><\/div>\n<p style=\"text-align: justify;\">Denn gerade bei diesen miserablen Sommerferien sollte man sich in den eigenen vier W\u00e4nden doch rundum wohlf\u00fchlen und es sich so richtig gem\u00fctlich machen k\u00f6nnen.<\/p>\n<p><a href=\"https:\/\/www.raum-blick.de\/vitra-panton-junior-stuhl\"><img loading=\"lazy\" decoding=\"async\" class=\"aligncenter wp-image-13959 size-full\" title=\"Vitra - Panton Junior Stuhl | Kinderstuhl | Design: Verner Panton\" src=\"https:\/\/www.raum-blick.de\/magazin\/wp-content\/uploads\/2022\/08\/vitra-panton-junior-stuhl.jpg\" alt=\"vitra-panton-junior-stuhl\" width=\"800\" height=\"800\" srcset=\"https:\/\/raum-blick.de\/magazin\/wp-content\/uploads\/2022\/08\/vitra-panton-junior-stuhl.jpg 800w, https:\/\/raum-blick.de\/magazin\/wp-content\/uploads\/2022\/08\/vitra-panton-junior-stuhl-300x300.jpg 300w, https:\/\/raum-blick.de\/magazin\/wp-content\/uploads\/2022\/08\/vitra-panton-junior-stuhl-150x150.jpg 150w, https:\/\/raum-blick.de\/magazin\/wp-content\/uploads\/2022\/08\/vitra-panton-junior-stuhl-768x768.jpg 768w\" sizes=\"(max-width: 800px) 100vw, 800px\" \/><\/a><\/p>\n<h2><span class=\"ez-toc-section\" id=\"Vielen_Dank_fuer_die_Einladung\"><\/span>Vielen Dank f\u00fcr die Einladung!<span class=\"ez-toc-section-end\"><\/span><\/h2>\n<p style=\"text-align: justify;\">Da man sich aktuell ja nicht so gerne drau\u00dfen aufh\u00e4lt, haben wir uns umso mehr \u00fcber die Einladung der <a href=\"https:\/\/www.hohner-photography.de\/\" target=\"_blank\" rel=\"noopener\">Fotografin Christina Hohner<\/a> gefreut. Die Ludwigsburgerin hat uns die T\u00fcren zu ihrem ganz privaten Reich ge\u00f6ffnet und uns gezeigt, wie wunderbar man sich mit M\u00f6beln unserer Marke <a href=\"https:\/\/www.raum-blick.de\/umage\/\">UMAGE<\/a> einrichten kann.<\/p>\n<p><img loading=\"lazy\" decoding=\"async\" class=\"aligncenter wp-image-13974 size-full\" title=\"UMAGE \u2013 Time Flies Esszimmerstuhl gepolstert | Design: Jonas S\u00f8ndergaard, 2019\" src=\"https:\/\/www.raum-blick.de\/magazin\/wp-content\/uploads\/2022\/08\/umage-time-flies-stuhl.jpg\" alt=\"umage-time-flies-stuhl\" width=\"800\" height=\"800\" srcset=\"https:\/\/raum-blick.de\/magazin\/wp-content\/uploads\/2022\/08\/umage-time-flies-stuhl.jpg 800w, https:\/\/raum-blick.de\/magazin\/wp-content\/uploads\/2022\/08\/umage-time-flies-stuhl-300x300.jpg 300w, https:\/\/raum-blick.de\/magazin\/wp-content\/uploads\/2022\/08\/umage-time-flies-stuhl-150x150.jpg 150w, https:\/\/raum-blick.de\/magazin\/wp-content\/uploads\/2022\/08\/umage-time-flies-stuhl-768x768.jpg 768w\" sizes=\"(max-width: 800px) 100vw, 800px\" \/><\/p>\n<p style=\"text-align: justify;\">Und obwohl der Markenname \u201eUMAGE\u201c f\u00fcr das deutsche Verb \u201esich bem\u00fchen\u201c steht, hat uns die junge Frau schnell gezeigt, wie m\u00fchelos sie sich ihre eigene, zauberhafte Wohlf\u00fchloase mit Wohndesigns wie der <a href=\"https:\/\/www.raum-blick.de\/umage-eos-leuchte-light-brown\">EOS Leuchte<\/a>, den Time Flies St\u00fchlen oder den <a href=\"https:\/\/www.raum-blick.de\/umage-butterflies-wandhaken\">Butterflies Wandhaken<\/a> eingerichtet hat.<\/p>\n<p><a href=\"https:\/\/www.raum-blick.de\/umage-eos-leuchte-light-brown\"><img loading=\"lazy\" decoding=\"async\" class=\"aligncenter wp-image-13969 size-full\" title=\"UMAGE EOS light brown aus G\u00e4nsefedern | inkl. Kabelset und LED Leuchtmittel | Design: UMAGE\" src=\"https:\/\/www.raum-blick.de\/magazin\/wp-content\/uploads\/2022\/08\/umage-eos-leuchte-light-brown.jpg\" alt=\"umage-eos-leuchte-light-brown\" width=\"800\" height=\"800\" srcset=\"https:\/\/raum-blick.de\/magazin\/wp-content\/uploads\/2022\/08\/umage-eos-leuchte-light-brown.jpg 800w, https:\/\/raum-blick.de\/magazin\/wp-content\/uploads\/2022\/08\/umage-eos-leuchte-light-brown-300x300.jpg 300w, https:\/\/raum-blick.de\/magazin\/wp-content\/uploads\/2022\/08\/umage-eos-leuchte-light-brown-150x150.jpg 150w, https:\/\/raum-blick.de\/magazin\/wp-content\/uploads\/2022\/08\/umage-eos-leuchte-light-brown-768x768.jpg 768w\" sizes=\"(max-width: 800px) 100vw, 800px\" \/><\/a><\/p>\n<h2><span class=\"ez-toc-section\" id=\"Der_Spaetsommer%E2%80%A6\"><\/span>Der Sp\u00e4tsommer\u2026<span class=\"ez-toc-section-end\"><\/span><\/h2>\n<p style=\"text-align: justify;\">\u2026l\u00e4sst ja noch etwas auf sich warten, doch angesagt wurde er. Hoffen wir, dass er es sich nicht noch anders \u00fcberlegt, denn wir sind bestens vorbereitet. Die absoluten Highlights f\u00fcr die gem\u00fctlichen Stunden drau\u00dfen stehen schon in den Startl\u00f6chern.<\/p>\n<p><a href=\"https:\/\/www.raum-blick.de\/umage-butterflies-wandhaken\"><img loading=\"lazy\" decoding=\"async\" class=\"aligncenter wp-image-13976 size-full\" title=\"Umage Butterflies Wandhaken | Kleiderhaken in Schmetterlingsform | Design: Makers With Agendas\" src=\"https:\/\/www.raum-blick.de\/magazin\/wp-content\/uploads\/2022\/08\/umage-butterflies-wandhaken.jpg\" alt=\"umage-butterflies-wandhaken\" width=\"800\" height=\"800\" srcset=\"https:\/\/raum-blick.de\/magazin\/wp-content\/uploads\/2022\/08\/umage-butterflies-wandhaken.jpg 800w, https:\/\/raum-blick.de\/magazin\/wp-content\/uploads\/2022\/08\/umage-butterflies-wandhaken-300x300.jpg 300w, https:\/\/raum-blick.de\/magazin\/wp-content\/uploads\/2022\/08\/umage-butterflies-wandhaken-150x150.jpg 150w, https:\/\/raum-blick.de\/magazin\/wp-content\/uploads\/2022\/08\/umage-butterflies-wandhaken-768x768.jpg 768w\" sizes=\"(max-width: 800px) 100vw, 800px\" \/><\/a><\/p>\n<p style=\"text-align: justify;\">Verst\u00e4ndlicherweise wurde der Au\u00dfenbereich in den vergangenen Monaten nur sp\u00e4rlich genutzt und daher wohl auch etwas stiefm\u00fctterlich behandelt. Doch wir haben alles an Board, um <a href=\"https:\/\/www.raum-blick.de\/outdoor\/\">Garten, Terrasse und Balkon<\/a> blitzschnell und im wahrsten Sinne des Wortes \u201eaufzum\u00f6beln\u201c.<\/p>\n<p><a href=\"https:\/\/www.raum-blick.de\/umage-eos-leuchte-light-brown\"><img loading=\"lazy\" decoding=\"async\" class=\"aligncenter wp-image-13978 size-full\" title=\"UMAGE EOS light brown aus G\u00e4nsefedern inkl. Kabelset und LED Leuchtmittel | Design: UMAGE\" src=\"https:\/\/www.raum-blick.de\/magazin\/wp-content\/uploads\/2022\/08\/umage-christina-hohner-eos-nude-detail.jpg\" alt=\"umage-christina-hohner-eos-nude-detail\" width=\"800\" height=\"800\" srcset=\"https:\/\/raum-blick.de\/magazin\/wp-content\/uploads\/2022\/08\/umage-christina-hohner-eos-nude-detail.jpg 800w, https:\/\/raum-blick.de\/magazin\/wp-content\/uploads\/2022\/08\/umage-christina-hohner-eos-nude-detail-300x300.jpg 300w, https:\/\/raum-blick.de\/magazin\/wp-content\/uploads\/2022\/08\/umage-christina-hohner-eos-nude-detail-150x150.jpg 150w, https:\/\/raum-blick.de\/magazin\/wp-content\/uploads\/2022\/08\/umage-christina-hohner-eos-nude-detail-768x768.jpg 768w\" sizes=\"(max-width: 800px) 100vw, 800px\" \/><\/a><\/p>\n<p style=\"text-align: justify;\">Die warmen Tage sind gez\u00e4hlt, Herbst und Winter stehen vor der T\u00fcr! Doch den August haben wir uns dennoch nicht nehmen lassen. Und selbstverst\u00e4ndlich freuen wir uns auf die kuschelige Zeit zu Hause \u2013 auch daf\u00fcr sind wir bestens ausgestattet!<\/p>\n<p><img loading=\"lazy\" decoding=\"async\" class=\"aligncenter wp-image-13980 size-full\" title=\"UMAGE \u2013 Time Flies Esszimmerstuhl gepolstert | Design: Jonas S\u00f8ndergaard, 2019\" src=\"https:\/\/www.raum-blick.de\/magazin\/wp-content\/uploads\/2022\/08\/umage-christina-hohner-time-flies-esszimmerstuhl.jpg\" alt=\"umage-christina-hohner-time-flies-esszimmerstuhl\" width=\"800\" height=\"800\" srcset=\"https:\/\/raum-blick.de\/magazin\/wp-content\/uploads\/2022\/08\/umage-christina-hohner-time-flies-esszimmerstuhl.jpg 800w, https:\/\/raum-blick.de\/magazin\/wp-content\/uploads\/2022\/08\/umage-christina-hohner-time-flies-esszimmerstuhl-300x300.jpg 300w, https:\/\/raum-blick.de\/magazin\/wp-content\/uploads\/2022\/08\/umage-christina-hohner-time-flies-esszimmerstuhl-150x150.jpg 150w, https:\/\/raum-blick.de\/magazin\/wp-content\/uploads\/2022\/08\/umage-christina-hohner-time-flies-esszimmerstuhl-768x768.jpg 768w\" sizes=\"(max-width: 800px) 100vw, 800px\" \/><\/p>\n","protected":false},"excerpt":{"rendered":"<p>Im normalerweise hei\u00dfesten Monat des Jahres ging es bei uns drau\u00dfen zwar eher k\u00fchl zu, auf unsere Arbeit bezogen aber hei\u00df her. Denn wir haben uns zum einen die Laune nicht verderben lassen, und zum anderen wollten wir unseren so lieben Kunden mit dem ein oder anderen Highlight den verregneten Sommer etwas vers\u00fc\u00dfen. Was w\u00e4re [&hellip;]<\/p>\n","protected":false},"author":4,"featured_media":13972,"comment_status":"closed","ping_status":"open","sticky":false,"template":"","format":"standard","meta":{"_et_pb_use_builder":"","_et_pb_old_content":"","_et_gb_content_width":"","inline_featured_image":false,"footnotes":""},"categories":[8],"tags":[1523,1521,1526,1525,221,377,200,1250,1055,616,1088,1202,996,1524,544,1527,628,1101,935,520,408],"class_list":["post-13954","post","type-post","status-publish","format-standard","has-post-thumbnail","hentry","category-features","tag-cocktails","tag-eiseimer","tag-eos","tag-esszimmerstuhl","tag-holmegaard","tag-junior","tag-kindermoebel","tag-kinderstuhl","tag-kleiderhaken","tag-lampe","tag-leuchte","tag-oyoy","tag-rosendahl","tag-sommelierglaeser","tag-sommer","tag-spaetsommer","tag-spielzeug","tag-stuhl","tag-umage","tag-vitra","tag-wandhaken"],"_links":{"self":[{"href":"https:\/\/raum-blick.de\/magazin\/wp-json\/wp\/v2\/posts\/13954","targetHints":{"allow":["GET"]}}],"collection":[{"href":"https:\/\/raum-blick.de\/magazin\/wp-json\/wp\/v2\/posts"}],"about":[{"href":"https:\/\/raum-blick.de\/magazin\/wp-json\/wp\/v2\/types\/post"}],"author":[{"embeddable":true,"href":"https:\/\/raum-blick.de\/magazin\/wp-json\/wp\/v2\/users\/4"}],"replies":[{"embeddable":true,"href":"https:\/\/raum-blick.de\/magazin\/wp-json\/wp\/v2\/comments?post=13954"}],"version-history":[{"count":19,"href":"https:\/\/raum-blick.de\/magazin\/wp-json\/wp\/v2\/posts\/13954\/revisions"}],"predecessor-version":[{"id":21019,"href":"https:\/\/raum-blick.de\/magazin\/wp-json\/wp\/v2\/posts\/13954\/revisions\/21019"}],"wp:featuredmedia":[{"embeddable":true,"href":"https:\/\/raum-blick.de\/magazin\/wp-json\/wp\/v2\/media\/13972"}],"wp:attachment":[{"href":"https:\/\/raum-blick.de\/magazin\/wp-json\/wp\/v2\/media?parent=13954"}],"wp:term":[{"taxonomy":"category","embeddable":true,"href":"https:\/\/raum-blick.de\/magazin\/wp-json\/wp\/v2\/categories?post=13954"},{"taxonomy":"post_tag","embeddable":true,"href":"https:\/\/raum-blick.de\/magazin\/wp-json\/wp\/v2\/tags?post=13954"}],"curies":[{"name":"wp","href":"https:\/\/api.w.org\/{rel}","templated":true}]}}