{"id":13921,"date":"2021-07-31T14:05:12","date_gmt":"2021-07-31T12:05:12","guid":{"rendered":"https:\/\/www.raum-blick.de\/magazin\/?p=13921"},"modified":"2024-09-02T13:18:13","modified_gmt":"2024-09-02T11:18:13","slug":"sommer-vibes-im-juli","status":"publish","type":"post","link":"https:\/\/raum-blick.de\/magazin\/sommer-vibes-im-juli\/","title":{"rendered":"Sommer-Vibes im Juli \u2013 oder doch nicht?"},"content":{"rendered":"<p style=\"text-align: justify;\">So sommerlich der Juli zun\u00e4chst anmutete, so nass hat er sich mittlerweile weiterentwickelt. Eigentlich m\u00f6chten wir in dieser Jahreszeit das Wasser ja ausschlie\u00dflich in Form von Swimming-Pools, dem Meer, einem See oder Abk\u00fchlungsduschen sp\u00fcren.<\/p>\n<p><a href=\"https:\/\/www.raum-blick.de\/decor-walther-wb-basket-waeschebehaelter\"><img loading=\"lazy\" decoding=\"async\" class=\"aligncenter wp-image-13952 size-full\" title=\"Decor Walther Serie BASKET | W\u00e4schebeh\u00e4lter WB aus Rattan\" src=\"https:\/\/www.raum-blick.de\/magazin\/wp-content\/uploads\/2022\/07\/decor-walther-wb-basket-waeschebehaelter.jpg\" alt=\"decor-walther-wb-basket-waeschebehaelter\" width=\"800\" height=\"800\" srcset=\"https:\/\/raum-blick.de\/magazin\/wp-content\/uploads\/2022\/07\/decor-walther-wb-basket-waeschebehaelter.jpg 800w, https:\/\/raum-blick.de\/magazin\/wp-content\/uploads\/2022\/07\/decor-walther-wb-basket-waeschebehaelter-300x300.jpg 300w, https:\/\/raum-blick.de\/magazin\/wp-content\/uploads\/2022\/07\/decor-walther-wb-basket-waeschebehaelter-150x150.jpg 150w, https:\/\/raum-blick.de\/magazin\/wp-content\/uploads\/2022\/07\/decor-walther-wb-basket-waeschebehaelter-768x768.jpg 768w\" sizes=\"(max-width: 800px) 100vw, 800px\" \/><\/a><\/p><div id=\"ez-toc-container\" class=\"ez-toc-v2_0_82_2 counter-hierarchy ez-toc-counter ez-toc-grey ez-toc-container-direction\">\n<div class=\"ez-toc-title-container\">\n<p class=\"ez-toc-title\" style=\"cursor:inherit\">Was hier auf Sie wartet<\/p>\n<span class=\"ez-toc-title-toggle\"><a href=\"#\" class=\"ez-toc-pull-right ez-toc-btn ez-toc-btn-xs ez-toc-btn-default ez-toc-toggle\" aria-label=\"Toggle Table of Content\"><span class=\"ez-toc-js-icon-con\"><span class=\"\"><span class=\"eztoc-hide\" style=\"display:none;\">Toggle<\/span><span class=\"ez-toc-icon-toggle-span\"><svg style=\"fill: #999;color:#999\" xmlns=\"http:\/\/www.w3.org\/2000\/svg\" class=\"list-377408\" width=\"20px\" height=\"20px\" viewBox=\"0 0 24 24\" fill=\"none\"><path d=\"M6 6H4v2h2V6zm14 0H8v2h12V6zM4 11h2v2H4v-2zm16 0H8v2h12v-2zM4 16h2v2H4v-2zm16 0H8v2h12v-2z\" fill=\"currentColor\"><\/path><\/svg><svg style=\"fill: #999;color:#999\" class=\"arrow-unsorted-368013\" xmlns=\"http:\/\/www.w3.org\/2000\/svg\" width=\"10px\" height=\"10px\" viewBox=\"0 0 24 24\" version=\"1.2\" baseProfile=\"tiny\"><path d=\"M18.2 9.3l-6.2-6.3-6.2 6.3c-.2.2-.3.4-.3.7s.1.5.3.7c.2.2.4.3.7.3h11c.3 0 .5-.1.7-.3.2-.2.3-.5.3-.7s-.1-.5-.3-.7zM5.8 14.7l6.2 6.3 6.2-6.3c.2-.2.3-.5.3-.7s-.1-.5-.3-.7c-.2-.2-.4-.3-.7-.3h-11c-.3 0-.5.1-.7.3-.2.2-.3.5-.3.7s.1.5.3.7z\"\/><\/svg><\/span><\/span><\/span><\/a><\/span><\/div>\n<nav><ul class='ez-toc-list ez-toc-list-level-1 ' ><li class='ez-toc-page-1 ez-toc-heading-level-2'><a class=\"ez-toc-link ez-toc-heading-1\" href=\"https:\/\/raum-blick.de\/magazin\/sommer-vibes-im-juli\/#Falls_doch_mal_die_Sonne_scheint%E2%80%A6\" >Falls doch mal die Sonne scheint\u2026<\/a><\/li><li class='ez-toc-page-1 ez-toc-heading-level-2'><a class=\"ez-toc-link ez-toc-heading-2\" href=\"https:\/\/raum-blick.de\/magazin\/sommer-vibes-im-juli\/#Sommerliches_Kinderzimmer_bei_Regentage\" >Sommerliches Kinderzimmer bei Regentage<\/a><\/li><li class='ez-toc-page-1 ez-toc-heading-level-2'><a class=\"ez-toc-link ez-toc-heading-3\" href=\"https:\/\/raum-blick.de\/magazin\/sommer-vibes-im-juli\/#Trend_Rattan\" >Trend Rattan<\/a><\/li><li class='ez-toc-page-1 ez-toc-heading-level-2'><a class=\"ez-toc-link ez-toc-heading-4\" href=\"https:\/\/raum-blick.de\/magazin\/sommer-vibes-im-juli\/#Abhaengen_im_Juli\" >Abh\u00e4ngen im Juli<\/a><\/li><\/ul><\/nav><\/div>\n\n<p style=\"text-align: justify;\">Doch da macht uns der Sommer 2021 einen gewaltigen Strich durch die Rechnung. F\u00fcr uns ist das allerdings kein Problem \u2013 denn wir sind f\u00fcr alle Eventualit\u00e4ten im Juli gewappnet.<\/p>\n<h2><span class=\"ez-toc-section\" id=\"Falls_doch_mal_die_Sonne_scheint%E2%80%A6\"><\/span>Falls doch mal die Sonne scheint\u2026<span class=\"ez-toc-section-end\"><\/span><\/h2>\n<p style=\"text-align: justify;\">Ab und an l\u00e4sst es sich die Sonne ja nicht nehmen und sie k\u00e4mpft sich durch die grauen Wolkenberge durch zu uns. Das bedeutete in den letzten Tagen und wahrscheinlich auch f\u00fcr die kommenden Wochen: Hitze auf Knopfdruck. Denn wenn sie sich zeigt, dann m\u00f6chte die Sonne wohl alles Verpasste nachholen.<\/p>\n<p><a href=\"https:\/\/www.raum-blick.de\/jan-kurtz-hawaii-sonnenschirm\"><img loading=\"lazy\" decoding=\"async\" class=\"aligncenter wp-image-13937 size-full\" title=\"Jan Kurtz Hawaii Sonnenschirm mit Fransen | Design: Jan Kurtz\" src=\"https:\/\/www.raum-blick.de\/magazin\/wp-content\/uploads\/2022\/07\/jan-kurtz-hawaii-sonnenschirm.jpg\" alt=\"jan-kurtz-hawaii-sonnenschirm\" width=\"800\" height=\"800\" srcset=\"https:\/\/raum-blick.de\/magazin\/wp-content\/uploads\/2022\/07\/jan-kurtz-hawaii-sonnenschirm.jpg 800w, https:\/\/raum-blick.de\/magazin\/wp-content\/uploads\/2022\/07\/jan-kurtz-hawaii-sonnenschirm-300x300.jpg 300w, https:\/\/raum-blick.de\/magazin\/wp-content\/uploads\/2022\/07\/jan-kurtz-hawaii-sonnenschirm-150x150.jpg 150w, https:\/\/raum-blick.de\/magazin\/wp-content\/uploads\/2022\/07\/jan-kurtz-hawaii-sonnenschirm-768x768.jpg 768w\" sizes=\"(max-width: 800px) 100vw, 800px\" \/><\/a><\/p>\n<p style=\"text-align: justify;\">Aus diesem Grund haben wir uns im Juli unter Anderem mit der passenden Auswahl des Sonnenschirms und anderen Accessoires f\u00fcr den Au\u00dfenbereich besch\u00e4ftigt. Dabei haben wir uns, um die Sommerlaune nicht ganz zu verlieren, auf knallige Farben fixiert.<\/p>\n<p><a href=\"https:\/\/www.raum-blick.de\/fatboy-haengematten-set-deluxe\"><img loading=\"lazy\" decoding=\"async\" class=\"aligncenter wp-image-13942 size-full\" title=\"Fatboy \u2013 H\u00e4ngematte inkl. Gestell, Kissen, Cover | Design: Fatboy\" src=\"https:\/\/www.raum-blick.de\/magazin\/wp-content\/uploads\/2022\/07\/fatboy-haengematten-set-deluxe.jpg\" alt=\"fatboy-haengematten-set-deluxe\" width=\"800\" height=\"800\" srcset=\"https:\/\/raum-blick.de\/magazin\/wp-content\/uploads\/2022\/07\/fatboy-haengematten-set-deluxe.jpg 800w, https:\/\/raum-blick.de\/magazin\/wp-content\/uploads\/2022\/07\/fatboy-haengematten-set-deluxe-300x300.jpg 300w, https:\/\/raum-blick.de\/magazin\/wp-content\/uploads\/2022\/07\/fatboy-haengematten-set-deluxe-150x150.jpg 150w, https:\/\/raum-blick.de\/magazin\/wp-content\/uploads\/2022\/07\/fatboy-haengematten-set-deluxe-768x768.jpg 768w\" sizes=\"(max-width: 800px) 100vw, 800px\" \/><\/a><\/p>\n<p style=\"text-align: justify;\">Marken wie <a href=\"https:\/\/www.raum-blick.de\/fatboy\/\">Fatboy<\/a> mit den coolen H\u00e4ngematten und Sitzs\u00e4cken oder <a href=\"https:\/\/www.raum-blick.de\/jan-kurtz\/\">Jan Kurtz<\/a> mit dem einzigartigen <a href=\"https:\/\/www.raum-blick.de\/jan-kurtz-hawaii-sonnenschirm\">Hawaii Sonnenschirm<\/a> durften dabei nat\u00fcrlich nicht fehlen!<\/p>\n<h2><span class=\"ez-toc-section\" id=\"Sommerliches_Kinderzimmer_bei_Regentage\"><\/span>Sommerliches Kinderzimmer bei Regentage<span class=\"ez-toc-section-end\"><\/span><\/h2>\n<p style=\"text-align: justify;\">Um die Kinder ein bisschen bei Laune zu halten, haben wir im Anschluss daran einmal unsere Highlights f\u00fcrs Kinderzimmer unter die Lupe genommen.<\/p>\n<p><a href=\"https:\/\/www.raum-blick.de\/string-regal-konfiguration-k4-kinderzimmer\"><img loading=\"lazy\" decoding=\"async\" class=\"aligncenter wp-image-13924 size-full\" title=\"String \u2013 Gr\u00f6\u00dferes Regal mit Schreibtisch f\u00fcr das Kinderzimmer | Konfiguration K4 | Design: Nisse Strinning\" src=\"https:\/\/www.raum-blick.de\/magazin\/wp-content\/uploads\/2022\/07\/string-regal-konfiguration-k4-kinderzimmer.jpg\" alt=\"string-regal-konfiguration-k4-kinderzimmer\" width=\"800\" height=\"800\" srcset=\"https:\/\/raum-blick.de\/magazin\/wp-content\/uploads\/2022\/07\/string-regal-konfiguration-k4-kinderzimmer.jpg 800w, https:\/\/raum-blick.de\/magazin\/wp-content\/uploads\/2022\/07\/string-regal-konfiguration-k4-kinderzimmer-300x300.jpg 300w, https:\/\/raum-blick.de\/magazin\/wp-content\/uploads\/2022\/07\/string-regal-konfiguration-k4-kinderzimmer-150x150.jpg 150w, https:\/\/raum-blick.de\/magazin\/wp-content\/uploads\/2022\/07\/string-regal-konfiguration-k4-kinderzimmer-768x768.jpg 768w\" sizes=\"(max-width: 800px) 100vw, 800px\" \/><\/a><\/p>\n<p style=\"text-align: justify;\">Denn wenn die Ferien so verregnet sind, sollte man sich doch zumindest in seinen eigenen vier W\u00e4nden wohlf\u00fchlen, oder? Schnell sind die Schulsachen im <a href=\"https:\/\/www.raum-blick.de\/string\/\">String Regal f\u00fcrs Kinderzimmer<\/a> verstaut \u2013 die brauchen wir ja jetzt erst einmal nicht!<\/p>\n<p><img loading=\"lazy\" decoding=\"async\" class=\"aligncenter wp-image-13949 size-full\" title=\"Ferm Living Braided Lamp Shade Natural aus Rattan gefertigt | Design: ferm Living\" src=\"https:\/\/www.raum-blick.de\/magazin\/wp-content\/uploads\/2022\/07\/ferm-living-rattanleuchte.jpg\" alt=\"ferm-living-rattanleuchte\" width=\"800\" height=\"800\" srcset=\"https:\/\/raum-blick.de\/magazin\/wp-content\/uploads\/2022\/07\/ferm-living-rattanleuchte.jpg 800w, https:\/\/raum-blick.de\/magazin\/wp-content\/uploads\/2022\/07\/ferm-living-rattanleuchte-300x300.jpg 300w, https:\/\/raum-blick.de\/magazin\/wp-content\/uploads\/2022\/07\/ferm-living-rattanleuchte-150x150.jpg 150w, https:\/\/raum-blick.de\/magazin\/wp-content\/uploads\/2022\/07\/ferm-living-rattanleuchte-768x768.jpg 768w\" sizes=\"(max-width: 800px) 100vw, 800px\" \/><\/p>\n<p style=\"text-align: justify;\">Und dann hei\u00dft es: Einkuscheln im <a href=\"https:\/\/www.raum-blick.de\/fatboy-junior-sitzsack\">Fatboy Junior Sitzsack<\/a>, ein gutes Buch in den H\u00e4nden oder Musik in den Ohren beziehungsweise einfach mal Abh\u00e4ngen mit Freunden und schon ist das Schmuddelwetter vergessen.<\/p>\n<h2><span class=\"ez-toc-section\" id=\"Trend_Rattan\"><\/span>Trend Rattan<span class=\"ez-toc-section-end\"><\/span><\/h2>\n<p style=\"text-align: justify;\">Aktuelle Trends d\u00fcrfen bei uns nat\u00fcrlich ebenfalls nicht in Vergessenheit geraten \u2013 dabei nennen wir nur das Stichwort Rattan. Das Material gibt es gef\u00fchlt schon ewig in Deutschlands Wohnzimmern, doch aktuell feiert es Revival!<\/p>\n<p><a href=\"https:\/\/www.raum-blick.de\/cane-line-sweep-korb\"><img loading=\"lazy\" decoding=\"async\" class=\"aligncenter wp-image-13929 size-full\" title=\"Cane-line \u2013 Sweep Korb | geflochtener Korb aus Rattan | Design: Johannes Foersom und Peter Hiort-Lorenzen MDD\" src=\"https:\/\/www.raum-blick.de\/magazin\/wp-content\/uploads\/2022\/07\/cane-line-sweep-korb.jpg\" alt=\"cane-line-sweep-korb\" width=\"800\" height=\"800\" srcset=\"https:\/\/raum-blick.de\/magazin\/wp-content\/uploads\/2022\/07\/cane-line-sweep-korb.jpg 800w, https:\/\/raum-blick.de\/magazin\/wp-content\/uploads\/2022\/07\/cane-line-sweep-korb-300x300.jpg 300w, https:\/\/raum-blick.de\/magazin\/wp-content\/uploads\/2022\/07\/cane-line-sweep-korb-150x150.jpg 150w, https:\/\/raum-blick.de\/magazin\/wp-content\/uploads\/2022\/07\/cane-line-sweep-korb-768x768.jpg 768w\" sizes=\"(max-width: 800px) 100vw, 800px\" \/><\/a><\/p>\n<p style=\"text-align: justify;\">Coole Hocker, praktische K\u00f6rbe, stylische Aufbewahrungssysteme und auch M\u00f6bel f\u00fcr die Kleinen, wir haben alles im Sortiment. So gilt der Rattan-Sessel aktuell nicht mehr als out, sondern allenfalls als \u201eretro\u201c und kann nun mit vielen anderen Accessoires erg\u00e4nzt werden.<\/p>\n<p><a href=\"https:\/\/www.raum-blick.de\/cane-line-carry-me-korb\"><img loading=\"lazy\" decoding=\"async\" class=\"aligncenter wp-image-13926 size-full\" title=\"Cane-line \u2013 Carry Me Korb aus Naturrattan | Design: Cane-line\" src=\"https:\/\/www.raum-blick.de\/magazin\/wp-content\/uploads\/2022\/07\/cane-line-carry-me-korb.jpg\" alt=\"cane-line-carry-me-korb\" width=\"800\" height=\"800\" srcset=\"https:\/\/raum-blick.de\/magazin\/wp-content\/uploads\/2022\/07\/cane-line-carry-me-korb.jpg 800w, https:\/\/raum-blick.de\/magazin\/wp-content\/uploads\/2022\/07\/cane-line-carry-me-korb-300x300.jpg 300w, https:\/\/raum-blick.de\/magazin\/wp-content\/uploads\/2022\/07\/cane-line-carry-me-korb-150x150.jpg 150w, https:\/\/raum-blick.de\/magazin\/wp-content\/uploads\/2022\/07\/cane-line-carry-me-korb-768x768.jpg 768w\" sizes=\"(max-width: 800px) 100vw, 800px\" \/><\/a><\/p>\n<h2><span class=\"ez-toc-section\" id=\"Abhaengen_im_Juli\"><\/span>Abh\u00e4ngen im Juli<span class=\"ez-toc-section-end\"><\/span><\/h2>\n<p style=\"text-align: justify;\">Was verbindet man mehr mit Urlaub, Sommer und Sonnenbaden als die altbew\u00e4hrte <a href=\"https:\/\/www.raum-blick.de\/search?sSearch=h%C3%A4ngematte\">H\u00e4ngematte<\/a>? Richtig, nichts! Am 22. Juli feiert die Welt den Tag der H\u00e4ngematte und den sollten wir alle ganz relaxed begehen! Also nichts wie ab in den RAUM-BLICK-ONLINESHOP, denn zu diesem Thema haben wir wirklich einiges zu bieten.<\/p>\n<p><img loading=\"lazy\" decoding=\"async\" class=\"aligncenter wp-image-13932 size-full\" title=\"ferm LIVING \u2013 Path H\u00e4ngematte aus recycelten Kunststoffflaschen | Design: ferm LIVING\" src=\"https:\/\/www.raum-blick.de\/magazin\/wp-content\/uploads\/2022\/07\/ferm-living-path-haengematte.jpg\" alt=\"ferm-living-path-haengematte\" width=\"800\" height=\"800\" srcset=\"https:\/\/raum-blick.de\/magazin\/wp-content\/uploads\/2022\/07\/ferm-living-path-haengematte.jpg 800w, https:\/\/raum-blick.de\/magazin\/wp-content\/uploads\/2022\/07\/ferm-living-path-haengematte-300x300.jpg 300w, https:\/\/raum-blick.de\/magazin\/wp-content\/uploads\/2022\/07\/ferm-living-path-haengematte-150x150.jpg 150w, https:\/\/raum-blick.de\/magazin\/wp-content\/uploads\/2022\/07\/ferm-living-path-haengematte-768x768.jpg 768w\" sizes=\"(max-width: 800px) 100vw, 800px\" \/><\/p>\n<p style=\"text-align: justify;\">Von dezent bis knallig, von traditionell zum Aufh\u00e4ngen bis hin zu Exemplaren mit eigenem Gestell \u2013 da ist alles dabei. Und der H\u00e4ngematte ist es ganz egal, ob sie drau\u00dfen oder drinnen h\u00e4ngt. Also lassen Sie uns diesen Tag zusammen feiern, wir warten schon einmal in der H\u00e4ngematte auf Sie!<\/p>\n<p><a href=\"https:\/\/www.raum-blick.de\/jan-kurtz-armlehnstuhl-yara\"><img loading=\"lazy\" decoding=\"async\" class=\"aligncenter wp-image-13945 size-full\" title=\"Jan Kurtz \u2013 Armlehnstuhl Yara aus Rattan | Design: Luit van der Helm\" src=\"https:\/\/www.raum-blick.de\/magazin\/wp-content\/uploads\/2022\/07\/jan-kurtz-armlehnstuhl-yara.jpg\" alt=\"jan-kurtz-armlehnstuhl-yara\" width=\"800\" height=\"800\" srcset=\"https:\/\/raum-blick.de\/magazin\/wp-content\/uploads\/2022\/07\/jan-kurtz-armlehnstuhl-yara.jpg 800w, https:\/\/raum-blick.de\/magazin\/wp-content\/uploads\/2022\/07\/jan-kurtz-armlehnstuhl-yara-300x300.jpg 300w, https:\/\/raum-blick.de\/magazin\/wp-content\/uploads\/2022\/07\/jan-kurtz-armlehnstuhl-yara-150x150.jpg 150w, https:\/\/raum-blick.de\/magazin\/wp-content\/uploads\/2022\/07\/jan-kurtz-armlehnstuhl-yara-768x768.jpg 768w\" sizes=\"(max-width: 800px) 100vw, 800px\" \/><\/a><\/p>\n","protected":false},"excerpt":{"rendered":"<p>So sommerlich der Juli zun\u00e4chst anmutete, so nass hat er sich mittlerweile weiterentwickelt. Eigentlich m\u00f6chten wir in dieser Jahreszeit das Wasser ja ausschlie\u00dflich in Form von Swimming-Pools, dem Meer, einem See oder Abk\u00fchlungsduschen sp\u00fcren. Doch da macht uns der Sommer 2021 einen gewaltigen Strich durch die Rechnung. F\u00fcr uns ist das allerdings kein Problem \u2013 [&hellip;]<\/p>\n","protected":false},"author":4,"featured_media":13941,"comment_status":"closed","ping_status":"open","sticky":false,"template":"","format":"standard","meta":{"_et_pb_use_builder":"","_et_pb_old_content":"","_et_gb_content_width":"","inline_featured_image":false,"footnotes":""},"categories":[8],"tags":[1522,790,107,40,206,603,1051,199,1127,270,616,269,911,544,867,15,414],"class_list":["post-13921","post","type-post","status-publish","format-standard","has-post-thumbnail","hentry","category-features","tag-armlehnstuhl","tag-cane-line","tag-decor-walther","tag-fatboy","tag-ferm-living","tag-haengematte","tag-jan-kurtz","tag-kinderzimmer","tag-korb","tag-koerbe","tag-lampe","tag-rattan","tag-regal","tag-sommer","tag-sonnenschirm","tag-string","tag-waeschebehaelter"],"_links":{"self":[{"href":"https:\/\/raum-blick.de\/magazin\/wp-json\/wp\/v2\/posts\/13921","targetHints":{"allow":["GET"]}}],"collection":[{"href":"https:\/\/raum-blick.de\/magazin\/wp-json\/wp\/v2\/posts"}],"about":[{"href":"https:\/\/raum-blick.de\/magazin\/wp-json\/wp\/v2\/types\/post"}],"author":[{"embeddable":true,"href":"https:\/\/raum-blick.de\/magazin\/wp-json\/wp\/v2\/users\/4"}],"replies":[{"embeddable":true,"href":"https:\/\/raum-blick.de\/magazin\/wp-json\/wp\/v2\/comments?post=13921"}],"version-history":[{"count":24,"href":"https:\/\/raum-blick.de\/magazin\/wp-json\/wp\/v2\/posts\/13921\/revisions"}],"predecessor-version":[{"id":20880,"href":"https:\/\/raum-blick.de\/magazin\/wp-json\/wp\/v2\/posts\/13921\/revisions\/20880"}],"wp:featuredmedia":[{"embeddable":true,"href":"https:\/\/raum-blick.de\/magazin\/wp-json\/wp\/v2\/media\/13941"}],"wp:attachment":[{"href":"https:\/\/raum-blick.de\/magazin\/wp-json\/wp\/v2\/media?parent=13921"}],"wp:term":[{"taxonomy":"category","embeddable":true,"href":"https:\/\/raum-blick.de\/magazin\/wp-json\/wp\/v2\/categories?post=13921"},{"taxonomy":"post_tag","embeddable":true,"href":"https:\/\/raum-blick.de\/magazin\/wp-json\/wp\/v2\/tags?post=13921"}],"curies":[{"name":"wp","href":"https:\/\/api.w.org\/{rel}","templated":true}]}}