{"id":13888,"date":"2021-06-30T11:11:14","date_gmt":"2021-06-30T09:11:14","guid":{"rendered":"https:\/\/www.raum-blick.de\/magazin\/?p=13888"},"modified":"2022-05-24T19:15:22","modified_gmt":"2022-05-24T17:15:22","slug":"sommer-zuhause","status":"publish","type":"post","link":"https:\/\/raum-blick.de\/magazin\/sommer-zuhause\/","title":{"rendered":"Sommer zuhause? Wir sind dabei!"},"content":{"rendered":"<p style=\"text-align: justify;\">Sommer ist bei RAUM-BLICK unweigerlich mit einer Marke verbunden: mit <a href=\"https:\/\/www.raum-blick.de\/fatboy\/\">Fatboy<\/a>! Knallige Farben, lustige Formen und vor allem der Blick aufs Wesentliche. Denn direkt auf der Startseite unserer Sommer-Marke steht in gro\u00dfen Lettern: \u201eDieses Jahr verbringen wir alle den Sommer n\u00e4her an der Heimat.<\/p>\n<p><a href=\"https:\/\/www.raum-blick.de\/fatboy-original-floatzac\"><img loading=\"lazy\" decoding=\"async\" class=\"aligncenter wp-image-13892\" title=\"Fatboy \u2013 Original Floatzac | Wassersitzsack | Design: Fatboy\" src=\"https:\/\/www.raum-blick.de\/magazin\/wp-content\/uploads\/2022\/06\/fatboy-original-floatzac.jpg\" alt=\"fatboy-original-floatzac\" width=\"800\" height=\"800\" srcset=\"https:\/\/raum-blick.de\/magazin\/wp-content\/uploads\/2022\/06\/fatboy-original-floatzac.jpg 1500w, https:\/\/raum-blick.de\/magazin\/wp-content\/uploads\/2022\/06\/fatboy-original-floatzac-300x300.jpg 300w, https:\/\/raum-blick.de\/magazin\/wp-content\/uploads\/2022\/06\/fatboy-original-floatzac-1024x1024.jpg 1024w, https:\/\/raum-blick.de\/magazin\/wp-content\/uploads\/2022\/06\/fatboy-original-floatzac-150x150.jpg 150w, https:\/\/raum-blick.de\/magazin\/wp-content\/uploads\/2022\/06\/fatboy-original-floatzac-768x768.jpg 768w\" sizes=\"(max-width: 800px) 100vw, 800px\" \/><\/a><\/p><div id=\"ez-toc-container\" class=\"ez-toc-v2_0_82_2 counter-hierarchy ez-toc-counter ez-toc-grey ez-toc-container-direction\">\n<div class=\"ez-toc-title-container\">\n<p class=\"ez-toc-title\" style=\"cursor:inherit\">Was hier auf Sie wartet<\/p>\n<span class=\"ez-toc-title-toggle\"><a href=\"#\" class=\"ez-toc-pull-right ez-toc-btn ez-toc-btn-xs ez-toc-btn-default ez-toc-toggle\" aria-label=\"Toggle Table of Content\"><span class=\"ez-toc-js-icon-con\"><span class=\"\"><span class=\"eztoc-hide\" style=\"display:none;\">Toggle<\/span><span class=\"ez-toc-icon-toggle-span\"><svg style=\"fill: #999;color:#999\" xmlns=\"http:\/\/www.w3.org\/2000\/svg\" class=\"list-377408\" width=\"20px\" height=\"20px\" viewBox=\"0 0 24 24\" fill=\"none\"><path d=\"M6 6H4v2h2V6zm14 0H8v2h12V6zM4 11h2v2H4v-2zm16 0H8v2h12v-2zM4 16h2v2H4v-2zm16 0H8v2h12v-2z\" fill=\"currentColor\"><\/path><\/svg><svg style=\"fill: #999;color:#999\" class=\"arrow-unsorted-368013\" xmlns=\"http:\/\/www.w3.org\/2000\/svg\" width=\"10px\" height=\"10px\" viewBox=\"0 0 24 24\" version=\"1.2\" baseProfile=\"tiny\"><path d=\"M18.2 9.3l-6.2-6.3-6.2 6.3c-.2.2-.3.4-.3.7s.1.5.3.7c.2.2.4.3.7.3h11c.3 0 .5-.1.7-.3.2-.2.3-.5.3-.7s-.1-.5-.3-.7zM5.8 14.7l6.2 6.3 6.2-6.3c.2-.2.3-.5.3-.7s-.1-.5-.3-.7c-.2-.2-.4-.3-.7-.3h-11c-.3 0-.5.1-.7.3-.2.2-.3.5-.3.7s.1.5.3.7z\"\/><\/svg><\/span><\/span><\/span><\/a><\/span><\/div>\n<nav><ul class='ez-toc-list ez-toc-list-level-1 ' ><li class='ez-toc-page-1 ez-toc-heading-level-2'><a class=\"ez-toc-link ez-toc-heading-1\" href=\"https:\/\/raum-blick.de\/magazin\/sommer-zuhause\/#Mit_Fatboy_den_Garten_aufruesten\" >Mit Fatboy den Garten aufr\u00fcsten<\/a><\/li><li class='ez-toc-page-1 ez-toc-heading-level-2'><a class=\"ez-toc-link ez-toc-heading-2\" href=\"https:\/\/raum-blick.de\/magazin\/sommer-zuhause\/#Sommerzeit_%E2%80%93_%E2%80%9EDraussenzeit%E2%80%9C\" >Sommerzeit \u2013 \u201eDrau\u00dfenzeit\u201c<\/a><\/li><li class='ez-toc-page-1 ez-toc-heading-level-2'><a class=\"ez-toc-link ez-toc-heading-3\" href=\"https:\/\/raum-blick.de\/magazin\/sommer-zuhause\/#Jetzt_fehlt_nur_noch_ein_sommerliches_Getraenk\" >Jetzt fehlt nur noch ein sommerliches Getr\u00e4nk<\/a><\/li><\/ul><\/nav><\/div>\n\n<p style=\"text-align: justify;\">Aber das soll Dich nicht davon abhalten, daraus legend\u00e4re Monate zu machen! Verwandele Deinen Garten von still zu schrill und genie\u00dfe jede Sekunde des Sommers.\u201c Und das k\u00f6nnen wir nur unterst\u00fctzen.<\/p>\n<h2><span class=\"ez-toc-section\" id=\"Mit_Fatboy_den_Garten_aufruesten\"><\/span>Mit Fatboy den Garten aufr\u00fcsten<span class=\"ez-toc-section-end\"><\/span><\/h2>\n<p style=\"text-align: justify;\">Wer sich mit den Adjektiven \u201egem\u00fctlich\u201c, \u201ebequem\u201c und \u201estylisch\u201c identifiziert, der ist mit unserer Fokus-Marke f\u00fcr den Juni bestens beraten. Die Sitzs\u00e4cke in knalligsten Farben und die <a href=\"https:\/\/www.raum-blick.de\/fatboy-haengematte-superb-kissen\">H\u00e4ngematten<\/a> in s\u00e4mtlichen Gr\u00f6\u00dfenordnungen d\u00fcrften mittlerweile jedem ein Begriff sein.<\/p>\n<p><a href=\"https:\/\/www.raum-blick.de\/fatboy-haengematte-superb-kissen\"><img loading=\"lazy\" decoding=\"async\" class=\"aligncenter wp-image-13912\" title=\"Fatboy \u2013 H\u00e4ngematte Sunbrella &amp; Kissen | H\u00e4ngematte inkl. Gestell und Kissen | Design: Fatboy\" src=\"https:\/\/www.raum-blick.de\/magazin\/wp-content\/uploads\/2022\/06\/fatboy-haengematte-superb-kissen.jpg\" alt=\"fatboy-haengematte-superb-kissen\" width=\"800\" height=\"800\" srcset=\"https:\/\/raum-blick.de\/magazin\/wp-content\/uploads\/2022\/06\/fatboy-haengematte-superb-kissen.jpg 1500w, https:\/\/raum-blick.de\/magazin\/wp-content\/uploads\/2022\/06\/fatboy-haengematte-superb-kissen-300x300.jpg 300w, https:\/\/raum-blick.de\/magazin\/wp-content\/uploads\/2022\/06\/fatboy-haengematte-superb-kissen-1024x1024.jpg 1024w, https:\/\/raum-blick.de\/magazin\/wp-content\/uploads\/2022\/06\/fatboy-haengematte-superb-kissen-150x150.jpg 150w, https:\/\/raum-blick.de\/magazin\/wp-content\/uploads\/2022\/06\/fatboy-haengematte-superb-kissen-768x768.jpg 768w\" sizes=\"(max-width: 800px) 100vw, 800px\" \/><\/a><\/p>\n<p style=\"text-align: justify;\">Doch damit ist das Sortiment von Fatboy noch ganz marginal umrissen. Denn dazu geh\u00f6ren auch Accessoires wie Schaukelst\u00fchle, Hocker, Tische, St\u00fchle, B\u00e4nke, Lampen, Polster und sogar schwimmende Luftmatratzen.<\/p>\n<p><img loading=\"lazy\" decoding=\"async\" class=\"aligncenter wp-image-13914\" title=\"Designprodukte von Stelton jetzt entdecken\" src=\"https:\/\/www.raum-blick.de\/magazin\/wp-content\/uploads\/2022\/06\/Stelton-Eiseimer-1-l-Eiszange.jpg\" alt=\"Stelton-Eiseimer-1-l-Eiszange\" width=\"800\" height=\"800\" srcset=\"https:\/\/raum-blick.de\/magazin\/wp-content\/uploads\/2022\/06\/Stelton-Eiseimer-1-l-Eiszange.jpg 1200w, https:\/\/raum-blick.de\/magazin\/wp-content\/uploads\/2022\/06\/Stelton-Eiseimer-1-l-Eiszange-300x300.jpg 300w, https:\/\/raum-blick.de\/magazin\/wp-content\/uploads\/2022\/06\/Stelton-Eiseimer-1-l-Eiszange-1024x1024.jpg 1024w, https:\/\/raum-blick.de\/magazin\/wp-content\/uploads\/2022\/06\/Stelton-Eiseimer-1-l-Eiszange-150x150.jpg 150w, https:\/\/raum-blick.de\/magazin\/wp-content\/uploads\/2022\/06\/Stelton-Eiseimer-1-l-Eiszange-768x768.jpg 768w\" sizes=\"(max-width: 800px) 100vw, 800px\" \/><\/p>\n<p style=\"text-align: justify;\">Und das Beste daran: Nahezu alles l\u00e4sst sich kombinieren, erweitern, zusammenstellen.<\/p>\n<div class='et-box et-note'>\n\t\t\t\t\t<div class='et-box-content'>Wer hier aussucht, hat also in jedem Fall jede Menge optische Highlights im Au\u00dfenbereich \u2013 und \u201echillig\u201c ist es im Garten, auf der Terrasse oder dem Balkon au\u00dferdem.<\/div><\/div>\n<h2><span class=\"ez-toc-section\" id=\"Sommerzeit_%E2%80%93_%E2%80%9EDraussenzeit%E2%80%9C\"><\/span>Sommerzeit \u2013 \u201eDrau\u00dfenzeit\u201c<span class=\"ez-toc-section-end\"><\/span><\/h2>\n<p style=\"text-align: justify;\">Nat\u00fcrlich haben wir noch ein paar weniger knallige Must-haves f\u00fcr den Sommer auserkoren: Vor allem das Sortiment \u201eMeer als Worte\u201c von <a href=\"https:\/\/www.raum-blick.de\/raeder\/\">R\u00e4der Design<\/a>, zu dem der <a href=\"https:\/\/www.raum-blick.de\/raeder-design-meer-als-worte-leuchtturm-kerzenhalter\">Leuchtturm Kerzenhalter<\/a> z\u00e4hlt, setzt dezente, maritime Akzente.<\/p>\n<p><a href=\"https:\/\/www.raum-blick.de\/raeder-design-meer-als-worte-leuchtturm-kerzenhalter\"><img loading=\"lazy\" decoding=\"async\" class=\"aligncenter wp-image-13897\" title=\"r\u00e4der - Meer als Worte | Leuchtturm Kerzenhalter | Design: \u00d6zkaya\" src=\"https:\/\/www.raum-blick.de\/magazin\/wp-content\/uploads\/2022\/06\/raeder-design-meer-als-worte-leuchtturm-kerzenhalter.jpg\" alt=\"raeder-design-meer-als-worte-leuchtturm-kerzenhalter\" width=\"800\" height=\"800\" srcset=\"https:\/\/raum-blick.de\/magazin\/wp-content\/uploads\/2022\/06\/raeder-design-meer-als-worte-leuchtturm-kerzenhalter.jpg 1500w, https:\/\/raum-blick.de\/magazin\/wp-content\/uploads\/2022\/06\/raeder-design-meer-als-worte-leuchtturm-kerzenhalter-300x300.jpg 300w, https:\/\/raum-blick.de\/magazin\/wp-content\/uploads\/2022\/06\/raeder-design-meer-als-worte-leuchtturm-kerzenhalter-1024x1024.jpg 1024w, https:\/\/raum-blick.de\/magazin\/wp-content\/uploads\/2022\/06\/raeder-design-meer-als-worte-leuchtturm-kerzenhalter-150x150.jpg 150w, https:\/\/raum-blick.de\/magazin\/wp-content\/uploads\/2022\/06\/raeder-design-meer-als-worte-leuchtturm-kerzenhalter-768x768.jpg 768w\" sizes=\"(max-width: 800px) 100vw, 800px\" \/><\/a><\/p>\n<p style=\"text-align: justify;\">Von kuscheligen Kissen f\u00fcr die Sitz- und Liegegelegenheiten bis hin zu dekorativen Kerzenst\u00e4ndern f\u00fcr das Candlelight-Dinner im Freien k\u00f6nnen wir aus dem Vollen sch\u00f6pfen. Wem es tags\u00fcber schon zu hei\u00df ist, empfehlen wir den lustigen, kleinen <a href=\"https:\/\/www.raum-blick.de\/remember-flow-ventilator\">Flow Ventilator von REMEMBER<\/a>.<\/p>\n<p><a href=\"https:\/\/www.raum-blick.de\/remember-flow-ventilator\"><img loading=\"lazy\" decoding=\"async\" class=\"aligncenter wp-image-13894\" title=\"REMEMBER \u2013 Handventilator Flow | Akkuventilator f\u00fcr drinnen &amp; drau\u00dfen | Design: REMEMBER\" src=\"https:\/\/www.raum-blick.de\/magazin\/wp-content\/uploads\/2022\/06\/remember-flow-ventilator.jpg\" alt=\"remember-flow-ventilator\" width=\"800\" height=\"800\" srcset=\"https:\/\/raum-blick.de\/magazin\/wp-content\/uploads\/2022\/06\/remember-flow-ventilator.jpg 1000w, https:\/\/raum-blick.de\/magazin\/wp-content\/uploads\/2022\/06\/remember-flow-ventilator-300x300.jpg 300w, https:\/\/raum-blick.de\/magazin\/wp-content\/uploads\/2022\/06\/remember-flow-ventilator-150x150.jpg 150w, https:\/\/raum-blick.de\/magazin\/wp-content\/uploads\/2022\/06\/remember-flow-ventilator-768x768.jpg 768w\" sizes=\"(max-width: 800px) 100vw, 800px\" \/><\/a><\/p>\n<p style=\"text-align: justify;\">Und wer sich lieber \u201enicht ganz so flippig\u201c betten m\u00f6chte, wird ebenfalls in unserem Online-Shop unter den Sonnenliegen f\u00fcndig. Somit gibt es keine Ausrede, die Sommerstunden drau\u00dfen zu verbringen.<\/p>\n<h2><span class=\"ez-toc-section\" id=\"Jetzt_fehlt_nur_noch_ein_sommerliches_Getraenk\"><\/span>Jetzt fehlt nur noch ein sommerliches Getr\u00e4nk<span class=\"ez-toc-section-end\"><\/span><\/h2>\n<p style=\"text-align: justify;\">Wir befinden uns drau\u00dfen, liegen in unserem Liegestuhl, genie\u00dfen die sommerlichen Temperaturen und den Sonnenschein \u2013 da fehlt doch nur noch eines: der Cocktail. Und auch der ist zuhause gar kein Problem.<\/p>\n<p><img loading=\"lazy\" decoding=\"async\" class=\"aligncenter wp-image-13910\" title=\"Stelton \u2013 Collar Eiseimer inkl. Deckel | Design: Daniel Debiasi, Federico Sandri\" src=\"https:\/\/www.raum-blick.de\/magazin\/wp-content\/uploads\/2022\/06\/stelton-collar-eiseimer.jpg\" alt=\"stelton-collar-eiseimer\" width=\"800\" height=\"800\" srcset=\"https:\/\/raum-blick.de\/magazin\/wp-content\/uploads\/2022\/06\/stelton-collar-eiseimer.jpg 1500w, https:\/\/raum-blick.de\/magazin\/wp-content\/uploads\/2022\/06\/stelton-collar-eiseimer-300x300.jpg 300w, https:\/\/raum-blick.de\/magazin\/wp-content\/uploads\/2022\/06\/stelton-collar-eiseimer-1024x1024.jpg 1024w, https:\/\/raum-blick.de\/magazin\/wp-content\/uploads\/2022\/06\/stelton-collar-eiseimer-150x150.jpg 150w, https:\/\/raum-blick.de\/magazin\/wp-content\/uploads\/2022\/06\/stelton-collar-eiseimer-768x768.jpg 768w\" sizes=\"(max-width: 800px) 100vw, 800px\" \/><\/p>\n<p style=\"text-align: justify;\">Sie w\u00e4hlen die Zutaten und wir stellen den Rest. Denn bei uns finden Sie alles von den <a href=\"https:\/\/www.raum-blick.de\/weinglaeser-cocktailglaeser\/\">stilechten Gl\u00e4sern<\/a> \u00fcber die Eisw\u00fcrfel(-formen), den <a href=\"https:\/\/www.raum-blick.de\/eiskuehler\/\">Eiseimer<\/a>, <a href=\"https:\/\/www.raum-blick.de\/serviettenhalter-servietten\/\">Cocktailservietten<\/a> bis hin zum edlen Korkenzieher. Gegen Abend kann man den G\u00e4sten den ein oder anderen Drink dann auch im Freien anrichten und servieren \u2013 auf einem extra daf\u00fcr konzipierten, <a href=\"https:\/\/www.raum-blick.de\/cane-line-roll-barwagen\">rollbaren Barwagen von Cane-Line<\/a> gar kein Problem!<\/p>\n<p><a href=\"https:\/\/www.raum-blick.de\/cane-line-roll-barwagen\"><img loading=\"lazy\" decoding=\"async\" class=\"aligncenter wp-image-13906\" title=\"cane-line Roll Barwagen | Design: cane-line Design-Team\" src=\"https:\/\/www.raum-blick.de\/magazin\/wp-content\/uploads\/2022\/06\/cane-line-roll-barwagen.jpg\" alt=\"cane-line-roll-barwagen\" width=\"800\" height=\"800\" srcset=\"https:\/\/raum-blick.de\/magazin\/wp-content\/uploads\/2022\/06\/cane-line-roll-barwagen.jpg 1000w, https:\/\/raum-blick.de\/magazin\/wp-content\/uploads\/2022\/06\/cane-line-roll-barwagen-300x300.jpg 300w, https:\/\/raum-blick.de\/magazin\/wp-content\/uploads\/2022\/06\/cane-line-roll-barwagen-150x150.jpg 150w, https:\/\/raum-blick.de\/magazin\/wp-content\/uploads\/2022\/06\/cane-line-roll-barwagen-768x768.jpg 768w\" sizes=\"(max-width: 800px) 100vw, 800px\" \/><\/a><\/p>\n<p style=\"text-align: justify;\">Den Sommer zu Hause zu genie\u00dfen, stellt demnach gar kein Problem dar \u2013 denn wir k\u00f6nnen es uns ja sch\u00f6n und gem\u00fctlich machen; ob so schrill, wie Fatboy es empfiehlt oder doch etwas gesetzter, das \u00fcberlassen wir ganz Ihnen.<\/p>\n<p><a href=\"https:\/\/www.raum-blick.de\/menu-weindekantierkaraffe\"><img loading=\"lazy\" decoding=\"async\" class=\"aligncenter wp-image-13918\" title=\"New Norm Weindekantierkaraffe | Dekantieren in nur wenigen Minuten | Design: Norm\" src=\"https:\/\/www.raum-blick.de\/magazin\/wp-content\/uploads\/2021\/06\/menu-weindekantierkaraffe.jpg\" alt=\"menu-weindekantierkaraffe\" width=\"800\" height=\"800\" srcset=\"https:\/\/raum-blick.de\/magazin\/wp-content\/uploads\/2021\/06\/menu-weindekantierkaraffe.jpg 1500w, https:\/\/raum-blick.de\/magazin\/wp-content\/uploads\/2021\/06\/menu-weindekantierkaraffe-300x300.jpg 300w, https:\/\/raum-blick.de\/magazin\/wp-content\/uploads\/2021\/06\/menu-weindekantierkaraffe-1024x1024.jpg 1024w, https:\/\/raum-blick.de\/magazin\/wp-content\/uploads\/2021\/06\/menu-weindekantierkaraffe-150x150.jpg 150w, https:\/\/raum-blick.de\/magazin\/wp-content\/uploads\/2021\/06\/menu-weindekantierkaraffe-768x768.jpg 768w\" sizes=\"(max-width: 800px) 100vw, 800px\" \/><\/a><\/p>\n<div class='et-box et-note'>\n\t\t\t\t\t<div class='et-box-content'>Zum Schluss noch ein kleiner Tipp f\u00fcr alle, die schon in den Luxus des Reisens kommen d\u00fcrfen: Auch hierf\u00fcr haben wir das ein oder andere zum einen praktische, zum anderen stilvolle Must-have zu bieten!<\/div><\/div>\n<\/p>","protected":false},"excerpt":{"rendered":"<p>Sommer ist bei RAUM-BLICK unweigerlich mit einer Marke verbunden: mit Fatboy! Knallige Farben, lustige Formen und vor allem der Blick aufs Wesentliche. Denn direkt auf der Startseite unserer Sommer-Marke steht in gro\u00dfen Lettern: \u201eDieses Jahr verbringen wir alle den Sommer n\u00e4her an der Heimat. Aber das soll Dich nicht davon abhalten, daraus legend\u00e4re Monate zu [&hellip;]<\/p>\n","protected":false},"author":4,"featured_media":13890,"comment_status":"closed","ping_status":"open","sticky":false,"template":"","format":"standard","meta":{"_et_pb_use_builder":"","_et_pb_old_content":"","_et_gb_content_width":"","inline_featured_image":false,"footnotes":""},"categories":[6],"tags":[1520,1128,790,1521,500,40,1175,33,1519,603,288,985,1130,544,41,794],"class_list":["post-13888","post","type-post","status-publish","format-standard","has-post-thumbnail","hentry","category-draussen","tag-akkuventilator","tag-barwagen","tag-cane-line","tag-eiseimer","tag-eiseimer-mit-zange","tag-fatboy","tag-floatzac","tag-garten","tag-handventilator","tag-haengematte","tag-kerzenhalter","tag-raeder-design","tag-remember","tag-sommer","tag-stelton","tag-wassersitzsack"],"_links":{"self":[{"href":"https:\/\/raum-blick.de\/magazin\/wp-json\/wp\/v2\/posts\/13888","targetHints":{"allow":["GET"]}}],"collection":[{"href":"https:\/\/raum-blick.de\/magazin\/wp-json\/wp\/v2\/posts"}],"about":[{"href":"https:\/\/raum-blick.de\/magazin\/wp-json\/wp\/v2\/types\/post"}],"author":[{"embeddable":true,"href":"https:\/\/raum-blick.de\/magazin\/wp-json\/wp\/v2\/users\/4"}],"replies":[{"embeddable":true,"href":"https:\/\/raum-blick.de\/magazin\/wp-json\/wp\/v2\/comments?post=13888"}],"version-history":[{"count":25,"href":"https:\/\/raum-blick.de\/magazin\/wp-json\/wp\/v2\/posts\/13888\/revisions"}],"predecessor-version":[{"id":16272,"href":"https:\/\/raum-blick.de\/magazin\/wp-json\/wp\/v2\/posts\/13888\/revisions\/16272"}],"wp:featuredmedia":[{"embeddable":true,"href":"https:\/\/raum-blick.de\/magazin\/wp-json\/wp\/v2\/media\/13890"}],"wp:attachment":[{"href":"https:\/\/raum-blick.de\/magazin\/wp-json\/wp\/v2\/media?parent=13888"}],"wp:term":[{"taxonomy":"category","embeddable":true,"href":"https:\/\/raum-blick.de\/magazin\/wp-json\/wp\/v2\/categories?post=13888"},{"taxonomy":"post_tag","embeddable":true,"href":"https:\/\/raum-blick.de\/magazin\/wp-json\/wp\/v2\/tags?post=13888"}],"curies":[{"name":"wp","href":"https:\/\/api.w.org\/{rel}","templated":true}]}}