{"id":13852,"date":"2021-05-31T10:01:18","date_gmt":"2021-05-31T08:01:18","guid":{"rendered":"https:\/\/www.raum-blick.de\/magazin\/?p=13852"},"modified":"2024-08-27T08:24:08","modified_gmt":"2024-08-27T06:24:08","slug":"es-tut-sich-etwas-im-mai","status":"publish","type":"post","link":"https:\/\/raum-blick.de\/magazin\/es-tut-sich-etwas-im-mai\/","title":{"rendered":"Es tut sich etwas im Mai"},"content":{"rendered":"<p style=\"text-align: justify;\">Zugegeben, aktuell sind wir scheinbar mehr damit besch\u00e4ftigt, unser <a href=\"https:\/\/www.raum-blick.de\/outdoor-moebel\/\">Gartenmobiliar<\/a>, die Balkon-Deko oder die Blument\u00f6pfe in kurzen Sonnenmomenten abzudecken, herauszutragen oder eben zu gie\u00dfen \u2013 einfach, um nur wenige Momente sp\u00e4ter vor dem Regen zu fl\u00fcchten. Wenn er dann aber mal f\u00fcr l\u00e4nger bleiben sollte, der liebe Sommer, sind wir in jedem Fall gewappnet!<\/p>\n<p><a href=\"https:\/\/www.raum-blick.de\/lyngby-porzellan-glasvase\"><img loading=\"lazy\" decoding=\"async\" class=\"aligncenter wp-image-13881\" title=\"Lyngby Porcel\u00e6n Glas-Vase | Weiterentwicklung der Porzellan-Ikone | Design: Lyngby Porcel\u00e6n\" src=\"https:\/\/www.raum-blick.de\/magazin\/wp-content\/uploads\/2022\/05\/lyngby-porzellan-glasvase.jpg\" alt=\"lyngby-porzellan-glasvase\" width=\"800\" height=\"800\" srcset=\"https:\/\/raum-blick.de\/magazin\/wp-content\/uploads\/2022\/05\/lyngby-porzellan-glasvase.jpg 1500w, https:\/\/raum-blick.de\/magazin\/wp-content\/uploads\/2022\/05\/lyngby-porzellan-glasvase-300x300.jpg 300w, https:\/\/raum-blick.de\/magazin\/wp-content\/uploads\/2022\/05\/lyngby-porzellan-glasvase-1024x1024.jpg 1024w, https:\/\/raum-blick.de\/magazin\/wp-content\/uploads\/2022\/05\/lyngby-porzellan-glasvase-150x150.jpg 150w, https:\/\/raum-blick.de\/magazin\/wp-content\/uploads\/2022\/05\/lyngby-porzellan-glasvase-768x768.jpg 768w\" sizes=\"(max-width: 800px) 100vw, 800px\" \/><\/a><\/p><div id=\"ez-toc-container\" class=\"ez-toc-v2_0_82_2 counter-hierarchy ez-toc-counter ez-toc-grey ez-toc-container-direction\">\n<div class=\"ez-toc-title-container\">\n<p class=\"ez-toc-title\" style=\"cursor:inherit\">Was hier auf Sie wartet<\/p>\n<span class=\"ez-toc-title-toggle\"><a href=\"#\" class=\"ez-toc-pull-right ez-toc-btn ez-toc-btn-xs ez-toc-btn-default ez-toc-toggle\" aria-label=\"Toggle Table of Content\"><span class=\"ez-toc-js-icon-con\"><span class=\"\"><span class=\"eztoc-hide\" style=\"display:none;\">Toggle<\/span><span class=\"ez-toc-icon-toggle-span\"><svg style=\"fill: #999;color:#999\" xmlns=\"http:\/\/www.w3.org\/2000\/svg\" class=\"list-377408\" width=\"20px\" height=\"20px\" viewBox=\"0 0 24 24\" fill=\"none\"><path d=\"M6 6H4v2h2V6zm14 0H8v2h12V6zM4 11h2v2H4v-2zm16 0H8v2h12v-2zM4 16h2v2H4v-2zm16 0H8v2h12v-2z\" fill=\"currentColor\"><\/path><\/svg><svg style=\"fill: #999;color:#999\" class=\"arrow-unsorted-368013\" xmlns=\"http:\/\/www.w3.org\/2000\/svg\" width=\"10px\" height=\"10px\" viewBox=\"0 0 24 24\" version=\"1.2\" baseProfile=\"tiny\"><path d=\"M18.2 9.3l-6.2-6.3-6.2 6.3c-.2.2-.3.4-.3.7s.1.5.3.7c.2.2.4.3.7.3h11c.3 0 .5-.1.7-.3.2-.2.3-.5.3-.7s-.1-.5-.3-.7zM5.8 14.7l6.2 6.3 6.2-6.3c.2-.2.3-.5.3-.7s-.1-.5-.3-.7c-.2-.2-.4-.3-.7-.3h-11c-.3 0-.5.1-.7.3-.2.2-.3.5-.3.7s.1.5.3.7z\"\/><\/svg><\/span><\/span><\/span><\/a><\/span><\/div>\n<nav><ul class='ez-toc-list ez-toc-list-level-1 ' ><li class='ez-toc-page-1 ez-toc-heading-level-2'><a class=\"ez-toc-link ez-toc-heading-1\" href=\"https:\/\/raum-blick.de\/magazin\/es-tut-sich-etwas-im-mai\/#Der_April_mag_sich_nicht_trennen%E2%80%A6\" >Der April mag sich nicht trennen\u2026<\/a><\/li><li class='ez-toc-page-1 ez-toc-heading-level-2'><a class=\"ez-toc-link ez-toc-heading-2\" href=\"https:\/\/raum-blick.de\/magazin\/es-tut-sich-etwas-im-mai\/#Unsere_Marke_im_Fokus\" >Unsere Marke im Fokus<\/a><\/li><\/ul><\/nav><\/div>\n\n<h2><span class=\"ez-toc-section\" id=\"Der_April_mag_sich_nicht_trennen%E2%80%A6\"><\/span>Der April mag sich nicht trennen\u2026<span class=\"ez-toc-section-end\"><\/span><\/h2>\n<p style=\"text-align: justify;\">Bis es soweit ist und der April auch im Mai noch sein Unwesen treibt, haben wir uns dazu entschlossen, den Fr\u00fchling kurzum in die eigenen vier W\u00e4nde hereinzuholen \u2013 und den Regen drau\u00dfen zu lassen.<\/p>\n<p><img loading=\"lazy\" decoding=\"async\" class=\"aligncenter wp-image-13861\" title=\"RIG-TIG \u2013 HYGGE Windlicht | Gem\u00fctlichkeit pur | Design: Halskov &amp; Dalsgaard\" src=\"https:\/\/www.raum-blick.de\/magazin\/wp-content\/uploads\/2022\/05\/rig-tig-hygge-windlicht.jpg\" alt=\"rig-tig-hygge-windlicht\" width=\"800\" height=\"800\" srcset=\"https:\/\/raum-blick.de\/magazin\/wp-content\/uploads\/2022\/05\/rig-tig-hygge-windlicht.jpg 1500w, https:\/\/raum-blick.de\/magazin\/wp-content\/uploads\/2022\/05\/rig-tig-hygge-windlicht-300x300.jpg 300w, https:\/\/raum-blick.de\/magazin\/wp-content\/uploads\/2022\/05\/rig-tig-hygge-windlicht-1024x1024.jpg 1024w, https:\/\/raum-blick.de\/magazin\/wp-content\/uploads\/2022\/05\/rig-tig-hygge-windlicht-150x150.jpg 150w, https:\/\/raum-blick.de\/magazin\/wp-content\/uploads\/2022\/05\/rig-tig-hygge-windlicht-768x768.jpg 768w\" sizes=\"(max-width: 800px) 100vw, 800px\" \/><\/p>\n<p style=\"text-align: justify;\">Wer sich also \u2013 ganz unabh\u00e4ngig von Temperaturen und Niederschlag \u2013 ins Freie wagt, der sollte nicht verpassen, einen Blumenstrau\u00df zu pfl\u00fccken. Denn wir haben uns extra f\u00fcr die florale Blumendekoration unser <a href=\"https:\/\/www.raum-blick.de\/vasen\/\">Vasensortiment<\/a> einmal genauer angesehen.<\/p>\n<p><a href=\"https:\/\/www.raum-blick.de\/kaehler-hammershoi-vase-h200\"><img loading=\"lazy\" decoding=\"async\" class=\"aligncenter wp-image-13885\" title=\"K\u00e4hler Hammershoi Vase medium | Design: Hans-Christian Bauer\" src=\"https:\/\/www.raum-blick.de\/magazin\/wp-content\/uploads\/2022\/05\/kaehler-hammershoi-vase-h200.jpg\" alt=\"kaehler-hammershoi-vase-h200\" width=\"800\" height=\"800\" srcset=\"https:\/\/raum-blick.de\/magazin\/wp-content\/uploads\/2022\/05\/kaehler-hammershoi-vase-h200.jpg 1300w, https:\/\/raum-blick.de\/magazin\/wp-content\/uploads\/2022\/05\/kaehler-hammershoi-vase-h200-300x300.jpg 300w, https:\/\/raum-blick.de\/magazin\/wp-content\/uploads\/2022\/05\/kaehler-hammershoi-vase-h200-1024x1024.jpg 1024w, https:\/\/raum-blick.de\/magazin\/wp-content\/uploads\/2022\/05\/kaehler-hammershoi-vase-h200-150x150.jpg 150w, https:\/\/raum-blick.de\/magazin\/wp-content\/uploads\/2022\/05\/kaehler-hammershoi-vase-h200-768x768.jpg 768w\" sizes=\"(max-width: 800px) 100vw, 800px\" \/><\/a><\/p>\n<p style=\"text-align: justify;\">Und von der gro\u00dfen bis zur kleinen, von der einfachen bis hin zur edlen sowie von der \u201enormal\u201c bis zur \u201espeziell\u201c geformten Vase ist da tats\u00e4chlich auch f\u00fcr jeden etwas dabei.<\/p>\n<p><a href=\"https:\/\/www.raum-blick.de\/kaehler-omaggio-vase-medium\"><img loading=\"lazy\" decoding=\"async\" class=\"aligncenter wp-image-13869\" title=\"K\u00e4hler Omaggio Vase medium | Serie: Omaggio | Design: Stilleben\" src=\"https:\/\/www.raum-blick.de\/magazin\/wp-content\/uploads\/2022\/05\/kaehler-omaggio-vase-medium.jpg\" alt=\"kaehler-omaggio-vase-medium\" width=\"800\" height=\"800\" srcset=\"https:\/\/raum-blick.de\/magazin\/wp-content\/uploads\/2022\/05\/kaehler-omaggio-vase-medium.jpg 1500w, https:\/\/raum-blick.de\/magazin\/wp-content\/uploads\/2022\/05\/kaehler-omaggio-vase-medium-300x300.jpg 300w, https:\/\/raum-blick.de\/magazin\/wp-content\/uploads\/2022\/05\/kaehler-omaggio-vase-medium-1024x1024.jpg 1024w, https:\/\/raum-blick.de\/magazin\/wp-content\/uploads\/2022\/05\/kaehler-omaggio-vase-medium-150x150.jpg 150w, https:\/\/raum-blick.de\/magazin\/wp-content\/uploads\/2022\/05\/kaehler-omaggio-vase-medium-768x768.jpg 768w\" sizes=\"(max-width: 800px) 100vw, 800px\" \/><\/a><\/p>\n<p style=\"text-align: justify;\">Damit unser Tipp: Blumen in der Wohnung sorgen zumindest f\u00fcr ein klein wenig Fr\u00fchling! Dazu empfehlen wir <a href=\"https:\/\/www.raum-blick.de\/kissen\/\">Kissen in knalligen Farben<\/a>, <a href=\"https:\/\/www.raum-blick.de\/windlichter-lichthaeuser\/\">Windlichter<\/a>, die f\u00fcr ein sch\u00f6nes Ambiente sorgen und andere fr\u00fchlingshafte Accessoires \u2013 so h\u00e4lt der Fr\u00fchling zumindest ein bisschen Einzug.<\/p>\n<p><img loading=\"lazy\" decoding=\"async\" class=\"aligncenter wp-image-13857\" title=\"Stelton \u2013 Hurricane Windlicht | witterungsbest\u00e4ndig | Design: Maria Berntsen\" src=\"https:\/\/www.raum-blick.de\/magazin\/wp-content\/uploads\/2022\/05\/stelton-hurricane-windlicht.jpg\" alt=\"stelton-hurricane-windlicht\" width=\"800\" height=\"800\" srcset=\"https:\/\/raum-blick.de\/magazin\/wp-content\/uploads\/2022\/05\/stelton-hurricane-windlicht.jpg 1500w, https:\/\/raum-blick.de\/magazin\/wp-content\/uploads\/2022\/05\/stelton-hurricane-windlicht-300x300.jpg 300w, https:\/\/raum-blick.de\/magazin\/wp-content\/uploads\/2022\/05\/stelton-hurricane-windlicht-1024x1024.jpg 1024w, https:\/\/raum-blick.de\/magazin\/wp-content\/uploads\/2022\/05\/stelton-hurricane-windlicht-150x150.jpg 150w, https:\/\/raum-blick.de\/magazin\/wp-content\/uploads\/2022\/05\/stelton-hurricane-windlicht-768x768.jpg 768w\" sizes=\"(max-width: 800px) 100vw, 800px\" \/><\/p>\n<h2><span class=\"ez-toc-section\" id=\"Unsere_Marke_im_Fokus\"><\/span>Unsere Marke im Fokus<span class=\"ez-toc-section-end\"><\/span><\/h2>\n<p style=\"text-align: justify;\">Sie l\u00e4sst uns einfach nicht los, die Nachhaltigkeit \u2013 und das ist gut so! Und deshalb haben wir im Mai die Marke Dopper in unseren Fokus ger\u00fcckt. Bei Dopper gibt es nicht nur ganz wunderbare Trinkflaschen in jeder erdenklichen Farbe.<\/p>\n<p><img loading=\"lazy\" decoding=\"async\" class=\"aligncenter wp-image-13875\" title=\"Dopper \u2013 Original Trinkflasche | Design: Rinke van Remorte\/ Dopper\" src=\"https:\/\/www.raum-blick.de\/magazin\/wp-content\/uploads\/2022\/05\/dopper-original-back-to-nature.jpg\" alt=\"dopper-original-back-to-nature\" width=\"800\" height=\"800\" srcset=\"https:\/\/raum-blick.de\/magazin\/wp-content\/uploads\/2022\/05\/dopper-original-back-to-nature.jpg 1500w, https:\/\/raum-blick.de\/magazin\/wp-content\/uploads\/2022\/05\/dopper-original-back-to-nature-300x300.jpg 300w, https:\/\/raum-blick.de\/magazin\/wp-content\/uploads\/2022\/05\/dopper-original-back-to-nature-1024x1024.jpg 1024w, https:\/\/raum-blick.de\/magazin\/wp-content\/uploads\/2022\/05\/dopper-original-back-to-nature-150x150.jpg 150w, https:\/\/raum-blick.de\/magazin\/wp-content\/uploads\/2022\/05\/dopper-original-back-to-nature-768x768.jpg 768w\" sizes=\"(max-width: 800px) 100vw, 800px\" \/><\/p>\n<p style=\"text-align: justify;\">Nein, bei der Marke gibt es auch etwas zu lernen. Deshalb empfiehlt es sich dringend, einmal auf deren <a href=\"https:\/\/dopper.com\/de\" target=\"_blank\" rel=\"noopener\">Internet-Auftritt<\/a> vorbeizuschauen und etwas mehr anzusehen als die <a href=\"https:\/\/www.raum-blick.de\/trinkflaschen\/\">trendigen Trinkflaschen<\/a>. Zugegeben: Die Plastikproblematik in unseren Weltmeeren sollte mittlerweile jedem ein Begriff sein. Doch was k\u00f6nnen wir im Einzelnen dagegen tun?<\/p>\n<p><img loading=\"lazy\" decoding=\"async\" class=\"aligncenter wp-image-13865\" title=\"Dopper \u2013 Original Trinkflasche | Design: Rinke van Remorte\/ Dopper\" src=\"https:\/\/www.raum-blick.de\/magazin\/wp-content\/uploads\/2022\/05\/dopper-original-trinkflasche.jpg\" alt=\"dopper-original-trinkflasche\" width=\"800\" height=\"800\" srcset=\"https:\/\/raum-blick.de\/magazin\/wp-content\/uploads\/2022\/05\/dopper-original-trinkflasche.jpg 1500w, https:\/\/raum-blick.de\/magazin\/wp-content\/uploads\/2022\/05\/dopper-original-trinkflasche-300x300.jpg 300w, https:\/\/raum-blick.de\/magazin\/wp-content\/uploads\/2022\/05\/dopper-original-trinkflasche-1024x1024.jpg 1024w, https:\/\/raum-blick.de\/magazin\/wp-content\/uploads\/2022\/05\/dopper-original-trinkflasche-150x150.jpg 150w, https:\/\/raum-blick.de\/magazin\/wp-content\/uploads\/2022\/05\/dopper-original-trinkflasche-768x768.jpg 768w\" sizes=\"(max-width: 800px) 100vw, 800px\" \/><\/p>\n<p style=\"text-align: justify;\">Hier wei\u00df Dopper eine Antwort \u2013 und die ist super einfach umzusetzen: Denn wir k\u00f6nnen komplett auf den Kauf von Getr\u00e4nken in Plastikflaschen verzichten und auf wiederverwendbare Trinkflaschen setzen! Wenn wir hier nicht umdenken, landen weiterhin Jahr f\u00fcr Jahr 8 Millionen Tonnen Plastik in den Ozeanen. Plastik, das sich niemals aufl\u00f6sen wird. Denn selbst, wenn die Plastikelemente als solche nicht mehr sichtbar sind \u2013 ihre Einzelteile (Mikroplastik) bleiben f\u00fcr immer im Wasser bestehen.<\/p>\n<p><img loading=\"lazy\" decoding=\"async\" class=\"aligncenter wp-image-13867\" title=\"Dopper - Insulated Trinkflasche | h\u00e4lt 9 Stunden lang hei\u00df oder 24 Stunden lang kalt | Design: Dopper\" src=\"https:\/\/www.raum-blick.de\/magazin\/wp-content\/uploads\/2022\/05\/dopper-insulated-trinkflasche.jpg\" alt=\"dopper-insulated-trinkflasche\" width=\"800\" height=\"800\" srcset=\"https:\/\/raum-blick.de\/magazin\/wp-content\/uploads\/2022\/05\/dopper-insulated-trinkflasche.jpg 1300w, https:\/\/raum-blick.de\/magazin\/wp-content\/uploads\/2022\/05\/dopper-insulated-trinkflasche-300x300.jpg 300w, https:\/\/raum-blick.de\/magazin\/wp-content\/uploads\/2022\/05\/dopper-insulated-trinkflasche-1024x1024.jpg 1024w, https:\/\/raum-blick.de\/magazin\/wp-content\/uploads\/2022\/05\/dopper-insulated-trinkflasche-150x150.jpg 150w, https:\/\/raum-blick.de\/magazin\/wp-content\/uploads\/2022\/05\/dopper-insulated-trinkflasche-768x768.jpg 768w\" sizes=\"(max-width: 800px) 100vw, 800px\" \/><\/p>\n<p style=\"text-align: justify;\">Und ganz egal, welchen Schaden sie in dieser Form noch anstellen: Einwegflaschen interessiert das nicht. Deshalb nennen die Mitarbeiter der Marke Dopper ihre Trinkflaschen liebevoll die \u201eMeeresretter\u201c \u2013 und das zurecht! Auf der Website l\u00e4uft ein Z\u00e4hler, der anzeigt, wie viele Kilos an Einwegplastik aufgrund der bereits verkauften Trinkflaschen schon eingespart werden konnten; aktuell misst dieser eine achtstellige Zahl (vor dem Komma!) \u2013 und das soll was hei\u00dfen.<\/p>\n<div class='et-box et-success'>\n\t\t\t\t\t<div class='et-box-content'>Solange der Sommer noch auf sich warten l\u00e4sst, k\u00f6nnen wir die Zeit also tats\u00e4chlich sinnvoll nutzen und unser Kaufverhalten in Sachen Plastik \u00fcberdenken \u2013 was in der fr\u00fchlingshaft dekorierten Wohnung sicher ganz leicht f\u00e4llt.<\/div><\/div>\n<\/p>","protected":false},"excerpt":{"rendered":"<p>Zugegeben, aktuell sind wir scheinbar mehr damit besch\u00e4ftigt, unser Gartenmobiliar, die Balkon-Deko oder die Blument\u00f6pfe in kurzen Sonnenmomenten abzudecken, herauszutragen oder eben zu gie\u00dfen \u2013 einfach, um nur wenige Momente sp\u00e4ter vor dem Regen zu fl\u00fcchten. Wenn er dann aber mal f\u00fcr l\u00e4nger bleiben sollte, der liebe Sommer, sind wir in jedem Fall gewappnet! Der [&hellip;]<\/p>\n","protected":false},"author":4,"featured_media":13879,"comment_status":"closed","ping_status":"open","sticky":false,"template":"","format":"standard","meta":{"_et_pb_use_builder":"","_et_pb_old_content":"","_et_gb_content_width":"","inline_featured_image":false,"footnotes":""},"categories":[8],"tags":[1094,559,667,357,558,358,557,832,41,241,146,148],"class_list":["post-13852","post","type-post","status-publish","format-standard","has-post-thumbnail","hentry","category-features","tag-dopper","tag-glas","tag-hammershi","tag-kaehler","tag-lyngby","tag-omaggio","tag-porzellan","tag-rig-tig","tag-stelton","tag-trinkflaschen","tag-vasen","tag-windlichter"],"_links":{"self":[{"href":"https:\/\/raum-blick.de\/magazin\/wp-json\/wp\/v2\/posts\/13852","targetHints":{"allow":["GET"]}}],"collection":[{"href":"https:\/\/raum-blick.de\/magazin\/wp-json\/wp\/v2\/posts"}],"about":[{"href":"https:\/\/raum-blick.de\/magazin\/wp-json\/wp\/v2\/types\/post"}],"author":[{"embeddable":true,"href":"https:\/\/raum-blick.de\/magazin\/wp-json\/wp\/v2\/users\/4"}],"replies":[{"embeddable":true,"href":"https:\/\/raum-blick.de\/magazin\/wp-json\/wp\/v2\/comments?post=13852"}],"version-history":[{"count":28,"href":"https:\/\/raum-blick.de\/magazin\/wp-json\/wp\/v2\/posts\/13852\/revisions"}],"predecessor-version":[{"id":20628,"href":"https:\/\/raum-blick.de\/magazin\/wp-json\/wp\/v2\/posts\/13852\/revisions\/20628"}],"wp:featuredmedia":[{"embeddable":true,"href":"https:\/\/raum-blick.de\/magazin\/wp-json\/wp\/v2\/media\/13879"}],"wp:attachment":[{"href":"https:\/\/raum-blick.de\/magazin\/wp-json\/wp\/v2\/media?parent=13852"}],"wp:term":[{"taxonomy":"category","embeddable":true,"href":"https:\/\/raum-blick.de\/magazin\/wp-json\/wp\/v2\/categories?post=13852"},{"taxonomy":"post_tag","embeddable":true,"href":"https:\/\/raum-blick.de\/magazin\/wp-json\/wp\/v2\/tags?post=13852"}],"curies":[{"name":"wp","href":"https:\/\/api.w.org\/{rel}","templated":true}]}}