{"id":13826,"date":"2021-03-31T17:02:54","date_gmt":"2021-03-31T15:02:54","guid":{"rendered":"https:\/\/www.raum-blick.de\/magazin\/?p=13826"},"modified":"2024-09-02T14:34:16","modified_gmt":"2024-09-02T12:34:16","slug":"geniessen-im-maerz","status":"publish","type":"post","link":"https:\/\/raum-blick.de\/magazin\/geniessen-im-maerz\/","title":{"rendered":"Genie\u00dfen im M\u00e4rz"},"content":{"rendered":"<p style=\"text-align: justify;\">Er versucht ganz tapfer, sich gegen den Winter durchzusetzen: der von uns allen hei\u00df herbeigesehnte Fr\u00fchling! Auch wir versuchen, den M\u00e4rz optimal zu nutzen, um dann bald komplett in die Outdoor-Saison starten zu k\u00f6nnen.<\/p>\n<p><a href=\"https:\/\/www.raum-blick.de\/vlaemynck-vanity-tisch\"><img loading=\"lazy\" decoding=\"async\" class=\"aligncenter wp-image-13839\" title=\"Vlaemnyck \u2013 Vanity Gartentisch aus Aluminium | Design: Vlaemynck\" src=\"https:\/\/www.raum-blick.de\/magazin\/wp-content\/uploads\/2022\/03\/vlaemynck-vanity-tisch.jpg\" alt=\"vlaemynck-vanity-tisch\" width=\"800\" height=\"800\" srcset=\"https:\/\/raum-blick.de\/magazin\/wp-content\/uploads\/2022\/03\/vlaemynck-vanity-tisch.jpg 1500w, https:\/\/raum-blick.de\/magazin\/wp-content\/uploads\/2022\/03\/vlaemynck-vanity-tisch-300x300.jpg 300w, https:\/\/raum-blick.de\/magazin\/wp-content\/uploads\/2022\/03\/vlaemynck-vanity-tisch-1024x1024.jpg 1024w, https:\/\/raum-blick.de\/magazin\/wp-content\/uploads\/2022\/03\/vlaemynck-vanity-tisch-150x150.jpg 150w, https:\/\/raum-blick.de\/magazin\/wp-content\/uploads\/2022\/03\/vlaemynck-vanity-tisch-768x768.jpg 768w\" sizes=\"(max-width: 800px) 100vw, 800px\" \/><\/a><\/p><div id=\"ez-toc-container\" class=\"ez-toc-v2_0_82_2 counter-hierarchy ez-toc-counter ez-toc-grey ez-toc-container-direction\">\n<div class=\"ez-toc-title-container\">\n<p class=\"ez-toc-title\" style=\"cursor:inherit\">Was hier auf Sie wartet<\/p>\n<span class=\"ez-toc-title-toggle\"><a href=\"#\" class=\"ez-toc-pull-right ez-toc-btn ez-toc-btn-xs ez-toc-btn-default ez-toc-toggle\" aria-label=\"Toggle Table of Content\"><span class=\"ez-toc-js-icon-con\"><span class=\"\"><span class=\"eztoc-hide\" style=\"display:none;\">Toggle<\/span><span class=\"ez-toc-icon-toggle-span\"><svg style=\"fill: #999;color:#999\" xmlns=\"http:\/\/www.w3.org\/2000\/svg\" class=\"list-377408\" width=\"20px\" height=\"20px\" viewBox=\"0 0 24 24\" fill=\"none\"><path d=\"M6 6H4v2h2V6zm14 0H8v2h12V6zM4 11h2v2H4v-2zm16 0H8v2h12v-2zM4 16h2v2H4v-2zm16 0H8v2h12v-2z\" fill=\"currentColor\"><\/path><\/svg><svg style=\"fill: #999;color:#999\" class=\"arrow-unsorted-368013\" xmlns=\"http:\/\/www.w3.org\/2000\/svg\" width=\"10px\" height=\"10px\" viewBox=\"0 0 24 24\" version=\"1.2\" baseProfile=\"tiny\"><path d=\"M18.2 9.3l-6.2-6.3-6.2 6.3c-.2.2-.3.4-.3.7s.1.5.3.7c.2.2.4.3.7.3h11c.3 0 .5-.1.7-.3.2-.2.3-.5.3-.7s-.1-.5-.3-.7zM5.8 14.7l6.2 6.3 6.2-6.3c.2-.2.3-.5.3-.7s-.1-.5-.3-.7c-.2-.2-.4-.3-.7-.3h-11c-.3 0-.5.1-.7.3-.2.2-.3.5-.3.7s.1.5.3.7z\"\/><\/svg><\/span><\/span><\/span><\/a><\/span><\/div>\n<nav><ul class='ez-toc-list ez-toc-list-level-1 ' ><li class='ez-toc-page-1 ez-toc-heading-level-2'><a class=\"ez-toc-link ez-toc-heading-1\" href=\"https:\/\/raum-blick.de\/magazin\/geniessen-im-maerz\/#Der_Aussenbereich_erwacht_aus_dem_Winterschlaf\" >Der Au\u00dfenbereich erwacht aus dem Winterschlaf<\/a><\/li><li class='ez-toc-page-1 ez-toc-heading-level-2'><a class=\"ez-toc-link ez-toc-heading-2\" href=\"https:\/\/raum-blick.de\/magazin\/geniessen-im-maerz\/#Selbstgemachtes_aus_der_Kueche_%E2%80%93_auch_in_der_Fastenzeit\" >Selbstgemachtes aus der K\u00fcche \u2013 auch in der Fastenzeit<\/a><\/li><li class='ez-toc-page-1 ez-toc-heading-level-2'><a class=\"ez-toc-link ez-toc-heading-3\" href=\"https:\/\/raum-blick.de\/magazin\/geniessen-im-maerz\/#Unsere_Marke_im_Fokus\" >Unsere Marke im Fokus<\/a><\/li><li class='ez-toc-page-1 ez-toc-heading-level-2'><a class=\"ez-toc-link ez-toc-heading-4\" href=\"https:\/\/raum-blick.de\/magazin\/geniessen-im-maerz\/#Frohe_Ostern_herzlich_Willkommen_Fruehling\" >Frohe Ostern &amp; herzlich Willkommen Fr\u00fchling<\/a><\/li><\/ul><\/nav><\/div>\n\n<h2><span class=\"ez-toc-section\" id=\"Der_Aussenbereich_erwacht_aus_dem_Winterschlaf\"><\/span>Der Au\u00dfenbereich erwacht aus dem Winterschlaf<span class=\"ez-toc-section-end\"><\/span><\/h2>\n<p style=\"text-align: justify;\">Raus mit den Gartenm\u00f6beln aus Garage und Keller \u2013 beziehungsweise: Schauen wir mal, ob wir nicht das ein oder andere neue St\u00fcck in unsere gr\u00fcne Oase aufnehmen m\u00f6chten.<\/p>\n<p><a href=\"https:\/\/www.raum-blick.de\/fiam-spaghetti-liegestuhl\"><img loading=\"lazy\" decoding=\"async\" class=\"aligncenter wp-image-13837\" title=\"FIAM Armlehnensessel Spaghetti | Liegestuhl | Design: Francesco Favagrossa\" src=\"https:\/\/www.raum-blick.de\/magazin\/wp-content\/uploads\/2022\/03\/fiam-spaghetti-liegestuhl.jpg\" alt=\"fiam-spaghetti-liegestuhl\" width=\"800\" height=\"800\" srcset=\"https:\/\/raum-blick.de\/magazin\/wp-content\/uploads\/2022\/03\/fiam-spaghetti-liegestuhl.jpg 1500w, https:\/\/raum-blick.de\/magazin\/wp-content\/uploads\/2022\/03\/fiam-spaghetti-liegestuhl-300x300.jpg 300w, https:\/\/raum-blick.de\/magazin\/wp-content\/uploads\/2022\/03\/fiam-spaghetti-liegestuhl-1024x1024.jpg 1024w, https:\/\/raum-blick.de\/magazin\/wp-content\/uploads\/2022\/03\/fiam-spaghetti-liegestuhl-150x150.jpg 150w, https:\/\/raum-blick.de\/magazin\/wp-content\/uploads\/2022\/03\/fiam-spaghetti-liegestuhl-768x768.jpg 768w\" sizes=\"(max-width: 800px) 100vw, 800px\" \/><\/a><\/p>\n<p style=\"text-align: justify;\">An einem festen Tisch, an dem gegessen und \u2013 der aktuellen Situation geschuldet \u2013 vielleicht auch gearbeitet werden kann, w\u00e4re doch eine feine Sache! Und selbstverst\u00e4ndlich d\u00fcrfen <a href=\"https:\/\/www.raum-blick.de\/fiam-spaghetti-liegestuhl\">Liegest\u00fchle<\/a> und H\u00e4ngematten ebenso wenig fehlen wie eine <a href=\"https:\/\/www.raum-blick.de\/fermob-balad-h25-lampe\">stilvolle Gartenbeleuchtung<\/a> f\u00fcr gem\u00fctliche Stunden im Freien.<\/p>\n<p><a href=\"https:\/\/www.raum-blick.de\/fatboy-point-outdoor\"><img loading=\"lazy\" decoding=\"async\" class=\"aligncenter wp-image-13833 size-full\" title=\"Fatboy \u2013 Original Point Outdoor | Sitzhocker \/ Beistelltisch | Design: Fatboy\" src=\"https:\/\/www.raum-blick.de\/magazin\/wp-content\/uploads\/2022\/03\/fatboy-point-outdoor.jpg\" alt=\"fatboy-point-outdoor\" width=\"800\" height=\"800\" srcset=\"https:\/\/raum-blick.de\/magazin\/wp-content\/uploads\/2022\/03\/fatboy-point-outdoor.jpg 800w, https:\/\/raum-blick.de\/magazin\/wp-content\/uploads\/2022\/03\/fatboy-point-outdoor-300x300.jpg 300w, https:\/\/raum-blick.de\/magazin\/wp-content\/uploads\/2022\/03\/fatboy-point-outdoor-150x150.jpg 150w, https:\/\/raum-blick.de\/magazin\/wp-content\/uploads\/2022\/03\/fatboy-point-outdoor-768x768.jpg 768w\" sizes=\"(max-width: 800px) 100vw, 800px\" \/><\/a><\/p>\n<h2><span class=\"ez-toc-section\" id=\"Selbstgemachtes_aus_der_Kueche_%E2%80%93_auch_in_der_Fastenzeit\"><\/span>Selbstgemachtes aus der K\u00fcche \u2013 auch in der Fastenzeit<span class=\"ez-toc-section-end\"><\/span><\/h2>\n<p style=\"text-align: justify;\">Wieder mehr selbst zu kochen und zu backen hat in den vergangenen Monaten einen ganz anderen Stellenwert bekommen. Dabei hat der ein oder andere Hobbykoch mit Sicherheit entdeckt, dass ihm diverse K\u00fcchenhelfer fehlen. Begonnen bei <a href=\"https:\/\/www.raum-blick.de\/kochmesser-zubehoer\/\">scharfen Messern<\/a> \u00fcber <a href=\"https:\/\/www.raum-blick.de\/aufbewahrung\/\">Aufbewahrungshelfer<\/a> f\u00fcr Gew\u00fcrze bis hin zum Messbecher \u2013 mit diesen kleinen Helfern wird das Zubereiten von Speisen doch gleich viel einfacher! So manches findet sich auch noch in den Tiefen der K\u00fcchenschr\u00e4nke, ist aber so in die Jahre gekommen, dass es nicht mehr funktioniert.<\/p>\n<p><a href=\"https:\/\/www.raum-blick.de\/ferm-living-paper-pulp-aufbewahrungsbox-2-er-set\"><img loading=\"lazy\" decoding=\"async\" class=\"aligncenter wp-image-13843\" title=\"ferm LIVING Paper Pulp Box 2-er Set | Aufbewahrungsbox | Design: ferm LIVING\" src=\"https:\/\/www.raum-blick.de\/magazin\/wp-content\/uploads\/2022\/03\/ferm-living-paper-pulp-aufbewahrungsbox-2-er-set.jpg\" alt=\"ferm-living-paper-pulp-aufbewahrungsbox-2-er-set\" width=\"800\" height=\"800\" srcset=\"https:\/\/raum-blick.de\/magazin\/wp-content\/uploads\/2022\/03\/ferm-living-paper-pulp-aufbewahrungsbox-2-er-set.jpg 1500w, https:\/\/raum-blick.de\/magazin\/wp-content\/uploads\/2022\/03\/ferm-living-paper-pulp-aufbewahrungsbox-2-er-set-300x300.jpg 300w, https:\/\/raum-blick.de\/magazin\/wp-content\/uploads\/2022\/03\/ferm-living-paper-pulp-aufbewahrungsbox-2-er-set-1024x1024.jpg 1024w, https:\/\/raum-blick.de\/magazin\/wp-content\/uploads\/2022\/03\/ferm-living-paper-pulp-aufbewahrungsbox-2-er-set-150x150.jpg 150w, https:\/\/raum-blick.de\/magazin\/wp-content\/uploads\/2022\/03\/ferm-living-paper-pulp-aufbewahrungsbox-2-er-set-768x768.jpg 768w\" sizes=\"(max-width: 800px) 100vw, 800px\" \/><\/a><\/p>\n<p style=\"text-align: justify;\">Ein besonderes Faible haben auch wir f\u00fcr die hei\u00dfbegehrte Marke <a href=\"https:\/\/www.raum-blick.de\/smeg\/\">SMEG<\/a> \u2013 und mit einer dieser multifunktionalen K\u00fcchenmaschinen sind Kochen und Backen nicht nur gleich viel einfacher; nein, die K\u00fcche sieht mit einem solchen Highlight auch viel besser aus! So schmecken sogar die gesunden Gerichte der Fastenzeit einfach lecker!<\/p>\n<h2><span class=\"ez-toc-section\" id=\"Unsere_Marke_im_Fokus\"><\/span>Unsere Marke im Fokus<span class=\"ez-toc-section-end\"><\/span><\/h2>\n<p style=\"text-align: justify;\">An der skandinavischen Marke <a href=\"https:\/\/www.raum-blick.de\/ferm-living\/\">ferm LIVING<\/a> k\u00f6nnen wir uns einfach nicht sattsehen! Obwohl es sie \u201eerst\u201c seit 16 Jahren gibt, ist sie aus unserem Sortiment nicht mehr wegzudenken. Dies selbstverst\u00e4ndlich wegen der vielen, traumhaft sch\u00f6nen Accessoires; aber auch wegen der vertrauenserweckenden Firmenphilosophie.<\/p>\n<p><a href=\"https:\/\/www.raum-blick.de\/ferm-living-free-kissen\"><img loading=\"lazy\" decoding=\"async\" class=\"aligncenter wp-image-13835\" title=\"ferm LIVING \u2013 Free Kissen inklusive F\u00fcllung | Design: ferm LIVING\" src=\"https:\/\/www.raum-blick.de\/magazin\/wp-content\/uploads\/2022\/03\/ferm-living-free-kissen.jpg\" alt=\"ferm-living-free-kissen\" width=\"800\" height=\"800\" srcset=\"https:\/\/raum-blick.de\/magazin\/wp-content\/uploads\/2022\/03\/ferm-living-free-kissen.jpg 1080w, https:\/\/raum-blick.de\/magazin\/wp-content\/uploads\/2022\/03\/ferm-living-free-kissen-300x300.jpg 300w, https:\/\/raum-blick.de\/magazin\/wp-content\/uploads\/2022\/03\/ferm-living-free-kissen-1024x1024.jpg 1024w, https:\/\/raum-blick.de\/magazin\/wp-content\/uploads\/2022\/03\/ferm-living-free-kissen-150x150.jpg 150w, https:\/\/raum-blick.de\/magazin\/wp-content\/uploads\/2022\/03\/ferm-living-free-kissen-768x768.jpg 768w\" sizes=\"(max-width: 800px) 100vw, 800px\" \/><\/a><\/p>\n<p style=\"text-align: justify;\">Die Firmengr\u00fcnderin Trine Andersen schreibt selbst: \u201eDas Wichtigste ist f\u00fcr mich jedoch, dass ferm LIVING eine Reihe an Werten aufrechterh\u00e4lt, auf die wir stolz sein k\u00f6nnen. Unser gr\u00f6\u00dftes Ziel ist es \u2013 und war es schon immer \u2013 Menschen zu inspirieren, genau die Art von Raum zu schaffen, in dem sie sich wohl f\u00fchlen, und der es ihnen erm\u00f6glicht, in ihrem eigenen Zuhause authentisch zu sein. Denn ein Zuhause ist schlie\u00dflich weit mehr als nur eine Ansammlung sch\u00f6ner Objekte \u2013 es ist der Ort, an dem sich das Leben abspielt.\u201c<\/p>\n<div class='et-box et-note'>\n\t\t\t\t\t<div class='et-box-content'>Kein Wunder, dass wir mit ferm LIVING und seinen einzigartigen Objekten den Garten und die Pflanzen gerne in den Fr\u00fchling starten!<\/div><\/div>\n<h2><span class=\"ez-toc-section\" id=\"Frohe_Ostern_herzlich_Willkommen_Fruehling\"><\/span>Frohe Ostern &amp; herzlich Willkommen Fr\u00fchling<span class=\"ez-toc-section-end\"><\/span><\/h2>\n<p style=\"text-align: justify;\">Auch Ostern steht schon vor der T\u00fcre. Hier kommen die Liebhaber der stilvollen Dekoration wieder voll auf ihre Kosten! Mit ganz vielen Osteraccessoires, begonnen bei filigranen Porzellaneiern \u00fcber Ostergeschirr bis hin zu \u00f6sterlichen Geschenkideen stehen wir auch hier mit Rat und Tat zur Seite. So gelingt es mit Sicherheit, das Zuhause in ein fr\u00fchlingshaftes Flair zu tauchen, in dem nicht nur das ein oder andere Osterhighlight hervorspitzt.<\/p>\n<p><img loading=\"lazy\" decoding=\"async\" class=\"aligncenter wp-image-13830 size-full\" title=\"K\u00e4hler Design - Hammersh\u00f8i Oster Becher | Oster Porzellantasse | Design: Rikke Jacobsen\" src=\"https:\/\/www.raum-blick.de\/magazin\/wp-content\/uploads\/2022\/03\/kaehler-hammershoi-osterbecher.jpg\" alt=\"kaehler-hammershoi-osterbecher\" width=\"800\" height=\"800\" srcset=\"https:\/\/raum-blick.de\/magazin\/wp-content\/uploads\/2022\/03\/kaehler-hammershoi-osterbecher.jpg 800w, https:\/\/raum-blick.de\/magazin\/wp-content\/uploads\/2022\/03\/kaehler-hammershoi-osterbecher-300x300.jpg 300w, https:\/\/raum-blick.de\/magazin\/wp-content\/uploads\/2022\/03\/kaehler-hammershoi-osterbecher-150x150.jpg 150w, https:\/\/raum-blick.de\/magazin\/wp-content\/uploads\/2022\/03\/kaehler-hammershoi-osterbecher-768x768.jpg 768w\" sizes=\"(max-width: 800px) 100vw, 800px\" \/><\/p>\n<p style=\"text-align: justify;\">Die kalten Tage sind gez\u00e4hlt, der w\u00e4rmende Fr\u00fchling steht vor der T\u00fcr! Wir freuen uns auf eine wunderbare Zeit im Freien \u2013 die n\u00e4chsten Monate stehen bei uns bestimmt ganz im Zeichen des Lebens im Freien.<\/p>\n","protected":false},"excerpt":{"rendered":"<p>Er versucht ganz tapfer, sich gegen den Winter durchzusetzen: der von uns allen hei\u00df herbeigesehnte Fr\u00fchling! Auch wir versuchen, den M\u00e4rz optimal zu nutzen, um dann bald komplett in die Outdoor-Saison starten zu k\u00f6nnen. Der Au\u00dfenbereich erwacht aus dem Winterschlaf Raus mit den Gartenm\u00f6beln aus Garage und Keller \u2013 beziehungsweise: Schauen wir mal, ob wir [&hellip;]<\/p>\n","protected":false},"author":4,"featured_media":13829,"comment_status":"closed","ping_status":"open","sticky":false,"template":"","format":"standard","meta":{"_et_pb_use_builder":"","_et_pb_old_content":"","_et_gb_content_width":"","inline_featured_image":false,"footnotes":""},"categories":[8],"tags":[1514,1089,123,615,40,206,1066,1516,1110,1513,1515,296,1085,1517,1518,1038,1512],"class_list":["post-13826","post","type-post","status-publish","format-standard","has-post-thumbnail","hentry","category-features","tag-armlehnsessel","tag-aufbewahrungsbox","tag-becher","tag-beistelltisch","tag-fatboy","tag-ferm-living","tag-fiam","tag-fruehling","tag-gartentisch","tag-geniessen","tag-kaehler-design","tag-kissen","tag-liegestuhl","tag-ostern","tag-porzellantasse","tag-sitzhocker","tag-vlaemnyck"],"_links":{"self":[{"href":"https:\/\/raum-blick.de\/magazin\/wp-json\/wp\/v2\/posts\/13826","targetHints":{"allow":["GET"]}}],"collection":[{"href":"https:\/\/raum-blick.de\/magazin\/wp-json\/wp\/v2\/posts"}],"about":[{"href":"https:\/\/raum-blick.de\/magazin\/wp-json\/wp\/v2\/types\/post"}],"author":[{"embeddable":true,"href":"https:\/\/raum-blick.de\/magazin\/wp-json\/wp\/v2\/users\/4"}],"replies":[{"embeddable":true,"href":"https:\/\/raum-blick.de\/magazin\/wp-json\/wp\/v2\/comments?post=13826"}],"version-history":[{"count":22,"href":"https:\/\/raum-blick.de\/magazin\/wp-json\/wp\/v2\/posts\/13826\/revisions"}],"predecessor-version":[{"id":20922,"href":"https:\/\/raum-blick.de\/magazin\/wp-json\/wp\/v2\/posts\/13826\/revisions\/20922"}],"wp:featuredmedia":[{"embeddable":true,"href":"https:\/\/raum-blick.de\/magazin\/wp-json\/wp\/v2\/media\/13829"}],"wp:attachment":[{"href":"https:\/\/raum-blick.de\/magazin\/wp-json\/wp\/v2\/media?parent=13826"}],"wp:term":[{"taxonomy":"category","embeddable":true,"href":"https:\/\/raum-blick.de\/magazin\/wp-json\/wp\/v2\/categories?post=13826"},{"taxonomy":"post_tag","embeddable":true,"href":"https:\/\/raum-blick.de\/magazin\/wp-json\/wp\/v2\/tags?post=13826"}],"curies":[{"name":"wp","href":"https:\/\/api.w.org\/{rel}","templated":true}]}}