{"id":13633,"date":"2021-08-20T15:52:28","date_gmt":"2021-08-20T13:52:28","guid":{"rendered":"https:\/\/www.raum-blick.de\/magazin\/?p=13633"},"modified":"2024-08-30T12:19:29","modified_gmt":"2024-08-30T10:19:29","slug":"leuchtakzente-mit-dekolichtern","status":"publish","type":"post","link":"https:\/\/raum-blick.de\/magazin\/leuchtakzente-mit-dekolichtern\/","title":{"rendered":"Leuchtakzente mit Dekolichtern"},"content":{"rendered":"<h2><span class=\"ez-toc-section\" id=\"%C2%AB_Der_kleine_Schein_mit_grosser_Wirkung_%C2%BB\"><\/span>\u00ab Der kleine Schein mit gro\u00dfer Wirkung \u00bb<span class=\"ez-toc-section-end\"><\/span><\/h2>\n<p style=\"text-align: justify;\"><strong>Kerzen und Windlichter spenden Licht am Gartentisch. Fackeln \u00fcbernehmen die Beleuchtung der Beete. Die Dekolichter erhellen nicht nur das Szenario, wenn es fr\u00fcher dunkel wird. Sie verleihen dem Feierabend im Sp\u00e4tsommer ein Flair, das die Seele balsamiert. Ideal, f\u00fcr gem\u00fctliche Stunden.<\/strong><\/p>\n<h2><span class=\"ez-toc-section\" id=\"Erhellend_und_dekorativ_%E2%80%93_Beleuchtung_fuer_den_Tisch\"><\/span>Erhellend und dekorativ \u2013 Beleuchtung f\u00fcr den Tisch<span class=\"ez-toc-section-end\"><\/span><\/h2>\n<p style=\"text-align: justify;\">Die Sonne hat sich verabschiedet, die D\u00e4mmerung hat sich vollzogen. Die Temperaturen sind jedoch noch angenehm. Es w\u00e4re schade, den R\u00fcckzug in die Wohnung anzutreten. Genauso bedauerlich w\u00e4re es, die elektrische Beleuchtung einzuschalten. Denn ihre grelle Helligkeit w\u00fcrde die gem\u00fctliche Stimmung zerst\u00f6ren.<\/p><div id=\"ez-toc-container\" class=\"ez-toc-v2_0_82_2 counter-hierarchy ez-toc-counter ez-toc-grey ez-toc-container-direction\">\n<div class=\"ez-toc-title-container\">\n<p class=\"ez-toc-title\" style=\"cursor:inherit\">Was hier auf Sie wartet<\/p>\n<span class=\"ez-toc-title-toggle\"><a href=\"#\" class=\"ez-toc-pull-right ez-toc-btn ez-toc-btn-xs ez-toc-btn-default ez-toc-toggle\" aria-label=\"Toggle Table of Content\"><span class=\"ez-toc-js-icon-con\"><span class=\"\"><span class=\"eztoc-hide\" style=\"display:none;\">Toggle<\/span><span class=\"ez-toc-icon-toggle-span\"><svg style=\"fill: #999;color:#999\" xmlns=\"http:\/\/www.w3.org\/2000\/svg\" class=\"list-377408\" width=\"20px\" height=\"20px\" viewBox=\"0 0 24 24\" fill=\"none\"><path d=\"M6 6H4v2h2V6zm14 0H8v2h12V6zM4 11h2v2H4v-2zm16 0H8v2h12v-2zM4 16h2v2H4v-2zm16 0H8v2h12v-2z\" fill=\"currentColor\"><\/path><\/svg><svg style=\"fill: #999;color:#999\" class=\"arrow-unsorted-368013\" xmlns=\"http:\/\/www.w3.org\/2000\/svg\" width=\"10px\" height=\"10px\" viewBox=\"0 0 24 24\" version=\"1.2\" baseProfile=\"tiny\"><path d=\"M18.2 9.3l-6.2-6.3-6.2 6.3c-.2.2-.3.4-.3.7s.1.5.3.7c.2.2.4.3.7.3h11c.3 0 .5-.1.7-.3.2-.2.3-.5.3-.7s-.1-.5-.3-.7zM5.8 14.7l6.2 6.3 6.2-6.3c.2-.2.3-.5.3-.7s-.1-.5-.3-.7c-.2-.2-.4-.3-.7-.3h-11c-.3 0-.5.1-.7.3-.2.2-.3.5-.3.7s.1.5.3.7z\"\/><\/svg><\/span><\/span><\/span><\/a><\/span><\/div>\n<nav><ul class='ez-toc-list ez-toc-list-level-1 ' ><li class='ez-toc-page-1 ez-toc-heading-level-2'><a class=\"ez-toc-link ez-toc-heading-1\" href=\"https:\/\/raum-blick.de\/magazin\/leuchtakzente-mit-dekolichtern\/#%C2%AB_Der_kleine_Schein_mit_grosser_Wirkung_%C2%BB\" >\u00ab Der kleine Schein mit gro\u00dfer Wirkung \u00bb<\/a><\/li><li class='ez-toc-page-1 ez-toc-heading-level-2'><a class=\"ez-toc-link ez-toc-heading-2\" href=\"https:\/\/raum-blick.de\/magazin\/leuchtakzente-mit-dekolichtern\/#Erhellend_und_dekorativ_%E2%80%93_Beleuchtung_fuer_den_Tisch\" >Erhellend und dekorativ \u2013 Beleuchtung f\u00fcr den Tisch<\/a><\/li><li class='ez-toc-page-1 ez-toc-heading-level-2'><a class=\"ez-toc-link ez-toc-heading-3\" href=\"https:\/\/raum-blick.de\/magazin\/leuchtakzente-mit-dekolichtern\/#Klassiker_in_zeitgemaessem_Design_die_Schiffslampe\" >Klassiker in zeitgem\u00e4\u00dfem Design: die Schiffslampe<\/a><\/li><li class='ez-toc-page-1 ez-toc-heading-level-2'><a class=\"ez-toc-link ez-toc-heading-4\" href=\"https:\/\/raum-blick.de\/magazin\/leuchtakzente-mit-dekolichtern\/#Stimmungslichter_mit_funktionalem_Plus\" >Stimmungslichter mit funktionalem Plus<\/a><\/li><li class='ez-toc-page-1 ez-toc-heading-level-2'><a class=\"ez-toc-link ez-toc-heading-5\" href=\"https:\/\/raum-blick.de\/magazin\/leuchtakzente-mit-dekolichtern\/#Gartengestaltung_mit_Akzentlichtern\" >Gartengestaltung mit Akzentlichtern<\/a><\/li><li class='ez-toc-page-1 ez-toc-heading-level-2'><a class=\"ez-toc-link ez-toc-heading-6\" href=\"https:\/\/raum-blick.de\/magazin\/leuchtakzente-mit-dekolichtern\/#Lichtgestaltung_als_Genusserlebnis\" >Lichtgestaltung als Genusserlebnis<\/a><\/li><\/ul><\/nav><\/div>\n\n<p><a href=\"https:\/\/www.raum-blick.de\/hoefats-spin-windlicht\"><img loading=\"lazy\" decoding=\"async\" class=\"aligncenter wp-image-13672 size-full\" title=\"h\u00f6fats SPIN Bioethanol | Windlicht, Tischfeuer, Gartenfackel\" src=\"https:\/\/www.raum-blick.de\/magazin\/wp-content\/uploads\/2021\/09\/hoefats-spin-windlicht-1.jpg\" alt=\"hoefats-spin-windlicht Dekolichter\" width=\"800\" height=\"800\" srcset=\"https:\/\/raum-blick.de\/magazin\/wp-content\/uploads\/2021\/09\/hoefats-spin-windlicht-1.jpg 800w, https:\/\/raum-blick.de\/magazin\/wp-content\/uploads\/2021\/09\/hoefats-spin-windlicht-1-300x300.jpg 300w, https:\/\/raum-blick.de\/magazin\/wp-content\/uploads\/2021\/09\/hoefats-spin-windlicht-1-150x150.jpg 150w, https:\/\/raum-blick.de\/magazin\/wp-content\/uploads\/2021\/09\/hoefats-spin-windlicht-1-768x768.jpg 768w\" sizes=\"(max-width: 800px) 100vw, 800px\" \/><\/a><\/p>\n<p style=\"text-align: justify;\">Die Stunde der Dekolichter hat geschlagen, die einen mond\u00e4nen, stimmungsvollen Schein mit dekorativem Effekt erzeugen. Windlichter, Laternen, Kerzen und auch Girlanden sind wundervolle Lichtspender am Gartentisch und runden so manche geselligen Abende ab.<\/p>\n<h2><span class=\"ez-toc-section\" id=\"Klassiker_in_zeitgemaessem_Design_die_Schiffslampe\"><\/span>Klassiker in zeitgem\u00e4\u00dfem Design: die Schiffslampe<span class=\"ez-toc-section-end\"><\/span><\/h2>\n<p style=\"text-align: justify;\">Vertraut ist die Handhabung der Schiffslampe von Stelton. Sie wird mit Petroleum bef\u00fcllt und nach dem Anz\u00fcnden mit der kleinen Stellschraube reguliert. So ergibt sich exakt das Licht am Gartentisch, das man sich w\u00fcnscht. Erik Magnussen interpretierte den Klassiker modern. Seine traditionellen Facetten regen trotzdem die Fantasie an: Schon vor Jahrhunderten \u00fcbernahmen seine Pendants die Tischbeleuchtung. Der unverg\u00e4ngliche Aspekt beruhigt den Geist und l\u00e4dt dazu ein, mit den Gedanken auf Reisen zu gehen. Die Grillen zirpen.<\/p>\n<p><img loading=\"lazy\" decoding=\"async\" class=\"aligncenter wp-image-13661 size-full\" title=\"Stelton - Schiffslampe | Design: Erik Magnussen\" src=\"https:\/\/www.raum-blick.de\/magazin\/wp-content\/uploads\/2021\/09\/stelton-schiffslampe.jpg\" alt=\"stelton-schiffslampe Dekolichter\" width=\"800\" height=\"863\" srcset=\"https:\/\/raum-blick.de\/magazin\/wp-content\/uploads\/2021\/09\/stelton-schiffslampe.jpg 800w, https:\/\/raum-blick.de\/magazin\/wp-content\/uploads\/2021\/09\/stelton-schiffslampe-278x300.jpg 278w, https:\/\/raum-blick.de\/magazin\/wp-content\/uploads\/2021\/09\/stelton-schiffslampe-768x828.jpg 768w\" sizes=\"(max-width: 800px) 100vw, 800px\" \/><\/p>\n<p style=\"text-align: justify;\">Ein leichtes L\u00fcftchen umgarnt die Nase. Den Gaumen verw\u00f6hnt ein edler Tropfen. Derartige Situationen hatte Jette Scheib vermutlich vor Augen, als sie die Windlichter f\u00fcr <a href=\"https:\/\/www.raum-blick.de\/side-by-side\/\">side by side<\/a> entwarf. Sie sind die perfekte Deko f\u00fcr den Gartentisch, wenn man den Tag mit einem Glas Wein ausklingen l\u00e4sst.<\/p>\n<p><a href=\"https:\/\/www.raum-blick.de\/side-by-side-weinwindlicht\"><img loading=\"lazy\" decoding=\"async\" class=\"aligncenter wp-image-13667 size-full\" title=\"Side by side Wein Windlicht | inklusive Teelicht | Design: Jette Scheib\" src=\"https:\/\/www.raum-blick.de\/magazin\/wp-content\/uploads\/2021\/09\/side-by-side-weinwindlicht.jpg\" alt=\"side-by-side-weinwindlicht\" width=\"800\" height=\"650\" srcset=\"https:\/\/raum-blick.de\/magazin\/wp-content\/uploads\/2021\/09\/side-by-side-weinwindlicht.jpg 800w, https:\/\/raum-blick.de\/magazin\/wp-content\/uploads\/2021\/09\/side-by-side-weinwindlicht-300x244.jpg 300w, https:\/\/raum-blick.de\/magazin\/wp-content\/uploads\/2021\/09\/side-by-side-weinwindlicht-768x624.jpg 768w\" sizes=\"(max-width: 800px) 100vw, 800px\" \/><\/a><\/p>\n<p style=\"text-align: justify;\">Das Design erinnert nicht nur an eine Weinflasche, sondern besteht teils daraus. Die Gestaltungsidee mit Recyclingglas punktet dreifach. Sie wirkt unkonventionell, bringt den Kerzenschein zur Geltung und sorgt daf\u00fcr, dass Wind die Dekolichter nicht ausbl\u00e4st.<\/p>\n<h2><span class=\"ez-toc-section\" id=\"Stimmungslichter_mit_funktionalem_Plus\"><\/span>Stimmungslichter mit funktionalem Plus<span class=\"ez-toc-section-end\"><\/span><\/h2>\n<p style=\"text-align: justify;\">Bei einem intensiven Gespr\u00e4ch tauschen sich Gespr\u00e4chspartner im Schein der Dekolichter aus. Man erz\u00e4hlt vom letzten Urlaub oder spricht \u00fcber ein spannendes Buch, das man gerade liest. Gen\u00fcsslich nippen die Beteiligten dabei am Weinglas, das sich langsam leert. Die K\u00e4seh\u00e4ppchen sind ebenfalls verputzt. Beides registrieren die Gastgeber und sorgen fast unbemerkt f\u00fcr den Nachschub. Durch das Licht auf dem Gartentisch haben sie alles im Blick. F\u00fcr den Abstecher ins Haus ist es nicht notwendig, die hellen Wegeleuchten einzuschalten. Denn zur Orientierung wurden Lichter an neuralgischen Punkten auf dem Boden platziert.<\/p>\n<p><a href=\"https:\/\/www.raum-blick.de\/cane-line-lighttube-laterne\"><img loading=\"lazy\" decoding=\"async\" class=\"aligncenter wp-image-13659 size-full\" title=\"Cane-line Lighttube Laterne | Outdoor Laterne | Design: Welling\/Ludvik\" src=\"https:\/\/www.raum-blick.de\/magazin\/wp-content\/uploads\/2021\/09\/cane-line-lighttube-laterne.jpg\" alt=\"cane-line-lighttube-laterne\" width=\"800\" height=\"800\" srcset=\"https:\/\/raum-blick.de\/magazin\/wp-content\/uploads\/2021\/09\/cane-line-lighttube-laterne.jpg 800w, https:\/\/raum-blick.de\/magazin\/wp-content\/uploads\/2021\/09\/cane-line-lighttube-laterne-300x300.jpg 300w, https:\/\/raum-blick.de\/magazin\/wp-content\/uploads\/2021\/09\/cane-line-lighttube-laterne-150x150.jpg 150w, https:\/\/raum-blick.de\/magazin\/wp-content\/uploads\/2021\/09\/cane-line-lighttube-laterne-768x768.jpg 768w\" sizes=\"(max-width: 800px) 100vw, 800px\" \/><\/a><\/p>\n<p style=\"text-align: justify;\">In der N\u00e4he der Sitzgruppe stehen die Lighttube Laternen von <a href=\"https:\/\/www.raum-blick.de\/cane-line\/\">Cane-line<\/a>. Das Ensemble erfreut als Deko und spendet bei den Sommerabenden indirekt Licht. Es markiert zugleich den \u00dcbergang vom Freisitz zum Gartenweg. Die Dekolichter aus Aluminium und Klarglas begeistern nicht nur mit ihrer dezent rustikalen \u00c4sthetik. Sie bieten sich als Handlaternen an, weil sie mit einem Henkel ausgestattet sind. Das ist praktisch, wenn man nachts durch die Anlage streifen m\u00f6chte.<\/p>\n<p><img loading=\"lazy\" decoding=\"async\" class=\"aligncenter wp-image-13657 size-full\" title=\"Holmegaard \u2013 Design with Light Laterne | mundgeblasen, Klarglas | Design: Maria Berntsen\" src=\"https:\/\/www.raum-blick.de\/magazin\/wp-content\/uploads\/2021\/09\/holmegaard-design-with-light-laterne.jpg\" alt=\"holmegaard-design-with-light-laterne Dekolichter\" width=\"800\" height=\"800\" srcset=\"https:\/\/raum-blick.de\/magazin\/wp-content\/uploads\/2021\/09\/holmegaard-design-with-light-laterne.jpg 800w, https:\/\/raum-blick.de\/magazin\/wp-content\/uploads\/2021\/09\/holmegaard-design-with-light-laterne-300x300.jpg 300w, https:\/\/raum-blick.de\/magazin\/wp-content\/uploads\/2021\/09\/holmegaard-design-with-light-laterne-150x150.jpg 150w, https:\/\/raum-blick.de\/magazin\/wp-content\/uploads\/2021\/09\/holmegaard-design-with-light-laterne-768x768.jpg 768w\" sizes=\"(max-width: 800px) 100vw, 800px\" \/><\/p>\n<p style=\"text-align: justify;\">Wer die Terrassent\u00fcr anpeilt, kann darauf verzichten. Aus der Ferne sieht man die Dekolichter aus der Kollektion Design with Light von <a href=\"https:\/\/www.raum-blick.de\/holmegaard\/\">Holmegaard<\/a>. Maria Berntsen entschied sich f\u00fcr eine stattliche Gr\u00f6\u00dfe und Glas, als sie die Accessoires entwarf. Das Licht der Blockkerzen kann sich dadurch zu allen Seiten weit verteilen. Zwei Glaslaternen stehen am Treppenaufgang. Ein weiteres Exemplar befindet sich am Terrasseneingang. So \u00fcbernimmt die stimmungsvolle Kerzendeko elegant den Job der elektrischen Au\u00dfenbeleuchtung und erm\u00f6glicht die sichere Fortbewegung.<\/p>\n<h2><span class=\"ez-toc-section\" id=\"Gartengestaltung_mit_Akzentlichtern\"><\/span>Gartengestaltung mit Akzentlichtern<span class=\"ez-toc-section-end\"><\/span><\/h2>\n<p style=\"text-align: justify;\">Das Dekolicht auf dem Gartentisch und die Windlichter am Boden w\u00fcrden gen\u00fcgen, um abends auf der Terrasse zu verweilen. Sie \u00fcbernehmen die sanfte Beleuchtung und tragen zur Gem\u00fctlichkeit bei. Beschr\u00e4nkt man sich darauf, ergibt sich ein Manko: Im Dunklen versinkt die Au\u00dfenlage. Sie hat sich die Aufmerksamkeit der G\u00e4ste verdient. Die Atmosph\u00e4re ist zudem ansprechender, wenn die Umgebung nicht d\u00fcster ist.<\/p>\n<p><img loading=\"lazy\" decoding=\"async\" class=\"aligncenter wp-image-13648 size-full\" title=\"XXD - Opera Pflanzgef\u00e4\u00df | Skulptur | Design: Max Kistner 2011\" src=\"https:\/\/www.raum-blick.de\/magazin\/wp-content\/uploads\/2021\/09\/xxd-opera-pflanztrog-fackel-skulptur.jpg\" alt=\"xxd-opera-pflanztrog-fackel-skulptur\" width=\"800\" height=\"800\" srcset=\"https:\/\/raum-blick.de\/magazin\/wp-content\/uploads\/2021\/09\/xxd-opera-pflanztrog-fackel-skulptur.jpg 800w, https:\/\/raum-blick.de\/magazin\/wp-content\/uploads\/2021\/09\/xxd-opera-pflanztrog-fackel-skulptur-300x300.jpg 300w, https:\/\/raum-blick.de\/magazin\/wp-content\/uploads\/2021\/09\/xxd-opera-pflanztrog-fackel-skulptur-150x150.jpg 150w, https:\/\/raum-blick.de\/magazin\/wp-content\/uploads\/2021\/09\/xxd-opera-pflanztrog-fackel-skulptur-768x768.jpg 768w\" sizes=\"(max-width: 800px) 100vw, 800px\" \/><\/p>\n<p style=\"text-align: justify;\">Eine fantastische Designidee f\u00fcr die Deko und Gartenbeleuchtung stellt die Marke <a href=\"https:\/\/www.raum-blick.de\/xxd\/\">xxd<\/a> vor: Wie eine moderne Skulptur wirkt das Outdoor-Accessoire Opera, das aus Edelstahl gefertigt ist. Es eignet sich f\u00fcr die Bepflanzung und als Dekolicht.<\/p>\n<p><img loading=\"lazy\" decoding=\"async\" class=\"aligncenter wp-image-13650 size-full\" title=\"XXD - Opera Pflanzgef\u00e4\u00df | Fackel | Design: Max Kistner 2011\" src=\"https:\/\/www.raum-blick.de\/magazin\/wp-content\/uploads\/2021\/09\/XXD-Opera-Pflanzgefaess-Fackel.jpg\" alt=\"XXD Opera Pflanzgefaess Fackel Dekolichter\" width=\"800\" height=\"800\" srcset=\"https:\/\/raum-blick.de\/magazin\/wp-content\/uploads\/2021\/09\/XXD-Opera-Pflanzgefaess-Fackel.jpg 800w, https:\/\/raum-blick.de\/magazin\/wp-content\/uploads\/2021\/09\/XXD-Opera-Pflanzgefaess-Fackel-300x300.jpg 300w, https:\/\/raum-blick.de\/magazin\/wp-content\/uploads\/2021\/09\/XXD-Opera-Pflanzgefaess-Fackel-150x150.jpg 150w, https:\/\/raum-blick.de\/magazin\/wp-content\/uploads\/2021\/09\/XXD-Opera-Pflanzgefaess-Fackel-768x768.jpg 768w\" sizes=\"(max-width: 800px) 100vw, 800px\" \/><\/p>\n<p style=\"text-align: justify;\">Das stachelt die kreative Ader an: Mitten auf der Wiesen entdeckt man ein Quintett der unkonventionellen Gartendeko. Vier Exemplare inszenieren die imposanten Bl\u00fcten einer au\u00dfergew\u00f6hnlichen Pflanze. Sie sind um eine Edelstahlskulptur gruppiert, die als Fackel fungiert. So kommt nach Sonnenuntergang nicht nur das kunstvolle Arrangement zur Geltung. Die lodernde Flamme relativiert generell die Dunkelheit im Garten.<\/p>\n<p><a href=\"https:\/\/www.raum-blick.de\/hoefats-spin-windlicht\"><img loading=\"lazy\" decoding=\"async\" class=\"aligncenter wp-image-13653 size-full\" title=\"h\u00f6fats SPIN | Bioethanol Windlicht, Tischfeuer, Gartenfackel\" src=\"https:\/\/www.raum-blick.de\/magazin\/wp-content\/uploads\/2021\/09\/hoefats-spin-windlicht.jpg\" alt=\"hoefats-spin-windlicht\" width=\"800\" height=\"800\" srcset=\"https:\/\/raum-blick.de\/magazin\/wp-content\/uploads\/2021\/09\/hoefats-spin-windlicht.jpg 800w, https:\/\/raum-blick.de\/magazin\/wp-content\/uploads\/2021\/09\/hoefats-spin-windlicht-300x300.jpg 300w, https:\/\/raum-blick.de\/magazin\/wp-content\/uploads\/2021\/09\/hoefats-spin-windlicht-150x150.jpg 150w, https:\/\/raum-blick.de\/magazin\/wp-content\/uploads\/2021\/09\/hoefats-spin-windlicht-768x768.jpg 768w\" sizes=\"(max-width: 800px) 100vw, 800px\" \/><\/a><\/p>\n<p style=\"text-align: justify;\">Fackeln z\u00e4hlen zu den \u00e4ltesten Methoden, um Licht zu erzeugen. Sie wecken Assoziationen mit mond\u00e4nen Schl\u00f6ssern und mystische Burgen, von denen das Ambiente profitiert. Daran kn\u00fcpft <a href=\"https:\/\/www.raum-blick.de\/hoefats\/\">h\u00f6fats<\/a> mit dem Dekolicht SPIN an. Die deutsche Manufaktur entscheidet sich f\u00fcr ein cleveres Designkonzept mit sch\u00fctzendem Glaszylinder und Bioethanolkartusche. Sie \u00fcberl\u00e4sst es den Genussmenschen, wie sie das Dekolicht nutzen. Als Tischfeuer, Gartenfackel oder Terrassendekoration: Das Multitalent bringt Licht ins Dunkle und bereichert das Flair.<\/p>\n<h2><span class=\"ez-toc-section\" id=\"Lichtgestaltung_als_Genusserlebnis\"><\/span>Lichtgestaltung als Genusserlebnis<span class=\"ez-toc-section-end\"><\/span><\/h2>\n<p style=\"text-align: justify;\">Gleich nach dem Eintreffen wird klar: Es hat sich gelohnt, die Einladung zum Weinabend anzunehmen. Den Tisch illuminiert eine bezaubernde Petroleumlampe. Gartenfackeln s\u00e4umen die liebevoll angelegten Beete. Gro\u00dfe Windlichter wurden auf dem Terrassenboden platziert. Wer sich f\u00fcrs Detail interessiert, entdeckt die Teelichthalter Porcel\u00e6n von <a href=\"https:\/\/www.raum-blick.de\/lyngby-porzellan\/\">Lyngby<\/a> auf der angrenzenden Mauer.<\/p>\n<p><img loading=\"lazy\" decoding=\"async\" class=\"aligncenter wp-image-13639 size-full\" title=\"Lyngby Porcel\u00e6n Teelichthalter aus Glas | Design: Lyngby Porcel\u00e6n\" src=\"https:\/\/www.raum-blick.de\/magazin\/wp-content\/uploads\/2021\/09\/lyngby-porzellan-teelichthalter.jpg\" alt=\"lyngby-porzellan-teelichthalter Dekolichter\" width=\"800\" height=\"800\" srcset=\"https:\/\/raum-blick.de\/magazin\/wp-content\/uploads\/2021\/09\/lyngby-porzellan-teelichthalter.jpg 800w, https:\/\/raum-blick.de\/magazin\/wp-content\/uploads\/2021\/09\/lyngby-porzellan-teelichthalter-300x300.jpg 300w, https:\/\/raum-blick.de\/magazin\/wp-content\/uploads\/2021\/09\/lyngby-porzellan-teelichthalter-150x150.jpg 150w, https:\/\/raum-blick.de\/magazin\/wp-content\/uploads\/2021\/09\/lyngby-porzellan-teelichthalter-768x768.jpg 768w\" sizes=\"(max-width: 800px) 100vw, 800px\" \/><\/p>\n<p style=\"text-align: justify;\">Die Kerzendeko Blatt + K\u00e4fer von <a href=\"https:\/\/www.raum-blick.de\/raeder\/\">r\u00e4der Design<\/a> hebt sich auf dem Beistelltisch hervor. Ein romantisches Lichtermeer statt elektrischer Beleuchtung: Hier versteht man es, das Leben zu genie\u00dfen.<\/p>\n<p><img loading=\"lazy\" decoding=\"async\" class=\"aligncenter wp-image-13641\" title=\"r\u00e4der - Outdoor Windlicht | Blatt + K\u00e4fer | Design: Fr\u00fctel\" src=\"https:\/\/www.raum-blick.de\/magazin\/wp-content\/uploads\/2021\/09\/raeder-design-glaswindlicht.jpg\" alt=\"raeder-design-glaswindlicht\" width=\"526\" height=\"500\" srcset=\"https:\/\/raum-blick.de\/magazin\/wp-content\/uploads\/2021\/09\/raeder-design-glaswindlicht.jpg 800w, https:\/\/raum-blick.de\/magazin\/wp-content\/uploads\/2021\/09\/raeder-design-glaswindlicht-300x285.jpg 300w, https:\/\/raum-blick.de\/magazin\/wp-content\/uploads\/2021\/09\/raeder-design-glaswindlicht-768x730.jpg 768w\" sizes=\"(max-width: 526px) 100vw, 526px\" \/><\/p>\n<p style=\"text-align: justify;\">Der erste Eindruck t\u00e4uscht nicht. Der spritzige Terrassenwein und die italienischen Antipasti verw\u00f6hnen die Sinne genauso wie die Gartendeko inklusive Dekolicht.<\/p>\n","protected":false},"excerpt":{"rendered":"<p>\u00ab Der kleine Schein mit gro\u00dfer Wirkung \u00bb Kerzen und Windlichter spenden Licht am Gartentisch. Fackeln \u00fcbernehmen die Beleuchtung der Beete. Die Dekolichter erhellen nicht nur das Szenario, wenn es fr\u00fcher dunkel wird. Sie verleihen dem Feierabend im Sp\u00e4tsommer ein Flair, das die Seele balsamiert. Ideal, f\u00fcr gem\u00fctliche Stunden. Erhellend und dekorativ \u2013 Beleuchtung f\u00fcr [&hellip;]<\/p>\n","protected":false},"author":4,"featured_media":13671,"comment_status":"closed","ping_status":"open","sticky":false,"template":"","format":"standard","meta":{"_et_pb_use_builder":"","_et_pb_old_content":"","_et_gb_content_width":"","inline_featured_image":false,"footnotes":""},"categories":[7],"tags":[1497,98,137,790,1495,222,1499,1226,571,221,56,806,1494,1340,1496,558,57,1498,985,617,133,629,41,493,1225,848,608],"class_list":["post-13633","post","type-post","status-publish","format-standard","has-post-thumbnail","hentry","category-accessoires-lifestyle","tag-akzentlichter","tag-beleuchtung","tag-bioethanol-kamine","tag-cane-line","tag-dekolichter","tag-design-with-light","tag-fackel","tag-gartenfackel","tag-hoefats","tag-holmegaard","tag-indoor","tag-laterne","tag-leuchtakzente","tag-licht","tag-lighttube","tag-lyngby","tag-outdoor","tag-pflanzgefaess","tag-raeder-design","tag-schiffslampe","tag-side-by-side","tag-skulptur","tag-stelton","tag-teelichthalter","tag-tischfeuer","tag-windlicht","tag-xxd"],"_links":{"self":[{"href":"https:\/\/raum-blick.de\/magazin\/wp-json\/wp\/v2\/posts\/13633","targetHints":{"allow":["GET"]}}],"collection":[{"href":"https:\/\/raum-blick.de\/magazin\/wp-json\/wp\/v2\/posts"}],"about":[{"href":"https:\/\/raum-blick.de\/magazin\/wp-json\/wp\/v2\/types\/post"}],"author":[{"embeddable":true,"href":"https:\/\/raum-blick.de\/magazin\/wp-json\/wp\/v2\/users\/4"}],"replies":[{"embeddable":true,"href":"https:\/\/raum-blick.de\/magazin\/wp-json\/wp\/v2\/comments?post=13633"}],"version-history":[{"count":35,"href":"https:\/\/raum-blick.de\/magazin\/wp-json\/wp\/v2\/posts\/13633\/revisions"}],"predecessor-version":[{"id":20821,"href":"https:\/\/raum-blick.de\/magazin\/wp-json\/wp\/v2\/posts\/13633\/revisions\/20821"}],"wp:featuredmedia":[{"embeddable":true,"href":"https:\/\/raum-blick.de\/magazin\/wp-json\/wp\/v2\/media\/13671"}],"wp:attachment":[{"href":"https:\/\/raum-blick.de\/magazin\/wp-json\/wp\/v2\/media?parent=13633"}],"wp:term":[{"taxonomy":"category","embeddable":true,"href":"https:\/\/raum-blick.de\/magazin\/wp-json\/wp\/v2\/categories?post=13633"},{"taxonomy":"post_tag","embeddable":true,"href":"https:\/\/raum-blick.de\/magazin\/wp-json\/wp\/v2\/tags?post=13633"}],"curies":[{"name":"wp","href":"https:\/\/api.w.org\/{rel}","templated":true}]}}