{"id":13597,"date":"2021-08-16T09:01:45","date_gmt":"2021-08-16T07:01:45","guid":{"rendered":"https:\/\/www.raum-blick.de\/magazin\/?p=13597"},"modified":"2024-08-30T13:41:54","modified_gmt":"2024-08-30T11:41:54","slug":"schoene-buecherregale","status":"publish","type":"post","link":"https:\/\/raum-blick.de\/magazin\/schoene-buecherregale\/","title":{"rendered":"Sch\u00f6ne B\u00fccherregale"},"content":{"rendered":"<h2><span class=\"ez-toc-section\" id=\"%C2%AB_Buecher_brauchen_einen_Platz_mit_Stil_%C2%BB\"><\/span>\u00ab B\u00fccher brauchen einen Platz mit Stil \u00bb<span class=\"ez-toc-section-end\"><\/span><\/h2>\n<p style=\"text-align: justify;\"><strong>Beruhigend, am\u00fcsant, spannend, inspirierend: B\u00fccher bereichern das Leben facettenreich. Werden sie aufbewahrt, beschwert die Sammlung oft die Atmosph\u00e4re. W\u00e4hlt man Regale mit durchdachtem Design, avanciert der Lesestoff zum Highlight der Einrichtung.<\/strong><\/p>\n<h2><span class=\"ez-toc-section\" id=\"Minimalisten_fuer_die_perfekte_Inszenierung_der_Lieblingsbuecher\"><\/span>Minimalisten f\u00fcr die perfekte Inszenierung der Lieblingsb\u00fccher<span class=\"ez-toc-section-end\"><\/span><\/h2>\n<p style=\"text-align: justify;\">Der E-Book-Reader gleicht einer modernen B\u00fccheraufbewahrung, die keinen Platz beansprucht. Er b\u00fcndelt unz\u00e4hlige Werke, die man geschm\u00f6kert hat oder lesen m\u00f6chte. Auf dem Sofa, im Zug oder am Strand: Das leichte Ger\u00e4t macht die B\u00fccher \u00fcberall verf\u00fcgbar. All das spricht f\u00fcr die digitalen Ausgaben der historischen Literatur und neuesten Bestseller. Es f\u00fchlt sich trotzdem anders an, ein klassisches Buch in den H\u00e4nden zu halten und darin zu bl\u00e4ttern. Wer gerne liest, bevorzugt deshalb die gebundenen Exemplare der literarischen Juwelen. Sie haben sich einen Paradeplatz in der Wohnung verdient, an dem sie sofort das Interesse wecken.<\/p><div id=\"ez-toc-container\" class=\"ez-toc-v2_0_82_2 counter-hierarchy ez-toc-counter ez-toc-grey ez-toc-container-direction\">\n<div class=\"ez-toc-title-container\">\n<p class=\"ez-toc-title\" style=\"cursor:inherit\">Was hier auf Sie wartet<\/p>\n<span class=\"ez-toc-title-toggle\"><a href=\"#\" class=\"ez-toc-pull-right ez-toc-btn ez-toc-btn-xs ez-toc-btn-default ez-toc-toggle\" aria-label=\"Toggle Table of Content\"><span class=\"ez-toc-js-icon-con\"><span class=\"\"><span class=\"eztoc-hide\" style=\"display:none;\">Toggle<\/span><span class=\"ez-toc-icon-toggle-span\"><svg style=\"fill: #999;color:#999\" xmlns=\"http:\/\/www.w3.org\/2000\/svg\" class=\"list-377408\" width=\"20px\" height=\"20px\" viewBox=\"0 0 24 24\" fill=\"none\"><path d=\"M6 6H4v2h2V6zm14 0H8v2h12V6zM4 11h2v2H4v-2zm16 0H8v2h12v-2zM4 16h2v2H4v-2zm16 0H8v2h12v-2z\" fill=\"currentColor\"><\/path><\/svg><svg style=\"fill: #999;color:#999\" class=\"arrow-unsorted-368013\" xmlns=\"http:\/\/www.w3.org\/2000\/svg\" width=\"10px\" height=\"10px\" viewBox=\"0 0 24 24\" version=\"1.2\" baseProfile=\"tiny\"><path d=\"M18.2 9.3l-6.2-6.3-6.2 6.3c-.2.2-.3.4-.3.7s.1.5.3.7c.2.2.4.3.7.3h11c.3 0 .5-.1.7-.3.2-.2.3-.5.3-.7s-.1-.5-.3-.7zM5.8 14.7l6.2 6.3 6.2-6.3c.2-.2.3-.5.3-.7s-.1-.5-.3-.7c-.2-.2-.4-.3-.7-.3h-11c-.3 0-.5.1-.7.3-.2.2-.3.5-.3.7s.1.5.3.7z\"\/><\/svg><\/span><\/span><\/span><\/a><\/span><\/div>\n<nav><ul class='ez-toc-list ez-toc-list-level-1 ' ><li class='ez-toc-page-1 ez-toc-heading-level-2'><a class=\"ez-toc-link ez-toc-heading-1\" href=\"https:\/\/raum-blick.de\/magazin\/schoene-buecherregale\/#%C2%AB_Buecher_brauchen_einen_Platz_mit_Stil_%C2%BB\" >\u00ab B\u00fccher brauchen einen Platz mit Stil \u00bb<\/a><\/li><li class='ez-toc-page-1 ez-toc-heading-level-2'><a class=\"ez-toc-link ez-toc-heading-2\" href=\"https:\/\/raum-blick.de\/magazin\/schoene-buecherregale\/#Minimalisten_fuer_die_perfekte_Inszenierung_der_Lieblingsbuecher\" >Minimalisten f\u00fcr die perfekte Inszenierung der Lieblingsb\u00fccher<\/a><\/li><li class='ez-toc-page-1 ez-toc-heading-level-2'><a class=\"ez-toc-link ez-toc-heading-3\" href=\"https:\/\/raum-blick.de\/magazin\/schoene-buecherregale\/#Das_ideale_Regalsystem_fuer_die_Heimbibliothek_funktional_strukturiert_und_erweiterbar\" >Das ideale Regalsystem f\u00fcr die Heimbibliothek: funktional, strukturiert und erweiterbar<\/a><\/li><li class='ez-toc-page-1 ez-toc-heading-level-2'><a class=\"ez-toc-link ez-toc-heading-4\" href=\"https:\/\/raum-blick.de\/magazin\/schoene-buecherregale\/#Appetitliche_Literaturhaeppchen_statt_geballter_Sammlung\" >Appetitliche Literaturh\u00e4ppchen statt geballter Sammlung<\/a><\/li><li class='ez-toc-page-1 ez-toc-heading-level-2'><a class=\"ez-toc-link ez-toc-heading-5\" href=\"https:\/\/raum-blick.de\/magazin\/schoene-buecherregale\/#Stammplatz_fuer_Buecher_Co_im_Homeoffice\" >Stammplatz f\u00fcr B\u00fccher &amp; Co. im Homeoffice<\/a><\/li><li class='ez-toc-page-1 ez-toc-heading-level-2'><a class=\"ez-toc-link ez-toc-heading-6\" href=\"https:\/\/raum-blick.de\/magazin\/schoene-buecherregale\/#Tipps_fuers_kreative_Einsortieren\" >Tipps f\u00fcrs kreative Einsortieren<\/a><\/li><\/ul><\/nav><\/div>\n\n<p><a href=\"https:\/\/www.raum-blick.de\/radius-design-buecherregal-booksbaum\"><img loading=\"lazy\" decoding=\"async\" class=\"aligncenter wp-image-13626 size-full\" title=\"Booksbaum f\u00fcr viele, viele B\u00fccher | Design: Michael R\u00f6sing\" src=\"https:\/\/www.raum-blick.de\/magazin\/wp-content\/uploads\/2021\/09\/radius-design-buecherregal-booksbaum.jpg\" alt=\"radius-design-buecherregal-booksbaum schoene-buecherregale\" width=\"600\" height=\"600\" srcset=\"https:\/\/raum-blick.de\/magazin\/wp-content\/uploads\/2021\/09\/radius-design-buecherregal-booksbaum.jpg 600w, https:\/\/raum-blick.de\/magazin\/wp-content\/uploads\/2021\/09\/radius-design-buecherregal-booksbaum-300x300.jpg 300w, https:\/\/raum-blick.de\/magazin\/wp-content\/uploads\/2021\/09\/radius-design-buecherregal-booksbaum-150x150.jpg 150w\" sizes=\"(max-width: 600px) 100vw, 600px\" \/><\/a><\/p>\n<p style=\"text-align: justify;\">Michael R\u00f6sing entwarf f\u00fcr <a href=\"https:\/\/www.raum-blick.de\/radius-design\/\">radius design<\/a> das <a href=\"https:\/\/www.raum-blick.de\/radius-design-buecherregal-booksbaum\">B\u00fccherregal Booksbaum<\/a>, das die Lieblingswerke ins Rampenlicht r\u00fcckt. Ausgesprochen dezent widmet sich die Standversion ihrer Aufgabe. Fast komplett entzieht sich das Regal als Wandmodell der Wahrnehmung. Die volle Aufmerksamkeit gilt dadurch den gesammelten Werken. Das l\u00e4dt dazu ein, spontan B\u00fccher herauszupicken und im Lesesessel zu schm\u00f6kern.<\/p>\n<h2><span class=\"ez-toc-section\" id=\"Das_ideale_Regalsystem_fuer_die_Heimbibliothek_funktional_strukturiert_und_erweiterbar\"><\/span>Das ideale Regalsystem f\u00fcr die Heimbibliothek: funktional, strukturiert und erweiterbar<span class=\"ez-toc-section-end\"><\/span><\/h2>\n<p style=\"text-align: justify;\">Sachb\u00fccher erweitern das Wissen. Romane sind daf\u00fcr geschaffen, dem Alltag zu entfliehen. Gedichtb\u00e4nde regen zum Nachdenken an. B\u00fccherfans interessieren sich f\u00fcr diverse Genres und lesen, wann immer die Zeit es zul\u00e4sst. Ruckzuck gleicht das private Portfolio einer Bibliothek, die ansprechend untergebracht werden m\u00f6chte.<\/p>\n<div class='et-box et-success'>\n\t\t\t\t\t<div class='et-box-content'>Format, Dicke und Einband: Jedes Exemplar bringt seine eigenen Charakteristiken mit.<\/div><\/div>\n<p style=\"text-align: justify;\">Werden viele B\u00fccher an einem Ort verstaut, ergibt sich automatisch ein gewisses Ma\u00df an Unruhe. Der Effekt l\u00e4sst sich begrenzen, wenn man klar strukturierte B\u00fccherregale w\u00e4hlt. Klaus Kiefer entwarf f\u00fcr <a href=\"https:\/\/www.raum-blick.de\/mocoba\/\">mocoba<\/a> ein Aufbewahrungssystem mit quadratischen F\u00e4chern. Es unterteilt wie ein Raster die Privatbibliothek in identisch gro\u00dfe Einheiten. So ergibt sich ein aufger\u00e4umter Gesamteindruck, der das Flair nicht belastet. Das gilt auch, wenn sich die B\u00fccher eng aneinanderreihen.<\/p>\n<p><a href=\"https:\/\/www.raum-blick.de\/mocoba-regal-classic-6x3\"><img loading=\"lazy\" decoding=\"async\" class=\"aligncenter wp-image-13623 size-full\" title=\"Mocoba Regal Classic 6x3 | Ma\u00dfe: 222,0 x 107,0 x 32,0 | Design: Klaus Kiefer\" src=\"https:\/\/www.raum-blick.de\/magazin\/wp-content\/uploads\/2021\/09\/mocoba-regal-classic-6x3-1.jpg\" alt=\"mocoba-regal-classic-6x3\" width=\"600\" height=\"550\" srcset=\"https:\/\/raum-blick.de\/magazin\/wp-content\/uploads\/2021\/09\/mocoba-regal-classic-6x3-1.jpg 600w, https:\/\/raum-blick.de\/magazin\/wp-content\/uploads\/2021\/09\/mocoba-regal-classic-6x3-1-300x275.jpg 300w\" sizes=\"(max-width: 600px) 100vw, 600px\" \/><\/a><\/p>\n<p style=\"text-align: justify;\">Vorausschauend integrierte man ein stattliches Regal ins Wohnzimmer. Schneller als gedacht ist der Stauraum trotzdem ausgesch\u00f6pft. Gl\u00fccklicherweise denkt der M\u00f6belhersteller mit: Die B\u00fccheraufbewahrung aus Schw\u00e4bisch Gm\u00fcnd ist offen f\u00fcr Upgrades. Man kann <a href=\"https:\/\/www.raum-blick.de\/mocoba-regal-classic-6x3\">mocoba Regale<\/a> passend zum pers\u00f6nlichen Bedarf entwerfen oder erweitern.<\/p>\n<h2><span class=\"ez-toc-section\" id=\"Appetitliche_Literaturhaeppchen_statt_geballter_Sammlung\"><\/span>Appetitliche Literaturh\u00e4ppchen statt geballter Sammlung<span class=\"ez-toc-section-end\"><\/span><\/h2>\n<p style=\"text-align: justify;\">Z\u00e4hlt man alle Exemplare, ergibt sich eine beeindruckende Summe. Das spricht im ersten Moment f\u00fcr ein B\u00fccherregal mit stattlichen Dimensionen. Wer das Flair von Bibliotheken mag, liegt damit richtig. In jedem Band steckt nicht nur reichlich Arbeit, sondern auch die geistreiche Idee eines Menschen. Richtet man den Zoom auf die Entstehungszeit, gleicht das Regal einem Streifzug durch die Jahrhunderte. Derartige Aspekte imponieren. Die geb\u00fcndelte Pr\u00e4sentation hat gleichzeitig einen Nachteil: In kleinen R\u00e4umen wirkt sie oft unangenehm wuchtig.<\/p>\n<p><img loading=\"lazy\" decoding=\"async\" class=\"aligncenter wp-image-13616 size-full\" title=\"ferm Living \u2013 Sector Regal S\/L | Wandregal | Design: ferm Living\" src=\"https:\/\/www.raum-blick.de\/magazin\/wp-content\/uploads\/2021\/09\/ferm-Living-Sector-Regal-S-L.jpg\" alt=\"ferm Living Sector Regal S L schoene-buecherregale\" width=\"600\" height=\"600\" srcset=\"https:\/\/raum-blick.de\/magazin\/wp-content\/uploads\/2021\/09\/ferm-Living-Sector-Regal-S-L.jpg 600w, https:\/\/raum-blick.de\/magazin\/wp-content\/uploads\/2021\/09\/ferm-Living-Sector-Regal-S-L-300x300.jpg 300w, https:\/\/raum-blick.de\/magazin\/wp-content\/uploads\/2021\/09\/ferm-Living-Sector-Regal-S-L-150x150.jpg 150w\" sizes=\"(max-width: 600px) 100vw, 600px\" \/><\/p>\n<p style=\"text-align: justify;\">Beim Entwurf der Regale Sector lie\u00df sich <a href=\"https:\/\/www.raum-blick.de\/ferm-living\/\">ferm Living<\/a> von puristischen Klassikern des 20. Jahrhunderts inspirieren. Das Konzept beschr\u00e4nkt sich auf die Wandhalterung, die drei Ablagen tr\u00e4gt. Die B\u00fccherregale erhalten durch die formale Reduktion einen luftigen Charakter, der zu jedem Raum passt. Flur, K\u00fcche, Esszimmer oder Wohnlounge: Wer durch das Haus streift, trifft an den verschiedensten Orten auf eine Literatursammlung. Im Eingangsbereich kann man nicht widerstehen, einen Blick in die Bildb\u00e4nde zu werfen. Kulinarische Impulse gibt es neben dem K\u00fcchentisch.<\/p>\n<p><a href=\"https:\/\/www.raum-blick.de\/ferm-living-sector-regal-l\/s-eiche\"><img loading=\"lazy\" decoding=\"async\" class=\"aligncenter wp-image-13618 size-full\" title=\"ferm Living \u2013 Sector Regal L\/S | Wandregal | Design: ferm Living\" src=\"https:\/\/www.raum-blick.de\/magazin\/wp-content\/uploads\/2021\/09\/ferm-Living-Sector-Regal-L-S.jpg\" alt=\"ferm Living Sector Regal L S\" width=\"600\" height=\"600\" srcset=\"https:\/\/raum-blick.de\/magazin\/wp-content\/uploads\/2021\/09\/ferm-Living-Sector-Regal-L-S.jpg 600w, https:\/\/raum-blick.de\/magazin\/wp-content\/uploads\/2021\/09\/ferm-Living-Sector-Regal-L-S-300x300.jpg 300w, https:\/\/raum-blick.de\/magazin\/wp-content\/uploads\/2021\/09\/ferm-Living-Sector-Regal-L-S-150x150.jpg 150w\" sizes=\"(max-width: 600px) 100vw, 600px\" \/><\/a><\/p>\n<p style=\"text-align: justify;\">Reiseliteratur verf\u00fchrt am Ohrensessel im Wohnzimmer zum Tr\u00e4umen. Antiquarische Kostbarkeiten entdeckt man im Umfeld des Jugendstil-Sekret\u00e4rs. Jedes Regal ist durchdacht best\u00fcckt und er\u00f6ffnet den Zugang zu einem Teil der vielf\u00e4ltigen B\u00fccherwelt.<\/p>\n<h2><span class=\"ez-toc-section\" id=\"Stammplatz_fuer_Buecher_Co_im_Homeoffice\"><\/span>Stammplatz f\u00fcr B\u00fccher &amp; Co. im Homeoffice<span class=\"ez-toc-section-end\"><\/span><\/h2>\n<p style=\"text-align: justify;\">Ordner, gebundene Dokumente, Nachschlagewerke und Aufbewahrungsboxen mit Materialien: Ein klassisches B\u00fccherregal f\u00fcr die Wohnwelt \u00fcberzeugt selten im B\u00fcro. Denn die H\u00f6he der F\u00e4cher passt nicht zum Format der Utensilien, die man einsortieren m\u00f6chte. Gefragt sind Regale, bei denen die konkrete Nutzung offen bleibt. Flexibel einsetzbar ist die Kollektion Twin, die by Lassen entwarf.<\/p>\n<p><img loading=\"lazy\" decoding=\"async\" class=\"aligncenter wp-image-13609 size-full\" title=\"by Lassen - Twin B\u00fccherregal | offenes Regal im schlichten Design\" src=\"https:\/\/www.raum-blick.de\/magazin\/wp-content\/uploads\/2021\/09\/by-lassen-twin-buecherregal.jpg\" alt=\"by-lassen-twin-buecherregal schoene-buecherregale\" width=\"600\" height=\"600\" srcset=\"https:\/\/raum-blick.de\/magazin\/wp-content\/uploads\/2021\/09\/by-lassen-twin-buecherregal.jpg 600w, https:\/\/raum-blick.de\/magazin\/wp-content\/uploads\/2021\/09\/by-lassen-twin-buecherregal-300x300.jpg 300w, https:\/\/raum-blick.de\/magazin\/wp-content\/uploads\/2021\/09\/by-lassen-twin-buecherregal-150x150.jpg 150w\" sizes=\"(max-width: 600px) 100vw, 600px\" \/><\/p>\n<p style=\"text-align: justify;\">Die d\u00e4nische Marke kombiniert Regalbretter aus solidem Holzwerkstoff mit einem robusten Stahlrahmen. Der Ordnungshelfer integriert sich dezent ins Interieur. Das ist der minimalistischen \u00c4sthetik und der grazilen Ausf\u00fchrung aller Designkomponenten zu verdanken. Die Abst\u00e4nde zwischen den F\u00e4chern sind vergleichsweise gro\u00dfz\u00fcgig gehalten. Dadurch kann man das B\u00fccherregal multifunktional verwenden.<\/p>\n<p><img loading=\"lazy\" decoding=\"async\" class=\"aligncenter wp-image-13612 size-full\" title=\"Twin B\u00fccherregal by Lassen\" src=\"https:\/\/www.raum-blick.de\/magazin\/wp-content\/uploads\/2021\/09\/by-Lassen-Twin-Buecherregal-1.jpg\" alt=\"by Lassen Twin Buecherregal\" width=\"600\" height=\"430\" srcset=\"https:\/\/raum-blick.de\/magazin\/wp-content\/uploads\/2021\/09\/by-Lassen-Twin-Buecherregal-1.jpg 600w, https:\/\/raum-blick.de\/magazin\/wp-content\/uploads\/2021\/09\/by-Lassen-Twin-Buecherregal-1-300x215.jpg 300w\" sizes=\"(max-width: 600px) 100vw, 600px\" \/><\/p>\n<p style=\"text-align: justify;\">Das i-T\u00fcpfelchen: Die Designlinie von <a href=\"https:\/\/www.raum-blick.de\/by-lassen\/\">by Lassen aus Kopenhagen<\/a> eignet sich als Raumtrenner. Das erweitert den Reigen der M\u00f6glichkeiten, wenn man das Heimb\u00fcro in einen Wohnraum integriert.<\/p>\n<h2><span class=\"ez-toc-section\" id=\"Tipps_fuers_kreative_Einsortieren\"><\/span>Tipps f\u00fcrs kreative Einsortieren<span class=\"ez-toc-section-end\"><\/span><\/h2>\n<p style=\"text-align: justify;\">Wer die optimalen B\u00fccherregale ausw\u00e4hlt, legt den Grundstein f\u00fcr eine sinnvolle B\u00fccheraufbewahrung. Danach ist Kreativit\u00e4t gefragt, um den pers\u00f6nlichen Fundus zu inszenieren. Intuitiv tendiert man dazu, B\u00fccher stehend mit dem R\u00fccken nach vorn einzusortieren. Das ist grunds\u00e4tzlich nicht falsch. H\u00e4lt man daran fest, wirkt das Ergebnis aber meist gedrungen.<\/p>\n<p><a href=\"https:\/\/www.raum-blick.de\/side-by-side-buchablage-lesezeichen-eiche\"><img loading=\"lazy\" decoding=\"async\" class=\"aligncenter wp-image-13602 size-full\" title=\"side by side Buchablage Lesezeichen | B\u00fccherregal aus Eiche | Design: Simon Bredt\" src=\"https:\/\/www.raum-blick.de\/magazin\/wp-content\/uploads\/2021\/09\/side-by-side-Buchablage-Lesezeichen.jpg\" alt=\"side by side Buchablage Lesezeichen schoene-buecherregale\" width=\"600\" height=\"520\" srcset=\"https:\/\/raum-blick.de\/magazin\/wp-content\/uploads\/2021\/09\/side-by-side-Buchablage-Lesezeichen.jpg 600w, https:\/\/raum-blick.de\/magazin\/wp-content\/uploads\/2021\/09\/side-by-side-Buchablage-Lesezeichen-300x260.jpg 300w\" sizes=\"(max-width: 600px) 100vw, 600px\" \/><\/a><\/p>\n<p style=\"text-align: justify;\">Deutlich ansprechender ist ein dynamischer Mix: Stapel und Reihen wechseln sich ab. Herausragende B\u00fccher werden mit dem Cover nach vorn auf einem St\u00e4nder drapiert. Daf\u00fcr entwarf <a href=\"https:\/\/www.raum-blick.de\/side-by-side\/\">side by side<\/a> eine Buchablage, die gleichzeitig als Lesezeichen fungiert.<\/p>\n<p><img loading=\"lazy\" decoding=\"async\" class=\"aligncenter wp-image-13605 size-full\" title=\"Jonathan Adler \u2013 Peace Buchst\u00fctze | handgefertigt | Design: Jonathan Adler\" src=\"https:\/\/www.raum-blick.de\/magazin\/wp-content\/uploads\/2021\/09\/jonathan-adler-peace-buchstuetze.jpg\" alt=\"jonathan-adler-peace-buchstuetze\" width=\"600\" height=\"600\" srcset=\"https:\/\/raum-blick.de\/magazin\/wp-content\/uploads\/2021\/09\/jonathan-adler-peace-buchstuetze.jpg 600w, https:\/\/raum-blick.de\/magazin\/wp-content\/uploads\/2021\/09\/jonathan-adler-peace-buchstuetze-300x300.jpg 300w, https:\/\/raum-blick.de\/magazin\/wp-content\/uploads\/2021\/09\/jonathan-adler-peace-buchstuetze-150x150.jpg 150w\" sizes=\"(max-width: 600px) 100vw, 600px\" \/><\/p>\n<p style=\"text-align: justify;\">Luftiger mutet das gesamte Arrangement an, wenn man zwischen den Buchgruppen etwas Freiraum l\u00e4sst und Accessoires einstreut. Ausgefallene Buchst\u00fctzen verbinden das Dekorative mit dem Praktischen: Sie verw\u00f6hnen das Auge und verhindern, dass frei arrangierte B\u00fccher ins Wanken geraten. Sowohl kunstvoll als auch extravagant wirkt zum Beispiel die St\u00fctze Peace aus Marmor und Porzellan von Jonathan Adler.<\/p>\n","protected":false},"excerpt":{"rendered":"<p>\u00ab B\u00fccher brauchen einen Platz mit Stil \u00bb Beruhigend, am\u00fcsant, spannend, inspirierend: B\u00fccher bereichern das Leben facettenreich. Werden sie aufbewahrt, beschwert die Sammlung oft die Atmosph\u00e4re. W\u00e4hlt man Regale mit durchdachtem Design, avanciert der Lesestoff zum Highlight der Einrichtung. Minimalisten f\u00fcr die perfekte Inszenierung der Lieblingsb\u00fccher Der E-Book-Reader gleicht einer modernen B\u00fccheraufbewahrung, die keinen Platz [&hellip;]<\/p>\n","protected":false},"author":4,"featured_media":13631,"comment_status":"closed","ping_status":"open","sticky":false,"template":"","format":"standard","meta":{"_et_pb_use_builder":"","_et_pb_old_content":"","_et_gb_content_width":"","inline_featured_image":false,"footnotes":""},"categories":[1],"tags":[170,1493,1488,1492,109,588,287,206,1489,1317,1491,38,911,1490,133,913],"class_list":["post-13597","post","type-post","status-publish","format-standard","has-post-thumbnail","hentry","category-drinnen","tag-booksbaum","tag-buchablage","tag-buecher","tag-buecherregal","tag-buecherregale","tag-buchstuetze","tag-by-lassen","tag-ferm-living","tag-heimbibliothek","tag-jonathan-adler","tag-mocoba","tag-radius-design","tag-regal","tag-regalsystem","tag-side-by-side","tag-wandregal"],"_links":{"self":[{"href":"https:\/\/raum-blick.de\/magazin\/wp-json\/wp\/v2\/posts\/13597","targetHints":{"allow":["GET"]}}],"collection":[{"href":"https:\/\/raum-blick.de\/magazin\/wp-json\/wp\/v2\/posts"}],"about":[{"href":"https:\/\/raum-blick.de\/magazin\/wp-json\/wp\/v2\/types\/post"}],"author":[{"embeddable":true,"href":"https:\/\/raum-blick.de\/magazin\/wp-json\/wp\/v2\/users\/4"}],"replies":[{"embeddable":true,"href":"https:\/\/raum-blick.de\/magazin\/wp-json\/wp\/v2\/comments?post=13597"}],"version-history":[{"count":27,"href":"https:\/\/raum-blick.de\/magazin\/wp-json\/wp\/v2\/posts\/13597\/revisions"}],"predecessor-version":[{"id":20844,"href":"https:\/\/raum-blick.de\/magazin\/wp-json\/wp\/v2\/posts\/13597\/revisions\/20844"}],"wp:featuredmedia":[{"embeddable":true,"href":"https:\/\/raum-blick.de\/magazin\/wp-json\/wp\/v2\/media\/13631"}],"wp:attachment":[{"href":"https:\/\/raum-blick.de\/magazin\/wp-json\/wp\/v2\/media?parent=13597"}],"wp:term":[{"taxonomy":"category","embeddable":true,"href":"https:\/\/raum-blick.de\/magazin\/wp-json\/wp\/v2\/categories?post=13597"},{"taxonomy":"post_tag","embeddable":true,"href":"https:\/\/raum-blick.de\/magazin\/wp-json\/wp\/v2\/tags?post=13597"}],"curies":[{"name":"wp","href":"https:\/\/api.w.org\/{rel}","templated":true}]}}