{"id":13289,"date":"2021-06-28T09:55:16","date_gmt":"2021-06-28T07:55:16","guid":{"rendered":"https:\/\/www.raum-blick.de\/magazin\/?p=13289"},"modified":"2024-08-28T11:20:34","modified_gmt":"2024-08-28T09:20:34","slug":"design-sessel-im-blickpunkt","status":"publish","type":"post","link":"https:\/\/raum-blick.de\/magazin\/design-sessel-im-blickpunkt\/","title":{"rendered":"5 Design-Sessel im Blickpunkt"},"content":{"rendered":"<p style=\"text-align: justify;\"><strong>Der \u00e4sthetische Auftritt eines Design-Sessels wertet den Raum auf. Das durchdachte Funktionskonzept steigert die Lebensqualit\u00e4t. Der Komfort schmeichelt den Sinnen. Wenn ambitionierte Designer Sitzm\u00f6bel entwerfen, gehen beim Einrichten alle W\u00fcnsche in Erf\u00fcllung.<\/strong><\/p>\n<h2><span class=\"ez-toc-section\" id=\"Opulente_Designikone_aus_Daenemark\"><\/span>Opulente Designikone aus D\u00e4nemark<span class=\"ez-toc-section-end\"><\/span><\/h2>\n<p style=\"text-align: justify;\">Der Fokus aufs Wesentliche und geradlinige Formen pr\u00e4gten den Designstil in den 1930er-Jahren. Bei der Architektur schloss sich <a href=\"https:\/\/www.raum-blick.de\/by-lassen\/\">Flemming Lassen<\/a> dem sachlich akzentuierten Modernismus an. Das spiegelt sich im runden House of Future wider, das er gemeinsam mit Arne Jacobsen entwarf. Gegen den Strom schwamm der international renommierte D\u00e4ne, wenn es um das M\u00f6bel-Design ging.<\/p><div id=\"ez-toc-container\" class=\"ez-toc-v2_0_82_2 counter-hierarchy ez-toc-counter ez-toc-grey ez-toc-container-direction\">\n<div class=\"ez-toc-title-container\">\n<p class=\"ez-toc-title\" style=\"cursor:inherit\">Was hier auf Sie wartet<\/p>\n<span class=\"ez-toc-title-toggle\"><a href=\"#\" class=\"ez-toc-pull-right ez-toc-btn ez-toc-btn-xs ez-toc-btn-default ez-toc-toggle\" aria-label=\"Toggle Table of Content\"><span class=\"ez-toc-js-icon-con\"><span class=\"\"><span class=\"eztoc-hide\" style=\"display:none;\">Toggle<\/span><span class=\"ez-toc-icon-toggle-span\"><svg style=\"fill: #999;color:#999\" xmlns=\"http:\/\/www.w3.org\/2000\/svg\" class=\"list-377408\" width=\"20px\" height=\"20px\" viewBox=\"0 0 24 24\" fill=\"none\"><path d=\"M6 6H4v2h2V6zm14 0H8v2h12V6zM4 11h2v2H4v-2zm16 0H8v2h12v-2zM4 16h2v2H4v-2zm16 0H8v2h12v-2z\" fill=\"currentColor\"><\/path><\/svg><svg style=\"fill: #999;color:#999\" class=\"arrow-unsorted-368013\" xmlns=\"http:\/\/www.w3.org\/2000\/svg\" width=\"10px\" height=\"10px\" viewBox=\"0 0 24 24\" version=\"1.2\" baseProfile=\"tiny\"><path d=\"M18.2 9.3l-6.2-6.3-6.2 6.3c-.2.2-.3.4-.3.7s.1.5.3.7c.2.2.4.3.7.3h11c.3 0 .5-.1.7-.3.2-.2.3-.5.3-.7s-.1-.5-.3-.7zM5.8 14.7l6.2 6.3 6.2-6.3c.2-.2.3-.5.3-.7s-.1-.5-.3-.7c-.2-.2-.4-.3-.7-.3h-11c-.3 0-.5.1-.7.3-.2.2-.3.5-.3.7s.1.5.3.7z\"\/><\/svg><\/span><\/span><\/span><\/a><\/span><\/div>\n<nav><ul class='ez-toc-list ez-toc-list-level-1 ' ><li class='ez-toc-page-1 ez-toc-heading-level-2'><a class=\"ez-toc-link ez-toc-heading-1\" href=\"https:\/\/raum-blick.de\/magazin\/design-sessel-im-blickpunkt\/#Opulente_Designikone_aus_Daenemark\" >Opulente Designikone aus D\u00e4nemark<\/a><\/li><li class='ez-toc-page-1 ez-toc-heading-level-2'><a class=\"ez-toc-link ez-toc-heading-2\" href=\"https:\/\/raum-blick.de\/magazin\/design-sessel-im-blickpunkt\/#Lieblingsplatz_fuers_moderne_Zuhause\" >Lieblingsplatz f\u00fcrs moderne Zuhause<\/a><\/li><li class='ez-toc-page-1 ez-toc-heading-level-2'><a class=\"ez-toc-link ez-toc-heading-3\" href=\"https:\/\/raum-blick.de\/magazin\/design-sessel-im-blickpunkt\/#Heute_ein_innovativer_Eyecatcher_morgen_ein_Designklassiker\" >Heute ein innovativer Eyecatcher, morgen ein Designklassiker<\/a><\/li><li class='ez-toc-page-1 ez-toc-heading-level-2'><a class=\"ez-toc-link ez-toc-heading-4\" href=\"https:\/\/raum-blick.de\/magazin\/design-sessel-im-blickpunkt\/#Designmoebel_mit_franzoesischem_Esprit\" >Designm\u00f6bel mit franz\u00f6sischem Esprit<\/a><\/li><\/ul><\/nav><\/div>\n\n<div class='et-box et-note'>\n\t\t\t\t\t<div class='et-box-content'>Er genoss es, nach der Arbeit im gem\u00fctlichen Sessel zu relaxen. Die eigenen Vorlieben sprachen daf\u00fcr, Sitzm\u00f6bel opulenter zu gestalten.<\/div><\/div>\n<p style=\"text-align: justify;\">Ausladend pr\u00e4sentiert sich die R\u00fcckenpartie. Gro\u00dfz\u00fcgig sind die Armlehnen gestaltet. Behaglich wirkt die sanft geschwungene Formensprache. Die Begegnung mit dem Design-Sessel gleicht einer Einladung zur ausgedehnten Verschnaufpause. Wer sie annimmt, wird verw\u00f6hnt.<\/p>\n<p><img loading=\"lazy\" decoding=\"async\" class=\"aligncenter wp-image-13331 size-full\" title=\"By Lassen The Tired Man Sessel + Hocker | Set aus zwei Design-Klassiker | Design: Flemming Lassen\/ S\u00f8ren Lassen\" src=\"https:\/\/www.raum-blick.de\/magazin\/wp-content\/uploads\/2021\/07\/by-lassen-tired-man-sessel-hocker.jpg\" alt=\"by-lassen-tired-man-sessel-hocker\" width=\"700\" height=\"700\" srcset=\"https:\/\/raum-blick.de\/magazin\/wp-content\/uploads\/2021\/07\/by-lassen-tired-man-sessel-hocker.jpg 700w, https:\/\/raum-blick.de\/magazin\/wp-content\/uploads\/2021\/07\/by-lassen-tired-man-sessel-hocker-300x300.jpg 300w, https:\/\/raum-blick.de\/magazin\/wp-content\/uploads\/2021\/07\/by-lassen-tired-man-sessel-hocker-150x150.jpg 150w\" sizes=\"(max-width: 700px) 100vw, 700px\" \/><\/p>\n<p style=\"text-align: justify;\">Die Bequemlichkeit ist kaum zu \u00fcberbieten. Das volumin\u00f6se Konzept vermittelt eine Geborgenheit, die an m\u00fctterliche Umarmungen erinnert. Im Jahr 1935 entwarf der d\u00e4nische Architekt den Loungesessel &#8222;The Tired Man&#8220;. Damals beschr\u00e4nkte sich die Produktion auf wenige Exemplare, die heutzutage sechsstellige Euro-Betr\u00e4ge bei Auktionen erzielen. Gl\u00fccklicherweise tragen die Enkel das Erbe des namhaften Designers in die Zukunft. Sie verhalfen dem himmlisch bequemen Polstersessel im Jahr 2015 zum Comeback und ernteten daf\u00fcr prompt Auszeichnungen.<\/p>\n<p><a href=\"https:\/\/www.raum-blick.de\/by-lassen-ingeborg-sessel\"><img loading=\"lazy\" decoding=\"async\" class=\"aligncenter wp-image-13329 size-full\" title=\"by Lassen \u2013 Ingeborg Sessel | Designersessel aus Schafsfell | Design: Flemming Lassen, 1940\" src=\"https:\/\/www.raum-blick.de\/magazin\/wp-content\/uploads\/2021\/07\/by-lassen-ingeborg-sessel.jpg\" alt=\"by-lassen-ingeborg-sessel Design-Sessel\" width=\"700\" height=\"700\" srcset=\"https:\/\/raum-blick.de\/magazin\/wp-content\/uploads\/2021\/07\/by-lassen-ingeborg-sessel.jpg 700w, https:\/\/raum-blick.de\/magazin\/wp-content\/uploads\/2021\/07\/by-lassen-ingeborg-sessel-300x300.jpg 300w, https:\/\/raum-blick.de\/magazin\/wp-content\/uploads\/2021\/07\/by-lassen-ingeborg-sessel-150x150.jpg 150w\" sizes=\"(max-width: 700px) 100vw, 700px\" \/><\/a><\/p>\n<p style=\"text-align: justify;\">Aus dem neu aufgelegten Portfolio hebt sich die Variante mit einem Bezug aus reiner Schafswolle hervor. Geschickt betont by Lassen mit dem kuscheligen Naturmaterial den Komfort der Design-Sessel. Ihre wuchtigen Ma\u00dfe harmonieren jedoch nicht mit jeder Einrichtungsidee. Schon im Jahr 1940 gesellte sich deshalb das kleinere Pendant Ingeborg hinzu. Dem charmanten Klubsessel g\u00f6nnte by Lassen ebenfalls ein Revival. Wohnlounge, Leseecke oder Schlafzimmer: Nahezu \u00fcberall avanciert die Ikone zum Highlight, die den Namen von Lassens k\u00fcnstlerisch begabter Mutter tr\u00e4gt.<\/p>\n<h2><span class=\"ez-toc-section\" id=\"Lieblingsplatz_fuers_moderne_Zuhause\"><\/span>Lieblingsplatz f\u00fcrs moderne Zuhause<span class=\"ez-toc-section-end\"><\/span><\/h2>\n<p style=\"text-align: justify;\">Auf den ersten Blick wirkt der gepolsterte Sessel &#8222;A Conversation Piece&#8220; von <a href=\"https:\/\/www.raum-blick.de\/umage\/\">Umage<\/a> puristisch. Wer das Design in Ruhe begutachtet, erkennt die Liebe zum Detail. Auff\u00e4llig sind die schr\u00e4g gestellten F\u00fc\u00dfe.<\/p>\n<p><a href=\"https:\/\/www.raum-blick.de\/umage-a-conversation-piece-lounge-chair\"><img loading=\"lazy\" decoding=\"async\" class=\"aligncenter wp-image-13316 size-full\" title=\"UMAGE \u2013 A Conversation Piece Sessel | Bequemer Lesesessel | Design: Anders Klem\" src=\"https:\/\/www.raum-blick.de\/magazin\/wp-content\/uploads\/2021\/07\/umage-a-conversation-piece-lounge-chair.jpg\" alt=\"umage-a-conversation-piece-lounge-chair Design-Sessel\" width=\"700\" height=\"700\" srcset=\"https:\/\/raum-blick.de\/magazin\/wp-content\/uploads\/2021\/07\/umage-a-conversation-piece-lounge-chair.jpg 700w, https:\/\/raum-blick.de\/magazin\/wp-content\/uploads\/2021\/07\/umage-a-conversation-piece-lounge-chair-300x300.jpg 300w, https:\/\/raum-blick.de\/magazin\/wp-content\/uploads\/2021\/07\/umage-a-conversation-piece-lounge-chair-150x150.jpg 150w\" sizes=\"(max-width: 700px) 100vw, 700px\" \/><\/a><\/p>\n<p style=\"text-align: justify;\">Gleiches gilt f\u00fcr die schwungvolle Gestaltung der hohen R\u00fcckenlehne und breiten Sitzfl\u00e4che. Die Sitzm\u00f6bel erhalten dadurch nicht nur einen aparten Touch. Sie sind ergonomisch geformt und erlauben es, in verschiedensten Sitzpositionen vollkommen zu entspannen. Das relaxte Gef\u00fchl verst\u00e4rkt sich, wenn der passende Hocker dazu einl\u00e4dt, die Beine hochzulegen.<\/p>\n<p><a href=\"https:\/\/www.raum-blick.de\/umage-a-conversation-piece-hoch-sessel\"><img loading=\"lazy\" decoding=\"async\" class=\"aligncenter wp-image-13319 size-full\" title=\"UMAGE \u2013 A Conversation Piece Sessel hoch | mit hoher Lehne | Design: Anders Klem\" src=\"https:\/\/www.raum-blick.de\/magazin\/wp-content\/uploads\/2021\/07\/umage-a-conversation-piece-hoch-sessel.jpg\" alt=\"umage-a-conversation-piece-hoch-sessel\" width=\"700\" height=\"700\" srcset=\"https:\/\/raum-blick.de\/magazin\/wp-content\/uploads\/2021\/07\/umage-a-conversation-piece-hoch-sessel.jpg 700w, https:\/\/raum-blick.de\/magazin\/wp-content\/uploads\/2021\/07\/umage-a-conversation-piece-hoch-sessel-300x300.jpg 300w, https:\/\/raum-blick.de\/magazin\/wp-content\/uploads\/2021\/07\/umage-a-conversation-piece-hoch-sessel-150x150.jpg 150w\" sizes=\"(max-width: 700px) 100vw, 700px\" \/><\/a><\/p>\n<p style=\"text-align: justify;\">F\u00fcr den Entwurf zeichnet sich Andreas Klemm verantwortlich, der 2013 sein Studium an der Royal Danish Academy of Fine Arts vollendete. Seither z\u00e4hlt er zum Designteam von Umage und begeistert mit Entw\u00fcrfen, die einfach und kunstvoll zugleich sind.<\/p>\n<p><a href=\"https:\/\/www.raum-blick.de\/umage-a-conversation-piece-ottoman\"><img loading=\"lazy\" decoding=\"async\" class=\"aligncenter wp-image-13321 size-full\" title=\"UMAGE \u2013 A Conversation Piece Ottoman | passend zum Loungesessel | Design: Anders Klem\" src=\"https:\/\/www.raum-blick.de\/magazin\/wp-content\/uploads\/2021\/07\/umage-a-conversation-piece-ottoman.jpg\" alt=\"umage-a-conversation-piece-ottoman\" width=\"700\" height=\"700\" srcset=\"https:\/\/raum-blick.de\/magazin\/wp-content\/uploads\/2021\/07\/umage-a-conversation-piece-ottoman.jpg 700w, https:\/\/raum-blick.de\/magazin\/wp-content\/uploads\/2021\/07\/umage-a-conversation-piece-ottoman-300x300.jpg 300w, https:\/\/raum-blick.de\/magazin\/wp-content\/uploads\/2021\/07\/umage-a-conversation-piece-ottoman-150x150.jpg 150w\" sizes=\"(max-width: 700px) 100vw, 700px\" \/><\/a><\/p>\n<p style=\"text-align: justify;\">Der Nachwuchsdesigner m\u00f6chte Objekte schaffen, die alltagstauglich sind und langfristig faszinieren. Dazu passt die Fertigung aus massiver Eiche ebenso wie die breite Farbpalette. Fr\u00fchlingshaftes Gr\u00fcn, pudriges Rosa oder kr\u00e4ftiges Petrol: Die Sitzm\u00f6bel im skandinavischen Design lassen sich vielf\u00e4ltig individualisieren.<\/p>\n<h2><span class=\"ez-toc-section\" id=\"Heute_ein_innovativer_Eyecatcher_morgen_ein_Designklassiker\"><\/span>Heute ein innovativer Eyecatcher, morgen ein Designklassiker<span class=\"ez-toc-section-end\"><\/span><\/h2>\n<p style=\"text-align: justify;\">Der laue Sommerabend ist geschaffen f\u00fcr ein Intermezzo auf der Terrasse. Gen\u00fcsslich wird am spritzigen Wei\u00dfwein genippt, den ausgew\u00e4hlte K\u00e4sespezialit\u00e4ten begleiten. Wenige Minuten gen\u00fcgen, damit Urlaubsgef\u00fchle aufkommen.<\/p>\n<p><img loading=\"lazy\" decoding=\"async\" class=\"aligncenter wp-image-13309 size-full\" title=\"Jan Kurtz \u2013 Sunderland Rope Sessel | stilvoller Gartensessel | Design: Jan Kurtz\" src=\"https:\/\/www.raum-blick.de\/magazin\/wp-content\/uploads\/2021\/07\/Jan-Kurtz-\u2013-Sunderland-Rope-Sessel.jpg\" alt=\"Jan Kurtz \u2013 Sunderland Rope Sessel Design-Sessel\" width=\"700\" height=\"700\" srcset=\"https:\/\/raum-blick.de\/magazin\/wp-content\/uploads\/2021\/07\/Jan-Kurtz-\u2013-Sunderland-Rope-Sessel.jpg 700w, https:\/\/raum-blick.de\/magazin\/wp-content\/uploads\/2021\/07\/Jan-Kurtz-\u2013-Sunderland-Rope-Sessel-300x300.jpg 300w, https:\/\/raum-blick.de\/magazin\/wp-content\/uploads\/2021\/07\/Jan-Kurtz-\u2013-Sunderland-Rope-Sessel-150x150.jpg 150w\" sizes=\"(max-width: 700px) 100vw, 700px\" \/><\/p>\n<p style=\"text-align: justify;\">Moderne Eleganz charakterisiert den entspannten Moment im Freien, wenn man sich auf dem Design-Sessel Sunderland von <a href=\"https:\/\/www.raum-blick.de\/jan-kurtz\/\">Jan Kurtz<\/a> niederl\u00e4sst. Unkonventionell ist sein zylinderf\u00f6rmiger Auftritt. Daf\u00fcr vereint sich das pulverbeschichtete Stahlgestell mit einer Seilbespannung aus Polyacryl. Die Lehnen f\u00fcr den R\u00fccken und die Arme verschmelzen zu einer Einheit. Das hochwertige R\u00fcckenkissen und Sitzpolster vollenden die Loungem\u00f6bel, die schick und bequem sind. Jan Kurtz versteht sich als Verleger au\u00dfergew\u00f6hnlicher Designideen.<\/p>\n<p><a href=\"https:\/\/www.raum-blick.de\/jan-kurtz-stapelsessel-cubic\"><img loading=\"lazy\" decoding=\"async\" class=\"aligncenter wp-image-13311 size-full\" title=\"Jan Kurtz \u2013 Stapelsessel Cubic | f\u00fcr In- und Outdoor geeignet | Design: Jan Kurtz\" src=\"https:\/\/www.raum-blick.de\/magazin\/wp-content\/uploads\/2021\/07\/jan-kurtz-stapelsessel-cubic.jpg\" alt=\"jan-kurtz-stapelsessel-cubic\" width=\"700\" height=\"700\" srcset=\"https:\/\/raum-blick.de\/magazin\/wp-content\/uploads\/2021\/07\/jan-kurtz-stapelsessel-cubic.jpg 700w, https:\/\/raum-blick.de\/magazin\/wp-content\/uploads\/2021\/07\/jan-kurtz-stapelsessel-cubic-300x300.jpg 300w, https:\/\/raum-blick.de\/magazin\/wp-content\/uploads\/2021\/07\/jan-kurtz-stapelsessel-cubic-150x150.jpg 150w\" sizes=\"(max-width: 700px) 100vw, 700px\" \/><\/a><\/p>\n<p style=\"text-align: justify;\">Die gleichnamige Marke nimmt nur Produkte ins Sortiment auf, die unabh\u00e4ngig von aktuellen Trends zukunftsweisend sind. F\u00fcr die Markenphilosophie sind die runden Outdoor-Sessel typisch: Mit ihrer dezenten Extravaganz wecken sie das Interesse von Designliebhabern. Leicht kann man sich vorstellen, dass sie zu Klassikern avancieren, die \u00fcber Jahrzehnte hinweg begeistern.<\/p>\n<h2><span class=\"ez-toc-section\" id=\"Designmoebel_mit_franzoesischem_Esprit\"><\/span>Designm\u00f6bel mit franz\u00f6sischem Esprit<span class=\"ez-toc-section-end\"><\/span><\/h2>\n<p style=\"text-align: justify;\"><a href=\"https:\/\/www.raum-blick.de\/fermob\/\">Fermob<\/a> hat ein H\u00e4ndchen f\u00fcr die behutsame Neuinterpretation von Ikonen. Im 19. Jahrhundert schuf man praktische Klappm\u00f6bel f\u00fcr den Au\u00dfenbereich. Pragmatisch war damals der Grund: Schankwirte sparten sich die Gewerbesteuer f\u00fcr eine feste Terrasse, weil sie die Sitzm\u00f6bel schnell wegr\u00e4umen konnten. So ber\u00fchmt wie die Bistrokollektion ist der Gartenstuhl Luxembourg.<\/p>\n<p><a href=\"https:\/\/www.raum-blick.de\/fermob-luxembourg-gartenstuhl\"><img loading=\"lazy\" decoding=\"async\" class=\"aligncenter wp-image-13297 size-full\" title=\"Fermob \u2013 Luxembourg Gartenstuhl | Stapelbarer Outdoorstuhl | Design: Fr\u00e9d\u00e9ric Sofia\" src=\"https:\/\/www.raum-blick.de\/magazin\/wp-content\/uploads\/2021\/07\/Fermob-\u2013-Luxembourg-Gartenstuhl.jpg\" alt=\"Fermob \u2013 Luxembourg Gartenstuhl\" width=\"700\" height=\"700\" srcset=\"https:\/\/raum-blick.de\/magazin\/wp-content\/uploads\/2021\/07\/Fermob-\u2013-Luxembourg-Gartenstuhl.jpg 700w, https:\/\/raum-blick.de\/magazin\/wp-content\/uploads\/2021\/07\/Fermob-\u2013-Luxembourg-Gartenstuhl-300x300.jpg 300w, https:\/\/raum-blick.de\/magazin\/wp-content\/uploads\/2021\/07\/Fermob-\u2013-Luxembourg-Gartenstuhl-150x150.jpg 150w\" sizes=\"(max-width: 700px) 100vw, 700px\" \/><\/a><\/p>\n<p style=\"text-align: justify;\">Seit 1923 pr\u00e4gt er die Pariser Gr\u00fcnanlagen. Die franz\u00f6sische Marke produziert nicht nur die beiden Klassiker mit eindrucksvoller Vita. Sie pr\u00e4sentiert moderne Gartenm\u00f6bel, die gute Chancen haben, legend\u00e4r zu werden.<\/p>\n<p><a href=\"https:\/\/www.raum-blick.de\/fermob-bellevie-sessel\"><img loading=\"lazy\" decoding=\"async\" class=\"aligncenter wp-image-13299 size-full\" title=\"Fermob \u2013 Bellevie Lounge Sessel | f\u00fcr Outdoor | Design: Pagnon &amp; Pelha\u00eetre\" src=\"https:\/\/www.raum-blick.de\/magazin\/wp-content\/uploads\/2021\/07\/Fermob-\u2013-Bellevie-Lounge-Sessel.jpg\" alt=\"Fermob \u2013 Bellevie Lounge Sessel Design-Sessel\" width=\"700\" height=\"700\" srcset=\"https:\/\/raum-blick.de\/magazin\/wp-content\/uploads\/2021\/07\/Fermob-\u2013-Bellevie-Lounge-Sessel.jpg 700w, https:\/\/raum-blick.de\/magazin\/wp-content\/uploads\/2021\/07\/Fermob-\u2013-Bellevie-Lounge-Sessel-300x300.jpg 300w, https:\/\/raum-blick.de\/magazin\/wp-content\/uploads\/2021\/07\/Fermob-\u2013-Bellevie-Lounge-Sessel-150x150.jpg 150w\" sizes=\"(max-width: 700px) 100vw, 700px\" \/><\/a><\/p>\n<p style=\"text-align: justify;\">Das Designstudio Pagnon &amp; Pelha\u00eetre lie\u00df sich beim Sessel Bellevie von verschiedenen Epochen inspirieren. Minimalistisch wirkt die geometrische Klarheit. Ihren sachlichen Touch relativieren gerundete Kanten. Im Kontrast zur reduzierten Formensprache stehen die stattlichen Ma\u00dfe. Sie lassen den Relaxsessel luxuri\u00f6s erscheinen.<\/p>\n<p><a href=\"https:\/\/www.raum-blick.de\/fermob-bellevie-loungesofa-2-sitzer\"><img loading=\"lazy\" decoding=\"async\" class=\"aligncenter wp-image-13304 size-full\" title=\"Fermob \u2013 Bellevie Lounge Sofa | f\u00fcr Outdoor | Design: Pagnon &amp; Pelha\u00eetre\" src=\"https:\/\/www.raum-blick.de\/magazin\/wp-content\/uploads\/2021\/07\/fermob-bellevie-loungesofa-2-sitzer.jpg\" alt=\"fermob-bellevie-loungesofa-2-sitzer\" width=\"700\" height=\"700\" srcset=\"https:\/\/raum-blick.de\/magazin\/wp-content\/uploads\/2021\/07\/fermob-bellevie-loungesofa-2-sitzer.jpg 700w, https:\/\/raum-blick.de\/magazin\/wp-content\/uploads\/2021\/07\/fermob-bellevie-loungesofa-2-sitzer-300x300.jpg 300w, https:\/\/raum-blick.de\/magazin\/wp-content\/uploads\/2021\/07\/fermob-bellevie-loungesofa-2-sitzer-150x150.jpg 150w\" sizes=\"(max-width: 700px) 100vw, 700px\" \/><\/a><\/p>\n<p style=\"text-align: justify;\">Sie m\u00f6chten in der Sommersaison das Wohnzimmer einfach nach drau\u00dfen verlegen? Der Traum erf\u00fcllt sich, wenn man auf die franz\u00f6sischen Loungem\u00f6bel setzt. Sofas, Sessel und Couchtische:<\/p>\n<div class='et-box et-success'>\n\t\t\t\t\t<div class='et-box-content'>Die Kollektion bietet alles, was man f\u00fcrs Savoir-vivre an der frischen Luft ben\u00f6tigt. Sie verf\u00fchrt au\u00dferdem dazu, die Freude am Outdoor-Leben sichtbar zu machen.<\/div><\/div>\n<p style=\"text-align: justify;\">Acapulcoblau, Honiggelb, Mohnrot oder Opalgr\u00fcn: Fantastische Statement-Farben erm\u00f6glichen es, das Design individuell zu akzentuieren.<\/p>\n<p><a href=\"https:\/\/www.raum-blick.de\/fermob-luxembourg-loungesessel\"><img loading=\"lazy\" decoding=\"async\" class=\"aligncenter wp-image-13302 size-full\" title=\"Fermob \u2013 Luxembourg Loungesessel | stapelbar | Design: Fr\u00e9d\u00e9ric Sofia\" src=\"https:\/\/www.raum-blick.de\/magazin\/wp-content\/uploads\/2021\/07\/fermob-luxembourg-tiefer-sesssel-4104-zitronensorbet_64546.jpg\" alt=\"fermob-luxembourg-tiefer-sesssel-4104-zitronensorbet_64546\" width=\"700\" height=\"700\" srcset=\"https:\/\/raum-blick.de\/magazin\/wp-content\/uploads\/2021\/07\/fermob-luxembourg-tiefer-sesssel-4104-zitronensorbet_64546.jpg 700w, https:\/\/raum-blick.de\/magazin\/wp-content\/uploads\/2021\/07\/fermob-luxembourg-tiefer-sesssel-4104-zitronensorbet_64546-300x300.jpg 300w, https:\/\/raum-blick.de\/magazin\/wp-content\/uploads\/2021\/07\/fermob-luxembourg-tiefer-sesssel-4104-zitronensorbet_64546-150x150.jpg 150w\" sizes=\"(max-width: 700px) 100vw, 700px\" \/><\/a><\/p>\n<p style=\"text-align: justify;\">Die Loungegruppe ist wunderbar, passt aber nicht auf den Balkon? Kein Problem: Drinnen macht sie sich genauso schick wie im Garten.<\/p>\n","protected":false},"excerpt":{"rendered":"<p>Der \u00e4sthetische Auftritt eines Design-Sessels wertet den Raum auf. Das durchdachte Funktionskonzept steigert die Lebensqualit\u00e4t. Der Komfort schmeichelt den Sinnen. Wenn ambitionierte Designer Sitzm\u00f6bel entwerfen, gehen beim Einrichten alle W\u00fcnsche in Erf\u00fcllung. Opulente Designikone aus D\u00e4nemark Der Fokus aufs Wesentliche und geradlinige Formen pr\u00e4gten den Designstil in den 1930er-Jahren. Bei der Architektur schloss sich Flemming [&hellip;]<\/p>\n","protected":false},"author":4,"featured_media":13337,"comment_status":"closed","ping_status":"open","sticky":false,"template":"","format":"standard","meta":{"_et_pb_use_builder":"","_et_pb_old_content":"","_et_gb_content_width":"","inline_featured_image":false,"footnotes":""},"categories":[8],"tags":[287,334,1453,1454,66,621,1106,1105,158,56,1051,1455,54,1456,57,1385,327,1350,1086,935],"class_list":["post-13289","post","type-post","status-publish","format-standard","has-post-thumbnail","hentry","category-features","tag-by-lassen","tag-design","tag-design-sessel","tag-designersessel","tag-designmoebel","tag-fermob","tag-gartensessel","tag-gartenstuhl","tag-hocker","tag-indoor","tag-jan-kurtz","tag-lesesessel","tag-lounge","tag-loungesessel","tag-outdoor","tag-outdoorstuhl","tag-sessel","tag-sofa","tag-stapelsessel","tag-umage"],"_links":{"self":[{"href":"https:\/\/raum-blick.de\/magazin\/wp-json\/wp\/v2\/posts\/13289","targetHints":{"allow":["GET"]}}],"collection":[{"href":"https:\/\/raum-blick.de\/magazin\/wp-json\/wp\/v2\/posts"}],"about":[{"href":"https:\/\/raum-blick.de\/magazin\/wp-json\/wp\/v2\/types\/post"}],"author":[{"embeddable":true,"href":"https:\/\/raum-blick.de\/magazin\/wp-json\/wp\/v2\/users\/4"}],"replies":[{"embeddable":true,"href":"https:\/\/raum-blick.de\/magazin\/wp-json\/wp\/v2\/comments?post=13289"}],"version-history":[{"count":39,"href":"https:\/\/raum-blick.de\/magazin\/wp-json\/wp\/v2\/posts\/13289\/revisions"}],"predecessor-version":[{"id":20748,"href":"https:\/\/raum-blick.de\/magazin\/wp-json\/wp\/v2\/posts\/13289\/revisions\/20748"}],"wp:featuredmedia":[{"embeddable":true,"href":"https:\/\/raum-blick.de\/magazin\/wp-json\/wp\/v2\/media\/13337"}],"wp:attachment":[{"href":"https:\/\/raum-blick.de\/magazin\/wp-json\/wp\/v2\/media?parent=13289"}],"wp:term":[{"taxonomy":"category","embeddable":true,"href":"https:\/\/raum-blick.de\/magazin\/wp-json\/wp\/v2\/categories?post=13289"},{"taxonomy":"post_tag","embeddable":true,"href":"https:\/\/raum-blick.de\/magazin\/wp-json\/wp\/v2\/tags?post=13289"}],"curies":[{"name":"wp","href":"https:\/\/api.w.org\/{rel}","templated":true}]}}