{"id":13105,"date":"2021-05-25T10:24:59","date_gmt":"2021-05-25T08:24:59","guid":{"rendered":"https:\/\/www.raum-blick.de\/magazin\/?p=13105"},"modified":"2024-09-02T13:55:05","modified_gmt":"2024-09-02T11:55:05","slug":"ausgefallene-dekovasen","status":"publish","type":"post","link":"https:\/\/raum-blick.de\/magazin\/ausgefallene-dekovasen\/","title":{"rendered":"Ausgefallene Dekovasen"},"content":{"rendered":"<h2><span class=\"ez-toc-section\" id=\"%C2%AB_Dekoration_mit_Fantasie_und_Stil_%C2%BB\"><\/span>\u00ab Dekoration mit Fantasie und Stil \u00bb<span class=\"ez-toc-section-end\"><\/span><\/h2>\n<p style=\"text-align: justify;\"><strong>Nat\u00fcrliche Akzente oder ausdrucksstarke Designobjekte? Die Frage er\u00fcbrigt sich, wenn man bei der Dekoration beides verkn\u00fcpft. <\/strong><a href=\"https:\/\/www.raum-blick.de\/vasen\/\"><strong>Ausgefallene Vasen<\/strong><\/a><strong> sind f\u00fcr sich ein Highlight. Es gen\u00fcgen deshalb floristische Ideen, die unkompliziert sind.<\/strong><\/p>\n<h2><span class=\"ez-toc-section\" id=\"Moderne_Porzellankunst_aus_den_USA\"><\/span>Moderne Porzellankunst aus den USA<span class=\"ez-toc-section-end\"><\/span><\/h2>\n<p style=\"text-align: justify;\">Unz\u00e4hlige Lippen zieren das bauchige Porzellangef\u00e4\u00df. Sofort denken Kunstkenner an Salvador Dal\u00ed und treffen damit fast ins Schwarze. <a href=\"https:\/\/www.raum-blick.de\/jonathan-adler\/\">Jonathan Adler<\/a> entwarf die Dekovase Gala, um die Ehefrau des spanischen Surrealisten zu w\u00fcrdigen. Denn sie trug ma\u00dfgeblich zu seinem Erfolg bei.<\/p><div id=\"ez-toc-container\" class=\"ez-toc-v2_0_82_2 counter-hierarchy ez-toc-counter ez-toc-grey ez-toc-container-direction\">\n<div class=\"ez-toc-title-container\">\n<p class=\"ez-toc-title\" style=\"cursor:inherit\">Was hier auf Sie wartet<\/p>\n<span class=\"ez-toc-title-toggle\"><a href=\"#\" class=\"ez-toc-pull-right ez-toc-btn ez-toc-btn-xs ez-toc-btn-default ez-toc-toggle\" aria-label=\"Toggle Table of Content\"><span class=\"ez-toc-js-icon-con\"><span class=\"\"><span class=\"eztoc-hide\" style=\"display:none;\">Toggle<\/span><span class=\"ez-toc-icon-toggle-span\"><svg style=\"fill: #999;color:#999\" xmlns=\"http:\/\/www.w3.org\/2000\/svg\" class=\"list-377408\" width=\"20px\" height=\"20px\" viewBox=\"0 0 24 24\" fill=\"none\"><path d=\"M6 6H4v2h2V6zm14 0H8v2h12V6zM4 11h2v2H4v-2zm16 0H8v2h12v-2zM4 16h2v2H4v-2zm16 0H8v2h12v-2z\" fill=\"currentColor\"><\/path><\/svg><svg style=\"fill: #999;color:#999\" class=\"arrow-unsorted-368013\" xmlns=\"http:\/\/www.w3.org\/2000\/svg\" width=\"10px\" height=\"10px\" viewBox=\"0 0 24 24\" version=\"1.2\" baseProfile=\"tiny\"><path d=\"M18.2 9.3l-6.2-6.3-6.2 6.3c-.2.2-.3.4-.3.7s.1.5.3.7c.2.2.4.3.7.3h11c.3 0 .5-.1.7-.3.2-.2.3-.5.3-.7s-.1-.5-.3-.7zM5.8 14.7l6.2 6.3 6.2-6.3c.2-.2.3-.5.3-.7s-.1-.5-.3-.7c-.2-.2-.4-.3-.7-.3h-11c-.3 0-.5.1-.7.3-.2.2-.3.5-.3.7s.1.5.3.7z\"\/><\/svg><\/span><\/span><\/span><\/a><\/span><\/div>\n<nav><ul class='ez-toc-list ez-toc-list-level-1 ' ><li class='ez-toc-page-1 ez-toc-heading-level-2'><a class=\"ez-toc-link ez-toc-heading-1\" href=\"https:\/\/raum-blick.de\/magazin\/ausgefallene-dekovasen\/#%C2%AB_Dekoration_mit_Fantasie_und_Stil_%C2%BB\" >\u00ab Dekoration mit Fantasie und Stil \u00bb<\/a><\/li><li class='ez-toc-page-1 ez-toc-heading-level-2'><a class=\"ez-toc-link ez-toc-heading-2\" href=\"https:\/\/raum-blick.de\/magazin\/ausgefallene-dekovasen\/#Moderne_Porzellankunst_aus_den_USA\" >Moderne Porzellankunst aus den USA<\/a><\/li><li class='ez-toc-page-1 ez-toc-heading-level-2'><a class=\"ez-toc-link ez-toc-heading-3\" href=\"https:\/\/raum-blick.de\/magazin\/ausgefallene-dekovasen\/#Augenschmeichler_die_lange_im_Rennen_bleiben\" >Augenschmeichler, die lange im Rennen bleiben<\/a><\/li><li class='ez-toc-page-1 ez-toc-heading-level-2'><a class=\"ez-toc-link ez-toc-heading-4\" href=\"https:\/\/raum-blick.de\/magazin\/ausgefallene-dekovasen\/#Keramische_Stimmungsaufheller_aus_Skandinavien\" >Keramische Stimmungsaufheller aus Skandinavien<\/a><\/li><li class='ez-toc-page-1 ez-toc-heading-level-2'><a class=\"ez-toc-link ez-toc-heading-5\" href=\"https:\/\/raum-blick.de\/magazin\/ausgefallene-dekovasen\/#Unkonventionelle_Naturszenarien_fuer_die_Wohndeko\" >Unkonventionelle Naturszenarien f\u00fcr die Wohndeko<\/a><\/li><li class='ez-toc-page-1 ez-toc-heading-level-2'><a class=\"ez-toc-link ez-toc-heading-6\" href=\"https:\/\/raum-blick.de\/magazin\/ausgefallene-dekovasen\/#Eleganz_und_Natuerlichkeit_stilvoll_vereint\" >Eleganz und Nat\u00fcrlichkeit stilvoll vereint<\/a><\/li><\/ul><\/nav><\/div>\n\n<p><a href=\"https:\/\/www.raum-blick.de\/jonathan-adler-gala-round-vase\"><img loading=\"lazy\" decoding=\"async\" class=\"aligncenter wp-image-13110 size-full\" title=\"Jonathan Adler \u2013 Gala Round Vase | handgefertigt \/ wei\u00df | Design: Jonathan Adler\" src=\"https:\/\/www.raum-blick.de\/magazin\/wp-content\/uploads\/2021\/06\/Jonathan-Adler-Gala-Round-Vase.jpg\" alt=\"Jonathan Adler Gala Round Vase Ausgefallene Dekovasen\" width=\"600\" height=\"600\" srcset=\"https:\/\/raum-blick.de\/magazin\/wp-content\/uploads\/2021\/06\/Jonathan-Adler-Gala-Round-Vase.jpg 600w, https:\/\/raum-blick.de\/magazin\/wp-content\/uploads\/2021\/06\/Jonathan-Adler-Gala-Round-Vase-300x300.jpg 300w, https:\/\/raum-blick.de\/magazin\/wp-content\/uploads\/2021\/06\/Jonathan-Adler-Gala-Round-Vase-150x150.jpg 150w\" sizes=\"(max-width: 600px) 100vw, 600px\" \/><\/a><\/p>\n<p style=\"text-align: justify;\">Im direkten Umfeld der keramischen Hommage entdeckt man weitere Accessoires des amerikanischen Objektk\u00fcnstlers, darunter die legend\u00e4re I-Scream Vase. Elisabethanische Halskrause, feminine Hand und Eist\u00fcte: Ihr Design gleicht einer kontroversen Collage. Im Alltag wird darauf verzichtet, die Designobjekte von Jonathan Adler zu best\u00fccken. Die Deko auf der Anrichte wirkt dadurch wie eine Ausstellung zur zeitgen\u00f6ssischen Keramikkunst.<\/p>\n<p><a href=\"https:\/\/www.raum-blick.de\/jonathan-adler-i-scream-vase\"><img loading=\"lazy\" decoding=\"async\" class=\"aligncenter wp-image-13112 size-full\" title=\"Jonathan Adler I-Scream Vase | handgefertigt | Design: Jonathan Adler\" src=\"https:\/\/www.raum-blick.de\/magazin\/wp-content\/uploads\/2021\/06\/Jonathan-Adler-I-Scream-Vase.jpg\" alt=\"Jonathan Adler I-Scream Vase Ausgefallene Dekovasen\" width=\"600\" height=\"600\" srcset=\"https:\/\/raum-blick.de\/magazin\/wp-content\/uploads\/2021\/06\/Jonathan-Adler-I-Scream-Vase.jpg 600w, https:\/\/raum-blick.de\/magazin\/wp-content\/uploads\/2021\/06\/Jonathan-Adler-I-Scream-Vase-300x300.jpg 300w, https:\/\/raum-blick.de\/magazin\/wp-content\/uploads\/2021\/06\/Jonathan-Adler-I-Scream-Vase-150x150.jpg 150w\" sizes=\"(max-width: 600px) 100vw, 600px\" \/><\/a><\/p>\n<p style=\"text-align: justify;\">Das \u00e4ndert sich beim Dinner. Daf\u00fcr werden Designvasen ausgew\u00e4hlt und auf dem Tisch drapiert. Bewusst gesellen sich wei\u00dfe Bl\u00fcten hinzu. Sie lenken nicht von der kunstvollen Gestaltung ab, sondern vereinen sich harmonisch mit dem Vasendesign.<\/p>\n<h2><span class=\"ez-toc-section\" id=\"Augenschmeichler_die_lange_im_Rennen_bleiben\"><\/span>Augenschmeichler, die lange im Rennen bleiben<span class=\"ez-toc-section-end\"><\/span><\/h2>\n<p style=\"text-align: justify;\">Ausgefallene Dekovasen m\u00fcssen nicht perfekt anmuten. Das beweist <a href=\"https:\/\/www.raum-blick.de\/ferm-living\/\">ferm Living<\/a> mit der Kollektion Water Swirl. Herabst\u00fcrzendes Wasser ist die Inspirationsquelle der handgefertigten Vasen. Die Glasarbeiten erwecken den Anschein, dass sie sich bei der Herstellung selbst f\u00fcr eine Form entscheiden durften. Dieser eigenwillige Touch fasziniert bei den Unikaten ebenso wie die stattliche H\u00f6he von fast einem halben Meter.<\/p>\n<p><img loading=\"lazy\" decoding=\"async\" class=\"aligncenter wp-image-13114 size-full\" title=\"ferm LIVING \u2013 Water Swirl Vase gro\u00df | mundgeblasene Vase | Design: ferm LIVING\" src=\"https:\/\/www.raum-blick.de\/magazin\/wp-content\/uploads\/2021\/06\/ferm-LIVING-Water-Swirl-Vase-gross-ABVERKAUF.jpg\" alt=\"ferm LIVING Water Swirl Vase gro\u00df ABVERKAUF\" width=\"600\" height=\"600\" srcset=\"https:\/\/raum-blick.de\/magazin\/wp-content\/uploads\/2021\/06\/ferm-LIVING-Water-Swirl-Vase-gross-ABVERKAUF.jpg 600w, https:\/\/raum-blick.de\/magazin\/wp-content\/uploads\/2021\/06\/ferm-LIVING-Water-Swirl-Vase-gross-ABVERKAUF-300x300.jpg 300w, https:\/\/raum-blick.de\/magazin\/wp-content\/uploads\/2021\/06\/ferm-LIVING-Water-Swirl-Vase-gross-ABVERKAUF-150x150.jpg 150w\" sizes=\"(max-width: 600px) 100vw, 600px\" \/><\/p>\n<p style=\"text-align: justify;\">Naturt\u00f6ne wie Moosgr\u00fcn und Amber unterstreichen den organischen Designstil der Dekovase von ferm Living. Wunderbar passt dazu dezente Naturdeko wie Pampasgras oder Baumwollzweige. Die Trockenblumen punkten mit einem weiteren Vorteil: Sie bereichern dauerhaft das Flair, ohne eine Pflege zu erwarten. Das ist ideal f\u00fcrs dekorative Finish von R\u00e4umen, in denen frische Schnittblumen unpraktisch erscheinen.<\/p>\n<h2><span class=\"ez-toc-section\" id=\"Keramische_Stimmungsaufheller_aus_Skandinavien\"><\/span>Keramische Stimmungsaufheller aus Skandinavien<span class=\"ez-toc-section-end\"><\/span><\/h2>\n<p style=\"text-align: justify;\">Sie tragen bunte Kleider und haben eigenwillige Frisuren. Markant pr\u00e4gen Spitznasen die Gesichter. Ausgesprochen sympathisch wirken die Kulleraugen. Unwillk\u00fcrlich kommt gute Laune auf, wenn man die <a href=\"https:\/\/www.raum-blick.de\/bjoern-wiinblad\/\">Dekovasen Eva von Bjoern Wiinblad<\/a> auf der Fensterbank entdeckt. Stetig beleben sie dort die K\u00fccheneinrichtung.<\/p>\n<p><a href=\"https:\/\/www.raum-blick.de\/bjoern-wiinblad-eva-blumenvase\"><img loading=\"lazy\" decoding=\"async\" class=\"aligncenter wp-image-13121 size-full\" title=\"Bjoern Wiinblad \u2013 Eva Vase | die extravagante Blumenvase mit Gesicht | Design: Bj\u00f8rn Wiinblad\" src=\"https:\/\/www.raum-blick.de\/magazin\/wp-content\/uploads\/2021\/06\/Bjoern-Wiinblad-Eva-Vase.jpg\" alt=\"Bjoern Wiinblad Eva Vase\" width=\"600\" height=\"550\" srcset=\"https:\/\/raum-blick.de\/magazin\/wp-content\/uploads\/2021\/06\/Bjoern-Wiinblad-Eva-Vase.jpg 600w, https:\/\/raum-blick.de\/magazin\/wp-content\/uploads\/2021\/06\/Bjoern-Wiinblad-Eva-Vase-300x275.jpg 300w\" sizes=\"(max-width: 600px) 100vw, 600px\" \/><\/a><\/p>\n<p style=\"text-align: justify;\">Gelegentlich ist ihr Einsatz bei der Vorratshaltung gefragt. Die Vasen dienen als Zwischenstation f\u00fcr die Schnittkr\u00e4uter vom Markt, damit sie l\u00e4nger frisch bleiben. Mit dem Gr\u00fcnzeug als Frisur wirkt die legend\u00e4re Porzellankunst von Bjoern Wiinblad besonders ausgefallen. So wertet die praktische Nutzung die Deko auf. \u00d6ffnet sich die T\u00fcr, wird man sofort von einem erquickenden Lichtblick begr\u00fc\u00dft.<\/p>\n<p><a href=\"https:\/\/www.raum-blick.de\/kaehler-omaggio-nuovo-vase\"><img loading=\"lazy\" decoding=\"async\" class=\"aligncenter wp-image-13116 size-full\" title=\"K\u00e4hler \u2013 Omaggio Nuovo Vase | der Relaunch der Omaggio-Vase | Design: K\u00e4hler\" src=\"https:\/\/www.raum-blick.de\/magazin\/wp-content\/uploads\/2021\/06\/Kaehler-Omaggio-Nuovo-Vase.jpg\" alt=\"Kaehler Omaggio Nuovo Vase\" width=\"600\" height=\"600\" srcset=\"https:\/\/raum-blick.de\/magazin\/wp-content\/uploads\/2021\/06\/Kaehler-Omaggio-Nuovo-Vase.jpg 600w, https:\/\/raum-blick.de\/magazin\/wp-content\/uploads\/2021\/06\/Kaehler-Omaggio-Nuovo-Vase-300x300.jpg 300w, https:\/\/raum-blick.de\/magazin\/wp-content\/uploads\/2021\/06\/Kaehler-Omaggio-Nuovo-Vase-150x150.jpg 150w\" sizes=\"(max-width: 600px) 100vw, 600px\" \/><\/a><\/p>\n<p style=\"text-align: justify;\">Sympathisch unkompliziert wirkt das quer verlaufende Streifenmuster der Kollektion Omaggio Nuovo. Gekonnt bringt <a href=\"https:\/\/www.raum-blick.de\/kaehler-design\/\">K\u00e4hler Design<\/a> die kr\u00e4ftigen Farben mit der Glasur zum Leuchten. Wie ein gemaltes Stillleben beleben die Dekovasen den Flur. Das ist erstaunlich, denn aktuell ist nur das gr\u00f6\u00dfte Exemplar l\u00e4ssig best\u00fcckt. Es beheimatet einen Zweig, den man beim Spaziergang am Wegesrand abgeknipst hat. Das entspricht exakt dem Deko-Konzept: Die drei Keramikgef\u00e4\u00dfe von K\u00e4hler Design im Hausflur sind f\u00fcr Fundst\u00fccke gedacht, die man bei Ausfl\u00fcgen in die Natur entdeckt hat.<\/p>\n<h2><span class=\"ez-toc-section\" id=\"Unkonventionelle_Naturszenarien_fuer_die_Wohndeko\"><\/span>Unkonventionelle Naturszenarien f\u00fcr die Wohndeko<span class=\"ez-toc-section-end\"><\/span><\/h2>\n<p style=\"text-align: justify;\">Eva Harlou kreierte f\u00fcr <a href=\"https:\/\/www.raum-blick.de\/mater-design\/\">die Designermarke Mater<\/a> ausgefallene Dekovasen, die auf den ersten Blick dezent erscheinen. Harmonisch kombinierte die d\u00e4nische Architektin mundgeblasenes Glas mit Elementen aus Eichenholz. Vom Gewohnten hebt sich die Formgebung der Vase Handle ab, die auf einem St\u00e4nder ruht. Er l\u00e4sst es zu, die Gef\u00e4\u00df\u00f6ffnung schr\u00e4g auszurichten.<\/p>\n<blockquote>\n<p style=\"text-align: justify;\">Die Dekovase der Designmarke ist geschaffen f\u00fcr trendige Ideen von Floristen: Einige kr\u00e4ftige Gattungen wie Anthurie, Rose und Calla eignen sich daf\u00fcr, als Unterwasserblumen aufzutreten.<\/p>\n<\/blockquote>\n<p style=\"text-align: justify;\">Sie werden beim Arrangieren mit speziellen Klammern oder Dekosteinen in der Glasvase fixiert. Erstaunlich lange behalten die Schnittblumen ihre Frische, wenn man sie danach komplett in destilliertem Wasser versinken l\u00e4sst. Nat\u00fcrliche Wachstumsprozesse sind faszinierend. Daran kn\u00fcpft ein anderer Trend an: Setzt man den Zweig eines Baumes ins Wasser, verwandelt er sich sukzessive in einen Spr\u00f6ssling.<\/p>\n<p><img loading=\"lazy\" decoding=\"async\" class=\"aligncenter wp-image-13124 size-full\" title=\"Mater Handle Vase | Design: Eva Harlou\" src=\"https:\/\/www.raum-blick.de\/magazin\/wp-content\/uploads\/2021\/06\/Mater-Handle-Vase.jpg\" alt=\"Mater Handle Vase Ausgefallene Dekovasen\" width=\"600\" height=\"600\" srcset=\"https:\/\/raum-blick.de\/magazin\/wp-content\/uploads\/2021\/06\/Mater-Handle-Vase.jpg 600w, https:\/\/raum-blick.de\/magazin\/wp-content\/uploads\/2021\/06\/Mater-Handle-Vase-300x300.jpg 300w, https:\/\/raum-blick.de\/magazin\/wp-content\/uploads\/2021\/06\/Mater-Handle-Vase-150x150.jpg 150w\" sizes=\"(max-width: 600px) 100vw, 600px\" \/><\/p>\n<p style=\"text-align: justify;\">Nutzt man daf\u00fcr ausgefallene Vasen aus Klarglas, werden die unterirdischen Vorg\u00e4nge erlebbar. So avanciert das Wurzelwerk zum Highlight. Hat es sich kr\u00e4ftig entfaltet, steht der Umzug von der Mater Designvase in den Garten an. Dort wird aus der wohnlichen Naturdekoration irgendwann ein stattlicher Baum. Vision\u00e4r statt tempor\u00e4r: Allein diese Feinheit l\u00e4sst das Herz h\u00f6her h\u00fcpfen, wenn man die Dekorationsidee aufgreift.<\/p>\n<h2><span class=\"ez-toc-section\" id=\"Eleganz_und_Natuerlichkeit_stilvoll_vereint\"><\/span>Eleganz und Nat\u00fcrlichkeit stilvoll vereint<span class=\"ez-toc-section-end\"><\/span><\/h2>\n<p style=\"text-align: justify;\">Kelly Wearstler ist von der Kraft fasziniert, die Ozeane ausstrahlen. Daran erinnerte sie sich, als sie <a href=\"https:\/\/www.raum-blick.de\/georg-jensen\/\">ausgefallene Dekovasen f\u00fcr Georg Jensen<\/a> gestaltete. Passend zur Philosophie der d\u00e4nischen Marke inszenierte die US-Designerin Edelstahl in Wellenform. Die Quintessenz ist ein apartes Wechselspiel zwischen dem harten Metall und der flie\u00dfenden Formensprache. Das kommt besonders gut zur Geltung, wenn man einen Wildblumenstrau\u00df erg\u00e4nzt. Denn er kontrastiert das industriell akzentuierte Material so effektvoll wie das skulpturale Design.<\/p>\n<p><img loading=\"lazy\" decoding=\"async\" class=\"aligncenter wp-image-13132 size-full\" title=\"Georg Jensen Frequency Vase | Design: Kelly Wearstler, 2018\" src=\"https:\/\/www.raum-blick.de\/magazin\/wp-content\/uploads\/2021\/06\/Georg-Jensen-Frequency-Vase.jpg\" alt=\"Georg Jensen Frequency Vase\" width=\"600\" height=\"600\" srcset=\"https:\/\/raum-blick.de\/magazin\/wp-content\/uploads\/2021\/06\/Georg-Jensen-Frequency-Vase.jpg 600w, https:\/\/raum-blick.de\/magazin\/wp-content\/uploads\/2021\/06\/Georg-Jensen-Frequency-Vase-300x300.jpg 300w, https:\/\/raum-blick.de\/magazin\/wp-content\/uploads\/2021\/06\/Georg-Jensen-Frequency-Vase-150x150.jpg 150w\" sizes=\"(max-width: 600px) 100vw, 600px\" \/><\/p>\n<p style=\"text-align: justify;\">Kornblumen, Schafgarbe, Kuckuckslichtnelke und Hornklee werden locker in der Dekovase drapiert. Die H\u00f6he der Stiele wird dabei bewusst stark variiert. So ergibt sich der Eindruck, als habe man den Strau\u00df im Vorbeigehen auf einer Wiese gepfl\u00fcckt.<\/p>\n<blockquote>\n<p style=\"text-align: justify;\">Direkt neben dem Blumenarrangement auf dem Sideboard entdeckt man die passende Schale aus der Serie Frequency von Georg Jensen.<\/p>\n<\/blockquote>\n<p style=\"text-align: justify;\">Ihre dramatische \u00c4sthetik und ihr edler Glanz scheinen fast zu opulent f\u00fcr den Inhalt. Das ist Ansichtssache und weit mehr als ein wirkungsvolles Stilelement. Denn die Muscheln sind kleine Kostbarkeiten, die an eine unvergessliche Fernreise erinnern.<\/p>\n","protected":false},"excerpt":{"rendered":"<p>\u00ab Dekoration mit Fantasie und Stil \u00bb Nat\u00fcrliche Akzente oder ausdrucksstarke Designobjekte? Die Frage er\u00fcbrigt sich, wenn man bei der Dekoration beides verkn\u00fcpft. Ausgefallene Vasen sind f\u00fcr sich ein Highlight. Es gen\u00fcgen deshalb floristische Ideen, die unkompliziert sind. Moderne Porzellankunst aus den USA Unz\u00e4hlige Lippen zieren das bauchige Porzellangef\u00e4\u00df. Sofort denken Kunstkenner an Salvador Dal\u00ed [&hellip;]<\/p>\n","protected":false},"author":4,"featured_media":13136,"comment_status":"closed","ping_status":"open","sticky":false,"template":"","format":"standard","meta":{"_et_pb_use_builder":"","_et_pb_old_content":"","_et_gb_content_width":"","inline_featured_image":false,"footnotes":""},"categories":[7],"tags":[1387,1435,1223,342,1433,206,341,458,1317,357,703,1434,146,1269],"class_list":["post-13105","post","type-post","status-publish","format-standard","has-post-thumbnail","hentry","category-accessoires-lifestyle","tag-bjoern-wiinblad","tag-blumenvase","tag-deko","tag-dekoration","tag-dekovasen","tag-ferm-living","tag-georg-jensen","tag-handgefertigt","tag-jonathan-adler","tag-kaehler","tag-mater","tag-mundgeblasen","tag-vasen","tag-wohndeko"],"_links":{"self":[{"href":"https:\/\/raum-blick.de\/magazin\/wp-json\/wp\/v2\/posts\/13105","targetHints":{"allow":["GET"]}}],"collection":[{"href":"https:\/\/raum-blick.de\/magazin\/wp-json\/wp\/v2\/posts"}],"about":[{"href":"https:\/\/raum-blick.de\/magazin\/wp-json\/wp\/v2\/types\/post"}],"author":[{"embeddable":true,"href":"https:\/\/raum-blick.de\/magazin\/wp-json\/wp\/v2\/users\/4"}],"replies":[{"embeddable":true,"href":"https:\/\/raum-blick.de\/magazin\/wp-json\/wp\/v2\/comments?post=13105"}],"version-history":[{"count":25,"href":"https:\/\/raum-blick.de\/magazin\/wp-json\/wp\/v2\/posts\/13105\/revisions"}],"predecessor-version":[{"id":20902,"href":"https:\/\/raum-blick.de\/magazin\/wp-json\/wp\/v2\/posts\/13105\/revisions\/20902"}],"wp:featuredmedia":[{"embeddable":true,"href":"https:\/\/raum-blick.de\/magazin\/wp-json\/wp\/v2\/media\/13136"}],"wp:attachment":[{"href":"https:\/\/raum-blick.de\/magazin\/wp-json\/wp\/v2\/media?parent=13105"}],"wp:term":[{"taxonomy":"category","embeddable":true,"href":"https:\/\/raum-blick.de\/magazin\/wp-json\/wp\/v2\/categories?post=13105"},{"taxonomy":"post_tag","embeddable":true,"href":"https:\/\/raum-blick.de\/magazin\/wp-json\/wp\/v2\/tags?post=13105"}],"curies":[{"name":"wp","href":"https:\/\/api.w.org\/{rel}","templated":true}]}}