{"id":131,"date":"2016-05-06T11:51:29","date_gmt":"2016-05-06T09:51:29","guid":{"rendered":"https:\/\/www.raum-blick.de\/magazin\/?p=131"},"modified":"2024-09-04T16:11:47","modified_gmt":"2024-09-04T14:11:47","slug":"eva-solo","status":"publish","type":"post","link":"https:\/\/raum-blick.de\/magazin\/eva-solo\/","title":{"rendered":"Eva Solo"},"content":{"rendered":"<h2><span class=\"ez-toc-section\" id=\"%C2%AB_Daenische_Innovationen_fuer_den_Alltag_%E2%80%93_moderne_Produkte_mit_Stil_von_Eva_Solo_%C2%BB\"><\/span>\u00ab D\u00e4nische Innovationen f\u00fcr den Alltag \u2013 moderne Produkte mit Stil von Eva Solo \u00bb<span class=\"ez-toc-section-end\"><\/span><\/h2>\n<p style=\"text-align: justify;\"><strong>Die Skandinavier leben gerne praktisch. Darum zeichnet sich skandinavisches Design durch schlichte Formen und klare, helle Farben aus. Ganz in dieser Tradition verpflichtend, steht Eva Solo seit Jahrzehnten f\u00fcr elegantes Wohndesign. Das Unternehmen ist bekannt f\u00fcr seine stilvollen Accessoires f\u00fcr alle Wohnr\u00e4ume \u2013 vom Garten bis hin zu Bad und K\u00fcche.<\/strong><\/p>\n<h2><span class=\"ez-toc-section\" id=\"Auf_den_Punkt_gebracht_%E2%80%93_stilvolles_Design_im_Alltag\"><\/span>Auf den Punkt gebracht \u2013 stilvolles Design im Alltag<span class=\"ez-toc-section-end\"><\/span><\/h2>\n<p style=\"text-align: justify;\">Die unterschiedliche Wahrnehmung von Form, Farbe und \u00c4sthetik im Wandel der Zeit ist kaum vorhersehbar und unterliegt einer Vielzahl von Faktoren. Pr\u00e4gend f\u00fcr das Lebensgef\u00fchl einer Generation ist dabei stets, welche Stile den Alltag bestimmt haben. Das Unternehmen Eva Solo steht f\u00fcr das Prinzip einer kunst- und lustvollen Gestaltung von allt\u00e4glichen Gebrauchsgegenst\u00e4nden. Hochwertiges Design bleibt nicht nur speziellen Luxusg\u00fctern vorbehalten, sondern dringt mit seinen funktionalen und \u00e4sthetischen Vorz\u00fcgen auch in die gew\u00f6hnlichsten Bereiche des t\u00e4glichen Lebens ein. Eva Solo ist dabei seit Jahrzehnten weltweit erfolgreich, indem es im Sinne des skandinavischen Stils auf klare und punktuelle, nicht \u00fcberladene und doch elegante Designs setzt, die sich mit ausgesprochener Funktionalit\u00e4t erg\u00e4nzen.<\/p><div id=\"ez-toc-container\" class=\"ez-toc-v2_0_82_2 counter-hierarchy ez-toc-counter ez-toc-grey ez-toc-container-direction\">\n<div class=\"ez-toc-title-container\">\n<p class=\"ez-toc-title\" style=\"cursor:inherit\">Was hier auf Sie wartet<\/p>\n<span class=\"ez-toc-title-toggle\"><a href=\"#\" class=\"ez-toc-pull-right ez-toc-btn ez-toc-btn-xs ez-toc-btn-default ez-toc-toggle\" aria-label=\"Toggle Table of Content\"><span class=\"ez-toc-js-icon-con\"><span class=\"\"><span class=\"eztoc-hide\" style=\"display:none;\">Toggle<\/span><span class=\"ez-toc-icon-toggle-span\"><svg style=\"fill: #999;color:#999\" xmlns=\"http:\/\/www.w3.org\/2000\/svg\" class=\"list-377408\" width=\"20px\" height=\"20px\" viewBox=\"0 0 24 24\" fill=\"none\"><path d=\"M6 6H4v2h2V6zm14 0H8v2h12V6zM4 11h2v2H4v-2zm16 0H8v2h12v-2zM4 16h2v2H4v-2zm16 0H8v2h12v-2z\" fill=\"currentColor\"><\/path><\/svg><svg style=\"fill: #999;color:#999\" class=\"arrow-unsorted-368013\" xmlns=\"http:\/\/www.w3.org\/2000\/svg\" width=\"10px\" height=\"10px\" viewBox=\"0 0 24 24\" version=\"1.2\" baseProfile=\"tiny\"><path d=\"M18.2 9.3l-6.2-6.3-6.2 6.3c-.2.2-.3.4-.3.7s.1.5.3.7c.2.2.4.3.7.3h11c.3 0 .5-.1.7-.3.2-.2.3-.5.3-.7s-.1-.5-.3-.7zM5.8 14.7l6.2 6.3 6.2-6.3c.2-.2.3-.5.3-.7s-.1-.5-.3-.7c-.2-.2-.4-.3-.7-.3h-11c-.3 0-.5.1-.7.3-.2.2-.3.5-.3.7s.1.5.3.7z\"\/><\/svg><\/span><\/span><\/span><\/a><\/span><\/div>\n<nav><ul class='ez-toc-list ez-toc-list-level-1 ' ><li class='ez-toc-page-1 ez-toc-heading-level-2'><a class=\"ez-toc-link ez-toc-heading-1\" href=\"https:\/\/raum-blick.de\/magazin\/eva-solo\/#%C2%AB_Daenische_Innovationen_fuer_den_Alltag_%E2%80%93_moderne_Produkte_mit_Stil_von_Eva_Solo_%C2%BB\" >\u00ab D\u00e4nische Innovationen f\u00fcr den Alltag \u2013 moderne Produkte mit Stil von Eva Solo \u00bb<\/a><\/li><li class='ez-toc-page-1 ez-toc-heading-level-2'><a class=\"ez-toc-link ez-toc-heading-2\" href=\"https:\/\/raum-blick.de\/magazin\/eva-solo\/#Auf_den_Punkt_gebracht_%E2%80%93_stilvolles_Design_im_Alltag\" >Auf den Punkt gebracht \u2013 stilvolles Design im Alltag<\/a><\/li><li class='ez-toc-page-1 ez-toc-heading-level-2'><a class=\"ez-toc-link ez-toc-heading-3\" href=\"https:\/\/raum-blick.de\/magazin\/eva-solo\/#Der_Tradition_verpflichtet_und_dennoch_immer_nach_vorne_gewandt\" >Der Tradition verpflichtet und dennoch immer nach vorne gewandt<\/a><\/li><li class='ez-toc-page-1 ez-toc-heading-level-2'><a class=\"ez-toc-link ez-toc-heading-4\" href=\"https:\/\/raum-blick.de\/magazin\/eva-solo\/#Eva_Solo_bestimmt_das_Unternehmen\" >Eva Solo bestimmt das Unternehmen<\/a><\/li><li class='ez-toc-page-1 ez-toc-heading-level-2'><a class=\"ez-toc-link ez-toc-heading-5\" href=\"https:\/\/raum-blick.de\/magazin\/eva-solo\/#Den_Alltag_kunstvoll_bereichern_und_unkomplizierter_gestalten\" >Den Alltag kunstvoll bereichern und unkomplizierter gestalten<\/a><\/li><\/ul><\/nav><\/div>\n\n<p style=\"text-align: justify;\"><a href=\"https:\/\/www.raum-blick.de\/kaffeebecher-eva-solo\"><img loading=\"lazy\" decoding=\"async\" class=\"aligncenter wp-image-162 size-full\" title=\"Eva Solo Kaffeebecher - 2er Set\" src=\"https:\/\/www.raum-blick.de\/magazin\/wp-content\/uploads\/2016\/06\/Eva-Solo-Kaffeebecher-1.jpg\" alt=\"Eva Solo Kaffeebecher\" width=\"660\" height=\"660\" srcset=\"https:\/\/raum-blick.de\/magazin\/wp-content\/uploads\/2016\/06\/Eva-Solo-Kaffeebecher-1.jpg 660w, https:\/\/raum-blick.de\/magazin\/wp-content\/uploads\/2016\/06\/Eva-Solo-Kaffeebecher-1-150x150.jpg 150w, https:\/\/raum-blick.de\/magazin\/wp-content\/uploads\/2016\/06\/Eva-Solo-Kaffeebecher-1-300x300.jpg 300w, https:\/\/raum-blick.de\/magazin\/wp-content\/uploads\/2016\/06\/Eva-Solo-Kaffeebecher-1-200x200.jpg 200w\" sizes=\"(max-width: 660px) 100vw, 660px\" \/><\/a><\/p>\n<h2><span class=\"ez-toc-section\" id=\"Der_Tradition_verpflichtet_und_dennoch_immer_nach_vorne_gewandt\"><\/span>Der Tradition verpflichtet und dennoch immer nach vorne gewandt<span class=\"ez-toc-section-end\"><\/span><\/h2>\n<p style=\"text-align: justify;\">Die Wurzeln des heutigen Unternehmens gehen auf die 1913 in der N\u00e4he von Kopenhagen gegr\u00fcndete Marke Kai Fog zur\u00fcck. Mit den frischen Impulsen durch Erik Mangor, dem Neffen des Gesch\u00e4ftsf\u00fchrers von Kai Fog, gelang schon 1939 der internationale Durchbruch des Unternehmens im Bereich des K\u00fcchenzubeh\u00f6rs. W\u00e4hrend sich das Produktprogramm in den ersten Unternehmensjahrzehnten den damaligen Rollenbildern entsprechend ganz auf die Bed\u00fcrfnisse von Hausfrauen ausrichtete, so strebt die heutige F\u00fclle an Produkten im Sortiment von Eva Solo nach Verbesserungen des Lebensalltags von M\u00e4nnern, Frauen und Kindern aller Gesellschafts- und Altersbereiche durch moderne Wohnaccessoires.<\/p>\n<p style=\"text-align: justify;\"><img loading=\"lazy\" decoding=\"async\" class=\"aligncenter wp-image-152 size-full\" title=\"Eva Solo Kaffeekapselspender - fasst bis zu 25 Kaffeekapseln\" src=\"https:\/\/www.raum-blick.de\/magazin\/wp-content\/uploads\/2016\/06\/Eva-Solo-Kaffeekapselspender.jpg\" alt=\"Eva Solo Kaffeekapselspender\" width=\"660\" height=\"660\" srcset=\"https:\/\/raum-blick.de\/magazin\/wp-content\/uploads\/2016\/06\/Eva-Solo-Kaffeekapselspender.jpg 660w, https:\/\/raum-blick.de\/magazin\/wp-content\/uploads\/2016\/06\/Eva-Solo-Kaffeekapselspender-150x150.jpg 150w, https:\/\/raum-blick.de\/magazin\/wp-content\/uploads\/2016\/06\/Eva-Solo-Kaffeekapselspender-300x300.jpg 300w, https:\/\/raum-blick.de\/magazin\/wp-content\/uploads\/2016\/06\/Eva-Solo-Kaffeekapselspender-200x200.jpg 200w\" sizes=\"(max-width: 660px) 100vw, 660px\" \/><\/p>\n<p style=\"text-align: justify;\">Der heutige Name geht dabei einerseits auf Erik Mangors Tochter Eva zur\u00fcck, nach der er in den 1950er Jahren eine neue Produktlinie benannte. Nachdem das Unternehmen im Jahr 1952 mit seiner Wurstschneidemaschine den ersten gro\u00dfen Erfolg verzeichnete, machte die Marke immer wieder durch praktisches K\u00fcchenzubeh\u00f6r von sich reden und erlangte hohe Bekanntheit weit \u00fcber die Landesgrenzen hinaus. Immer wieder setzte das noch heute als mittelst\u00e4ndischer Familienbetrieb gef\u00fchrte Unternehmen auf die Mitwirkung kreativer K\u00f6pfe aus D\u00e4nemark, um innovatives K\u00fcchenzubeh\u00f6r und andere Wohnaccessoires mit einem besonderen optischen und funktionalen Mehrwert zu erschaffen. Dies f\u00fchrte nicht zuletzt auch zur Einf\u00fchrung der Marke Eva Trio in den 1980ern, f\u00fcr die der d\u00e4nische Industriedesigner Ole Palsby als Chefdesigner gewonnen werden konnte. Das Label zeichnete insbesondere durch Geschirr und Wohnaccessoires aus und bildete praktisch den Grundstein f\u00fcr Eva Solo.<\/p>\n<h2><span class=\"ez-toc-section\" id=\"Eva_Solo_bestimmt_das_Unternehmen\"><\/span>Eva Solo bestimmt das Unternehmen<span class=\"ez-toc-section-end\"><\/span><\/h2>\n<p style=\"text-align: justify;\">Diese Marke wurde dann in den 1990ern eingef\u00fchrt und erweiterte das Sortiment des Unternehmens um weitere Lifestyle-Produkte f\u00fcr den Garten, die K\u00fcche und den allgemeinen Wohnbereichen. Verantwortlich f\u00fcr die Kreationen sind seit 1997 die beiden Designer Claus Jensen und Henrik Holb\u00e6k, Gr\u00fcnder des renommierten Designstudios Tools Design. Seit mit dem Kaffeezubereiter Caf\u00e9 Solo das erste Produkt lanciert wurde, das aus dieser Kooperation hervorging, pr\u00e4gen die beiden kreativen K\u00f6pfe das Design der Marke ma\u00dfgeblich.<\/p>\n<p style=\"text-align: justify;\"><img loading=\"lazy\" decoding=\"async\" class=\"aligncenter wp-image-135 size-full\" title=\"eva solo CafeSolo - Kaffeezubereiter\" src=\"https:\/\/www.raum-blick.de\/magazin\/wp-content\/uploads\/2016\/06\/eva-solo-CafeSolo-Kaffeezubereiter.jpg\" alt=\"eva solo CafeSolo Kaffeezubereiter\" width=\"660\" height=\"660\" srcset=\"https:\/\/raum-blick.de\/magazin\/wp-content\/uploads\/2016\/06\/eva-solo-CafeSolo-Kaffeezubereiter.jpg 660w, https:\/\/raum-blick.de\/magazin\/wp-content\/uploads\/2016\/06\/eva-solo-CafeSolo-Kaffeezubereiter-150x150.jpg 150w, https:\/\/raum-blick.de\/magazin\/wp-content\/uploads\/2016\/06\/eva-solo-CafeSolo-Kaffeezubereiter-300x300.jpg 300w, https:\/\/raum-blick.de\/magazin\/wp-content\/uploads\/2016\/06\/eva-solo-CafeSolo-Kaffeezubereiter-200x200.jpg 200w\" sizes=\"(max-width: 660px) 100vw, 660px\" \/><\/p>\n<p style=\"text-align: justify;\">Nachdem 1998 Jan Engelbrecht die Gesch\u00e4ftsf\u00fchrung \u00fcbernahm, konzentrierte sich das Unternehmen f\u00fcr den internationalen Markt immer mehr auf die junge Marke Eva Solo, die neben K\u00fcchenzubeh\u00f6r sukzessive um die Bereiche Wohn- und Gartendekoration und Grills erweitert wurde. Da die Marke <a href=\"https:\/\/www.raum-blick.de\/eva-solo\/\">Eva Solo<\/a> letztendlich solch einen hohen Bekanntheitsgrad erreichte, wurde zur Schaffung eines einheitlichen Markenbildes das gesamte Unternehmen nach dieser Brand benannt.<\/p>\n<h2><span class=\"ez-toc-section\" id=\"Den_Alltag_kunstvoll_bereichern_und_unkomplizierter_gestalten\"><\/span><img loading=\"lazy\" decoding=\"async\" class=\"alignright wp-image-141 size-full\" title=\"eva solo Karaffe - sp\u00fclmaschinenfest &amp; tropffrei\" src=\"https:\/\/www.raum-blick.de\/magazin\/wp-content\/uploads\/2016\/06\/eva-solo-Karaffe.jpg\" alt=\"eva solo Karaffe\" width=\"200\" height=\"200\" srcset=\"https:\/\/raum-blick.de\/magazin\/wp-content\/uploads\/2016\/06\/eva-solo-Karaffe.jpg 200w, https:\/\/raum-blick.de\/magazin\/wp-content\/uploads\/2016\/06\/eva-solo-Karaffe-150x150.jpg 150w\" sizes=\"(max-width: 200px) 100vw, 200px\" \/>Den Alltag kunstvoll bereichern und unkomplizierter gestalten<span class=\"ez-toc-section-end\"><\/span><\/h2>\n<p style=\"text-align: justify;\">Die Marke hat im Laufe der nunmehr \u00fcber 100-j\u00e4hrigen Firmengeschichte immer wieder aufs Neue bewiesen, dass innovatives K\u00fcchen- und Wohndesign weder aufwendig noch optisch extravagant sein muss. Die gro\u00dfe Beliebtheit der innovativen Wohnaccessoires liegt wohl genau darin begr\u00fcndet, dass Produkte wie die Eva Solo Karaffe den kleinsten gemeinsamen Nenner von optischen Faktoren und einer absoluten Benutzerfreundlichkeit abbilden. Ein Produkt-Highlight der letzten Jahre, an der man diese Maxime deutlich erkennen kann, stellt etwa die Eva Solo Karaffe dar, die gleicherma\u00dfen f\u00fcr Hei\u00df- und Kaltgetr\u00e4nke, zum Aufbewahren von S\u00e4ften und Dressings oder zum Dekantieren von Wein verwendet werden kann. Auch hierf\u00fcr zeigten sich die Innovatoren Holb\u00e6k und Jensen verantwortlich. Eine spezielle Besonderheit ihrer Kreation stellt der Flip-Top-Verschluss aus Silikon und Edelstahl dar. Dieser \u00f6ffnet sich beim Ausgie\u00dfen v\u00f6llig automatisch und schlie\u00dft den praktisch breiten Flaschenhals anschlie\u00dfend wieder tropffrei ab. So k\u00f6nnen l\u00e4stige R\u00e4nder auf dem Esstisch gar nicht erst entstehen. Das f\u00fcr die Eva Solo Karaffe verwendete Borrosilikat-Glas ist hitzefest und f\u00fcr die Reinigung in der Sp\u00fclmaschine geeignet. Rund um dieses besondere Produkt aus der d\u00e4nischen Designschmiede werden mittlerweile auch handliche Trinkflaschen f\u00fcr unterwegs oder Neoprenh\u00fcllen f\u00fcr den K\u00fchlschrank angeboten.<\/p>\n<p><center><a href=\"https:\/\/www.raum-blick.de\/trinkflasche-0-5-l-eva-solo\"><img loading=\"lazy\" decoding=\"async\" class=\"alignnone wp-image-143 size-medium\" title=\"eva solo Trinkflasche - ohne sch\u00e4dliche Substanzen\" src=\"https:\/\/www.raum-blick.de\/magazin\/wp-content\/uploads\/2016\/06\/eva-solo-Trinkflasche-300x300.jpg\" alt=\"eva solo Trinkflasche\" width=\"300\" height=\"300\" srcset=\"https:\/\/raum-blick.de\/magazin\/wp-content\/uploads\/2016\/06\/eva-solo-Trinkflasche-300x300.jpg 300w, https:\/\/raum-blick.de\/magazin\/wp-content\/uploads\/2016\/06\/eva-solo-Trinkflasche-150x150.jpg 150w, https:\/\/raum-blick.de\/magazin\/wp-content\/uploads\/2016\/06\/eva-solo-Trinkflasche-768x768.jpg 768w, https:\/\/raum-blick.de\/magazin\/wp-content\/uploads\/2016\/06\/eva-solo-Trinkflasche-1024x1024.jpg 1024w, https:\/\/raum-blick.de\/magazin\/wp-content\/uploads\/2016\/06\/eva-solo-Trinkflasche-200x200.jpg 200w, https:\/\/raum-blick.de\/magazin\/wp-content\/uploads\/2016\/06\/eva-solo-Trinkflasche.jpg 1500w\" sizes=\"(max-width: 300px) 100vw, 300px\" \/><\/a> <img loading=\"lazy\" decoding=\"async\" class=\"alignnone wp-image-144 size-medium\" title=\"eva solo K\u00fchlschrankflasche - mit Neoprenh\u00fclle\" src=\"https:\/\/www.raum-blick.de\/magazin\/wp-content\/uploads\/2016\/06\/eva-solo-K\u00fchlschrankflasche-300x300.jpg\" alt=\"eva solo K\u00fchlschrankflasche\" width=\"300\" height=\"300\" srcset=\"https:\/\/raum-blick.de\/magazin\/wp-content\/uploads\/2016\/06\/eva-solo-K\u00fchlschrankflasche-300x300.jpg 300w, https:\/\/raum-blick.de\/magazin\/wp-content\/uploads\/2016\/06\/eva-solo-K\u00fchlschrankflasche-150x150.jpg 150w, https:\/\/raum-blick.de\/magazin\/wp-content\/uploads\/2016\/06\/eva-solo-K\u00fchlschrankflasche-768x768.jpg 768w, https:\/\/raum-blick.de\/magazin\/wp-content\/uploads\/2016\/06\/eva-solo-K\u00fchlschrankflasche-1024x1024.jpg 1024w, https:\/\/raum-blick.de\/magazin\/wp-content\/uploads\/2016\/06\/eva-solo-K\u00fchlschrankflasche-200x200.jpg 200w, https:\/\/raum-blick.de\/magazin\/wp-content\/uploads\/2016\/06\/eva-solo-K\u00fchlschrankflasche.jpg 1200w\" sizes=\"(max-width: 300px) 100vw, 300px\" \/><\/center><\/p>\n<p style=\"text-align: justify;\">Wohnaccessoires m\u00fcssen heutzutage verschiedene Anforderungen perfekt erf\u00fcllen, um das menschliche Bed\u00fcrfnis nach einem sch\u00f6n eingerichteten Zuhause, einer repr\u00e4sentativen Einrichtung und einer benutzerfreundlichen Funktion zu stillen. Die Designer Holb\u00e6k und Jensen sind stets um die schwierige Gratwanderung zwischen Materialauswahl, Funktionalit\u00e4t und Form bem\u00fcht, um aus Bew\u00e4hrtem mit frischen Impulsen Neues und noch Besseres zu erschaffen. Man darf gespannt sein, welche schicken Kreationen uns Eva Solo in Zukunft noch beschert.<\/p>\n","protected":false},"excerpt":{"rendered":"<p>\u00ab D\u00e4nische Innovationen f\u00fcr den Alltag \u2013 moderne Produkte mit Stil von Eva Solo \u00bb Die Skandinavier leben gerne praktisch. Darum zeichnet sich skandinavisches Design durch schlichte Formen und klare, helle Farben aus. Ganz in dieser Tradition verpflichtend, steht Eva Solo seit Jahrzehnten f\u00fcr elegantes Wohndesign. Das Unternehmen ist bekannt f\u00fcr seine stilvollen Accessoires f\u00fcr [&hellip;]<\/p>\n","protected":false},"author":4,"featured_media":170,"comment_status":"closed","ping_status":"open","sticky":false,"template":"","format":"standard","meta":{"_et_pb_use_builder":"","_et_pb_old_content":"","_et_gb_content_width":"","inline_featured_image":false,"footnotes":""},"categories":[8],"tags":[14,18,11],"class_list":["post-131","post","type-post","status-publish","format-standard","has-post-thumbnail","hentry","category-features","tag-ausstattung","tag-eva-solo","tag-kuechenhelfer"],"_links":{"self":[{"href":"https:\/\/raum-blick.de\/magazin\/wp-json\/wp\/v2\/posts\/131","targetHints":{"allow":["GET"]}}],"collection":[{"href":"https:\/\/raum-blick.de\/magazin\/wp-json\/wp\/v2\/posts"}],"about":[{"href":"https:\/\/raum-blick.de\/magazin\/wp-json\/wp\/v2\/types\/post"}],"author":[{"embeddable":true,"href":"https:\/\/raum-blick.de\/magazin\/wp-json\/wp\/v2\/users\/4"}],"replies":[{"embeddable":true,"href":"https:\/\/raum-blick.de\/magazin\/wp-json\/wp\/v2\/comments?post=131"}],"version-history":[{"count":30,"href":"https:\/\/raum-blick.de\/magazin\/wp-json\/wp\/v2\/posts\/131\/revisions"}],"predecessor-version":[{"id":20943,"href":"https:\/\/raum-blick.de\/magazin\/wp-json\/wp\/v2\/posts\/131\/revisions\/20943"}],"wp:featuredmedia":[{"embeddable":true,"href":"https:\/\/raum-blick.de\/magazin\/wp-json\/wp\/v2\/media\/170"}],"wp:attachment":[{"href":"https:\/\/raum-blick.de\/magazin\/wp-json\/wp\/v2\/media?parent=131"}],"wp:term":[{"taxonomy":"category","embeddable":true,"href":"https:\/\/raum-blick.de\/magazin\/wp-json\/wp\/v2\/categories?post=131"},{"taxonomy":"post_tag","embeddable":true,"href":"https:\/\/raum-blick.de\/magazin\/wp-json\/wp\/v2\/tags?post=131"}],"curies":[{"name":"wp","href":"https:\/\/api.w.org\/{rel}","templated":true}]}}