{"id":12972,"date":"2021-05-06T13:17:22","date_gmt":"2021-05-06T11:17:22","guid":{"rendered":"https:\/\/www.raum-blick.de\/magazin\/?p=12972"},"modified":"2021-09-02T15:52:12","modified_gmt":"2021-09-02T13:52:12","slug":"ok-design-acapulco-chair","status":"publish","type":"post","link":"https:\/\/raum-blick.de\/magazin\/ok-design-acapulco-chair\/","title":{"rendered":"Der OK Design Acapulco Chair"},"content":{"rendered":"<h2><span class=\"ez-toc-section\" id=\"%C2%AB_Der_Design-Klassiker_aus_Mexiko_%C2%BB\"><\/span>\u00ab Der Design-Klassiker aus Mexiko \u00bb<span class=\"ez-toc-section-end\"><\/span><\/h2>\n<p style=\"text-align: justify;\"><strong>Er schw\u00e4rmt von tropischem Sonnenwetter, endlosen Sandstr\u00e4nden und spritzigen Cocktails. Kein Wunder, dass der Acapulco Chair spontan das Herz erobert. So bezaubernd wie der Link zu fernen Urlaubsdestinationen ist der luftige Auftritt der ikonischen Loungesessel von OK Design.<\/strong><\/p>\n<h2><span class=\"ez-toc-section\" id=\"Die_Leichtigkeit_des_Seins_als_Stuhldesign\"><\/span>Die Leichtigkeit des Seins als Stuhldesign<span class=\"ez-toc-section-end\"><\/span><\/h2>\n<p style=\"text-align: justify;\">Grazil ist das Gestell aus pulverbeschichtetem Stahl gestaltet. \u00dcberraschenderweise begrenzt es sich auf drei Beine, auf denen die organisch geformte Sitzschale thront. Sie schlie\u00dft sich der raffinierten Luftigkeit des Unterbaus an:<\/p><div id=\"ez-toc-container\" class=\"ez-toc-v2_0_82_2 counter-hierarchy ez-toc-counter ez-toc-grey ez-toc-container-direction\">\n<div class=\"ez-toc-title-container\">\n<p class=\"ez-toc-title\" style=\"cursor:inherit\">Was hier auf Sie wartet<\/p>\n<span class=\"ez-toc-title-toggle\"><a href=\"#\" class=\"ez-toc-pull-right ez-toc-btn ez-toc-btn-xs ez-toc-btn-default ez-toc-toggle\" aria-label=\"Toggle Table of Content\"><span class=\"ez-toc-js-icon-con\"><span class=\"\"><span class=\"eztoc-hide\" style=\"display:none;\">Toggle<\/span><span class=\"ez-toc-icon-toggle-span\"><svg style=\"fill: #999;color:#999\" xmlns=\"http:\/\/www.w3.org\/2000\/svg\" class=\"list-377408\" width=\"20px\" height=\"20px\" viewBox=\"0 0 24 24\" fill=\"none\"><path d=\"M6 6H4v2h2V6zm14 0H8v2h12V6zM4 11h2v2H4v-2zm16 0H8v2h12v-2zM4 16h2v2H4v-2zm16 0H8v2h12v-2z\" fill=\"currentColor\"><\/path><\/svg><svg style=\"fill: #999;color:#999\" class=\"arrow-unsorted-368013\" xmlns=\"http:\/\/www.w3.org\/2000\/svg\" width=\"10px\" height=\"10px\" viewBox=\"0 0 24 24\" version=\"1.2\" baseProfile=\"tiny\"><path d=\"M18.2 9.3l-6.2-6.3-6.2 6.3c-.2.2-.3.4-.3.7s.1.5.3.7c.2.2.4.3.7.3h11c.3 0 .5-.1.7-.3.2-.2.3-.5.3-.7s-.1-.5-.3-.7zM5.8 14.7l6.2 6.3 6.2-6.3c.2-.2.3-.5.3-.7s-.1-.5-.3-.7c-.2-.2-.4-.3-.7-.3h-11c-.3 0-.5.1-.7.3-.2.2-.3.5-.3.7s.1.5.3.7z\"\/><\/svg><\/span><\/span><\/span><\/a><\/span><\/div>\n<nav><ul class='ez-toc-list ez-toc-list-level-1 ' ><li class='ez-toc-page-1 ez-toc-heading-level-2'><a class=\"ez-toc-link ez-toc-heading-1\" href=\"https:\/\/raum-blick.de\/magazin\/ok-design-acapulco-chair\/#%C2%AB_Der_Design-Klassiker_aus_Mexiko_%C2%BB\" >\u00ab Der Design-Klassiker aus Mexiko \u00bb<\/a><\/li><li class='ez-toc-page-1 ez-toc-heading-level-2'><a class=\"ez-toc-link ez-toc-heading-2\" href=\"https:\/\/raum-blick.de\/magazin\/ok-design-acapulco-chair\/#Die_Leichtigkeit_des_Seins_als_Stuhldesign\" >Die Leichtigkeit des Seins als Stuhldesign<\/a><\/li><li class='ez-toc-page-1 ez-toc-heading-level-2'><a class=\"ez-toc-link ez-toc-heading-3\" href=\"https:\/\/raum-blick.de\/magazin\/ok-design-acapulco-chair\/#Der_Acapulco_Chair_Erfolgsstory_mit_Inspirationskraft\" >Der Acapulco Chair: Erfolgsstory mit Inspirationskraft<\/a><\/li><li class='ez-toc-page-1 ez-toc-heading-level-2'><a class=\"ez-toc-link ez-toc-heading-4\" href=\"https:\/\/raum-blick.de\/magazin\/ok-design-acapulco-chair\/#Kultige_Designmoebel_mit_Glamourfaktor\" >Kultige Designm\u00f6bel mit Glamourfaktor<\/a><\/li><li class='ez-toc-page-1 ez-toc-heading-level-2'><a class=\"ez-toc-link ez-toc-heading-5\" href=\"https:\/\/raum-blick.de\/magazin\/ok-design-acapulco-chair\/#Viva_la_Mexico\" >Viva la M\u00e9xico!<\/a><\/li><li class='ez-toc-page-1 ez-toc-heading-level-2'><a class=\"ez-toc-link ez-toc-heading-6\" href=\"https:\/\/raum-blick.de\/magazin\/ok-design-acapulco-chair\/#Daenisches_Design_mit_weltoffenem_Touch\" >D\u00e4nisches Design mit weltoffenem Touch<\/a><\/li><\/ul><\/nav><\/div>\n\n<blockquote>\n<p style=\"text-align: justify;\">Netzartig entfaltet sich die au\u00dfergew\u00f6hnliche PVC-Bespannung, um einen korbartigen Loungesessel zu schaffen.<\/p>\n<\/blockquote>\n<p style=\"text-align: justify;\">Magisch f\u00fchlt man sich angezogen, sobald die Sitzm\u00f6bel das Interesse geweckt haben. Das gleicht einer Einladung zur Ruhepause im Freien. Wer sie annimmt, verweilt oft l\u00e4nger als geplant.<\/p>\n<div class=\"brlbs-cmpnt-container brlbs-cmpnt-content-blocker brlbs-cmpnt-with-individual-styles\" data-borlabs-cookie-content-blocker-id=\"default\" data-borlabs-cookie-content=\"PGlmcmFtZSB0aXRsZT0iWW91VHViZSB2aWRlbyBwbGF5ZXIiIHNyYz0iaHR0cHM6Ly93d3cueW91dHViZS1ub2Nvb2tpZS5jb20vZW1iZWQvUmlNdmtkMFBFS2MiIHdpZHRoPSI1NjAiIGhlaWdodD0iMzE1IiBmcmFtZWJvcmRlcj0iMCIgYWxsb3dmdWxsc2NyZWVuPSJhbGxvd2Z1bGxzY3JlZW4iPjwvaWZyYW1lPg==\">\n<div class=\"brlbs-cmpnt-cb-preset-a\">\n<p class=\"brlbs-cmpnt-cb-description\">Sie sehen gerade einen Platzhalterinhalt von <strong>Standard<\/strong>. Um auf den eigentlichen Inhalt zuzugreifen, klicken Sie auf den Button unten. Bitte beachten Sie, dass dabei Daten an Drittanbieter weitergegeben werden.<\/p>\n<div class=\"brlbs-cmpnt-cb-buttons\"> <a class=\"brlbs-cmpnt-cb-btn\" href=\"#\" data-borlabs-cookie-unblock role=\"button\">Inhalt entsperren<\/a> <a class=\"brlbs-cmpnt-cb-btn\" href=\"#\" data-borlabs-cookie-accept-service role=\"button\" style=\"display: none\">Erforderlichen Service akzeptieren und Inhalte entsperren<\/a> <\/div>\n<p> <a class=\"brlbs-cmpnt-cb-provider-toggle\" href=\"#\" data-borlabs-cookie-show-provider-information role=\"button\">Weitere Informationen<\/a> <\/div>\n<\/div>\n<p style=\"text-align: justify;\">Denn die Loungem\u00f6bel sind nicht nur stylish, sondern auch ausgesprochen bequem. Genau diese Kombination bewog <a href=\"https:\/\/www.raum-blick.de\/ok-design\/\">OK Design<\/a>, den <a href=\"https:\/\/www.raum-blick.de\/ok-design-acapulco-chair\">Acapulco Chair<\/a> zu produzieren.<\/p>\n<h2><span class=\"ez-toc-section\" id=\"Der_Acapulco_Chair_Erfolgsstory_mit_Inspirationskraft\"><\/span>Der Acapulco Chair: Erfolgsstory mit Inspirationskraft<span class=\"ez-toc-section-end\"><\/span><\/h2>\n<p style=\"text-align: justify;\">Der laue Sommerabend ist f\u00fcr einen Drink auf der Terrasse geschaffen. Binnen von Minuten ger\u00e4t der Alltag in Vergessenheit, w\u00e4hrend die Gedanken auf Wanderschaft gehen. Die entspannte Atmosph\u00e4re sch\u00fcrt den Optimismus ebenso wie das Fernweh. Vorprogrammiert ist die Sehnsucht, das Gewohnten hinter sich zu lassen und etwas Neues zu wagen. Oft bleibt es beim Tagtraum, den Jacob Fasting in die Tat umsetzte. Der D\u00e4ne gr\u00fcndete das erste Fahrradkurierunternehmen in Mexiko City. Schon f\u00fcnf Jahre sp\u00e4ter war er bereit f\u00fcr die n\u00e4chste Herausforderung.<\/p>\n<p><a href=\"https:\/\/www.raum-blick.de\/ok-design-acapulco-chair\"><img loading=\"lazy\" decoding=\"async\" class=\"aligncenter wp-image-12996 size-full\" title=\"OK Design \u2013 Acapulco Chair in der Farbe Schwarz\" src=\"https:\/\/www.raum-blick.de\/magazin\/wp-content\/uploads\/2021\/06\/OK-Design-Acapulco-Chair-schwarz.jpg\" alt=\"OK Design Acapulco Chair schwarz\" width=\"600\" height=\"500\" srcset=\"https:\/\/raum-blick.de\/magazin\/wp-content\/uploads\/2021\/06\/OK-Design-Acapulco-Chair-schwarz.jpg 600w, https:\/\/raum-blick.de\/magazin\/wp-content\/uploads\/2021\/06\/OK-Design-Acapulco-Chair-schwarz-300x250.jpg 300w\" sizes=\"(max-width: 600px) 100vw, 600px\" \/><\/a><\/p>\n<p style=\"text-align: justify;\">Gemeinsam mit Kirsten Krogh erkundete er das mittelamerikanische Land. Dabei entdeckten sie landestypische Sessel, deren unkonventionelle Machart sie sofort begeisterte. Das Paar beschloss im Jahr 2007, die Fundst\u00fccke modern zu interpretieren und in Europa zu vermarkten. Diese Idee erwies sich als grandios. Heute vertreibt OK Design den Acapulco Chair weltweit, dessen Stil kennzeichnend f\u00fcrs Markenportfolio ist. Es bekennt sich durchweg zu einer optischen Leichtigkeit, die wunderbar zum gel\u00f6sten Gef\u00fchl an einem Sommertag und zur modernen Lebensart passt.<\/p>\n<h2><span class=\"ez-toc-section\" id=\"Kultige_Designmoebel_mit_Glamourfaktor\"><\/span>Kultige Designm\u00f6bel mit Glamourfaktor<span class=\"ez-toc-section-end\"><\/span><\/h2>\n<p style=\"text-align: justify;\">Herrlich ist das urbane Panorama! Hohe Berge erheben sich direkt hinter der pulsierenden Gro\u00dfstadt. Ihr zu F\u00fc\u00dfen liegt die K\u00fcste, die endlos scheinenden Sandstr\u00e4nden s\u00e4umen. Gleich nach dem Einchecken wird die Terrasse des Luxushotels angesteuert. Dort verw\u00f6hnt der Cocktail ebenso die Sinne wie das warme Klima.<\/p>\n<p><a href=\"https:\/\/www.raum-blick.de\/ok-design-acapulco-chair\"><img loading=\"lazy\" decoding=\"async\" class=\"aligncenter wp-image-12982 size-full\" title=\"OK Design \u2013 Acapulco Chair | ein Klassiker - der Acapulco Sessel\" src=\"https:\/\/www.raum-blick.de\/magazin\/wp-content\/uploads\/2021\/06\/ok-design-acapulco-chair.jpg\" alt=\"ok-design-acapulco-chair\" width=\"600\" height=\"600\" srcset=\"https:\/\/raum-blick.de\/magazin\/wp-content\/uploads\/2021\/06\/ok-design-acapulco-chair.jpg 600w, https:\/\/raum-blick.de\/magazin\/wp-content\/uploads\/2021\/06\/ok-design-acapulco-chair-300x300.jpg 300w, https:\/\/raum-blick.de\/magazin\/wp-content\/uploads\/2021\/06\/ok-design-acapulco-chair-150x150.jpg 150w\" sizes=\"(max-width: 600px) 100vw, 600px\" \/><\/a><\/p>\n<p style=\"text-align: justify;\">Einzigartig konterkarieren mutige Klippenspringer das relaxte Sonnenbad am Pool. Strotzend vor Energie bricht man abends zur Beachparty auf und zelebriert die Lebenslust bis zum Morgengrauen. Wer schon beim Lesen imagin\u00e4r den Koffer packt, befindet sich in bester Gesellschaft. In den 1950ern entdeckten Stars und Sternchen Acapulco f\u00fcr sich.<\/p>\n<p><a href=\"https:\/\/www.raum-blick.de\/ok-design-acapulco-chair\"><img loading=\"lazy\" decoding=\"async\" class=\"aligncenter wp-image-13002 size-full\" title=\"OK Design \u2013 Acapulco Chair in verschiedenen Farben\" src=\"https:\/\/www.raum-blick.de\/magazin\/wp-content\/uploads\/2021\/06\/ok-design-acapulco-chair-farben.jpg\" alt=\"ok-design-acapulco-chair-farben\" width=\"600\" height=\"400\" srcset=\"https:\/\/raum-blick.de\/magazin\/wp-content\/uploads\/2021\/06\/ok-design-acapulco-chair-farben.jpg 600w, https:\/\/raum-blick.de\/magazin\/wp-content\/uploads\/2021\/06\/ok-design-acapulco-chair-farben-300x200.jpg 300w\" sizes=\"(max-width: 600px) 100vw, 600px\" \/><\/a><\/p>\n<p style=\"text-align: justify;\">Drei Flugstunden gen\u00fcgten, um Los Angeles den R\u00fccken zu kehren und im mexikanischen Paradies zu landen. Das bewog Ber\u00fchmtheiten wie John Wayne dazu, eine Allianz zu bilden und das popul\u00e4re Hotel Los Flamingos kurzum zu erwerben. Es ist gut m\u00f6glich, dass sich die sogenannte Hollywood Gang wenig sp\u00e4ter in gewebten Sitzm\u00f6beln niederlie\u00df und ihren Coup feierte.<\/p>\n<blockquote>\n<p style=\"text-align: justify;\">Denn der Acapulco Chair war damals en vogue und glich einem Symbol f\u00fcrs Jetset-Vergn\u00fcgen am Pazifik.<\/p>\n<\/blockquote>\n<p style=\"text-align: justify;\">Die Legende besagt, dass ihn ein franz\u00f6sischer Tourist entwarf. Er w\u00fcnschte sich einen Mix aus Terrassenstuhl und H\u00e4ngematte. Die Quintessenz war der aparte Loungesessel. Ob die Geschichte wahr ist, bleibt unklar. Zweifelsfrei steht aber fest: Die Designikone ist fast un\u00fcbertrefflich schick.<\/p>\n<h2><span class=\"ez-toc-section\" id=\"Viva_la_Mexico\"><\/span>Viva la M\u00e9xico!<span class=\"ez-toc-section-end\"><\/span><\/h2>\n<p style=\"text-align: justify;\">Nach dem stressigen Tag wird man vom Loungesessel auf der Dachterrasse begr\u00fc\u00dft. Wie Strahlen wirkt sein Geflecht, das auf dem Boden atmosph\u00e4rische Schattenspiele provoziert. Sofort richtet man den Lieblingsplatz aus, damit die Sonne das Gesicht verw\u00f6hnt. Das gelingt m\u00fchelos, weil OK Design den Acapulco Chair leicht konzipierte. Durch seine tiefe Schalenform umschmeichelt er den K\u00f6rper. Optimal unterstreicht das Sitzkissen den Komfort.<\/p>\n<p><a href=\"https:\/\/www.raum-blick.de\/ok-design-acapulco-sitzkissen\"><img loading=\"lazy\" decoding=\"async\" class=\"aligncenter wp-image-12975\" title=\"OK Design \u2013 Acapulco Sitzkissen | passend zum Sessel geformtes Kissen\" src=\"https:\/\/www.raum-blick.de\/magazin\/wp-content\/uploads\/2021\/06\/OK-Design-Acapulco-Sitzkissen.jpg\" alt=\"OK Design Acapulco Sitzkissen\" width=\"450\" height=\"450\" srcset=\"https:\/\/raum-blick.de\/magazin\/wp-content\/uploads\/2021\/06\/OK-Design-Acapulco-Sitzkissen.jpg 600w, https:\/\/raum-blick.de\/magazin\/wp-content\/uploads\/2021\/06\/OK-Design-Acapulco-Sitzkissen-300x300.jpg 300w, https:\/\/raum-blick.de\/magazin\/wp-content\/uploads\/2021\/06\/OK-Design-Acapulco-Sitzkissen-150x150.jpg 150w\" sizes=\"(max-width: 450px) 100vw, 450px\" \/><\/a><\/p>\n<p style=\"text-align: justify;\">Der passende Hocker Centro l\u00e4dt dazu ein, die F\u00fc\u00dfe hochzulegen. Genussvoll gibt man sich dem Relaxen hin, w\u00e4hrend der Geist auf Reisen geht. Schnell landet er an der Pazifikk\u00fcste und malt sich aus, wie Liz Taylor und Frank Sinatra ihren Urlaub s\u00fcffisant genossen. Der Gedanke, dass sie dabei \u00e4hnliche Loungem\u00f6bel nutzten, ist nicht nur am\u00fcsant. Er liefert Ideen, um den Feierabend genussvoll zu zelebrieren.<\/p>\n<p><a href=\"https:\/\/www.raum-blick.de\/ok-design-centro-hocker\"><img loading=\"lazy\" decoding=\"async\" class=\"aligncenter wp-image-12989 size-full\" title=\"OK Design \u2013 Centro Hocker | Hocker und Beistelltisch in einem\" src=\"https:\/\/www.raum-blick.de\/magazin\/wp-content\/uploads\/2021\/06\/ok-design-centro-hocker.jpg\" alt=\"ok-design-centro-hocker\" width=\"600\" height=\"600\" srcset=\"https:\/\/raum-blick.de\/magazin\/wp-content\/uploads\/2021\/06\/ok-design-centro-hocker.jpg 600w, https:\/\/raum-blick.de\/magazin\/wp-content\/uploads\/2021\/06\/ok-design-centro-hocker-300x300.jpg 300w, https:\/\/raum-blick.de\/magazin\/wp-content\/uploads\/2021\/06\/ok-design-centro-hocker-150x150.jpg 150w\" sizes=\"(max-width: 600px) 100vw, 600px\" \/><\/a><\/p>\n<p style=\"text-align: justify;\">Flink werden Nachos in die Auflaufform man\u00f6vriert und mit K\u00e4se \u00fcberbacken. Ein Sch\u00e4lchen Salsa zum Dippen gesellt sich hinzu. Am Barwagen im Wohnzimmer vereinen sich Tequila, Limettensaft und Grapefruit-Limonade zum Paloma. Snack und Longdrink landen auf dem Tablett, das OK Design passend zum Flechthocker entwarf. Er verwandelt sich dadurch beim Servieren in einen Beistelltisch.<\/p>\n<p><a href=\"https:\/\/www.raum-blick.de\/ok-design-tablett-fuer-den-centro-hocker\"><img loading=\"lazy\" decoding=\"async\" class=\"aligncenter wp-image-12991 size-full\" title=\"OK Design \u2013 Tablett f\u00fcr den Centro Hocker | vom Hocker zum Beistelltisch\" src=\"https:\/\/www.raum-blick.de\/magazin\/wp-content\/uploads\/2021\/06\/ok-design-tablett-fuer-den-centro-hocker.jpg\" alt=\"ok-design-tablett-fuer-den-centro-hocker\" width=\"600\" height=\"600\" srcset=\"https:\/\/raum-blick.de\/magazin\/wp-content\/uploads\/2021\/06\/ok-design-tablett-fuer-den-centro-hocker.jpg 600w, https:\/\/raum-blick.de\/magazin\/wp-content\/uploads\/2021\/06\/ok-design-tablett-fuer-den-centro-hocker-300x300.jpg 300w, https:\/\/raum-blick.de\/magazin\/wp-content\/uploads\/2021\/06\/ok-design-tablett-fuer-den-centro-hocker-150x150.jpg 150w\" sizes=\"(max-width: 600px) 100vw, 600px\" \/><\/a><\/p>\n<p style=\"text-align: justify;\">Die Leckereien genie\u00dft man nicht allein auf dem Loungesessel, sondern mit Elvis Presley. W\u00e4hrend er musikalisch vom &#8222;Fun in Acapulco&#8220; schw\u00e4rmt, seufzt man auf: mexikanischer Urlaub auf Balkonien &#8211; perfekt!<\/p>\n<h2><span class=\"ez-toc-section\" id=\"Daenisches_Design_mit_weltoffenem_Touch\"><\/span>D\u00e4nisches Design mit weltoffenem Touch<span class=\"ez-toc-section-end\"><\/span><\/h2>\n<p style=\"text-align: justify;\">Nach dem gemeinsamen Sommervergn\u00fcgen trennt man sich ungern vom Acapulco Chair. Daf\u00fcr gibt es gl\u00fccklicherweise keinen Grund. Er signiert die Wohnung genauso schick wie die Terrassengestaltung. Gleiches gilt f\u00fcr die meisten M\u00f6bel und Accessoires von OK Design. Die Entw\u00fcrfe wirken erfrischend unkompliziert und raffiniert zugleich.<\/p>\n<p><a href=\"https:\/\/www.raum-blick.de\/ok-design-acapulco-chair\"><img loading=\"lazy\" decoding=\"async\" class=\"aligncenter wp-image-12986 size-full\" title=\"Wei\u00dfer Acapulco Chair von OK Design\" src=\"https:\/\/www.raum-blick.de\/magazin\/wp-content\/uploads\/2021\/06\/OK-Design-Acapulco-Chair-weiss.jpg\" alt=\"OK Design Acapulco Chair weiss\" width=\"600\" height=\"600\" srcset=\"https:\/\/raum-blick.de\/magazin\/wp-content\/uploads\/2021\/06\/OK-Design-Acapulco-Chair-weiss.jpg 600w, https:\/\/raum-blick.de\/magazin\/wp-content\/uploads\/2021\/06\/OK-Design-Acapulco-Chair-weiss-300x300.jpg 300w, https:\/\/raum-blick.de\/magazin\/wp-content\/uploads\/2021\/06\/OK-Design-Acapulco-Chair-weiss-150x150.jpg 150w\" sizes=\"(max-width: 600px) 100vw, 600px\" \/><\/a><\/p>\n<p style=\"text-align: justify;\">Sie integrieren sich luftig-leicht ins Szenario. Hochwertig verarbeitetes und veredeltes Metall zieht sich wie ein roter Faden durch die Kollektion. Kombiniert man die Designideen aus Kopenhagen, erscheint die Gestaltung stets stimmig.<\/p>\n","protected":false},"excerpt":{"rendered":"<p>\u00ab Der Design-Klassiker aus Mexiko \u00bb Er schw\u00e4rmt von tropischem Sonnenwetter, endlosen Sandstr\u00e4nden und spritzigen Cocktails. Kein Wunder, dass der Acapulco Chair spontan das Herz erobert. So bezaubernd wie der Link zu fernen Urlaubsdestinationen ist der luftige Auftritt der ikonischen Loungesessel von OK Design. Die Leichtigkeit des Seins als Stuhldesign Grazil ist das Gestell aus [&hellip;]<\/p>\n","protected":false},"author":4,"featured_media":12977,"comment_status":"closed","ping_status":"open","sticky":false,"template":"","format":"standard","meta":{"_et_pb_use_builder":"","_et_pb_old_content":"","_et_gb_content_width":"","inline_featured_image":false,"footnotes":""},"categories":[8],"tags":[1423,615,1271,1425,334,66,158,1424,1422,57,327,539,64,545],"class_list":["post-12972","post","type-post","status-publish","format-standard","has-post-thumbnail","hentry","category-features","tag-acapulco-chair","tag-beistelltisch","tag-daenemark","tag-daenisch","tag-design","tag-designmoebel","tag-hocker","tag-kult","tag-ok-design","tag-outdoor","tag-sessel","tag-sitzkissen","tag-stuehle","tag-tablett"],"_links":{"self":[{"href":"https:\/\/raum-blick.de\/magazin\/wp-json\/wp\/v2\/posts\/12972","targetHints":{"allow":["GET"]}}],"collection":[{"href":"https:\/\/raum-blick.de\/magazin\/wp-json\/wp\/v2\/posts"}],"about":[{"href":"https:\/\/raum-blick.de\/magazin\/wp-json\/wp\/v2\/types\/post"}],"author":[{"embeddable":true,"href":"https:\/\/raum-blick.de\/magazin\/wp-json\/wp\/v2\/users\/4"}],"replies":[{"embeddable":true,"href":"https:\/\/raum-blick.de\/magazin\/wp-json\/wp\/v2\/comments?post=12972"}],"version-history":[{"count":25,"href":"https:\/\/raum-blick.de\/magazin\/wp-json\/wp\/v2\/posts\/12972\/revisions"}],"predecessor-version":[{"id":13005,"href":"https:\/\/raum-blick.de\/magazin\/wp-json\/wp\/v2\/posts\/12972\/revisions\/13005"}],"wp:featuredmedia":[{"embeddable":true,"href":"https:\/\/raum-blick.de\/magazin\/wp-json\/wp\/v2\/media\/12977"}],"wp:attachment":[{"href":"https:\/\/raum-blick.de\/magazin\/wp-json\/wp\/v2\/media?parent=12972"}],"wp:term":[{"taxonomy":"category","embeddable":true,"href":"https:\/\/raum-blick.de\/magazin\/wp-json\/wp\/v2\/categories?post=12972"},{"taxonomy":"post_tag","embeddable":true,"href":"https:\/\/raum-blick.de\/magazin\/wp-json\/wp\/v2\/tags?post=12972"}],"curies":[{"name":"wp","href":"https:\/\/api.w.org\/{rel}","templated":true}]}}