{"id":12898,"date":"2021-04-26T08:04:06","date_gmt":"2021-04-26T06:04:06","guid":{"rendered":"https:\/\/www.raum-blick.de\/magazin\/?p=12898"},"modified":"2024-08-29T15:23:59","modified_gmt":"2024-08-29T13:23:59","slug":"kraeutergarten-fuer-den-balkon-anlegen","status":"publish","type":"post","link":"https:\/\/raum-blick.de\/magazin\/kraeutergarten-fuer-den-balkon-anlegen\/","title":{"rendered":"Kr\u00e4utergarten f\u00fcr den Balkon anlegen"},"content":{"rendered":"<p style=\"text-align: justify;\"><strong>Beste Zutaten vom Bauernmarkt vereinen sich mit Oliven\u00f6l und Zitronensaft. Flink pfl\u00fcckt die Italienerin im Kr\u00e4utergarten einige Bl\u00e4ttchen, um den Salat abzurunden. Gourmets wissen: Die gesunde Mahlzeit wird durch das Topping zum kulinarischen Feuerwerk. F\u00fcr das Upgrade muss man nicht in die Toskana ziehen. Problemlos lassen sich Kr\u00e4uter anbauen, die den Balkon ebenso aufwerten wie die kulinarischen Kreationen.<\/strong><\/p>\n<h2><span class=\"ez-toc-section\" id=\"Der_Schluessel_zum_Glueck_%E2%80%93_optimale_Pflanzgefaesse_fuer_Kraeuter\"><\/span>Der Schl\u00fcssel zum Gl\u00fcck \u2013 optimale Pflanzgef\u00e4\u00dfe f\u00fcr Kr\u00e4uter<span class=\"ez-toc-section-end\"><\/span><\/h2>\n<p style=\"text-align: justify;\">Der pr\u00e4chtig gedeihende Kr\u00e4utergarten auf dem Land wirkt wie ein gr\u00fcner Teppich. Kraftlos erscheint binnen kurzer Zeit der Kr\u00e4utertopf, den man im Supermarkt ergatterte. Anf\u00e4nger vermuten, dass sich die Pflanze auf dem Balkon nicht wohlf\u00fchlt. Der Gedanke zielt an der Realit\u00e4t vorbei. Da Kr\u00e4uter meist pflegeleicht sind, lassen sie sich nahezu \u00fcberall anbauen.<\/p><div id=\"ez-toc-container\" class=\"ez-toc-v2_0_82_2 counter-hierarchy ez-toc-counter ez-toc-grey ez-toc-container-direction\">\n<div class=\"ez-toc-title-container\">\n<p class=\"ez-toc-title\" style=\"cursor:inherit\">Was hier auf Sie wartet<\/p>\n<span class=\"ez-toc-title-toggle\"><a href=\"#\" class=\"ez-toc-pull-right ez-toc-btn ez-toc-btn-xs ez-toc-btn-default ez-toc-toggle\" aria-label=\"Toggle Table of Content\"><span class=\"ez-toc-js-icon-con\"><span class=\"\"><span class=\"eztoc-hide\" style=\"display:none;\">Toggle<\/span><span class=\"ez-toc-icon-toggle-span\"><svg style=\"fill: #999;color:#999\" xmlns=\"http:\/\/www.w3.org\/2000\/svg\" class=\"list-377408\" width=\"20px\" height=\"20px\" viewBox=\"0 0 24 24\" fill=\"none\"><path d=\"M6 6H4v2h2V6zm14 0H8v2h12V6zM4 11h2v2H4v-2zm16 0H8v2h12v-2zM4 16h2v2H4v-2zm16 0H8v2h12v-2z\" fill=\"currentColor\"><\/path><\/svg><svg style=\"fill: #999;color:#999\" class=\"arrow-unsorted-368013\" xmlns=\"http:\/\/www.w3.org\/2000\/svg\" width=\"10px\" height=\"10px\" viewBox=\"0 0 24 24\" version=\"1.2\" baseProfile=\"tiny\"><path d=\"M18.2 9.3l-6.2-6.3-6.2 6.3c-.2.2-.3.4-.3.7s.1.5.3.7c.2.2.4.3.7.3h11c.3 0 .5-.1.7-.3.2-.2.3-.5.3-.7s-.1-.5-.3-.7zM5.8 14.7l6.2 6.3 6.2-6.3c.2-.2.3-.5.3-.7s-.1-.5-.3-.7c-.2-.2-.4-.3-.7-.3h-11c-.3 0-.5.1-.7.3-.2.2-.3.5-.3.7s.1.5.3.7z\"\/><\/svg><\/span><\/span><\/span><\/a><\/span><\/div>\n<nav><ul class='ez-toc-list ez-toc-list-level-1 ' ><li class='ez-toc-page-1 ez-toc-heading-level-2'><a class=\"ez-toc-link ez-toc-heading-1\" href=\"https:\/\/raum-blick.de\/magazin\/kraeutergarten-fuer-den-balkon-anlegen\/#Der_Schluessel_zum_Glueck_%E2%80%93_optimale_Pflanzgefaesse_fuer_Kraeuter\" >Der Schl\u00fcssel zum Gl\u00fcck \u2013 optimale Pflanzgef\u00e4\u00dfe f\u00fcr Kr\u00e4uter<\/a><\/li><li class='ez-toc-page-1 ez-toc-heading-level-2'><a class=\"ez-toc-link ez-toc-heading-2\" href=\"https:\/\/raum-blick.de\/magazin\/kraeutergarten-fuer-den-balkon-anlegen\/#Kraeutergarten_mit_naturnaher_Wohlfuehlumgebung\" >Kr\u00e4utergarten mit naturnaher Wohlf\u00fchlumgebung<\/a><\/li><li class='ez-toc-page-1 ez-toc-heading-level-2'><a class=\"ez-toc-link ez-toc-heading-3\" href=\"https:\/\/raum-blick.de\/magazin\/kraeutergarten-fuer-den-balkon-anlegen\/#Potpourri_im_Kraeutertopf_anbauen\" >Potpourri im Kr\u00e4utertopf anbauen<\/a><\/li><li class='ez-toc-page-1 ez-toc-heading-level-2'><a class=\"ez-toc-link ez-toc-heading-4\" href=\"https:\/\/raum-blick.de\/magazin\/kraeutergarten-fuer-den-balkon-anlegen\/#Kraeutergarten_mit_integrierter_Bewaesserung\" >Kr\u00e4utergarten mit integrierter Bew\u00e4sserung<\/a><\/li><li class='ez-toc-page-1 ez-toc-heading-level-2'><a class=\"ez-toc-link ez-toc-heading-5\" href=\"https:\/\/raum-blick.de\/magazin\/kraeutergarten-fuer-den-balkon-anlegen\/#Mobiler_Kraeutergarten_%E2%80%93_Sommer_auf_dem_Balkon_Winter_in_der_Kueche\" >Mobiler Kr\u00e4utergarten \u2013 Sommer auf dem Balkon, Winter in der K\u00fcche<\/a><\/li><li class='ez-toc-page-1 ez-toc-heading-level-2'><a class=\"ez-toc-link ez-toc-heading-6\" href=\"https:\/\/raum-blick.de\/magazin\/kraeutergarten-fuer-den-balkon-anlegen\/#Eyecatcher_fuer_den_Kraeutergarten\" >Eyecatcher f\u00fcr den Kr\u00e4utergarten<\/a><\/li><\/ul><\/nav><\/div>\n\n<p><img loading=\"lazy\" decoding=\"async\" class=\"aligncenter wp-image-12929 size-full\" title=\"Design House Stockholm - Kr\u00e4uterbox | Design: Atelier 2+\" src=\"https:\/\/www.raum-blick.de\/magazin\/wp-content\/uploads\/2021\/05\/design-house-stockholm-kraeuterbox.jpg\" alt=\"design-house-stockholm-kraeuterbox\" width=\"600\" height=\"550\" srcset=\"https:\/\/raum-blick.de\/magazin\/wp-content\/uploads\/2021\/05\/design-house-stockholm-kraeuterbox.jpg 600w, https:\/\/raum-blick.de\/magazin\/wp-content\/uploads\/2021\/05\/design-house-stockholm-kraeuterbox-300x275.jpg 300w\" sizes=\"(max-width: 600px) 100vw, 600px\" \/><\/p>\n<p style=\"text-align: justify;\">Eine tragende Rolle spielt aber das geeignete Gef\u00e4\u00df. Im Kr\u00e4utertopf aus der Gem\u00fcseabteilung befinden sich h\u00e4ufig mehrere Setzlinge. Sie k\u00f6nnen wegen der beengten Basis ihre Wurzeln nicht ausbilden, was sie zum Aufgeben zwingt. Etwas mehr als 10 Zentimeter in der H\u00f6he und Breite gen\u00fcgen, damit sich die meisten Kr\u00e4uter entfalten k\u00f6nnen. Das bedachte Eva Solo beim Design der <a href=\"https:\/\/www.raum-blick.de\/eva-solo-herb-organiser\">Herb-Organiser<\/a>. Die keramischen T\u00f6pfe sind ideal f\u00fcr den Kr\u00e4utergarten auf dem Balkon. Das gilt f\u00fcr vorgezogene Pflanzen ebenso wie die Aussaat in Eigenregie.<\/p>\n<p><img loading=\"lazy\" decoding=\"async\" class=\"aligncenter wp-image-12904 size-full\" title=\"Greenhouse Mini | Gew\u00e4chshaus als Tischversion | Design: Atelier 2+\" src=\"https:\/\/www.raum-blick.de\/magazin\/wp-content\/uploads\/2021\/05\/design-house-stockholm-greenhouse-mini.jpg\" alt=\"design-house-stockholm-greenhouse-mini\" width=\"600\" height=\"600\" srcset=\"https:\/\/raum-blick.de\/magazin\/wp-content\/uploads\/2021\/05\/design-house-stockholm-greenhouse-mini.jpg 600w, https:\/\/raum-blick.de\/magazin\/wp-content\/uploads\/2021\/05\/design-house-stockholm-greenhouse-mini-300x300.jpg 300w, https:\/\/raum-blick.de\/magazin\/wp-content\/uploads\/2021\/05\/design-house-stockholm-greenhouse-mini-150x150.jpg 150w\" sizes=\"(max-width: 600px) 100vw, 600px\" \/><\/p>\n<p style=\"text-align: justify;\">Ausnahmen best\u00e4tigen die Regel: Dill und Liebst\u00f6ckel w\u00fcnschen sich reichlich Raum f\u00fcr ihre Wurzeln. Wer diese Kr\u00e4uter anbauen m\u00f6chte, liegt mit gro\u00dfen Pflanzk\u00fcbeln richtig. Sicher gef\u00e4llt Ihnen der besondere Flair von <a href=\"https:\/\/www.raum-blick.de\/bacsac\/\">Bacsac Pflanztaschen<\/a>. Und auch hier gibt es kleinere und h\u00e4ngende Alternativen. Weitere Klassiker sind au\u00dferdem der <a href=\"https:\/\/www.raum-blick.de\/jan-kurtz-blumenkuebel-minigarden\">Jan Kurtz Minigarten<\/a> oder die Design House Stockholm Kr\u00e4uterbox sowie das Greenhouse Mini der schwedischen Designmarke!<\/p>\n<h2><span class=\"ez-toc-section\" id=\"Kraeutergarten_mit_naturnaher_Wohlfuehlumgebung\"><\/span>Kr\u00e4utergarten mit naturnaher Wohlf\u00fchlumgebung<span class=\"ez-toc-section-end\"><\/span><\/h2>\n<p style=\"text-align: justify;\">Die Keramikt\u00f6pfe stehen auf dem Balkon. Beliebige Blumenerde wird eingef\u00fcllt und mit Samen best\u00fcckt. Diese minimalistische Strategie beim Anbauen kann funktionieren. Der ausbleibende Erfolg ist wahrscheinlicher.<\/p>\n<blockquote>\n<p style=\"text-align: justify;\">Kr\u00e4uter stammen aus verschiedenen Regionen der Welt. Manche m\u00f6gen es sandig und n\u00e4hrstoffarm. Andere Gattungen lieben es, wenn die Erde im Kr\u00e4utergarten humusreich und sandig ist.<\/p>\n<\/blockquote>\n<p style=\"text-align: justify;\">Wer einen gr\u00fcnen Daumen hat, ist damit vertraut. Ein Blick auf die Herkunftsregion gen\u00fcgt, um das optimale Substrat f\u00fcr die Kr\u00e4uter zu mischen. Laien verraten dem Personal im Gartencenter, welche Kr\u00e4uter sie anbauen m\u00f6chten. Passend dazu empfiehlt die Fachkraft sinnvolle Spezialerden. So landet im Kr\u00e4utertopf genau die Mischung, die sich das Pfl\u00e4nzchen w\u00fcnscht.<\/p>\n<p><a href=\"https:\/\/www.raum-blick.de\/jan-kurtz-blumenkuebel-minigarden\"><img loading=\"lazy\" decoding=\"async\" class=\"aligncenter wp-image-12908 size-full\" title=\"Jan Kurtz \u2013 Blumenk\u00fcbel Minigarden | das Hochbeet in handlicher Gr\u00f6\u00dfe | Design: Kai Linke\" src=\"https:\/\/www.raum-blick.de\/magazin\/wp-content\/uploads\/2021\/05\/jan-kurtz-blumenkuebel-minigarden.jpg\" alt=\"jan-kurtz-blumenkuebel-minigarden\" width=\"600\" height=\"450\" srcset=\"https:\/\/raum-blick.de\/magazin\/wp-content\/uploads\/2021\/05\/jan-kurtz-blumenkuebel-minigarden.jpg 600w, https:\/\/raum-blick.de\/magazin\/wp-content\/uploads\/2021\/05\/jan-kurtz-blumenkuebel-minigarden-300x225.jpg 300w\" sizes=\"(max-width: 600px) 100vw, 600px\" \/><\/a><\/p>\n<p style=\"text-align: justify;\">Substrate sind mit N\u00e4hrstoffen angereichert, die sich jedoch aufbrauchen. Es ist somit wichtig, den Kr\u00e4utergarten auf dem Balkon zu d\u00fcngen. Dabei ber\u00fccksichtigt man erneut die nat\u00fcrlichen Bed\u00fcrfnisse. Heimische Vertreter wie Petersilie bevorzugen eine n\u00e4hrstoffreiche Umgebung. Wenn man mediterrane Kr\u00e4uter anbauen m\u00f6chte, kommt D\u00fcnger selten ins Spiel. Denn ihr Aroma mindert sich, falls man ihnen zu viele N\u00e4hrstoffe g\u00f6nnt. Das Anbauen im einzelnen Kr\u00e4utertopf auf dem Balkon hat somit seine Vorteile: Es f\u00e4llt leicht, jede Gattung optimal zu versorgen.<\/p>\n<h2><span class=\"ez-toc-section\" id=\"Potpourri_im_Kraeutertopf_anbauen\"><\/span>Potpourri im Kr\u00e4utertopf anbauen<span class=\"ez-toc-section-end\"><\/span><\/h2>\n<p style=\"text-align: justify;\">Wer einen gro\u00dfen Garten hat, kann dort viele Kr\u00e4uter anbauen. Auf dem Balkon setzt das Platzangebot klare Grenzen. Nat\u00fcrlich ist es m\u00f6glich, sich auf wenige Kr\u00e4uter zu begrenzen. Ein bunter Mix ist die gelungene Alternative: Meist reichen einzelne Bl\u00e4ttchen, um ein Gericht zu aromatisieren. Man kann von jeder Sorte im Kr\u00e4utergarten auf dem Balkon eine geringe Menge anbauen. Das ber\u00fccksichtigte Eva Solo beim Kr\u00e4utertopf Herbal-Organiser: Die l\u00e4ngliche Form ist ideal f\u00fcr gemischte Ensembles.<\/p>\n<p><a href=\"https:\/\/www.raum-blick.de\/eva-solo-herb-organiser\"><img loading=\"lazy\" decoding=\"async\" class=\"aligncenter wp-image-12906 size-full\" title=\"Eva Solo - Herb-Organiser | mit Selbstbew\u00e4sserungssystem | Design: Eva Solo\" src=\"https:\/\/www.raum-blick.de\/magazin\/wp-content\/uploads\/2021\/05\/eva-solo-herb-organiser.jpg\" alt=\"eva-solo-herb-organiser\" width=\"600\" height=\"600\" srcset=\"https:\/\/raum-blick.de\/magazin\/wp-content\/uploads\/2021\/05\/eva-solo-herb-organiser.jpg 600w, https:\/\/raum-blick.de\/magazin\/wp-content\/uploads\/2021\/05\/eva-solo-herb-organiser-300x300.jpg 300w, https:\/\/raum-blick.de\/magazin\/wp-content\/uploads\/2021\/05\/eva-solo-herb-organiser-150x150.jpg 150w\" sizes=\"(max-width: 600px) 100vw, 600px\" \/><\/a><\/p>\n<p style=\"text-align: justify;\">Die Versuchung ist gro\u00df, beim Anbauen die Kr\u00e4uter nach \u00e4sthetischen Gesichtspunkten zu kombinieren. Experten raten davon ab, weil die Gr\u00fcnpflanzen ihre Vorlieben und Abneigungen haben. Gern teilt sich zum Beispiel der Rosmarin im Kr\u00e4utergarten auf dem Balkon einen Kasten mit dem Thymian und Salbei. Minze und Majoran toleriert er nicht als unmittelbare Nachbarn. Soweit man diese Besonderheiten bedenkt, kann man gemischt Kr\u00e4uter anbauen.<\/p>\n<h2><span class=\"ez-toc-section\" id=\"Kraeutergarten_mit_integrierter_Bewaesserung\"><\/span>Kr\u00e4utergarten mit integrierter Bew\u00e4sserung<span class=\"ez-toc-section-end\"><\/span><\/h2>\n<p style=\"text-align: justify;\">Das Anbauen gelingt an einem Wochenende. Danach bereichern Kr\u00e4uter die Speisekarte und das Flair auf dem Balkon. Schnell relativiert sich die Freude an der aromatischen Naturdeko, wenn sie nicht gegossen wird. S\u00fcdl\u00e4ndische Gew\u00e4chse sind Trockenheit gewohnt. Sie verzeihen es, falls der Kr\u00e4utergarten auf dem Balkon f\u00fcr einige Tage in Vergessenheit ger\u00e4t. Regionale Gattungen wie Schnittlauch m\u00fcssen hingegen h\u00e4ufig bew\u00e4ssert werden. F\u00e4hrt man f\u00fcr l\u00e4ngere Zeit in Urlaub, verwandeln sich s\u00e4mtliche Kr\u00e4uter in Trockengew\u00e4chse.<\/p>\n<p><img loading=\"lazy\" decoding=\"async\" class=\"aligncenter wp-image-12902 size-full\" title=\"Stelton - Original Gie\u00dfkanne | 1,7 l | Design: Peter Holmblad\" src=\"https:\/\/www.raum-blick.de\/magazin\/wp-content\/uploads\/2021\/05\/stelton-original-giesskanne.jpg\" alt=\"stelton-original-giesskanne\" width=\"600\" height=\"470\" srcset=\"https:\/\/raum-blick.de\/magazin\/wp-content\/uploads\/2021\/05\/stelton-original-giesskanne.jpg 600w, https:\/\/raum-blick.de\/magazin\/wp-content\/uploads\/2021\/05\/stelton-original-giesskanne-300x235.jpg 300w\" sizes=\"(max-width: 600px) 100vw, 600px\" \/><\/p>\n<p style=\"text-align: justify;\">Der Gedanke an die Pflege sollte den Traum vom Kr\u00e4utergarten nicht ausbremsen. F\u00fcr das Problem gibt es pfiffige L\u00f6sungen: Eva Solo integrierte ein Bew\u00e4sserungssystem in den Kr\u00e4utertopf. Er ist mit einem Reservoir ausgestattet, das einen halben Liter fasst. Greift man darauf zur\u00fcck, versorgt sich der Kr\u00e4utergarten auf dem Balkon selbst.<\/p>\n<blockquote>\n<p style=\"text-align: justify;\">Wer s\u00fcdl\u00e4ndische Kr\u00e4uter anbauen m\u00f6chte, verzichtet bei den clever konzipierten Keramikt\u00f6pfen auf das sofortige Nachf\u00fcllen. So ergibt sich die naturgem\u00e4\u00dfe Trockenperiode.<\/p>\n<\/blockquote>\n<p style=\"text-align: justify;\">Stetig best\u00fcckt man den Wassertank f\u00fcr mitteleurop\u00e4ische Kr\u00e4uter, weil sie Feuchtigkeit lieben. Alternativ kommt f\u00fcr kleine Balkont\u00f6pfe und Zimmerpflanzen die Stelton Gie\u00dfkanne Original zum Einsatz.<\/p>\n<h2><span class=\"ez-toc-section\" id=\"Mobiler_Kraeutergarten_%E2%80%93_Sommer_auf_dem_Balkon_Winter_in_der_Kueche\"><\/span>Mobiler Kr\u00e4utergarten \u2013 Sommer auf dem Balkon, Winter in der K\u00fcche<span class=\"ez-toc-section-end\"><\/span><\/h2>\n<p style=\"text-align: justify;\">Kr\u00e4uter aus der Mittelmeerregion sind Sonnenanbeter. Im Halbschatten gedeihen klassische Gartenkr\u00e4uter aus Mitteleuropa. Beide W\u00fcnsche lassen sich auf dem Balkon mit S\u00fcdlage leicht erf\u00fcllen. Weist er nach Osten oder Westen, ist das Anbauen trotzdem m\u00f6glich. Nordische Gew\u00e4chse kommen mit den Rahmenbedingungen naturgem\u00e4\u00df zurecht. Wer einen mediterranen Kr\u00e4utergarten auf dem Balkon mit wenig Sonne anlegen m\u00f6chte, l\u00e4sst sich in der G\u00e4rtnerei beraten. Sie hat anspruchslose Vertreter einer Pflanzenfamilie oder spezielle Z\u00fcchtungen in petto.<\/p>\n<p><a href=\"https:\/\/www.raum-blick.de\/bacsac-bacsquare-pflanztasche\"><img loading=\"lazy\" decoding=\"async\" class=\"aligncenter wp-image-12926 size-full\" title=\"Bacsquare Bacsac Blumenbeet \/ Pflanztasche | Design: Bacsac\" src=\"https:\/\/www.raum-blick.de\/magazin\/wp-content\/uploads\/2021\/05\/bacsac-bacsquare-pflanztasche.jpg\" alt=\"bacsac-bacsquare-pflanztasche\" width=\"600\" height=\"600\" srcset=\"https:\/\/raum-blick.de\/magazin\/wp-content\/uploads\/2021\/05\/bacsac-bacsquare-pflanztasche.jpg 600w, https:\/\/raum-blick.de\/magazin\/wp-content\/uploads\/2021\/05\/bacsac-bacsquare-pflanztasche-300x300.jpg 300w, https:\/\/raum-blick.de\/magazin\/wp-content\/uploads\/2021\/05\/bacsac-bacsquare-pflanztasche-150x150.jpg 150w\" sizes=\"(max-width: 600px) 100vw, 600px\" \/><\/a><\/p>\n<p style=\"text-align: justify;\">Sinkt das Thermometer unter 10 Grad, kann man drau\u00dfen kaum Kr\u00e4uter anbauen. Niedrige Temperaturen versetzen einige Pflanzen in den Winterschlaf, andere sterben schlichtweg ab. Es ist deshalb ratsam, im Herbst den Kr\u00e4utergarten vom Balkon in die Wohnung zu verlegen. Das gelingt mit dem d\u00e4nischen Herb-Organiser im Handumdrehen: Vorausschauend ist der Kr\u00e4utertopf mit Griffen ausgestattet. Mit seinem formal reduzieren Look wirkt er drinnen genauso adrett wie auf dem Balkon.<\/p>\n<h2><span class=\"ez-toc-section\" id=\"Eyecatcher_fuer_den_Kraeutergarten\"><\/span>Eyecatcher f\u00fcr den Kr\u00e4utergarten<span class=\"ez-toc-section-end\"><\/span><\/h2>\n<p style=\"text-align: justify;\">\u00dcblich sind auf dem Balkon bunte Blumen. F\u00fcr sie gibt es keinen Platz mehr, wenn man viele Kr\u00e4uter anbauen m\u00f6chte. Ohne das gewohnte Bl\u00fctenmeer wirkt die Gestaltung trotzdem nicht langweilig.<\/p>\n<p><a href=\"https:\/\/www.raum-blick.de\/bacsac-pflanztasche-pot-50-l\"><img loading=\"lazy\" decoding=\"async\" class=\"aligncenter wp-image-12931 size-full\" title=\"Pflanzsack Pot Bacsac | 50 L | Design: Bacsac\" src=\"https:\/\/www.raum-blick.de\/magazin\/wp-content\/uploads\/2021\/05\/bacsac-pflanztasche-pot-50-l.jpg\" alt=\"bacsac-pflanztasche-pot-50-l\" width=\"600\" height=\"600\" srcset=\"https:\/\/raum-blick.de\/magazin\/wp-content\/uploads\/2021\/05\/bacsac-pflanztasche-pot-50-l.jpg 600w, https:\/\/raum-blick.de\/magazin\/wp-content\/uploads\/2021\/05\/bacsac-pflanztasche-pot-50-l-300x300.jpg 300w, https:\/\/raum-blick.de\/magazin\/wp-content\/uploads\/2021\/05\/bacsac-pflanztasche-pot-50-l-150x150.jpg 150w\" sizes=\"(max-width: 600px) 100vw, 600px\" \/><\/a><\/p>\n<p style=\"text-align: justify;\">Auf dem Balkon verstr\u00f6mt der Kr\u00e4utergarten einen wunderbaren Duft, der beim Relaxen die Nase umgarnt. Sehenswert ist das zweifarbige Blatt der Ananasminze. Eine Augenweide ist der rote Basilikum. Bl\u00fcten in leuchtenden Farben bringt die Kapuzinerkresse hervor. Streut man beim Anbauen derartige Gattungen ein, wirkt der Kr\u00e4utergarten \u00fcberraschend dekorativ.<\/p>\n","protected":false},"excerpt":{"rendered":"<p>Beste Zutaten vom Bauernmarkt vereinen sich mit Oliven\u00f6l und Zitronensaft. Flink pfl\u00fcckt die Italienerin im Kr\u00e4utergarten einige Bl\u00e4ttchen, um den Salat abzurunden. Gourmets wissen: Die gesunde Mahlzeit wird durch das Topping zum kulinarischen Feuerwerk. F\u00fcr das Upgrade muss man nicht in die Toskana ziehen. Problemlos lassen sich Kr\u00e4uter anbauen, die den Balkon ebenso aufwerten wie [&hellip;]<\/p>\n","protected":false},"author":4,"featured_media":12937,"comment_status":"closed","ping_status":"open","sticky":false,"template":"","format":"standard","meta":{"_et_pb_use_builder":"","_et_pb_old_content":"","_et_gb_content_width":"","inline_featured_image":false,"footnotes":""},"categories":[6],"tags":[48,1414,132,1415,1408,495,18,1407,1413,684,1411,1410,1051,1405,1406,1404,1412,1409,52,1417,1416,41],"class_list":["post-12898","post","type-post","status-publish","format-standard","has-post-thumbnail","hentry","category-draussen","tag-bacsac","tag-bacsquare","tag-balkon","tag-blumenbeet","tag-blumenkuebel","tag-design-house-stockholm","tag-eva-solo","tag-gewaechshaus","tag-giesskanne","tag-greenhouse","tag-herb-organiser","tag-hochbeet","tag-jan-kurtz","tag-kraeuter","tag-kraeuterbox","tag-kraeutergarten","tag-kraeutertopf","tag-minigarden","tag-pflanzgefaesse","tag-pflanzsack","tag-pflanztasche","tag-stelton"],"_links":{"self":[{"href":"https:\/\/raum-blick.de\/magazin\/wp-json\/wp\/v2\/posts\/12898","targetHints":{"allow":["GET"]}}],"collection":[{"href":"https:\/\/raum-blick.de\/magazin\/wp-json\/wp\/v2\/posts"}],"about":[{"href":"https:\/\/raum-blick.de\/magazin\/wp-json\/wp\/v2\/types\/post"}],"author":[{"embeddable":true,"href":"https:\/\/raum-blick.de\/magazin\/wp-json\/wp\/v2\/users\/4"}],"replies":[{"embeddable":true,"href":"https:\/\/raum-blick.de\/magazin\/wp-json\/wp\/v2\/comments?post=12898"}],"version-history":[{"count":26,"href":"https:\/\/raum-blick.de\/magazin\/wp-json\/wp\/v2\/posts\/12898\/revisions"}],"predecessor-version":[{"id":20774,"href":"https:\/\/raum-blick.de\/magazin\/wp-json\/wp\/v2\/posts\/12898\/revisions\/20774"}],"wp:featuredmedia":[{"embeddable":true,"href":"https:\/\/raum-blick.de\/magazin\/wp-json\/wp\/v2\/media\/12937"}],"wp:attachment":[{"href":"https:\/\/raum-blick.de\/magazin\/wp-json\/wp\/v2\/media?parent=12898"}],"wp:term":[{"taxonomy":"category","embeddable":true,"href":"https:\/\/raum-blick.de\/magazin\/wp-json\/wp\/v2\/categories?post=12898"},{"taxonomy":"post_tag","embeddable":true,"href":"https:\/\/raum-blick.de\/magazin\/wp-json\/wp\/v2\/tags?post=12898"}],"curies":[{"name":"wp","href":"https:\/\/api.w.org\/{rel}","templated":true}]}}