{"id":12679,"date":"2021-03-22T09:04:32","date_gmt":"2021-03-22T08:04:32","guid":{"rendered":"https:\/\/www.raum-blick.de\/magazin\/?p=12679"},"modified":"2022-02-23T13:43:13","modified_gmt":"2022-02-23T12:43:13","slug":"jonathan-adler-dora-maar","status":"publish","type":"post","link":"https:\/\/raum-blick.de\/magazin\/jonathan-adler-dora-maar\/","title":{"rendered":"Jonathan Adler Dora Maar"},"content":{"rendered":"<p style=\"text-align: justify;\"><strong>Der US-Designer hat ein Faible f\u00fcr starke Frauen. Mit einigen Keramikarbeiten w\u00fcrdigt <\/strong><a href=\"https:\/\/www.raum-blick.de\/jonathan-adler\/\"><strong>Jonathan Adler Dora Maar<\/strong><\/a><strong>. Die Tassen, Schalen und Vasen aus Porzellan fangen die Pers\u00f6nlichkeit der Fotok\u00fcnstlerin nicht nur wunderbar ein. Geistreich werten die Accessoires das wohnliche Flair auf.<\/strong><\/p>\n<h2><span class=\"ez-toc-section\" id=\"Keramisches_Frauenportraet_mit_fesselnder_Aura\"><\/span>Keramisches Frauenportr\u00e4t mit fesselnder Aura<span class=\"ez-toc-section-end\"><\/span><\/h2>\n<p style=\"text-align: justify;\">Mit menschlichen Z\u00fcgen \u00fcberrascht die <a href=\"https:\/\/www.raum-blick.de\/jonathan-adler-grosse-dora-maar-vase\">Vase von Jonathan Adler<\/a>. Den kunstvollen Entwurf belebt ein Portr\u00e4t, das sich rund um wiederholt. Dadurch wirkt es wie ein dekoratives Muster mit skulpturalem Touch. Es ist zudem egal, von welcher Seite die Porzellanvase betrachtet wird. Man hat das skizzierte Gesicht immer im Blick. Die Darstellung beschr\u00e4nkt sich auf wenige Details, ist aber bemerkenswert aussagekr\u00e4ftig. Sofort denkt man bei der Mine an eine Frau. Charaktervoll sind die schmalen und geschwungenen Augenbrauen. Gleiches gilt f\u00fcr die leicht kantige Nase und die gewinnenden Augen. Der Mund ist reizend, obwohl man das L\u00e4cheln vermisst.<\/p><div id=\"ez-toc-container\" class=\"ez-toc-v2_0_82_2 counter-hierarchy ez-toc-counter ez-toc-grey ez-toc-container-direction\">\n<div class=\"ez-toc-title-container\">\n<p class=\"ez-toc-title\" style=\"cursor:inherit\">Was hier auf Sie wartet<\/p>\n<span class=\"ez-toc-title-toggle\"><a href=\"#\" class=\"ez-toc-pull-right ez-toc-btn ez-toc-btn-xs ez-toc-btn-default ez-toc-toggle\" aria-label=\"Toggle Table of Content\"><span class=\"ez-toc-js-icon-con\"><span class=\"\"><span class=\"eztoc-hide\" style=\"display:none;\">Toggle<\/span><span class=\"ez-toc-icon-toggle-span\"><svg style=\"fill: #999;color:#999\" xmlns=\"http:\/\/www.w3.org\/2000\/svg\" class=\"list-377408\" width=\"20px\" height=\"20px\" viewBox=\"0 0 24 24\" fill=\"none\"><path d=\"M6 6H4v2h2V6zm14 0H8v2h12V6zM4 11h2v2H4v-2zm16 0H8v2h12v-2zM4 16h2v2H4v-2zm16 0H8v2h12v-2z\" fill=\"currentColor\"><\/path><\/svg><svg style=\"fill: #999;color:#999\" class=\"arrow-unsorted-368013\" xmlns=\"http:\/\/www.w3.org\/2000\/svg\" width=\"10px\" height=\"10px\" viewBox=\"0 0 24 24\" version=\"1.2\" baseProfile=\"tiny\"><path d=\"M18.2 9.3l-6.2-6.3-6.2 6.3c-.2.2-.3.4-.3.7s.1.5.3.7c.2.2.4.3.7.3h11c.3 0 .5-.1.7-.3.2-.2.3-.5.3-.7s-.1-.5-.3-.7zM5.8 14.7l6.2 6.3 6.2-6.3c.2-.2.3-.5.3-.7s-.1-.5-.3-.7c-.2-.2-.4-.3-.7-.3h-11c-.3 0-.5.1-.7.3-.2.2-.3.5-.3.7s.1.5.3.7z\"\/><\/svg><\/span><\/span><\/span><\/a><\/span><\/div>\n<nav><ul class='ez-toc-list ez-toc-list-level-1 ' ><li class='ez-toc-page-1 ez-toc-heading-level-2'><a class=\"ez-toc-link ez-toc-heading-1\" href=\"https:\/\/raum-blick.de\/magazin\/jonathan-adler-dora-maar\/#Keramisches_Frauenportraet_mit_fesselnder_Aura\" >Keramisches Frauenportr\u00e4t mit fesselnder Aura<\/a><\/li><li class='ez-toc-page-1 ez-toc-heading-level-2'><a class=\"ez-toc-link ez-toc-heading-2\" href=\"https:\/\/raum-blick.de\/magazin\/jonathan-adler-dora-maar\/#Zeitgenoessische_Porzellankunst_fuer_die_vielsagende_Wohndeko\" >Zeitgen\u00f6ssische Porzellankunst f\u00fcr die vielsagende Wohndeko<\/a><\/li><li class='ez-toc-page-1 ez-toc-heading-level-2'><a class=\"ez-toc-link ez-toc-heading-3\" href=\"https:\/\/raum-blick.de\/magazin\/jonathan-adler-dora-maar\/#Kunstaffine_Einrichtungsideen_fuers_stilvolle_Zuhause\" >Kunstaffine Einrichtungsideen f\u00fcrs stilvolle Zuhause<\/a><\/li><li class='ez-toc-page-1 ez-toc-heading-level-2'><a class=\"ez-toc-link ez-toc-heading-4\" href=\"https:\/\/raum-blick.de\/magazin\/jonathan-adler-dora-maar\/#Designobjekte_mit_Message\" >Designobjekte mit Message<\/a><\/li><\/ul><\/nav><\/div>\n\n<p><a href=\"https:\/\/www.raum-blick.de\/jonathan-adler-dora-maar-vase\"><img loading=\"lazy\" decoding=\"async\" class=\"aligncenter wp-image-12690 size-full\" title=\"Jonathan Adler \u2013 Dora Maar Vase | wei\u00df \/ handgefertigt | Design: Jonathan Adler\" src=\"https:\/\/www.raum-blick.de\/magazin\/wp-content\/uploads\/2021\/04\/jonathan-adler-dora-maar-vase.jpg\" alt=\"jonathan-adler-dora-maar-vase\" width=\"650\" height=\"650\" srcset=\"https:\/\/raum-blick.de\/magazin\/wp-content\/uploads\/2021\/04\/jonathan-adler-dora-maar-vase.jpg 650w, https:\/\/raum-blick.de\/magazin\/wp-content\/uploads\/2021\/04\/jonathan-adler-dora-maar-vase-300x300.jpg 300w, https:\/\/raum-blick.de\/magazin\/wp-content\/uploads\/2021\/04\/jonathan-adler-dora-maar-vase-150x150.jpg 150w\" sizes=\"(max-width: 650px) 100vw, 650px\" \/><\/a><\/p>\n<p style=\"text-align: justify;\">Die Porzellanvasen fesseln das Interesse, sobald man sie erblickt. \u00c4hnlich ging es Pablo Picasso, als er im Jahr 1936 Dora Maar traf. Die junge Pariserin mit langen Haaren und gr\u00fcnen Augen war ausgesprochen sch\u00f6n. Das attraktive Antlitz begeisterte den spanischen Maler ebenso wie ihr unnahbarer und r\u00e4tselhafter Charakter. So avancierte die Franz\u00f6sin zur Muse, die ihn einige Jahre begleitete.<\/p>\n<p><a href=\"https:\/\/www.raum-blick.de\/jonathan-adler-muse-giant-dora-maar-vase\"><img loading=\"lazy\" decoding=\"async\" class=\"aligncenter wp-image-12692 size-full\" title=\"Jonathan Adler \u2013 Muse Giant Dora Maar Vase | vergoldet \/ handgefertigt | Design: Jonathan Adler\" src=\"https:\/\/www.raum-blick.de\/magazin\/wp-content\/uploads\/2021\/04\/jonathan-adler-muse-giant-dora-maar-vase.jpg\" alt=\"jonathan-adler-muse-giant-dora-maar-vase\" width=\"650\" height=\"550\" srcset=\"https:\/\/raum-blick.de\/magazin\/wp-content\/uploads\/2021\/04\/jonathan-adler-muse-giant-dora-maar-vase.jpg 650w, https:\/\/raum-blick.de\/magazin\/wp-content\/uploads\/2021\/04\/jonathan-adler-muse-giant-dora-maar-vase-300x254.jpg 300w\" sizes=\"(max-width: 650px) 100vw, 650px\" \/><\/a><\/p>\n<p style=\"text-align: justify;\">Die ber\u00fchmte Liaison ist nicht der einzige Grund, warum das abstrakte Portr\u00e4t von Dora Maar die Vase ziert. Die \u00fcberzeugte Surrealistin war selbst mit k\u00fcnstlerischem Talent gesegnet. Beachtenswert sind bis heute ihre politisch engagierten Stra\u00dfenfotografien. \u00c4hnlich ausdrucksstark sind ihre Malereien. Diese facettenreiche Frauenpower bewog Jonathan Adler, Dora Maar eine Hommage zu g\u00f6nnen.<\/p>\n<h2><span class=\"ez-toc-section\" id=\"Zeitgenoessische_Porzellankunst_fuer_die_vielsagende_Wohndeko\"><\/span>Zeitgen\u00f6ssische Porzellankunst f\u00fcr die vielsagende Wohndeko<span class=\"ez-toc-section-end\"><\/span><\/h2>\n<p style=\"text-align: justify;\">Jonathan Adler ist eher K\u00fcnstler als Designer. Das spiegelt sich in der Inspirationskraft der Kollektionen wider. Gekonnt w\u00e4hlt er f\u00fcr die Dora Maar Vase eine wei\u00dfe Oberfl\u00e4chengestaltung. Dadurch erh\u00e4lt das Accessoire eine moderne Eleganz, die jedem Einrichtungsstil gut steht. Das puristische Finish verst\u00e4rkt au\u00dferdem die Wirkung des Frauenportraits. Einen Hauch von Luxus erh\u00e4lt das Porzellandesign bei den Varianten mit Akzenten in Gold.<\/p>\n<p><a href=\"https:\/\/www.raum-blick.de\/jonathan-adler-grosse-dora-maar-vase\"><img loading=\"lazy\" decoding=\"async\" class=\"aligncenter wp-image-12695 size-full\" title=\"Jonathan Adler \u2013 Giant Dora Maar Vase | handgefertigt | Design: Jonathan Adler\" src=\"https:\/\/www.raum-blick.de\/magazin\/wp-content\/uploads\/2021\/04\/jonathan-adler-grosse-dora-maar-vase.jpg\" alt=\"jonathan-adler-grosse-dora-maar-vase\" width=\"550\" height=\"550\" srcset=\"https:\/\/raum-blick.de\/magazin\/wp-content\/uploads\/2021\/04\/jonathan-adler-grosse-dora-maar-vase.jpg 550w, https:\/\/raum-blick.de\/magazin\/wp-content\/uploads\/2021\/04\/jonathan-adler-grosse-dora-maar-vase-300x300.jpg 300w, https:\/\/raum-blick.de\/magazin\/wp-content\/uploads\/2021\/04\/jonathan-adler-grosse-dora-maar-vase-150x150.jpg 150w\" sizes=\"(max-width: 550px) 100vw, 550px\" \/><\/a><\/p>\n<p style=\"text-align: justify;\">Erg\u00e4nzt man ein \u00fcppiges Bouquet, wirkt es durch das skizzierte Frauengesicht wie eine extravagante Frisur. So verschmelzen florale Deko und Objektdesign zum surrealen Gesamtkunstwerk. Man ben\u00f6tigt keine Blumen, um das keramische Schmuckst\u00fcck auf der Kommode zu pr\u00e4sentieren. Behutsam thematisiert Jonathan Adler mit Dora Maar eine Frau, die sich in den Goldenen Zwanzigern in Paris niederlie\u00df. Fabelhaft passen dazu einige Federn, die man l\u00e4ssig im Gef\u00e4\u00df drapiert.<\/p>\n<p><a href=\"https:\/\/www.raum-blick.de\/jonathan-adler-gilded-muse-dora-maar-urn-vase\"><img loading=\"lazy\" decoding=\"async\" class=\"aligncenter wp-image-12697 size-full\" title=\"Jonathan Adler \u2013 Gilded Muse Dora Maar Urn Vase | vergoldete Vase | Design: Jonathan Adler\" src=\"https:\/\/www.raum-blick.de\/magazin\/wp-content\/uploads\/2021\/04\/jonathan-adler-gilded-muse-dora-maar-urn-vase.jpg\" alt=\"jonathan-adler-gilded-muse-dora-maar-urn-vase\" width=\"650\" height=\"650\" srcset=\"https:\/\/raum-blick.de\/magazin\/wp-content\/uploads\/2021\/04\/jonathan-adler-gilded-muse-dora-maar-urn-vase.jpg 650w, https:\/\/raum-blick.de\/magazin\/wp-content\/uploads\/2021\/04\/jonathan-adler-gilded-muse-dora-maar-urn-vase-300x300.jpg 300w, https:\/\/raum-blick.de\/magazin\/wp-content\/uploads\/2021\/04\/jonathan-adler-gilded-muse-dora-maar-urn-vase-150x150.jpg 150w\" sizes=\"(max-width: 650px) 100vw, 650px\" \/><\/a><\/p>\n<p style=\"text-align: justify;\">G\u00f6nnt man den Vasen einen Solo-Auftritt, gilt die volle Aufmerksamkeit ihren k\u00fcnstlerischen Facetten. Unwillk\u00fcrlich fragt sich der Betrachter, welche Pers\u00f6nlichkeit zum Design inspirierte. Anregende Gespr\u00e4che sind vorprogrammiert, wenn man in diesem Moment von Dora Maar erz\u00e4hlt.<\/p>\n<h2><span class=\"ez-toc-section\" id=\"Kunstaffine_Einrichtungsideen_fuers_stilvolle_Zuhause\"><\/span>Kunstaffine Einrichtungsideen f\u00fcrs stilvolle Zuhause<span class=\"ez-toc-section-end\"><\/span><\/h2>\n<p style=\"text-align: justify;\">Bei der Porzellanvase bel\u00e4sst es Jonathan Adler nicht. Das l\u00e4dt zu individuellen Dekorationsideen ein: Auf der Fensterbank heben sich weite Gef\u00e4\u00dfe hervor, die mit Kr\u00e4utern bepflanzt sind. Neben der Vase auf dem K\u00fcchentisch verf\u00fchrt die passende <a href=\"https:\/\/www.raum-blick.de\/jonathan-adler-dora-maar-schale\">Dora Maar Schale<\/a> dazu, vitaminreiche Beeren zu naschen. Wenn man beim Fr\u00fchst\u00fcck zur Kaffeetasse greift, begegnet man erneut der Muse und K\u00fcnstlerin. So ergibt sich ein stimmiges Flair, das zur selbstbewussten Lebensphilosophie motiviert. Ein Kunstdruck als Wanddeko setzt der Gestaltungsidee das i-T\u00fcpfelchen auf: Pablo Picasso portr\u00e4tierte seine Muse apart und farbenfroh.<\/p>\n<p><a href=\"https:\/\/www.raum-blick.de\/jonathan-adler-dora-maar-schale\"><img loading=\"lazy\" decoding=\"async\" class=\"aligncenter wp-image-12686 size-full\" title=\"Jonathan Adler \u2013 Dora Maar Schale | handgefertigt | Design: Jonathan Adler\" src=\"https:\/\/www.raum-blick.de\/magazin\/wp-content\/uploads\/2021\/04\/jonathan-adler-dora-maar-schale.jpg\" alt=\"jonathan-adler-dora-maar-schale\" width=\"650\" height=\"650\" srcset=\"https:\/\/raum-blick.de\/magazin\/wp-content\/uploads\/2021\/04\/jonathan-adler-dora-maar-schale.jpg 650w, https:\/\/raum-blick.de\/magazin\/wp-content\/uploads\/2021\/04\/jonathan-adler-dora-maar-schale-300x300.jpg 300w, https:\/\/raum-blick.de\/magazin\/wp-content\/uploads\/2021\/04\/jonathan-adler-dora-maar-schale-150x150.jpg 150w\" sizes=\"(max-width: 650px) 100vw, 650px\" \/><\/a><\/p>\n<p style=\"text-align: justify;\">Mit seinen Entw\u00fcrfen w\u00fcrdigt Jonathan Adler nicht nur Dora Maar, sondern viele ber\u00fchmte Musen. Eine schillernde Figur der Pariser Boh\u00e8me war Kiki de Montparnasse. Frida Kahlo ist f\u00fcr die mexikanische Kunstgeschichte von gro\u00dfer Bedeutung. Mit ihrer lebenslustigen Art begeisterte Georgia O&#8217;Keeffe. Edie Sedgwick machte das &#8222;kleine Schwarze&#8220; salonf\u00e4hig. Sie z\u00e4hlen allesamt zu den Frauen, denen der Objektk\u00fcnstler ausgefallene Porzellanvasen und \u00e4hnliche Wohnaccessoires widmet. Dabei bleibt er einem Designstil treu. Es spricht dadurch nichts dagegen, die pers\u00f6nlichen Lieblingsst\u00fccke aus der Muse-Kollektion beim Dekorieren zu kombinieren:<\/p>\n<p><img loading=\"lazy\" decoding=\"async\" class=\"aligncenter wp-image-12688\" title=\"Jonathan Adler \u2013 Kikis Derriere Vase | handgefertigt | Design: Jonathan Adler\" src=\"https:\/\/www.raum-blick.de\/magazin\/wp-content\/uploads\/2021\/04\/jonathan-adler-kiki-s-derriere.jpg\" alt=\"jonathan-adler-kiki-s-derriere\" width=\"650\" height=\"650\" srcset=\"https:\/\/raum-blick.de\/magazin\/wp-content\/uploads\/2021\/04\/jonathan-adler-kiki-s-derriere.jpg 700w, https:\/\/raum-blick.de\/magazin\/wp-content\/uploads\/2021\/04\/jonathan-adler-kiki-s-derriere-300x300.jpg 300w, https:\/\/raum-blick.de\/magazin\/wp-content\/uploads\/2021\/04\/jonathan-adler-kiki-s-derriere-150x150.jpg 150w\" sizes=\"(max-width: 650px) 100vw, 650px\" \/><\/p>\n<p style=\"text-align: justify;\">Kess wirkt die Keramikvase Kiki&#8217;s Derriere auf der Anrichte. Sie ist wie ein femininer Po geformt. Unz\u00e4hlige Br\u00fcste zieren die <a href=\"https:\/\/www.raum-blick.de\/jonathan-adler-georgia-orb-box\">Bonbonniere Georgia<\/a> auf dem Sofatisch. Assoziationen mit Eva im Paradies sind unausweichlich, wenn man den Kerzenhalter auf der Dinnertafel betrachtet. Dort bereichert au\u00dferdem eine kleine Dora Maar Vase die Tischdeko. Weiblichkeit als dekoratives Motto: Das ist nicht nur extravagant, sondern regt zum Nachdenken und Diskutieren an.<\/p>\n<h2><span class=\"ez-toc-section\" id=\"Designobjekte_mit_Message\"><\/span>Designobjekte mit Message<span class=\"ez-toc-section-end\"><\/span><\/h2>\n<p style=\"text-align: justify;\">Jonathan Adler war schon als Kind ein begeisterter T\u00f6pfer. An einer Designschule untersch\u00e4tze man sp\u00e4ter sein Talent. Das bewog ihn zun\u00e4chst zur bodenst\u00e4ndigen Karriere, die ihn nicht gl\u00fccklich machte. Er wandte sich deshalb wieder der Kreativit\u00e4t zu. Der Erfolg best\u00e4tigt, wie sinnvoll diese Entscheidung war. Die Designkollektionen der gleichnamigen Marke mit Sitz in den USA sind international gefragt. Denn sie heben sich durchweg vom Standard ab.<\/p>\n<p><a href=\"https:\/\/www.raum-blick.de\/jonathan-adler-flower-hand-kissen\"><img loading=\"lazy\" decoding=\"async\" class=\"aligncenter wp-image-12683 size-full\" title=\"Jonathan Adler \u2013 Flower Hand Kissen | handgefertigt | Design: Jonathan Adler\" src=\"https:\/\/www.raum-blick.de\/magazin\/wp-content\/uploads\/2021\/04\/jonathan-adler-flower-hand-kissen.jpg\" alt=\"flower-hand-kissen\" width=\"600\" height=\"350\" srcset=\"https:\/\/raum-blick.de\/magazin\/wp-content\/uploads\/2021\/04\/jonathan-adler-flower-hand-kissen.jpg 600w, https:\/\/raum-blick.de\/magazin\/wp-content\/uploads\/2021\/04\/jonathan-adler-flower-hand-kissen-300x175.jpg 300w\" sizes=\"(max-width: 600px) 100vw, 600px\" \/><\/a><\/p>\n<p style=\"text-align: justify;\">Bei den Vasen aus Porzellan entscheidet sich der kunstaffine Designer f\u00fcr pures Wei\u00df, das seine Botschaft unterstreicht. Ansonsten sind eher farbenfrohe Entw\u00fcrfe typisch f\u00fcr ihn. Die Heimtextilien sind daf\u00fcr gelungene Exempel: Das Kissen Flower Hand belebt ein bunter Blumenstrau\u00df. Er entspringt einer Geste, mit der man eine Pistole assoziiert. So erh\u00e4lt das dekorative Motiv einen tieferen Sinn und wird &#8211; \u00e4hnlich wie die Muse Porzellanvasen &#8211; zur Inspirationsquelle.<\/p>\n","protected":false},"excerpt":{"rendered":"<p>Der US-Designer hat ein Faible f\u00fcr starke Frauen. Mit einigen Keramikarbeiten w\u00fcrdigt Jonathan Adler Dora Maar. Die Tassen, Schalen und Vasen aus Porzellan fangen die Pers\u00f6nlichkeit der Fotok\u00fcnstlerin nicht nur wunderbar ein. Geistreich werten die Accessoires das wohnliche Flair auf. Keramisches Frauenportr\u00e4t mit fesselnder Aura Mit menschlichen Z\u00fcgen \u00fcberrascht die Vase von Jonathan Adler. Den [&hellip;]<\/p>\n","protected":false},"author":4,"featured_media":12699,"comment_status":"closed","ping_status":"open","sticky":false,"template":"","format":"standard","meta":{"_et_pb_use_builder":"","_et_pb_old_content":"","_et_gb_content_width":"","inline_featured_image":false,"footnotes":""},"categories":[8],"tags":[1223,342,334,1326,953,449,458,1317,296,846,852,146,1378,1269,828],"class_list":["post-12679","post","type-post","status-publish","format-standard","has-post-thumbnail","hentry","category-features","tag-deko","tag-dekoration","tag-design","tag-dora-maar","tag-einrichtung","tag-einrichtungsideen","tag-handgefertigt","tag-jonathan-adler","tag-kissen","tag-schale","tag-vase","tag-vasen","tag-vergoldet","tag-wohndeko","tag-wohnen"],"_links":{"self":[{"href":"https:\/\/raum-blick.de\/magazin\/wp-json\/wp\/v2\/posts\/12679","targetHints":{"allow":["GET"]}}],"collection":[{"href":"https:\/\/raum-blick.de\/magazin\/wp-json\/wp\/v2\/posts"}],"about":[{"href":"https:\/\/raum-blick.de\/magazin\/wp-json\/wp\/v2\/types\/post"}],"author":[{"embeddable":true,"href":"https:\/\/raum-blick.de\/magazin\/wp-json\/wp\/v2\/users\/4"}],"replies":[{"embeddable":true,"href":"https:\/\/raum-blick.de\/magazin\/wp-json\/wp\/v2\/comments?post=12679"}],"version-history":[{"count":14,"href":"https:\/\/raum-blick.de\/magazin\/wp-json\/wp\/v2\/posts\/12679\/revisions"}],"predecessor-version":[{"id":15168,"href":"https:\/\/raum-blick.de\/magazin\/wp-json\/wp\/v2\/posts\/12679\/revisions\/15168"}],"wp:featuredmedia":[{"embeddable":true,"href":"https:\/\/raum-blick.de\/magazin\/wp-json\/wp\/v2\/media\/12699"}],"wp:attachment":[{"href":"https:\/\/raum-blick.de\/magazin\/wp-json\/wp\/v2\/media?parent=12679"}],"wp:term":[{"taxonomy":"category","embeddable":true,"href":"https:\/\/raum-blick.de\/magazin\/wp-json\/wp\/v2\/categories?post=12679"},{"taxonomy":"post_tag","embeddable":true,"href":"https:\/\/raum-blick.de\/magazin\/wp-json\/wp\/v2\/tags?post=12679"}],"curies":[{"name":"wp","href":"https:\/\/api.w.org\/{rel}","templated":true}]}}