{"id":1261,"date":"2016-10-10T12:05:21","date_gmt":"2016-10-10T10:05:21","guid":{"rendered":"https:\/\/www.raum-blick.de\/magazin\/?p=1261"},"modified":"2024-08-30T13:37:01","modified_gmt":"2024-08-30T11:37:01","slug":"design-garderobe-und-schuhregal","status":"publish","type":"post","link":"https:\/\/raum-blick.de\/magazin\/design-garderobe-und-schuhregal\/","title":{"rendered":"Design-Garderobe und Schuhregal"},"content":{"rendered":"<h2><span class=\"ez-toc-section\" id=\"%C2%AB_Einrichtungstipps_fuer_einen_schicken_Flur_%C2%BB\"><\/span>\u00ab Einrichtungstipps f\u00fcr einen schicken Flur \u00bb<span class=\"ez-toc-section-end\"><\/span><\/h2>\n<p style=\"text-align: justify;\"><strong>Das Chaos scheint perfekt und ordnungsliebende G\u00e4ste schlagen schon bei der Ankunft die H\u00e4nde \u00fcber dem Kopf zusammen. F\u00fchlen Sie sich in diesem Moment angesprochen, wird es Zeit f\u00fcr eine Flurgestaltung mit cleverem Einrichtungskonzept und einer funktional durchdachten Design-Garderobe. Denn die Erfahrung zeigt, dass sich das wohnliche Sorgenkind aus dem unpraktischen Mobiliar und nicht aus den konfusen Charakteren der Bewohner ergibt. <\/strong><\/p>\n<h2><span class=\"ez-toc-section\" id=\"Architektonische_Huerden_bei_der_einladenden_Flurgestaltung\"><\/span>Architektonische H\u00fcrden bei der einladenden Flurgestaltung<span class=\"ez-toc-section-end\"><\/span><\/h2>\n<p style=\"text-align: justify;\">Dem Flur wird in der Gegenwart meist nur eine nebens\u00e4chliche Rolle zugesprochen. Das beginnt schon bei der Architektur moderner Geb\u00e4ude. L\u00e4ngst pass\u00e9 sind die Zeiten, in denen sich hinter der Haust\u00fcr eine stattliche Diele mit Platz f\u00fcr eine gesellige Essgruppe und knisterndem Kamin verbarg. Stattdessen steht bei vielen Wohnungen ein knapp bemessener Quadratmeter-Rest zur Verf\u00fcgung, aus dem Sie einen Flur gestalten m\u00f6chten. Erschwerend kommt h\u00e4ufig hinzu, dass aufgrund der angrenzenden T\u00fcren und der schmalen Konzeption kaum Stellfl\u00e4che vorhanden ist.<\/p><div id=\"ez-toc-container\" class=\"ez-toc-v2_0_82_2 counter-hierarchy ez-toc-counter ez-toc-grey ez-toc-container-direction\">\n<div class=\"ez-toc-title-container\">\n<p class=\"ez-toc-title\" style=\"cursor:inherit\">Was hier auf Sie wartet<\/p>\n<span class=\"ez-toc-title-toggle\"><a href=\"#\" class=\"ez-toc-pull-right ez-toc-btn ez-toc-btn-xs ez-toc-btn-default ez-toc-toggle\" aria-label=\"Toggle Table of Content\"><span class=\"ez-toc-js-icon-con\"><span class=\"\"><span class=\"eztoc-hide\" style=\"display:none;\">Toggle<\/span><span class=\"ez-toc-icon-toggle-span\"><svg style=\"fill: #999;color:#999\" xmlns=\"http:\/\/www.w3.org\/2000\/svg\" class=\"list-377408\" width=\"20px\" height=\"20px\" viewBox=\"0 0 24 24\" fill=\"none\"><path d=\"M6 6H4v2h2V6zm14 0H8v2h12V6zM4 11h2v2H4v-2zm16 0H8v2h12v-2zM4 16h2v2H4v-2zm16 0H8v2h12v-2z\" fill=\"currentColor\"><\/path><\/svg><svg style=\"fill: #999;color:#999\" class=\"arrow-unsorted-368013\" xmlns=\"http:\/\/www.w3.org\/2000\/svg\" width=\"10px\" height=\"10px\" viewBox=\"0 0 24 24\" version=\"1.2\" baseProfile=\"tiny\"><path d=\"M18.2 9.3l-6.2-6.3-6.2 6.3c-.2.2-.3.4-.3.7s.1.5.3.7c.2.2.4.3.7.3h11c.3 0 .5-.1.7-.3.2-.2.3-.5.3-.7s-.1-.5-.3-.7zM5.8 14.7l6.2 6.3 6.2-6.3c.2-.2.3-.5.3-.7s-.1-.5-.3-.7c-.2-.2-.4-.3-.7-.3h-11c-.3 0-.5.1-.7.3-.2.2-.3.5-.3.7s.1.5.3.7z\"\/><\/svg><\/span><\/span><\/span><\/a><\/span><\/div>\n<nav><ul class='ez-toc-list ez-toc-list-level-1 ' ><li class='ez-toc-page-1 ez-toc-heading-level-2'><a class=\"ez-toc-link ez-toc-heading-1\" href=\"https:\/\/raum-blick.de\/magazin\/design-garderobe-und-schuhregal\/#%C2%AB_Einrichtungstipps_fuer_einen_schicken_Flur_%C2%BB\" >\u00ab Einrichtungstipps f\u00fcr einen schicken Flur \u00bb<\/a><\/li><li class='ez-toc-page-1 ez-toc-heading-level-2'><a class=\"ez-toc-link ez-toc-heading-2\" href=\"https:\/\/raum-blick.de\/magazin\/design-garderobe-und-schuhregal\/#Architektonische_Huerden_bei_der_einladenden_Flurgestaltung\" >Architektonische H\u00fcrden bei der einladenden Flurgestaltung<\/a><\/li><li class='ez-toc-page-1 ez-toc-heading-level-2'><a class=\"ez-toc-link ez-toc-heading-3\" href=\"https:\/\/raum-blick.de\/magazin\/design-garderobe-und-schuhregal\/#Mit_cleveren_Designideen_den_Flur_gestalten\" >Mit cleveren Designideen den Flur gestalten<\/a><ul class='ez-toc-list-level-3' ><li class='ez-toc-heading-level-3'><a class=\"ez-toc-link ez-toc-heading-4\" href=\"https:\/\/raum-blick.de\/magazin\/design-garderobe-und-schuhregal\/#Kompaktes_Schuhregal_von_Normann_Copenhagen\" >Kompaktes Schuhregal von Normann Copenhagen<\/a><\/li><li class='ez-toc-page-1 ez-toc-heading-level-3'><a class=\"ez-toc-link ez-toc-heading-5\" href=\"https:\/\/raum-blick.de\/magazin\/design-garderobe-und-schuhregal\/#Viele_Nutzungsmuster_auf_engstem_Raum_integriert_Garderobe_Cutter_von_Skagerak\" >Viele Nutzungsmuster auf engstem Raum integriert: Garderobe Cutter von Skagerak<\/a><\/li><li class='ez-toc-page-1 ez-toc-heading-level-3'><a class=\"ez-toc-link ez-toc-heading-6\" href=\"https:\/\/raum-blick.de\/magazin\/design-garderobe-und-schuhregal\/#Eleganter_Butler_fuer_den_Flur_Garderobenstaender_Vestor_von_Zack\" >Eleganter Butler f\u00fcr den Flur: Garderobenst\u00e4nder Vestor von Zack<\/a><\/li><li class='ez-toc-page-1 ez-toc-heading-level-3'><a class=\"ez-toc-link ez-toc-heading-7\" href=\"https:\/\/raum-blick.de\/magazin\/design-garderobe-und-schuhregal\/#Eine_Prise_Extravaganz_fuer_die_Flurgestaltung_Design-Garderobe_Pencil_von_Lind_DNA\" >Eine Prise Extravaganz f\u00fcr die Flurgestaltung: Design-Garderobe Pencil von Lind DNA<\/a><\/li><\/ul><\/li><li class='ez-toc-page-1 ez-toc-heading-level-2'><a class=\"ez-toc-link ez-toc-heading-8\" href=\"https:\/\/raum-blick.de\/magazin\/design-garderobe-und-schuhregal\/#Symbiose_aus_praktischen_Ideen_und_moderner_Aesthetik_fuer_das_herzliche_Willkommen\" >Symbiose aus praktischen Ideen und moderner \u00c4sthetik f\u00fcr das herzliche Willkommen<\/a><\/li><li class='ez-toc-page-1 ez-toc-heading-level-2'><a class=\"ez-toc-link ez-toc-heading-9\" href=\"https:\/\/raum-blick.de\/magazin\/design-garderobe-und-schuhregal\/#Zuletzt_geht_es_um_oben_und_unten\" >Zuletzt geht es um oben und unten<\/a><\/li><\/ul><\/nav><\/div>\n\n<p style=\"text-align: justify;\"><a href=\"https:\/\/www.raum-blick.de\/skagerak-georg-spiegel\"><img loading=\"lazy\" decoding=\"async\" class=\"aligncenter wp-image-1307 size-full\" title=\"Skagerak &quot;Georg&quot; Spiegel | Material: Eiche\" src=\"https:\/\/www.raum-blick.de\/magazin\/wp-content\/uploads\/2016\/11\/Skagerak-Georg-Spiegel.jpg\" alt=\"skagerak-georg-spiegel\" width=\"600\" height=\"706\" srcset=\"https:\/\/raum-blick.de\/magazin\/wp-content\/uploads\/2016\/11\/Skagerak-Georg-Spiegel.jpg 600w, https:\/\/raum-blick.de\/magazin\/wp-content\/uploads\/2016\/11\/Skagerak-Georg-Spiegel-255x300.jpg 255w\" sizes=\"(max-width: 600px) 100vw, 600px\" \/><\/a><\/p>\n<p style=\"text-align: justify;\">Diesen ern\u00fcchternden Fakten steht die Tatsache gegen\u00fcber, dass gerade Flure zu den multifunktionalen Lebensbereichen geh\u00f6ren. Hier legen Bewohner Oberbekleidung an und \u00fcberpr\u00fcfen flink das Styling, bevor sie aufbrechen. Freunde erwarten eine Ankunft, bei der sie entspannt die Schuhe ausziehen k\u00f6nnen und Platz f\u00fcr Jacken oder Accessoires antreffen. Obendrein bekommen Personen wie Paketboten oder Nachbarn nur diesen Raum zu Gesicht und schlie\u00dfen daraus auf den individuellen Lifestyle. Also ist das vom Chaos bedrohte Sorgenkind obendrein das Aush\u00e4ngeschild f\u00fcr stilvolles Ambiente in Ihrem Zuhause.<\/p>\n<h2><span class=\"ez-toc-section\" id=\"Mit_cleveren_Designideen_den_Flur_gestalten\"><\/span>Mit cleveren Designideen den Flur gestalten<span class=\"ez-toc-section-end\"><\/span><\/h2>\n<p style=\"text-align: justify;\">Gl\u00fccklicherweise haben renommierte Marken das Problem erkannt und bieten f\u00fcr die Flurgestaltung hochwertige Designideen an, die praktisch, platzsparend und schick sind. Bevor das Projekt starten kann, ist radikales Rationalisieren gefragt. Nahezu alle Kleidungsst\u00fccke, Schuhe und jede Menge Kleinkram haben im Eingangsbereich nichts verloren, da sie kaum genutzt werden. Damit er\u00fcbrigen sich sogleich sperrige M\u00f6bel wie Kommoden, die den Flur beengt erscheinen lassen und andernorts besser platziert sind.<\/p>\n<p style=\"text-align: justify;\"><img loading=\"lazy\" decoding=\"async\" class=\"aligncenter wp-image-1309 size-full\" title=\"Normann Copenhagen &quot;Toj&quot; Garderobe | Material: Metall, Esche\" src=\"https:\/\/www.raum-blick.de\/magazin\/wp-content\/uploads\/2016\/11\/Normann-Copenhagen-Toj-Garderobe-Metall-Esche.jpg\" alt=\"normann-copenhagen-toj-garderobe-metall-esche\" width=\"600\" height=\"600\" srcset=\"https:\/\/raum-blick.de\/magazin\/wp-content\/uploads\/2016\/11\/Normann-Copenhagen-Toj-Garderobe-Metall-Esche.jpg 600w, https:\/\/raum-blick.de\/magazin\/wp-content\/uploads\/2016\/11\/Normann-Copenhagen-Toj-Garderobe-Metall-Esche-150x150.jpg 150w, https:\/\/raum-blick.de\/magazin\/wp-content\/uploads\/2016\/11\/Normann-Copenhagen-Toj-Garderobe-Metall-Esche-300x300.jpg 300w\" sizes=\"(max-width: 600px) 100vw, 600px\" \/><\/p>\n<p style=\"text-align: justify;\">Wenn der Raum komplett leer ist, k\u00f6nnen Sie von der Pike auf eine Strategie entwickeln, um den Flur aktiv zu gestalten. Zuerst richtet sich der Blick auf unverzichtbare Basics wie eine Garderobe und ein Schuhregal. Hierf\u00fcr sind die Kollektionen von <a href=\"https:\/\/www.raum-blick.de\/normann-copenhagen\/\">Normann Copenhagen<\/a>, <a href=\"https:\/\/www.raum-blick.de\/skagerak\/\">Skagerak<\/a>, <a href=\"https:\/\/www.raum-blick.de\/lind-dna\/\">Lind DNA<\/a> und <a href=\"https:\/\/www.raum-blick.de\/zack\/\">Zack<\/a> interessant.<\/p>\n<h3><span class=\"ez-toc-section\" id=\"Kompaktes_Schuhregal_von_Normann_Copenhagen\"><\/span>Kompaktes Schuhregal von Normann Copenhagen<span class=\"ez-toc-section-end\"><\/span><\/h3>\n<p style=\"text-align: justify;\">Bei diesem Objekt f\u00fcr die Flurgestaltung fokussiert sich der Designer Simon Legold auf das Wesentliche. Spannend wirkt die \u00c4sthetik durch den Kontrast zwischen dem industriellen Charakter der Stahlplatten und dem nat\u00fcrlichen Charme von Holz. Im Vordergrund stehen jedoch die klare Formgebung und die \u00fcberschaubaren Ma\u00dfe. Dadurch f\u00fcgt sich das Schuhregal von Normann Copenhagen dezent in den Raum ein und beansprucht keine Aufmerksamkeit. Eben diese Eigenschaften sind ideal, wenn Sie einen kleinen Flur gestalten. Sehr pr\u00e4sente M\u00f6bel mit geschlossenem Stauraum w\u00fcrden die Atmosph\u00e4re sowohl beschweren als auch beengen.<\/p>\n<p style=\"text-align: justify;\"><img loading=\"lazy\" decoding=\"async\" class=\"aligncenter wp-image-1266 size-full\" title=\"Normann Copenhagen &quot;Sko&quot; Schuhregal | Material: Eiche, Stahl\" src=\"https:\/\/www.raum-blick.de\/magazin\/wp-content\/uploads\/2016\/11\/Normann-Copenhagen-Sko-Schuhregal-Eiche-Stahl.jpg\" alt=\"normann-copenhagen-sko-schuhregal-eiche-stahl\" width=\"600\" height=\"600\" srcset=\"https:\/\/raum-blick.de\/magazin\/wp-content\/uploads\/2016\/11\/Normann-Copenhagen-Sko-Schuhregal-Eiche-Stahl.jpg 600w, https:\/\/raum-blick.de\/magazin\/wp-content\/uploads\/2016\/11\/Normann-Copenhagen-Sko-Schuhregal-Eiche-Stahl-150x150.jpg 150w, https:\/\/raum-blick.de\/magazin\/wp-content\/uploads\/2016\/11\/Normann-Copenhagen-Sko-Schuhregal-Eiche-Stahl-300x300.jpg 300w\" sizes=\"(max-width: 600px) 100vw, 600px\" \/><\/p>\n<p style=\"text-align: justify;\">Wer bislang einen klassischen Schuhschrank f\u00fcr unz\u00e4hlige Paare nutzt, mag an der Funktionalit\u00e4t des \u00fcbersichtlichen Modells zweifeln. Ein Brainstorming zeigt, wie wenig Favoriten in der Saison t\u00e4glich im Rennen sind, und ver\u00e4ndert die Perspektive. Dieser Aha-Effekt l\u00e4sst sich forcieren, indem auf dem Normann Copenhagen Schuhregal beim Durchstarten lediglich die bequemen Pantoffeln bis zum Feierabend geparkt werden.<\/p>\n<p style=\"text-align: justify;\"><img loading=\"lazy\" decoding=\"async\" class=\"aligncenter wp-image-1302 size-full\" title=\"Tojo &quot;Platz&quot; Konsole | Material: wei\u00df beschichtetes MDF Melaminharz\" src=\"https:\/\/www.raum-blick.de\/magazin\/wp-content\/uploads\/2016\/11\/Tojo-platz-Konsole.jpg\" alt=\"tojo-platz-konsole\" width=\"600\" height=\"600\" srcset=\"https:\/\/raum-blick.de\/magazin\/wp-content\/uploads\/2016\/11\/Tojo-platz-Konsole.jpg 600w, https:\/\/raum-blick.de\/magazin\/wp-content\/uploads\/2016\/11\/Tojo-platz-Konsole-150x150.jpg 150w, https:\/\/raum-blick.de\/magazin\/wp-content\/uploads\/2016\/11\/Tojo-platz-Konsole-300x300.jpg 300w\" sizes=\"(max-width: 600px) 100vw, 600px\" \/><\/p>\n<p style=\"text-align: justify;\">Alle anderen Paare sind in einer Kommode neben dem Kleiderschrank besser aufgehoben, da sie ohnehin passend zum Outfit ausgew\u00e4hlt werden. Dank dieser ver\u00e4nderten Gewohnheit treffen Besucher auf ein weitgehend leeres Regal, auf dem sie relaxt ihre Schuhe abstellen k\u00f6nnen.<\/p>\n<h3><span class=\"ez-toc-section\" id=\"Viele_Nutzungsmuster_auf_engstem_Raum_integriert_Garderobe_Cutter_von_Skagerak\"><\/span>Viele Nutzungsmuster auf engstem Raum integriert: Garderobe Cutter von Skagerak<span class=\"ez-toc-section-end\"><\/span><\/h3>\n<p style=\"text-align: justify;\">Was f\u00fcr die Schuhe gilt, trifft auch auf Jacken, M\u00e4ntel oder Blazer zu: Das verwendete Portfolio grenzt sich saisonal ein und wird passend zum Style des Tages ins Spiel gebracht. Deshalb ben\u00f6tigen sie auch hierf\u00fcr keine wuchtigen Schr\u00e4nke, wenn Sie den Flur gestalten.<\/p>\n<p style=\"text-align: justify;\"><a href=\"https:\/\/www.raum-blick.de\/skagerak-cutter-garderobe\"><img loading=\"lazy\" decoding=\"async\" class=\"aligncenter wp-image-1270 size-full\" title=\"Skagerak &quot;Cutter&quot; Garderobe | Allrounder mit Hutablage, B\u00fcgelstange und Haken\" src=\"https:\/\/www.raum-blick.de\/magazin\/wp-content\/uploads\/2016\/11\/Skagerak-Cutter-Garderobe-Hutablage-B\u00fcgelstange-Haken.jpg\" alt=\"skagerak-cutter-garderobe-hutablage-buegelstange-haken\" width=\"600\" height=\"600\" srcset=\"https:\/\/raum-blick.de\/magazin\/wp-content\/uploads\/2016\/11\/Skagerak-Cutter-Garderobe-Hutablage-B\u00fcgelstange-Haken.jpg 600w, https:\/\/raum-blick.de\/magazin\/wp-content\/uploads\/2016\/11\/Skagerak-Cutter-Garderobe-Hutablage-B\u00fcgelstange-Haken-150x150.jpg 150w, https:\/\/raum-blick.de\/magazin\/wp-content\/uploads\/2016\/11\/Skagerak-Cutter-Garderobe-Hutablage-B\u00fcgelstange-Haken-300x300.jpg 300w\" sizes=\"(max-width: 600px) 100vw, 600px\" \/><\/a><\/p>\n<p style=\"text-align: justify;\">Ausgesprochen charmant und pfiffig ist die Design-Garderobe Cutter von Skagerak. Das Konzept ergab sich aus klassischen Gartenm\u00f6beln und profitiert \u00e4sthetisch von diesem Link zum Sommer-Feeling und dem charismatischen Holz. Au\u00dferordentlich nah schmiegt sich das geradlinige Einrichtungsobjekt an die Wand und bietet dabei verbl\u00fcffend viele Optionen. Die Lamellen unterstreichen die luftige \u00c4sthetik der Cutter-Garderobe von Skagerak und erm\u00f6glichen das Einh\u00e4ngen von B\u00fcgeln. Alternativ k\u00f6nnen die integrierten Haken f\u00fcr das Ablegen der Jacke genutzt werden. Dank der klaren Formsprache ergibt sich eine Ablage f\u00fcr H\u00fcte oder M\u00fctzen.<\/p>\n<p style=\"text-align: justify;\"><a href=\"https:\/\/www.raum-blick.de\/skagerak-cutter-box\"><img loading=\"lazy\" decoding=\"async\" class=\"aligncenter wp-image-1273 size-full\" title=\"Skagerak &quot;Cutter&quot; Box | in zwei Gr\u00f6\u00dfen erh\u00e4ltlich\" src=\"https:\/\/www.raum-blick.de\/magazin\/wp-content\/uploads\/2016\/11\/Skagerak-Cutter-Box-zwei-Gr\u00f6\u00dfen.jpg\" alt=\"skagerak-cutter-box-zwei-groessen\" width=\"600\" height=\"600\" srcset=\"https:\/\/raum-blick.de\/magazin\/wp-content\/uploads\/2016\/11\/Skagerak-Cutter-Box-zwei-Gr\u00f6\u00dfen.jpg 600w, https:\/\/raum-blick.de\/magazin\/wp-content\/uploads\/2016\/11\/Skagerak-Cutter-Box-zwei-Gr\u00f6\u00dfen-150x150.jpg 150w, https:\/\/raum-blick.de\/magazin\/wp-content\/uploads\/2016\/11\/Skagerak-Cutter-Box-zwei-Gr\u00f6\u00dfen-300x300.jpg 300w\" sizes=\"(max-width: 600px) 100vw, 600px\" \/><\/a><\/p>\n<p style=\"text-align: justify;\">Wer sich die passende Cutter-Box als erg\u00e4nzendes Zubeh\u00f6r g\u00f6nnt, findet an der komprimierten Design-Garderobe sogar Stauraum f\u00fcr Handschuhe oder Halst\u00fccher.<\/p>\n<h3><span class=\"ez-toc-section\" id=\"Eleganter_Butler_fuer_den_Flur_Garderobenstaender_Vestor_von_Zack\"><\/span><a href=\"https:\/\/www.raum-blick.de\/zack-vestor-garderobe-edelstahl\"><img loading=\"lazy\" decoding=\"async\" class=\"alignleft wp-image-1282 size-full\" title=\"Zack &quot;VESTOR&quot; Garderobenst\u00e4nder | Material: seidenmattes Edelstahl\" src=\"https:\/\/www.raum-blick.de\/magazin\/wp-content\/uploads\/2016\/11\/Zack-VESTOR-Garderobenst\u00e4nder.jpg\" alt=\"zack-vestor-garderobenstaender\" width=\"157\" height=\"410\" srcset=\"https:\/\/raum-blick.de\/magazin\/wp-content\/uploads\/2016\/11\/Zack-VESTOR-Garderobenst\u00e4nder.jpg 157w, https:\/\/raum-blick.de\/magazin\/wp-content\/uploads\/2016\/11\/Zack-VESTOR-Garderobenst\u00e4nder-115x300.jpg 115w\" sizes=\"(max-width: 157px) 100vw, 157px\" \/><\/a>Eleganter Butler f\u00fcr den Flur: Garderobenst\u00e4nder Vestor von Zack<span class=\"ez-toc-section-end\"><\/span><\/h3>\n<p style=\"text-align: justify;\">Im Sinne der aufger\u00e4umten Atmosph\u00e4re pr\u00e4sentiert sich auch die Design-Garderobe Vestor von Zack minimalistisch und multifunktional. Dabei akzentuiert das Standmodell die Flurgestaltung aber sehr schick und modern. Dieser trendige Eindruck ist der reduzierten Formsprache ebenso zu verdanken wie der k\u00fchlen Eleganz von Edelstahl.<\/p>\n<p style=\"text-align: justify;\">Durch integrierte Haken an der Garderobenleiste bleibt es dem Nutzer \u00fcberlassen, ob Kleidungsst\u00fccke auf B\u00fcgeln drapiert oder salopp abgelegt werden. Wenngleich die Design-Garderobe von Zack mit ihrem gewichtigen Eisenfu\u00df wenig Stellfl\u00e4che einfordert, bietet sie sogar einen Schirmst\u00e4nder.<\/p>\n<h3><span class=\"ez-toc-section\" id=\"Eine_Prise_Extravaganz_fuer_die_Flurgestaltung_Design-Garderobe_Pencil_von_Lind_DNA\"><\/span>Eine Prise Extravaganz f\u00fcr die Flurgestaltung: Design-Garderobe Pencil von Lind DNA<span class=\"ez-toc-section-end\"><\/span><\/h3>\n<p style=\"text-align: justify;\">Eiche, Edelstahl und Lederband vereinen sich, damit Sie einen au\u00dfergew\u00f6hnlichen Flur gestalten k\u00f6nnen. Obwohl die filigrane und minimalistische Designidee von Lind DNA im Vergleich zu klassischen Flurschr\u00e4nken ein Hauch von nichts ist, avanciert der Garderobenst\u00e4nder zum Blickfang. Wenige Akzente beim \u00e4sthetischen Konzept gen\u00fcgen, damit sich umgehend Assoziationen mit einem Stift ergeben.<\/p>\n<p style=\"text-align: justify;\"><img loading=\"lazy\" decoding=\"async\" class=\"aligncenter wp-image-1284 size-full\" title=\"LIND DNA &quot;Pencil&quot; Garderobenst\u00e4nder | Material: d\u00e4nische Eiche, Edelstahl, Lederband\" src=\"https:\/\/www.raum-blick.de\/magazin\/wp-content\/uploads\/2016\/11\/LIND-DNA-Pencil-Garderobenst\u00e4nder.jpg\" alt=\"lind-dna-pencil-garderobenstaender\" width=\"600\" height=\"600\" srcset=\"https:\/\/raum-blick.de\/magazin\/wp-content\/uploads\/2016\/11\/LIND-DNA-Pencil-Garderobenst\u00e4nder.jpg 600w, https:\/\/raum-blick.de\/magazin\/wp-content\/uploads\/2016\/11\/LIND-DNA-Pencil-Garderobenst\u00e4nder-150x150.jpg 150w, https:\/\/raum-blick.de\/magazin\/wp-content\/uploads\/2016\/11\/LIND-DNA-Pencil-Garderobenst\u00e4nder-300x300.jpg 300w\" sizes=\"(max-width: 600px) 100vw, 600px\" \/><\/p>\n<p style=\"text-align: justify;\">Mit dem Eingangsbereich des Ateliers harmoniert diese winzige Dosis Extravaganz ebenso fabelhaft wie mit dem Flur einer jungen Familie. An den Querstreben lassen sich Jacken leger arrangieren oder Kleiderb\u00fcgel einh\u00e4ngen. Hierf\u00fcr empfehlen sich beispielsweise die puristischen Hanger Kleiderb\u00fcgel von Lind DNA.<\/p>\n<h2><span class=\"ez-toc-section\" id=\"Symbiose_aus_praktischen_Ideen_und_moderner_Aesthetik_fuer_das_herzliche_Willkommen\"><\/span>Symbiose aus praktischen Ideen und moderner \u00c4sthetik f\u00fcr das herzliche Willkommen<span class=\"ez-toc-section-end\"><\/span><\/h2>\n<p style=\"text-align: justify;\">Mit einer Design-Garderobe und einem Schuhregal ist die Flurgestaltung selbstverst\u00e4ndlich noch nicht vollbracht. Weitere Must-haves gesellen sich hinzu, die ebenso von einer geradlinigen, multifunktionalen und minimalistischen \u00c4sthetik gepr\u00e4gt sind. Diese Strategie wird der Tatsache gerecht, dass das Platzangebot im Flur meist \u00fcberschaubar ist. Au\u00dferdem geht von den Kleidungsst\u00fccken mit verschiedensten Farben und Stilrichtungen stets eine gewisse Unruhe aus.<\/p>\n<p style=\"text-align: justify;\"><a href=\"https:\/\/www.raum-blick.de\/skagerak-cutter-klappsitz\"><img loading=\"lazy\" decoding=\"async\" class=\"aligncenter wp-image-1304 size-full\" title=\"Skagerak &quot;Cutter&quot; Klappsitz | mit parallelen Lamellen\" src=\"https:\/\/www.raum-blick.de\/magazin\/wp-content\/uploads\/2016\/11\/Skagerak-Cutter-Klappsitz.jpg\" alt=\"skagerak-cutter-klappsitz\" width=\"600\" height=\"600\" srcset=\"https:\/\/raum-blick.de\/magazin\/wp-content\/uploads\/2016\/11\/Skagerak-Cutter-Klappsitz.jpg 600w, https:\/\/raum-blick.de\/magazin\/wp-content\/uploads\/2016\/11\/Skagerak-Cutter-Klappsitz-150x150.jpg 150w, https:\/\/raum-blick.de\/magazin\/wp-content\/uploads\/2016\/11\/Skagerak-Cutter-Klappsitz-300x300.jpg 300w\" sizes=\"(max-width: 600px) 100vw, 600px\" \/><\/a><\/p>\n<p style=\"text-align: justify;\">Deshalb ist es taktisch klug, wenn Sie nur mit Wohnaccessoires den Flur gestalten, die den Raum praktisch aufwerten und einer \u00e4sthetischen Punktlandung gleichkommen. Die Bank Cutter erg\u00e4nzt beispielsweise treffend die Design-Garderobe von Skagerak, bietet einen spontanen Sitzplatz und erleichtert das Ankleiden.<\/p>\n<p style=\"text-align: justify;\"><img loading=\"lazy\" decoding=\"async\" class=\"aligncenter wp-image-1287 size-full\" title=\"Skagerak &quot;Cutter&quot; Bank | Material: Eiche | indoor\" src=\"https:\/\/www.raum-blick.de\/magazin\/wp-content\/uploads\/2016\/11\/Skagerak-Cutter-Bank-Material-Eiche-indoor.jpg\" alt=\"skagerak-cutter-bank-material-eiche-indoor\" width=\"600\" height=\"600\" srcset=\"https:\/\/raum-blick.de\/magazin\/wp-content\/uploads\/2016\/11\/Skagerak-Cutter-Bank-Material-Eiche-indoor.jpg 600w, https:\/\/raum-blick.de\/magazin\/wp-content\/uploads\/2016\/11\/Skagerak-Cutter-Bank-Material-Eiche-indoor-150x150.jpg 150w, https:\/\/raum-blick.de\/magazin\/wp-content\/uploads\/2016\/11\/Skagerak-Cutter-Bank-Material-Eiche-indoor-300x300.jpg 300w\" sizes=\"(max-width: 600px) 100vw, 600px\" \/><\/p>\n<p style=\"text-align: justify;\">Alternativ bieten sich als Sitzgelegenheit Leuchtm\u00f6bel f\u00fcr den trendigen Flur an.<\/p>\n<p><center><img loading=\"lazy\" decoding=\"async\" class=\"alignnone wp-image-1290 size-full\" title=\"moree &quot;Bubble&quot; LED Pro Akku | leuchtender gute Laune Beistelltisch &amp; Hocker\" src=\"https:\/\/www.raum-blick.de\/magazin\/wp-content\/uploads\/2016\/11\/moree-Bubble-LED-Pro-Akku-Beistelltisch-Hocker.jpg\" alt=\"moree-bubble-led-pro-akku-beistelltisch-hocker\" width=\"300\" height=\"300\" srcset=\"https:\/\/raum-blick.de\/magazin\/wp-content\/uploads\/2016\/11\/moree-Bubble-LED-Pro-Akku-Beistelltisch-Hocker.jpg 300w, https:\/\/raum-blick.de\/magazin\/wp-content\/uploads\/2016\/11\/moree-Bubble-LED-Pro-Akku-Beistelltisch-Hocker-150x150.jpg 150w\" sizes=\"(max-width: 300px) 100vw, 300px\" \/> <a href=\"https:\/\/www.raum-blick.de\/magnetspiegel-max-60x40-cm\"><img loading=\"lazy\" decoding=\"async\" class=\"alignnone wp-image-1291 size-full\" title=\"raum-blick Magnetspiegel | 60x40 cm\" src=\"https:\/\/www.raum-blick.de\/magazin\/wp-content\/uploads\/2016\/11\/raum-blick-Magnetspiegel-60x40-cm.jpg\" alt=\"raum-blick-magnetspiegel-60x40-cm\" width=\"300\" height=\"300\" srcset=\"https:\/\/raum-blick.de\/magazin\/wp-content\/uploads\/2016\/11\/raum-blick-Magnetspiegel-60x40-cm.jpg 300w, https:\/\/raum-blick.de\/magazin\/wp-content\/uploads\/2016\/11\/raum-blick-Magnetspiegel-60x40-cm-150x150.jpg 150w\" sizes=\"(max-width: 300px) 100vw, 300px\" \/><\/a><\/center><\/p>\n<p style=\"text-align: justify;\">Reflexionen verleihen kleinen R\u00e4umen mehr Tiefe, was mit unseren Magnetspiegeln gelingt, die nebenbei den allt\u00e4glichen Papierkram regeln. Gro\u00dffl\u00e4chige und beschriftbare Glas-Magnettafeln der Kollektion Max peppen mit ihrer starken Farbe das Ambiente schn\u00f6rkellos auf und optimieren die flinke Kommunikation unter den Bewohnern.<\/p>\n<h2><span class=\"ez-toc-section\" id=\"Zuletzt_geht_es_um_oben_und_unten\"><\/span>Zuletzt geht es um oben und unten<span class=\"ez-toc-section-end\"><\/span><\/h2>\n<p style=\"text-align: justify;\">F\u00fcr ein stilistisches Statement bieten sich die blendfreien <a href=\"https:\/\/www.raum-blick.de\/vita\/\">Designleuchten Silvia von Vita<\/a> ebenso an wie ausgefallene <a href=\"https:\/\/www.raum-blick.de\/salonloewe\/\">Fu\u00dfmatten von Salonl\u00f6we<\/a>. Vorteilhaft ist, dass die Marke neben der klassischen Variante auch einen gr\u00f6\u00dferen L\u00e4ufer mit dem identischen Motiv anbietet.<\/p>\n<p><center><a href=\"https:\/\/www.raum-blick.de\/silvia-leuchte-vita-inkl.-tripod\"><img loading=\"lazy\" decoding=\"async\" class=\"alignnone wp-image-1296 size-full\" title=\"Vita &quot;Silvia&quot; Leuchte | inklusive Tripod\" src=\"https:\/\/www.raum-blick.de\/magazin\/wp-content\/uploads\/2016\/11\/Vita-Silvia-Leuchte-inklusive-Tripod.jpg\" alt=\"vita-silvia-leuchte-inklusive-tripod\" width=\"300\" height=\"300\" srcset=\"https:\/\/raum-blick.de\/magazin\/wp-content\/uploads\/2016\/11\/Vita-Silvia-Leuchte-inklusive-Tripod.jpg 300w, https:\/\/raum-blick.de\/magazin\/wp-content\/uploads\/2016\/11\/Vita-Silvia-Leuchte-inklusive-Tripod-150x150.jpg 150w\" sizes=\"(max-width: 300px) 100vw, 300px\" \/><\/a> <a href=\"https:\/\/www.raum-blick.de\/salonloewe-hereingedackelt-50x75-cm-fussmatte\"><img loading=\"lazy\" decoding=\"async\" class=\"alignnone wp-image-1297 size-full\" title=\"Salonl\u00f6we &quot;Hereingedackelt&quot; Fu\u00dfmatte | bei 40 Grad waschbar\" src=\"https:\/\/www.raum-blick.de\/magazin\/wp-content\/uploads\/2016\/11\/Salonl\u00f6we-Hereingedackelt-Fu\u00dfmatte-bei-40-Grad-waschbar.jpg\" alt=\"salonloewe-hereingedackelt-fussmatte-bei-40-grad-waschbar\" width=\"300\" height=\"300\" srcset=\"https:\/\/raum-blick.de\/magazin\/wp-content\/uploads\/2016\/11\/Salonl\u00f6we-Hereingedackelt-Fu\u00dfmatte-bei-40-Grad-waschbar.jpg 300w, https:\/\/raum-blick.de\/magazin\/wp-content\/uploads\/2016\/11\/Salonl\u00f6we-Hereingedackelt-Fu\u00dfmatte-bei-40-Grad-waschbar-150x150.jpg 150w\" sizes=\"(max-width: 300px) 100vw, 300px\" \/><\/a><\/center><\/p>\n<p style=\"text-align: justify;\">So verschmelzen bei ge\u00f6ffneter T\u00fcr die Fu\u00dfmatte und der Bodenbelag im Innenraum zu einer stilistischen Einheit. Au\u00dferdem unterstreichen Sie mit dieser Flurgestaltung ihre Gastfreundschaft, da G\u00e4ste mit schmutzigen Schuhen die Wohnung betreten und auf der Flurbank Platz nehmen d\u00fcrfen. Damit er\u00fcbrigen sich akrobatische \u00dcbungen auf der Fu\u00dfmatte im Hauseingang, bevor es \u00fcberhaupt zu einer Begr\u00fc\u00dfung kommt.<\/p>\n","protected":false},"excerpt":{"rendered":"<p>\u00ab Einrichtungstipps f\u00fcr einen schicken Flur \u00bb Das Chaos scheint perfekt und ordnungsliebende G\u00e4ste schlagen schon bei der Ankunft die H\u00e4nde \u00fcber dem Kopf zusammen. F\u00fchlen Sie sich in diesem Moment angesprochen, wird es Zeit f\u00fcr eine Flurgestaltung mit cleverem Einrichtungskonzept und einer funktional durchdachten Design-Garderobe. Denn die Erfahrung zeigt, dass sich das wohnliche Sorgenkind [&hellip;]<\/p>\n","protected":false},"author":4,"featured_media":1263,"comment_status":"closed","ping_status":"open","sticky":false,"template":"","format":"standard","meta":{"_et_pb_use_builder":"","_et_pb_old_content":"","_et_gb_content_width":"","inline_featured_image":false,"footnotes":""},"categories":[1],"tags":[14,157,159,153,161,149,155,158,56,156,152,67,43,53,110,160,35,21,162,150,19,154,151,100,69,99,27,44],"class_list":["post-1261","post","type-post","status-publish","format-standard","has-post-thumbnail","hentry","category-drinnen","tag-ausstattung","tag-baenke","tag-beistelltische","tag-boxen","tag-fussmatten","tag-garderoben","tag-garderobenstaender","tag-hocker","tag-indoor","tag-klappsitze","tag-konsolen","tag-led-moebel","tag-leuchten","tag-leuchtmoebel","tag-lind-dna","tag-magnetspiegel","tag-moree","tag-normann-copenhagen","tag-salonloewe","tag-schuhregale","tag-skagerak","tag-skagerak-cutter","tag-spiegel","tag-stehleuchten","tag-tojo","tag-vita","tag-wohnaccessoires","tag-zack"],"_links":{"self":[{"href":"https:\/\/raum-blick.de\/magazin\/wp-json\/wp\/v2\/posts\/1261","targetHints":{"allow":["GET"]}}],"collection":[{"href":"https:\/\/raum-blick.de\/magazin\/wp-json\/wp\/v2\/posts"}],"about":[{"href":"https:\/\/raum-blick.de\/magazin\/wp-json\/wp\/v2\/types\/post"}],"author":[{"embeddable":true,"href":"https:\/\/raum-blick.de\/magazin\/wp-json\/wp\/v2\/users\/4"}],"replies":[{"embeddable":true,"href":"https:\/\/raum-blick.de\/magazin\/wp-json\/wp\/v2\/comments?post=1261"}],"version-history":[{"count":42,"href":"https:\/\/raum-blick.de\/magazin\/wp-json\/wp\/v2\/posts\/1261\/revisions"}],"predecessor-version":[{"id":20840,"href":"https:\/\/raum-blick.de\/magazin\/wp-json\/wp\/v2\/posts\/1261\/revisions\/20840"}],"wp:featuredmedia":[{"embeddable":true,"href":"https:\/\/raum-blick.de\/magazin\/wp-json\/wp\/v2\/media\/1263"}],"wp:attachment":[{"href":"https:\/\/raum-blick.de\/magazin\/wp-json\/wp\/v2\/media?parent=1261"}],"wp:term":[{"taxonomy":"category","embeddable":true,"href":"https:\/\/raum-blick.de\/magazin\/wp-json\/wp\/v2\/categories?post=1261"},{"taxonomy":"post_tag","embeddable":true,"href":"https:\/\/raum-blick.de\/magazin\/wp-json\/wp\/v2\/tags?post=1261"}],"curies":[{"name":"wp","href":"https:\/\/api.w.org\/{rel}","templated":true}]}}