{"id":12545,"date":"2021-03-04T12:48:54","date_gmt":"2021-03-04T11:48:54","guid":{"rendered":"https:\/\/www.raum-blick.de\/magazin\/?p=12545"},"modified":"2024-08-28T10:54:22","modified_gmt":"2024-08-28T08:54:22","slug":"gemuetlichkeit-am-design-balkontisch","status":"publish","type":"post","link":"https:\/\/raum-blick.de\/magazin\/gemuetlichkeit-am-design-balkontisch\/","title":{"rendered":"Gem\u00fctlichkeit am Design-Balkontisch"},"content":{"rendered":"<h2><span class=\"ez-toc-section\" id=\"%C2%AB_Wo_sich_die_Sonnentage_geniessen_lassen_%C2%BB\"><\/span>\u00ab Wo sich die Sonnentage genie\u00dfen lassen \u00bb<span class=\"ez-toc-section-end\"><\/span><\/h2>\n<p style=\"text-align: justify;\"><strong>Der Platz ist \u00fcberschaubar. Trotzdem m\u00f6chte man drau\u00dfen den Sommer genie\u00dfen und sich rundum wohlf\u00fchlen. Hoch liegt die Messlatte beim Design der Balkontische, die im Mittelpunkt des Freiluftvergn\u00fcgens stehen. Die M\u00f6bel m\u00fcssen kompakt, praktisch und dekorativ sein.<\/strong><\/p>\n<h2><span class=\"ez-toc-section\" id=\"Pariser_Designikone_als_Problemloeser\"><\/span>Pariser Designikone als Probleml\u00f6ser<span class=\"ez-toc-section-end\"><\/span><\/h2>\n<p style=\"text-align: justify;\">Ein Frischluftfan war der Architekt vermutlich nicht. Er g\u00f6nnte der Wohnung nur ein Balk\u00f6nchen. W\u00e4sche trocknen, Handwerksarbeiten, Sonne tanken: Die Winzigkeit steht im Kontrast zu den vielen Funktionen. Sie kann der sp\u00e4rliche Freisitz nur einzeln managen. Entfaltet sich der W\u00e4schest\u00e4nder, muss die Sitzecke weichen. Den Gedanken an eine spontane Kaffeepause schiebt man danach beiseite, wenn die Balkonm\u00f6bel unhandlich sind. Zu aufwendig erscheint der Umbau f\u00fcr den kurzen Moment. Das architektonische Manko kann man nicht beheben.<\/p><div id=\"ez-toc-container\" class=\"ez-toc-v2_0_82_2 counter-hierarchy ez-toc-counter ez-toc-grey ez-toc-container-direction\">\n<div class=\"ez-toc-title-container\">\n<p class=\"ez-toc-title\" style=\"cursor:inherit\">Was hier auf Sie wartet<\/p>\n<span class=\"ez-toc-title-toggle\"><a href=\"#\" class=\"ez-toc-pull-right ez-toc-btn ez-toc-btn-xs ez-toc-btn-default ez-toc-toggle\" aria-label=\"Toggle Table of Content\"><span class=\"ez-toc-js-icon-con\"><span class=\"\"><span class=\"eztoc-hide\" style=\"display:none;\">Toggle<\/span><span class=\"ez-toc-icon-toggle-span\"><svg style=\"fill: #999;color:#999\" xmlns=\"http:\/\/www.w3.org\/2000\/svg\" class=\"list-377408\" width=\"20px\" height=\"20px\" viewBox=\"0 0 24 24\" fill=\"none\"><path d=\"M6 6H4v2h2V6zm14 0H8v2h12V6zM4 11h2v2H4v-2zm16 0H8v2h12v-2zM4 16h2v2H4v-2zm16 0H8v2h12v-2z\" fill=\"currentColor\"><\/path><\/svg><svg style=\"fill: #999;color:#999\" class=\"arrow-unsorted-368013\" xmlns=\"http:\/\/www.w3.org\/2000\/svg\" width=\"10px\" height=\"10px\" viewBox=\"0 0 24 24\" version=\"1.2\" baseProfile=\"tiny\"><path d=\"M18.2 9.3l-6.2-6.3-6.2 6.3c-.2.2-.3.4-.3.7s.1.5.3.7c.2.2.4.3.7.3h11c.3 0 .5-.1.7-.3.2-.2.3-.5.3-.7s-.1-.5-.3-.7zM5.8 14.7l6.2 6.3 6.2-6.3c.2-.2.3-.5.3-.7s-.1-.5-.3-.7c-.2-.2-.4-.3-.7-.3h-11c-.3 0-.5.1-.7.3-.2.2-.3.5-.3.7s.1.5.3.7z\"\/><\/svg><\/span><\/span><\/span><\/a><\/span><\/div>\n<nav><ul class='ez-toc-list ez-toc-list-level-1 ' ><li class='ez-toc-page-1 ez-toc-heading-level-2'><a class=\"ez-toc-link ez-toc-heading-1\" href=\"https:\/\/raum-blick.de\/magazin\/gemuetlichkeit-am-design-balkontisch\/#%C2%AB_Wo_sich_die_Sonnentage_geniessen_lassen_%C2%BB\" >\u00ab Wo sich die Sonnentage genie\u00dfen lassen \u00bb<\/a><\/li><li class='ez-toc-page-1 ez-toc-heading-level-2'><a class=\"ez-toc-link ez-toc-heading-2\" href=\"https:\/\/raum-blick.de\/magazin\/gemuetlichkeit-am-design-balkontisch\/#Pariser_Designikone_als_Problemloeser\" >Pariser Designikone als Probleml\u00f6ser<\/a><\/li><li class='ez-toc-page-1 ez-toc-heading-level-2'><a class=\"ez-toc-link ez-toc-heading-3\" href=\"https:\/\/raum-blick.de\/magazin\/gemuetlichkeit-am-design-balkontisch\/#Idyllische_Naturoase_mitten_in_der_Metropole\" >Idyllische Naturoase mitten in der Metropole<\/a><\/li><li class='ez-toc-page-1 ez-toc-heading-level-2'><a class=\"ez-toc-link ez-toc-heading-4\" href=\"https:\/\/raum-blick.de\/magazin\/gemuetlichkeit-am-design-balkontisch\/#Grosse_Farboffensiv_Design-Balkontische_mit_Gute-Laune-Garantie\" >Gro\u00dfe Farboffensiv: Design-Balkontische mit Gute-Laune-Garantie<\/a><\/li><li class='ez-toc-page-1 ez-toc-heading-level-2'><a class=\"ez-toc-link ez-toc-heading-5\" href=\"https:\/\/raum-blick.de\/magazin\/gemuetlichkeit-am-design-balkontisch\/#Gourmeturlaub_auf_Balkonien\" >Gourmeturlaub auf Balkonien<\/a><\/li><li class='ez-toc-page-1 ez-toc-heading-level-2'><a class=\"ez-toc-link ez-toc-heading-6\" href=\"https:\/\/raum-blick.de\/magazin\/gemuetlichkeit-am-design-balkontisch\/#Aussenlounge_fuer_chillige_Momente\" >Au\u00dfenlounge f\u00fcr chillige Momente<\/a><\/li><\/ul><\/nav><\/div>\n\n<p><a href=\"https:\/\/www.raum-blick.de\/fermob-bistro-stuhl-klappbar\"><img loading=\"lazy\" decoding=\"async\" class=\"aligncenter wp-image-12582 size-full\" title=\"Fermob \u2013 Bistrostuhl Klappstuhl | Design: Fermob\" src=\"https:\/\/www.raum-blick.de\/magazin\/wp-content\/uploads\/2021\/04\/fermob-bistro-stuhl-klappbar.jpg\" alt=\"fermob-bistro-stuhl-klappbar\" width=\"600\" height=\"600\" srcset=\"https:\/\/raum-blick.de\/magazin\/wp-content\/uploads\/2021\/04\/fermob-bistro-stuhl-klappbar.jpg 600w, https:\/\/raum-blick.de\/magazin\/wp-content\/uploads\/2021\/04\/fermob-bistro-stuhl-klappbar-300x300.jpg 300w, https:\/\/raum-blick.de\/magazin\/wp-content\/uploads\/2021\/04\/fermob-bistro-stuhl-klappbar-150x150.jpg 150w\" sizes=\"(max-width: 600px) 100vw, 600px\" \/><\/a><\/p>\n<p style=\"text-align: justify;\">Unproblematisch lassen sich aber die allt\u00e4glichen Motivationsbremsen lockern. Daf\u00fcr reicht der geeignete Balkontisch. Im 19. Jahrhundert mussten Pariser Gastronomen eine Gewerbesteuer f\u00fcr ihre feste Terrasse bezahlen. Revolution\u00e4r waren deshalb die Klappm\u00f6bel Simplex. Da man sie im Nu wegr\u00e4umen konnte, entfiel die Abgabe. Das gelang m\u00fchelos, weil sich die grazil gestalteten Tische und St\u00fchle unter den Arm klemmen lie\u00dfen.<\/p>\n<p><a href=\"https:\/\/www.raum-blick.de\/fermob-bistro-tisch-klappbar\"><img loading=\"lazy\" decoding=\"async\" class=\"aligncenter wp-image-12584 size-full\" title=\"Fermob \u2013 Bistrotisch Klapptisch | Design: Fermob\" src=\"https:\/\/www.raum-blick.de\/magazin\/wp-content\/uploads\/2021\/04\/fermob-bistro-tisch-klappbar.jpg\" alt=\"fermob-bistro-tisch-klappbar-gemuetlichkeit-am-design-balkontisch\" width=\"600\" height=\"600\" srcset=\"https:\/\/raum-blick.de\/magazin\/wp-content\/uploads\/2021\/04\/fermob-bistro-tisch-klappbar.jpg 600w, https:\/\/raum-blick.de\/magazin\/wp-content\/uploads\/2021\/04\/fermob-bistro-tisch-klappbar-300x300.jpg 300w, https:\/\/raum-blick.de\/magazin\/wp-content\/uploads\/2021\/04\/fermob-bistro-tisch-klappbar-150x150.jpg 150w\" sizes=\"(max-width: 600px) 100vw, 600px\" \/><\/a><\/p>\n<p style=\"text-align: justify;\"><a href=\"https:\/\/www.raum-blick.de\/fermob\/\">Fermob<\/a> angelte sich das Patent f\u00fcrs legend\u00e4re Original, an dem sich die Kollektion Bistro orientiert. Das Design der Balkontische ist nicht nur hochfunktional, sondern charmant. Kaum sind sie aufgeklappt, entfaltet sich franz\u00f6sisches Bistroflair. Untermalt es die sommerliche Pause, wird die Balkongr\u00f6\u00dfe zur Nebensache.<\/p>\n<h2><span class=\"ez-toc-section\" id=\"Idyllische_Naturoase_mitten_in_der_Metropole\"><\/span>Idyllische Naturoase mitten in der Metropole<span class=\"ez-toc-section-end\"><\/span><\/h2>\n<p style=\"text-align: justify;\">Die Stadtwohnung ist eher ein Kompromiss. Das Herz schl\u00e4gt f\u00fcr die l\u00e4ndliche Idylle, die im Traum mediterran angehaucht ist. Sie scheint in der mitteleurop\u00e4ischen City unerreichbar. Ideen f\u00fcr die Gartengestaltung gibt es reichlich, mit denen sich die Sehnsucht nach s\u00fcdl\u00e4ndischen Gefilden stillen l\u00e4sst. Sie setzen meist gro\u00dfe Beete voraus, die aber nicht zwingend notwendig sind.<\/p>\n<p><a href=\"https:\/\/www.raum-blick.de\/skagerak-vendia-stuhl\"><img loading=\"lazy\" decoding=\"async\" class=\"aligncenter wp-image-12575 size-full\" title=\"Skagerak Vendia Stuhl | Teak\" src=\"https:\/\/www.raum-blick.de\/magazin\/wp-content\/uploads\/2021\/04\/skagerak-vendia-stuhl.jpg\" alt=\"skagerak-vendia-stuhl\" width=\"600\" height=\"600\" srcset=\"https:\/\/raum-blick.de\/magazin\/wp-content\/uploads\/2021\/04\/skagerak-vendia-stuhl.jpg 600w, https:\/\/raum-blick.de\/magazin\/wp-content\/uploads\/2021\/04\/skagerak-vendia-stuhl-300x300.jpg 300w, https:\/\/raum-blick.de\/magazin\/wp-content\/uploads\/2021\/04\/skagerak-vendia-stuhl-150x150.jpg 150w\" sizes=\"(max-width: 600px) 100vw, 600px\" \/><\/a><\/p>\n<p style=\"text-align: justify;\">Mit dem richtigen Plan ergibt sich trotz der \u00fcberschaubaren Platzverh\u00e4ltnisse eine lauschige Atmosph\u00e4re. Pr\u00e4gend sind die Outdoor-M\u00f6bel, weil sie einen Gro\u00dfteil der Stellfl\u00e4che beanspruchen. Bekennen sie sich zu Naturmaterialien, ergibt sich automatisch der gew\u00fcnschte Schwerpunkt.<\/p>\n<p><a href=\"https:\/\/www.raum-blick.de\/skagerak-vendia-tisch\"><img loading=\"lazy\" decoding=\"async\" class=\"aligncenter wp-image-12576 size-full\" title=\"Skagerak Vendia Tisch | Teak\" src=\"https:\/\/www.raum-blick.de\/magazin\/wp-content\/uploads\/2021\/04\/skagerak-vendia-tisch.jpg\" alt=\"skagerak-vendia-tisch-gemuetlichkeit-am-design-balkontisch\" width=\"600\" height=\"600\" srcset=\"https:\/\/raum-blick.de\/magazin\/wp-content\/uploads\/2021\/04\/skagerak-vendia-tisch.jpg 600w, https:\/\/raum-blick.de\/magazin\/wp-content\/uploads\/2021\/04\/skagerak-vendia-tisch-300x300.jpg 300w, https:\/\/raum-blick.de\/magazin\/wp-content\/uploads\/2021\/04\/skagerak-vendia-tisch-150x150.jpg 150w\" sizes=\"(max-width: 600px) 100vw, 600px\" \/><\/a><\/p>\n<p style=\"text-align: justify;\">Pur inszeniert <a href=\"https:\/\/www.raum-blick.de\/skagerak\/\">Skagerak<\/a> beim Tisch Vendia das Teakholz. Die charaktervolle Maserung und der warme Naturton kommen bestens zur Geltung. Geschickt relativiert die skandinavische Marke das urige Material mit dem luftig-leichten Design. Dadurch wirken die Balkontische nicht zu wuchtig.<\/p>\n<blockquote>\n<p style=\"text-align: justify;\">Zu den M\u00f6beln passen bunte H\u00e4nget\u00f6pfe aus Zink fabelhaft. Sie beleben im s\u00fcdl\u00e4ndischen Stil die Balkonbr\u00fcstung und beheimaten die K\u00fcchenkr\u00e4uter.<\/p>\n<\/blockquote>\n<p style=\"text-align: justify;\">Umgarnt ihr Duft beim Relaxen die Nase, reicht ein wenig Fantasie. Schon f\u00fchlt man sich in einen toskanischen Bauerngarten versetzt.<\/p>\n<h2><span class=\"ez-toc-section\" id=\"Grosse_Farboffensiv_Design-Balkontische_mit_Gute-Laune-Garantie\"><\/span>Gro\u00dfe Farboffensiv: Design-Balkontische mit Gute-Laune-Garantie<span class=\"ez-toc-section-end\"><\/span><\/h2>\n<p style=\"text-align: justify;\">Der quirlige Lifestyle l\u00e4sst die Gro\u00dfstadt bunt erscheinen. Ger\u00e4t er aus dem Blickfeld, dr\u00e4ngt sich das urbane Grau in den Vordergrund. Es pr\u00e4gt die Stra\u00dfe ebenso wie die Balkongestaltung und die Hausfassade, die man beim Relaxen vor Augen hat. Das monotone Umfeld weckt die Lust auf einen farbenfrohen Balkontisch.<\/p>\n<p><img loading=\"lazy\" decoding=\"async\" class=\"aligncenter wp-image-12567 size-full\" title=\"Fermob \u2013 Airloop Gartenstuhl | stapelbar | Design: Fr\u00e9d\u00e9ric Sofia\" src=\"https:\/\/www.raum-blick.de\/magazin\/wp-content\/uploads\/2021\/04\/fermob-airloop-sessel.jpg\" alt=\"fermob-airloop-sessel\" width=\"600\" height=\"600\" srcset=\"https:\/\/raum-blick.de\/magazin\/wp-content\/uploads\/2021\/04\/fermob-airloop-sessel.jpg 600w, https:\/\/raum-blick.de\/magazin\/wp-content\/uploads\/2021\/04\/fermob-airloop-sessel-300x300.jpg 300w, https:\/\/raum-blick.de\/magazin\/wp-content\/uploads\/2021\/04\/fermob-airloop-sessel-150x150.jpg 150w\" sizes=\"(max-width: 600px) 100vw, 600px\" \/><\/p>\n<p style=\"text-align: justify;\">Die Erfahrung lehrt aber: Kleine Fl\u00e4chen wirken schnell unruhig, wenn man knallige M\u00f6bel ins Spiel bringt. Diese Kontroverse l\u00f6st sich in Luft auf, wenn man die Kollektion Airloop von Fermob f\u00fcr sich entdeckt. Das Design der Tische wirkt dynamisch und federleicht zugleich. Bemerkenswert filigran ist das geschmiedete Metallgestell ausgef\u00fchrt. Der luftigen \u00c4sthetik schlie\u00dfen sich die Balkonst\u00fchle an. Mohnrot, Honiggelb und Lagunenblau sind nur drei Exempel der verf\u00fcgbaren Farben. Das verf\u00fchrt dazu, ein kunterbuntes Ensemble zusammenzustellen.<\/p>\n<p><a href=\"https:\/\/www.raum-blick.de\/fermob-airloop-tisch\"><img loading=\"lazy\" decoding=\"async\" class=\"aligncenter wp-image-12569 size-full\" title=\"Fermob \u2013 Airloop Gartentisch | klein &amp; rund | Design: Fr\u00e9d\u00e9ric Sofia\" src=\"https:\/\/www.raum-blick.de\/magazin\/wp-content\/uploads\/2021\/04\/fermob-airloop-tisch.jpg\" alt=\"fermob-airloop-tisch-gemuetlichkeit-am-design-balkontisch\" width=\"600\" height=\"600\" srcset=\"https:\/\/raum-blick.de\/magazin\/wp-content\/uploads\/2021\/04\/fermob-airloop-tisch.jpg 600w, https:\/\/raum-blick.de\/magazin\/wp-content\/uploads\/2021\/04\/fermob-airloop-tisch-300x300.jpg 300w, https:\/\/raum-blick.de\/magazin\/wp-content\/uploads\/2021\/04\/fermob-airloop-tisch-150x150.jpg 150w\" sizes=\"(max-width: 600px) 100vw, 600px\" \/><\/a><\/p>\n<p style=\"text-align: justify;\">Der minimalistische Auftritt erlaubt es, dem Impuls zu folgen. Der st\u00e4dtische Platz an der Sonne erscheint durch die farbigen Outdoor-M\u00f6bel nicht \u00fcberdekoriert. Er wirkt vielmehr wie das bl\u00fchende Leben, ohne dass man eine einzige Blume pflanzt. Wer keinen gr\u00fcnen Daumen hat, wei\u00df das zu sch\u00e4tzen.<\/p>\n<h2><span class=\"ez-toc-section\" id=\"Gourmeturlaub_auf_Balkonien\"><\/span>Gourmeturlaub auf Balkonien<span class=\"ez-toc-section-end\"><\/span><\/h2>\n<p style=\"text-align: justify;\">Das warme Wetter l\u00e4dt zum Bummel ein. Dabei entdeckt man das Restaurant mit der stilvollen Au\u00dfenterrasse. Spontan wird beschlossen, einen kulinarischen Zwischenstopp einzulegen. Die Entscheidung zahlt sich aus: So fantastisch wie das Flair sind die Gaumenschmeichler. Das herrliche Panorama kr\u00f6nt den Genussmoment.<\/p>\n<p><a href=\"https:\/\/www.raum-blick.de\/jan-kurtz-alois-tischgruppe\"><img loading=\"lazy\" decoding=\"async\" class=\"aligncenter wp-image-12563 size-full\" title=\"Jan Kurtz Alois Tischgruppe | Outdoorm\u00f6bel | Design: Eva Marguerre, Marcel Besau\" src=\"https:\/\/www.raum-blick.de\/magazin\/wp-content\/uploads\/2021\/04\/jan-kurtz-alois-tischgruppe.jpg\" alt=\"jan-kurtz-alois-tischgruppe-gemuetlichkeit-am-design-balkontisch\" width=\"600\" height=\"600\" srcset=\"https:\/\/raum-blick.de\/magazin\/wp-content\/uploads\/2021\/04\/jan-kurtz-alois-tischgruppe.jpg 600w, https:\/\/raum-blick.de\/magazin\/wp-content\/uploads\/2021\/04\/jan-kurtz-alois-tischgruppe-300x300.jpg 300w, https:\/\/raum-blick.de\/magazin\/wp-content\/uploads\/2021\/04\/jan-kurtz-alois-tischgruppe-150x150.jpg 150w\" sizes=\"(max-width: 600px) 100vw, 600px\" \/><\/a><\/p>\n<p style=\"text-align: justify;\">Lebensk\u00fcnstler warten nicht bis zur n\u00e4chsten Reise, um sich ganzheitlich zu verw\u00f6hnen. Sie er\u00f6ffnen daheim ihre eigene Location. Komfortable Balkontische k\u00f6nnen kompakt konzipiert sein. Das beweisen Eva Marguerre und Marcel Besau. Sie entwarfen die Sitzgruppe Alois f\u00fcr <a href=\"https:\/\/www.raum-blick.de\/jan-kurtz\/\">Jan Kurtz<\/a>. Das pulverbeschichtete Stahlgestell bekennt sich zum Minimalismus. Der Tisch ist dadurch nicht nur platzsparend, sondern begeistert auch mit seiner Beinfreiheit.<\/p>\n<p><img loading=\"lazy\" decoding=\"async\" class=\"aligncenter wp-image-12561 size-full\" title=\"Jan Kurtz Alois Mini Tischgruppe | Outdoorm\u00f6bel | Design: Eva Marguerre, Marcel Besau\" src=\"https:\/\/www.raum-blick.de\/magazin\/wp-content\/uploads\/2021\/04\/jan-kurtz-alois-tischgruppe-mini.jpg\" alt=\"jan-kurtz-alois-tischgruppe-mini\" width=\"600\" height=\"480\" srcset=\"https:\/\/raum-blick.de\/magazin\/wp-content\/uploads\/2021\/04\/jan-kurtz-alois-tischgruppe-mini.jpg 600w, https:\/\/raum-blick.de\/magazin\/wp-content\/uploads\/2021\/04\/jan-kurtz-alois-tischgruppe-mini-300x240.jpg 300w\" sizes=\"(max-width: 600px) 100vw, 600px\" \/><\/p>\n<p style=\"text-align: justify;\">Einen gem\u00fctlichen Akzent steuert das ge\u00f6lte Robinienholz bei. Die Sitzgelegenheiten von Jan Kurtz schlie\u00dfen sich dem schlanken Design vom Balkontisch an. So wirkt das Ambiente trotz der vollwertigen M\u00f6blierung nicht beengt. In kleinen Sch\u00e4lchen warten Antipasti darauf, vernascht zu werden.<\/p>\n<blockquote>\n<p style=\"text-align: justify;\">Sie passen ebenso wunderbar zum Sommerdinner wie die Tagliatelle mit Pesto und der spritzige Terrassenwein.<\/p>\n<\/blockquote>\n<p style=\"text-align: justify;\">Leger wird das mediterrane Potpourri gleichzeitig serviert, um ohne Unterbrechungen den Abend zu genie\u00dfen. Unerwartet pittoresk ist dabei die Aussicht. Das ist der wetterfesten Fototapete zu verdanken. Sie vermittelt das Gef\u00fchl, im sonnigen S\u00fcden zu dinieren.<\/p>\n<h2><span class=\"ez-toc-section\" id=\"Aussenlounge_fuer_chillige_Momente\"><\/span>Au\u00dfenlounge f\u00fcr chillige Momente<span class=\"ez-toc-section-end\"><\/span><\/h2>\n<p style=\"text-align: justify;\">Kleiner Unterschied, gro\u00dfe Wirkung: Niedrige Balkonm\u00f6bel verleiten dazu, sich l\u00e4ssig zur\u00fcckzulehnen und die Beine auszustrecken. Kaum sitzt man, stellt sich die ersehnte Entspannung ein.<\/p>\n<p><a href=\"https:\/\/www.raum-blick.de\/skagerak-lilium-loungetisch\"><img loading=\"lazy\" decoding=\"async\" class=\"aligncenter wp-image-12554 size-full\" title=\"Skagerak \u2013 Lounge Table Lilium | Teakholz \/ Edelstahl | Design: BIG - Bjarke Ingels Group\" src=\"https:\/\/www.raum-blick.de\/magazin\/wp-content\/uploads\/2021\/04\/skagerak-lilium-loungetisch.jpg\" alt=\"skagerak-lilium-loungetisch\" width=\"600\" height=\"600\" srcset=\"https:\/\/raum-blick.de\/magazin\/wp-content\/uploads\/2021\/04\/skagerak-lilium-loungetisch.jpg 600w, https:\/\/raum-blick.de\/magazin\/wp-content\/uploads\/2021\/04\/skagerak-lilium-loungetisch-300x300.jpg 300w, https:\/\/raum-blick.de\/magazin\/wp-content\/uploads\/2021\/04\/skagerak-lilium-loungetisch-150x150.jpg 150w\" sizes=\"(max-width: 600px) 100vw, 600px\" \/><\/a><\/p>\n<p style=\"text-align: justify;\">Skagerak geht darauf mit den Design-Balkontischen der Serie Lilium ein. Die skandinavische Marke reduzierte die H\u00f6he bei dem Tisch aus Teak. Er \u00fcberrascht mit diagonal drapierten Holzbrettern. Das verleiht dem Design einen trendbewussten Touch.<\/p>\n<p><img loading=\"lazy\" decoding=\"async\" class=\"aligncenter wp-image-12556 size-full\" title=\"Skagerak \u2013 Lounge Chair Lilium | Teakholz \/ Edelstahl | Design: BIG - Bjarke Ingels Group\" src=\"https:\/\/www.raum-blick.de\/magazin\/wp-content\/uploads\/2021\/04\/skagerak-lilium-loungesessel.jpg\" alt=\"skagerak-lilium-loungesessel\" width=\"600\" height=\"600\" srcset=\"https:\/\/raum-blick.de\/magazin\/wp-content\/uploads\/2021\/04\/skagerak-lilium-loungesessel.jpg 600w, https:\/\/raum-blick.de\/magazin\/wp-content\/uploads\/2021\/04\/skagerak-lilium-loungesessel-300x300.jpg 300w, https:\/\/raum-blick.de\/magazin\/wp-content\/uploads\/2021\/04\/skagerak-lilium-loungesessel-150x150.jpg 150w\" sizes=\"(max-width: 600px) 100vw, 600px\" \/><\/p>\n<p style=\"text-align: justify;\">Es gen\u00fcgt, die passenden Sessel und einen <a href=\"https:\/\/www.raum-blick.de\/pappelina\/\">Pappelina Outdoor-Teppich<\/a> zu erg\u00e4nzen. Schon begeistert der Balkon mit einem Loungeflair, das Assoziationen mit angesagten Beachbars weckt.<\/p>\n","protected":false},"excerpt":{"rendered":"<p>\u00ab Wo sich die Sonnentage genie\u00dfen lassen \u00bb Der Platz ist \u00fcberschaubar. Trotzdem m\u00f6chte man drau\u00dfen den Sommer genie\u00dfen und sich rundum wohlf\u00fchlen. Hoch liegt die Messlatte beim Design der Balkontische, die im Mittelpunkt des Freiluftvergn\u00fcgens stehen. Die M\u00f6bel m\u00fcssen kompakt, praktisch und dekorativ sein. Pariser Designikone als Probleml\u00f6ser Ein Frischluftfan war der Architekt vermutlich [&hellip;]<\/p>\n","protected":false},"author":4,"featured_media":12586,"comment_status":"closed","ping_status":"open","sticky":false,"template":"","format":"standard","meta":{"_et_pb_use_builder":"","_et_pb_old_content":"","_et_gb_content_width":"","inline_featured_image":false,"footnotes":""},"categories":[6],"tags":[1367,1362,1363,1365,334,621,1105,1110,1051,1364,1063,54,57,658,19,1366,1101,64,416,417,1238],"class_list":["post-12545","post","type-post","status-publish","format-standard","has-post-thumbnail","hentry","category-draussen","tag-aussenlounge","tag-balkontisch","tag-bistrostuhl","tag-bistrotisch","tag-design","tag-fermob","tag-gartenstuhl","tag-gartentisch","tag-jan-kurtz","tag-klappstuhl","tag-klapptisch","tag-lounge","tag-outdoor","tag-outdoormoebel","tag-skagerak","tag-stapelbar","tag-stuhl","tag-stuehle","tag-teak","tag-teakholz","tag-tischgruppe"],"_links":{"self":[{"href":"https:\/\/raum-blick.de\/magazin\/wp-json\/wp\/v2\/posts\/12545","targetHints":{"allow":["GET"]}}],"collection":[{"href":"https:\/\/raum-blick.de\/magazin\/wp-json\/wp\/v2\/posts"}],"about":[{"href":"https:\/\/raum-blick.de\/magazin\/wp-json\/wp\/v2\/types\/post"}],"author":[{"embeddable":true,"href":"https:\/\/raum-blick.de\/magazin\/wp-json\/wp\/v2\/users\/4"}],"replies":[{"embeddable":true,"href":"https:\/\/raum-blick.de\/magazin\/wp-json\/wp\/v2\/comments?post=12545"}],"version-history":[{"count":35,"href":"https:\/\/raum-blick.de\/magazin\/wp-json\/wp\/v2\/posts\/12545\/revisions"}],"predecessor-version":[{"id":20735,"href":"https:\/\/raum-blick.de\/magazin\/wp-json\/wp\/v2\/posts\/12545\/revisions\/20735"}],"wp:featuredmedia":[{"embeddable":true,"href":"https:\/\/raum-blick.de\/magazin\/wp-json\/wp\/v2\/media\/12586"}],"wp:attachment":[{"href":"https:\/\/raum-blick.de\/magazin\/wp-json\/wp\/v2\/media?parent=12545"}],"wp:term":[{"taxonomy":"category","embeddable":true,"href":"https:\/\/raum-blick.de\/magazin\/wp-json\/wp\/v2\/categories?post=12545"},{"taxonomy":"post_tag","embeddable":true,"href":"https:\/\/raum-blick.de\/magazin\/wp-json\/wp\/v2\/tags?post=12545"}],"curies":[{"name":"wp","href":"https:\/\/api.w.org\/{rel}","templated":true}]}}