{"id":12489,"date":"2021-03-01T14:22:38","date_gmt":"2021-03-01T13:22:38","guid":{"rendered":"https:\/\/www.raum-blick.de\/magazin\/?p=12489"},"modified":"2024-08-28T11:56:53","modified_gmt":"2024-08-28T09:56:53","slug":"heimbuero-einrichten","status":"publish","type":"post","link":"https:\/\/raum-blick.de\/magazin\/heimbuero-einrichten\/","title":{"rendered":"Heimb\u00fcro einrichten"},"content":{"rendered":"<h2><span class=\"ez-toc-section\" id=\"%C2%AB_Wie_das_Arbeitszimmer_praktisch_und_gemuetlich_wird\"><\/span>\u00ab Wie das Arbeitszimmer praktisch und gem\u00fctlich wird<span class=\"ez-toc-section-end\"><\/span><\/h2>\n<p style=\"text-align: justify;\"><strong>Unternehmen satteln zunehmend auf Homeoffice-Modelle um, die insbesondere einen Vorteil haben: Man kann das Heimb\u00fcro so einrichten, wie es gef\u00e4llt. Aber auch, wer nicht regelm\u00e4\u00dfig daheim arbeitet, f\u00fcr den fallen doch noch andere T\u00e4tigkeiten an, die ein ruhiges Arbeitszimmer mit Platz und Stauraum erforderlich machen. Wer den Gestaltungsfreiraum aussch\u00f6pft, schl\u00e4gt bestens gelaunt und konzentriert den Erfolgskurs ein.<\/strong><\/p>\n<h2><span class=\"ez-toc-section\" id=\"Basics_fuer_die_Buerogestaltung\"><\/span>Basics f\u00fcr die B\u00fcrogestaltung<span class=\"ez-toc-section-end\"><\/span><\/h2>\n<p style=\"text-align: justify;\">Bevor man das Heimb\u00fcro einrichten kann, steht die Renovierung auf der To-do-Liste. Sinnvoll ist ein Wandanstrich im Wei\u00dfton, der nicht klinisch kalt wirkt. Es hebt einfach die Stimmung, wenn man Mut zur Farbe beweist. Eine B\u00fcrowand im ged\u00e4mpften Gr\u00fcn kann zum Beispiel die Produktivit\u00e4t steigern. Deswegen passen auch ein paar B\u00fcropflanzen hervorragend ins Arbeitszimmer.<\/p><div id=\"ez-toc-container\" class=\"ez-toc-v2_0_82_2 counter-hierarchy ez-toc-counter ez-toc-grey ez-toc-container-direction\">\n<div class=\"ez-toc-title-container\">\n<p class=\"ez-toc-title\" style=\"cursor:inherit\">Was hier auf Sie wartet<\/p>\n<span class=\"ez-toc-title-toggle\"><a href=\"#\" class=\"ez-toc-pull-right ez-toc-btn ez-toc-btn-xs ez-toc-btn-default ez-toc-toggle\" aria-label=\"Toggle Table of Content\"><span class=\"ez-toc-js-icon-con\"><span class=\"\"><span class=\"eztoc-hide\" style=\"display:none;\">Toggle<\/span><span class=\"ez-toc-icon-toggle-span\"><svg style=\"fill: #999;color:#999\" xmlns=\"http:\/\/www.w3.org\/2000\/svg\" class=\"list-377408\" width=\"20px\" height=\"20px\" viewBox=\"0 0 24 24\" fill=\"none\"><path d=\"M6 6H4v2h2V6zm14 0H8v2h12V6zM4 11h2v2H4v-2zm16 0H8v2h12v-2zM4 16h2v2H4v-2zm16 0H8v2h12v-2z\" fill=\"currentColor\"><\/path><\/svg><svg style=\"fill: #999;color:#999\" class=\"arrow-unsorted-368013\" xmlns=\"http:\/\/www.w3.org\/2000\/svg\" width=\"10px\" height=\"10px\" viewBox=\"0 0 24 24\" version=\"1.2\" baseProfile=\"tiny\"><path d=\"M18.2 9.3l-6.2-6.3-6.2 6.3c-.2.2-.3.4-.3.7s.1.5.3.7c.2.2.4.3.7.3h11c.3 0 .5-.1.7-.3.2-.2.3-.5.3-.7s-.1-.5-.3-.7zM5.8 14.7l6.2 6.3 6.2-6.3c.2-.2.3-.5.3-.7s-.1-.5-.3-.7c-.2-.2-.4-.3-.7-.3h-11c-.3 0-.5.1-.7.3-.2.2-.3.5-.3.7s.1.5.3.7z\"\/><\/svg><\/span><\/span><\/span><\/a><\/span><\/div>\n<nav><ul class='ez-toc-list ez-toc-list-level-1 ' ><li class='ez-toc-page-1 ez-toc-heading-level-2'><a class=\"ez-toc-link ez-toc-heading-1\" href=\"https:\/\/raum-blick.de\/magazin\/heimbuero-einrichten\/#%C2%AB_Wie_das_Arbeitszimmer_praktisch_und_gemuetlich_wird\" >\u00ab Wie das Arbeitszimmer praktisch und gem\u00fctlich wird<\/a><\/li><li class='ez-toc-page-1 ez-toc-heading-level-2'><a class=\"ez-toc-link ez-toc-heading-2\" href=\"https:\/\/raum-blick.de\/magazin\/heimbuero-einrichten\/#Basics_fuer_die_Buerogestaltung\" >Basics f\u00fcr die B\u00fcrogestaltung<\/a><\/li><li class='ez-toc-page-1 ez-toc-heading-level-2'><a class=\"ez-toc-link ez-toc-heading-3\" href=\"https:\/\/raum-blick.de\/magazin\/heimbuero-einrichten\/#Homebase_fuers_Notebook\" >Homebase f\u00fcrs Notebook<\/a><\/li><li class='ez-toc-page-1 ez-toc-heading-level-2'><a class=\"ez-toc-link ez-toc-heading-4\" href=\"https:\/\/raum-blick.de\/magazin\/heimbuero-einrichten\/#Anpassungsfaehig_und_augenschonend_%E2%80%93_Lichtgestaltung_im_Buero\" >Anpassungsf\u00e4hig und augenschonend \u2013 Lichtgestaltung im B\u00fcro<\/a><\/li><li class='ez-toc-page-1 ez-toc-heading-level-2'><a class=\"ez-toc-link ez-toc-heading-5\" href=\"https:\/\/raum-blick.de\/magazin\/heimbuero-einrichten\/#Fuer_Veraenderungen_gewappnet_%E2%80%93_moderne_Bueroregale_fuer_das_Heimbuero\" >F\u00fcr Ver\u00e4nderungen gewappnet \u2013 moderne B\u00fcroregale f\u00fcr das Heimb\u00fcro<\/a><\/li><li class='ez-toc-page-1 ez-toc-heading-level-2'><a class=\"ez-toc-link ez-toc-heading-6\" href=\"https:\/\/raum-blick.de\/magazin\/heimbuero-einrichten\/#Areal_fuer_Plan_B\" >Areal f\u00fcr Plan B<\/a><\/li><li class='ez-toc-page-1 ez-toc-heading-level-2'><a class=\"ez-toc-link ez-toc-heading-7\" href=\"https:\/\/raum-blick.de\/magazin\/heimbuero-einrichten\/#Bewegungstrainer_fuers_Heimbuero\" >Bewegungstrainer f\u00fcrs Heimb\u00fcro<\/a><\/li><\/ul><\/nav><\/div>\n\n<p><a href=\"https:\/\/www.raum-blick.de\/verti-copenhagen-kombinationen\"><img loading=\"lazy\" decoding=\"async\" class=\"aligncenter wp-image-12540 size-full\" title=\"Verti Copenhagen VertiPlants Wandblumentopf | Design: Rikke &amp; Jens Raecke\" src=\"https:\/\/www.raum-blick.de\/magazin\/wp-content\/uploads\/2021\/04\/verti-copenhagen-kombinationen.jpg\" alt=\"verti-copenhagen-kombinationen\" width=\"600\" height=\"600\" srcset=\"https:\/\/raum-blick.de\/magazin\/wp-content\/uploads\/2021\/04\/verti-copenhagen-kombinationen.jpg 600w, https:\/\/raum-blick.de\/magazin\/wp-content\/uploads\/2021\/04\/verti-copenhagen-kombinationen-300x300.jpg 300w, https:\/\/raum-blick.de\/magazin\/wp-content\/uploads\/2021\/04\/verti-copenhagen-kombinationen-150x150.jpg 150w\" sizes=\"(max-width: 600px) 100vw, 600px\" \/><\/a><\/p>\n<p style=\"text-align: justify;\">Alternativ gestaltet man sie mit einer Fototapete. Passt ihr Design zur Berufst\u00e4tigkeit und Pers\u00f6nlichkeit, ist die motivierende Kraft kaum zu \u00fcbersch\u00e4tzen. Wird das Motiv geschickt ausgew\u00e4hlt, verleiht die Tapete dem B\u00fcro mehr Tiefe. So bedeutend, wie die Wandgestaltung ist ein schalld\u00e4mpfender Bodenbelag. Er verhindert nervige Rollger\u00e4usche von B\u00fcrost\u00fchlen und verbessert die Klangqualit\u00e4t bei Videokonferenzen.<\/p>\n<p><a href=\"https:\/\/www.raum-blick.de\/verti-copenhagen-vertiplants-mini\"><img loading=\"lazy\" decoding=\"async\" class=\"aligncenter wp-image-12538 size-full\" title=\"VertiPlants Mini Wandblumentopf | Design: Rikke + Jens Raecke\" src=\"https:\/\/www.raum-blick.de\/magazin\/wp-content\/uploads\/2021\/04\/verti-copenhagen-vertiplants-mini.jpg\" alt=\"verti-copenhagen-vertiplants-mini\" width=\"600\" height=\"470\" srcset=\"https:\/\/raum-blick.de\/magazin\/wp-content\/uploads\/2021\/04\/verti-copenhagen-vertiplants-mini.jpg 600w, https:\/\/raum-blick.de\/magazin\/wp-content\/uploads\/2021\/04\/verti-copenhagen-vertiplants-mini-300x235.jpg 300w\" sizes=\"(max-width: 600px) 100vw, 600px\" \/><\/a><\/p>\n<p style=\"text-align: justify;\">Bestens geeignet ist Kork, der dem gesunden Raumklima den Weg ebnet. Dazu tragen Gr\u00fcnpflanzen ebenfalls bei, die zur Grundausstattung eines modernen B\u00fcros geh\u00f6ren. Schick macht sich die Kombination aus einem gro\u00dfen Zimmerbaum und einer vertikalen Begr\u00fcnung. Daf\u00fcr sind die Wandt\u00f6pfe von Verti Copenhagen von <a href=\"https:\/\/www.raum-blick.de\/vertiplants\/\">Vertiplants<\/a> wie geschaffen. Sie eignen sich gleichzeitig als Beh\u00e4lter f\u00fcr B\u00fcroutensilien, die man griffbereit platzieren m\u00f6chte.<\/p>\n<h2><span class=\"ez-toc-section\" id=\"Homebase_fuers_Notebook\"><\/span>Homebase f\u00fcrs Notebook<span class=\"ez-toc-section-end\"><\/span><\/h2>\n<p style=\"text-align: justify;\">F\u00fcr die meisten Branchen gilt heutzutage: Der Laptop ist das Heimb\u00fcro. Er b\u00fcndelt Dokumente, Kommunikationstechnik und andere B\u00fcroger\u00e4te. Der tragbare Allesk\u00f6nner hat sich einen stilvollen Stammplatz verdient, um den sich die Raumgestaltung rankt. Ralph Kraeuter hatte die modernen Arbeitsgewohnheiten vor Augen, als er den Sekret\u00e4r <a href=\"https:\/\/www.raum-blick.de\/radius-design-miss-moneypenny-sekretaer\">Miss Moneypenny<\/a> f\u00fcr <a href=\"https:\/\/www.raum-blick.de\/radius-design\/\">radius design<\/a> entwarf. Seine reduzierte \u00c4sthetik passt zum luftig-leichten Einrichtungsstil, den man f\u00fcr B\u00fcrowelten empfiehlt. Der integrierte Kabelkanal beg\u00fcnstigt das aufger\u00e4umte Ambiente.<\/p>\n<p><a href=\"https:\/\/www.raum-blick.de\/radius-design-miss-moneypenny-sekretaer\"><img loading=\"lazy\" decoding=\"async\" class=\"aligncenter wp-image-12517 size-full\" title=\"radius Miss Moneypenny | Sekret\u00e4r | Design: Ralph Kraeuter\" src=\"https:\/\/www.raum-blick.de\/magazin\/wp-content\/uploads\/2021\/04\/radius-design-miss-moneypenny-sekretaer.jpg\" alt=\"radius-design-miss-moneypenny-sekretaer-heimbuero-einrichten\" width=\"600\" height=\"600\" srcset=\"https:\/\/raum-blick.de\/magazin\/wp-content\/uploads\/2021\/04\/radius-design-miss-moneypenny-sekretaer.jpg 600w, https:\/\/raum-blick.de\/magazin\/wp-content\/uploads\/2021\/04\/radius-design-miss-moneypenny-sekretaer-300x300.jpg 300w, https:\/\/raum-blick.de\/magazin\/wp-content\/uploads\/2021\/04\/radius-design-miss-moneypenny-sekretaer-150x150.jpg 150w\" sizes=\"(max-width: 600px) 100vw, 600px\" \/><\/a><\/p>\n<p style=\"text-align: justify;\">Trotz der kompakten Ma\u00dfe wird der durchdachte Schreibtisch allen W\u00fcnschen gerecht. Ben\u00f6tigt man f\u00fcr eine Aufgabe etwas mehr Platz, hat die Marke ein Upgrade in petto: Der Beistelltisch x-centric vereint einige F\u00e4cher.<\/p>\n<p><img loading=\"lazy\" decoding=\"async\" class=\"aligncenter wp-image-12525 size-full\" title=\"X-CENTRIC Beistelltisch von radius design | Design: Murken Hansen\" src=\"https:\/\/www.raum-blick.de\/magazin\/wp-content\/uploads\/2021\/04\/x-centric-beistelltisch-radius-design.jpg\" alt=\"x-centric-beistelltisch-radius-design\" width=\"600\" height=\"600\" srcset=\"https:\/\/raum-blick.de\/magazin\/wp-content\/uploads\/2021\/04\/x-centric-beistelltisch-radius-design.jpg 600w, https:\/\/raum-blick.de\/magazin\/wp-content\/uploads\/2021\/04\/x-centric-beistelltisch-radius-design-300x300.jpg 300w, https:\/\/raum-blick.de\/magazin\/wp-content\/uploads\/2021\/04\/x-centric-beistelltisch-radius-design-150x150.jpg 150w\" sizes=\"(max-width: 600px) 100vw, 600px\" \/><\/p>\n<p style=\"text-align: justify;\">Die oberste Ablage l\u00e4sst sich zudem ausklappen. Sogar im Duett beanspruchen die M\u00f6bel von radius wenig Stellfl\u00e4che. Im Homeoffice-Doppelverdienerhaushalt passen sie zur Idee, ein Gemeinschaftsb\u00fcro einzurichten.<\/p>\n<h2><span class=\"ez-toc-section\" id=\"Anpassungsfaehig_und_augenschonend_%E2%80%93_Lichtgestaltung_im_Buero\"><\/span>Anpassungsf\u00e4hig und augenschonend \u2013 Lichtgestaltung im B\u00fcro<span class=\"ez-toc-section-end\"><\/span><\/h2>\n<p style=\"text-align: justify;\">Fr\u00fcher neigte man dazu, den Schreibtisch an einer Wand zu positionieren. Inzwischen ist klar: Steht er frei im Raum, f\u00fchlt man sich wohler.<\/p>\n<blockquote>\n<p style=\"text-align: justify;\">Optimal ist das rechtwinklige Arrangieren zum Fenster. Das vermeidet Spiegelungen im Bildschirm, die das Auge belasten.<\/p>\n<\/blockquote>\n<p style=\"text-align: justify;\">Befindet sich das Zimmer auf der Sonnenseite, sind Rollos f\u00fcrs Abblenden unverzichtbar. Unabh\u00e4ngig von der Raumlage gilt: Das Tageslicht ist nicht immer pr\u00e4sent.<\/p>\n<p><a href=\"https:\/\/www.raum-blick.de\/umage-asteria-up-led-deckenlampe\"><img loading=\"lazy\" decoding=\"async\" class=\"aligncenter wp-image-12512 size-full\" title=\"UMAGE Asteria Up LED-Deckenleuchte | Pendelleuchte | Design: Asger Risborg Jakobsen\" src=\"https:\/\/www.raum-blick.de\/magazin\/wp-content\/uploads\/2021\/04\/umage-asteria-up-led-deckenlampe.jpg\" alt=\"umage-asteria-up-led-deckenlampe-heimbuero-einrichten\" width=\"600\" height=\"600\" srcset=\"https:\/\/raum-blick.de\/magazin\/wp-content\/uploads\/2021\/04\/umage-asteria-up-led-deckenlampe.jpg 600w, https:\/\/raum-blick.de\/magazin\/wp-content\/uploads\/2021\/04\/umage-asteria-up-led-deckenlampe-300x300.jpg 300w, https:\/\/raum-blick.de\/magazin\/wp-content\/uploads\/2021\/04\/umage-asteria-up-led-deckenlampe-150x150.jpg 150w\" sizes=\"(max-width: 600px) 100vw, 600px\" \/><\/a><\/p>\n<p style=\"text-align: justify;\">Wer im Heimb\u00fcro erfolgreich sein m\u00f6chte, ben\u00f6tigt deshalb ein sinnvolles Beleuchtungskonzept. F\u00fcrs angenehme Umgebungslicht sorgt eine Deckenlampe, die weit abstrahlt. Dezent integriert sich die kreisf\u00f6rmige <a href=\"https:\/\/www.raum-blick.de\/umage-asteria-up-led-deckenlampe\">Asteria Up von Umage<\/a> ins Szenario. Sie ist mit energiesparenden LED-Modulen ausgestattet. Das ist begr\u00fc\u00dfenswert, weil man die Allgemeinbeleuchtung bei bew\u00f6lktem Himmel im Arbeitszimmer immer einschalten sollte. Es h\u00e4ngt von der Aufgabe ab, welche Lichtverh\u00e4ltnisse am Schreibtisch optimal sind.<\/p>\n<p><img loading=\"lazy\" decoding=\"async\" class=\"aligncenter wp-image-12505 size-full\" title=\"Bestlite BL2 Tischleuchte | Design: Robert Dudley Best\" src=\"https:\/\/www.raum-blick.de\/magazin\/wp-content\/uploads\/2021\/04\/gubi-bestlite-tischleuchte-bl2.jpg\" alt=\"gubi-bestlite-tischleuchte-bl2\" width=\"600\" height=\"600\" srcset=\"https:\/\/raum-blick.de\/magazin\/wp-content\/uploads\/2021\/04\/gubi-bestlite-tischleuchte-bl2.jpg 600w, https:\/\/raum-blick.de\/magazin\/wp-content\/uploads\/2021\/04\/gubi-bestlite-tischleuchte-bl2-300x300.jpg 300w, https:\/\/raum-blick.de\/magazin\/wp-content\/uploads\/2021\/04\/gubi-bestlite-tischleuchte-bl2-150x150.jpg 150w\" sizes=\"(max-width: 600px) 100vw, 600px\" \/><\/p>\n<p style=\"text-align: justify;\">Legend\u00e4r geht die Gubi Bestlite BL2 auf die wechselnden Bed\u00fcrfnisse ein. Mit den Gelenken am Fu\u00df und Schirm l\u00e4sst sich die Tischleuchte flexibel einrichten. Obwohl die Bauhaus-Ikone schon 1930 entworfen wurde, wertet sie das Flair im Heimb\u00fcro modern auf. Bleibt der Blick an ihr haften, verw\u00f6hnt sie das Auge. Gleiches gilt f\u00fcr die Mini Kelvin von Flos. Ihre reduzierte \u00c4sthetik wirkt trendbewusst, elegant das gl\u00e4nzende Chrom.<\/p>\n<p><img loading=\"lazy\" decoding=\"async\" class=\"aligncenter wp-image-12530 size-full\" title=\"Flos Mini Kelvin LED Schreibtischleuchte | Design: Antonio Citterio 2011\" src=\"https:\/\/www.raum-blick.de\/magazin\/wp-content\/uploads\/2021\/04\/flos-mini-kelvin-led.jpg\" alt=\"flos-mini-kelvin-led-heimbuero-einrichten\" width=\"600\" height=\"600\" srcset=\"https:\/\/raum-blick.de\/magazin\/wp-content\/uploads\/2021\/04\/flos-mini-kelvin-led.jpg 600w, https:\/\/raum-blick.de\/magazin\/wp-content\/uploads\/2021\/04\/flos-mini-kelvin-led-300x300.jpg 300w, https:\/\/raum-blick.de\/magazin\/wp-content\/uploads\/2021\/04\/flos-mini-kelvin-led-150x150.jpg 150w\" sizes=\"(max-width: 600px) 100vw, 600px\" \/><\/p>\n<p style=\"text-align: justify;\">Beeindruckend ist die Funktionalit\u00e4t der Tischleuchte. Sie l\u00e4sst sich nach Belieben justieren und ist mit blendfreien LEDs ausgestattet. Es spricht deshalb nichts dagegen, sie als Video-Licht beim Chat einzusetzen. Daf\u00fcr platziert man den Reflektor so hinter dem Laptop, dass er das Gesicht frontal anstrahlt. Das steigert die Bildqualit\u00e4t und beschert ein vorteilhaftes Antlitz.<\/p>\n<h2><span class=\"ez-toc-section\" id=\"Fuer_Veraenderungen_gewappnet_%E2%80%93_moderne_Bueroregale_fuer_das_Heimbuero\"><\/span>F\u00fcr Ver\u00e4nderungen gewappnet \u2013 moderne B\u00fcroregale f\u00fcr das Heimb\u00fcro<span class=\"ez-toc-section-end\"><\/span><\/h2>\n<p style=\"text-align: justify;\">Die meisten Aufgaben werden inzwischen digital erledigt. Man ben\u00f6tigt dadurch weniger Materialien als fr\u00fcher. Wer ein praktisches Heimb\u00fcro einrichten m\u00f6chte, sollte trotzdem nicht komplett auf Stauraum verzichten und die B\u00fcroausstattung entsprechend anlegen. H\u00e4ufig gefragte und vorzeigbare Objekte platziert man im B\u00fcroregal. Das kommt dem intuitiven Workflow zugute.<\/p>\n<p><img loading=\"lazy\" decoding=\"async\" class=\"aligncenter wp-image-12523 size-full\" title=\"Konnex Regal von M\u00fcller M\u00f6belwerkst\u00e4tten | Design: Florian Gross\" src=\"https:\/\/www.raum-blick.de\/magazin\/wp-content\/uploads\/2021\/04\/mueller-moebelwerkstaetten-konnex-regalsystem.jpg\" alt=\"mueller-moebelwerkstaetten-konnex-regalsystem-heimbuero-einrichten\" width=\"600\" height=\"600\" srcset=\"https:\/\/raum-blick.de\/magazin\/wp-content\/uploads\/2021\/04\/mueller-moebelwerkstaetten-konnex-regalsystem.jpg 600w, https:\/\/raum-blick.de\/magazin\/wp-content\/uploads\/2021\/04\/mueller-moebelwerkstaetten-konnex-regalsystem-300x300.jpg 300w, https:\/\/raum-blick.de\/magazin\/wp-content\/uploads\/2021\/04\/mueller-moebelwerkstaetten-konnex-regalsystem-150x150.jpg 150w\" sizes=\"(max-width: 600px) 100vw, 600px\" \/><\/p>\n<p style=\"text-align: justify;\">Au\u00dfergew\u00f6hnlich offen f\u00fcr individuelle Gestaltungsideen das Regalsystem Konnex aus dem Portfolio der <a href=\"https:\/\/www.raum-blick.de\/mueller\/\">M\u00fcller M\u00f6belwerkst\u00e4tten<\/a>. Es bleibt dem Nutzer \u00fcberlassen, wie er die Module zusammensteckt. Dadurch l\u00e4sst sich nicht nur die Form beeinflussen, sondern auch die Aufteilung der F\u00e4cher. Erh\u00f6ht sich irgendwann der Platzbedarf im Arbeitszimmer, leistet man sich ein weiteres Set. So w\u00e4chst das B\u00fcroregal passend zum Bedarf. Prall gef\u00fcllte Ordner erinnern an die Arbeit, die in ihnen steckt. Pragmatische B\u00fcromaterialien wie Papier sind nicht sonderlich attraktiv. Das Ambiente wirkt angenehmer, wenn derartige Dinge aus dem Blickfeld verschwinden. Mindestens eine geschlossene Staufl\u00e4che sollte man sich deshalb g\u00f6nnen.<\/p>\n<p><a href=\"https:\/\/www.raum-blick.de\/string-aufbewahrungsschrank\"><img loading=\"lazy\" decoding=\"async\" class=\"aligncenter wp-image-12534 size-full\" title=\"String Aufbewahrungseinsatz | Design: Nisse Strinning\" src=\"https:\/\/www.raum-blick.de\/magazin\/wp-content\/uploads\/2021\/04\/string-aufbewahrungsschrank.jpg\" alt=\"string-aufbewahrungsschrank-heimbuero-einrichten\" width=\"600\" height=\"600\" srcset=\"https:\/\/raum-blick.de\/magazin\/wp-content\/uploads\/2021\/04\/string-aufbewahrungsschrank.jpg 600w, https:\/\/raum-blick.de\/magazin\/wp-content\/uploads\/2021\/04\/string-aufbewahrungsschrank-300x300.jpg 300w, https:\/\/raum-blick.de\/magazin\/wp-content\/uploads\/2021\/04\/string-aufbewahrungsschrank-150x150.jpg 150w\" sizes=\"(max-width: 600px) 100vw, 600px\" \/><\/a><\/p>\n<p style=\"text-align: justify;\">Auf das absolut Wesentliche beschr\u00e4nkt sich das <a href=\"https:\/\/www.raum-blick.de\/string\/\">String Regal<\/a> nebst zugeh\u00f6rigem Aufbewahrungsschrank. Der Schrank beschwert sogar im B\u00fcro mit \u00fcberschaubarem Grundriss nicht die Atmosph\u00e4re. Genau genommen handelt es sich um ein Modul, um das sich ein M\u00f6belsystem rankt. Regalb\u00f6den, Organizer-Boxen, Schubladen oder Magazinablage: Die luftig-leicht designte Kollektion bietet alles f\u00fcr die ma\u00dfgeschneiderten Ausstattung im Heimb\u00fcro.<\/p>\n<h2><span class=\"ez-toc-section\" id=\"Areal_fuer_Plan_B\"><\/span>Areal f\u00fcr Plan B<span class=\"ez-toc-section-end\"><\/span><\/h2>\n<p style=\"text-align: justify;\">Das Kind gesellt sich mittags hinzu, weil es Unterst\u00fctzung bei den Hausaufgaben ben\u00f6tigt. Der Arbeitgeber gibt Produktmuster als Inspirationsquelle f\u00fcrs neue Projekt an die Hand. Die Beispiele verdeutlichen: Das Arbeitszimmer sollte offen f\u00fcr tempor\u00e4re Besucher und Aufgaben sein. Die Mission gelingt mit einem multifunktional gestalteten Raumbereich.<\/p>\n<p><a href=\"https:\/\/www.raum-blick.de\/ferm-living-sector-desk\"><img loading=\"lazy\" decoding=\"async\" class=\"aligncenter wp-image-12497 size-full\" title=\"ferm LIVING \u2013 Sector Desk | Wandmontage n\u00f6tig | Design: ferm LIVING\" src=\"https:\/\/www.raum-blick.de\/magazin\/wp-content\/uploads\/2021\/04\/ferm-living-sector-desk.jpg\" alt=\"ferm-living-sector-desk\" width=\"600\" height=\"600\" srcset=\"https:\/\/raum-blick.de\/magazin\/wp-content\/uploads\/2021\/04\/ferm-living-sector-desk.jpg 600w, https:\/\/raum-blick.de\/magazin\/wp-content\/uploads\/2021\/04\/ferm-living-sector-desk-300x300.jpg 300w, https:\/\/raum-blick.de\/magazin\/wp-content\/uploads\/2021\/04\/ferm-living-sector-desk-150x150.jpg 150w\" sizes=\"(max-width: 600px) 100vw, 600px\" \/><\/a><\/p>\n<p style=\"text-align: justify;\">Daf\u00fcr ist das <a href=\"https:\/\/www.raum-blick.de\/ferm-living-sector-desk\">Sector Desk von ferm Living<\/a> geschaffen. Es vereint die zus\u00e4tzliche Ablagefl\u00e4che mit dem optionalen Arbeitsplatz. Vorausschauend montiert man daneben das Sector Wandregal der Marke. Regul\u00e4r ist es mit dekorativen Accessoires best\u00fcckt. Bei Bedarf machen sie Platz f\u00fcr Schulb\u00fccher oder Prototypen.<\/p>\n<h2><span class=\"ez-toc-section\" id=\"Bewegungstrainer_fuers_Heimbuero\"><\/span>Bewegungstrainer f\u00fcrs Heimb\u00fcro<span class=\"ez-toc-section-end\"><\/span><\/h2>\n<p style=\"text-align: justify;\">Der Arbeitstag startet im Gro\u00dfraumgeb\u00e4ude. Nach einem Zwischenstopp in der Teek\u00fcche geht es zur Teamsitzung im Konferenzsaal. Er befindet sich in der obersten Etage. Im Erdgeschoss ist die Kantine, in der man sich mittags mit Kolleginnen trifft. Der stete Wechsel der R\u00e4umlichkeiten ist mit Wegen verbunden, die sich im Homeoffice nicht ergeben. Dort besteht die Gefahr, dass man zu lange in einer Sitzposition verharrt. Es ist clever, der Tendenz schon beim Einrichten entgegenzuwirken.<\/p>\n<p><a href=\"https:\/\/www.raum-blick.de\/vluv-sitzball-stov-stoff\"><img loading=\"lazy\" decoding=\"async\" class=\"aligncenter wp-image-12495 size-full\" title=\"VLUV - Sitzball STOV | stilvoll und ergonomisches Sitzm\u00f6bel aus robustem, dichten Polyesterstoff\" src=\"https:\/\/www.raum-blick.de\/magazin\/wp-content\/uploads\/2021\/04\/vluv-sitzball-stov-stoff.jpg\" alt=\"vluv-sitzball-stov-stoff\" width=\"600\" height=\"600\" srcset=\"https:\/\/raum-blick.de\/magazin\/wp-content\/uploads\/2021\/04\/vluv-sitzball-stov-stoff.jpg 600w, https:\/\/raum-blick.de\/magazin\/wp-content\/uploads\/2021\/04\/vluv-sitzball-stov-stoff-300x300.jpg 300w, https:\/\/raum-blick.de\/magazin\/wp-content\/uploads\/2021\/04\/vluv-sitzball-stov-stoff-150x150.jpg 150w\" sizes=\"(max-width: 600px) 100vw, 600px\" \/><\/a><\/p>\n<p style=\"text-align: justify;\">Das gelingt mit dem <a href=\"https:\/\/www.raum-blick.de\/vluv-sitzball-stov-stoff\">VLUV STOV Sitzball<\/a>. Der K\u00f6rper freut sich, wenn man ihn tempor\u00e4r als Schreibtischstuhl nutzt. Er bietet sich au\u00dferdem f\u00fcr Gymnastik\u00fcbungen an. So stehen die Chancen gut, dass man bei der Arbeit im Heimb\u00fcro in Bewegung bleibt.<\/p>\n","protected":false},"excerpt":{"rendered":"<p>\u00ab Wie das Arbeitszimmer praktisch und gem\u00fctlich wird Unternehmen satteln zunehmend auf Homeoffice-Modelle um, die insbesondere einen Vorteil haben: Man kann das Heimb\u00fcro so einrichten, wie es gef\u00e4llt. Aber auch, wer nicht regelm\u00e4\u00dfig daheim arbeitet, f\u00fcr den fallen doch noch andere T\u00e4tigkeiten an, die ein ruhiges Arbeitszimmer mit Platz und Stauraum erforderlich machen. Wer den [&hellip;]<\/p>\n","protected":false},"author":4,"featured_media":12519,"comment_status":"closed","ping_status":"open","sticky":false,"template":"","format":"standard","meta":{"_et_pb_use_builder":"","_et_pb_old_content":"","_et_gb_content_width":"","inline_featured_image":false,"footnotes":""},"categories":[1],"tags":[418,1360,615,541,419,1358,671,102,1361,1352,953,206,45,1357,543,277,80,1236,1359,911,914,955,1253,633,58,15,910,808,807,348,810],"class_list":["post-12489","post","type-post","status-publish","format-standard","has-post-thumbnail","hentry","category-drinnen","tag-arbeitszimmer","tag-aufbewahrung","tag-beistelltisch","tag-bestlite","tag-buero","tag-buerogestaltung","tag-bueroregale","tag-deckenleuchte","tag-desk","tag-einrichten","tag-einrichtung","tag-ferm-living","tag-flos","tag-heimbuero","tag-konnex","tag-led","tag-mueller-moebelwerkstaetten","tag-pendelleuchte","tag-radius","tag-regal","tag-schreibtisch","tag-schreibtischleuchte","tag-sekretaer","tag-sitzball","tag-sitzmoebel","tag-string","tag-tischleuchte","tag-verti-copenhagen","tag-vertiplants","tag-vluv","tag-wandblumentopf"],"_links":{"self":[{"href":"https:\/\/raum-blick.de\/magazin\/wp-json\/wp\/v2\/posts\/12489","targetHints":{"allow":["GET"]}}],"collection":[{"href":"https:\/\/raum-blick.de\/magazin\/wp-json\/wp\/v2\/posts"}],"about":[{"href":"https:\/\/raum-blick.de\/magazin\/wp-json\/wp\/v2\/types\/post"}],"author":[{"embeddable":true,"href":"https:\/\/raum-blick.de\/magazin\/wp-json\/wp\/v2\/users\/4"}],"replies":[{"embeddable":true,"href":"https:\/\/raum-blick.de\/magazin\/wp-json\/wp\/v2\/comments?post=12489"}],"version-history":[{"count":46,"href":"https:\/\/raum-blick.de\/magazin\/wp-json\/wp\/v2\/posts\/12489\/revisions"}],"predecessor-version":[{"id":20760,"href":"https:\/\/raum-blick.de\/magazin\/wp-json\/wp\/v2\/posts\/12489\/revisions\/20760"}],"wp:featuredmedia":[{"embeddable":true,"href":"https:\/\/raum-blick.de\/magazin\/wp-json\/wp\/v2\/media\/12519"}],"wp:attachment":[{"href":"https:\/\/raum-blick.de\/magazin\/wp-json\/wp\/v2\/media?parent=12489"}],"wp:term":[{"taxonomy":"category","embeddable":true,"href":"https:\/\/raum-blick.de\/magazin\/wp-json\/wp\/v2\/categories?post=12489"},{"taxonomy":"post_tag","embeddable":true,"href":"https:\/\/raum-blick.de\/magazin\/wp-json\/wp\/v2\/tags?post=12489"}],"curies":[{"name":"wp","href":"https:\/\/api.w.org\/{rel}","templated":true}]}}