{"id":12418,"date":"2021-02-25T12:46:31","date_gmt":"2021-02-25T11:46:31","guid":{"rendered":"https:\/\/www.raum-blick.de\/magazin\/?p=12418"},"modified":"2024-09-02T14:10:27","modified_gmt":"2024-09-02T12:10:27","slug":"moderne-wohnzimmerdeko","status":"publish","type":"post","link":"https:\/\/raum-blick.de\/magazin\/moderne-wohnzimmerdeko\/","title":{"rendered":"Moderne Wohnzimmerdeko"},"content":{"rendered":"<h2><span class=\"ez-toc-section\" id=\"%C2%ABStillvoll_Einrichten_braucht_mehr_als_schicke_Moebel%C2%BB\"><\/span>\u00abStillvoll Einrichten braucht mehr als schicke M\u00f6bel\u00bb<span class=\"ez-toc-section-end\"><\/span><\/h2>\n<p style=\"text-align: justify;\"><strong>Sofas, Tische, St\u00fchle: Durch die \u00fcblichen M\u00f6bel wird der Raum nutzbar. Die Wohnzimmerdeko verleiht ihm eine Seele. Sie erz\u00e4hlt Geschichten, spiegelt Vorlieben wider oder gestaltet das Leben angenehmer. Kurzum: M\u00f6chte man sich wohlf\u00fchlen, sind Accessoires unverzichtbar.<\/strong><\/p>\n<h2><span class=\"ez-toc-section\" id=\"Natuerliche_Augenschmeichler_%E2%80%93_elegant_oder_unkonventionell_praesentiert\"><\/span>Nat\u00fcrliche Augenschmeichler \u2013 elegant oder unkonventionell pr\u00e4sentiert<span class=\"ez-toc-section-end\"><\/span><\/h2>\n<p style=\"text-align: justify;\">Pflanzen beleben das Flair und tragen zum gesunden Raumklima bei. Sie z\u00e4hlen zu den Dauerbrennern der Wohnzimmergestaltung. Lange Zeit ging man den Part der Deko pragmatisch an: Im Gartencenter wanderte die favorisierte Gattung in den Einkaufswagen. Ein \u00dcbertopf in passender Gr\u00f6\u00dfe gesellte sich hinzu. Daheim wurde der Gru\u00df aus der Natur dort drapiert, wo sich ein freies Pl\u00e4tzchen fand.<\/p><div id=\"ez-toc-container\" class=\"ez-toc-v2_0_82_2 counter-hierarchy ez-toc-counter ez-toc-grey ez-toc-container-direction\">\n<div class=\"ez-toc-title-container\">\n<p class=\"ez-toc-title\" style=\"cursor:inherit\">Was hier auf Sie wartet<\/p>\n<span class=\"ez-toc-title-toggle\"><a href=\"#\" class=\"ez-toc-pull-right ez-toc-btn ez-toc-btn-xs ez-toc-btn-default ez-toc-toggle\" aria-label=\"Toggle Table of Content\"><span class=\"ez-toc-js-icon-con\"><span class=\"\"><span class=\"eztoc-hide\" style=\"display:none;\">Toggle<\/span><span class=\"ez-toc-icon-toggle-span\"><svg style=\"fill: #999;color:#999\" xmlns=\"http:\/\/www.w3.org\/2000\/svg\" class=\"list-377408\" width=\"20px\" height=\"20px\" viewBox=\"0 0 24 24\" fill=\"none\"><path d=\"M6 6H4v2h2V6zm14 0H8v2h12V6zM4 11h2v2H4v-2zm16 0H8v2h12v-2zM4 16h2v2H4v-2zm16 0H8v2h12v-2z\" fill=\"currentColor\"><\/path><\/svg><svg style=\"fill: #999;color:#999\" class=\"arrow-unsorted-368013\" xmlns=\"http:\/\/www.w3.org\/2000\/svg\" width=\"10px\" height=\"10px\" viewBox=\"0 0 24 24\" version=\"1.2\" baseProfile=\"tiny\"><path d=\"M18.2 9.3l-6.2-6.3-6.2 6.3c-.2.2-.3.4-.3.7s.1.5.3.7c.2.2.4.3.7.3h11c.3 0 .5-.1.7-.3.2-.2.3-.5.3-.7s-.1-.5-.3-.7zM5.8 14.7l6.2 6.3 6.2-6.3c.2-.2.3-.5.3-.7s-.1-.5-.3-.7c-.2-.2-.4-.3-.7-.3h-11c-.3 0-.5.1-.7.3-.2.2-.3.5-.3.7s.1.5.3.7z\"\/><\/svg><\/span><\/span><\/span><\/a><\/span><\/div>\n<nav><ul class='ez-toc-list ez-toc-list-level-1 ' ><li class='ez-toc-page-1 ez-toc-heading-level-2'><a class=\"ez-toc-link ez-toc-heading-1\" href=\"https:\/\/raum-blick.de\/magazin\/moderne-wohnzimmerdeko\/#%C2%ABStillvoll_Einrichten_braucht_mehr_als_schicke_Moebel%C2%BB\" >\u00abStillvoll Einrichten braucht mehr als schicke M\u00f6bel\u00bb<\/a><\/li><li class='ez-toc-page-1 ez-toc-heading-level-2'><a class=\"ez-toc-link ez-toc-heading-2\" href=\"https:\/\/raum-blick.de\/magazin\/moderne-wohnzimmerdeko\/#Natuerliche_Augenschmeichler_%E2%80%93_elegant_oder_unkonventionell_praesentiert\" >Nat\u00fcrliche Augenschmeichler \u2013 elegant oder unkonventionell pr\u00e4sentiert<\/a><\/li><li class='ez-toc-page-1 ez-toc-heading-level-2'><a class=\"ez-toc-link ez-toc-heading-3\" href=\"https:\/\/raum-blick.de\/magazin\/moderne-wohnzimmerdeko\/#Kulinarische_Verfuehrung_im_Vorbeigehen\" >Kulinarische Verf\u00fchrung im Vorbeigehen<\/a><\/li><li class='ez-toc-page-1 ez-toc-heading-level-2'><a class=\"ez-toc-link ez-toc-heading-4\" href=\"https:\/\/raum-blick.de\/magazin\/moderne-wohnzimmerdeko\/#Kerzen_fuer_die_hyggelige_Stimmung\" >Kerzen f\u00fcr die hyggelige Stimmung<\/a><\/li><li class='ez-toc-page-1 ez-toc-heading-level-2'><a class=\"ez-toc-link ez-toc-heading-5\" href=\"https:\/\/raum-blick.de\/magazin\/moderne-wohnzimmerdeko\/#Geschaffen_fuers_ganzheitliche_Relaxen\" >Geschaffen f\u00fcrs ganzheitliche Relaxen<\/a><\/li><li class='ez-toc-page-1 ez-toc-heading-level-2'><a class=\"ez-toc-link ez-toc-heading-6\" href=\"https:\/\/raum-blick.de\/magazin\/moderne-wohnzimmerdeko\/#Unterschaetzte_Ruhestifter_%E2%80%93_dekorative_Wanduhren\" >Untersch\u00e4tzte Ruhestifter \u2013 dekorative Wanduhren<\/a><\/li><li class='ez-toc-page-1 ez-toc-heading-level-2'><a class=\"ez-toc-link ez-toc-heading-7\" href=\"https:\/\/raum-blick.de\/magazin\/moderne-wohnzimmerdeko\/#Liebenswerte_Spiegelbilder_der_Persoenlichkeit\" >Liebenswerte Spiegelbilder der Pers\u00f6nlichkeit<\/a><\/li><\/ul><\/nav><\/div>\n\n<blockquote>\n<p style=\"text-align: justify;\">Wer Bl\u00fcten und Bl\u00e4tter aufmerksam betrachtet, gelangt zum Fazit: Es grenzt an ein Wunder, wie einzigartig und detailreich jedes Exemplar ist.<\/p>\n<\/blockquote>\n<p style=\"text-align: justify;\">Das spricht f\u00fcr eine effektvollere Inszenierung der Naturdeko. Federleicht wirkt das trockene Arrangement mit Pampasgras, Baumwollzweig und Strandflieder in der Bodenvase.<\/p>\n<p><a href=\"https:\/\/www.raum-blick.de\/kaehler-hammershoi-vase-mini-3-stk.\"><img loading=\"lazy\" decoding=\"async\" class=\"aligncenter wp-image-12484 size-full\" title=\"K\u00e4hler Hammershoi Vase Mini (3 St\u00fcck) | Design: Hans-Christian Bauer\" src=\"https:\/\/www.raum-blick.de\/magazin\/wp-content\/uploads\/2021\/04\/kaehler-hammershoi-vase-mini-3-stk.jpg\" alt=\"kaehler-hammershoi-vase-mini-3-stk-moderne-wohnzimmerdeko\" width=\"600\" height=\"600\" srcset=\"https:\/\/raum-blick.de\/magazin\/wp-content\/uploads\/2021\/04\/kaehler-hammershoi-vase-mini-3-stk.jpg 600w, https:\/\/raum-blick.de\/magazin\/wp-content\/uploads\/2021\/04\/kaehler-hammershoi-vase-mini-3-stk-300x300.jpg 300w, https:\/\/raum-blick.de\/magazin\/wp-content\/uploads\/2021\/04\/kaehler-hammershoi-vase-mini-3-stk-150x150.jpg 150w\" sizes=\"(max-width: 600px) 100vw, 600px\" \/><\/a><\/p>\n<p style=\"text-align: justify;\">Die winzigen Porzellanvasen auf dem Sideboard verhelfen Zweigen zum eleganten Auftritt, die man beim Spaziergang abknipste. Auf dem Esstisch hebt sich ein kunstvoll gebundener Strau\u00df hervor. S\u00e4mtliche Porzellangef\u00e4\u00dfe stammen aus der legend\u00e4ren <a href=\"https:\/\/www.raum-blick.de\/kaehler-design\/\">Hammershoi Kollektion von K\u00e4hler Design<\/a>. Die eingestreute Blumen verbinden dadurch alle Raumbereiche miteinander. Zum Highlight avanciert die moderne Wohnzimmerdeko, wenn sie mit den Sehgewohnheiten spielt.<\/p>\n<p><img loading=\"lazy\" decoding=\"async\" class=\"aligncenter wp-image-12436 size-full\" title=\"Schwebende Vase | Design: Flyte\" src=\"https:\/\/www.raum-blick.de\/magazin\/wp-content\/uploads\/2021\/04\/flyte-lyfe-schwebender-blumentopf.jpg\" alt=\"flyte-lyfe-schwebender-blumentopf-moderne-wohnzimmerdeko\" width=\"600\" height=\"600\" srcset=\"https:\/\/raum-blick.de\/magazin\/wp-content\/uploads\/2021\/04\/flyte-lyfe-schwebender-blumentopf.jpg 600w, https:\/\/raum-blick.de\/magazin\/wp-content\/uploads\/2021\/04\/flyte-lyfe-schwebender-blumentopf-300x300.jpg 300w, https:\/\/raum-blick.de\/magazin\/wp-content\/uploads\/2021\/04\/flyte-lyfe-schwebender-blumentopf-150x150.jpg 150w\" sizes=\"(max-width: 600px) 100vw, 600px\" \/><\/p>\n<p style=\"text-align: justify;\">Darauf setzt Flyte beim schwebenden Blumentopf. Er zieht die Blicke magisch an, was der Pflanze die volle Aufmerksamkeit garantiert. Gr\u00fcne Dekoration auf der Fensterbank ist typisch. Unkonventionell wirkt sie an den W\u00e4nden. Die Idee l\u00e4sst sich im Handumdrehen mit den <a href=\"https:\/\/www.raum-blick.de\/vertiplants\/\">VertiPlants von Verti Copenhagen<\/a> realisieren.<\/p>\n<p><a href=\"https:\/\/www.raum-blick.de\/verti-copenhagen-kombinationen\"><img loading=\"lazy\" decoding=\"async\" class=\"aligncenter wp-image-12481 size-full\" title=\"Verti Copenhagen VertiPlants | Wandblumentopf | Design: Rikke &amp; Jens Raecke\" src=\"https:\/\/www.raum-blick.de\/magazin\/wp-content\/uploads\/2021\/04\/Baugruppe-1-Verti-Copenhagen-kombination-weiss.jpg\" alt=\"verti-copenhagen-kombinationen\" width=\"600\" height=\"550\" srcset=\"https:\/\/raum-blick.de\/magazin\/wp-content\/uploads\/2021\/04\/Baugruppe-1-Verti-Copenhagen-kombination-weiss.jpg 600w, https:\/\/raum-blick.de\/magazin\/wp-content\/uploads\/2021\/04\/Baugruppe-1-Verti-Copenhagen-kombination-weiss-300x275.jpg 300w\" sizes=\"(max-width: 600px) 100vw, 600px\" \/><\/a><\/p>\n<h2><span class=\"ez-toc-section\" id=\"Kulinarische_Verfuehrung_im_Vorbeigehen\"><\/span>Kulinarische Verf\u00fchrung im Vorbeigehen<span class=\"ez-toc-section-end\"><\/span><\/h2>\n<p style=\"text-align: justify;\">Die t\u00e4glichen Mahlzeiten stillen den Hunger. Zwischendurch kommt trotzdem die Lust auf, etwas zu naschen. Wer gerade relaxt, steuert daf\u00fcr nicht extra die K\u00fcche an. Integrieren sich die Appetith\u00e4ppchen in die Wohnzimmerdekoration, greift man hingegen beherzt zu. Der Vitaminhaushalt freut sich, wenn die Fr\u00fcchte auf der Kommode das Interesse wecken. Auf dem Sofatisch laden N\u00fcsse dazu ein, sich eine Extraportion N\u00e4hrstoffe zu g\u00f6nnen. Formsch\u00f6ne Accessoires steigern die Verf\u00fchrungskraft der gesunden Snacks und bereichern die Deko.<\/p>\n<p><img loading=\"lazy\" decoding=\"async\" class=\"aligncenter wp-image-12426 size-full\" title=\"Georg Jensen \u2013 Eisblume Schale | Design: Sanne Lund Traberg\" src=\"https:\/\/www.raum-blick.de\/magazin\/wp-content\/uploads\/2021\/04\/georg-jensen-eisblume-schale.jpg\" alt=\"georg-jensen-eisblume-schale\" width=\"600\" height=\"250\" srcset=\"https:\/\/raum-blick.de\/magazin\/wp-content\/uploads\/2021\/04\/georg-jensen-eisblume-schale.jpg 600w, https:\/\/raum-blick.de\/magazin\/wp-content\/uploads\/2021\/04\/georg-jensen-eisblume-schale-300x125.jpg 300w\" sizes=\"(max-width: 600px) 100vw, 600px\" \/><\/p>\n<p style=\"text-align: justify;\">Mit ihrem edlen Touch begeistern die vergoldeten Sch\u00e4lchen aus der Kollektion Eisblume von Georg Jensen. Wie Delikatessen wirken darin die Naschereien.<\/p>\n<p><img loading=\"lazy\" decoding=\"async\" class=\"aligncenter wp-image-12430 size-full\" title=\"ferm Living \u2013 Flow Schale | Porzellanschale | Design: ferm Living\" src=\"https:\/\/www.raum-blick.de\/magazin\/wp-content\/uploads\/2021\/04\/ferm-living-flow-schale.jpg\" alt=\"ferm-living-flow-schale-moderne-wohnzimmerdeko\" width=\"600\" height=\"600\" srcset=\"https:\/\/raum-blick.de\/magazin\/wp-content\/uploads\/2021\/04\/ferm-living-flow-schale.jpg 600w, https:\/\/raum-blick.de\/magazin\/wp-content\/uploads\/2021\/04\/ferm-living-flow-schale-300x300.jpg 300w, https:\/\/raum-blick.de\/magazin\/wp-content\/uploads\/2021\/04\/ferm-living-flow-schale-150x150.jpg 150w\" sizes=\"(max-width: 600px) 100vw, 600px\" \/><\/p>\n<p style=\"text-align: justify;\">Modern akzentuieren die Flow Porzellanschalen von ferm Living die Wohnzimmerdeko. Sie bekennen sich mit dem halbmatten Schwarz und unregelm\u00e4\u00dfigen Handmade-Look zum aktuellen Einrichtungstrend.<\/p>\n<h2><span class=\"ez-toc-section\" id=\"Kerzen_fuer_die_hyggelige_Stimmung\"><\/span>Kerzen f\u00fcr die hyggelige Stimmung<span class=\"ez-toc-section-end\"><\/span><\/h2>\n<p style=\"text-align: justify;\">Nach der Arbeit l\u00e4uft man abends durch die Stra\u00dfen. Behagliches Licht erhellt die Fenster der H\u00e4user. Spontan malt man sich in der Fantasie aus, wie die Bewohner den Feierabend genie\u00dfen. Das stachelt die Vorfreude auf das eigene Zuhause an. Derartige Emotionen thematisiert K\u00e4hler Design mit der Serie Lichthaus.<\/p>\n<p><img loading=\"lazy\" decoding=\"async\" class=\"aligncenter wp-image-12447\" title=\"Lichthaus kleine Kirche | Serie: Zuhause | Design: R\u00e4der\" src=\"https:\/\/www.raum-blick.de\/magazin\/wp-content\/uploads\/2021\/04\/raeder-design-lichthaus-kleine-kirche.jpg\" alt=\"raeder-design-lichthaus-kleine-kirche\" width=\"500\" height=\"500\" srcset=\"https:\/\/raum-blick.de\/magazin\/wp-content\/uploads\/2021\/04\/raeder-design-lichthaus-kleine-kirche.jpg 600w, https:\/\/raum-blick.de\/magazin\/wp-content\/uploads\/2021\/04\/raeder-design-lichthaus-kleine-kirche-300x300.jpg 300w, https:\/\/raum-blick.de\/magazin\/wp-content\/uploads\/2021\/04\/raeder-design-lichthaus-kleine-kirche-150x150.jpg 150w\" sizes=\"(max-width: 500px) 100vw, 500px\" \/><\/p>\n<p style=\"text-align: justify;\">Die moderne Wohnzimmerdeko skizziert Geb\u00e4ude. Hochhaus, Kirche und Theater: Die Accessoires vereinen sich zur urbanen Szenerie. Mit menschlichen Z\u00fcgen punktet der Kerzenst\u00e4nder Lucia von Bj\u00f8rn Wiinblad. Sein Geheimnis ist das Frauengesicht mit den gewinnenden Augen. Die beiden Keramikarbeiten aus Skandinavien haben eine Gemeinsamkeit: Die moderne Deko verleiht dem romantischen Kerzenlicht eine herzergreifende Lebendigkeit und das nicht nur zur Adventszeit. So erh\u00e4lt die klassische Gestaltungsidee einen \u00fcberraschenden Aspekt.<\/p>\n<p><img loading=\"lazy\" decoding=\"async\" class=\"aligncenter wp-image-12438 size-full\" title=\"Bj\u00f8rn Wiinblad - Lucia Kerzenst\u00e4nder mit Schalenfunktion | Design: Bj\u00f8rn Wiinblad\" src=\"https:\/\/www.raum-blick.de\/magazin\/wp-content\/uploads\/2021\/04\/bjoern-wiinblad-lucia-kerzenstaender-advent.jpg\" alt=\"bjoern-wiinblad-lucia-kerzenstaender-advent-moderne-wohnzimmerdeko\" width=\"600\" height=\"600\" srcset=\"https:\/\/raum-blick.de\/magazin\/wp-content\/uploads\/2021\/04\/bjoern-wiinblad-lucia-kerzenstaender-advent.jpg 600w, https:\/\/raum-blick.de\/magazin\/wp-content\/uploads\/2021\/04\/bjoern-wiinblad-lucia-kerzenstaender-advent-300x300.jpg 300w, https:\/\/raum-blick.de\/magazin\/wp-content\/uploads\/2021\/04\/bjoern-wiinblad-lucia-kerzenstaender-advent-150x150.jpg 150w\" sizes=\"(max-width: 600px) 100vw, 600px\" \/><\/p>\n<h2><span class=\"ez-toc-section\" id=\"Geschaffen_fuers_ganzheitliche_Relaxen\"><\/span>Geschaffen f\u00fcrs ganzheitliche Relaxen<span class=\"ez-toc-section-end\"><\/span><\/h2>\n<p style=\"text-align: justify;\">Bleib hier und entspanne dich! Gern nimmt man die Einladung an. Nach dem turbulenten Tag ist die Sehnsucht gro\u00df, seine innere Mitte wiederzufinden. Die <a href=\"https:\/\/www.raum-blick.de\/myfelt\/\">Bodenkissen von myfelt<\/a> dr\u00e4ngen sich f\u00fcr eine regenerierende Meditation f\u00f6rmlich auf. Denn ihr Kieselstein-Design erinnert an die Stille unber\u00fchrter Landschaften.<\/p>\n<p><a href=\"https:\/\/www.raum-blick.de\/myfelt-kieselsteinkissen-carl\"><img loading=\"lazy\" decoding=\"async\" class=\"aligncenter wp-image-12474 size-full\" title=\"Filz-Kieselstein Carl | Meditationskissen, Yogakissen oder Dekokissen | Design: myfelt\" src=\"https:\/\/www.raum-blick.de\/magazin\/wp-content\/uploads\/2021\/04\/myfelt-kieselsteinkissen-carl.jpg\" alt=\"myfelt-kieselsteinkissen-carl-moderne-wohnzimmerdeko\" width=\"600\" height=\"600\" srcset=\"https:\/\/raum-blick.de\/magazin\/wp-content\/uploads\/2021\/04\/myfelt-kieselsteinkissen-carl.jpg 600w, https:\/\/raum-blick.de\/magazin\/wp-content\/uploads\/2021\/04\/myfelt-kieselsteinkissen-carl-300x300.jpg 300w, https:\/\/raum-blick.de\/magazin\/wp-content\/uploads\/2021\/04\/myfelt-kieselsteinkissen-carl-150x150.jpg 150w\" sizes=\"(max-width: 600px) 100vw, 600px\" \/><\/a><\/p>\n<p style=\"text-align: justify;\">Gleich darauf sticht die n\u00e4chste Wohnzimmerdeko ins Auge: Aus der Ferne l\u00e4sst sich erahnen, wie flauschig die <a href=\"https:\/\/www.raum-blick.de\/silkeborg\/\">Wolldecke von Silkeborg<\/a> ist. Sie bewegt dazu, von der Tiefenentspannung direkt zum Schm\u00f6kern auf dem Sofa \u00fcberzugehen. Dabei bewahrheitet sich der optische Eindruck. Der Hautkontakt mit dem Heimtextil \u00e4hnelt beruhigenden Streicheleinheiten.<\/p>\n<p><a href=\"https:\/\/www.raum-blick.de\/silkeborg-uldspinderi-plain-beat-decke\"><img loading=\"lazy\" decoding=\"async\" class=\"aligncenter wp-image-12477 size-full\" title=\"Silkeborg Uldspinderi \u2013 Plain Beat Wolldecke | 130x190 cm | Design: Tina Ratzer\" src=\"https:\/\/www.raum-blick.de\/magazin\/wp-content\/uploads\/2021\/04\/silkeborg-uldspinderi-plain-beat-decke.jpg\" alt=\"silkeborg-uldspinderi-plain-beat-decke\" width=\"600\" height=\"600\" srcset=\"https:\/\/raum-blick.de\/magazin\/wp-content\/uploads\/2021\/04\/silkeborg-uldspinderi-plain-beat-decke.jpg 600w, https:\/\/raum-blick.de\/magazin\/wp-content\/uploads\/2021\/04\/silkeborg-uldspinderi-plain-beat-decke-300x300.jpg 300w, https:\/\/raum-blick.de\/magazin\/wp-content\/uploads\/2021\/04\/silkeborg-uldspinderi-plain-beat-decke-150x150.jpg 150w\" sizes=\"(max-width: 600px) 100vw, 600px\" \/><\/a><\/p>\n<p style=\"text-align: justify;\">Wenig sp\u00e4ter schaut man auf die Uhr und ist verbl\u00fcfft: Obwohl keine Stunde vergangen ist, f\u00fchlt man sich so relaxt wie nach einem Urlaubstag. Wer das erlebt, hat ein H\u00e4ndchen f\u00fcr die Wohnzimmergestaltung. Schmeichelt die textile Deko gleichzeitig dem Auge, ist sie eine Punktlandung.<\/p>\n<h2><span class=\"ez-toc-section\" id=\"Unterschaetzte_Ruhestifter_%E2%80%93_dekorative_Wanduhren\"><\/span>Untersch\u00e4tzte Ruhestifter \u2013 dekorative Wanduhren<span class=\"ez-toc-section-end\"><\/span><\/h2>\n<p style=\"text-align: justify;\">Das Handy befindet sich meist im Umfeld und zeigt die Zeit an. Im Smarthome gen\u00fcgt es, die Frage in den Raum zu werfen. Schon liefert der digitale Assistent die Antwort. Vor\u00fcbergehend schien eine Uhr deshalb f\u00fcr die moderne Wohnzimmerdeko entbehrlich. Jetzt feiert sie ihr Comeback, weil der technische Fortschritt seine Schattenseiten hat: Werden die Gadgets aktiviert, geraten Benachrichtigungen und andere Ablenkungsfaktoren ins Visier. Sie sabotieren die vollkommene Entspannung. Die Gefahr besteht nicht, wenn die Wohnzimmerdeko beil\u00e4ufig das Zeitgef\u00fchl vermittelt.<\/p>\n<p><a href=\"https:\/\/www.raum-blick.de\/vitra-sunburst-clock\"><img loading=\"lazy\" decoding=\"async\" class=\"aligncenter wp-image-12464 size-full\" title=\"Vitra Sunburst | Wall Cocks | Design: George Nelson, 1948-1960\" src=\"https:\/\/www.raum-blick.de\/magazin\/wp-content\/uploads\/2021\/04\/vitra-sunburst-clock.jpg\" alt=\"vitra-sunburst-clock\" width=\"600\" height=\"600\" srcset=\"https:\/\/raum-blick.de\/magazin\/wp-content\/uploads\/2021\/04\/vitra-sunburst-clock.jpg 600w, https:\/\/raum-blick.de\/magazin\/wp-content\/uploads\/2021\/04\/vitra-sunburst-clock-300x300.jpg 300w, https:\/\/raum-blick.de\/magazin\/wp-content\/uploads\/2021\/04\/vitra-sunburst-clock-150x150.jpg 150w\" sizes=\"(max-width: 600px) 100vw, 600px\" \/><\/a><\/p>\n<p style=\"text-align: justify;\">George Nelson setzte sich in den 1950ern und 1960ern zum Ziel, die Wohnwelt mit praktischen Designobjekten aufzuwerten. Aus seiner Feder stammen die Entw\u00fcrfe f\u00fcr die <a href=\"https:\/\/www.raum-blick.de\/vitra\/\">Sunburst und Sunflower von Vitra<\/a>. Die Produktnamen halten ihr Versprechen: Beide Uhren bringen die Einrichtung zum Strahlen wie die Sonne den Horizont.<\/p>\n<p><a href=\"https:\/\/www.raum-blick.de\/vitra-sunflower-clock\"><img loading=\"lazy\" decoding=\"async\" class=\"aligncenter wp-image-12466 size-full\" title=\"Vitra Sunflower | Wall Cocks | Design: George Nelson, 1948-1960\" src=\"https:\/\/www.raum-blick.de\/magazin\/wp-content\/uploads\/2021\/04\/vitra-sunflower-clock.jpg\" alt=\"vitra-sunflower-clock\" width=\"600\" height=\"600\" srcset=\"https:\/\/raum-blick.de\/magazin\/wp-content\/uploads\/2021\/04\/vitra-sunflower-clock.jpg 600w, https:\/\/raum-blick.de\/magazin\/wp-content\/uploads\/2021\/04\/vitra-sunflower-clock-300x300.jpg 300w, https:\/\/raum-blick.de\/magazin\/wp-content\/uploads\/2021\/04\/vitra-sunflower-clock-150x150.jpg 150w\" sizes=\"(max-width: 600px) 100vw, 600px\" \/><\/a><\/p>\n<p style=\"text-align: justify;\">Im Vordergrund steht der sehenswerte Beitrag zur Deko. Die ungef\u00e4hre Zeitangabe ist ein Mehrwert, der nicht in Hektik versetzt. Denn auf ein klassisches Ziffernblatt f\u00fcrs minutengenaue Ablesen verzichtete der popul\u00e4re Designer.<\/p>\n<h2><span class=\"ez-toc-section\" id=\"Liebenswerte_Spiegelbilder_der_Persoenlichkeit\"><\/span>Liebenswerte Spiegelbilder der Pers\u00f6nlichkeit<span class=\"ez-toc-section-end\"><\/span><\/h2>\n<p style=\"text-align: justify;\">Die Begr\u00fcnung dient dem Wohnklima. Obstschalen f\u00f6rdern gesunde Ern\u00e4hrungsgewohnheiten. Sanfte Beleuchtung und Heimtextilien kommen dem ausbalancierenden Lifestyle zugute. Es ist typisch f\u00fcr die moderne Wohnzimmerdeko, praktische Bed\u00fcrfnisse mit der \u00e4sthetischen Signatur zu verkn\u00fcpfen. So vermeidet man, dass die Raumgestaltung \u00fcberladen anmutet.<\/p>\n<p><a href=\"https:\/\/www.raum-blick.de\/kaehler-character-skulptur\"><img loading=\"lazy\" decoding=\"async\" class=\"aligncenter wp-image-12457 size-full\" title=\"K\u00e4hler Design Character Skulpturen | Figuren mit einer besonderen Geschichte\" src=\"https:\/\/www.raum-blick.de\/magazin\/wp-content\/uploads\/2021\/04\/kaehler-character-skulptur.jpg\" alt=\"kaehler-character-skulptur\" width=\"600\" height=\"600\" srcset=\"https:\/\/raum-blick.de\/magazin\/wp-content\/uploads\/2021\/04\/kaehler-character-skulptur.jpg 600w, https:\/\/raum-blick.de\/magazin\/wp-content\/uploads\/2021\/04\/kaehler-character-skulptur-300x300.jpg 300w, https:\/\/raum-blick.de\/magazin\/wp-content\/uploads\/2021\/04\/kaehler-character-skulptur-150x150.jpg 150w\" sizes=\"(max-width: 600px) 100vw, 600px\" \/><\/a><\/p>\n<p style=\"text-align: justify;\">Auf rein dekorative Objekte sollte man trotzdem nicht komplett verzichten. F\u00fcr ihre Pr\u00e4senz gibt es nur eine Erkl\u00e4rung: Sie eroberten spontan das Herz. Die Lieblingsst\u00fccke verleihen dadurch dem Wohnraum eine pers\u00f6nliche Note. Unterschiedliche Lebensphasen f\u00e4ngt K\u00e4hler Design mit den Character Skulpturen ein. Wer sie erblickt, wird nachdenklich.<\/p>\n<p><a href=\"https:\/\/www.raum-blick.de\/kay-bojesen-affe\"><img loading=\"lazy\" decoding=\"async\" class=\"aligncenter wp-image-12455 size-full\" title=\"Kay Bojesen Affe | Holz-Figur: gro\u00df \/ klein | Design: Kay Bojesen, 1951\" src=\"https:\/\/www.raum-blick.de\/magazin\/wp-content\/uploads\/2021\/04\/kay-bojesen-affe.jpg\" alt=\"kay-bojesen-affe\" width=\"600\" height=\"600\" srcset=\"https:\/\/raum-blick.de\/magazin\/wp-content\/uploads\/2021\/04\/kay-bojesen-affe.jpg 600w, https:\/\/raum-blick.de\/magazin\/wp-content\/uploads\/2021\/04\/kay-bojesen-affe-300x300.jpg 300w, https:\/\/raum-blick.de\/magazin\/wp-content\/uploads\/2021\/04\/kay-bojesen-affe-150x150.jpg 150w\" sizes=\"(max-width: 600px) 100vw, 600px\" \/><\/a><\/p>\n<p style=\"text-align: justify;\">Ein L\u00e4cheln ins Gesicht zaubern die <a href=\"https:\/\/www.raum-blick.de\/kay-bojesen-affe\">kultigen Affen von Kay Bojesen<\/a>. In einer ruhigen Minute verf\u00fchren die Holzfiguren mit den beweglichen Gelenken dazu, dem Spieltrieb freien Lauf zu lassen. F\u00fcr die Keramikskulpturen und die Holztiere gilt: Sie bereiten Freude, sobald man sie sieht. Deshalb haben sie sich einen Paradeplatz in der Wohnung verdient.<\/p>\n","protected":false},"excerpt":{"rendered":"<p>\u00abStillvoll Einrichten braucht mehr als schicke M\u00f6bel\u00bb Sofas, Tische, St\u00fchle: Durch die \u00fcblichen M\u00f6bel wird der Raum nutzbar. Die Wohnzimmerdeko verleiht ihm eine Seele. Sie erz\u00e4hlt Geschichten, spiegelt Vorlieben wider oder gestaltet das Leben angenehmer. Kurzum: M\u00f6chte man sich wohlf\u00fchlen, sind Accessoires unverzichtbar. Nat\u00fcrliche Augenschmeichler \u2013 elegant oder unkonventionell pr\u00e4sentiert Pflanzen beleben das Flair und [&hellip;]<\/p>\n","protected":false},"author":4,"featured_media":12487,"comment_status":"closed","ping_status":"open","sticky":false,"template":"","format":"standard","meta":{"_et_pb_use_builder":"","_et_pb_old_content":"","_et_gb_content_width":"","inline_featured_image":false,"footnotes":""},"categories":[1],"tags":[1356,998,1223,342,1354,1352,953,206,1355,1117,759,341,360,1353,357,322,122,296,777,663,985,846,1285,629,146,808,807,520,810,591,285,1351,1286],"class_list":["post-12418","post","type-post","status-publish","format-standard","has-post-thumbnail","hentry","category-drinnen","tag-affe","tag-bjrn-wiinblad","tag-deko","tag-dekoration","tag-dekorativ","tag-einrichten","tag-einrichtung","tag-ferm-living","tag-figuren","tag-filz-kieselstein","tag-flyte","tag-georg-jensen","tag-hammershoi","tag-hyggelig","tag-kaehler","tag-kay-bojesen","tag-kerzenstaender","tag-kissen","tag-lichthaus","tag-modern","tag-raeder-design","tag-schale","tag-silkeborg-uldspinderi","tag-skulptur","tag-vasen","tag-verti-copenhagen","tag-vertiplants","tag-vitra","tag-wandblumentopf","tag-wanduhren","tag-wohnzimmer","tag-wohnzimmerdeko","tag-wolldecke"],"_links":{"self":[{"href":"https:\/\/raum-blick.de\/magazin\/wp-json\/wp\/v2\/posts\/12418","targetHints":{"allow":["GET"]}}],"collection":[{"href":"https:\/\/raum-blick.de\/magazin\/wp-json\/wp\/v2\/posts"}],"about":[{"href":"https:\/\/raum-blick.de\/magazin\/wp-json\/wp\/v2\/types\/post"}],"author":[{"embeddable":true,"href":"https:\/\/raum-blick.de\/magazin\/wp-json\/wp\/v2\/users\/4"}],"replies":[{"embeddable":true,"href":"https:\/\/raum-blick.de\/magazin\/wp-json\/wp\/v2\/comments?post=12418"}],"version-history":[{"count":61,"href":"https:\/\/raum-blick.de\/magazin\/wp-json\/wp\/v2\/posts\/12418\/revisions"}],"predecessor-version":[{"id":20909,"href":"https:\/\/raum-blick.de\/magazin\/wp-json\/wp\/v2\/posts\/12418\/revisions\/20909"}],"wp:featuredmedia":[{"embeddable":true,"href":"https:\/\/raum-blick.de\/magazin\/wp-json\/wp\/v2\/media\/12487"}],"wp:attachment":[{"href":"https:\/\/raum-blick.de\/magazin\/wp-json\/wp\/v2\/media?parent=12418"}],"wp:term":[{"taxonomy":"category","embeddable":true,"href":"https:\/\/raum-blick.de\/magazin\/wp-json\/wp\/v2\/categories?post=12418"},{"taxonomy":"post_tag","embeddable":true,"href":"https:\/\/raum-blick.de\/magazin\/wp-json\/wp\/v2\/tags?post=12418"}],"curies":[{"name":"wp","href":"https:\/\/api.w.org\/{rel}","templated":true}]}}