{"id":1218,"date":"2016-10-05T16:01:46","date_gmt":"2016-10-05T14:01:46","guid":{"rendered":"https:\/\/www.raum-blick.de\/magazin\/?p=1218"},"modified":"2022-05-24T19:15:23","modified_gmt":"2022-05-24T17:15:23","slug":"designikone-alvar-aalto","status":"publish","type":"post","link":"https:\/\/raum-blick.de\/magazin\/designikone-alvar-aalto\/","title":{"rendered":"Designikone Alvar Aalto"},"content":{"rendered":"<h2><span class=\"ez-toc-section\" id=\"%C2%AB_Praegender_Charakter_des_skandinavischen_Designs_%C2%BB\"><\/span>\u00ab Pr\u00e4gender Charakter des skandinavischen Designs \u00bb<span class=\"ez-toc-section-end\"><\/span><\/h2>\n<p style=\"text-align: justify;\"><strong>Wer in den Kollektionen der finnischen Marke Iittala st\u00f6bert, kann sich kaum der Faszination entziehen, die von der Aalto-Vase ausgeht. Unweigerlich ist die Neugier entfacht, welcher kreative Geist hinter dem Entwurf steht. Diese Aufmerksamkeit offenbart beeindruckend viele Aspekte rundum das skandinavischen Design, die internationale Kunstgeschichte und Alvar Aalto. In der Quintessenz ist es kaum zu glauben, dass einzelne Glas-Accessoires derart aussagekr\u00e4ftig und pr\u00e4gend sein k\u00f6nnen. <\/strong><\/p>\n<h2><span class=\"ez-toc-section\" id=\"Talentiert_und_offen_fuer_neue_Ideen\"><\/span>Talentiert und offen f\u00fcr neue Ideen<span class=\"ez-toc-section-end\"><\/span><\/h2>\n<p style=\"text-align: justify;\">Der 1898 geborene Alvar Aalto wuchs in einer liberalen Familie auf, die ihn neben der Schulbildung musikalisch und k\u00fcnstlerisch f\u00f6rderte. So entwickelte er fr\u00fch sein zeichnerisches Talent und entschied sich nach dem Abitur f\u00fcrs Architekturstudium am Polytechnikum in Helsinki. Aus seinem urspr\u00fcnglichen Traum von einer Anstellung in der finnischen Hauptstadt wurde nichts, was f\u00fcr das skandinavische Design als gl\u00fcckliche F\u00fcgung anzusehen ist.<\/p><div id=\"ez-toc-container\" class=\"ez-toc-v2_0_82_2 counter-hierarchy ez-toc-counter ez-toc-grey ez-toc-container-direction\">\n<div class=\"ez-toc-title-container\">\n<p class=\"ez-toc-title\" style=\"cursor:inherit\">Was hier auf Sie wartet<\/p>\n<span class=\"ez-toc-title-toggle\"><a href=\"#\" class=\"ez-toc-pull-right ez-toc-btn ez-toc-btn-xs ez-toc-btn-default ez-toc-toggle\" aria-label=\"Toggle Table of Content\"><span class=\"ez-toc-js-icon-con\"><span class=\"\"><span class=\"eztoc-hide\" style=\"display:none;\">Toggle<\/span><span class=\"ez-toc-icon-toggle-span\"><svg style=\"fill: #999;color:#999\" xmlns=\"http:\/\/www.w3.org\/2000\/svg\" class=\"list-377408\" width=\"20px\" height=\"20px\" viewBox=\"0 0 24 24\" fill=\"none\"><path d=\"M6 6H4v2h2V6zm14 0H8v2h12V6zM4 11h2v2H4v-2zm16 0H8v2h12v-2zM4 16h2v2H4v-2zm16 0H8v2h12v-2z\" fill=\"currentColor\"><\/path><\/svg><svg style=\"fill: #999;color:#999\" class=\"arrow-unsorted-368013\" xmlns=\"http:\/\/www.w3.org\/2000\/svg\" width=\"10px\" height=\"10px\" viewBox=\"0 0 24 24\" version=\"1.2\" baseProfile=\"tiny\"><path d=\"M18.2 9.3l-6.2-6.3-6.2 6.3c-.2.2-.3.4-.3.7s.1.5.3.7c.2.2.4.3.7.3h11c.3 0 .5-.1.7-.3.2-.2.3-.5.3-.7s-.1-.5-.3-.7zM5.8 14.7l6.2 6.3 6.2-6.3c.2-.2.3-.5.3-.7s-.1-.5-.3-.7c-.2-.2-.4-.3-.7-.3h-11c-.3 0-.5.1-.7.3-.2.2-.3.5-.3.7s.1.5.3.7z\"\/><\/svg><\/span><\/span><\/span><\/a><\/span><\/div>\n<nav><ul class='ez-toc-list ez-toc-list-level-1 ' ><li class='ez-toc-page-1 ez-toc-heading-level-2'><a class=\"ez-toc-link ez-toc-heading-1\" href=\"https:\/\/raum-blick.de\/magazin\/designikone-alvar-aalto\/#%C2%AB_Praegender_Charakter_des_skandinavischen_Designs_%C2%BB\" >\u00ab Pr\u00e4gender Charakter des skandinavischen Designs \u00bb<\/a><\/li><li class='ez-toc-page-1 ez-toc-heading-level-2'><a class=\"ez-toc-link ez-toc-heading-2\" href=\"https:\/\/raum-blick.de\/magazin\/designikone-alvar-aalto\/#Talentiert_und_offen_fuer_neue_Ideen\" >Talentiert und offen f\u00fcr neue Ideen<\/a><\/li><li class='ez-toc-page-1 ez-toc-heading-level-2'><a class=\"ez-toc-link ez-toc-heading-3\" href=\"https:\/\/raum-blick.de\/magazin\/designikone-alvar-aalto\/#Weltweit_geachteter_Pionier_des_organischen_Designs\" >Weltweit geachteter Pionier des organischen Designs<\/a><\/li><li class='ez-toc-page-1 ez-toc-heading-level-2'><a class=\"ez-toc-link ez-toc-heading-4\" href=\"https:\/\/raum-blick.de\/magazin\/designikone-alvar-aalto\/#Visionaer_und_Wegbereiter_fuer_das_skandinavische_Design\" >Vision\u00e4r und Wegbereiter f\u00fcr das skandinavische Design<\/a><\/li><li class='ez-toc-page-1 ez-toc-heading-level-2'><a class=\"ez-toc-link ez-toc-heading-5\" href=\"https:\/\/raum-blick.de\/magazin\/designikone-alvar-aalto\/#Aalto-Vasen_%E2%80%93_weit_mehr_als_Glas-Accessoires\" >Aalto-Vasen \u2013 weit mehr als Glas-Accessoires<\/a><\/li><li class='ez-toc-page-1 ez-toc-heading-level-2'><a class=\"ez-toc-link ez-toc-heading-6\" href=\"https:\/\/raum-blick.de\/magazin\/designikone-alvar-aalto\/#Formale_Punktlandung_fuer_individuelles_Ambiente\" >Formale Punktlandung f\u00fcr individuelles Ambiente<\/a><\/li><li class='ez-toc-page-1 ez-toc-heading-level-2'><a class=\"ez-toc-link ez-toc-heading-7\" href=\"https:\/\/raum-blick.de\/magazin\/designikone-alvar-aalto\/#Glasdesign_mit_Kult-Charakter_von_der_Traditionsmarke_Iittala\" >Glasdesign mit Kult-Charakter von der Traditionsmarke Iittala<\/a><\/li><\/ul><\/nav><\/div>\n\n<div class=\"brlbs-cmpnt-container brlbs-cmpnt-content-blocker brlbs-cmpnt-with-individual-styles\" data-borlabs-cookie-content-blocker-id=\"default\" data-borlabs-cookie-content=\"PGlmcmFtZSBzcmM9Imh0dHBzOi8vd3d3LnlvdXR1YmUuY29tL2VtYmVkL2dfMUV0X19JZU9vP3JlbD0wJmFtcDtjb250cm9scz0wIiB3aWR0aD0iNjQwIiBoZWlnaHQ9IjM2MCIgZnJhbWVib3JkZXI9IjAiIGFsbG93ZnVsbHNjcmVlbj0iYWxsb3dmdWxsc2NyZWVuIj48L2lmcmFtZT4=\">\n<div class=\"brlbs-cmpnt-cb-preset-a\">\n<p class=\"brlbs-cmpnt-cb-description\">Sie sehen gerade einen Platzhalterinhalt von <strong>Standard<\/strong>. Um auf den eigentlichen Inhalt zuzugreifen, klicken Sie auf den Button unten. Bitte beachten Sie, dass dabei Daten an Drittanbieter weitergegeben werden.<\/p>\n<div class=\"brlbs-cmpnt-cb-buttons\"> <a class=\"brlbs-cmpnt-cb-btn\" href=\"#\" data-borlabs-cookie-unblock role=\"button\">Inhalt entsperren<\/a> <a class=\"brlbs-cmpnt-cb-btn\" href=\"#\" data-borlabs-cookie-accept-service role=\"button\" style=\"display: none\">Erforderlichen Service akzeptieren und Inhalte entsperren<\/a> <\/div>\n<p> <a class=\"brlbs-cmpnt-cb-provider-toggle\" href=\"#\" data-borlabs-cookie-show-provider-information role=\"button\">Weitere Informationen<\/a> <\/div>\n<\/div>\n<p style=\"text-align: justify;\">Denn Alvar er\u00f6ffnete daraufhin ein eigenes B\u00fcro und unternahm Studienreisen nach D\u00e4nemark, Schweden, Frankreich und Holland, bei denen er sich von anderen K\u00fcnstlern und Architekten inspirieren lie\u00df. So traf er beispielsweise auf Vordenker wie den progressiven Architekturtheoretiker Le Corbusier, den Konstruktivisten Johannes Duiker, den kubistisch orientierten Fernand L\u00e9ger und den Bauhaus-Gr\u00fcnder Walter Gropius.<\/p>\n<h2><span class=\"ez-toc-section\" id=\"Weltweit_geachteter_Pionier_des_organischen_Designs\"><\/span>Weltweit geachteter Pionier des organischen Designs<span class=\"ez-toc-section-end\"><\/span><\/h2>\n<p style=\"text-align: justify;\">Dank dieser Begegnungen distanzierte sich Alvar fr\u00fch vom nordischen Klassizismus und \u00fcberraschte mit neuartigen Ans\u00e4tzen in seiner Architektur, der Raumgestaltung und dem Objekt-Design. Als Volltreffer erwies sich das Konzept f\u00fcr das Sanatorium von Paimio im Jahr 1929, das als Meilenstein der europ\u00e4ischen Architekturgeschichte gilt.<\/p>\n<div id=\"attachment_1222\" style=\"width: 610px\" class=\"wp-caption aligncenter\"><img loading=\"lazy\" decoding=\"async\" aria-describedby=\"caption-attachment-1222\" class=\"wp-image-1222 size-full\" title=\"Paimio Sanatorium in Finnland | Alvar Aalto\" src=\"https:\/\/www.raum-blick.de\/magazin\/wp-content\/uploads\/2016\/11\/Paimio-Sanatorium.jpg\" alt=\"Bildquelle: Flickr, &quot;Leon Liao&quot;; @wikipedia \u2013 File Upload Bot (Magnus Manske)\" width=\"600\" height=\"399\" srcset=\"https:\/\/raum-blick.de\/magazin\/wp-content\/uploads\/2016\/11\/Paimio-Sanatorium.jpg 600w, https:\/\/raum-blick.de\/magazin\/wp-content\/uploads\/2016\/11\/Paimio-Sanatorium-300x200.jpg 300w, https:\/\/raum-blick.de\/magazin\/wp-content\/uploads\/2016\/11\/Paimio-Sanatorium-310x205.jpg 310w\" sizes=\"(max-width: 600px) 100vw, 600px\" \/><p id=\"caption-attachment-1222\" class=\"wp-caption-text\">Bildquelle: Flickr, &#8222;Leon Liao&#8220;; @wikipedia \u2013 File Upload Bot (Magnus Manske)<\/p><\/div>\n<p style=\"text-align: justify;\">Bis heute geh\u00f6rt der Korbsessel Paimio, den Aalto ebenso f\u00fcr die Klinik entwarf, zu den Ikonen der M\u00f6belgeschichte. Von dem baulichen Meisterwerk ausgehend feilte der Designer an seinem aus heutiger Sicht unverkennbaren Stil, bei dem moderne Technologie, funktionale Anforderungen und avantgardistische Kunst verschmelzen. Seine organische Architektur fand international Beachtung, wodurch sich Auftr\u00e4ge f\u00fcr Bibliotheken, Konzerts\u00e4le und andere Bauprojekte in Europa und den USA entwickelten.<\/p>\n<div id=\"attachment_1228\" style=\"width: 610px\" class=\"wp-caption aligncenter\"><img loading=\"lazy\" decoding=\"async\" aria-describedby=\"caption-attachment-1228\" class=\"wp-image-1228 size-full\" title=\"Aalto-Theater in Essen | Alvar Aalto\" src=\"https:\/\/www.raum-blick.de\/magazin\/wp-content\/uploads\/2016\/11\/Aalto-Theater.jpg\" alt=\"@wikipedia \u2013 Wiki05\" width=\"600\" height=\"400\" srcset=\"https:\/\/raum-blick.de\/magazin\/wp-content\/uploads\/2016\/11\/Aalto-Theater.jpg 600w, https:\/\/raum-blick.de\/magazin\/wp-content\/uploads\/2016\/11\/Aalto-Theater-300x200.jpg 300w\" sizes=\"(max-width: 600px) 100vw, 600px\" \/><p id=\"caption-attachment-1228\" class=\"wp-caption-text\">@wikipedia \u2013 Wiki05<\/p><\/div>\n<p style=\"text-align: justify;\">Im Verlauf seiner Karriere gewann Alvar rund einhundert hochdotierte Wettbewerbe und setzte dabei wegweisende Entw\u00fcrfe in die Tat um. Repr\u00e4sentativ ist das Essener Aalto-Theater, das erst zw\u00f6lf Jahre nach seinem Tod fertiggestellt wurde. Welche Bedeutung dem Designer zukommt, spiegelt sich au\u00dferdem in zahlreichen Professuren und Ehrendoktortiteln von bedeutenden Universit\u00e4ten wider, zum Beispiel in Cambridge, in Princeton oder an der Columbia in New York.<\/p>\n<h2><span class=\"ez-toc-section\" id=\"Visionaer_und_Wegbereiter_fuer_das_skandinavische_Design\"><\/span><img loading=\"lazy\" decoding=\"async\" class=\"alignleft wp-image-1240 size-full\" title=\"ittala Alvar Aalto &quot;Savoy&quot; Vase | klar | H\u00f6he: 201 mm\" src=\"https:\/\/www.raum-blick.de\/magazin\/wp-content\/uploads\/2016\/11\/iittala-Alvar-Aalto-Savoy-Vase-klar-201-mm.jpg\" alt=\"iittala-alvar-aalto-savoy-vase-klar-201-mm\" width=\"176\" height=\"295\" \/>Vision\u00e4r und Wegbereiter f\u00fcr das skandinavische Design<span class=\"ez-toc-section-end\"><\/span><\/h2>\n<p style=\"text-align: justify;\">Wenn Sie eine Schw\u00e4che f\u00fcr typisch skandinavische Design-Objekte haben, ist die Euphorie bei der Begegnung mit der Aalto-Vase von Iittala vorprogrammiert. Denn Alvar brachte in den 1930er Jahren frische Impulse und den Funktionalismus nach Finnland. Sowohl in seiner Heimat als auch international wird er kunstgeschichtlich den einflussreichen Pionieren der Moderne zugeordnet. Bis heute ist es kennzeichnend f\u00fcr skandinavisches Design, dass die entworfenen Objekte direkt am Leben der Menschen andocken und sich wie ein \u00e4sthetisches Puzzlest\u00fcck in das reale Dasein einf\u00fcgen. Eben diese Symbiose von formsch\u00f6ner Kunst und fortschrittlicher Funktionalit\u00e4t ist f\u00fcr organische Entw\u00fcrfe ebenso typisch, wie f\u00fcr alle Arbeiten des Designers.<\/p>\n<p style=\"text-align: justify;\">F\u00fcr seine herausragenden Leistungen, die dem Modernismus den Weg bereiteten, wurde der finnische Designer 1939 von der franz\u00f6sischen Ehrenlegion gew\u00fcrdigt, in Schweden mit Prinz Eugens Medaille dekoriert und vom American Institute of Architects mit einer Goldmedaille bedacht. Dabei handelt es sich nur um einen Bruchteil der Auszeichnungen, die Alvar f\u00fcr seine Werke erhielt.<\/p>\n<h2><span class=\"ez-toc-section\" id=\"Aalto-Vasen_%E2%80%93_weit_mehr_als_Glas-Accessoires\"><\/span>Aalto-Vasen \u2013 weit mehr als Glas-Accessoires<span class=\"ez-toc-section-end\"><\/span><\/h2>\n<p style=\"text-align: justify;\">Sein Talent pr\u00e4gte nicht nur die Architektur, sondern auch M\u00f6bel und dekoratives Interieur nachhaltig. Wenn Kunsthistoriker den Beginn f\u00fcr das skandinavische Design der Moderne illustrieren m\u00f6chten, wird die Aalto-Vase als Symbol rekrutiert. Dadurch avanciert der dekorative Klassiker zum essentiellen Entwurf des finnischen K\u00fcnstlers und zum bedeutenden Glas-Accessoire der Designgeschichte. Im Jahr 1937 er\u00f6ffnete in der obersten Etage des Industrial Palace Buildings in Helsinki das exquisit und schick akzentuierte Restaurant Savoy seine Pforten. F\u00fcr dieses gastronomische Projekt, das sich in jedem Detail vom Mainstream abheben wollte, wurde das Architekten-Ehepaar Aalto engagiert.<\/p>\n<p style=\"text-align: justify;\"><img loading=\"lazy\" decoding=\"async\" class=\"aligncenter wp-image-1235 size-full\" title=\"iittala Alvar Aalto &quot;Savoy&quot; Vase | mundgeblasen | desert, klar, opalweiss\" src=\"https:\/\/www.raum-blick.de\/magazin\/wp-content\/uploads\/2016\/11\/iittala-Alvar-Aalto-Savoy-Vase.jpg\" alt=\"iittala-alvar-aalto-savoy-vase\" width=\"600\" height=\"193\" srcset=\"https:\/\/raum-blick.de\/magazin\/wp-content\/uploads\/2016\/11\/iittala-Alvar-Aalto-Savoy-Vase.jpg 600w, https:\/\/raum-blick.de\/magazin\/wp-content\/uploads\/2016\/11\/iittala-Alvar-Aalto-Savoy-Vase-300x97.jpg 300w\" sizes=\"(max-width: 600px) 100vw, 600px\" \/><\/p>\n<p style=\"text-align: justify;\">F\u00fcr die distinktiven Feinheiten war ein skurril anmutendes Blumengef\u00e4\u00df gedacht, das 1937 bei der Pariser Weltausstellung als Savoy-Vase erstmals der \u00d6ffentlichkeit vorgestellt wurde. Progressiv war die flie\u00dfende Form mit asymmetrisch variierenden Ausbuchtungen und unterschiedlich ausgepr\u00e4gten Wellen. Vermutlich lie\u00df sich der Designer von der finnischen Seenlandschaft und den nat\u00fcrlichen Umrissen eines Baumstamms inspirieren.<\/p>\n<div class=\"brlbs-cmpnt-container brlbs-cmpnt-content-blocker brlbs-cmpnt-with-individual-styles\" data-borlabs-cookie-content-blocker-id=\"default\" data-borlabs-cookie-content=\"PGlmcmFtZSBzcmM9Imh0dHBzOi8vd3d3LnlvdXR1YmUuY29tL2VtYmVkLzZJOXVjNk1hUEZNP3JlbD0wJmFtcDtjb250cm9scz0wIiB3aWR0aD0iNjQwIiBoZWlnaHQ9IjM2MCIgZnJhbWVib3JkZXI9IjAiIGFsbG93ZnVsbHNjcmVlbj0iYWxsb3dmdWxsc2NyZWVuIj48L2lmcmFtZT4=\">\n<div class=\"brlbs-cmpnt-cb-preset-a\">\n<p class=\"brlbs-cmpnt-cb-description\">Sie sehen gerade einen Platzhalterinhalt von <strong>Standard<\/strong>. Um auf den eigentlichen Inhalt zuzugreifen, klicken Sie auf den Button unten. Bitte beachten Sie, dass dabei Daten an Drittanbieter weitergegeben werden.<\/p>\n<div class=\"brlbs-cmpnt-cb-buttons\"> <a class=\"brlbs-cmpnt-cb-btn\" href=\"#\" data-borlabs-cookie-unblock role=\"button\">Inhalt entsperren<\/a> <a class=\"brlbs-cmpnt-cb-btn\" href=\"#\" data-borlabs-cookie-accept-service role=\"button\" style=\"display: none\">Erforderlichen Service akzeptieren und Inhalte entsperren<\/a> <\/div>\n<p> <a class=\"brlbs-cmpnt-cb-provider-toggle\" href=\"#\" data-borlabs-cookie-show-provider-information role=\"button\">Weitere Informationen<\/a> <\/div>\n<\/div>\n<p style=\"text-align: justify;\">Au\u00dferdem ist der Nachname Aalto in der Landessprache der Begriff f\u00fcr eine Welle, sodass sich ein weiterer Link zwischen Person und Form der ber\u00fchmten Vase ergibt. Iittala war anfangs nur f\u00fcr die Herstellung der Vase verantwortlich.<\/p>\n<h2><span class=\"ez-toc-section\" id=\"Formale_Punktlandung_fuer_individuelles_Ambiente\"><\/span><img loading=\"lazy\" decoding=\"async\" class=\"alignright wp-image-1254 size-full\" title=\"iittala Alvar Aalto &quot;Votive&quot; Windlicht | klar | H\u00f6he: 55 mm\" src=\"https:\/\/www.raum-blick.de\/magazin\/wp-content\/uploads\/2016\/11\/iittala-Alvar-Aalto-Votive-Windlicht.jpg\" alt=\"iittala-alvar-aalto-votive-windlicht\" width=\"256\" height=\"205\" \/>Formale Punktlandung f\u00fcr individuelles Ambiente<span class=\"ez-toc-section-end\"><\/span><\/h2>\n<p style=\"text-align: justify;\">Bemerkenswert ist aber nicht nur der \u00e4sthetische Eindruck der Aalto-Vase. Die Umsetzung des Entwurfs war f\u00fcr die Meister der Glash\u00fctte Iittala eine Herausforderung. Deshalb waren technologische Weiterentwicklungen und mehrere Glasbl\u00e4ser f\u00fcr die aufwendige Herstellung der ersten Vasen notwendig. Durch die wellenf\u00f6rmige Silhouette und die Eigenschaften des Werkstoffs ergeben sich bei der Fertigung von selbst hellere und dunklere Partien, die den faszinierenden Charakter der Glas-Accessoires unterstreichen. Zugleich wirkt sich das organische Konzept positiv auf die Funktionalit\u00e4t und die floristische Dekoration aus: Dank der kleineren und gr\u00f6\u00dferen Ausbuchtungen k\u00f6nnen Blumen ungew\u00f6hnlich und stets anders arrangiert werden.<\/p>\n<p style=\"text-align: justify;\">So ergibt sich viel Freiheit bei der individuellen Gestaltung. Nicht zuletzt begr\u00fcndet dieser funktionale Effekt, dass die Vasen zum exklusiven Markenzeichen vom Savoy wurden und bis heute zu den erfolgreichen Produkten von Iittala geh\u00f6ren. Wenngleich einige Hersteller das skandinavische Design aufgegriffen haben, h\u00e4lt lediglich Iittala bei den Glas-Accessoires an dem origin\u00e4ren Entwurf mit seinen betont asymmetrischen Wellen fest.<\/p>\n<h2><span class=\"ez-toc-section\" id=\"Glasdesign_mit_Kult-Charakter_von_der_Traditionsmarke_Iittala\"><\/span><img loading=\"lazy\" decoding=\"async\" class=\"alignleft wp-image-1246 size-full\" title=\"iittala Alvar Aalto &quot;Aino&quot; Glas | klar | 2er-Set\" src=\"https:\/\/www.raum-blick.de\/magazin\/wp-content\/uploads\/2016\/11\/ittala-Aino-Aalto-Glas-2er-Set.jpg\" alt=\"ittala-aino-aalto-glas-2er-set\" width=\"206\" height=\"295\" \/>Glasdesign mit Kult-Charakter von der Traditionsmarke Iittala<span class=\"ez-toc-section-end\"><\/span><\/h2>\n<p style=\"text-align: justify;\">Die eindrucksvolle Story rund um die Aalto-Vase h\u00e4tte sich ohne die kreative Kraft einer weiteren K\u00fcnstlerin vielleicht nicht ereignet. In den ersten Jahrzehnten ging der finnische Designer nahezu alle Projekte gemeinsam mit seiner Ehefrau Aino Aalto an. Sie selbst war au\u00dfergew\u00f6hnlich talentiert und stellte mit ihren Entw\u00fcrfen alles infrage, woran das damalige Publikum gew\u00f6hnt war. Mitunter trat sie bei Wettbewerben gegen ihren Mann an und ging als Gewinnerin hervor. Wenn Sie das Aino Aalto Glas aus dem Sortiment von Iittala betrachten, wirkt der skandinavische Entwurf auf Anhieb sehr vertraut.<\/p>\n<p style=\"text-align: justify;\">Ganz anders war die Wahrnehmung, als der Gewinner der Mail\u00e4nder Triennale erstmals pr\u00e4sentiert wurde. In den 1930er Jahren war der minimalistische Dekor mit organischem Bezug auf fl\u00fcssige Substanzen radikal. Die 1949 verstorbene Designerin abstrahierte f\u00fcr die pure \u00c4sthetik die Ringe, die beim Hineinwerfen eines Steins an der Wasseroberfl\u00e4che eines Sees entstehen. Ebenso forsch reduzierte sie die Formsprache der damals \u00fcblichen Glaswaren, damit die Gef\u00e4\u00dfe platzsparend stapelbar und f\u00fcr verschiedenste Nutzungsmuster offen sind. Dass Aino mit dieser \u00e4sthetischen Geradlinigkeit und alltagsnahen Funktionalit\u00e4t den richtigen Weg einschlug, konnten sich ihre zeitgen\u00f6ssischen Kritiker nicht vorstellen. Der Beweis f\u00fcrs stilistische Gesp\u00fcr liegt vor: Seit rund 80 Jahren erg\u00e4nzen die Aino Aalto Gl\u00e4ser erfolgreich die Iittala-Kollektion.<\/p>\n","protected":false},"excerpt":{"rendered":"<p>\u00ab Pr\u00e4gender Charakter des skandinavischen Designs \u00bb Wer in den Kollektionen der finnischen Marke Iittala st\u00f6bert, kann sich kaum der Faszination entziehen, die von der Aalto-Vase ausgeht. Unweigerlich ist die Neugier entfacht, welcher kreative Geist hinter dem Entwurf steht. Diese Aufmerksamkeit offenbart beeindruckend viele Aspekte rundum das skandinavischen Design, die internationale Kunstgeschichte und Alvar Aalto. [&hellip;]<\/p>\n","protected":false},"author":4,"featured_media":1220,"comment_status":"closed","ping_status":"open","sticky":false,"template":"","format":"standard","meta":{"_et_pb_use_builder":"","_et_pb_old_content":"","_et_gb_content_width":"","inline_featured_image":false,"footnotes":""},"categories":[8],"tags":[145,14,147,23,146,148,27],"class_list":["post-1218","post","type-post","status-publish","format-standard","has-post-thumbnail","hentry","category-features","tag-alvar-aalto","tag-ausstattung","tag-glaeser","tag-iittala","tag-vasen","tag-windlichter","tag-wohnaccessoires"],"_links":{"self":[{"href":"https:\/\/raum-blick.de\/magazin\/wp-json\/wp\/v2\/posts\/1218","targetHints":{"allow":["GET"]}}],"collection":[{"href":"https:\/\/raum-blick.de\/magazin\/wp-json\/wp\/v2\/posts"}],"about":[{"href":"https:\/\/raum-blick.de\/magazin\/wp-json\/wp\/v2\/types\/post"}],"author":[{"embeddable":true,"href":"https:\/\/raum-blick.de\/magazin\/wp-json\/wp\/v2\/users\/4"}],"replies":[{"embeddable":true,"href":"https:\/\/raum-blick.de\/magazin\/wp-json\/wp\/v2\/comments?post=1218"}],"version-history":[{"count":36,"href":"https:\/\/raum-blick.de\/magazin\/wp-json\/wp\/v2\/posts\/1218\/revisions"}],"predecessor-version":[{"id":16284,"href":"https:\/\/raum-blick.de\/magazin\/wp-json\/wp\/v2\/posts\/1218\/revisions\/16284"}],"wp:featuredmedia":[{"embeddable":true,"href":"https:\/\/raum-blick.de\/magazin\/wp-json\/wp\/v2\/media\/1220"}],"wp:attachment":[{"href":"https:\/\/raum-blick.de\/magazin\/wp-json\/wp\/v2\/media?parent=1218"}],"wp:term":[{"taxonomy":"category","embeddable":true,"href":"https:\/\/raum-blick.de\/magazin\/wp-json\/wp\/v2\/categories?post=1218"},{"taxonomy":"post_tag","embeddable":true,"href":"https:\/\/raum-blick.de\/magazin\/wp-json\/wp\/v2\/tags?post=1218"}],"curies":[{"name":"wp","href":"https:\/\/api.w.org\/{rel}","templated":true}]}}