{"id":12163,"date":"2021-01-25T14:21:19","date_gmt":"2021-01-25T13:21:19","guid":{"rendered":"https:\/\/www.raum-blick.de\/magazin\/?p=12163"},"modified":"2022-02-23T13:43:13","modified_gmt":"2022-02-23T12:43:13","slug":"wenn-jonathan-adler-die-muse-kuesst","status":"publish","type":"post","link":"https:\/\/raum-blick.de\/magazin\/wenn-jonathan-adler-die-muse-kuesst\/","title":{"rendered":"Wenn Jonathan Adler die Muse k\u00fcsst&#8230;"},"content":{"rendered":"<p style=\"text-align: justify;\"><strong>&#8230;sind die Gl\u00fccksgef\u00fchle zum Greifen nah. Dazu verleitet der popul\u00e4re Keramik-K\u00fcnstler. Wer es minimalistisch, angepasst oder maskulin mag, f\u00fchlt sich von seinem Stil zun\u00e4chst irritiert. Der erste Eindruck schl\u00e4gt in Begeisterung um, wenn man sich darauf einl\u00e4sst: Jede <\/strong><a href=\"https:\/\/www.raum-blick.de\/jonathan-adler-gilded-muse-dora-maar-urn-vase\"><strong>Muse Vase<\/strong><\/a><strong> widmet sich einer inspirierenden Frau. So verleiht <\/strong><a href=\"https:\/\/www.raum-blick.de\/jonathan-adler\/\"><strong>Jonathan Adler<\/strong><\/a><strong> dem &#8222;Happy Chic&#8220; einen tiefsinnigen Touch, der allen Wohnwelten gut steht.<\/strong><\/p>\n<h2><span class=\"ez-toc-section\" id=\"Hommage_an_starke_Frauen\"><\/span>Hommage an starke Frauen<span class=\"ez-toc-section-end\"><\/span><\/h2>\n<p style=\"text-align: justify;\">Geht es ums Dekorieren, haben Frauen immer Recht. Davon ist der amerikanische Designer \u00fcberzeugt. Der femininen Fraktion gef\u00e4llt nicht nur das Statement. Mit vielen Vasen und Accessoires w\u00fcrdigt Jonathan Adler die Muse, die weltber\u00fchmte K\u00fcnstler motivierte. So bietet er der Frauenpower eine B\u00fchne. Die r\u00e4tselhafte Aura von Dora Maar begeisterte Picasso. Kiki de Montparnasse gelang es, ihre verarmte Kinderstube hinter sich zu lassen. In der Pariser Boh\u00e8me stachelte sie die kreative Ader einer facettenreichen K\u00fcnstlerschar an. Selbst avancierte sie zur Schauspielerin in Experimentalfilmen von Man Ray. Ravel und Renoir sind nur zwei der zahlreichen Ber\u00fchmtheiten, die Misia Sert inspirierte.<\/p><div id=\"ez-toc-container\" class=\"ez-toc-v2_0_82_2 counter-hierarchy ez-toc-counter ez-toc-grey ez-toc-container-direction\">\n<div class=\"ez-toc-title-container\">\n<p class=\"ez-toc-title\" style=\"cursor:inherit\">Was hier auf Sie wartet<\/p>\n<span class=\"ez-toc-title-toggle\"><a href=\"#\" class=\"ez-toc-pull-right ez-toc-btn ez-toc-btn-xs ez-toc-btn-default ez-toc-toggle\" aria-label=\"Toggle Table of Content\"><span class=\"ez-toc-js-icon-con\"><span class=\"\"><span class=\"eztoc-hide\" style=\"display:none;\">Toggle<\/span><span class=\"ez-toc-icon-toggle-span\"><svg style=\"fill: #999;color:#999\" xmlns=\"http:\/\/www.w3.org\/2000\/svg\" class=\"list-377408\" width=\"20px\" height=\"20px\" viewBox=\"0 0 24 24\" fill=\"none\"><path d=\"M6 6H4v2h2V6zm14 0H8v2h12V6zM4 11h2v2H4v-2zm16 0H8v2h12v-2zM4 16h2v2H4v-2zm16 0H8v2h12v-2z\" fill=\"currentColor\"><\/path><\/svg><svg style=\"fill: #999;color:#999\" class=\"arrow-unsorted-368013\" xmlns=\"http:\/\/www.w3.org\/2000\/svg\" width=\"10px\" height=\"10px\" viewBox=\"0 0 24 24\" version=\"1.2\" baseProfile=\"tiny\"><path d=\"M18.2 9.3l-6.2-6.3-6.2 6.3c-.2.2-.3.4-.3.7s.1.5.3.7c.2.2.4.3.7.3h11c.3 0 .5-.1.7-.3.2-.2.3-.5.3-.7s-.1-.5-.3-.7zM5.8 14.7l6.2 6.3 6.2-6.3c.2-.2.3-.5.3-.7s-.1-.5-.3-.7c-.2-.2-.4-.3-.7-.3h-11c-.3 0-.5.1-.7.3-.2.2-.3.5-.3.7s.1.5.3.7z\"\/><\/svg><\/span><\/span><\/span><\/a><\/span><\/div>\n<nav><ul class='ez-toc-list ez-toc-list-level-1 ' ><li class='ez-toc-page-1 ez-toc-heading-level-2'><a class=\"ez-toc-link ez-toc-heading-1\" href=\"https:\/\/raum-blick.de\/magazin\/wenn-jonathan-adler-die-muse-kuesst\/#Hommage_an_starke_Frauen\" >Hommage an starke Frauen<\/a><\/li><li class='ez-toc-page-1 ez-toc-heading-level-2'><a class=\"ez-toc-link ez-toc-heading-2\" href=\"https:\/\/raum-blick.de\/magazin\/wenn-jonathan-adler-die-muse-kuesst\/#Subversive_Keramik_aus_den_USA\" >Subversive Keramik aus den USA<\/a><\/li><li class='ez-toc-page-1 ez-toc-heading-level-2'><a class=\"ez-toc-link ez-toc-heading-3\" href=\"https:\/\/raum-blick.de\/magazin\/wenn-jonathan-adler-die-muse-kuesst\/#Ausdruckskraft_statt_Purismus\" >Ausdruckskraft statt Purismus<\/a><\/li><li class='ez-toc-page-1 ez-toc-heading-level-2'><a class=\"ez-toc-link ez-toc-heading-4\" href=\"https:\/\/raum-blick.de\/magazin\/wenn-jonathan-adler-die-muse-kuesst\/#Lebensfreude_durch_Selbstverwirklichung\" >Lebensfreude durch Selbstverwirklichung<\/a><\/li><\/ul><\/nav><\/div>\n\n<p><img loading=\"lazy\" decoding=\"async\" class=\"alignnone wp-image-12165 size-full\" title=\"Jonathan Adler \u2013 Kikis Derriere Vase\" src=\"https:\/\/www.raum-blick.de\/magazin\/wp-content\/uploads\/2021\/01\/jonathan-adler-kikis-derriere-blumenvase_62163T4fIsnOnsc7pQ-1.jpg\" alt=\"Jonathan Adler \u2013 Kikis Derriere Vase\" width=\"620\" height=\"620\" srcset=\"https:\/\/raum-blick.de\/magazin\/wp-content\/uploads\/2021\/01\/jonathan-adler-kikis-derriere-blumenvase_62163T4fIsnOnsc7pQ-1.jpg 620w, https:\/\/raum-blick.de\/magazin\/wp-content\/uploads\/2021\/01\/jonathan-adler-kikis-derriere-blumenvase_62163T4fIsnOnsc7pQ-1-300x300.jpg 300w, https:\/\/raum-blick.de\/magazin\/wp-content\/uploads\/2021\/01\/jonathan-adler-kikis-derriere-blumenvase_62163T4fIsnOnsc7pQ-1-150x150.jpg 150w\" sizes=\"(max-width: 620px) 100vw, 620px\" \/><\/p>\n<p style=\"text-align: justify;\">Bis heute f\u00fchlt man sich von der Muse gek\u00fcsst, wenn man die Arbeiten bedeutender K\u00fcnstlerinnen betrachtet. Nach einem lebensver\u00e4ndernden Unfall entdeckte Frida Kahlo ihre Leidenschaft f\u00fcr die Kunst. Die mexikanische Malerin meisterte ihr Schicksal und stand zu ihren optischen Merkmalen. Das spiegeln die ausdrucksstarken Selbstportr\u00e4ts mit buschigen Augenbrauen und Damenbart wider. Die gegenst\u00e4ndlichen Malereien von Georgia O&#8217;Keeffe sind genauso beeindruckend wie ihre unaufh\u00f6rliche Lebenslust: Mit \u00fcber 80 Jahren startete die international gesch\u00e4tzte US-K\u00fcnstlerin in den 1960ern zur Weltreise durch. Die Streiflichter zeigen: Wer sich mit Muse Vasen von Jonathan Adler umgibt, darf sich auf faszinierende Begegnungen freuen.<\/p>\n<h2><span class=\"ez-toc-section\" id=\"Subversive_Keramik_aus_den_USA\"><\/span>Subversive Keramik aus den USA<span class=\"ez-toc-section-end\"><\/span><\/h2>\n<p style=\"text-align: justify;\">Gewiss g\u00e4be es moderate Gestaltungsideen, um die Wohnaccessoires mit einer Message zu verkn\u00fcpfen. Jonathan Adler entscheidet sich dagegen.<\/p>\n<blockquote>\n<p style=\"text-align: justify;\">Denn aus seiner Sicht hat das Unangepasste die Nase vorn.<\/p>\n<\/blockquote>\n<p style=\"text-align: justify;\">Er \u00fcberrascht mit einer gro\u00dfz\u00fcgigen Portion stilvoller Erotik. Daf\u00fcr ist die <a href=\"https:\/\/www.raum-blick.de\/jonathan-adler-muse-edie-vase\">Vase Muse Edie<\/a> ein exzellentes Beispiel, die Edie Sedgwick gewidmet ist. Sie stie\u00df Trends an, die noch immer anhalten. Das Model gilt als Wegbereiterin vom &#8222;kleinen Schwarzen&#8220;. Es ist bis heute das Ass im \u00c4rmel der modebewussten Frau. F\u00fcr Andy Warhol war die Kalifornierin eine Muse. Zeitzeugen verglichen ihren unkomplizierten Charakter mit einer fr\u00fchlingshaften Frische. Die Figur des Mannequins war attraktiv, aber nicht betont weiblich. Beides thematisiert Jonathan Adler bei der Vase Muse Edie mit eher knabenhafter Taille, knackigem Po und treffend platzierter Bl\u00fcte.<\/p>\n<p><a href=\"https:\/\/www.raum-blick.de\/jonathan-adler-muse-edie-vase\"><img loading=\"lazy\" decoding=\"async\" class=\"alignnone wp-image-12164 size-full\" title=\"Jonathan Adler \u2013 Muse Edie Vase\" src=\"https:\/\/www.raum-blick.de\/magazin\/wp-content\/uploads\/2021\/01\/jonathan-adler-edie-muse-vase_62184zAhVM6MmBzxhP-1.jpg\" alt=\"Jonathan Adler \u2013 Muse Edie Vase\" width=\"620\" height=\"620\" srcset=\"https:\/\/raum-blick.de\/magazin\/wp-content\/uploads\/2021\/01\/jonathan-adler-edie-muse-vase_62184zAhVM6MmBzxhP-1.jpg 620w, https:\/\/raum-blick.de\/magazin\/wp-content\/uploads\/2021\/01\/jonathan-adler-edie-muse-vase_62184zAhVM6MmBzxhP-1-300x300.jpg 300w, https:\/\/raum-blick.de\/magazin\/wp-content\/uploads\/2021\/01\/jonathan-adler-edie-muse-vase_62184zAhVM6MmBzxhP-1-150x150.jpg 150w\" sizes=\"(max-width: 620px) 100vw, 620px\" \/><\/a><\/p>\n<p style=\"text-align: justify;\">Der erfolgreiche US-Designer entwirft Keramik mit Kunstanspruch. Es w\u00e4re \u00fcberraschend, wenn er ohne Muse ausk\u00e4me. Laut Markenphilosophie z\u00e4hlt die legend\u00e4re Designerin Bonnie Cashin ebenso dazu wie Madonna. Mitunter spiegelt sich die Inspirationsquelle im Entwurf wider: Eine Schlange ist um den Fu\u00df des <a href=\"https:\/\/www.raum-blick.de\/jonathan-adler-eve-kerzenhalter\">Kerzenhalters Eve<\/a> gewickelt, der wie eine weibliche Hand geformt ist. Verf\u00fchrerisch erscheint der Kelch, den sie pr\u00e4sentiert. Er r\u00fcckt die Stabkerze ins Rampenlicht, die f\u00fcr romantisches Flair sorgt. Entz\u00fcckend unkonventionell erinnert das Wohnaccessoire an Eva und ihren Fauxpas im Paradies.<\/p>\n<p><a href=\"https:\/\/www.raum-blick.de\/jonathan-adler-eve-kerzenhalter\"><img loading=\"lazy\" decoding=\"async\" class=\"alignnone wp-image-12166 size-full\" title=\"Jonathan Adler \u2013 Eve Kerzenhalter\" src=\"https:\/\/www.raum-blick.de\/magazin\/wp-content\/uploads\/2021\/01\/jonathan-adler-eve-candle-holder_62338bctgs8JdSH6tO-1.jpg\" alt=\"Jonathan Adler \u2013 Eve Kerzenhalter\" width=\"620\" height=\"620\" srcset=\"https:\/\/raum-blick.de\/magazin\/wp-content\/uploads\/2021\/01\/jonathan-adler-eve-candle-holder_62338bctgs8JdSH6tO-1.jpg 620w, https:\/\/raum-blick.de\/magazin\/wp-content\/uploads\/2021\/01\/jonathan-adler-eve-candle-holder_62338bctgs8JdSH6tO-1-300x300.jpg 300w, https:\/\/raum-blick.de\/magazin\/wp-content\/uploads\/2021\/01\/jonathan-adler-eve-candle-holder_62338bctgs8JdSH6tO-1-150x150.jpg 150w\" sizes=\"(max-width: 620px) 100vw, 620px\" \/><\/a><\/p>\n<h2><span class=\"ez-toc-section\" id=\"Ausdruckskraft_statt_Purismus\"><\/span>Ausdruckskraft statt Purismus<span class=\"ez-toc-section-end\"><\/span><\/h2>\n<p style=\"text-align: justify;\">Farben k\u00f6nnen sich unvorteilhaft bei\u00dfen. Von der verbreiteten Auffassung h\u00e4lt der Objektk\u00fcnstler nichts. Gleiches gilt f\u00fcr einen beliebten Wohntrend der Gegenwart. Pointiert res\u00fcmiert er: Minimalismus ist Mist. Ber\u00fccksichtigt man die Statements, wirkt seine Keramik \u00fcberraschend dezent. Durchweg w\u00e4hlt Jonathan Adler f\u00fcr die Muse-Kollektion wei\u00dfes Porzellan. Die Glasur verleiht den Accessoires einen edlen Akzent. Beides verst\u00e4rkt die Wirkung der skulpturalen Darstellungen.<\/p>\n<p><a href=\"https:\/\/www.raum-blick.de\/jonathan-adler-gigant-gala-vase\"><img loading=\"lazy\" decoding=\"async\" class=\"alignnone wp-image-12169 size-full\" title=\"Jonathan Adler \u2013 Gigant Gala Vase\" src=\"https:\/\/www.raum-blick.de\/magazin\/wp-content\/uploads\/2021\/01\/jonathan-adler-giant-gala-vase-blumen_62334fTXavjOvuZFbN-1.jpg\" alt=\"Jonathan Adler \u2013 Gigant Gala Vase\" width=\"620\" height=\"620\" srcset=\"https:\/\/raum-blick.de\/magazin\/wp-content\/uploads\/2021\/01\/jonathan-adler-giant-gala-vase-blumen_62334fTXavjOvuZFbN-1.jpg 620w, https:\/\/raum-blick.de\/magazin\/wp-content\/uploads\/2021\/01\/jonathan-adler-giant-gala-vase-blumen_62334fTXavjOvuZFbN-1-300x300.jpg 300w, https:\/\/raum-blick.de\/magazin\/wp-content\/uploads\/2021\/01\/jonathan-adler-giant-gala-vase-blumen_62334fTXavjOvuZFbN-1-150x150.jpg 150w\" sizes=\"(max-width: 620px) 100vw, 620px\" \/><\/a><\/p>\n<p style=\"text-align: justify;\">Einen Hauch von Glamour g\u00f6nnt der Objektdesigner einzelnen Keramikarbeiten wie der <a href=\"https:\/\/www.raum-blick.de\/jonathan-adler-muse-giant-dora-maar-vase\">Muse Giant Dora Maar Vase<\/a>. Das gilt zum Beispiel ebenso f\u00fcr die Porzellanvase, mit der er Gala seinen Respekt zollt: Sie war die Ehefrau, die Salvador Dal\u00ed zum Siegeszug verhalf. \u00dcber 50 Jahre hinweg managte sie im Alleingang fast alle gesch\u00e4ftlichen Angelegenheit f\u00fcr ihn. Zudem stie\u00df sie als Muse k\u00fcnstlerische Ideen an. So scheinen die unz\u00e4hligen Lippen und Goldakzente gerade genug, um ihre Power zu w\u00fcrdigen. Kunstfans ist klar, dass der Kussmund gleichzeitig auf ein typisches Motiv ihres multitalentierten Ehemanns verweist.<\/p>\n<p><a href=\"https:\/\/www.raum-blick.de\/jonathan-adler-muse-giant-dora-maar-vase\"><img loading=\"lazy\" decoding=\"async\" class=\"alignnone wp-image-12167\" title=\"Jonathan Adler \u2013 Muse Giant Dora Maar Vase\" src=\"https:\/\/www.raum-blick.de\/magazin\/wp-content\/uploads\/2021\/01\/jonathan-adler-gilded-group_61847o11Ma3cW1EYVf-1.jpg\" alt=\"Jonathan Adler \u2013 Muse Giant Dora Maar Vase\" width=\"620\" height=\"620\" srcset=\"https:\/\/raum-blick.de\/magazin\/wp-content\/uploads\/2021\/01\/jonathan-adler-gilded-group_61847o11Ma3cW1EYVf-1.jpg 850w, https:\/\/raum-blick.de\/magazin\/wp-content\/uploads\/2021\/01\/jonathan-adler-gilded-group_61847o11Ma3cW1EYVf-1-300x300.jpg 300w, https:\/\/raum-blick.de\/magazin\/wp-content\/uploads\/2021\/01\/jonathan-adler-gilded-group_61847o11Ma3cW1EYVf-1-150x150.jpg 150w, https:\/\/raum-blick.de\/magazin\/wp-content\/uploads\/2021\/01\/jonathan-adler-gilded-group_61847o11Ma3cW1EYVf-1-768x768.jpg 768w\" sizes=\"(max-width: 620px) 100vw, 620px\" \/><\/a><\/p>\n<h2><span class=\"ez-toc-section\" id=\"Lebensfreude_durch_Selbstverwirklichung\"><\/span>Lebensfreude durch Selbstverwirklichung<span class=\"ez-toc-section-end\"><\/span><\/h2>\n<p style=\"text-align: justify;\">Richtet man den Zoom auf die Vita, wird Jonathan Adler selbst zur Muse. Schon als Junge entdeckte er die Liebe zur T\u00f6pferei. Sie blendete er aus, als er sich f\u00fcr ein Studienfach entschied. Das interessierte ihn jedoch kaum. Stattdessen \u00fcbte die benachbarte Designschule eine hohe Anziehungskraft aus. Desillusionierend war dort die Reaktion auf seine Fr\u00fchwerke. Ein Professor urteilte, dass sich darin kein Talent zeigt. Er riet deshalb zur klassischen Laufbahn. Hauptberuflich nahm Jonathan Adler den Rat an, f\u00fchlte sich von der T\u00e4tigkeit aber gestresst. Nebenher hielt er am T\u00f6pfern fest und verbesserte seine F\u00e4higkeiten.<\/p>\n<p><a href=\"https:\/\/www.raum-blick.de\/jonathan-adler-mr.-mrs.-muse-tasse\"><img loading=\"lazy\" decoding=\"async\" class=\"alignnone wp-image-12170 size-full\" title=\"Jonathan Adler \u2013 Mr. &amp; Mrs. Muse Tasse\" src=\"https:\/\/www.raum-blick.de\/magazin\/wp-content\/uploads\/2021\/01\/jonathan-adler-mr-mrs-muse-tasse_62238oxZAQkzjmVzox-1.jpg\" alt=\"Jonathan Adler \u2013 Mr. &amp; Mrs. Muse Tasse\" width=\"620\" height=\"620\" srcset=\"https:\/\/raum-blick.de\/magazin\/wp-content\/uploads\/2021\/01\/jonathan-adler-mr-mrs-muse-tasse_62238oxZAQkzjmVzox-1.jpg 620w, https:\/\/raum-blick.de\/magazin\/wp-content\/uploads\/2021\/01\/jonathan-adler-mr-mrs-muse-tasse_62238oxZAQkzjmVzox-1-300x300.jpg 300w, https:\/\/raum-blick.de\/magazin\/wp-content\/uploads\/2021\/01\/jonathan-adler-mr-mrs-muse-tasse_62238oxZAQkzjmVzox-1-150x150.jpg 150w\" sizes=\"(max-width: 620px) 100vw, 620px\" \/><\/a><\/p>\n<p style=\"text-align: justify;\">Das zahlte sich aus: Im Jahr 1993 weckte seine Keramik das Interesse einer luxuri\u00f6sen Kaufhauskette. Er hing den ungeliebten Beruf an den Nagel und gr\u00fcndete enthusiastisch ein Unternehmen. Den Durchbruch befl\u00fcgelte die Zusammenarbeit mit Aid to Artisans. Die Non-Profit-Organisation bescherte nicht nur bedeutende Kontakte zu peruanischen Kunsthandwerkern. Durch die Eindr\u00fccke in S\u00fcdamerika ergaben sich kreative Impulse am laufenden Band. Nach der Korrektur des Lebenslaufs ist Jonathan Adler nicht nur enorm erfolgreich. Er ist rundum gl\u00fccklich. Das l\u00e4sst sich an seinen Designkollektionen ablesen. Sie bekennen sich so mutig zum lebensbejahenden Einrichtungstrend &#8222;Happy Chic&#8220; wie er selbst zu seiner Passion. Das inspiriert dazu, die eigenen Tr\u00e4ume zu verwirklichen. Falls das gelingt, entspricht der allgegenw\u00e4rtige Purismus vielleicht nicht mehr dem Lebensgef\u00fchl. Dann sind die Designobjekte der exklusiven US-Trendmarke ideal, um die Raumgestaltung kr\u00e4ftig aufzupeppen.<\/p>\n","protected":false},"excerpt":{"rendered":"<p>&#8230;sind die Gl\u00fccksgef\u00fchle zum Greifen nah. Dazu verleitet der popul\u00e4re Keramik-K\u00fcnstler. Wer es minimalistisch, angepasst oder maskulin mag, f\u00fchlt sich von seinem Stil zun\u00e4chst irritiert. Der erste Eindruck schl\u00e4gt in Begeisterung um, wenn man sich darauf einl\u00e4sst: Jede Muse Vase widmet sich einer inspirierenden Frau. So verleiht Jonathan Adler dem &#8222;Happy Chic&#8220; einen tiefsinnigen Touch, [&hellip;]<\/p>\n","protected":false},"author":4,"featured_media":12173,"comment_status":"closed","ping_status":"open","sticky":false,"template":"","format":"standard","meta":{"_et_pb_use_builder":"","_et_pb_old_content":"","_et_gb_content_width":"","inline_featured_image":false,"footnotes":""},"categories":[7],"tags":[1326,1328,1325,1317,1322,1327,1324,1323,146],"class_list":["post-12163","post","type-post","status-publish","format-standard","has-post-thumbnail","hentry","category-accessoires-lifestyle","tag-dora-maar","tag-edie-sedgwick","tag-frieda-kahlo","tag-jonathan-adler","tag-jonathan-adler-vasen","tag-kiki-de-montparnasse","tag-muse","tag-muse-vasen","tag-vasen"],"_links":{"self":[{"href":"https:\/\/raum-blick.de\/magazin\/wp-json\/wp\/v2\/posts\/12163","targetHints":{"allow":["GET"]}}],"collection":[{"href":"https:\/\/raum-blick.de\/magazin\/wp-json\/wp\/v2\/posts"}],"about":[{"href":"https:\/\/raum-blick.de\/magazin\/wp-json\/wp\/v2\/types\/post"}],"author":[{"embeddable":true,"href":"https:\/\/raum-blick.de\/magazin\/wp-json\/wp\/v2\/users\/4"}],"replies":[{"embeddable":true,"href":"https:\/\/raum-blick.de\/magazin\/wp-json\/wp\/v2\/comments?post=12163"}],"version-history":[{"count":3,"href":"https:\/\/raum-blick.de\/magazin\/wp-json\/wp\/v2\/posts\/12163\/revisions"}],"predecessor-version":[{"id":15167,"href":"https:\/\/raum-blick.de\/magazin\/wp-json\/wp\/v2\/posts\/12163\/revisions\/15167"}],"wp:featuredmedia":[{"embeddable":true,"href":"https:\/\/raum-blick.de\/magazin\/wp-json\/wp\/v2\/media\/12173"}],"wp:attachment":[{"href":"https:\/\/raum-blick.de\/magazin\/wp-json\/wp\/v2\/media?parent=12163"}],"wp:term":[{"taxonomy":"category","embeddable":true,"href":"https:\/\/raum-blick.de\/magazin\/wp-json\/wp\/v2\/categories?post=12163"},{"taxonomy":"post_tag","embeddable":true,"href":"https:\/\/raum-blick.de\/magazin\/wp-json\/wp\/v2\/tags?post=12163"}],"curies":[{"name":"wp","href":"https:\/\/api.w.org\/{rel}","templated":true}]}}