{"id":11885,"date":"2020-12-16T09:33:54","date_gmt":"2020-12-16T08:33:54","guid":{"rendered":"https:\/\/www.raum-blick.de\/magazin\/?p=11885"},"modified":"2021-12-09T17:25:49","modified_gmt":"2021-12-09T16:25:49","slug":"weihnachtstisch-dekorieren","status":"publish","type":"post","link":"https:\/\/raum-blick.de\/magazin\/weihnachtstisch-dekorieren\/","title":{"rendered":"Weihnachtstisch dekorieren"},"content":{"rendered":"<h2><span class=\"ez-toc-section\" id=\"%C2%AB_Stilvolle_Dekoration_fuer_Ihre_Weihnachtstafel_%C2%BB\"><\/span>\u00ab Stilvolle Dekoration f\u00fcr Ihre Weihnachtstafel \u00bb<span class=\"ez-toc-section-end\"><\/span><\/h2>\n<p style=\"text-align: justify;\"><b><span data-contrast=\"auto\">Ungew\u00f6hnlich verlief das Jahr. Die Vorfreude auf die vertrauten Feiertage ist umso gr\u00f6\u00dfer. Der H\u00f6hepunkt ist das Essen mit der Familie und engen Freunden. Glamour\u00f6s, klassisch, herzerw\u00e4rmend oder trendy: Der liebevoll arrangierte Weihnachtstisch setzt den kulinarischen Freuden das i-T\u00fcpfelchen auf. Die Mission unterst\u00fctzen Designmarken mit\u00a0<\/span><\/b><b><span data-contrast=\"auto\">tollen<\/span><\/b><b><span data-contrast=\"auto\">\u00a0Ideen f\u00fcrs Dekorieren.<\/span><\/b><\/p>\n<h2><span class=\"ez-toc-section\" id=\"Purer_Luxus_beim_Weihnachtsessen\"><\/span><span data-contrast=\"auto\">Purer Luxus beim Weihnachtsessen<\/span><span class=\"ez-toc-section-end\"><\/span><\/h2>\n<p style=\"text-align: justify;\"><span data-contrast=\"auto\">Die Ouvert\u00fcre \u00fcbernimmt eine Maronensuppe. Sie wird passend zu Weihnachten mit Zimt und Piment verfeinert. Ger\u00e4ucherte G\u00e4nsebrust sorgt f\u00fcrs festlich akzentuierte\u00a0<\/span><span data-contrast=\"auto\">Topping<\/span><span data-contrast=\"auto\">. Hirschbraten mit Schokoladensauce und Rotkraut mundet den G\u00e4sten beim Hauptgang. Das Spekulatius-Mousse erreicht zum Finale die Weihnachtstafel. Champagner wird als Aperitif und zum Dessert gereicht. Denn 2020 pl\u00e4diert f\u00fcrs Lebensmotto: Man g\u00f6nnt sich ja sonst nichts.<\/span><\/p><div id=\"ez-toc-container\" class=\"ez-toc-v2_0_82_2 counter-hierarchy ez-toc-counter ez-toc-grey ez-toc-container-direction\">\n<div class=\"ez-toc-title-container\">\n<p class=\"ez-toc-title\" style=\"cursor:inherit\">Was hier auf Sie wartet<\/p>\n<span class=\"ez-toc-title-toggle\"><a href=\"#\" class=\"ez-toc-pull-right ez-toc-btn ez-toc-btn-xs ez-toc-btn-default ez-toc-toggle\" aria-label=\"Toggle Table of Content\"><span class=\"ez-toc-js-icon-con\"><span class=\"\"><span class=\"eztoc-hide\" style=\"display:none;\">Toggle<\/span><span class=\"ez-toc-icon-toggle-span\"><svg style=\"fill: #999;color:#999\" xmlns=\"http:\/\/www.w3.org\/2000\/svg\" class=\"list-377408\" width=\"20px\" height=\"20px\" viewBox=\"0 0 24 24\" fill=\"none\"><path d=\"M6 6H4v2h2V6zm14 0H8v2h12V6zM4 11h2v2H4v-2zm16 0H8v2h12v-2zM4 16h2v2H4v-2zm16 0H8v2h12v-2z\" fill=\"currentColor\"><\/path><\/svg><svg style=\"fill: #999;color:#999\" class=\"arrow-unsorted-368013\" xmlns=\"http:\/\/www.w3.org\/2000\/svg\" width=\"10px\" height=\"10px\" viewBox=\"0 0 24 24\" version=\"1.2\" baseProfile=\"tiny\"><path d=\"M18.2 9.3l-6.2-6.3-6.2 6.3c-.2.2-.3.4-.3.7s.1.5.3.7c.2.2.4.3.7.3h11c.3 0 .5-.1.7-.3.2-.2.3-.5.3-.7s-.1-.5-.3-.7zM5.8 14.7l6.2 6.3 6.2-6.3c.2-.2.3-.5.3-.7s-.1-.5-.3-.7c-.2-.2-.4-.3-.7-.3h-11c-.3 0-.5.1-.7.3-.2.2-.3.5-.3.7s.1.5.3.7z\"\/><\/svg><\/span><\/span><\/span><\/a><\/span><\/div>\n<nav><ul class='ez-toc-list ez-toc-list-level-1 ' ><li class='ez-toc-page-1 ez-toc-heading-level-2'><a class=\"ez-toc-link ez-toc-heading-1\" href=\"https:\/\/raum-blick.de\/magazin\/weihnachtstisch-dekorieren\/#%C2%AB_Stilvolle_Dekoration_fuer_Ihre_Weihnachtstafel_%C2%BB\" >\u00ab Stilvolle Dekoration f\u00fcr Ihre Weihnachtstafel \u00bb<\/a><\/li><li class='ez-toc-page-1 ez-toc-heading-level-2'><a class=\"ez-toc-link ez-toc-heading-2\" href=\"https:\/\/raum-blick.de\/magazin\/weihnachtstisch-dekorieren\/#Purer_Luxus_beim_Weihnachtsessen\" >Purer Luxus beim Weihnachtsessen<\/a><\/li><li class='ez-toc-page-1 ez-toc-heading-level-2'><a class=\"ez-toc-link ez-toc-heading-3\" href=\"https:\/\/raum-blick.de\/magazin\/weihnachtstisch-dekorieren\/#Geselliger_Klassiker_elegant_praesentiert\" >Geselliger Klassiker, elegant pr\u00e4sentiert<\/a><\/li><li class='ez-toc-page-1 ez-toc-heading-level-2'><a class=\"ez-toc-link ez-toc-heading-4\" href=\"https:\/\/raum-blick.de\/magazin\/weihnachtstisch-dekorieren\/#Besinnlichkeit_mit_glamouroesem_Touch\" >Besinnlichkeit mit glamour\u00f6sem Touch<\/a><\/li><li class='ez-toc-page-1 ez-toc-heading-level-2'><a class=\"ez-toc-link ez-toc-heading-5\" href=\"https:\/\/raum-blick.de\/magazin\/weihnachtstisch-dekorieren\/#Ein_Laecheln_aus_Skandinavien\" >Ein L\u00e4cheln aus Skandinavien<\/a><\/li><li class='ez-toc-page-1 ez-toc-heading-level-2'><a class=\"ez-toc-link ez-toc-heading-6\" href=\"https:\/\/raum-blick.de\/magazin\/weihnachtstisch-dekorieren\/#Hyggelige_Stimmung_%E2%80%93_trendbewusst_interpretiert\" >Hyggelige Stimmung\u00a0\u2013\u00a0trendbewusst interpretiert<\/a><\/li><\/ul><\/nav><\/div>\n\n<p><img loading=\"lazy\" decoding=\"async\" class=\"aligncenter wp-image-11896 size-full\" title=\"mono Pott 35 Tafelbesteck 4-tlg. Set | Design: Carl Pott\" src=\"https:\/\/www.raum-blick.de\/magazin\/wp-content\/uploads\/2020\/12\/mono-pott-35-tafelbesteck.jpg\" alt=\"mono-pott-35-tafelbesteck-weihnachtstisch-dekorieren\" width=\"600\" height=\"600\" srcset=\"https:\/\/raum-blick.de\/magazin\/wp-content\/uploads\/2020\/12\/mono-pott-35-tafelbesteck.jpg 600w, https:\/\/raum-blick.de\/magazin\/wp-content\/uploads\/2020\/12\/mono-pott-35-tafelbesteck-300x300.jpg 300w, https:\/\/raum-blick.de\/magazin\/wp-content\/uploads\/2020\/12\/mono-pott-35-tafelbesteck-150x150.jpg 150w\" sizes=\"(max-width: 600px) 100vw, 600px\" \/><\/p>\n<p style=\"text-align: justify;\"><span data-contrast=\"auto\">Teller, Gl\u00e4ser und Besteck: Plant man ein mehrg\u00e4ngiges Men\u00fc, f\u00fcllt sich schnell der Weihnachtstisch. Wird das Dekorieren \u00e4hnlich \u00fcppig zelebriert, wirkt die Tafel \u00fcberladen. Weniger ist mehr. Diese Philosophie ist zeitlos, wenn man ein Gourmetdinner zelebriert. Tischtuch, Stoffservietten, Geschirr und Kerzen bekennen sich durchweg zu Wei\u00dft\u00f6nen. Beim Eindecken wird penibel auf die akkurate und symmetrische Anordnung s\u00e4mtlicher Elemente geachtet. Hier und dort blitzt etwas\u00a0<\/span><span data-contrast=\"auto\">Streudeko<\/span><span data-contrast=\"auto\"> mit saisonalem Motiv hervor.<\/span><\/p>\n<p><a href=\"https:\/\/www.raum-blick.de\/edzard-lincoln-leuchter\"><img loading=\"lazy\" decoding=\"async\" class=\"aligncenter wp-image-11892 size-full\" title=\"Leuchter Lincoln in verschiedenen H\u00f6hen | Design: EDZARD\" src=\"https:\/\/www.raum-blick.de\/magazin\/wp-content\/uploads\/2020\/12\/edzard-lincoln-leuchter.jpg\" alt=\"edzard-lincoln-leuchter\" width=\"600\" height=\"600\" srcset=\"https:\/\/raum-blick.de\/magazin\/wp-content\/uploads\/2020\/12\/edzard-lincoln-leuchter.jpg 600w, https:\/\/raum-blick.de\/magazin\/wp-content\/uploads\/2020\/12\/edzard-lincoln-leuchter-300x300.jpg 300w, https:\/\/raum-blick.de\/magazin\/wp-content\/uploads\/2020\/12\/edzard-lincoln-leuchter-150x150.jpg 150w\" sizes=\"(max-width: 600px) 100vw, 600px\" \/><\/a><\/p>\n<p style=\"text-align: justify;\"><span data-contrast=\"auto\">Ihr silberner Schimmer korrespondiert mit dem edlen Lincoln-Kerzenst\u00e4nder von Edzard, der als Quartett auftritt. <\/span><span data-contrast=\"auto\">Die Tafelkerzen und Streuartikel reichen vollkommen, um den Weihnachtstisch zu dekorieren. Die Aromen verw\u00f6hnen beim Festtagsschmaus nicht nur die Sinne. Sie sind typisch f\u00fcrs Event. Man ben\u00f6tigt deshalb wenig Dekoration, um die gew\u00fcnschte Stimmung zu erzeugen.<\/span><\/p>\n<p><a href=\"https:\/\/www.raum-blick.de\/edzard-sektkuehler-auf-staender-geneva\"><img loading=\"lazy\" decoding=\"async\" class=\"aligncenter wp-image-11894 size-full\" title=\"EDZARD - Sektk\u00fchler Geneva auf St\u00e4nder mit Gl\u00e4serhalterung\" src=\"https:\/\/www.raum-blick.de\/magazin\/wp-content\/uploads\/2020\/12\/edzard-sektkuehler-auf-staender-geneva.jpg\" alt=\"edzard-sektkuehler-auf-staender-geneva\" width=\"600\" height=\"560\" srcset=\"https:\/\/raum-blick.de\/magazin\/wp-content\/uploads\/2020\/12\/edzard-sektkuehler-auf-staender-geneva.jpg 600w, https:\/\/raum-blick.de\/magazin\/wp-content\/uploads\/2020\/12\/edzard-sektkuehler-auf-staender-geneva-300x280.jpg 300w\" sizes=\"(max-width: 600px) 100vw, 600px\" \/><\/a><\/p>\n<p style=\"text-align: justify;\"><span data-contrast=\"auto\">Das Highlight steht ohnehin neben dem Weihnachtstisch. Auf einem St\u00e4nder thront der Sektk\u00fchler Geneva von Edzard. Er signalisiert unmissverst\u00e4ndlich: Heute gibt es eine luxuri\u00f6se Familienfeier.<\/span><\/p>\n<h2><span class=\"ez-toc-section\" id=\"Geselliger_Klassiker_elegant_praesentiert\"><\/span><span data-contrast=\"auto\">Geselliger Klassiker, elegant pr\u00e4sentiert<\/span><span class=\"ez-toc-section-end\"><\/span><\/h2>\n<p style=\"text-align: justify;\"><span data-contrast=\"auto\">Die Familie versammelt sich am Weihnachtstisch. Vergn\u00fcglich wird \u00fcber Stunden hinweg geplaudert. Wer Appetit hat, stellt sich selbst seine Lieblingskreation zusammen. So kostet man das besinnliche Ereignis vollends aus.<\/span><\/p>\n<blockquote>\n<p style=\"text-align: justify;\"><span data-contrast=\"auto\">Fondue und Raclette verbinden Genuss mit Geselligkeit.<\/span><\/p>\n<\/blockquote>\n<p style=\"text-align: justify;\"><span data-contrast=\"auto\">Die Zubereitung in der K\u00fcche ist dabei nicht der Rede wert. Eine Herausforderung ist aber die ansprechende Pr\u00e4sentation <\/span><span data-contrast=\"auto\">der Ingredienzien. Entscheidet man sich an Weihnachten oft f\u00fcr den gem\u00fctlichen Gaumenschmaus, sind spezielle Accessoires hilfreich.<\/span><\/p>\n<p><img loading=\"lazy\" decoding=\"async\" class=\"aligncenter wp-image-11902 size-full\" title=\"r\u00e4der Design \u2013 Sternenteller Servierschalen | Design: r\u00e4der\" src=\"https:\/\/www.raum-blick.de\/magazin\/wp-content\/uploads\/2020\/12\/raeder-design-sternenteller.jpg\" alt=\"raeder-design-sternenteller-weihnachtstisch-dekorieren\" width=\"600\" height=\"600\" srcset=\"https:\/\/raum-blick.de\/magazin\/wp-content\/uploads\/2020\/12\/raeder-design-sternenteller.jpg 600w, https:\/\/raum-blick.de\/magazin\/wp-content\/uploads\/2020\/12\/raeder-design-sternenteller-300x300.jpg 300w, https:\/\/raum-blick.de\/magazin\/wp-content\/uploads\/2020\/12\/raeder-design-sternenteller-150x150.jpg 150w\" sizes=\"(max-width: 600px) 100vw, 600px\" \/><\/p>\n<p style=\"text-align: justify;\"><span data-contrast=\"auto\">Der Sternenteller von\u00a0<\/span><a href=\"https:\/\/www.raum-blick.de\/raeder\/\"><span data-contrast=\"none\">R\u00c4DER<\/span><span data-contrast=\"none\">\u00a0Design<\/span><\/a><span data-contrast=\"auto\"> b\u00fcndelt sechs Serviersch\u00e4lchen. G\u00f6nnt man sich davon zwei Exemplare, stehen nicht nur alle Zutaten ordentlich auf dem Weihnachtstisch. Galant wird das Servieren mit dem Dekorieren verkn\u00fcpft. Wer beim Fest das Miteinander betont, liebt Gastgeschenke.<\/span><\/p>\n<p><a href=\"https:\/\/www.raum-blick.de\/raeder-design-kleine-engelbegleiter\"><img loading=\"lazy\" decoding=\"async\" class=\"aligncenter wp-image-11900 size-full\" title=\"R\u00e4der Kleiner Engelbegleiter | Zwei Ausf\u00fchrungen | Design: R\u00e4der\" src=\"https:\/\/www.raum-blick.de\/magazin\/wp-content\/uploads\/2020\/12\/raeder-design-kleine-engelbegleiter.jpg\" alt=\"raeder-design-kleine-engelbegleiter\" width=\"600\" height=\"600\" srcset=\"https:\/\/raum-blick.de\/magazin\/wp-content\/uploads\/2020\/12\/raeder-design-kleine-engelbegleiter.jpg 600w, https:\/\/raum-blick.de\/magazin\/wp-content\/uploads\/2020\/12\/raeder-design-kleine-engelbegleiter-300x300.jpg 300w, https:\/\/raum-blick.de\/magazin\/wp-content\/uploads\/2020\/12\/raeder-design-kleine-engelbegleiter-150x150.jpg 150w\" sizes=\"(max-width: 600px) 100vw, 600px\" \/><\/a><\/p>\n<p style=\"text-align: justify;\"><span data-contrast=\"auto\">Die Engelsbegleiter von\u00a0<\/span><span data-contrast=\"auto\">R\u00c4DER<\/span><span data-contrast=\"auto\">\u00a0sind daf\u00fcr geschaffen. Entdeckt man die kleine Holzkiste auf dem Platzteller, wird ihr Inhalt sofort hervorgezaubert. Danach belebt eine Engelschar die Weihnachtstafel. So wird die liebenswerte Aufmerksamkeit vor\u00fcbergehend zur Tischdeko.<\/span><\/p>\n<h2><span class=\"ez-toc-section\" id=\"Besinnlichkeit_mit_glamouroesem_Touch\"><\/span><span data-contrast=\"auto\">Besinnlichkeit mit glamour\u00f6sem Touch<\/span><span class=\"ez-toc-section-end\"><\/span><\/h2>\n<p style=\"text-align: justify;\"><span data-contrast=\"auto\">Wer an der Weihnachtstafel sitzen wird, steht fest. Gleiches gilt f\u00fcr die Abl\u00e4ufe und servierten Leckereien beim Essen. Die famili\u00e4ren Traditionen g\u00f6nnen dem Geist eine wohltuende Ruhe.<\/span><\/p>\n<blockquote>\n<p style=\"text-align: justify;\"><span data-contrast=\"auto\">Sie l\u00e4sst sich umso mehr genie\u00dfen, wenn die Dekoration ebenfalls von Harmonie und Vertrautheit gepr\u00e4gt ist.<\/span><\/p>\n<\/blockquote>\n<p style=\"text-align: justify;\"><span data-contrast=\"auto\">Das Festtagsgeschirr und die Tischtextilien bekennen sich nuanciert zur identischen Farbe. F\u00fcr den Hauch von Glamour gesellt sich Weihnachtsdeko in Gold hinzu. Die Begrenzung auf zwei Farbt\u00f6ne wirkt beruhigend und festlich.<\/span><\/p>\n<p><img loading=\"lazy\" decoding=\"async\" class=\"aligncenter wp-image-11904 size-full\" title=\"Georg Jensen \u2013 Eisblume Kerzenhalter | 3er Set | Design: Sanne Lund Traberg\" src=\"https:\/\/www.raum-blick.de\/magazin\/wp-content\/uploads\/2020\/12\/georg-jensen-eisblume-kerzenhalter-3er-set.jpg\" alt=\"georg-jensen-eisblume-kerzenhalter-3er-set-weihnachtstisch-dekorieren\" width=\"600\" height=\"580\" srcset=\"https:\/\/raum-blick.de\/magazin\/wp-content\/uploads\/2020\/12\/georg-jensen-eisblume-kerzenhalter-3er-set.jpg 600w, https:\/\/raum-blick.de\/magazin\/wp-content\/uploads\/2020\/12\/georg-jensen-eisblume-kerzenhalter-3er-set-300x290.jpg 300w\" sizes=\"(max-width: 600px) 100vw, 600px\" \/><\/p>\n<p style=\"text-align: justify;\"><span data-contrast=\"auto\">Die Kerzenhalter Eisblume von\u00a0<\/span><a href=\"https:\/\/www.raum-blick.de\/georg-jensen\/\"><span data-contrast=\"none\">Georg Jensen<\/span><\/a><span data-contrast=\"auto\"> passen wunderbar zur harmonischen Gestaltungsidee. Dezent greifen sie vertraute Wintermotive auf. M\u00e4rchenhaft rundet die Goldauflage die geschmackvollen Tischaccessoires ab.<\/span><\/p>\n<p><a href=\"https:\/\/www.raum-blick.de\/georg-jensen-bloom-botanica-vase\"><img loading=\"lazy\" decoding=\"async\" class=\"aligncenter wp-image-11908 size-full\" title=\"Georg Jensen - BLOOM Botanica Vase | Edelstahl Blumenvase | Design: Helle Damkjaer\" src=\"https:\/\/www.raum-blick.de\/magazin\/wp-content\/uploads\/2020\/12\/georg-jensen-bloom-botanica-vase.jpg\" alt=\"georg-jensen-bloom-botanica-vase\" width=\"600\" height=\"600\" srcset=\"https:\/\/raum-blick.de\/magazin\/wp-content\/uploads\/2020\/12\/georg-jensen-bloom-botanica-vase.jpg 600w, https:\/\/raum-blick.de\/magazin\/wp-content\/uploads\/2020\/12\/georg-jensen-bloom-botanica-vase-300x300.jpg 300w, https:\/\/raum-blick.de\/magazin\/wp-content\/uploads\/2020\/12\/georg-jensen-bloom-botanica-vase-150x150.jpg 150w\" sizes=\"(max-width: 600px) 100vw, 600px\" \/><\/a><\/p>\n<p style=\"text-align: justify;\"><span data-contrast=\"auto\">Dem Stil der\u00a0<\/span><span data-contrast=\"auto\">Kerzendeko<\/span><span data-contrast=\"auto\">\u00a0schlie\u00dfen sich die Ornamente an, die das Tannengr\u00fcn in der Vase dekorieren. Bleibt es dabei, vermittelt die Festtafel, was der Gastgeberin am Herzen liegt: Willkommen daheim und frohe Weihnachten!<\/span><\/p>\n<h2><span class=\"ez-toc-section\" id=\"Ein_Laecheln_aus_Skandinavien\"><\/span><span data-contrast=\"auto\">Ein L\u00e4cheln aus Skandinavien<\/span><span class=\"ez-toc-section-end\"><\/span><\/h2>\n<p style=\"text-align: justify;\"><span data-contrast=\"auto\">Der Alltag ist stressig. An der Arbeit geht es chaotisch zu. Wie es n\u00e4chstes Jahr weitergeht, steht in den Sternen. Das Leben gibt manchmal wenig Anlass zum Lachen. L\u00e4dt Weihnachten genau dazu ein, ist das Festarrangement gelungen. Stets zieren Frauengesichter die Porzellankunst von\u00a0<\/span><a href=\"https:\/\/www.raum-blick.de\/bjoern-wiinblad\/\"><span data-contrast=\"none\">Bj\u00f8rn<\/span><span data-contrast=\"none\">\u00a0<\/span><span data-contrast=\"none\">Wiinblad<\/span><\/a><span data-contrast=\"auto\">. Ger\u00e4t die Dekoration ins Blickfeld, kommt sogleich gute Laune auf. Rosa wirkt wie eine z\u00e4rtliche Umarmung. Deshalb charakterisiert der Pastellton die Textilien.<\/span><\/p>\n<p><img loading=\"lazy\" decoding=\"async\" class=\"aligncenter wp-image-11914 size-full\" title=\"Bj\u00f8rn Wiinblad - Lucia Kerzenst\u00e4nder mit Schalenfunktion | Design: Bj\u00f8rn Wiinblad\" src=\"https:\/\/www.raum-blick.de\/magazin\/wp-content\/uploads\/2020\/12\/bjoern-wiinblad-lucia-kerzenstaender-advent.jpg\" alt=\"bjoern-wiinblad-lucia-kerzenstaender-advent-weihnachtstisch-dekorieren\" width=\"600\" height=\"600\" srcset=\"https:\/\/raum-blick.de\/magazin\/wp-content\/uploads\/2020\/12\/bjoern-wiinblad-lucia-kerzenstaender-advent.jpg 600w, https:\/\/raum-blick.de\/magazin\/wp-content\/uploads\/2020\/12\/bjoern-wiinblad-lucia-kerzenstaender-advent-300x300.jpg 300w, https:\/\/raum-blick.de\/magazin\/wp-content\/uploads\/2020\/12\/bjoern-wiinblad-lucia-kerzenstaender-advent-150x150.jpg 150w\" sizes=\"(max-width: 600px) 100vw, 600px\" \/><\/p>\n<p style=\"text-align: justify;\"><span data-contrast=\"auto\">Der Weihnachtstisch l\u00e4chelt die Familienmitglieder f\u00f6rmlich an, sobald sie Platz nehmen: Hier hebt sich der 4-flammige Kerzenst\u00e4nder Lucia hervor. Dort lenken die passenden Teelichthalter von\u00a0<\/span><span data-contrast=\"auto\">Bj\u00f8rn<\/span><span data-contrast=\"auto\">\u00a0<\/span><span data-contrast=\"auto\">Wiinblad<\/span><span data-contrast=\"auto\"> die Aufmerksamkeit auf sich. Andernorts tragen die Heiligen Drei K\u00f6nige zum Lichtermeer bei.<\/span><\/p>\n<p><img loading=\"lazy\" decoding=\"async\" class=\"aligncenter wp-image-11912 size-full\" title=\"Bj\u00f8rn Wiinblad - Die drei Weisen Kerzenst\u00e4nder | Heilige drei K\u00f6nige | Design: Bj\u00f8rn Wiinblad\" src=\"https:\/\/www.raum-blick.de\/magazin\/wp-content\/uploads\/2020\/12\/bjoern-wiinblad-heilige-drei-koenige-kerzenstaender-1.jpg\" alt=\"bjoern-wiinblad-heilige-drei-koenige-kerzenstaender-weihnachtstisch-dekorieren\" width=\"600\" height=\"600\" srcset=\"https:\/\/raum-blick.de\/magazin\/wp-content\/uploads\/2020\/12\/bjoern-wiinblad-heilige-drei-koenige-kerzenstaender-1.jpg 600w, https:\/\/raum-blick.de\/magazin\/wp-content\/uploads\/2020\/12\/bjoern-wiinblad-heilige-drei-koenige-kerzenstaender-1-300x300.jpg 300w, https:\/\/raum-blick.de\/magazin\/wp-content\/uploads\/2020\/12\/bjoern-wiinblad-heilige-drei-koenige-kerzenstaender-1-150x150.jpg 150w\" sizes=\"(max-width: 600px) 100vw, 600px\" \/><\/p>\n<p style=\"text-align: justify;\"><span data-contrast=\"auto\">Das wirkt so anheimelnd wie der Blick auf die Men\u00fckarte: handgemachte Ravioli, Kohlrouladen und Rote Gr\u00fctze mit Vanilleeis. Es stehen nur die Lieblingsspeisen der Kinder auf dem Programm, die f\u00fcrs Weihnachtsfest angereist sind.<\/span><\/p>\n<h2><span class=\"ez-toc-section\" id=\"Hyggelige_Stimmung_%E2%80%93_trendbewusst_interpretiert\"><\/span><span data-contrast=\"auto\">Hygg<\/span><span data-contrast=\"auto\">e<\/span><span data-contrast=\"auto\">lige Stimmung\u00a0<\/span><span data-contrast=\"auto\">\u2013<\/span><span data-contrast=\"auto\">\u00a0trendbewusst interpretiert<\/span><span class=\"ez-toc-section-end\"><\/span><\/h2>\n<p style=\"text-align: justify;\"><span data-contrast=\"auto\">Gehobene Gem\u00fctlichkeit passt bestens zu Weihnachten. Etwas frischer Wind beim Dekorieren schadet aber nicht. F\u00fcr den gelungenen Mix aus traditionellen und unkonventionellen Ideen ist <\/span><a href=\"https:\/\/www.raum-blick.de\/ferm-living\/\"><span data-contrast=\"none\">ferm\u00a0<\/span><span data-contrast=\"none\">Living<\/span><\/a><span data-contrast=\"auto\"> bekannt. Den Wald thematisiert die Marke bei der Weihnachtskollektion Winterland.<\/span><\/p>\n<p><a href=\"https:\/\/www.raum-blick.de\/ferm-living-winterland-messing-baum\"><img loading=\"lazy\" decoding=\"async\" class=\"aligncenter wp-image-11920 size-full\" title=\"ferm Living Winterland Messing Baum | Weihnachtsschmuck | Design: Leise Dich Abrahamsen\" src=\"https:\/\/www.raum-blick.de\/magazin\/wp-content\/uploads\/2020\/12\/ferm-living-winterland-messing-baum.jpg\" alt=\"ferm-living-winterland-messing-baum\" width=\"600\" height=\"600\" srcset=\"https:\/\/raum-blick.de\/magazin\/wp-content\/uploads\/2020\/12\/ferm-living-winterland-messing-baum.jpg 600w, https:\/\/raum-blick.de\/magazin\/wp-content\/uploads\/2020\/12\/ferm-living-winterland-messing-baum-300x300.jpg 300w, https:\/\/raum-blick.de\/magazin\/wp-content\/uploads\/2020\/12\/ferm-living-winterland-messing-baum-150x150.jpg 150w\" sizes=\"(max-width: 600px) 100vw, 600px\" \/><\/a><\/p>\n<p style=\"text-align: justify;\"><span data-contrast=\"auto\">Urig wirken Naturmotive wie B\u00e4ume, Tannenzapfen und Eicheln akzentuiert. Apart erscheint ihre skizzenhafte Darstellung aus Metall. <\/span><span data-contrast=\"auto\">Modern sind bei der Tischw\u00e4sche Schwarz und Graut\u00f6ne.<\/span><\/p>\n<p><img loading=\"lazy\" decoding=\"async\" class=\"aligncenter wp-image-11922 size-full\" title=\"ferm Living \u2013 Winterland Forest Treats | 3-er Deko-Set | Design: Leise Dich Abrahamsen\" src=\"https:\/\/www.raum-blick.de\/magazin\/wp-content\/uploads\/2020\/12\/ferm-living-winterland-forest-treats.jpg\" alt=\"ferm-living-winterland-forest-treats\" width=\"600\" height=\"600\" srcset=\"https:\/\/raum-blick.de\/magazin\/wp-content\/uploads\/2020\/12\/ferm-living-winterland-forest-treats.jpg 600w, https:\/\/raum-blick.de\/magazin\/wp-content\/uploads\/2020\/12\/ferm-living-winterland-forest-treats-300x300.jpg 300w, https:\/\/raum-blick.de\/magazin\/wp-content\/uploads\/2020\/12\/ferm-living-winterland-forest-treats-150x150.jpg 150w\" sizes=\"(max-width: 600px) 100vw, 600px\" \/><\/p>\n<p style=\"text-align: justify;\"><span data-contrast=\"auto\">Die Trendfarben provozieren keine d\u00fcstere Atmosph\u00e4re. Pr\u00e4gen sie den Weihnachtstisch, entfaltet sich vielmehr eine distinktive Eleganz. Schick macht sich eine dunkelgraue Leinendecke. Ihre nat\u00fcrliche Textur passt zum Designthema der d\u00e4nischen Accessoires.<\/span><\/p>\n<p><a href=\"https:\/\/www.raum-blick.de\/ferm-living-flow-serviettenringe-4er-set\"><img loading=\"lazy\" decoding=\"async\" class=\"aligncenter wp-image-11924 size-full\" title=\"ferm Living Flow Serviettenringe aus Messing \/ 4er Set | Design: ferm Living\" src=\"https:\/\/www.raum-blick.de\/magazin\/wp-content\/uploads\/2020\/12\/ferm-living-flow-serviettenringe-4er-set.jpg\" alt=\"ferm-living-flow-serviettenringe-4er-set\" width=\"600\" height=\"600\" srcset=\"https:\/\/raum-blick.de\/magazin\/wp-content\/uploads\/2020\/12\/ferm-living-flow-serviettenringe-4er-set.jpg 600w, https:\/\/raum-blick.de\/magazin\/wp-content\/uploads\/2020\/12\/ferm-living-flow-serviettenringe-4er-set-300x300.jpg 300w, https:\/\/raum-blick.de\/magazin\/wp-content\/uploads\/2020\/12\/ferm-living-flow-serviettenringe-4er-set-150x150.jpg 150w\" sizes=\"(max-width: 600px) 100vw, 600px\" \/><\/a><\/p>\n<p style=\"text-align: justify;\"><span data-contrast=\"auto\">Die Flow Messingringe von ferm Living bringen die silbergrauen Weihnachtsservietten in Form. Lachstorte, Elchsteak und Milchreis mit versteckter Mandel <\/span><span data-contrast=\"auto\">\u2013<\/span><span data-contrast=\"auto\">\u00a0das Men\u00fc reflektiert die Deko-Idee f\u00fcr den Weihnachtstisch. Es erinnert an den hohen Norden, greift Traditionen auf und hebt sich vom Gewohnten ab.<\/span><\/p>\n","protected":false},"excerpt":{"rendered":"<p>\u00ab Stilvolle Dekoration f\u00fcr Ihre Weihnachtstafel \u00bb Ungew\u00f6hnlich verlief das Jahr. Die Vorfreude auf die vertrauten Feiertage ist umso gr\u00f6\u00dfer. Der H\u00f6hepunkt ist das Essen mit der Familie und engen Freunden. Glamour\u00f6s, klassisch, herzerw\u00e4rmend oder trendy: Der liebevoll arrangierte Weihnachtstisch setzt den kulinarischen Freuden das i-T\u00fcpfelchen auf. Die Mission unterst\u00fctzen Designmarken mit\u00a0tollen\u00a0Ideen f\u00fcrs Dekorieren. Purer [&hellip;]<\/p>\n","protected":false},"author":4,"featured_media":11910,"comment_status":"closed","ping_status":"open","sticky":false,"template":"","format":"standard","meta":{"_et_pb_use_builder":"","_et_pb_old_content":"","_et_gb_content_width":"","inline_featured_image":false,"footnotes":""},"categories":[7],"tags":[998,1223,342,840,206,341,1288,288,122,701,985,845,1293,651,1294,1292,852,1291,733,1290,1289,497],"class_list":["post-11885","post","type-post","status-publish","format-standard","has-post-thumbnail","hentry","category-accessoires-lifestyle","tag-bjrn-wiinblad","tag-deko","tag-dekoration","tag-edzard","tag-ferm-living","tag-georg-jensen","tag-hygge","tag-kerzenhalter","tag-kerzenstaender","tag-leuchter","tag-raeder-design","tag-sektkuehler","tag-servierschalen","tag-serviettenringe","tag-sternenteller","tag-tafelbesteck","tag-vase","tag-weihnachtsessen","tag-weihnachtsschmuck","tag-weihnachtstafel","tag-weihnachtstisch","tag-winterland"],"_links":{"self":[{"href":"https:\/\/raum-blick.de\/magazin\/wp-json\/wp\/v2\/posts\/11885","targetHints":{"allow":["GET"]}}],"collection":[{"href":"https:\/\/raum-blick.de\/magazin\/wp-json\/wp\/v2\/posts"}],"about":[{"href":"https:\/\/raum-blick.de\/magazin\/wp-json\/wp\/v2\/types\/post"}],"author":[{"embeddable":true,"href":"https:\/\/raum-blick.de\/magazin\/wp-json\/wp\/v2\/users\/4"}],"replies":[{"embeddable":true,"href":"https:\/\/raum-blick.de\/magazin\/wp-json\/wp\/v2\/comments?post=11885"}],"version-history":[{"count":36,"href":"https:\/\/raum-blick.de\/magazin\/wp-json\/wp\/v2\/posts\/11885\/revisions"}],"predecessor-version":[{"id":14614,"href":"https:\/\/raum-blick.de\/magazin\/wp-json\/wp\/v2\/posts\/11885\/revisions\/14614"}],"wp:featuredmedia":[{"embeddable":true,"href":"https:\/\/raum-blick.de\/magazin\/wp-json\/wp\/v2\/media\/11910"}],"wp:attachment":[{"href":"https:\/\/raum-blick.de\/magazin\/wp-json\/wp\/v2\/media?parent=11885"}],"wp:term":[{"taxonomy":"category","embeddable":true,"href":"https:\/\/raum-blick.de\/magazin\/wp-json\/wp\/v2\/categories?post=11885"},{"taxonomy":"post_tag","embeddable":true,"href":"https:\/\/raum-blick.de\/magazin\/wp-json\/wp\/v2\/tags?post=11885"}],"curies":[{"name":"wp","href":"https:\/\/api.w.org\/{rel}","templated":true}]}}