{"id":11821,"date":"2020-12-11T15:26:05","date_gmt":"2020-12-11T14:26:05","guid":{"rendered":"https:\/\/www.raum-blick.de\/magazin\/?p=11821"},"modified":"2024-08-27T12:21:39","modified_gmt":"2024-08-27T10:21:39","slug":"lockdown-light-eine-kreative-chance","status":"publish","type":"post","link":"https:\/\/raum-blick.de\/magazin\/lockdown-light-eine-kreative-chance\/","title":{"rendered":"Lockdown light: Eine kreative Chance"},"content":{"rendered":"<p style=\"text-align: justify;\"><strong>2020 war in jeder Hinsicht ein besonderes Jahr. Feierten wir vor knapp einem Jahr noch den fulminanten Start in die neuen goldenen 20er, brachen wir diese Party Ende Februar schon wieder ab. Das kurze Aufatmen im Sommer hielt leider nicht lange an \u2013 nun befinden wir uns im Lockdown light und wissen noch immer nicht, wie lange diese Ausnahmesituation noch andauern wird. Viele haben die erste Zeit zuhause ja genutzt, noch ausstehende Renovierungs- und Umgestaltungsarbeiten zu erledigen. Und jetzt, wo wir wieder vermehrt Zeit im engsten Kreis in den eigenen vier W\u00e4nden verbringen, sollten wir auch diese kreativ nutzen. Vielleicht k\u00f6nnen wir den Lockdown gar als Chance nutzen.<\/strong><\/p>\n<h2><span class=\"ez-toc-section\" id=\"Homeoffice_ist_nicht_gleich_Homeoffice%E2%80%A6\"><\/span>Homeoffice ist nicht gleich Homeoffice\u2026<span class=\"ez-toc-section-end\"><\/span><\/h2>\n<p style=\"text-align: justify;\">\u2026das haben uns die letzten Monate gelehrt. Was am Anfang vielleicht recht lustig war \u2013 wir erinnern uns an die mit einem Augenzwinkern get\u00e4tigten Aussagen, im bequemen Schlafanzug einfach vom Bett an den Laptop zu schleichen \u2013 zeigte uns schnell, dass der PC am K\u00fcchentisch dann doch kein B\u00fcro ersetzt. Mittlerweile haben wir uns einen Schreibtisch eingerichtet und versuchen, uns dort so praktisch wie m\u00f6glich zu organisieren. So manch einer hat dazu einen kompletten Raum zur Verf\u00fcgung, andere haben sich eine platzsparende Individuall\u00f6sung zurechtgezimmert.<\/p><div id=\"ez-toc-container\" class=\"ez-toc-v2_0_82_2 counter-hierarchy ez-toc-counter ez-toc-grey ez-toc-container-direction\">\n<div class=\"ez-toc-title-container\">\n<p class=\"ez-toc-title\" style=\"cursor:inherit\">Was hier auf Sie wartet<\/p>\n<span class=\"ez-toc-title-toggle\"><a href=\"#\" class=\"ez-toc-pull-right ez-toc-btn ez-toc-btn-xs ez-toc-btn-default ez-toc-toggle\" aria-label=\"Toggle Table of Content\"><span class=\"ez-toc-js-icon-con\"><span class=\"\"><span class=\"eztoc-hide\" style=\"display:none;\">Toggle<\/span><span class=\"ez-toc-icon-toggle-span\"><svg style=\"fill: #999;color:#999\" xmlns=\"http:\/\/www.w3.org\/2000\/svg\" class=\"list-377408\" width=\"20px\" height=\"20px\" viewBox=\"0 0 24 24\" fill=\"none\"><path d=\"M6 6H4v2h2V6zm14 0H8v2h12V6zM4 11h2v2H4v-2zm16 0H8v2h12v-2zM4 16h2v2H4v-2zm16 0H8v2h12v-2z\" fill=\"currentColor\"><\/path><\/svg><svg style=\"fill: #999;color:#999\" class=\"arrow-unsorted-368013\" xmlns=\"http:\/\/www.w3.org\/2000\/svg\" width=\"10px\" height=\"10px\" viewBox=\"0 0 24 24\" version=\"1.2\" baseProfile=\"tiny\"><path d=\"M18.2 9.3l-6.2-6.3-6.2 6.3c-.2.2-.3.4-.3.7s.1.5.3.7c.2.2.4.3.7.3h11c.3 0 .5-.1.7-.3.2-.2.3-.5.3-.7s-.1-.5-.3-.7zM5.8 14.7l6.2 6.3 6.2-6.3c.2-.2.3-.5.3-.7s-.1-.5-.3-.7c-.2-.2-.4-.3-.7-.3h-11c-.3 0-.5.1-.7.3-.2.2-.3.5-.3.7s.1.5.3.7z\"\/><\/svg><\/span><\/span><\/span><\/a><\/span><\/div>\n<nav><ul class='ez-toc-list ez-toc-list-level-1 ' ><li class='ez-toc-page-1 ez-toc-heading-level-2'><a class=\"ez-toc-link ez-toc-heading-1\" href=\"https:\/\/raum-blick.de\/magazin\/lockdown-light-eine-kreative-chance\/#Homeoffice_ist_nicht_gleich_Homeoffice%E2%80%A6\" >Homeoffice ist nicht gleich Homeoffice\u2026<\/a><\/li><li class='ez-toc-page-1 ez-toc-heading-level-2'><a class=\"ez-toc-link ez-toc-heading-2\" href=\"https:\/\/raum-blick.de\/magazin\/lockdown-light-eine-kreative-chance\/#Die_perfekten_vier_Waende%E2%80%A6\" >Die perfekten vier W\u00e4nde\u2026<\/a><\/li><li class='ez-toc-page-1 ez-toc-heading-level-2'><a class=\"ez-toc-link ez-toc-heading-3\" href=\"https:\/\/raum-blick.de\/magazin\/lockdown-light-eine-kreative-chance\/#Gemeinsame_Zeit_mit_unseren_Lieben%E2%80%A6\" >Gemeinsame Zeit mit unseren Lieben\u2026<\/a><\/li><li class='ez-toc-page-1 ez-toc-heading-level-2'><a class=\"ez-toc-link ez-toc-heading-4\" href=\"https:\/\/raum-blick.de\/magazin\/lockdown-light-eine-kreative-chance\/#Zeit_fuer_uns%E2%80%A6\" >Zeit f\u00fcr uns\u2026<\/a><\/li><\/ul><\/nav><\/div>\n\n<p><img loading=\"lazy\" decoding=\"async\" class=\"aligncenter wp-image-11850 size-full\" title=\"We Do Wood \u2013 Field Desk Schreibtisch\" src=\"https:\/\/www.raum-blick.de\/magazin\/wp-content\/uploads\/2202\/12\/wedowood-field-schreibtisch_62100-1.jpg\" alt=\"We Do Wood \u2013 Field Desk Schreibtisch - Lockdown light\" width=\"620\" height=\"492\" srcset=\"https:\/\/raum-blick.de\/magazin\/wp-content\/uploads\/2202\/12\/wedowood-field-schreibtisch_62100-1.jpg 620w, https:\/\/raum-blick.de\/magazin\/wp-content\/uploads\/2202\/12\/wedowood-field-schreibtisch_62100-1-300x238.jpg 300w\" sizes=\"(max-width: 620px) 100vw, 620px\" \/><\/p>\n<p style=\"text-align: justify;\">Wie auch immer, es ist noch keine R\u00fcckkehr in die B\u00fcros in Sicht, also k\u00f6nnen wir die Zeit aktuell nutzen, um uns die Zeit im Heimb\u00fcro mit dem ein oder anderen Accessoire zu vers\u00fc\u00dfen. Angefangen beim perfekten Tisch, dem dazugeh\u00f6rigen Stuhl oder dem gesundheitsf\u00f6rdernden Sitzball von VLUV \u00fcber die richtige Beleuchtung bis hin zum optimalen Ablagesystem von <a href=\"https:\/\/www.raum-blick.de\/skagerak\/\">Skagerak<\/a> \u2013 wir bieten in unserem Onlineshop f\u00fcr jeden die noch fehlenden Details.<\/p>\n<p><a href=\"https:\/\/www.raum-blick.de\/skagerak-dania-ablage\"><img loading=\"lazy\" decoding=\"async\" class=\"aligncenter wp-image-11825 size-full\" title=\"Skagerak Dania Letter Ablage\" src=\"https:\/\/www.raum-blick.de\/magazin\/wp-content\/uploads\/2202\/12\/skagerak-dania-ablage-3_17802-1.jpg\" alt=\"Skagerak Dania Letter Ablage\" width=\"660\" height=\"526\" srcset=\"https:\/\/raum-blick.de\/magazin\/wp-content\/uploads\/2202\/12\/skagerak-dania-ablage-3_17802-1.jpg 660w, https:\/\/raum-blick.de\/magazin\/wp-content\/uploads\/2202\/12\/skagerak-dania-ablage-3_17802-1-300x239.jpg 300w\" sizes=\"(max-width: 660px) 100vw, 660px\" \/><\/a><\/p>\n<h2><span class=\"ez-toc-section\" id=\"Die_perfekten_vier_Waende%E2%80%A6\"><\/span>Die perfekten vier W\u00e4nde\u2026<span class=\"ez-toc-section-end\"><\/span><\/h2>\n<p style=\"text-align: justify;\">\u2026waren auf einmal doch noch nicht perfekt. Was haben wir w\u00e4hrend des ersten Lockdowns entr\u00fcmpelt \u2013 alles, was uns schon immer ein Dorn im Auge war, flog hinaus. Dabei traten die ein oder anderen Sch\u00f6nheitsfehler zu Tage, also renovierten wir, was das Zeug hielt und hatten auf einmal mehr Luft zum Atmen. Doch so langsam k\u00f6nnte, vor allem jetzt zur Weihnachtszeit, doch etwas mehr Heimeligkeit einziehen. Wunderbare Kissen, die eine oder andere neue Lampe, Kerzen an den perfekten Stellen, aktuell die Weihnachtsdekoration \u2013 und schon wird es gem\u00fctlich!<\/p>\n<p><img loading=\"lazy\" decoding=\"async\" class=\"aligncenter wp-image-11853 size-full\" title=\"r\u00e4der Design \u2013 Sternenteller Servierschalen\" src=\"https:\/\/www.raum-blick.de\/magazin\/wp-content\/uploads\/2202\/12\/sternenteller-raeder-design_62498ng4sfuCkF1Mj2-1.jpg\" alt=\"r\u00e4der Design \u2013 Sternenteller Servierschalen\" width=\"620\" height=\"316\" srcset=\"https:\/\/raum-blick.de\/magazin\/wp-content\/uploads\/2202\/12\/sternenteller-raeder-design_62498ng4sfuCkF1Mj2-1.jpg 620w, https:\/\/raum-blick.de\/magazin\/wp-content\/uploads\/2202\/12\/sternenteller-raeder-design_62498ng4sfuCkF1Mj2-1-300x153.jpg 300w\" sizes=\"(max-width: 620px) 100vw, 620px\" \/><\/p>\n<p style=\"text-align: justify;\">Vielleicht fehlt f\u00fcr die gem\u00fctlichen, gemeinsamen Malzeiten auch noch das ein oder andere St\u00fcck im Familienservice. F\u00fcr besondere Abende w\u00e4ren ein neues Besteck, wie das Bernadotte Besteckset von Georg Jensen, eine neue Weinkaraffe oder exklusive Gl\u00e4ser willkommene Kleinigkeiten, die uns den Besuch im Lieblingsrestaurant nicht ganz so schmerzlich vermissen lassen.<\/p>\n<p><img loading=\"lazy\" decoding=\"async\" class=\"aligncenter wp-image-11834 size-full\" title=\"Georg Jensen Bernadotte Besteck\" src=\"https:\/\/www.raum-blick.de\/magazin\/wp-content\/uploads\/2202\/12\/georg-jensen-bernadotte-dessertloeffel-besteck_63670-1.jpg\" alt=\"Georg Jensen Bernadotte Besteck\" width=\"620\" height=\"507\" srcset=\"https:\/\/raum-blick.de\/magazin\/wp-content\/uploads\/2202\/12\/georg-jensen-bernadotte-dessertloeffel-besteck_63670-1.jpg 620w, https:\/\/raum-blick.de\/magazin\/wp-content\/uploads\/2202\/12\/georg-jensen-bernadotte-dessertloeffel-besteck_63670-1-300x245.jpg 300w\" sizes=\"(max-width: 620px) 100vw, 620px\" \/><\/p>\n<h2><span class=\"ez-toc-section\" id=\"Gemeinsame_Zeit_mit_unseren_Lieben%E2%80%A6\"><\/span>Gemeinsame Zeit mit unseren Lieben\u2026<span class=\"ez-toc-section-end\"><\/span><\/h2>\n<p style=\"text-align: justify;\">\u2026haben wir uns im vergangenen Jahr noch so oft schmerzlich herbeigesehnt. Und in diesem Jahr hatten wir sie gef\u00fchlt im \u00dcberfluss. Urlaub war nur in Ma\u00dfen m\u00f6glich, Besuch zu empfangen ebenfalls \u2013 also waren wir meist unter uns. Was im Sommer vielleicht noch leichter war, weil Garten, Terrasse oder Balkone weiteren Lebensraum boten, kann nun im Winter doch etwas beengend sein. Doch auch wenn es kalt wird, k\u00f6nnen wir uns im Garten aufhalten \u2013 beispielsweise an einer gem\u00fctlichen Feuerschale. Wer lieber im Warmen bleibt, kann es sich an der neuen <a href=\"https:\/\/www.raum-blick.de\/kamin\/\">Indoor-Feuerstelle<\/a> gem\u00fctlich machen \u2013 bei einer Tasse Kaffee oder Tee und Selbstgebackenem ein gutes Buch lesen oder zusammen mit den anderen ein Spiel herausholen.<\/p>\n<p><a href=\"https:\/\/www.raum-blick.de\/top-flame-radius-design\"><img loading=\"lazy\" decoding=\"async\" class=\"aligncenter wp-image-11836 size-full\" title=\"Bioethanol Kamin TOP FLAME\" src=\"https:\/\/www.raum-blick.de\/magazin\/wp-content\/uploads\/2202\/12\/radius-topflame-551a_1191659f909956a440-1.jpg\" alt=\"Bioethanol Kamin TOP FLAME\" width=\"620\" height=\"561\" srcset=\"https:\/\/raum-blick.de\/magazin\/wp-content\/uploads\/2202\/12\/radius-topflame-551a_1191659f909956a440-1.jpg 620w, https:\/\/raum-blick.de\/magazin\/wp-content\/uploads\/2202\/12\/radius-topflame-551a_1191659f909956a440-1-300x271.jpg 300w\" sizes=\"(max-width: 620px) 100vw, 620px\" \/><\/a><\/p>\n<h2><span class=\"ez-toc-section\" id=\"Zeit_fuer_uns%E2%80%A6\"><\/span>Zeit f\u00fcr uns\u2026<span class=\"ez-toc-section-end\"><\/span><\/h2>\n<p style=\"text-align: justify;\">\u2026sollte trotz allem nicht zu kurz kommen. Im Lieblingssessel, die F\u00fc\u00dfe hochgelegt, in kuschelige Kissen und Decken gebettet \u2013 wie in die von <a href=\"https:\/\/www.raum-blick.de\/silkeborg\/\">Silkeborg Uldspinderi<\/a> oder <a href=\"https:\/\/www.raum-blick.de\/studio-original\/\">Studio Original<\/a> &#8211; kann man den Trubel um sich herum auch einmal vergessen. Vertieft in ein gutes Buch oder die Lieblingsmusik \u00fcber Kopfh\u00f6rer \u2013 schon sind wir in einer anderen Welt. \u00dcber die kommenden Weihnachtstage stellt dieser Lieblingsplatz ebenfalls einen kleinen R\u00fcckzugsort dar, auf den wir uns immer wieder freuen d\u00fcrfen, wie nach einem langen Arbeitstag oder einen Tag mit den aufgedrehten Kleinen.<\/p>\n<p><img loading=\"lazy\" decoding=\"async\" class=\"alignnone wp-image-11838\" title=\"Silkeborg Uldspinderi \u2013 The Sweater Wolldecke\" src=\"https:\/\/www.raum-blick.de\/magazin\/wp-content\/uploads\/2202\/12\/silkeborg-decke-the-sweater-brown_61161-1.jpg\" alt=\"Silkeborg Uldspinderi \u2013 The Sweater Wolldecke\" width=\"305\" height=\"305\" srcset=\"https:\/\/raum-blick.de\/magazin\/wp-content\/uploads\/2202\/12\/silkeborg-decke-the-sweater-brown_61161-1.jpg 310w, https:\/\/raum-blick.de\/magazin\/wp-content\/uploads\/2202\/12\/silkeborg-decke-the-sweater-brown_61161-1-300x300.jpg 300w, https:\/\/raum-blick.de\/magazin\/wp-content\/uploads\/2202\/12\/silkeborg-decke-the-sweater-brown_61161-1-150x150.jpg 150w\" sizes=\"(max-width: 305px) 100vw, 305px\" \/> <img loading=\"lazy\" decoding=\"async\" class=\"alignnone wp-image-11839\" title=\"Silkeborg Uldspinderi \u2013 Santa Fe Wolldecke\" src=\"https:\/\/www.raum-blick.de\/magazin\/wp-content\/uploads\/2202\/12\/silkeborg-santa-fe-decke_61110-1.jpg\" alt=\"Silkeborg Uldspinderi \u2013 Santa Fe Wolldecke\" width=\"305\" height=\"305\" srcset=\"https:\/\/raum-blick.de\/magazin\/wp-content\/uploads\/2202\/12\/silkeborg-santa-fe-decke_61110-1.jpg 310w, https:\/\/raum-blick.de\/magazin\/wp-content\/uploads\/2202\/12\/silkeborg-santa-fe-decke_61110-1-300x300.jpg 300w, https:\/\/raum-blick.de\/magazin\/wp-content\/uploads\/2202\/12\/silkeborg-santa-fe-decke_61110-1-150x150.jpg 150w\" sizes=\"(max-width: 305px) 100vw, 305px\" \/><\/p>\n<p style=\"text-align: justify;\">Wir wissen, dass das Sprichwort \u201eZuhause ist es doch am sch\u00f6nsten!\u201c in den vergangenen Wochen und Monaten ein wenig an Bedeutung verloren hat. Dennoch sind wir stets zur Stelle, wenn es darum geht, die eigenen vier W\u00e4nde in etwas ganz Besonderes zu verwandeln. Nutzen wir einfach die geschenkte Zeit, um es uns f\u00fcr die Zukunft wundersch\u00f6n zu machen \u2013 denn irgendwann werden wir uns wieder danach sehnen, mehr Zeit zu Hause verbringen zu d\u00fcrfen; da sind wir uns sicher!<\/p>\n<p><a href=\"https:\/\/www.raum-blick.de\/roll-fire-feuerstelle-conmoto\"><img loading=\"lazy\" decoding=\"async\" class=\"aligncenter wp-image-11846 size-full\" title=\"conmoto Roll fire\" src=\"https:\/\/www.raum-blick.de\/magazin\/wp-content\/uploads\/2202\/12\/conmoto-roll-fire-2_16494-1.jpg\" alt=\"conmoto Roll fire\" width=\"620\" height=\"465\" srcset=\"https:\/\/raum-blick.de\/magazin\/wp-content\/uploads\/2202\/12\/conmoto-roll-fire-2_16494-1.jpg 620w, https:\/\/raum-blick.de\/magazin\/wp-content\/uploads\/2202\/12\/conmoto-roll-fire-2_16494-1-300x225.jpg 300w\" sizes=\"(max-width: 620px) 100vw, 620px\" \/><\/a><\/p>\n","protected":false},"excerpt":{"rendered":"<p>2020 war in jeder Hinsicht ein besonderes Jahr. Feierten wir vor knapp einem Jahr noch den fulminanten Start in die neuen goldenen 20er, brachen wir diese Party Ende Februar schon wieder ab. Das kurze Aufatmen im Sommer hielt leider nicht lange an \u2013 nun befinden wir uns im Lockdown light und wissen noch immer nicht, [&hellip;]<\/p>\n","protected":false},"author":4,"featured_media":11855,"comment_status":"closed","ping_status":"open","sticky":false,"template":"","format":"standard","meta":{"_et_pb_use_builder":"","_et_pb_old_content":"","_et_gb_content_width":"","inline_featured_image":false,"footnotes":""},"categories":[1],"tags":[1287,1282,1195,381,954,1288,1283,1284,1279,1280,1285,1281,19,706,1286],"class_list":["post-11821","post","type-post","status-publish","format-standard","has-post-thumbnail","hentry","category-drinnen","tag-behaglichkeit","tag-bernadotte-besteckset","tag-gemuetlichkeit","tag-holzmoebel","tag-homeoffice","tag-hygge","tag-indoor-feuerstelle","tag-lieblingssessel","tag-lockdown-light-eine-kreative-chance","tag-rustikal","tag-silkeborg-uldspinderi","tag-sitzball-von-vluv","tag-skagerak","tag-weihnachtsdekoration","tag-wolldecke"],"_links":{"self":[{"href":"https:\/\/raum-blick.de\/magazin\/wp-json\/wp\/v2\/posts\/11821","targetHints":{"allow":["GET"]}}],"collection":[{"href":"https:\/\/raum-blick.de\/magazin\/wp-json\/wp\/v2\/posts"}],"about":[{"href":"https:\/\/raum-blick.de\/magazin\/wp-json\/wp\/v2\/types\/post"}],"author":[{"embeddable":true,"href":"https:\/\/raum-blick.de\/magazin\/wp-json\/wp\/v2\/users\/4"}],"replies":[{"embeddable":true,"href":"https:\/\/raum-blick.de\/magazin\/wp-json\/wp\/v2\/comments?post=11821"}],"version-history":[{"count":24,"href":"https:\/\/raum-blick.de\/magazin\/wp-json\/wp\/v2\/posts\/11821\/revisions"}],"predecessor-version":[{"id":20682,"href":"https:\/\/raum-blick.de\/magazin\/wp-json\/wp\/v2\/posts\/11821\/revisions\/20682"}],"wp:featuredmedia":[{"embeddable":true,"href":"https:\/\/raum-blick.de\/magazin\/wp-json\/wp\/v2\/media\/11855"}],"wp:attachment":[{"href":"https:\/\/raum-blick.de\/magazin\/wp-json\/wp\/v2\/media?parent=11821"}],"wp:term":[{"taxonomy":"category","embeddable":true,"href":"https:\/\/raum-blick.de\/magazin\/wp-json\/wp\/v2\/categories?post=11821"},{"taxonomy":"post_tag","embeddable":true,"href":"https:\/\/raum-blick.de\/magazin\/wp-json\/wp\/v2\/tags?post=11821"}],"curies":[{"name":"wp","href":"https:\/\/api.w.org\/{rel}","templated":true}]}}