{"id":11711,"date":"2020-11-23T08:56:19","date_gmt":"2020-11-23T07:56:19","guid":{"rendered":"https:\/\/www.raum-blick.de\/magazin\/?p=11711"},"modified":"2022-02-23T13:43:13","modified_gmt":"2022-02-23T12:43:13","slug":"eva-solo-nordic-kitchen","status":"publish","type":"post","link":"https:\/\/raum-blick.de\/magazin\/eva-solo-nordic-kitchen\/","title":{"rendered":"Eva Solo Nordic Kitchen"},"content":{"rendered":"<h2><span class=\"ez-toc-section\" id=\"%C2%AB_Daenemarks_Premiummarke_fuer_die_Kueche_%C2%BB\"><\/span>\u00ab D\u00e4nemarks Premiummarke f\u00fcr die K\u00fcche \u00bb<span class=\"ez-toc-section-end\"><\/span><\/h2>\n<p style=\"text-align: justify;\"><strong>Ausgereifte Funktionalit\u00e4t trifft auf eine reduzierte Formensprache. Charismatische Materialien runden das minimalistische Designkonzept ab. Das \u00fcbertr\u00e4gt <\/strong><a href=\"https:\/\/www.raum-blick.de\/eva-solo\/\"><strong>Eva Solo<\/strong><\/a><strong> auf die <\/strong><a href=\"https:\/\/www.raum-blick.de\/eva-solo-nordic-kitchen-teekanne\"><strong>Nordic Kitchen Teekanne<\/strong><\/a><strong> ebenso wie Servierschalen und T\u00f6pfe. So ergibt sich in der K\u00fcche und auf dem gedeckten Tisch eine Harmonie, die den Sinnen schmeichelt.<\/strong><\/p>\n<h2><span class=\"ez-toc-section\" id=\"Purismus_mit_gemuetlichem_Touch\"><\/span>Purismus mit gem\u00fctlichem Touch<span class=\"ez-toc-section-end\"><\/span><\/h2>\n<p style=\"text-align: justify;\">Seit ihrem Deb\u00fct setzt die d\u00e4nische Marke auf das Talent von Claus Jensen und Henrik Holb\u00e6k. Die kreativen K\u00f6pfe von Tools bekennen sich zum Designstil, der f\u00fcr Skandinavien typisch ist. Sie begeistern gleichzeitig mit ihrem innovativen Zugang. Beides verdeutlicht die Kollektion Nordic Kitchen, zu der Teller, Servierplatten und weiteres Geschirr geh\u00f6rt: Auffallend klar ist die Formgebung. Sanfte Rundungen sorgen daf\u00fcr, dass die pure \u00c4sthetik nicht zu sachlich erscheint.<\/p><div id=\"ez-toc-container\" class=\"ez-toc-v2_0_82_2 counter-hierarchy ez-toc-counter ez-toc-grey ez-toc-container-direction\">\n<div class=\"ez-toc-title-container\">\n<p class=\"ez-toc-title\" style=\"cursor:inherit\">Was hier auf Sie wartet<\/p>\n<span class=\"ez-toc-title-toggle\"><a href=\"#\" class=\"ez-toc-pull-right ez-toc-btn ez-toc-btn-xs ez-toc-btn-default ez-toc-toggle\" aria-label=\"Toggle Table of Content\"><span class=\"ez-toc-js-icon-con\"><span class=\"\"><span class=\"eztoc-hide\" style=\"display:none;\">Toggle<\/span><span class=\"ez-toc-icon-toggle-span\"><svg style=\"fill: #999;color:#999\" xmlns=\"http:\/\/www.w3.org\/2000\/svg\" class=\"list-377408\" width=\"20px\" height=\"20px\" viewBox=\"0 0 24 24\" fill=\"none\"><path d=\"M6 6H4v2h2V6zm14 0H8v2h12V6zM4 11h2v2H4v-2zm16 0H8v2h12v-2zM4 16h2v2H4v-2zm16 0H8v2h12v-2z\" fill=\"currentColor\"><\/path><\/svg><svg style=\"fill: #999;color:#999\" class=\"arrow-unsorted-368013\" xmlns=\"http:\/\/www.w3.org\/2000\/svg\" width=\"10px\" height=\"10px\" viewBox=\"0 0 24 24\" version=\"1.2\" baseProfile=\"tiny\"><path d=\"M18.2 9.3l-6.2-6.3-6.2 6.3c-.2.2-.3.4-.3.7s.1.5.3.7c.2.2.4.3.7.3h11c.3 0 .5-.1.7-.3.2-.2.3-.5.3-.7s-.1-.5-.3-.7zM5.8 14.7l6.2 6.3 6.2-6.3c.2-.2.3-.5.3-.7s-.1-.5-.3-.7c-.2-.2-.4-.3-.7-.3h-11c-.3 0-.5.1-.7.3-.2.2-.3.5-.3.7s.1.5.3.7z\"\/><\/svg><\/span><\/span><\/span><\/a><\/span><\/div>\n<nav><ul class='ez-toc-list ez-toc-list-level-1 ' ><li class='ez-toc-page-1 ez-toc-heading-level-2'><a class=\"ez-toc-link ez-toc-heading-1\" href=\"https:\/\/raum-blick.de\/magazin\/eva-solo-nordic-kitchen\/#%C2%AB_Daenemarks_Premiummarke_fuer_die_Kueche_%C2%BB\" >\u00ab D\u00e4nemarks Premiummarke f\u00fcr die K\u00fcche \u00bb<\/a><\/li><li class='ez-toc-page-1 ez-toc-heading-level-2'><a class=\"ez-toc-link ez-toc-heading-2\" href=\"https:\/\/raum-blick.de\/magazin\/eva-solo-nordic-kitchen\/#Purismus_mit_gemuetlichem_Touch\" >Purismus mit gem\u00fctlichem Touch<\/a><\/li><li class='ez-toc-page-1 ez-toc-heading-level-2'><a class=\"ez-toc-link ez-toc-heading-3\" href=\"https:\/\/raum-blick.de\/magazin\/eva-solo-nordic-kitchen\/#Laessige_Ruhe_fuer_kulinarische_Momente\" >L\u00e4ssige Ruhe f\u00fcr kulinarische Momente<\/a><\/li><li class='ez-toc-page-1 ez-toc-heading-level-2'><a class=\"ez-toc-link ez-toc-heading-4\" href=\"https:\/\/raum-blick.de\/magazin\/eva-solo-nordic-kitchen\/#Kuechenkollektion_mit_funktionaler_Raffinesse\" >K\u00fcchenkollektion mit funktionaler Raffinesse<\/a><\/li><li class='ez-toc-page-1 ez-toc-heading-level-2'><a class=\"ez-toc-link ez-toc-heading-5\" href=\"https:\/\/raum-blick.de\/magazin\/eva-solo-nordic-kitchen\/#Kuechenutensilien_mit_Koepfchen\" >K\u00fcchenutensilien mit K\u00f6pfchen<\/a><\/li><\/ul><\/nav><\/div>\n\n<p><a href=\"https:\/\/www.raum-blick.de\/eva-solo-nordic-kitchen-kurzzeitmesser\"><img loading=\"lazy\" decoding=\"async\" class=\"aligncenter wp-image-11724 size-full\" title=\"Eva Solo - Nordic Kitchen Kurzzeitmesser | Design: Eva Solo\" src=\"https:\/\/www.raum-blick.de\/magazin\/wp-content\/uploads\/2020\/12\/eva-solo-nordic-kitchen-kurzzeitmesser.jpg\" alt=\"eva-solo-nordic-kitchen-kurzzeitmesser\" width=\"600\" height=\"530\" srcset=\"https:\/\/raum-blick.de\/magazin\/wp-content\/uploads\/2020\/12\/eva-solo-nordic-kitchen-kurzzeitmesser.jpg 600w, https:\/\/raum-blick.de\/magazin\/wp-content\/uploads\/2020\/12\/eva-solo-nordic-kitchen-kurzzeitmesser-300x265.jpg 300w\" sizes=\"(max-width: 600px) 100vw, 600px\" \/><\/a><\/p>\n<p style=\"text-align: justify;\">Einen rustikalen Aspekt steuert die charakteristische Struktur von Feinsteinzeug bei. Insgesamt wirkt der Look so entspannt wie der skandinavische Lebensstil. Accessoires f\u00fcr den Service wie die Nordic Kitchen Servierbretter sind lediglich die Ouvert\u00fcre. Denn das erfahrene Designerduo denkt an die komplette K\u00fcchenausstattung. Das Sortiment reicht von Kochgeschirr \u00fcber den <a href=\"https:\/\/www.raum-blick.de\/eva-solo-nordic-kitchen-kurzzeitmesser\">Kurzzeitmesser von Eva Solo<\/a> bis zum Nordic Kitchen Wasserkocher. So bleibt beim Einrichten kein Wunsch offen.<\/p>\n<h2><span class=\"ez-toc-section\" id=\"Laessige_Ruhe_fuer_kulinarische_Momente\"><\/span>L\u00e4ssige Ruhe f\u00fcr kulinarische Momente<span class=\"ez-toc-section-end\"><\/span><\/h2>\n<p style=\"text-align: justify;\">Der Wecker klingelt. Im Halbschlaf best\u00fcckt man den Esstisch mit dem Fr\u00fchst\u00fccksgeschirr aus Steinzeug. Gleich darauf wird der Kaffee in die <a href=\"https:\/\/www.raum-blick.de\/eva-solo-nordic-kitchen-isolierkanne\">Nordic Kitchen Isolierkanne<\/a> eingef\u00fcllt. Das Eindecken geht so z\u00fcgig von der Hand, dass Zeit f\u00fcr ein R\u00fchrei bleibt. Flink wird die Bratpfanne auf dem Herd positioniert.<\/p>\n<p><img loading=\"lazy\" decoding=\"async\" class=\"aligncenter wp-image-11749 size-full\" title=\"Eva Solo Nordic Kitchen Wasserkocher | 1,5 Liter\" src=\"https:\/\/www.raum-blick.de\/magazin\/wp-content\/uploads\/2020\/12\/eva-solo-nordic-kitchen-wasserkocher.jpg\" alt=\"eva-solo-nordic-kitchen-wasserkocher\" width=\"600\" height=\"600\" srcset=\"https:\/\/raum-blick.de\/magazin\/wp-content\/uploads\/2020\/12\/eva-solo-nordic-kitchen-wasserkocher.jpg 600w, https:\/\/raum-blick.de\/magazin\/wp-content\/uploads\/2020\/12\/eva-solo-nordic-kitchen-wasserkocher-300x300.jpg 300w, https:\/\/raum-blick.de\/magazin\/wp-content\/uploads\/2020\/12\/eva-solo-nordic-kitchen-wasserkocher-150x150.jpg 150w\" sizes=\"(max-width: 600px) 100vw, 600px\" \/><\/p>\n<p style=\"text-align: justify;\">Dabei f\u00e4llt auf, dass sich der Holzgriff so angenehm anf\u00fchlt wie bei der Kanne. Die Pfanne kann sich au\u00dferdem auf dem Tisch sehen lassen. Genauso salonf\u00e4hig designte Eva Solo den Nordic Kitchen Wasserkocher. Das ist ein Gl\u00fccksfall. Die Kids entscheiden immer spontan, welchen Tee sie trinken m\u00f6chten. Es ist die praktische L\u00f6sung, das hei\u00dfe Wasser auf den Fr\u00fchst\u00fcckstisch zu stellen.<\/p>\n<p><a href=\"https:\/\/www.raum-blick.de\/eva-solo-nordic-kitchen-isolierkanne\"><img loading=\"lazy\" decoding=\"async\" class=\"aligncenter wp-image-11735 size-full\" title=\"Eva Solo Nordic Kitchen Isolierkanne | 1 L | Design: Claus Jensen und Henrik Holb\u00e6k, Tools\u00ae\" src=\"https:\/\/www.raum-blick.de\/magazin\/wp-content\/uploads\/2020\/12\/eva-solo-nordic-kitchen-isolierkanne.jpg\" alt=\"eva-solo-nordic-kitchen-isolierkanne\" width=\"600\" height=\"600\" srcset=\"https:\/\/raum-blick.de\/magazin\/wp-content\/uploads\/2020\/12\/eva-solo-nordic-kitchen-isolierkanne.jpg 600w, https:\/\/raum-blick.de\/magazin\/wp-content\/uploads\/2020\/12\/eva-solo-nordic-kitchen-isolierkanne-300x300.jpg 300w, https:\/\/raum-blick.de\/magazin\/wp-content\/uploads\/2020\/12\/eva-solo-nordic-kitchen-isolierkanne-150x150.jpg 150w\" sizes=\"(max-width: 600px) 100vw, 600px\" \/><\/a><\/p>\n<p style=\"text-align: justify;\">Die morgendliche St\u00e4rkung beginnt mit dem Griff zur Nordic Kitchen Isolierkanne. Kurz darauf wird der Milchkaffee geschl\u00fcrft, der die M\u00fcdigkeit verscheucht. Danach bemerkt man, wie harmonisch das Tischarrangement wirkt. Das beruht auf keinen Plan, sondern ergab sich von selbst. Ansprechend wirken sogar die ungenutzten Dinge auf dem K\u00fcchentresen. Sie sind durchweg von Edelstahl oder schwarzen Oberfl\u00e4chen gepr\u00e4gt.<\/p>\n<p><a href=\"https:\/\/www.raum-blick.de\/eva-solo-nordic-kitchen-teekanne\"><img loading=\"lazy\" decoding=\"async\" class=\"aligncenter wp-image-11721 size-full\" title=\"Eva Solo Nordic Kitchen Teekanne | 1 L | Design: Claus Jensen und Henrik Holb\u00e6k, Tools\u00ae\" src=\"https:\/\/www.raum-blick.de\/magazin\/wp-content\/uploads\/2020\/12\/eva-solo-nordic-kitchen-teekanne.jpg\" alt=\"eva-solo-nordic-kitchen-teekanne\" width=\"600\" height=\"600\" srcset=\"https:\/\/raum-blick.de\/magazin\/wp-content\/uploads\/2020\/12\/eva-solo-nordic-kitchen-teekanne.jpg 600w, https:\/\/raum-blick.de\/magazin\/wp-content\/uploads\/2020\/12\/eva-solo-nordic-kitchen-teekanne-300x300.jpg 300w, https:\/\/raum-blick.de\/magazin\/wp-content\/uploads\/2020\/12\/eva-solo-nordic-kitchen-teekanne-150x150.jpg 150w\" sizes=\"(max-width: 600px) 100vw, 600px\" \/><\/a><\/p>\n<p style=\"text-align: justify;\">Details aus Eichenholz runden die Optik ab. Gemeinsam mit dem konsequenten Designstil l\u00f6sen sie ein bekanntes Problem: Unz\u00e4hlige Utensilien geh\u00f6ren zur grundlegenden K\u00fccheneinrichtung. Schnell ergibt sich dadurch eine unruhige Atmosph\u00e4re. Mit der d\u00e4nischen Designlinie wendet sich das Blatt. Die Raumgestaltung wirkt stimmig. Dazu tr\u00e4gt Eva Solo mit der Nordic Kitchen Teekanne ebenso bei wie dem zweckm\u00e4\u00dfigen Kochl\u00f6ffel. Gern drapiert man die K\u00fcchenhelfer sichtbar im Raum. Denn die Designelemente aus naturbelassenem Holz sorgen ganz nebenbei f\u00fcr Gem\u00fctlichkeit.<\/p>\n<h2><span class=\"ez-toc-section\" id=\"Kuechenkollektion_mit_funktionaler_Raffinesse\"><\/span>K\u00fcchenkollektion mit funktionaler Raffinesse<span class=\"ez-toc-section-end\"><\/span><\/h2>\n<p style=\"text-align: justify;\">Die gelungene \u00c4sthetik verw\u00f6hnt nicht nur das Auge. Sie ist praktisch, weil nichts gegen die griffbereite Platzierung spricht. Das steigert den Spa\u00df beim Kochen: Es verbleiben nur wenige Minuten, bis die G\u00e4ste eintreffen. Den Salat m\u00f6chte man trotzdem vorbereiten. Schnell ist das K\u00fcchenmesser zur Hand, das an der magnetischen Wandleiste auf seinen Einsatz wartet.<\/p>\n<p><img loading=\"lazy\" decoding=\"async\" class=\"aligncenter wp-image-11726 size-full\" title=\"Eva Solo Magnetmesserhalter der Nordic Kitchen Serie | Design: Claus Jensen und Henrik Holb\u00e6k, Tools\u00ae\" src=\"https:\/\/www.raum-blick.de\/magazin\/wp-content\/uploads\/2020\/12\/eva-solo-nordic-kitchen-magnetmesserhalter.jpg\" alt=\"eva-solo-nordic-kitchen-magnetmesserhalter\" width=\"600\" height=\"550\" srcset=\"https:\/\/raum-blick.de\/magazin\/wp-content\/uploads\/2020\/12\/eva-solo-nordic-kitchen-magnetmesserhalter.jpg 600w, https:\/\/raum-blick.de\/magazin\/wp-content\/uploads\/2020\/12\/eva-solo-nordic-kitchen-magnetmesserhalter-300x275.jpg 300w\" sizes=\"(max-width: 600px) 100vw, 600px\" \/><\/p>\n<p style=\"text-align: justify;\">Vorausschauend stattete man die Schneidebretter mit einer Lederschlaufe aus. Damit lassen sie sich am Wandhaken arrangieren. Dank der alltagstauglichen Ausstattung ergibt sich ein Flow. Ruckzuck sind die geschnipselten Zutaten in der Salatsch\u00fcssel. Die vorzeigbaren Schneidebretter und K\u00fcchenmesser sind l\u00e4ngst wieder an ihrem Stammplatz, als es an der T\u00fcr klingelt.<\/p>\n<blockquote>\n<p style=\"text-align: justify;\">Bei der Designserie Nordic Kitchen ist jedes Detail praktisch durchdacht. Das gilt nicht zuletzt f\u00fcr die Materialwahl.<\/p>\n<\/blockquote>\n<p style=\"text-align: justify;\">Die Kocht\u00f6pfe und Pfannen sind daf\u00fcr gelungene Exempel. Bewusst bietet Eva Solo zwei Produktlinien an. Edelstahl charakterisiert die Grundausstattung. Das Material ist nicht nur hygienisch und unkompliziert bei der Reinigung. Es erleichtert das scharfe Anbraten in einer Kasserolle.<\/p>\n<p><img loading=\"lazy\" decoding=\"async\" class=\"aligncenter wp-image-11756 size-full\" title=\"Eva Solo - Nordic Kitchen Holzschneidebrett mit Lederschlaufe | Design: Eva Solo\" src=\"https:\/\/www.raum-blick.de\/magazin\/wp-content\/uploads\/2020\/12\/eva-solo-nordic-kitchen-holzschneidebrett-rund.jpg\" alt=\"eva-solo-nordic-kitchen-holzschneidebrett-rund\" width=\"600\" height=\"600\" srcset=\"https:\/\/raum-blick.de\/magazin\/wp-content\/uploads\/2020\/12\/eva-solo-nordic-kitchen-holzschneidebrett-rund.jpg 600w, https:\/\/raum-blick.de\/magazin\/wp-content\/uploads\/2020\/12\/eva-solo-nordic-kitchen-holzschneidebrett-rund-300x300.jpg 300w, https:\/\/raum-blick.de\/magazin\/wp-content\/uploads\/2020\/12\/eva-solo-nordic-kitchen-holzschneidebrett-rund-150x150.jpg 150w\" sizes=\"(max-width: 600px) 100vw, 600px\" \/><\/p>\n<p style=\"text-align: justify;\">Bei manchen Rezepten w\u00fcnscht man sich R\u00f6staromen, obwohl das Gargut leicht zerf\u00e4llt. Daf\u00fcr bietet die Marke eine beschichtete Serie aus Aluminium an. Ihre Oberfl\u00e4chengestaltung orientiert sich am Gusseisen. Das Kochgeschirr begeistert beim Tischservice deshalb mit seinem traditionellen Charme. \u00dcber die zeitgem\u00e4\u00dfe Leichtigkeit freut man sich am Herd.<\/p>\n<h2><span class=\"ez-toc-section\" id=\"Kuechenutensilien_mit_Koepfchen\"><\/span>K\u00fcchenutensilien mit K\u00f6pfchen<span class=\"ez-toc-section-end\"><\/span><\/h2>\n<p style=\"text-align: justify;\">Die meisten Hobbyk\u00f6che sind der Designikone schon einmal begegnet: Das verschlie\u00dfbare Gef\u00e4\u00df eignet sich zum Mixen. Der Deckel sorgt nicht nur daf\u00fcr, dass keine Fl\u00fcssigkeit entweicht. Er fungiert bei Bedarf als Zitruspresse. Ja, es ist ein Sch\u00fcttelbecher &#8211; aber mit Mehrwert. Beim Deb\u00fct im Jahr 1949 war die Doppelfunktion revolution\u00e4r. Sie bescherte dem d\u00e4nischen Unternehmen den Durchbruch, das 1997 die Eigenmarke Eva Solo etablierte.<\/p>\n<p><a href=\"https:\/\/www.raum-blick.de\/eva-solo-nordic-kitchen-untersetzer-magnetisch\"><img loading=\"lazy\" decoding=\"async\" class=\"aligncenter wp-image-11728 size-full\" title=\"Eva Solo \u2013 Nordic Kitchen Topfuntersetzer | magnetisch &amp; klappbar | Design: Tools\u00ae\" src=\"https:\/\/www.raum-blick.de\/magazin\/wp-content\/uploads\/2020\/12\/eva-solo-nordic-kitchen-untersetzer-magnetisch.jpg\" alt=\"untersetzer-magnetisch\" width=\"600\" height=\"600\" srcset=\"https:\/\/raum-blick.de\/magazin\/wp-content\/uploads\/2020\/12\/eva-solo-nordic-kitchen-untersetzer-magnetisch.jpg 600w, https:\/\/raum-blick.de\/magazin\/wp-content\/uploads\/2020\/12\/eva-solo-nordic-kitchen-untersetzer-magnetisch-300x300.jpg 300w, https:\/\/raum-blick.de\/magazin\/wp-content\/uploads\/2020\/12\/eva-solo-nordic-kitchen-untersetzer-magnetisch-150x150.jpg 150w\" sizes=\"(max-width: 600px) 100vw, 600px\" \/><\/a><\/p>\n<p style=\"text-align: justify;\">Der multitalentierte Klassiker wurde mit dem Slogan &#8222;Ja, aber &#8230;&#8220; beworben. Er pr\u00e4gt bis heute die Designphilosophie: Ja, das Produkt ist \u00e4sthetisch. Aber es erleichtert mit \u00fcberraschenden Funktionen vor allem das moderne Leben. Wie pfiffig die aktuellen Designideen von Eva Solo sind, bezeugt der <a href=\"https:\/\/www.raum-blick.de\/eva-solo-nordic-kitchen-untersetzer-magnetisch\">Nordic Kitchen Topfuntersetzer<\/a>. Er besteht genau genommen aus zwei Holzschienen, die sich platzsparend verstauen lassen. Drapiert man sie nebeneinander, ergibt sich eine Abstellfl\u00e4che f\u00fcr die Auflaufform. In der gekreuzten Position empf\u00e4ngt der K\u00fcchenhelfer einen hei\u00dfen Topf. Entnimmt man daraus beim Essen eine Portion, ger\u00e4t er nicht ins Rutschen. Der clever designte Untersetzer h\u00e4lt das Kochgef\u00e4\u00df fest, weil er magnetisch ist.<\/p>\n","protected":false},"excerpt":{"rendered":"<p>\u00ab D\u00e4nemarks Premiummarke f\u00fcr die K\u00fcche \u00bb Ausgereifte Funktionalit\u00e4t trifft auf eine reduzierte Formensprache. Charismatische Materialien runden das minimalistische Designkonzept ab. Das \u00fcbertr\u00e4gt Eva Solo auf die Nordic Kitchen Teekanne ebenso wie Servierschalen und T\u00f6pfe. So ergibt sich in der K\u00fcche und auf dem gedeckten Tisch eine Harmonie, die den Sinnen schmeichelt. Purismus mit gem\u00fctlichem [&hellip;]<\/p>\n","protected":false},"author":4,"featured_media":11769,"comment_status":"closed","ping_status":"open","sticky":false,"template":"","format":"standard","meta":{"_et_pb_use_builder":"","_et_pb_old_content":"","_et_gb_content_width":"","inline_featured_image":false,"footnotes":""},"categories":[8],"tags":[1271,18,1276,1273,530,511,1272,1275,309,1274,1122,124],"class_list":["post-11711","post","type-post","status-publish","format-standard","has-post-thumbnail","hentry","category-features","tag-daenemark","tag-eva-solo","tag-holzschneidebrett","tag-isolierkanne","tag-kueche","tag-kuechenutensilien","tag-kurzzeitmesser","tag-magnetmesserhalter","tag-nordic-kitchen","tag-teekanne","tag-topfuntersetzer","tag-wasserkocher"],"_links":{"self":[{"href":"https:\/\/raum-blick.de\/magazin\/wp-json\/wp\/v2\/posts\/11711","targetHints":{"allow":["GET"]}}],"collection":[{"href":"https:\/\/raum-blick.de\/magazin\/wp-json\/wp\/v2\/posts"}],"about":[{"href":"https:\/\/raum-blick.de\/magazin\/wp-json\/wp\/v2\/types\/post"}],"author":[{"embeddable":true,"href":"https:\/\/raum-blick.de\/magazin\/wp-json\/wp\/v2\/users\/4"}],"replies":[{"embeddable":true,"href":"https:\/\/raum-blick.de\/magazin\/wp-json\/wp\/v2\/comments?post=11711"}],"version-history":[{"count":49,"href":"https:\/\/raum-blick.de\/magazin\/wp-json\/wp\/v2\/posts\/11711\/revisions"}],"predecessor-version":[{"id":15166,"href":"https:\/\/raum-blick.de\/magazin\/wp-json\/wp\/v2\/posts\/11711\/revisions\/15166"}],"wp:featuredmedia":[{"embeddable":true,"href":"https:\/\/raum-blick.de\/magazin\/wp-json\/wp\/v2\/media\/11769"}],"wp:attachment":[{"href":"https:\/\/raum-blick.de\/magazin\/wp-json\/wp\/v2\/media?parent=11711"}],"wp:term":[{"taxonomy":"category","embeddable":true,"href":"https:\/\/raum-blick.de\/magazin\/wp-json\/wp\/v2\/categories?post=11711"},{"taxonomy":"post_tag","embeddable":true,"href":"https:\/\/raum-blick.de\/magazin\/wp-json\/wp\/v2\/tags?post=11711"}],"curies":[{"name":"wp","href":"https:\/\/api.w.org\/{rel}","templated":true}]}}