{"id":11670,"date":"2020-11-20T15:16:18","date_gmt":"2020-11-20T14:16:18","guid":{"rendered":"https:\/\/www.raum-blick.de\/magazin\/?p=11670"},"modified":"2022-03-16T17:56:33","modified_gmt":"2022-03-16T16:56:33","slug":"kay-bojesen-georg-jensen-weihnachten","status":"publish","type":"post","link":"https:\/\/raum-blick.de\/magazin\/kay-bojesen-georg-jensen-weihnachten\/","title":{"rendered":"Kay Bojesen und Georg Jensen Weihnachten"},"content":{"rendered":"<h2><span class=\"ez-toc-section\" id=\"%C2%AB_Die_Weihnachtskollektionen_skandinavischer_Designmarken_2020_%C2%BB\"><\/span>\u00ab Die Weihnachtskollektionen skandinavischer Designmarken 2020 \u00bb<span class=\"ez-toc-section-end\"><\/span><\/h2>\n<p style=\"text-align: justify;\"><strong>Das Jahr verlief unerwartet und durchkreuzte viele Pl\u00e4ne. Der Wunsch ist deshalb gro\u00df, das besinnliche Finale vollends auszukosten. Eine Schl\u00fcsselrolle f\u00e4llt dabei dem stilvoll geschm\u00fcckten Zuhause zu. Mit den Weihnachtskollektionen 2020 aus Skandinavien gelingt das im Handumdrehen.<\/strong><\/p>\n<h2><span class=\"ez-toc-section\" id=\"Vorweihnachtliche_Highlights_aus_Daenemark\"><\/span>Vorweihnachtliche Highlights aus D\u00e4nemark<span class=\"ez-toc-section-end\"><\/span><\/h2>\n<p style=\"text-align: justify;\">Die Adventszeit m\u00f6chte man in Ruhe genie\u00dfen. Die Harmonie kr\u00f6nen individuelle Deko-Ideen, die spontan das Herz ansprechen. Beides ist im Stil von <a href=\"https:\/\/www.raum-blick.de\/ferm-living\/\">ferm LIVING<\/a> verankert. Die d\u00e4nische Lifestyle-Marke interpretiert Traditionelles gern kreativ. Das beschert unkonventionelle Wohnaccessoires mit einem verspielten Akzent.<\/p><div id=\"ez-toc-container\" class=\"ez-toc-v2_0_82_2 counter-hierarchy ez-toc-counter ez-toc-grey ez-toc-container-direction\">\n<div class=\"ez-toc-title-container\">\n<p class=\"ez-toc-title\" style=\"cursor:inherit\">Was hier auf Sie wartet<\/p>\n<span class=\"ez-toc-title-toggle\"><a href=\"#\" class=\"ez-toc-pull-right ez-toc-btn ez-toc-btn-xs ez-toc-btn-default ez-toc-toggle\" aria-label=\"Toggle Table of Content\"><span class=\"ez-toc-js-icon-con\"><span class=\"\"><span class=\"eztoc-hide\" style=\"display:none;\">Toggle<\/span><span class=\"ez-toc-icon-toggle-span\"><svg style=\"fill: #999;color:#999\" xmlns=\"http:\/\/www.w3.org\/2000\/svg\" class=\"list-377408\" width=\"20px\" height=\"20px\" viewBox=\"0 0 24 24\" fill=\"none\"><path d=\"M6 6H4v2h2V6zm14 0H8v2h12V6zM4 11h2v2H4v-2zm16 0H8v2h12v-2zM4 16h2v2H4v-2zm16 0H8v2h12v-2z\" fill=\"currentColor\"><\/path><\/svg><svg style=\"fill: #999;color:#999\" class=\"arrow-unsorted-368013\" xmlns=\"http:\/\/www.w3.org\/2000\/svg\" width=\"10px\" height=\"10px\" viewBox=\"0 0 24 24\" version=\"1.2\" baseProfile=\"tiny\"><path d=\"M18.2 9.3l-6.2-6.3-6.2 6.3c-.2.2-.3.4-.3.7s.1.5.3.7c.2.2.4.3.7.3h11c.3 0 .5-.1.7-.3.2-.2.3-.5.3-.7s-.1-.5-.3-.7zM5.8 14.7l6.2 6.3 6.2-6.3c.2-.2.3-.5.3-.7s-.1-.5-.3-.7c-.2-.2-.4-.3-.7-.3h-11c-.3 0-.5.1-.7.3-.2.2-.3.5-.3.7s.1.5.3.7z\"\/><\/svg><\/span><\/span><\/span><\/a><\/span><\/div>\n<nav><ul class='ez-toc-list ez-toc-list-level-1 ' ><li class='ez-toc-page-1 ez-toc-heading-level-2'><a class=\"ez-toc-link ez-toc-heading-1\" href=\"https:\/\/raum-blick.de\/magazin\/kay-bojesen-georg-jensen-weihnachten\/#%C2%AB_Die_Weihnachtskollektionen_skandinavischer_Designmarken_2020_%C2%BB\" >\u00ab Die Weihnachtskollektionen skandinavischer Designmarken 2020 \u00bb<\/a><\/li><li class='ez-toc-page-1 ez-toc-heading-level-2'><a class=\"ez-toc-link ez-toc-heading-2\" href=\"https:\/\/raum-blick.de\/magazin\/kay-bojesen-georg-jensen-weihnachten\/#Vorweihnachtliche_Highlights_aus_Daenemark\" >Vorweihnachtliche Highlights aus D\u00e4nemark<\/a><\/li><li class='ez-toc-page-1 ez-toc-heading-level-2'><a class=\"ez-toc-link ez-toc-heading-3\" href=\"https:\/\/raum-blick.de\/magazin\/kay-bojesen-georg-jensen-weihnachten\/#Adventsstimmung_beim_Fruehstueck\" >Adventsstimmung beim Fr\u00fchst\u00fcck<\/a><\/li><li class='ez-toc-page-1 ez-toc-heading-level-2'><a class=\"ez-toc-link ez-toc-heading-4\" href=\"https:\/\/raum-blick.de\/magazin\/kay-bojesen-georg-jensen-weihnachten\/#Weihnachtliche_Begruessung_%E2%80%93_elegant_oder_humorvoll\" >Weihnachtliche Begr\u00fc\u00dfung \u2013 elegant oder humorvoll<\/a><\/li><li class='ez-toc-page-1 ez-toc-heading-level-2'><a class=\"ez-toc-link ez-toc-heading-5\" href=\"https:\/\/raum-blick.de\/magazin\/kay-bojesen-georg-jensen-weihnachten\/#Verwandlungskuenstler_fuer_die_Wohndeko\" >Verwandlungsk\u00fcnstler f\u00fcr die Wohndeko<\/a><\/li><li class='ez-toc-page-1 ez-toc-heading-level-2'><a class=\"ez-toc-link ez-toc-heading-6\" href=\"https:\/\/raum-blick.de\/magazin\/kay-bojesen-georg-jensen-weihnachten\/#Schmuckstuecke_fuer_die_Weihnachtsdekoration\" >Schmuckst\u00fccke f\u00fcr die Weihnachtsdekoration<\/a><\/li><li class='ez-toc-page-1 ez-toc-heading-level-2'><a class=\"ez-toc-link ez-toc-heading-7\" href=\"https:\/\/raum-blick.de\/magazin\/kay-bojesen-georg-jensen-weihnachten\/#Ideen_fuers_Weihnachtsessen_%E2%80%93_Schlemmen_wie_in_Schweden\" >Ideen f\u00fcrs Weihnachtsessen \u2013 Schlemmen wie in Schweden<\/a><\/li><\/ul><\/nav><\/div>\n\n<p><a href=\"https:\/\/www.raum-blick.de\/ferm-living-adventskalender-haus\"><img loading=\"lazy\" decoding=\"async\" class=\"aligncenter wp-image-11697 size-full\" title=\"ferm Living Adventskalender | Haus | Design: Trine Andersen\" src=\"https:\/\/www.raum-blick.de\/magazin\/wp-content\/uploads\/2020\/12\/ferm-living-adventskalender-haus.jpg\" alt=\"ferm-living-adventskalender-haus\" width=\"600\" height=\"600\" srcset=\"https:\/\/raum-blick.de\/magazin\/wp-content\/uploads\/2020\/12\/ferm-living-adventskalender-haus.jpg 600w, https:\/\/raum-blick.de\/magazin\/wp-content\/uploads\/2020\/12\/ferm-living-adventskalender-haus-300x300.jpg 300w, https:\/\/raum-blick.de\/magazin\/wp-content\/uploads\/2020\/12\/ferm-living-adventskalender-haus-150x150.jpg 150w\" sizes=\"(max-width: 600px) 100vw, 600px\" \/><\/a><\/p>\n<p style=\"text-align: justify;\">Aus reiner Baumwolle skizziert Trine Andersen ein Haus mit 24 Taschen. Selbst f\u00fcgt man kleine Geschenke hinzu. Schon steht der Adventskalender. Sein Design gef\u00e4llt den Kids und Erwachsenen. Raffiniert ist eine Kombination mit dem Wichteln: Alle Familienmitglieder steuern P\u00e4ckchen bei und d\u00fcrfen im Dezember abwechselnd zugreifen. Jeder Sonntag wird mit s\u00fc\u00dfen Leckereien zelebriert. Sukzessive bereichern dabei vier Lichter das Ambiente. Sie thronen gew\u00f6hnlich auf \u00fcppigen Kr\u00e4nzen.<\/p>\n<p><a href=\"https:\/\/www.raum-blick.de\/ferm-living-scented-adventskerzen\"><img loading=\"lazy\" decoding=\"async\" class=\"aligncenter wp-image-11676 size-full\" title=\"ferm LIVING \u2013 Duftende Adventskerzen | vier nummerierte Kerzen f\u00fcr die Adventszeit\" src=\"https:\/\/www.raum-blick.de\/magazin\/wp-content\/uploads\/2020\/12\/ferm-living-scented-adventskerzen.jpg\" alt=\"ferm-living-scented-adventskerzen\" width=\"600\" height=\"600\" srcset=\"https:\/\/raum-blick.de\/magazin\/wp-content\/uploads\/2020\/12\/ferm-living-scented-adventskerzen.jpg 600w, https:\/\/raum-blick.de\/magazin\/wp-content\/uploads\/2020\/12\/ferm-living-scented-adventskerzen-300x300.jpg 300w, https:\/\/raum-blick.de\/magazin\/wp-content\/uploads\/2020\/12\/ferm-living-scented-adventskerzen-150x150.jpg 150w\" sizes=\"(max-width: 600px) 100vw, 600px\" \/><\/a><\/p>\n<p style=\"text-align: justify;\">\u00dcberraschend pur w\u00fcrdigt ferm LIVING die Tradition: Die <a href=\"https:\/\/www.raum-blick.de\/ferm-living-scented-adventskerzen\">nummerierten Adventskerzen<\/a> warten darauf, dass man sie entz\u00fcndet. Danach bahnt sich ein himmlischer Zimtduft den Weg durchs Haus. Hochwertig wirken die Glasgef\u00e4\u00dfe der Adventsdeko. Nichts spricht dagegen, sie im n\u00e4chsten Jahr selbst mit aromatisierten Kerzenwachs aufzuf\u00fcllen.<\/p>\n<h2><span class=\"ez-toc-section\" id=\"Adventsstimmung_beim_Fruehstueck\"><\/span>Adventsstimmung beim Fr\u00fchst\u00fcck<span class=\"ez-toc-section-end\"><\/span><\/h2>\n<p style=\"text-align: justify;\">Wahrhaftige Genie\u00dfer vers\u00e4umen es nicht, im Alltag die Sinne zu verw\u00f6hnen. Die Kollektion <a href=\"https:\/\/www.raum-blick.de\/kaehler-design\/\">Hammershoi von K\u00e4hler Design<\/a> ist daf\u00fcr geschaffen. Ihr purer Look mit der Riffelung steht den t\u00e4glichen Mahlzeiten und besonderen Anl\u00e4ssen ausgesprochen gut. Die Serie wertete K\u00e4hler f\u00fcr Weihnachten auf: Ein dekorierter Zweig rankt sich \u00fcber den Kaffeebecher.<\/p>\n<p><img loading=\"lazy\" decoding=\"async\" class=\"aligncenter wp-image-11678 size-full\" title=\"K\u00e4hler \u2013 Vase Hammersh\u00f8i mit weihnachtlichem Motiv | Design: Rikke Jacobsen\" src=\"https:\/\/www.raum-blick.de\/magazin\/wp-content\/uploads\/2020\/12\/kaehler-hammershoei-weihnachtsvase.jpg\" alt=\"kaehler-hammershoei-weihnachtsvase-kay-bojesen-georg-jensen-weihnachten\" width=\"600\" height=\"600\" srcset=\"https:\/\/raum-blick.de\/magazin\/wp-content\/uploads\/2020\/12\/kaehler-hammershoei-weihnachtsvase.jpg 600w, https:\/\/raum-blick.de\/magazin\/wp-content\/uploads\/2020\/12\/kaehler-hammershoei-weihnachtsvase-300x300.jpg 300w, https:\/\/raum-blick.de\/magazin\/wp-content\/uploads\/2020\/12\/kaehler-hammershoei-weihnachtsvase-150x150.jpg 150w\" sizes=\"(max-width: 600px) 100vw, 600px\" \/><\/p>\n<p style=\"text-align: justify;\">Die nordische Traditionsmarke bel\u00e4sst es nicht beim Einzelg\u00e4nger. Schick macht sich auf dem K\u00fcchentisch die passende Weihnachtsvase von K\u00e4hler Design. Mit ihrem Dekor harmoniert etwas Tannengr\u00fcn wunderbar. Am winterlichen Gru\u00df aus dem Vorgarten bleibt der Blick haften, wenn man beim Fr\u00fchst\u00fccken am Kaffee nippt. So stimmt man sich dank K\u00e4hler auf Weihnachten ein und kurbelt bei tr\u00fcbem Winterwetter die gute Laune an.<\/p>\n<h2><span class=\"ez-toc-section\" id=\"Weihnachtliche_Begruessung_%E2%80%93_elegant_oder_humorvoll\"><\/span>Weihnachtliche Begr\u00fc\u00dfung \u2013 elegant oder humorvoll<span class=\"ez-toc-section-end\"><\/span><\/h2>\n<p style=\"text-align: justify;\">Die T\u00fcr hat sich soeben ge\u00f6ffnet. Schon w\u00e4chst die Vorfreude auf einen gem\u00fctlichen Abend. Die Deko auf dem Sideboard im Flur deutet an, wie liebevoll das Wohnzimmer gestaltet ist. Elegant verweisen die Stelton Tangle Tannenb\u00e4ume aus Messing auf die Weihnachtszeit. Daneben hebt sich eine detailreich arrangierte Blumendeko hervor: Gebundene Tannenzweige kaschieren das T\u00f6pfchen der Christrose. Sie thront auf Zapfen, die man locker in das Gef\u00e4\u00df legte. Dem aufmerksamen Gast entgeht nicht, dass es sich dabei um die Glasvase aus der Stelton Tangle Weihnachtsserie handelt.<\/p>\n<p><img loading=\"lazy\" decoding=\"async\" class=\"aligncenter wp-image-11680 size-full\" title=\"Stelton \u2013 Tangle Tannenbaum | 2er Set | Design: Halskov &amp; Dalsgaard\" src=\"https:\/\/www.raum-blick.de\/magazin\/wp-content\/uploads\/2020\/12\/stelton-tangle-tannenbaum-2er-set.jpg\" alt=\"stelton-tangle-tannenbaum-2er-set\" width=\"600\" height=\"600\" srcset=\"https:\/\/raum-blick.de\/magazin\/wp-content\/uploads\/2020\/12\/stelton-tangle-tannenbaum-2er-set.jpg 600w, https:\/\/raum-blick.de\/magazin\/wp-content\/uploads\/2020\/12\/stelton-tangle-tannenbaum-2er-set-300x300.jpg 300w, https:\/\/raum-blick.de\/magazin\/wp-content\/uploads\/2020\/12\/stelton-tangle-tannenbaum-2er-set-150x150.jpg 150w\" sizes=\"(max-width: 600px) 100vw, 600px\" \/><\/p>\n<p style=\"text-align: justify;\">Wer seine Freunde mit einem Augenzwinkern begr\u00fc\u00dfen m\u00f6chte, trifft mit Designikonen ins Schwarze: Vor Jahrzehnten entwarf <a href=\"https:\/\/www.raum-blick.de\/kay-bojesen\/\">Kay Bojesen<\/a> f\u00fcr Weihnachten die h\u00fcbschen Holzfiguren. Mit seinem Bart und dicken Bauch wirkt der bewegliche Weihnachtsmann vertraut. Welche Position er einnimmt, entscheidet man beim Dekorieren.<\/p>\n<p><a href=\"https:\/\/www.raum-blick.de\/kay-bojesen-weihnachtsjunge-ole-holzfigur\"><img loading=\"lazy\" decoding=\"async\" class=\"aligncenter wp-image-11684 size-full\" title=\"Kay Bojesen \u2013 Weihnachtsjunge Ole | Holzfigur | Design: Kay Bojesen\" src=\"https:\/\/www.raum-blick.de\/magazin\/wp-content\/uploads\/2020\/12\/kay-bojesen-weihnachtsjunge-ole-holzfigur.jpg\" alt=\"kay-bojesen-weihnachtsjunge-ole-holzfigur-kay-bojesen-georg-jensen-weihnachten\" width=\"600\" height=\"600\" srcset=\"https:\/\/raum-blick.de\/magazin\/wp-content\/uploads\/2020\/12\/kay-bojesen-weihnachtsjunge-ole-holzfigur.jpg 600w, https:\/\/raum-blick.de\/magazin\/wp-content\/uploads\/2020\/12\/kay-bojesen-weihnachtsjunge-ole-holzfigur-300x300.jpg 300w, https:\/\/raum-blick.de\/magazin\/wp-content\/uploads\/2020\/12\/kay-bojesen-weihnachtsjunge-ole-holzfigur-150x150.jpg 150w\" sizes=\"(max-width: 600px) 100vw, 600px\" \/><\/a><\/p>\n<p style=\"text-align: justify;\">Ungew\u00f6hnlich ist, dass der saisonale Hauptdarsteller seine gesamte Familie mitbringt. Auf der Anrichte entdeckt man nicht nur die Weihnachtsfrau.<\/p>\n<blockquote>\n<p style=\"text-align: justify;\">Die Kinder Ole und Lise sind ebenfalls anwesend. So sorgt Kay Bojesen zu Weihnachten f\u00fcr einen vergn\u00fcglichen Eyecatcher.<\/p>\n<\/blockquote>\n<h2><span class=\"ez-toc-section\" id=\"Verwandlungskuenstler_fuer_die_Wohndeko\"><\/span>Verwandlungsk\u00fcnstler f\u00fcr die Wohndeko<span class=\"ez-toc-section-end\"><\/span><\/h2>\n<p style=\"text-align: justify;\">Die saisonalen Akzente sind nur f\u00fcr wenige Wochen gefragt. Danach werden sie in Kisten verstaut, f\u00fcr die man Stauraum ben\u00f6tigt. Wer darauf verzichten m\u00f6chte, freut sich \u00fcber die pfiffigen Dekorationsideen von <a href=\"https:\/\/www.raum-blick.de\/applicata\/\">applicata<\/a>: Das <a href=\"https:\/\/www.raum-blick.de\/applicata-luna-tablett\">Tablett Luna<\/a> ist im Nu mit den vier Kerzenhaltern best\u00fcckt. Wie man sie arrangiert, ist eine Frage des pers\u00f6nlichen Geschmacks. Gleiches gilt f\u00fcr die i-T\u00fcpfelchen in der Mitte. Der Adventskranz l\u00e4sst sich dadurch allj\u00e4hrlich anders akzentuieren. Hat er seine Mission erf\u00fcllt, bleibt die Ablage aus Eichenholz im Rennen.<\/p>\n<p><a href=\"https:\/\/www.raum-blick.de\/applicata-luna-tablett\"><img loading=\"lazy\" decoding=\"async\" class=\"aligncenter wp-image-11690 size-full\" title=\"applicata Luna Tray | Tablett | Design: Anders N\u00f8rgaard\" src=\"https:\/\/www.raum-blick.de\/magazin\/wp-content\/uploads\/2020\/12\/applicata-luna-tablett-1.jpg\" alt=\"applicata-luna-tablett\" width=\"600\" height=\"600\" srcset=\"https:\/\/raum-blick.de\/magazin\/wp-content\/uploads\/2020\/12\/applicata-luna-tablett-1.jpg 600w, https:\/\/raum-blick.de\/magazin\/wp-content\/uploads\/2020\/12\/applicata-luna-tablett-1-300x300.jpg 300w, https:\/\/raum-blick.de\/magazin\/wp-content\/uploads\/2020\/12\/applicata-luna-tablett-1-150x150.jpg 150w\" sizes=\"(max-width: 600px) 100vw, 600px\" \/><\/a><\/p>\n<p style=\"text-align: justify;\">Die Kerzendeko erg\u00e4nzt das Wohnaccessoire Circle Balance von applicata treffend. Amanda Lilholt dachte nicht an einen bestimmten Anlass, als sie die Vase entwarf. Der goldene Schimmer des Messings hat aber einen festlichen Touch. Die reduzierte Formgebung passt zum Holztablett mit den Adventskerzen.<\/p>\n<p><img loading=\"lazy\" decoding=\"async\" class=\"aligncenter wp-image-11694 size-full\" title=\"applicata \u2013 CIRCLE Balance Vase \/ Kerzenhalter | Kerzenst\u00e4nder | Design: Amanda Lilholt\" src=\"https:\/\/www.raum-blick.de\/magazin\/wp-content\/uploads\/2020\/12\/applicata-balance-vase-kerzenhalter.jpg\" alt=\"applicata-balance-vase-kerzenhalter-kay-bojesen-georg-jensen-weihnachten\" width=\"600\" height=\"590\" srcset=\"https:\/\/raum-blick.de\/magazin\/wp-content\/uploads\/2020\/12\/applicata-balance-vase-kerzenhalter.jpg 600w, https:\/\/raum-blick.de\/magazin\/wp-content\/uploads\/2020\/12\/applicata-balance-vase-kerzenhalter-300x295.jpg 300w\" sizes=\"(max-width: 600px) 100vw, 600px\" \/><\/p>\n<p style=\"text-align: justify;\">Sein nat\u00fcrliches Charisma verst\u00e4rkt sich, wenn neben ihm ein Mistelzweig auftaucht. Der Gl\u00fccksbringer genie\u00dft die volle Aufmerksamkeit, weil die Messingvase minimalistisch designt ist. Sie inszeniert zu jeder Jahreszeit effektvoll einzelne Bl\u00fcten. Alternativ bietet sich das Multitalent als Kerzenst\u00e4nder an.<\/p>\n<h2><span class=\"ez-toc-section\" id=\"Schmuckstuecke_fuer_die_Weihnachtsdekoration\"><\/span>Schmuckst\u00fccke f\u00fcr die Weihnachtsdekoration<span class=\"ez-toc-section-end\"><\/span><\/h2>\n<p style=\"text-align: justify;\">Den Grundstein f\u00fcr die Designmarke legte ein Silberschmied. Das spiegelt sich in den Kleinoden wider, die <a href=\"https:\/\/www.raum-blick.de\/georg-jensen\/\">Georg Jensen<\/a> zu Weihnachten auflegt. Sie sind mit gl\u00e4nzendem Palladium oder Gold veredelt. Das beschert ein entz\u00fcckendes Funkeln, wenn Licht darauf trifft. Fans der Marke g\u00f6nnen sich jeden Winter einige St\u00fccke f\u00fcr die pers\u00f6nliche Sammlung. Der \u00fcbergeordnete Designstil verbindet die Weihnachtskollektionen, die sich jeweils einem Motto widmen.<\/p>\n<p><img loading=\"lazy\" decoding=\"async\" class=\"aligncenter wp-image-11700 size-full\" title=\"Georg Jensen \u2013 Mobile Korb | Weihnachtsschmuck | Design: Anne Marie Trolle\" src=\"https:\/\/www.raum-blick.de\/magazin\/wp-content\/uploads\/2020\/12\/georg-jensen-weihnachtsmobile-2020-korb.jpg\" alt=\"georg-jensen-weihnachtsmobile-2020-korb\" width=\"600\" height=\"600\" srcset=\"https:\/\/raum-blick.de\/magazin\/wp-content\/uploads\/2020\/12\/georg-jensen-weihnachtsmobile-2020-korb.jpg 600w, https:\/\/raum-blick.de\/magazin\/wp-content\/uploads\/2020\/12\/georg-jensen-weihnachtsmobile-2020-korb-300x300.jpg 300w, https:\/\/raum-blick.de\/magazin\/wp-content\/uploads\/2020\/12\/georg-jensen-weihnachtsmobile-2020-korb-150x150.jpg 150w\" sizes=\"(max-width: 600px) 100vw, 600px\" \/><\/p>\n<p style=\"text-align: justify;\">Naturmotive greift Georg Jensen Weihnachten 2020 auf. Sanne Lund Traberg lie\u00df sich daf\u00fcr von Winterpflanzen im Garten inspirieren. Zu den aktuellen Wohntrends passt der ornamentale Stil, mit dem die Designerin die Bl\u00fcten skizziert. Sie schm\u00fccken den gigantischen Tannenzweig, der \u00fcber dem Esstisch schwebt. Die Sch\u00e4lchen mit den Pl\u00e4tzchen und St\u00e4nder f\u00fcr die Kerzen schlie\u00dfen sich dem floralen Thema an. Durch die wiederkehrenden Elemente wirkt die Dinnertafel \u00e4u\u00dferst stimmig. Das schimmernde Edelmetall verleiht ihr eine feierliche Note.<\/p>\n<h2><span class=\"ez-toc-section\" id=\"Ideen_fuers_Weihnachtsessen_%E2%80%93_Schlemmen_wie_in_Schweden\"><\/span>Ideen f\u00fcrs Weihnachtsessen \u2013 Schlemmen wie in Schweden<span class=\"ez-toc-section-end\"><\/span><\/h2>\n<p style=\"text-align: justify;\">Die <a href=\"https:\/\/www.raum-blick.de\/weihnachtsdeko\/\">Weihnachtsdeko<\/a> weckt den Appetit auf ein Men\u00fc, das skandinavisch gepr\u00e4gt ist. Opulent f\u00e4llt im hohen Norden traditionell das Vorspeisenbuffet mit vielen Fischspezialit\u00e4ten aus. Labt man sich daran, bleibt kaum Platz f\u00fcr die S\u00fc\u00dfigkeiten auf dem Weihnachtsteller. Etwas leichter schl\u00e4gt man die Br\u00fccke zur Region mit gebeiztem Lachs, den ein Reibekuchen-Muffin begleitet.<\/p>\n<p><img loading=\"lazy\" decoding=\"async\" class=\"aligncenter wp-image-11702 size-full\" title=\"K\u00e4hler Hammershoi Weihnachtsschale auf Fu\u00df | Dekorative Schalen | Design: Hans-Christian Bauer &amp; Rikke Jacobsen\" src=\"https:\/\/www.raum-blick.de\/magazin\/wp-content\/uploads\/2020\/12\/kaehler-design-hammershoi-weihnachtsschale-1.jpg\" alt=\"kaehler-design-hammershoi-weihnachtsschale-kay-bojesen-georg-jensen-weihnachten\" width=\"600\" height=\"600\" srcset=\"https:\/\/raum-blick.de\/magazin\/wp-content\/uploads\/2020\/12\/kaehler-design-hammershoi-weihnachtsschale-1.jpg 600w, https:\/\/raum-blick.de\/magazin\/wp-content\/uploads\/2020\/12\/kaehler-design-hammershoi-weihnachtsschale-1-300x300.jpg 300w, https:\/\/raum-blick.de\/magazin\/wp-content\/uploads\/2020\/12\/kaehler-design-hammershoi-weihnachtsschale-1-150x150.jpg 150w\" sizes=\"(max-width: 600px) 100vw, 600px\" \/><\/p>\n<p style=\"text-align: justify;\">Nach dem gelungenen Auftakt steht ein Lieblingsgericht auf dem Programm, das alle Generationen entz\u00fcckt: Etwas Piment verleiht den unwiderstehlichen K\u00f6ttbullar einen weihnachtlichen Touch. Klassisch pr\u00e4sentieren sich die sahnigen Hackb\u00e4llchen mit Kartoffelp\u00fcree und Preiselbeeren.<\/p>\n<p><img loading=\"lazy\" decoding=\"async\" class=\"aligncenter wp-image-11708 size-full\" title=\"K\u00e4hler Hammershoi Weihnachtsbonbonniere | mit passendem Deckel | Design: Hans-Christian Bauer &amp; Rikke Jacobsen\" src=\"https:\/\/www.raum-blick.de\/magazin\/wp-content\/uploads\/2020\/12\/kaehler-design-hammershoi-weihnachtsbonbonniere-1.jpg\" alt=\"kaehler-design-hammershoi-weihnachtsbonbonniere\" width=\"600\" height=\"600\" srcset=\"https:\/\/raum-blick.de\/magazin\/wp-content\/uploads\/2020\/12\/kaehler-design-hammershoi-weihnachtsbonbonniere-1.jpg 600w, https:\/\/raum-blick.de\/magazin\/wp-content\/uploads\/2020\/12\/kaehler-design-hammershoi-weihnachtsbonbonniere-1-300x300.jpg 300w, https:\/\/raum-blick.de\/magazin\/wp-content\/uploads\/2020\/12\/kaehler-design-hammershoi-weihnachtsbonbonniere-1-150x150.jpg 150w\" sizes=\"(max-width: 600px) 100vw, 600px\" \/><\/p>\n<p style=\"text-align: justify;\">Die Gourmetreise kr\u00f6nt der Risgrynsgr\u00f6t, mit dem ein Weihnachtsbrauch verkn\u00fcpft ist: In einem der Sch\u00e4lchen versteckt die K\u00fcchenfee eine ganze Mandel. Wer den Milchreis erwischt, bekommt ein zus\u00e4tzliches Weihnachtspr\u00e4sent.<\/p>\n<p><img loading=\"lazy\" decoding=\"async\" class=\"aligncenter wp-image-11706 size-full\" title=\"Georg Jensen - Christimas Mobile \u201cShooting Star\u201d | Weihnachtsschmuck | Design: Regitze Overgaard\" src=\"https:\/\/www.raum-blick.de\/magazin\/wp-content\/uploads\/2020\/12\/georg-jensen-christmas-mobile-shooting-star-2020.jpg\" alt=\"georg-jensen-christmas-mobile-shooting-star-2020-kay-bojesen-georg-jensen-weihnachten\" width=\"600\" height=\"590\" srcset=\"https:\/\/raum-blick.de\/magazin\/wp-content\/uploads\/2020\/12\/georg-jensen-christmas-mobile-shooting-star-2020.jpg 600w, https:\/\/raum-blick.de\/magazin\/wp-content\/uploads\/2020\/12\/georg-jensen-christmas-mobile-shooting-star-2020-300x295.jpg 300w\" sizes=\"(max-width: 600px) 100vw, 600px\" \/><\/p>\n<p style=\"text-align: justify;\">Das Christmas Mobile &#8222;Shooting Star&#8220; 2020 ist daf\u00fcr eine vielsagende Geschenkidee: Das limitierte Accessoire m\u00f6chte Hoffnung und Freude vermitteln. Prachtvoll f\u00e4ngt es deshalb den Sternenhimmel f\u00fcr die Gl\u00fcckspilze ein, die damit \u00fcberrascht werden.<\/p>\n","protected":false},"excerpt":{"rendered":"<p>\u00ab Die Weihnachtskollektionen skandinavischer Designmarken 2020 \u00bb Das Jahr verlief unerwartet und durchkreuzte viele Pl\u00e4ne. Der Wunsch ist deshalb gro\u00df, das besinnliche Finale vollends auszukosten. Eine Schl\u00fcsselrolle f\u00e4llt dabei dem stilvoll geschm\u00fcckten Zuhause zu. Mit den Weihnachtskollektionen 2020 aus Skandinavien gelingt das im Handumdrehen. Vorweihnachtliche Highlights aus D\u00e4nemark Die Adventszeit m\u00f6chte man in Ruhe genie\u00dfen. [&hellip;]<\/p>\n","protected":false},"author":4,"featured_media":11699,"comment_status":"closed","ping_status":"open","sticky":false,"template":"","format":"standard","meta":{"_et_pb_use_builder":"","_et_pb_old_content":"","_et_gb_content_width":"","inline_featured_image":false,"footnotes":""},"categories":[7],"tags":[710,708,1268,22,352,334,206,341,119,360,323,357,322,288,122,1270,846,732,41,545,146,486,706,733,1269],"class_list":["post-11670","post","type-post","status-publish","format-standard","has-post-thumbnail","hentry","category-accessoires-lifestyle","tag-advent","tag-adventskalender","tag-adventskerzen","tag-applicata","tag-bonbonniere","tag-design","tag-ferm-living","tag-georg-jensen","tag-geschirr","tag-hammershoi","tag-holzfiguren","tag-kaehler","tag-kay-bojesen","tag-kerzenhalter","tag-kerzenstaender","tag-mobile","tag-schale","tag-skandinavisch","tag-stelton","tag-tablett","tag-vasen","tag-weihnachten","tag-weihnachtsdekoration","tag-weihnachtsschmuck","tag-wohndeko"],"_links":{"self":[{"href":"https:\/\/raum-blick.de\/magazin\/wp-json\/wp\/v2\/posts\/11670","targetHints":{"allow":["GET"]}}],"collection":[{"href":"https:\/\/raum-blick.de\/magazin\/wp-json\/wp\/v2\/posts"}],"about":[{"href":"https:\/\/raum-blick.de\/magazin\/wp-json\/wp\/v2\/types\/post"}],"author":[{"embeddable":true,"href":"https:\/\/raum-blick.de\/magazin\/wp-json\/wp\/v2\/users\/4"}],"replies":[{"embeddable":true,"href":"https:\/\/raum-blick.de\/magazin\/wp-json\/wp\/v2\/comments?post=11670"}],"version-history":[{"count":37,"href":"https:\/\/raum-blick.de\/magazin\/wp-json\/wp\/v2\/posts\/11670\/revisions"}],"predecessor-version":[{"id":15425,"href":"https:\/\/raum-blick.de\/magazin\/wp-json\/wp\/v2\/posts\/11670\/revisions\/15425"}],"wp:featuredmedia":[{"embeddable":true,"href":"https:\/\/raum-blick.de\/magazin\/wp-json\/wp\/v2\/media\/11699"}],"wp:attachment":[{"href":"https:\/\/raum-blick.de\/magazin\/wp-json\/wp\/v2\/media?parent=11670"}],"wp:term":[{"taxonomy":"category","embeddable":true,"href":"https:\/\/raum-blick.de\/magazin\/wp-json\/wp\/v2\/categories?post=11670"},{"taxonomy":"post_tag","embeddable":true,"href":"https:\/\/raum-blick.de\/magazin\/wp-json\/wp\/v2\/tags?post=11670"}],"curies":[{"name":"wp","href":"https:\/\/api.w.org\/{rel}","templated":true}]}}