{"id":11605,"date":"2020-11-18T10:55:52","date_gmt":"2020-11-18T09:55:52","guid":{"rendered":"https:\/\/www.raum-blick.de\/magazin\/?p=11605"},"modified":"2021-12-20T16:22:46","modified_gmt":"2021-12-20T15:22:46","slug":"skandinavischer-weihnachtsschmuck","status":"publish","type":"post","link":"https:\/\/raum-blick.de\/magazin\/skandinavischer-weihnachtsschmuck\/","title":{"rendered":"Skandinavischer Weihnachtsschmuck"},"content":{"rendered":"<h2><span class=\"ez-toc-section\" id=\"%C2%AB_Nordische_Deko_fuers_Fest_%C2%BB\"><\/span>\u00ab Nordische Deko f\u00fcrs Fest \u00bb<span class=\"ez-toc-section-end\"><\/span><\/h2>\n<p style=\"text-align: justify;\"><strong>Klirrende K\u00e4lte begleitet den Winterspaziergang. Die klare Luft balsamiert die Seele und sch\u00fcrt die Vorfreude auf das gem\u00fctliche Zuhause. Dort sorgt nicht nur der knisternde Kamin f\u00fcr warmes Ambiente. Die skandinavische Weihnachtsdeko tr\u00e4gt ihren Teil dazu bei. Sie signiert so bezaubernd die Wohnung, dass man spontan aufseufzt: Ach, ist das hyggelig.<\/strong><\/p>\n<h2><span class=\"ez-toc-section\" id=\"Adventsstimmung_mit_eleganter_Leichtigkeit\"><\/span>Adventsstimmung mit eleganter Leichtigkeit<span class=\"ez-toc-section-end\"><\/span><\/h2>\n<p style=\"text-align: justify;\">Liebevoll dekorierte Wohnungen, s\u00fcndhafte Leckereien und herzerw\u00e4rmende Gem\u00fctlichkeit: Der erste Sonntag im Dezember l\u00e4utet die Hochsaison f\u00fcr Genie\u00dfer ein. Das verdeutlicht die Einladung zum Adventsnachmittag. Duftende Tannenzweige begr\u00fc\u00dfen die G\u00e4ste an der Haust\u00fcr.<\/p><div id=\"ez-toc-container\" class=\"ez-toc-v2_0_82_2 counter-hierarchy ez-toc-counter ez-toc-grey ez-toc-container-direction\">\n<div class=\"ez-toc-title-container\">\n<p class=\"ez-toc-title\" style=\"cursor:inherit\">Was hier auf Sie wartet<\/p>\n<span class=\"ez-toc-title-toggle\"><a href=\"#\" class=\"ez-toc-pull-right ez-toc-btn ez-toc-btn-xs ez-toc-btn-default ez-toc-toggle\" aria-label=\"Toggle Table of Content\"><span class=\"ez-toc-js-icon-con\"><span class=\"\"><span class=\"eztoc-hide\" style=\"display:none;\">Toggle<\/span><span class=\"ez-toc-icon-toggle-span\"><svg style=\"fill: #999;color:#999\" xmlns=\"http:\/\/www.w3.org\/2000\/svg\" class=\"list-377408\" width=\"20px\" height=\"20px\" viewBox=\"0 0 24 24\" fill=\"none\"><path d=\"M6 6H4v2h2V6zm14 0H8v2h12V6zM4 11h2v2H4v-2zm16 0H8v2h12v-2zM4 16h2v2H4v-2zm16 0H8v2h12v-2z\" fill=\"currentColor\"><\/path><\/svg><svg style=\"fill: #999;color:#999\" class=\"arrow-unsorted-368013\" xmlns=\"http:\/\/www.w3.org\/2000\/svg\" width=\"10px\" height=\"10px\" viewBox=\"0 0 24 24\" version=\"1.2\" baseProfile=\"tiny\"><path d=\"M18.2 9.3l-6.2-6.3-6.2 6.3c-.2.2-.3.4-.3.7s.1.5.3.7c.2.2.4.3.7.3h11c.3 0 .5-.1.7-.3.2-.2.3-.5.3-.7s-.1-.5-.3-.7zM5.8 14.7l6.2 6.3 6.2-6.3c.2-.2.3-.5.3-.7s-.1-.5-.3-.7c-.2-.2-.4-.3-.7-.3h-11c-.3 0-.5.1-.7.3-.2.2-.3.5-.3.7s.1.5.3.7z\"\/><\/svg><\/span><\/span><\/span><\/a><\/span><\/div>\n<nav><ul class='ez-toc-list ez-toc-list-level-1 ' ><li class='ez-toc-page-1 ez-toc-heading-level-2'><a class=\"ez-toc-link ez-toc-heading-1\" href=\"https:\/\/raum-blick.de\/magazin\/skandinavischer-weihnachtsschmuck\/#%C2%AB_Nordische_Deko_fuers_Fest_%C2%BB\" >\u00ab Nordische Deko f\u00fcrs Fest \u00bb<\/a><\/li><li class='ez-toc-page-1 ez-toc-heading-level-2'><a class=\"ez-toc-link ez-toc-heading-2\" href=\"https:\/\/raum-blick.de\/magazin\/skandinavischer-weihnachtsschmuck\/#Adventsstimmung_mit_eleganter_Leichtigkeit\" >Adventsstimmung mit eleganter Leichtigkeit<\/a><\/li><li class='ez-toc-page-1 ez-toc-heading-level-2'><a class=\"ez-toc-link ez-toc-heading-3\" href=\"https:\/\/raum-blick.de\/magazin\/skandinavischer-weihnachtsschmuck\/#Natuerliche_Weihnachtsdeko_mit_Pfiff_und_Witz\" >Nat\u00fcrliche Weihnachtsdeko mit Pfiff und Witz<\/a><\/li><li class='ez-toc-page-1 ez-toc-heading-level-2'><a class=\"ez-toc-link ez-toc-heading-4\" href=\"https:\/\/raum-blick.de\/magazin\/skandinavischer-weihnachtsschmuck\/#Betoerendes_Lichtermeer_aus_feinstem_Porzellan\" >Bet\u00f6rendes Lichtermeer aus feinstem Porzellan<\/a><\/li><li class='ez-toc-page-1 ez-toc-heading-level-2'><a class=\"ez-toc-link ez-toc-heading-5\" href=\"https:\/\/raum-blick.de\/magazin\/skandinavischer-weihnachtsschmuck\/#Dekorative_Kroenung_fuers_Weihnachtsfest\" >Dekorative Kr\u00f6nung f\u00fcrs Weihnachtsfest<\/a><\/li><\/ul><\/nav><\/div>\n\n<p><img loading=\"lazy\" decoding=\"async\" class=\"aligncenter wp-image-11638 size-full\" title=\"Stelton \u2013 Tangle Herz | T\u00fcrschmuck | Design: Halskov &amp; Dalsgaard\" src=\"https:\/\/www.raum-blick.de\/magazin\/wp-content\/uploads\/2020\/12\/stelton-tangle-weihnachtsherz-tuerschmuck-gross.jpg\" alt=\"stelton-tangle-weihnachtsherz-tuerschmuck-gross-skandinavischer-weihnachtsschmuck\" width=\"600\" height=\"600\" srcset=\"https:\/\/raum-blick.de\/magazin\/wp-content\/uploads\/2020\/12\/stelton-tangle-weihnachtsherz-tuerschmuck-gross.jpg 600w, https:\/\/raum-blick.de\/magazin\/wp-content\/uploads\/2020\/12\/stelton-tangle-weihnachtsherz-tuerschmuck-gross-300x300.jpg 300w, https:\/\/raum-blick.de\/magazin\/wp-content\/uploads\/2020\/12\/stelton-tangle-weihnachtsherz-tuerschmuck-gross-150x150.jpg 150w\" sizes=\"(max-width: 600px) 100vw, 600px\" \/><\/p>\n<p style=\"text-align: justify;\">Sie sind im Stelton Tangle Herz aus geb\u00fcrstetem Messing drapiert. Halskov &amp; Dalsgaard dachten bei den geflochtenen Str\u00e4ngen an die Harmonie und W\u00e4rme, die Menschen in der festlichen Jahreszeit verbindet. Schlicht schick und ber\u00fchrend zugleich: Das ist skandinavischer Weihnachtsschmuck in Reinkultur. Er zieht sich wie ein roter Faden durch das behaglich gestaltete Wohnzimmer. Auf dem Fensterbrett heben sich Accessoires hervor, die minimalistisch Christb\u00e4ume skizzieren.<\/p>\n<p><img loading=\"lazy\" decoding=\"async\" class=\"aligncenter wp-image-11609 size-full\" title=\"Stelton \u2013 Tangle | Teelichthalter | 2er Set | Design: Halskov &amp; Dalsgaard\" src=\"https:\/\/www.raum-blick.de\/magazin\/wp-content\/uploads\/2020\/12\/stelton-tangle-teelichthalter-2er-set.jpg\" alt=\"stelton-tangle-teelichthalter-2er-set\" width=\"600\" height=\"350\" srcset=\"https:\/\/raum-blick.de\/magazin\/wp-content\/uploads\/2020\/12\/stelton-tangle-teelichthalter-2er-set.jpg 600w, https:\/\/raum-blick.de\/magazin\/wp-content\/uploads\/2020\/12\/stelton-tangle-teelichthalter-2er-set-300x175.jpg 300w\" sizes=\"(max-width: 600px) 100vw, 600px\" \/><\/p>\n<p style=\"text-align: justify;\">Die passenden Stelton Tangle Teelichthalter bereichern die Kaffeetafel. Das stimmige Deko-Konzept sch\u00fcrt die Vorfreude auf den prachtvollen Weihnachtsschmuck an Heiligabend. Weniger skandinavisch, aber hygge pur ist die kulinarische Idee f\u00fcr den Adventssonntag: Feigen, Mangospalten, Kumquats und Ananasst\u00fccke bieten sich f\u00fcrs Bad im Schokofondue an. Das verf\u00fchrt nicht nur zum Verweilen und Plaudern.<\/p>\n<blockquote>\n<p style=\"text-align: justify;\">Galant verkn\u00fcpft es die s\u00fc\u00dfe S\u00fcnde mit einem exotischen Vitaminkick. So darf man sich besten Gewissens dem Genuss hingeben.<\/p>\n<\/blockquote>\n<h2><span class=\"ez-toc-section\" id=\"Natuerliche_Weihnachtsdeko_mit_Pfiff_und_Witz\"><\/span>Nat\u00fcrliche Weihnachtsdeko mit Pfiff und Witz<span class=\"ez-toc-section-end\"><\/span><\/h2>\n<p style=\"text-align: justify;\">Ausgedehnte W\u00e4lder charakterisieren viele Regionen im hohen Norden. Dekoriert Schnee die urw\u00fcchsigen B\u00e4ume, ist die Idylle perfekt. Darin erinnert skandinavischer Weihnachtsschmuck, der aus Holz gefertigt ist. Wie modern der Umgang mit dem Naturmaterial sein kann, beweist der d\u00e4nische Designer Anders N\u00f8rgaard. Aus seiner Feder stammt das <a href=\"https:\/\/www.raum-blick.de\/applicata-luna-tablett\">Tablett Luna von applicata<\/a>. Der minimalistische Entwurf bringt das naturbelassene Eichenholz bestens zur Geltung. Rund ums Jahr leistet das Accessoire beim Servieren seine Dienste.<\/p>\n<p><a href=\"https:\/\/www.raum-blick.de\/applicata-luna-tablett\"><img loading=\"lazy\" decoding=\"async\" class=\"aligncenter wp-image-11620 size-full\" title=\"applicata Luna Tray | Tablett | Design: Anders N\u00f8rgaard\" src=\"https:\/\/www.raum-blick.de\/magazin\/wp-content\/uploads\/2020\/12\/applicata-luna-tablett.jpg\" alt=\"applicata-luna-tablett-skandinavischer-weihnachtsschmuck\" width=\"600\" height=\"600\" srcset=\"https:\/\/raum-blick.de\/magazin\/wp-content\/uploads\/2020\/12\/applicata-luna-tablett.jpg 600w, https:\/\/raum-blick.de\/magazin\/wp-content\/uploads\/2020\/12\/applicata-luna-tablett-300x300.jpg 300w, https:\/\/raum-blick.de\/magazin\/wp-content\/uploads\/2020\/12\/applicata-luna-tablett-150x150.jpg 150w\" sizes=\"(max-width: 600px) 100vw, 600px\" \/><\/a><\/p>\n<p style=\"text-align: justify;\">Die verborgenen Talente offenbart es in der Wintersaison: Flink wird das Holztablett von applicata mit den vier Kerzenhaltern aufgewertet. In der Mitte drapiert man Naturdeko, Fr\u00fcchte oder N\u00fcsse. Schon steht der urige Weihnachtsschmuck f\u00fcr die Adventszeit auf dem Tisch. Manche Dekorationsideen sind unverg\u00e4nglich. Daf\u00fcr sind die reizenden <a href=\"https:\/\/www.raum-blick.de\/kay-bojesen\/\">Ikonen von Kay Bojesen<\/a> gelungene Exempel. Der gleichnamige K\u00fcnstler entwarf die Figuren vor Jahrzehnten, als er seine Liebe f\u00fcr Holzwerkstoffe entdeckte. Die Skil\u00e4ufer auf dem Sideboard verdeutlichen die sportlichen Facetten der Winterzeit.<\/p>\n<p><a href=\"https:\/\/www.raum-blick.de\/kay-bojesen-weihnachtsfrau\"><img loading=\"lazy\" decoding=\"async\" class=\"aligncenter wp-image-11613 size-full\" title=\"Kay Bojesen Weihnachtsfrau | Holz-Figur | Design: Kay Bojesen\" src=\"https:\/\/www.raum-blick.de\/magazin\/wp-content\/uploads\/2020\/12\/kay-bojesen-weihnachtsfrau.jpg\" alt=\"kay-bojesen-weihnachtsfrau\" width=\"600\" height=\"500\" srcset=\"https:\/\/raum-blick.de\/magazin\/wp-content\/uploads\/2020\/12\/kay-bojesen-weihnachtsfrau.jpg 600w, https:\/\/raum-blick.de\/magazin\/wp-content\/uploads\/2020\/12\/kay-bojesen-weihnachtsfrau-300x250.jpg 300w\" sizes=\"(max-width: 600px) 100vw, 600px\" \/><\/a><\/p>\n<p style=\"text-align: justify;\">Auf dem Beistelltisch am Sofa hebt sich die <a href=\"https:\/\/www.raum-blick.de\/kay-bojesen-weihnachtsfrau\">Weihnachtsfrau von Kay Bojesen<\/a> hervor. Daneben steht ihre Tochter Lise und l\u00e4chelt die Bewohner an. W\u00e4hrend man gen\u00fcsslich am Gl\u00f6gg nippt, verk\u00fcndet sie unmissverst\u00e4ndlich: Es weihnachtet sehr!<\/p>\n<h2><span class=\"ez-toc-section\" id=\"Betoerendes_Lichtermeer_aus_feinstem_Porzellan\"><\/span>Bet\u00f6rendes Lichtermeer aus feinstem Porzellan<span class=\"ez-toc-section-end\"><\/span><\/h2>\n<p style=\"text-align: justify;\">Hier ist es urgem\u00fctlich. F\u00fcr diese Erkenntnis gen\u00fcgt es, am Haus vorbeizulaufen. Das Dunkle durchbrechen im Wohnzimmer unz\u00e4hlige Kerzenlichter. Ihr Anblick verf\u00fchrt dazu, Pl\u00e4ne f\u00fcr den Feierabend zu schmieden. Sie sind ein vergn\u00fcglicher Zeitvertreib, der den Heimweg k\u00fcrzer wirken l\u00e4sst.<\/p>\n<blockquote>\n<p style=\"text-align: justify;\">Wie von Zauberhand f\u00fchlt man sich deshalb vor die eigene Haust\u00fcr gebeamt. Kaum hat man sie erreicht, wird der individuelle Traum vom perfekten Winterabend in die Tat umgesetzt.<\/p>\n<\/blockquote>\n<p style=\"text-align: justify;\">Es ist typisch f\u00fcr skandinavische Weihnachtsdeko, direkt am Fenster einige Kerzen zu drapieren. Dort bereichern sie das Wohnambiente und schenken Passanten einen entz\u00fcckenden Moment. Wer ankommt, f\u00fchlt sich herzlich begr\u00fc\u00dft, bevor er hereingebeten wird.<\/p>\n<p><a href=\"https:\/\/www.raum-blick.de\/kaehler-design-nobili-teelichthalter\"><img loading=\"lazy\" decoding=\"async\" class=\"aligncenter wp-image-11644 size-full\" title=\"K\u00e4hler Nobili Teelichthalter | Kegel Teelicht-Deko | Design: Mette Bache &amp; Barbara Bendix Becker\" src=\"https:\/\/www.raum-blick.de\/magazin\/wp-content\/uploads\/2020\/12\/kaehler-design-nobili-teelichthalter.jpg\" alt=\"kaehler-design-nobili-teelichthalter-skandinavischer-weihnachtsschmuck\" width=\"600\" height=\"600\" srcset=\"https:\/\/raum-blick.de\/magazin\/wp-content\/uploads\/2020\/12\/kaehler-design-nobili-teelichthalter.jpg 600w, https:\/\/raum-blick.de\/magazin\/wp-content\/uploads\/2020\/12\/kaehler-design-nobili-teelichthalter-300x300.jpg 300w, https:\/\/raum-blick.de\/magazin\/wp-content\/uploads\/2020\/12\/kaehler-design-nobili-teelichthalter-150x150.jpg 150w\" sizes=\"(max-width: 600px) 100vw, 600px\" \/><\/a><\/p>\n<p style=\"text-align: justify;\">F\u00fcr die freundliche Idee aus dem Norden ist die <a href=\"https:\/\/www.raum-blick.de\/kaehler-design-nobili-teelichthalter\">Kollektion Nobili von K\u00e4hler Design<\/a> wie geschaffen. Vereinen sich die Porzellankegel auf der Fensterbank zum Ensemble, skizzieren sie einen Tannenwald. Assoziationen mit Schneeb\u00e4llen wecken die kugelf\u00f6rmigen Varianten.<\/p>\n<p><a href=\"https:\/\/www.raum-blick.de\/kaehler-stella-haengender-teelichthalter\"><img loading=\"lazy\" decoding=\"async\" class=\"aligncenter wp-image-11615 size-full\" title=\"Stella h\u00e4ngender Teelichthalter in Sternform | Design: Thora Finnsdottir\" src=\"https:\/\/www.raum-blick.de\/magazin\/wp-content\/uploads\/2020\/12\/kaehler-stella-haengender-teelichthalter.jpg\" alt=\"kaehler-stella-haengender-teelichthalter\" width=\"600\" height=\"600\" srcset=\"https:\/\/raum-blick.de\/magazin\/wp-content\/uploads\/2020\/12\/kaehler-stella-haengender-teelichthalter.jpg 600w, https:\/\/raum-blick.de\/magazin\/wp-content\/uploads\/2020\/12\/kaehler-stella-haengender-teelichthalter-300x300.jpg 300w, https:\/\/raum-blick.de\/magazin\/wp-content\/uploads\/2020\/12\/kaehler-stella-haengender-teelichthalter-150x150.jpg 150w\" sizes=\"(max-width: 600px) 100vw, 600px\" \/><\/a><\/p>\n<p style=\"text-align: justify;\">Wunderbar vollenden die <a href=\"https:\/\/www.raum-blick.de\/kaehler-stella-haengender-teelichthalter\">h\u00e4ngenden Porzellansterne Stella von K\u00e4hler Design<\/a> den Weihnachtsschmuck. Entz\u00fcndet man nach Sonnenuntergang alle Teelichter, gleicht die Fensterdekoration einer m\u00e4rchenhaften Winterlandschaft.<\/p>\n<h2><span class=\"ez-toc-section\" id=\"Dekorative_Kroenung_fuers_Weihnachtsfest\"><\/span>Dekorative Kr\u00f6nung f\u00fcrs Weihnachtsfest<span class=\"ez-toc-section-end\"><\/span><\/h2>\n<p style=\"text-align: justify;\">Die Aufgaben des Tages sind erledigt. Durchgefroren erreicht man das Zuhause, das einem Balsam f\u00fcr die Seele gleicht. Dort wird man von einem winterlichen Duft empfangen. Er inspiriert dazu, sich zum Feierabend einen Gl\u00fchwein und selbstgebackene Pl\u00e4tzchen zu g\u00f6nnen.<\/p>\n<p><img loading=\"lazy\" decoding=\"async\" class=\"aligncenter wp-image-11659 size-full\" title=\"Weihnachtsschmuck Set | 8-teilig | Design: Sanne Lund Traberg\" src=\"https:\/\/www.raum-blick.de\/magazin\/wp-content\/uploads\/2020\/12\/georg-jensen-weihnachtschmuck-set-8-teilig.jpg\" alt=\"georg-jensen-weihnachtschmuck-set-8-teilig-skandinavischer-weihnachtsschmuck\" width=\"600\" height=\"600\" srcset=\"https:\/\/raum-blick.de\/magazin\/wp-content\/uploads\/2020\/12\/georg-jensen-weihnachtschmuck-set-8-teilig.jpg 600w, https:\/\/raum-blick.de\/magazin\/wp-content\/uploads\/2020\/12\/georg-jensen-weihnachtschmuck-set-8-teilig-300x300.jpg 300w, https:\/\/raum-blick.de\/magazin\/wp-content\/uploads\/2020\/12\/georg-jensen-weihnachtschmuck-set-8-teilig-150x150.jpg 150w\" sizes=\"(max-width: 600px) 100vw, 600px\" \/><\/p>\n<p style=\"text-align: justify;\">Die Behaglichkeit steigert in allen R\u00e4umen der stilvoll arrangierte Weihnachtsschmuck. Er k\u00fcndigt an, dass ein gro\u00dfes Fest bevorsteht. Bekennt man sich zum hyggeligen Lifestyle, ist das vorweihnachtliche Wohlf\u00fchlambiente kaum zu \u00fcberbieten. Dennoch w\u00fcnscht man sich eine sp\u00fcrbare Steigerung f\u00fcr die Feiertage. So erkl\u00e4rt sich die unverg\u00e4ngliche Begeisterung f\u00fcr Deko-Ideen, die glamour\u00f6s angehaucht sind.<\/p>\n<p><a href=\"https:\/\/www.raum-blick.de\/georg-jensen-eisblume-christbaumspitze\"><img loading=\"lazy\" decoding=\"async\" class=\"aligncenter wp-image-11654 size-full\" title=\"Georg Jensen \u2013 Eisblume | Weihnachtsbaumstern | Design: Sanne Lund Traberg\" src=\"https:\/\/www.raum-blick.de\/magazin\/wp-content\/uploads\/2020\/12\/georg-jensen-eisblume-christbaumspitze.jpg\" alt=\"georg-jensen-eisblume-christbaumspitze\" width=\"600\" height=\"570\" srcset=\"https:\/\/raum-blick.de\/magazin\/wp-content\/uploads\/2020\/12\/georg-jensen-eisblume-christbaumspitze.jpg 600w, https:\/\/raum-blick.de\/magazin\/wp-content\/uploads\/2020\/12\/georg-jensen-eisblume-christbaumspitze-300x285.jpg 300w\" sizes=\"(max-width: 600px) 100vw, 600px\" \/><\/a><\/p>\n<p style=\"text-align: justify;\">Der Stern von Bethlehem zeigte den Weisen den Weg durch das Morgenland und zum Haus, in dem Jesus geboren wurde. Darauf bezieht sich skandinavischer Weihnachtsschmuck mit dem leuchtenden Himmelsk\u00f6rper als Motiv. Gleiches gilt f\u00fcr die unz\u00e4hligen Kerzen, die im Wohnzimmer f\u00fcr Winterromantik sorgen. Am Heiligen Abend verst\u00e4rkt sich der Lichterglanz.<\/p>\n<p><img loading=\"lazy\" decoding=\"async\" class=\"aligncenter wp-image-11656 size-full\" title=\"Georg Jensen Kerzenhalter | Eichel &amp; Wintervogel Set | Design: Monica F\u00f6rster, 2018\" src=\"https:\/\/www.raum-blick.de\/magazin\/wp-content\/uploads\/2020\/12\/georg-jensen-weihnachts-kerzenhalter-1.jpg\" alt=\"georg-jensen-weihnachts-kerzenhalter-skandinavischer-weihnachtsschmuck\" width=\"600\" height=\"600\" srcset=\"https:\/\/raum-blick.de\/magazin\/wp-content\/uploads\/2020\/12\/georg-jensen-weihnachts-kerzenhalter-1.jpg 600w, https:\/\/raum-blick.de\/magazin\/wp-content\/uploads\/2020\/12\/georg-jensen-weihnachts-kerzenhalter-1-300x300.jpg 300w, https:\/\/raum-blick.de\/magazin\/wp-content\/uploads\/2020\/12\/georg-jensen-weihnachts-kerzenhalter-1-150x150.jpg 150w\" sizes=\"(max-width: 600px) 100vw, 600px\" \/><\/p>\n<p style=\"text-align: justify;\">Das ist der <a href=\"https:\/\/www.raum-blick.de\/georg-jensen\/\">Weihnachtskollektion von Georg Jensen<\/a> zu verdanken. Die fein ausgearbeiteten Anh\u00e4nger am Christbaum sind mit einer Goldauflage versehen. Dem Stil schlie\u00dft sich die Tischdeko beim Festtagsdinner an. Die Veredlung passt nicht nur fabelhaft zum besonderen Ereignis. Sie provoziert effektvolle Reflexionen. Sie vervielfachen die Wirkung des Kerzenlichts. Geschickt addiert Georg Jensen einen verspielten Aspekt. Das exquisite Finale wirkt deshalb nicht aufgesetzt, sondern so zauberhaft famili\u00e4r wie die skandinavisch akzentuierte Adventsdeko.<\/p>\n","protected":false},"excerpt":{"rendered":"<p>\u00ab Nordische Deko f\u00fcrs Fest \u00bb Klirrende K\u00e4lte begleitet den Winterspaziergang. Die klare Luft balsamiert die Seele und sch\u00fcrt die Vorfreude auf das gem\u00fctliche Zuhause. Dort sorgt nicht nur der knisternde Kamin f\u00fcr warmes Ambiente. Die skandinavische Weihnachtsdeko tr\u00e4gt ihren Teil dazu bei. Sie signiert so bezaubernd die Wohnung, dass man spontan aufseufzt: Ach, ist [&hellip;]<\/p>\n","protected":false},"author":4,"featured_media":11658,"comment_status":"closed","ping_status":"open","sticky":false,"template":"","format":"standard","meta":{"_et_pb_use_builder":"","_et_pb_old_content":"","_et_gb_content_width":"","inline_featured_image":false,"footnotes":""},"categories":[7],"tags":[710,22,1223,1265,341,323,216,357,322,288,732,41,545,493,735,486,1267,1266,733],"class_list":["post-11605","post","type-post","status-publish","format-standard","has-post-thumbnail","hentry","category-accessoires-lifestyle","tag-advent","tag-applicata","tag-deko","tag-fest","tag-georg-jensen","tag-holzfiguren","tag-holztabletts","tag-kaehler","tag-kay-bojesen","tag-kerzenhalter","tag-skandinavisch","tag-stelton","tag-tablett","tag-teelichthalter","tag-tuerschmuck","tag-weihnachten","tag-weihnachtsbaumstern","tag-weihnachtsdeko","tag-weihnachtsschmuck"],"_links":{"self":[{"href":"https:\/\/raum-blick.de\/magazin\/wp-json\/wp\/v2\/posts\/11605","targetHints":{"allow":["GET"]}}],"collection":[{"href":"https:\/\/raum-blick.de\/magazin\/wp-json\/wp\/v2\/posts"}],"about":[{"href":"https:\/\/raum-blick.de\/magazin\/wp-json\/wp\/v2\/types\/post"}],"author":[{"embeddable":true,"href":"https:\/\/raum-blick.de\/magazin\/wp-json\/wp\/v2\/users\/4"}],"replies":[{"embeddable":true,"href":"https:\/\/raum-blick.de\/magazin\/wp-json\/wp\/v2\/comments?post=11605"}],"version-history":[{"count":50,"href":"https:\/\/raum-blick.de\/magazin\/wp-json\/wp\/v2\/posts\/11605\/revisions"}],"predecessor-version":[{"id":14737,"href":"https:\/\/raum-blick.de\/magazin\/wp-json\/wp\/v2\/posts\/11605\/revisions\/14737"}],"wp:featuredmedia":[{"embeddable":true,"href":"https:\/\/raum-blick.de\/magazin\/wp-json\/wp\/v2\/media\/11658"}],"wp:attachment":[{"href":"https:\/\/raum-blick.de\/magazin\/wp-json\/wp\/v2\/media?parent=11605"}],"wp:term":[{"taxonomy":"category","embeddable":true,"href":"https:\/\/raum-blick.de\/magazin\/wp-json\/wp\/v2\/categories?post=11605"},{"taxonomy":"post_tag","embeddable":true,"href":"https:\/\/raum-blick.de\/magazin\/wp-json\/wp\/v2\/tags?post=11605"}],"curies":[{"name":"wp","href":"https:\/\/api.w.org\/{rel}","templated":true}]}}