{"id":11525,"date":"2020-10-26T14:21:23","date_gmt":"2020-10-26T13:21:23","guid":{"rendered":"https:\/\/www.raum-blick.de\/magazin\/?p=11525"},"modified":"2024-08-30T11:56:32","modified_gmt":"2024-08-30T09:56:32","slug":"schicke-und-originelle-wandregale","status":"publish","type":"post","link":"https:\/\/raum-blick.de\/magazin\/schicke-und-originelle-wandregale\/","title":{"rendered":"Schicke und originelle Wandregale"},"content":{"rendered":"<h2><span class=\"ez-toc-section\" id=\"%C2%AB_Stauraum_mit_Stil_%C2%BB\"><\/span>\u00ab Stauraum mit Stil \u00bb<span class=\"ez-toc-section-end\"><\/span><\/h2>\n<p style=\"text-align: justify;\"><strong>Die Schr\u00e4nke sind voll. Knapp wird der Stauraum. In diesem Moment haben Regalsysteme ihre Sternstunde. Wer sie nur als pragmatische Einrichtungsl\u00f6sung ins Spiel bringt, verkennt ihren Mehrwert. Schicke Wandregale lockern die Raumgestaltung auf. Bekennen sich die \u201ePlatzschaffer\u201c zum unkonventionellen Design, avancieren sie selbst zum Blickfang.<\/strong><\/p>\n<h2><span class=\"ez-toc-section\" id=\"Mit_Leichtigkeit_die_Stauflaeche_erweitern\"><\/span>Mit Leichtigkeit die Staufl\u00e4che erweitern<span class=\"ez-toc-section-end\"><\/span><\/h2>\n<p style=\"text-align: justify;\">Flink ist das Regal am gew\u00fcnschten Platz montiert. Danach bietet es sich an, um Gegenst\u00e4nde zu lagern. So ist es m\u00f6glich, die verf\u00fcgbare Fl\u00e4che im Raum bestm\u00f6glich auszunutzen. Durch die typische Konzeption l\u00e4sst sich das Wandregal nicht nur flexibler beim Einrichten integrieren. Es beschwert die Atmosph\u00e4re weniger als ein Schrank. Der M\u00f6belklassiker gleicht einer Wunderwaffe. Das beschert ihm viele Fans.<\/p><div id=\"ez-toc-container\" class=\"ez-toc-v2_0_82_2 counter-hierarchy ez-toc-counter ez-toc-grey ez-toc-container-direction\">\n<div class=\"ez-toc-title-container\">\n<p class=\"ez-toc-title\" style=\"cursor:inherit\">Was hier auf Sie wartet<\/p>\n<span class=\"ez-toc-title-toggle\"><a href=\"#\" class=\"ez-toc-pull-right ez-toc-btn ez-toc-btn-xs ez-toc-btn-default ez-toc-toggle\" aria-label=\"Toggle Table of Content\"><span class=\"ez-toc-js-icon-con\"><span class=\"\"><span class=\"eztoc-hide\" style=\"display:none;\">Toggle<\/span><span class=\"ez-toc-icon-toggle-span\"><svg style=\"fill: #999;color:#999\" xmlns=\"http:\/\/www.w3.org\/2000\/svg\" class=\"list-377408\" width=\"20px\" height=\"20px\" viewBox=\"0 0 24 24\" fill=\"none\"><path d=\"M6 6H4v2h2V6zm14 0H8v2h12V6zM4 11h2v2H4v-2zm16 0H8v2h12v-2zM4 16h2v2H4v-2zm16 0H8v2h12v-2z\" fill=\"currentColor\"><\/path><\/svg><svg style=\"fill: #999;color:#999\" class=\"arrow-unsorted-368013\" xmlns=\"http:\/\/www.w3.org\/2000\/svg\" width=\"10px\" height=\"10px\" viewBox=\"0 0 24 24\" version=\"1.2\" baseProfile=\"tiny\"><path d=\"M18.2 9.3l-6.2-6.3-6.2 6.3c-.2.2-.3.4-.3.7s.1.5.3.7c.2.2.4.3.7.3h11c.3 0 .5-.1.7-.3.2-.2.3-.5.3-.7s-.1-.5-.3-.7zM5.8 14.7l6.2 6.3 6.2-6.3c.2-.2.3-.5.3-.7s-.1-.5-.3-.7c-.2-.2-.4-.3-.7-.3h-11c-.3 0-.5.1-.7.3-.2.2-.3.5-.3.7s.1.5.3.7z\"\/><\/svg><\/span><\/span><\/span><\/a><\/span><\/div>\n<nav><ul class='ez-toc-list ez-toc-list-level-1 ' ><li class='ez-toc-page-1 ez-toc-heading-level-2'><a class=\"ez-toc-link ez-toc-heading-1\" href=\"https:\/\/raum-blick.de\/magazin\/schicke-und-originelle-wandregale\/#%C2%AB_Stauraum_mit_Stil_%C2%BB\" >\u00ab Stauraum mit Stil \u00bb<\/a><\/li><li class='ez-toc-page-1 ez-toc-heading-level-2'><a class=\"ez-toc-link ez-toc-heading-2\" href=\"https:\/\/raum-blick.de\/magazin\/schicke-und-originelle-wandregale\/#Mit_Leichtigkeit_die_Stauflaeche_erweitern\" >Mit Leichtigkeit die Staufl\u00e4che erweitern<\/a><\/li><li class='ez-toc-page-1 ez-toc-heading-level-2'><a class=\"ez-toc-link ez-toc-heading-3\" href=\"https:\/\/raum-blick.de\/magazin\/schicke-und-originelle-wandregale\/#Stammplatz_fuer_Kleinigkeiten\" >Stammplatz f\u00fcr Kleinigkeiten<\/a><\/li><li class='ez-toc-page-1 ez-toc-heading-level-2'><a class=\"ez-toc-link ez-toc-heading-4\" href=\"https:\/\/raum-blick.de\/magazin\/schicke-und-originelle-wandregale\/#Einrichtungshelfer_fuer_die_Inszenierung_von_Alltaeglichem\" >Einrichtungshelfer f\u00fcr die Inszenierung von Allt\u00e4glichem<\/a><\/li><li class='ez-toc-page-1 ez-toc-heading-level-2'><a class=\"ez-toc-link ez-toc-heading-5\" href=\"https:\/\/raum-blick.de\/magazin\/schicke-und-originelle-wandregale\/#Regale_fuer_die_einfallsreiche_Wandgestaltung\" >Regale f\u00fcr die einfallsreiche Wandgestaltung<\/a><\/li><\/ul><\/nav><\/div>\n\n<p><a href=\"https:\/\/www.raum-blick.de\/we-do-wood-loop-shelf-regal\"><img loading=\"lazy\" decoding=\"async\" class=\"aligncenter wp-image-11556 size-full\" title=\"We Do Wood - Loop Shelf Regal aus Bambus | Design: Sebastian Jorgensen\" src=\"https:\/\/www.raum-blick.de\/magazin\/wp-content\/uploads\/2020\/11\/we-do-wood-loop-shelf-regal.jpg\" alt=\"we-do-wood-loop-shelf-regal-schicke-und-originelle-wandregale\" width=\"600\" height=\"600\" srcset=\"https:\/\/raum-blick.de\/magazin\/wp-content\/uploads\/2020\/11\/we-do-wood-loop-shelf-regal.jpg 600w, https:\/\/raum-blick.de\/magazin\/wp-content\/uploads\/2020\/11\/we-do-wood-loop-shelf-regal-300x300.jpg 300w, https:\/\/raum-blick.de\/magazin\/wp-content\/uploads\/2020\/11\/we-do-wood-loop-shelf-regal-150x150.jpg 150w\" sizes=\"(max-width: 600px) 100vw, 600px\" \/><\/a><\/p>\n<p style=\"text-align: justify;\">Die hohe Funktionalit\u00e4t bereitet aber erst rundum Freude, wenn das Design stimmt. Daf\u00fcr ist das <a href=\"https:\/\/www.raum-blick.de\/we-do-wood-loop-shelf-regal\">Loop Shelf von We do Wood<\/a> ein exzellentes Beispiel: Auffallend d\u00fcnn sind die B\u00f6den aus nachhaltigem Moso-Bambus ausgef\u00fchrt. Sie werden an schlaufenartigen Metallhalterungen montiert, die ebenfalls filigran anmuten. G\u00f6nnt man dem Loop Shelf ein Solo, weckt die optische Leichtigkeit das Interesse.<\/p>\n<p><a href=\"https:\/\/www.raum-blick.de\/we-do-wood-loop-shelf-regal\"><img loading=\"lazy\" decoding=\"async\" class=\"aligncenter wp-image-11558 size-full\" title=\"We Do Wood - Loop Shelf Regal aus Bambus | Design: Sebastian Jorgensen\" src=\"https:\/\/www.raum-blick.de\/magazin\/wp-content\/uploads\/2020\/11\/we-do-wood-loop-shelf-regal-dunkel.jpg\" alt=\"we-do-wood-loop-shelf-regal-dunkel\" width=\"600\" height=\"600\" srcset=\"https:\/\/raum-blick.de\/magazin\/wp-content\/uploads\/2020\/11\/we-do-wood-loop-shelf-regal-dunkel.jpg 600w, https:\/\/raum-blick.de\/magazin\/wp-content\/uploads\/2020\/11\/we-do-wood-loop-shelf-regal-dunkel-300x300.jpg 300w, https:\/\/raum-blick.de\/magazin\/wp-content\/uploads\/2020\/11\/we-do-wood-loop-shelf-regal-dunkel-150x150.jpg 150w\" sizes=\"(max-width: 600px) 100vw, 600px\" \/><\/a><\/p>\n<p style=\"text-align: justify;\">Sie erweist sich als Clou, wenn man einen Tipp beherzigt: Werden Ablagen prall gef\u00fcllt, erscheinen sie so wuchtig wie eine Schrankwand. Drapiert man darauf Objekte in gr\u00f6\u00dferen Abst\u00e4nden, bewahren Wandregale ihren luftigen Charakter. Der Effekt verst\u00e4rkt sich bei einer grazilen \u00c4sthetik, wie sie <a href=\"https:\/\/www.raum-blick.de\/we-do-wood\/\">We do Wood<\/a> f\u00fcr das Regalsystem w\u00e4hlt.<\/p>\n<h2><span class=\"ez-toc-section\" id=\"Stammplatz_fuer_Kleinigkeiten\"><\/span>Stammplatz f\u00fcr Kleinigkeiten<span class=\"ez-toc-section-end\"><\/span><\/h2>\n<p style=\"text-align: justify;\">Regalsysteme erstrecken sich oft \u00fcber ganze W\u00e4nde. Sie schaffen Platz f\u00fcr zahlreiche Objekte und strukturierte Ordnung. B\u00fccherregale in Bibliotheken sind daf\u00fcr Paradebeispiele.<\/p>\n<blockquote>\n<p style=\"text-align: justify;\">In der Wohnwelt geht es seltener um derart gro\u00dfe L\u00f6sungen. Gefragter sind meist Einrichtungsideen f\u00fcr die punktuellen Verbesserungen.<\/p>\n<\/blockquote>\n<p style=\"text-align: justify;\">Im Bad, Flur und Schlafzimmer tauchen Parfumflaschen auf. An ihren vereinzelten Standorten wirken sie nicht nur deplatziert. Langwieriges Suchen nach dem favorisierten Duft ist die Quintessenz. Lieblingsb\u00fccher, Schmucksch\u00e4lchen und Medizin: Auf dem Nachttisch thront ein buntes Potpourri. Versucht man, im Halbschlaf den Schalter der Tischlampe zu erwischen, f\u00e4llt regelm\u00e4\u00dfig etwas herunter.<\/p>\n<p><img loading=\"lazy\" decoding=\"async\" class=\"aligncenter wp-image-11535 size-full\" title=\"Skagerak Norr Regal | Design: Ditte Buus Nielsen\" src=\"https:\/\/www.raum-blick.de\/magazin\/wp-content\/uploads\/2020\/11\/skagerak-norr-regal.jpg\" alt=\"skagerak-norr-regal-schicke-und-originelle-wandregale\" width=\"600\" height=\"600\" srcset=\"https:\/\/raum-blick.de\/magazin\/wp-content\/uploads\/2020\/11\/skagerak-norr-regal.jpg 600w, https:\/\/raum-blick.de\/magazin\/wp-content\/uploads\/2020\/11\/skagerak-norr-regal-300x300.jpg 300w, https:\/\/raum-blick.de\/magazin\/wp-content\/uploads\/2020\/11\/skagerak-norr-regal-150x150.jpg 150w\" sizes=\"(max-width: 600px) 100vw, 600px\" \/><\/p>\n<p style=\"text-align: justify;\">Die skizzierten Mankos sprechen f\u00fcr einen Ordnungshelfer, der weder zu kompakt noch zu wuchtig ist. Dem Thema widmete sich Ditte Buus Nielsen. Aus ihrer Feder stammt das Skagerak Norr Regal mit drei Ablagefl\u00e4chen und geringer Tiefe. Geschmackvoll ist das Bekenntnis zu Naturmaterialien. Einen ungew\u00f6hnlichen Akzent steuert das Lederband bei, das als Aufh\u00e4ngung dient. Das dezente Wandregal f\u00fcgt sich in jeden Wohnraum diskret ein, um ein konkretes Ordnungsproblem zu l\u00f6sen: In der Schlafoase befreit es die Nachtkonsole von Krimskrams. Die konzeptlos verteilten Flaschen b\u00fcndelt das Skagerak Norr Regal im Bad zur eindrucksvollen Parfumsammlung.<\/p>\n<h2><span class=\"ez-toc-section\" id=\"Einrichtungshelfer_fuer_die_Inszenierung_von_Alltaeglichem\"><\/span>Einrichtungshelfer f\u00fcr die Inszenierung von Allt\u00e4glichem<span class=\"ez-toc-section-end\"><\/span><\/h2>\n<p style=\"text-align: justify;\">Gew\u00fcrze sind ein Fest f\u00fcr die Sinne. Kombiniert man sie spontan, sind neue Geschmackserlebnisse vorprogrammiert. Das f\u00e4llt leichter, wenn man die aromatischen Zutaten \u00fcbersichtlich unterbringt. Die <a href=\"https:\/\/www.raum-blick.de\/jan-kurtz\/\">Regalsysteme von Jan Kurtz<\/a> sind daf\u00fcr ideal. Der Designverlag stellt das vielseitig einsetzbare <a href=\"https:\/\/www.raum-blick.de\/jan-kurtz-wandregal-ell\">Wandregal Ell<\/a> vor, das einer Leiste \u00e4hnelt.<\/p>\n<blockquote>\n<p style=\"text-align: justify;\">Es gen\u00fcgt, die Ingredienzien in dunkle Aufbewahrungsgl\u00e4ser oder Dosen aus Edelstahl umzuf\u00fcllen.<\/p>\n<\/blockquote>\n<p style=\"text-align: justify;\">Schon avanciert die Gew\u00fcrzsammlung zum inspirierenden Highlight der K\u00fcche. Dekorativ wirken die B\u00fccher im Wohnzimmer, wenn man sie nebeneinander auf dem schmalen Wandregal Ell platziert. Das verf\u00fchrt dazu, bei einer Pause spontan danach zu greifen.<\/p>\n<p><a href=\"https:\/\/www.raum-blick.de\/jan-kurtz-wandregal-ell\"><img loading=\"lazy\" decoding=\"async\" class=\"aligncenter wp-image-11540 size-full\" title=\"Jan Kurtz Ell Wandregal | Design: jan kurtz\" src=\"https:\/\/www.raum-blick.de\/magazin\/wp-content\/uploads\/2020\/11\/jan-kurtz-wandregal-ell.jpg\" alt=\"jan-kurtz-wandregal-ell\" width=\"600\" height=\"600\" srcset=\"https:\/\/raum-blick.de\/magazin\/wp-content\/uploads\/2020\/11\/jan-kurtz-wandregal-ell.jpg 600w, https:\/\/raum-blick.de\/magazin\/wp-content\/uploads\/2020\/11\/jan-kurtz-wandregal-ell-300x300.jpg 300w, https:\/\/raum-blick.de\/magazin\/wp-content\/uploads\/2020\/11\/jan-kurtz-wandregal-ell-150x150.jpg 150w\" sizes=\"(max-width: 600px) 100vw, 600px\" \/><\/a><\/p>\n<p style=\"text-align: justify;\">Das <a href=\"https:\/\/www.raum-blick.de\/jan-kurtz-lilian-wandregal\">Lilian Wandregal<\/a> erscheint auf den ersten Blick puristisch. Der Designmarke gen\u00fcgen aber Feinheiten, um das praktische Einrichtungsobjekt etwas mehr in den Vordergrund zu r\u00fccken: Die \u00e4sthetische Klarheit wird gekonnt dadurch relativiert, dass die rechteckige Form eine L\u00fccke aufweist. Die minimalistische Wandablage aus ge\u00f6ltem Eichenholz ist in zwei Gr\u00f6\u00dfen erh\u00e4ltlich.<\/p>\n<p><a href=\"https:\/\/www.raum-blick.de\/jan-kurtz-lilian-wandregal\"><img loading=\"lazy\" decoding=\"async\" class=\"aligncenter wp-image-11543 size-full\" title=\"Jan Kurtz \u2013 Lilian Regal | Design: Jan Kurtz\" src=\"https:\/\/www.raum-blick.de\/magazin\/wp-content\/uploads\/2020\/11\/jan-kurtz-lilian-wandregal.jpg\" alt=\"jan-kurtz-lilian-wandregal\" width=\"600\" height=\"600\" srcset=\"https:\/\/raum-blick.de\/magazin\/wp-content\/uploads\/2020\/11\/jan-kurtz-lilian-wandregal.jpg 600w, https:\/\/raum-blick.de\/magazin\/wp-content\/uploads\/2020\/11\/jan-kurtz-lilian-wandregal-300x300.jpg 300w, https:\/\/raum-blick.de\/magazin\/wp-content\/uploads\/2020\/11\/jan-kurtz-lilian-wandregal-150x150.jpg 150w\" sizes=\"(max-width: 600px) 100vw, 600px\" \/><\/a><\/p>\n<p style=\"text-align: justify;\">Es bleibt au\u00dferdem dem Nutzer \u00fcberlassen, wie er das Lilian Wandregal bei der Montage ausrichtet. So wird es zur kreativen Dekoration, die sich harmonisch ins Interieur integriert. Gleichzeitig ist die Gestaltungsidee funktional. Im Eingangsbereich bietet sich das Wandregal von Jan Kurtz an, um vor\u00fcbergehend Utensilien wie Schl\u00fcssel oder Portemonnaies abzulegen.<\/p>\n<h2><span class=\"ez-toc-section\" id=\"Regale_fuer_die_einfallsreiche_Wandgestaltung\"><\/span>Regale f\u00fcr die einfallsreiche Wandgestaltung<span class=\"ez-toc-section-end\"><\/span><\/h2>\n<p style=\"text-align: justify;\">Klassische Regalsysteme r\u00fccken die Funktionalit\u00e4t in den Mittelpunkt. Die ansprechende \u00c4sthetik gleicht dabei dem i-T\u00fcpfelchen. Deutlich hebt sich davon das <a href=\"https:\/\/www.raum-blick.de\/vitra-corniche\">Regalsystem Corniche<\/a> ab, die Ronan &amp; Erwan Bourourllec f\u00fcr <a href=\"https:\/\/www.raum-blick.de\/vitra\/\">Vitra<\/a> entwarfen.<\/p>\n<blockquote>\n<p style=\"text-align: justify;\">Die Designer lie\u00dfen sich von urspr\u00fcnglichen Landschaften ebenso inspirieren wie von allt\u00e4glichen Situationen: Regelm\u00e4\u00dfig ergibt sich der Bedarf, spontan etwas zu deponieren.<\/p>\n<\/blockquote>\n<p style=\"text-align: justify;\">In der Natur bietet sich daf\u00fcr manchmal ein Felsvorsprung an. Daran orientiert sich die organische Formgebung der unkonventionellen Wandregale. Die Designlinie aus hochwertigem Kunststoff stachelt die Kreativit\u00e4t an. F\u00fcr individuelle Gestaltungsideen entdeckt man verschiedene Gr\u00f6\u00dfen und Farben. Das beschert unz\u00e4hlige M\u00f6glichkeiten beim Arrangieren und Kombinieren.<\/p>\n<p><a href=\"https:\/\/www.raum-blick.de\/vitra-corniche\"><img loading=\"lazy\" decoding=\"async\" class=\"aligncenter wp-image-11546 size-full\" title=\"Vitra Corniche Regal | Design: Ronan &amp; Erwan Bouroullec, 2012\" src=\"https:\/\/www.raum-blick.de\/magazin\/wp-content\/uploads\/2020\/11\/vitra-corniche-weiss.jpg\" alt=\"vitra-corniche-weiss-schicke-und-originelle-wandregale\" width=\"600\" height=\"600\" srcset=\"https:\/\/raum-blick.de\/magazin\/wp-content\/uploads\/2020\/11\/vitra-corniche-weiss.jpg 600w, https:\/\/raum-blick.de\/magazin\/wp-content\/uploads\/2020\/11\/vitra-corniche-weiss-300x300.jpg 300w, https:\/\/raum-blick.de\/magazin\/wp-content\/uploads\/2020\/11\/vitra-corniche-weiss-150x150.jpg 150w\" sizes=\"(max-width: 600px) 100vw, 600px\" \/><\/a><\/p>\n<p style=\"text-align: justify;\">Bekennt sich der Anstrich zum identischen Farbton, verschmilzt das wei\u00dfe Regal optisch mit dem Hintergrund. Die ungeteilte Aufmerksamkeit genie\u00dft dadurch das platzierte Objekt. So gelingt es, kleine Kostbarkeiten effektvoll auszustellen. In der Essecke m\u00f6chte man Servietten, Pfeffer und Salz griffbereit drapieren. Neben der Steckdose w\u00e4re eine Ladestation f\u00fcrs Smartphone praktisch. Am Sekret\u00e4r im Flur fehlt ein Stammplatz f\u00fcr Stifte und \u00e4hnliche B\u00fcroutensilien.<\/p>\n<p><a href=\"https:\/\/www.raum-blick.de\/vitra-corniche\"><img loading=\"lazy\" decoding=\"async\" class=\"aligncenter wp-image-11551 size-full\" title=\"Vitra Corniche Regal | Design: Ronan &amp; Erwan Bouroullec, 2012\" src=\"https:\/\/www.raum-blick.de\/magazin\/wp-content\/uploads\/2020\/11\/vitra-corniche.jpg\" alt=\"vitra-corniche\" width=\"600\" height=\"600\" srcset=\"https:\/\/raum-blick.de\/magazin\/wp-content\/uploads\/2020\/11\/vitra-corniche.jpg 600w, https:\/\/raum-blick.de\/magazin\/wp-content\/uploads\/2020\/11\/vitra-corniche-300x300.jpg 300w, https:\/\/raum-blick.de\/magazin\/wp-content\/uploads\/2020\/11\/vitra-corniche-150x150.jpg 150w\" sizes=\"(max-width: 600px) 100vw, 600px\" \/><\/a><\/p>\n<p style=\"text-align: justify;\">Alle Beispiele haben etwas gemeinsam: Das Wandregal der namhaften Designmarke l\u00f6st punktgenau das Problem. N\u00fcchtern wirken oft lange Korridore, die f\u00fcr eine M\u00f6blierung zu schmal sind. Das \u00e4ndert sich sogleich, wenn man die Corniche Regale f\u00fcr sich entdeckt. Als buntes Ensemble beleben sie die Raumgestaltung wie eine kunstvolle Wandinstallation. Daf\u00fcr ist es zweitrangig, wie man die hochgl\u00e4nzenden Vorspr\u00fcnge nutzt. Sie bieten sich als Stellfl\u00e4che f\u00fcr Gebrauchsgegenst\u00e4nde und saisonale Deko an.<\/p>\n","protected":false},"excerpt":{"rendered":"<p>\u00ab Stauraum mit Stil \u00bb Die Schr\u00e4nke sind voll. Knapp wird der Stauraum. In diesem Moment haben Regalsysteme ihre Sternstunde. Wer sie nur als pragmatische Einrichtungsl\u00f6sung ins Spiel bringt, verkennt ihren Mehrwert. Schicke Wandregale lockern die Raumgestaltung auf. Bekennen sich die \u201ePlatzschaffer\u201c zum unkonventionellen Design, avancieren sie selbst zum Blickfang. Mit Leichtigkeit die Staufl\u00e4che erweitern [&hellip;]<\/p>\n","protected":false},"author":4,"featured_media":11555,"comment_status":"closed","ping_status":"open","sticky":false,"template":"","format":"standard","meta":{"_et_pb_use_builder":"","_et_pb_old_content":"","_et_gb_content_width":"","inline_featured_image":false,"footnotes":""},"categories":[8],"tags":[953,1051,911,168,19,1259,520,592,913,25,560],"class_list":["post-11525","post","type-post","status-publish","format-standard","has-post-thumbnail","hentry","category-features","tag-einrichtung","tag-jan-kurtz","tag-regal","tag-regale","tag-skagerak","tag-stauraum","tag-vitra","tag-wandgestaltung","tag-wandregal","tag-wandregale","tag-we-do-wood"],"_links":{"self":[{"href":"https:\/\/raum-blick.de\/magazin\/wp-json\/wp\/v2\/posts\/11525","targetHints":{"allow":["GET"]}}],"collection":[{"href":"https:\/\/raum-blick.de\/magazin\/wp-json\/wp\/v2\/posts"}],"about":[{"href":"https:\/\/raum-blick.de\/magazin\/wp-json\/wp\/v2\/types\/post"}],"author":[{"embeddable":true,"href":"https:\/\/raum-blick.de\/magazin\/wp-json\/wp\/v2\/users\/4"}],"replies":[{"embeddable":true,"href":"https:\/\/raum-blick.de\/magazin\/wp-json\/wp\/v2\/comments?post=11525"}],"version-history":[{"count":30,"href":"https:\/\/raum-blick.de\/magazin\/wp-json\/wp\/v2\/posts\/11525\/revisions"}],"predecessor-version":[{"id":20806,"href":"https:\/\/raum-blick.de\/magazin\/wp-json\/wp\/v2\/posts\/11525\/revisions\/20806"}],"wp:featuredmedia":[{"embeddable":true,"href":"https:\/\/raum-blick.de\/magazin\/wp-json\/wp\/v2\/media\/11555"}],"wp:attachment":[{"href":"https:\/\/raum-blick.de\/magazin\/wp-json\/wp\/v2\/media?parent=11525"}],"wp:term":[{"taxonomy":"category","embeddable":true,"href":"https:\/\/raum-blick.de\/magazin\/wp-json\/wp\/v2\/categories?post=11525"},{"taxonomy":"post_tag","embeddable":true,"href":"https:\/\/raum-blick.de\/magazin\/wp-json\/wp\/v2\/tags?post=11525"}],"curies":[{"name":"wp","href":"https:\/\/api.w.org\/{rel}","templated":true}]}}