{"id":11488,"date":"2020-10-21T12:45:51","date_gmt":"2020-10-21T10:45:51","guid":{"rendered":"https:\/\/www.raum-blick.de\/magazin\/?p=11488"},"modified":"2024-09-02T13:52:22","modified_gmt":"2024-09-02T11:52:22","slug":"home-office-einrichten","status":"publish","type":"post","link":"https:\/\/raum-blick.de\/magazin\/home-office-einrichten\/","title":{"rendered":"Home-Office einrichten"},"content":{"rendered":"<h2><span class=\"ez-toc-section\" id=\"%C2%AB_Inspirationen_fuer_das_Buero_daheim_%C2%BB\"><\/span>\u00ab Inspirationen f\u00fcr das B\u00fcro daheim \u00bb<span class=\"ez-toc-section-end\"><\/span><\/h2>\n<p style=\"text-align: justify;\"><strong>Das Home-Office war als spontane \u00dcbergangsl\u00f6sung gedacht, um die Arbeit w\u00e4hrend der Krise fortzusetzen. Inzwischen kristallisiert sich heraus: Die Pandemie dauert nicht nur an, sondern viele Unternehmen m\u00f6chten unabh\u00e4ngig an dem Besch\u00e4ftigungsmodell festhalten. Wer davon betroffen ist, sollte sich eine B\u00fcroecke oder ein Arbeitszimmer einrichten. Denn angenehme Rahmenbedingungen vermeiden Stress und f\u00f6rdern die Produktivit\u00e4t.<\/strong><\/p>\n<h2><span class=\"ez-toc-section\" id=\"Stammplatz_fuers_konzentrierte_Arbeiten\"><\/span>Stammplatz f\u00fcrs konzentrierte Arbeiten<span class=\"ez-toc-section-end\"><\/span><\/h2>\n<p style=\"text-align: justify;\">Ohne Hektik wird gefr\u00fchst\u00fcckt. Danach widmet man sich am K\u00fcchentisch gelassen seinen Aufgaben. Die Fahrt zum Arbeitsplatz entf\u00e4llt ebenso wie das Styling. Lange Zeit tr\u00e4umten davon einige Berufst\u00e4tige. Jetzt ist das Home-Office vielerorts die Realit\u00e4t und offenbart seine Schattenseiten. Morgens kommt man nicht in Schwung.<\/p><div id=\"ez-toc-container\" class=\"ez-toc-v2_0_82_2 counter-hierarchy ez-toc-counter ez-toc-grey ez-toc-container-direction\">\n<div class=\"ez-toc-title-container\">\n<p class=\"ez-toc-title\" style=\"cursor:inherit\">Was hier auf Sie wartet<\/p>\n<span class=\"ez-toc-title-toggle\"><a href=\"#\" class=\"ez-toc-pull-right ez-toc-btn ez-toc-btn-xs ez-toc-btn-default ez-toc-toggle\" aria-label=\"Toggle Table of Content\"><span class=\"ez-toc-js-icon-con\"><span class=\"\"><span class=\"eztoc-hide\" style=\"display:none;\">Toggle<\/span><span class=\"ez-toc-icon-toggle-span\"><svg style=\"fill: #999;color:#999\" xmlns=\"http:\/\/www.w3.org\/2000\/svg\" class=\"list-377408\" width=\"20px\" height=\"20px\" viewBox=\"0 0 24 24\" fill=\"none\"><path d=\"M6 6H4v2h2V6zm14 0H8v2h12V6zM4 11h2v2H4v-2zm16 0H8v2h12v-2zM4 16h2v2H4v-2zm16 0H8v2h12v-2z\" fill=\"currentColor\"><\/path><\/svg><svg style=\"fill: #999;color:#999\" class=\"arrow-unsorted-368013\" xmlns=\"http:\/\/www.w3.org\/2000\/svg\" width=\"10px\" height=\"10px\" viewBox=\"0 0 24 24\" version=\"1.2\" baseProfile=\"tiny\"><path d=\"M18.2 9.3l-6.2-6.3-6.2 6.3c-.2.2-.3.4-.3.7s.1.5.3.7c.2.2.4.3.7.3h11c.3 0 .5-.1.7-.3.2-.2.3-.5.3-.7s-.1-.5-.3-.7zM5.8 14.7l6.2 6.3 6.2-6.3c.2-.2.3-.5.3-.7s-.1-.5-.3-.7c-.2-.2-.4-.3-.7-.3h-11c-.3 0-.5.1-.7.3-.2.2-.3.5-.3.7s.1.5.3.7z\"\/><\/svg><\/span><\/span><\/span><\/a><\/span><\/div>\n<nav><ul class='ez-toc-list ez-toc-list-level-1 ' ><li class='ez-toc-page-1 ez-toc-heading-level-2'><a class=\"ez-toc-link ez-toc-heading-1\" href=\"https:\/\/raum-blick.de\/magazin\/home-office-einrichten\/#%C2%AB_Inspirationen_fuer_das_Buero_daheim_%C2%BB\" >\u00ab Inspirationen f\u00fcr das B\u00fcro daheim \u00bb<\/a><\/li><li class='ez-toc-page-1 ez-toc-heading-level-2'><a class=\"ez-toc-link ez-toc-heading-2\" href=\"https:\/\/raum-blick.de\/magazin\/home-office-einrichten\/#Stammplatz_fuers_konzentrierte_Arbeiten\" >Stammplatz f\u00fcrs konzentrierte Arbeiten<\/a><\/li><li class='ez-toc-page-1 ez-toc-heading-level-2'><a class=\"ez-toc-link ez-toc-heading-3\" href=\"https:\/\/raum-blick.de\/magazin\/home-office-einrichten\/#Weniger_Bueroschraenke_mehr_Freiraum\" >Weniger B\u00fcroschr\u00e4nke, mehr Freiraum<\/a><\/li><li class='ez-toc-page-1 ez-toc-heading-level-2'><a class=\"ez-toc-link ez-toc-heading-4\" href=\"https:\/\/raum-blick.de\/magazin\/home-office-einrichten\/#Augenschmeichler_fuers_durchdachte_Lichtkonzept\" >Augenschmeichler f\u00fcrs durchdachte Lichtkonzept<\/a><\/li><li class='ez-toc-page-1 ez-toc-heading-level-2'><a class=\"ez-toc-link ez-toc-heading-5\" href=\"https:\/\/raum-blick.de\/magazin\/home-office-einrichten\/#Rituale_fuers_Wohlbefinden\" >Rituale f\u00fcrs Wohlbefinden<\/a><\/li><\/ul><\/nav><\/div>\n\n<blockquote>\n<p style=\"text-align: justify;\">Die \u00dcberg\u00e4nge zwischen dem Beruflichen und Privaten sind flie\u00dfend. Nach Feierabend f\u00e4llt das Abschalten schwer.<\/p>\n<\/blockquote>\n<p style=\"text-align: justify;\">Die Mankos erledigen sich aber z\u00fcgig, wenn man selbst Grenzen zieht. Die Homewear bleibt dem Feierabend vorbehalten. Businessmode pr\u00e4gt tags\u00fcber das Antlitz. Im seri\u00f6sen Outfit ist man nicht nur auf spontane Video-Calls vorbereitet. Durch das Ankleiden landet man geistig in der Berufswelt. Wird sie r\u00e4umlich von der Privatsph\u00e4re getrennt, verst\u00e4rkt sich das Gef\u00fchl.<\/p>\n<p><img loading=\"lazy\" decoding=\"async\" class=\"aligncenter wp-image-11494 size-full\" title=\"Muuto \u2013 70\/70 Table Esstisch | Design: TAF Architects\" src=\"https:\/\/www.raum-blick.de\/magazin\/wp-content\/uploads\/2020\/11\/muuto-70-70-esstisch.jpg\" alt=\"muuto-70-70-esstisch\" width=\"600\" height=\"600\" srcset=\"https:\/\/raum-blick.de\/magazin\/wp-content\/uploads\/2020\/11\/muuto-70-70-esstisch.jpg 600w, https:\/\/raum-blick.de\/magazin\/wp-content\/uploads\/2020\/11\/muuto-70-70-esstisch-300x300.jpg 300w, https:\/\/raum-blick.de\/magazin\/wp-content\/uploads\/2020\/11\/muuto-70-70-esstisch-150x150.jpg 150w\" sizes=\"(max-width: 600px) 100vw, 600px\" \/><\/p>\n<p style=\"text-align: justify;\">Wer zu den Gl\u00fcckspilzen z\u00e4hlt, kann sich ein separates Arbeitszimmer einrichten. Dort l\u00e4dt ein gro\u00dfer Schreibtisch dazu ein, motiviert durchzustarten. Eleganter Minimalismus und stattliche Ma\u00dfe charakterisieren den Muuto 70\/70. Origin\u00e4r dachten das Designb\u00fcro TAF Architects beim Entwurf nicht an B\u00fcrom\u00f6bel. Der Tisch macht als Dinnertafel ebenfalls eine gute Figur. Das befl\u00fcgelt pfiffige Ideen: W\u00e4hrend des Tages ben\u00f6tigt man ein Arbeitszimmer. G\u00e4ste stellen sich meist am Abend oder Wochenende ein, um im Esszimmer zu dinieren. Das spricht f\u00fcr eine kombinierte Nutzung des Raums und der M\u00f6bel. Oft ist nur eine Ecke im Flur, Schlafraum oder Wohnzimmer verf\u00fcgbar, wenn man ein Home-Office einrichten m\u00f6chte.<\/p>\n<p><img loading=\"lazy\" decoding=\"async\" class=\"aligncenter wp-image-11498 size-full\" title=\"radius Miss Moneypenny Sekret\u00e4r | Design: Ralph Kraeuter\" src=\"https:\/\/www.raum-blick.de\/magazin\/wp-content\/uploads\/2020\/11\/adius-design-miss-moneypenny-sekretaer.jpg\" alt=\"adius-design-miss-moneypenny-sekretaer\" width=\"600\" height=\"600\" srcset=\"https:\/\/raum-blick.de\/magazin\/wp-content\/uploads\/2020\/11\/adius-design-miss-moneypenny-sekretaer.jpg 600w, https:\/\/raum-blick.de\/magazin\/wp-content\/uploads\/2020\/11\/adius-design-miss-moneypenny-sekretaer-300x300.jpg 300w, https:\/\/raum-blick.de\/magazin\/wp-content\/uploads\/2020\/11\/adius-design-miss-moneypenny-sekretaer-150x150.jpg 150w\" sizes=\"(max-width: 600px) 100vw, 600px\" \/><\/p>\n<p style=\"text-align: justify;\">Dazu passt ein Klassiker wunderbar, den Ralph Kraeuter f\u00fcr <a href=\"https:\/\/www.raum-blick.de\/radius-design\/\">Radius Design<\/a> modern interpretierte: Der Sekret\u00e4r Miss Moneypenny ist kompakt und luftig konzipiert. Er f\u00fcgt sich ansprechend ins wohnliche Szenario ein. Integrierte Kan\u00e4le sorgen daf\u00fcr, dass Kabel aus dem Blickfeld verschwinden. Durchdachte Arbeitsfl\u00e4che, erh\u00f6hte Ablage und optionale Laptophalterung: Der schicke Platzsparer l\u00e4sst keine W\u00fcnsche offen.<\/p>\n<h2><span class=\"ez-toc-section\" id=\"Weniger_Bueroschraenke_mehr_Freiraum\"><\/span>Weniger B\u00fcroschr\u00e4nke, mehr Freiraum<span class=\"ez-toc-section-end\"><\/span><\/h2>\n<p style=\"text-align: justify;\">Beim gemeinschaftlichen Brainstorming sitzt das Team an der Kaffeebar oder auf den Sofas. Projekte werden am Konferenztisch auf der Fensterseite entwickelt. Wenn man ungest\u00f6rt eine Aufgabe l\u00f6sen m\u00f6chte, sind die B\u00fcronischen praktisch. Die Skizze verdeutlicht: In zeitgem\u00e4\u00dfen B\u00fcrogeb\u00e4uden weist man nicht mehr allen Besch\u00e4ftigten ein konstantes Arbeitszimmer zu. Ein dynamisches Konzept passt deutlich besser zur heutigen Berufst\u00e4tigkeit. Wegen der Digitalisierung sind die Materialien \u00fcberschaubar. Es werden deshalb weniger B\u00fcrom\u00f6bel f\u00fcrs Verstauen ben\u00f6tigt.<\/p>\n<p><a href=\"https:\/\/www.raum-blick.de\/string-pocket-regal\"><img loading=\"lazy\" decoding=\"async\" class=\"aligncenter wp-image-11518 size-full\" title=\"String Pocket Wandregal | Design: Nisse Strinning\" src=\"https:\/\/www.raum-blick.de\/magazin\/wp-content\/uploads\/2020\/11\/string-pocket-regal.jpg\" alt=\"string-pocket-regal-home-office-einrichten\" width=\"600\" height=\"600\" srcset=\"https:\/\/raum-blick.de\/magazin\/wp-content\/uploads\/2020\/11\/string-pocket-regal.jpg 600w, https:\/\/raum-blick.de\/magazin\/wp-content\/uploads\/2020\/11\/string-pocket-regal-300x300.jpg 300w, https:\/\/raum-blick.de\/magazin\/wp-content\/uploads\/2020\/11\/string-pocket-regal-150x150.jpg 150w\" sizes=\"(max-width: 600px) 100vw, 600px\" \/><\/a><\/p>\n<p style=\"text-align: justify;\">Die modernen B\u00fcrokonzepte sind eine tolle Inspirationsquelle, wenn man ein Home-Office einrichten m\u00f6chte. Meist gen\u00fcgt ein kompaktes Regal, um die Arbeitsmaterialien ordentlich unterzubringen. Das lenkt die Aufmerksamkeit auf eine Designikone aus Skandinavien: Das puristisch akzentuierte String Pocket schafft Stauraum, ohne die Atmosph\u00e4re zu beschweren. Bei Bedarf l\u00e4sst sich das Wandregal passend zu den Bed\u00fcrfnissen erweitern. So entstehen sukzessiv ma\u00dfgeschneiderte M\u00f6bel f\u00fcr das Home-Office. Am Arbeitstisch ringt man ohne Erfolg nach Geistesblitzen.<\/p>\n<p><a href=\"https:\/\/www.raum-blick.de\/string-arbeitsplatte\"><img loading=\"lazy\" decoding=\"async\" class=\"aligncenter wp-image-11522 size-full\" title=\"String Regalsystem Arbeitsplatte \/ Schreibtisch | Design: Nisse Strinning\" src=\"https:\/\/www.raum-blick.de\/magazin\/wp-content\/uploads\/2020\/11\/string-arbeitsplatte.jpg\" alt=\"string-arbeitsplatte\" width=\"600\" height=\"600\" srcset=\"https:\/\/raum-blick.de\/magazin\/wp-content\/uploads\/2020\/11\/string-arbeitsplatte.jpg 600w, https:\/\/raum-blick.de\/magazin\/wp-content\/uploads\/2020\/11\/string-arbeitsplatte-300x300.jpg 300w, https:\/\/raum-blick.de\/magazin\/wp-content\/uploads\/2020\/11\/string-arbeitsplatte-150x150.jpg 150w\" sizes=\"(max-width: 600px) 100vw, 600px\" \/><\/a><\/p>\n<p style=\"text-align: justify;\">Wird der Aufenthaltsort minimal ver\u00e4ndert, stellen sie die genialen Ideen ein. Genau darauf gehen Unternehmen mit den locker gestalteten Gro\u00dfraumb\u00fcros ein. Der Part ergibt sich bei der heimischen B\u00fcroecke von selbst. K\u00fcche, Sofalandschaft oder Balkon: Die Privatwohnung bietet viel Abwechslung und Bewegungsfreiheit. Wer ein separates Home-Office einrichten m\u00f6chte, wertet das Arbeitszimmer mit bequemen Lesesesseln und einer Getr\u00e4nkebar auf. So ergibt sich trotz der r\u00e4umlichen Trennung eine Dynamik, die Kreativit\u00e4t f\u00f6rdert.<\/p>\n<h2><span class=\"ez-toc-section\" id=\"Augenschmeichler_fuers_durchdachte_Lichtkonzept\"><\/span>Augenschmeichler f\u00fcrs durchdachte Lichtkonzept<span class=\"ez-toc-section-end\"><\/span><\/h2>\n<p style=\"text-align: justify;\">Ambitionierte Interieurdesigner beobachten allt\u00e4gliche Abl\u00e4ufe. Passend dazu w\u00e4hlen sie B\u00fcrom\u00f6bel aus, die sie gezielt im Raum platzieren. Sie erm\u00f6glichen damit ergonomisches Arbeiten. \u00c4hnlich wichtig f\u00fcr die Gesundheit und Motivation sind die optimalen Lichtverh\u00e4ltnisse. Wer ein Home-Office einrichten m\u00f6chte, sollte den Aspekt bedenken. Die M\u00f6bel im Arbeitszimmer arrangiert man m\u00f6glichst so, dass der Schreibtisch im 90 Grad Winkel nahe dem Fenster steht. Dann profitiert man vom Sonnenlicht, ohne geblendet zu werden.<\/p>\n<p><img loading=\"lazy\" decoding=\"async\" class=\"aligncenter wp-image-11504 size-full\" title=\"Lumina Daphine Tavolo Classic Tischleuchte \/ Leseleuchte | Design: Tommaso Cimini\" src=\"https:\/\/www.raum-blick.de\/magazin\/wp-content\/uploads\/2020\/11\/lumina-daphine-tavolo-classic-tischleuchte.jpg\" alt=\"lumina-daphine-tavolo-classic-tischleuchte-home-office-einrichten\" width=\"600\" height=\"470\" srcset=\"https:\/\/raum-blick.de\/magazin\/wp-content\/uploads\/2020\/11\/lumina-daphine-tavolo-classic-tischleuchte.jpg 600w, https:\/\/raum-blick.de\/magazin\/wp-content\/uploads\/2020\/11\/lumina-daphine-tavolo-classic-tischleuchte-300x235.jpg 300w\" sizes=\"(max-width: 600px) 100vw, 600px\" \/><\/p>\n<p style=\"text-align: justify;\">Unverzichtbar ist die Allgemeinbeleuchtung unter der Decke. Sie unterst\u00fctzt die Wirkung des Tageslichts und erfasst gleichm\u00e4\u00dfig alle Raumbereiche. Ein Zonenlicht verhindert, dass die Augen bei der konzentrierten Arbeit nicht erm\u00fcden. Die legend\u00e4re Daphine Tavolo von Lumina beantwortet das Bed\u00fcrfnis \u00e4u\u00dferst funktionell. Die justierbare Schreibtischleuchte aus Italien begeistert au\u00dferdem mit ihrem dekorativen Mehrwert. So tr\u00e4gt sie doppelt zur angenehmen Arbeitsatmosph\u00e4re bei.<\/p>\n<p><img loading=\"lazy\" decoding=\"async\" class=\"aligncenter wp-image-11502 size-full\" title=\"Le Klint Carronade Wand- \/ Tischleuchte | Design: Markus Johansson\" src=\"https:\/\/www.raum-blick.de\/magazin\/wp-content\/uploads\/2020\/11\/le-klint-carronade-wand-tischleuchte.jpg\" alt=\"le-klint-carronade-wand-tischleuchte\" width=\"600\" height=\"580\" srcset=\"https:\/\/raum-blick.de\/magazin\/wp-content\/uploads\/2020\/11\/le-klint-carronade-wand-tischleuchte.jpg 600w, https:\/\/raum-blick.de\/magazin\/wp-content\/uploads\/2020\/11\/le-klint-carronade-wand-tischleuchte-300x290.jpg 300w\" sizes=\"(max-width: 600px) 100vw, 600px\" \/><\/p>\n<p style=\"text-align: justify;\">Gleiches gilt erg\u00e4nzend f\u00fcr die Carronade Wandleuchte von Le Klint. Das ist ideal, wenn man das Home-Office platzsparend einrichten muss.<\/p>\n<h2><span class=\"ez-toc-section\" id=\"Rituale_fuers_Wohlbefinden\"><\/span>Rituale f\u00fcrs Wohlbefinden<span class=\"ez-toc-section-end\"><\/span><\/h2>\n<p style=\"text-align: justify;\">Gerne steuern Sie morgens das Home-Office an. Der gr\u00e4uliche Blauton an den W\u00e4nden grenzt die Arbeitsecke nicht nur von der Wohnwelt ab. Er beruhigt und f\u00f6rdert die Konzentration. Im Umfeld heben sich <a href=\"https:\/\/www.raum-blick.de\/raum-blick\/\">verspiegelte Magnettafeln<\/a> hervor. Sie lassen das Setting gro\u00dfz\u00fcgiger erscheinen und bieten sich f\u00fcr Mindmaps an.<\/p>\n<p><img loading=\"lazy\" decoding=\"async\" class=\"aligncenter wp-image-11511 size-full\" title=\"Glas Magnettafel 60x40 cm - anthrazit | Design: J\u00f6rg B\u00f6hler\" src=\"https:\/\/www.raum-blick.de\/magazin\/wp-content\/uploads\/2020\/11\/glas-magnettafel-max-60x40-cm-anthrazit.jpg\" alt=\"glas-magnettafel-max-60x40-cm-anthrazit-home-office-einrichten\" width=\"600\" height=\"600\" srcset=\"https:\/\/raum-blick.de\/magazin\/wp-content\/uploads\/2020\/11\/glas-magnettafel-max-60x40-cm-anthrazit.jpg 600w, https:\/\/raum-blick.de\/magazin\/wp-content\/uploads\/2020\/11\/glas-magnettafel-max-60x40-cm-anthrazit-300x300.jpg 300w, https:\/\/raum-blick.de\/magazin\/wp-content\/uploads\/2020\/11\/glas-magnettafel-max-60x40-cm-anthrazit-150x150.jpg 150w\" sizes=\"(max-width: 600px) 100vw, 600px\" \/><\/p>\n<p style=\"text-align: justify;\">Die B\u00fcrom\u00f6bel schmeicheln ebenso dem Auge wie die Designleuchten. Das verf\u00fchrt zum Wohlf\u00fchlen, obwohl Sie auf dekorative Extras fast komplett verzichtet haben. Wenn Sie derart \u00fcberlegt das Home-Office einrichten, zeigen sich schnell die Vorz\u00fcge der dezentralen Arbeitsform. Das verst\u00e4rkt sich, sobald Sie motivierende Gewohnheiten etablieren.<\/p>\n<p><img loading=\"lazy\" decoding=\"async\" class=\"aligncenter wp-image-11513 size-full\" title=\"Glas Magnettafel MAX 100x60 cm - gr\u00fcn | Design: J\u00f6rg B\u00f6hler\" src=\"https:\/\/www.raum-blick.de\/magazin\/wp-content\/uploads\/2020\/11\/glas-magnettafel-max-100x60-cm-gruen.jpg\" alt=\"glas-magnettafel-max-100x60-cm-gruen\" width=\"600\" height=\"600\" srcset=\"https:\/\/raum-blick.de\/magazin\/wp-content\/uploads\/2020\/11\/glas-magnettafel-max-100x60-cm-gruen.jpg 600w, https:\/\/raum-blick.de\/magazin\/wp-content\/uploads\/2020\/11\/glas-magnettafel-max-100x60-cm-gruen-300x300.jpg 300w, https:\/\/raum-blick.de\/magazin\/wp-content\/uploads\/2020\/11\/glas-magnettafel-max-100x60-cm-gruen-150x150.jpg 150w\" sizes=\"(max-width: 600px) 100vw, 600px\" \/><\/p>\n<p style=\"text-align: justify;\">Wahre Wunder kann eine Duftlampe bewirken: Zum Arbeitsbeginn verspr\u00fcht sie anregende Aromen. Ein bes\u00e4nftigendes Duft\u00f6l signalisiert dem Geist sp\u00e4ter, dass der Arbeitstag beendet ist. Im B\u00fcro sind Pausen vorgeschrieben, weil sie der Arbeitsgesundheit dienen. Daran sollte man daheim festhalten. Wer das oft vergisst, nutzt praktische Apps. Sie erinnern an die regelm\u00e4\u00dfigen Bildschirmpausen, in denen man sich im Idealfall bewegt.<\/p>\n<p><img loading=\"lazy\" decoding=\"async\" class=\"aligncenter wp-image-11508 size-full\" title=\"Design House Stockholm Bonsai Blossom Diffuser Raumduft | Design: Takafumi Nemoto\" src=\"https:\/\/www.raum-blick.de\/magazin\/wp-content\/uploads\/2020\/11\/design-house-stockholm-bonsai-blossom-set.jpg\" alt=\"design-house-stockholm-bonsai-blossom-set-home-office-einrichten\" width=\"600\" height=\"600\" srcset=\"https:\/\/raum-blick.de\/magazin\/wp-content\/uploads\/2020\/11\/design-house-stockholm-bonsai-blossom-set.jpg 600w, https:\/\/raum-blick.de\/magazin\/wp-content\/uploads\/2020\/11\/design-house-stockholm-bonsai-blossom-set-300x300.jpg 300w, https:\/\/raum-blick.de\/magazin\/wp-content\/uploads\/2020\/11\/design-house-stockholm-bonsai-blossom-set-150x150.jpg 150w\" sizes=\"(max-width: 600px) 100vw, 600px\" \/><\/p>\n<p style=\"text-align: justify;\">Virtuelle Verabredungen zur gemeinsamen Mittagspause sorgen daf\u00fcr, dass die Kontakte unter Kolleginnen und Kollegen nicht zu kurz kommen. Wenn das Flair und die Abl\u00e4ufe im Home-Office optimal sind, verbleiben nur die Vorz\u00fcge. Der gr\u00f6\u00dfte Nachteil erledigt sich gleichzeitig: das zeitraubende Pendeln bei Wind und Wetter.<\/p>\n","protected":false},"excerpt":{"rendered":"<p>\u00ab Inspirationen f\u00fcr das B\u00fcro daheim \u00bb Das Home-Office war als spontane \u00dcbergangsl\u00f6sung gedacht, um die Arbeit w\u00e4hrend der Krise fortzusetzen. Inzwischen kristallisiert sich heraus: Die Pandemie dauert nicht nur an, sondern viele Unternehmen m\u00f6chten unabh\u00e4ngig an dem Besch\u00e4ftigungsmodell festhalten. Wer davon betroffen ist, sollte sich eine B\u00fcroecke oder ein Arbeitszimmer einrichten. Denn angenehme Rahmenbedingungen [&hellip;]<\/p>\n","protected":false},"author":4,"featured_media":11497,"comment_status":"closed","ping_status":"open","sticky":false,"template":"","format":"standard","meta":{"_et_pb_use_builder":"","_et_pb_old_content":"","_et_gb_content_width":"","inline_featured_image":false,"footnotes":""},"categories":[1],"tags":[1255,419,1254,495,1257,953,1252,1251,954,523,439,82,1256,239,38,1258,16,914,1253,15,24,910,103,913],"class_list":["post-11488","post","type-post","status-publish","format-standard","has-post-thumbnail","hentry","category-drinnen","tag-arbeitsplatte","tag-buero","tag-bueroschraenke","tag-design-house-stockholm","tag-diffuser","tag-einrichtung","tag-esstisch","tag-home-office","tag-homeoffice","tag-le-klint","tag-leseleuchte","tag-lumina","tag-magnettafel","tag-muuto","tag-radius-design","tag-raumduft","tag-regalsysteme","tag-schreibtisch","tag-sekretaer","tag-string","tag-string-pocket","tag-tischleuchte","tag-wandleuchte","tag-wandregal"],"_links":{"self":[{"href":"https:\/\/raum-blick.de\/magazin\/wp-json\/wp\/v2\/posts\/11488","targetHints":{"allow":["GET"]}}],"collection":[{"href":"https:\/\/raum-blick.de\/magazin\/wp-json\/wp\/v2\/posts"}],"about":[{"href":"https:\/\/raum-blick.de\/magazin\/wp-json\/wp\/v2\/types\/post"}],"author":[{"embeddable":true,"href":"https:\/\/raum-blick.de\/magazin\/wp-json\/wp\/v2\/users\/4"}],"replies":[{"embeddable":true,"href":"https:\/\/raum-blick.de\/magazin\/wp-json\/wp\/v2\/comments?post=11488"}],"version-history":[{"count":32,"href":"https:\/\/raum-blick.de\/magazin\/wp-json\/wp\/v2\/posts\/11488\/revisions"}],"predecessor-version":[{"id":20900,"href":"https:\/\/raum-blick.de\/magazin\/wp-json\/wp\/v2\/posts\/11488\/revisions\/20900"}],"wp:featuredmedia":[{"embeddable":true,"href":"https:\/\/raum-blick.de\/magazin\/wp-json\/wp\/v2\/media\/11497"}],"wp:attachment":[{"href":"https:\/\/raum-blick.de\/magazin\/wp-json\/wp\/v2\/media?parent=11488"}],"wp:term":[{"taxonomy":"category","embeddable":true,"href":"https:\/\/raum-blick.de\/magazin\/wp-json\/wp\/v2\/categories?post=11488"},{"taxonomy":"post_tag","embeddable":true,"href":"https:\/\/raum-blick.de\/magazin\/wp-json\/wp\/v2\/tags?post=11488"}],"curies":[{"name":"wp","href":"https:\/\/api.w.org\/{rel}","templated":true}]}}