{"id":11391,"date":"2020-09-15T08:51:57","date_gmt":"2020-09-15T06:51:57","guid":{"rendered":"https:\/\/www.raum-blick.de\/magazin\/?p=11391"},"modified":"2021-06-11T09:45:22","modified_gmt":"2021-06-11T07:45:22","slug":"jan-kurtz-alois-tischgruppe","status":"publish","type":"post","link":"https:\/\/raum-blick.de\/magazin\/jan-kurtz-alois-tischgruppe\/","title":{"rendered":"Jan Kurtz Alois Tischgruppe"},"content":{"rendered":"<h2><span class=\"ez-toc-section\" id=\"%C2%ABCharaktervolle_Lieblingsmoebel_mit_vielen_Talenten%C2%BB\"><\/span>\u00abCharaktervolle Lieblingsm\u00f6bel mit vielen Talenten\u00bb<span class=\"ez-toc-section-end\"><\/span><\/h2>\n<p style=\"text-align: justify;\"><strong>Minimalismus mit hohem Designanspruch pr\u00e4gt die <\/strong><a href=\"https:\/\/www.raum-blick.de\/jan-kurtz-alois-tischgruppe\"><strong>Outdoor-M\u00f6bel Alois von Jan Kurtz<\/strong><\/a><strong>. Das verleiht ihnen eine distinktive \u00c4sthetik und Funktionalit\u00e4t. Origin\u00e4r ist die Tischgruppe f\u00fcr den Au\u00dfenbereich gedacht. Wer die Fantasie spielen l\u00e4sst, bemerkt aber schnell: Die Tischgruppe ist vielerorts die geschmackvolle Antwort auf knifflige Einrichtungsfragen.<\/strong><\/p>\n<h2><span class=\"ez-toc-section\" id=\"Urige_Klassiker_%E2%80%93_trendbewusst_interpretiert\"><\/span>Urige Klassiker \u2013 trendbewusst interpretiert<span class=\"ez-toc-section-end\"><\/span><\/h2>\n<p style=\"text-align: justify;\">Massivholz trifft auf stabiles Metall. Die Sitzgelegenheiten pr\u00e4sentieren sich als Hocker und Bank. Der Tisch beschr\u00e4nkt sich formal auf das Wesentliche. Die Materialkombination und der puristische Auftritt wecken dezent Assoziationen mit klassischen Garnituren in Bierg\u00e4rten. Die M\u00f6bel erhalten dadurch einen traditionellen Touch, der Behaglichkeit verstr\u00f6mt. Gleichzeitig erfreut die Sitzgruppe Jan Kurtz Alois mit einer \u00e4sthetischen Leichtigkeit, die extravagant akzentuiert ist. Den Designern gen\u00fcgen daf\u00fcr wenige Feinheiten.<\/p><div id=\"ez-toc-container\" class=\"ez-toc-v2_0_82_2 counter-hierarchy ez-toc-counter ez-toc-grey ez-toc-container-direction\">\n<div class=\"ez-toc-title-container\">\n<p class=\"ez-toc-title\" style=\"cursor:inherit\">Was hier auf Sie wartet<\/p>\n<span class=\"ez-toc-title-toggle\"><a href=\"#\" class=\"ez-toc-pull-right ez-toc-btn ez-toc-btn-xs ez-toc-btn-default ez-toc-toggle\" aria-label=\"Toggle Table of Content\"><span class=\"ez-toc-js-icon-con\"><span class=\"\"><span class=\"eztoc-hide\" style=\"display:none;\">Toggle<\/span><span class=\"ez-toc-icon-toggle-span\"><svg style=\"fill: #999;color:#999\" xmlns=\"http:\/\/www.w3.org\/2000\/svg\" class=\"list-377408\" width=\"20px\" height=\"20px\" viewBox=\"0 0 24 24\" fill=\"none\"><path d=\"M6 6H4v2h2V6zm14 0H8v2h12V6zM4 11h2v2H4v-2zm16 0H8v2h12v-2zM4 16h2v2H4v-2zm16 0H8v2h12v-2z\" fill=\"currentColor\"><\/path><\/svg><svg style=\"fill: #999;color:#999\" class=\"arrow-unsorted-368013\" xmlns=\"http:\/\/www.w3.org\/2000\/svg\" width=\"10px\" height=\"10px\" viewBox=\"0 0 24 24\" version=\"1.2\" baseProfile=\"tiny\"><path d=\"M18.2 9.3l-6.2-6.3-6.2 6.3c-.2.2-.3.4-.3.7s.1.5.3.7c.2.2.4.3.7.3h11c.3 0 .5-.1.7-.3.2-.2.3-.5.3-.7s-.1-.5-.3-.7zM5.8 14.7l6.2 6.3 6.2-6.3c.2-.2.3-.5.3-.7s-.1-.5-.3-.7c-.2-.2-.4-.3-.7-.3h-11c-.3 0-.5.1-.7.3-.2.2-.3.5-.3.7s.1.5.3.7z\"\/><\/svg><\/span><\/span><\/span><\/a><\/span><\/div>\n<nav><ul class='ez-toc-list ez-toc-list-level-1 ' ><li class='ez-toc-page-1 ez-toc-heading-level-2'><a class=\"ez-toc-link ez-toc-heading-1\" href=\"https:\/\/raum-blick.de\/magazin\/jan-kurtz-alois-tischgruppe\/#%C2%ABCharaktervolle_Lieblingsmoebel_mit_vielen_Talenten%C2%BB\" >\u00abCharaktervolle Lieblingsm\u00f6bel mit vielen Talenten\u00bb<\/a><\/li><li class='ez-toc-page-1 ez-toc-heading-level-2'><a class=\"ez-toc-link ez-toc-heading-2\" href=\"https:\/\/raum-blick.de\/magazin\/jan-kurtz-alois-tischgruppe\/#Urige_Klassiker_%E2%80%93_trendbewusst_interpretiert\" >Urige Klassiker \u2013 trendbewusst interpretiert<\/a><\/li><li class='ez-toc-page-1 ez-toc-heading-level-2'><a class=\"ez-toc-link ez-toc-heading-3\" href=\"https:\/\/raum-blick.de\/magazin\/jan-kurtz-alois-tischgruppe\/#Designerstuecke_mit_Link_zur_Elbmetropole\" >Designerst\u00fccke mit Link zur Elbmetropole<\/a><\/li><li class='ez-toc-page-1 ez-toc-heading-level-2'><a class=\"ez-toc-link ez-toc-heading-4\" href=\"https:\/\/raum-blick.de\/magazin\/jan-kurtz-alois-tischgruppe\/#Tischgruppe_mit_Pfiff_%E2%80%93_Kompakt_robust_und_vielseitig\" >Tischgruppe mit Pfiff \u2013 Kompakt, robust und vielseitig<\/a><\/li><li class='ez-toc-page-1 ez-toc-heading-level-2'><a class=\"ez-toc-link ez-toc-heading-5\" href=\"https:\/\/raum-blick.de\/magazin\/jan-kurtz-alois-tischgruppe\/#Multitalente_fuer_moderne_Wohnideen\" >Multitalente f\u00fcr moderne Wohnideen<\/a><\/li><li class='ez-toc-page-1 ez-toc-heading-level-2'><a class=\"ez-toc-link ez-toc-heading-6\" href=\"https:\/\/raum-blick.de\/magazin\/jan-kurtz-alois-tischgruppe\/#Stilvolle_Lieblingsstuecke_die_Probleme_loesen\" >Stilvolle Lieblingsst\u00fccke, die Probleme l\u00f6sen<\/a><\/li><\/ul><\/nav><\/div>\n\n<p><a href=\"https:\/\/www.raum-blick.de\/jan-kurtz-mira-beistelltisch\"><img loading=\"lazy\" decoding=\"async\" class=\"aligncenter wp-image-11415 size-full\" title=\"Jan Kurtz Mira Beistelltisch | Tablett Beistelltisch | Design: Tina Glage\" src=\"https:\/\/www.raum-blick.de\/magazin\/wp-content\/uploads\/2020\/10\/jan-kurtz-mira-beistelltisch.jpg\" alt=\"jan-kurtz-mira-beistelltisch\" width=\"600\" height=\"600\" srcset=\"https:\/\/raum-blick.de\/magazin\/wp-content\/uploads\/2020\/10\/jan-kurtz-mira-beistelltisch.jpg 600w, https:\/\/raum-blick.de\/magazin\/wp-content\/uploads\/2020\/10\/jan-kurtz-mira-beistelltisch-300x300.jpg 300w, https:\/\/raum-blick.de\/magazin\/wp-content\/uploads\/2020\/10\/jan-kurtz-mira-beistelltisch-150x150.jpg 150w\" sizes=\"(max-width: 600px) 100vw, 600px\" \/><\/a><\/p>\n<p style=\"text-align: justify;\">Auffallend grazil ist das Gestell aus pulverbeschichtetem Stahlrohr ausgef\u00fchrt. Die Latten sind nicht l\u00e4ngs, sondern quer drapiert. Da die Holzelemente spitz zulaufen, ergibt sich ein graphisches Muster mit Asymmetrien. Das lockert die \u00c4sthetik der Gartenm\u00f6bel auf. Idyllische Veranda, stylishe Terrasse oder minimalistischer Freisitz in der City-Wohnung: Alois M\u00f6bel harmonieren durch den Mix aus Trend und Tradition mit nahezu jedem Setting.<\/p>\n<h2><span class=\"ez-toc-section\" id=\"Designerstuecke_mit_Link_zur_Elbmetropole\"><\/span>Designerst\u00fccke mit Link zur Elbmetropole<span class=\"ez-toc-section-end\"><\/span><\/h2>\n<p style=\"text-align: justify;\">Eva Marguerre und Marcel Besau absolvierten kreative Studieng\u00e4nge. Das Paar begeistert sich f\u00fcr visuelle Kommunikation ebenso wie Raumgestaltung und Produktdesign. Die vielf\u00e4ltigen Interessen spiegeln sich im ganzheitlichen Gestaltungsansatz wider. Stets bezieht das Duo \u00fcbergreifende Zusammenh\u00e4nge wie die Architektur oder die Lebensart in die Entw\u00fcrfe mit ein. Gern experimentieren die preisgekr\u00f6nten Nachwuchstalente der deutschen Designszene mit unkonventionellen Formen und Materialien.<\/p>\n<p><a href=\"https:\/\/www.raum-blick.de\/jan-kurtz-fiji-outdoor-beistelltisch\/klapptisch\"><img loading=\"lazy\" decoding=\"async\" class=\"aligncenter wp-image-11413 size-full\" title=\"Jan Kurtz Fiji Klapp-und Beistelltisch | Design: Jan Kurtz\" src=\"https:\/\/www.raum-blick.de\/magazin\/wp-content\/uploads\/2020\/10\/jan-kurtz-fiji-outdoor-beistelltisch-klapptisch.jpg\" alt=\"jan-kurtz-fiji-outdoor-beistelltisch-klapptisch\" width=\"600\" height=\"600\" srcset=\"https:\/\/raum-blick.de\/magazin\/wp-content\/uploads\/2020\/10\/jan-kurtz-fiji-outdoor-beistelltisch-klapptisch.jpg 600w, https:\/\/raum-blick.de\/magazin\/wp-content\/uploads\/2020\/10\/jan-kurtz-fiji-outdoor-beistelltisch-klapptisch-300x300.jpg 300w, https:\/\/raum-blick.de\/magazin\/wp-content\/uploads\/2020\/10\/jan-kurtz-fiji-outdoor-beistelltisch-klapptisch-150x150.jpg 150w\" sizes=\"(max-width: 600px) 100vw, 600px\" \/><\/a><\/p>\n<p style=\"text-align: justify;\">Wunderbar verdeutlicht die Tischgruppe Jan Kurtz Alois den Stil des hanseatischen Studios: Die gem\u00fctliche Aura der Outdoor-M\u00f6bel l\u00e4sst erahnen, dass ihre Besitzer das Leben genie\u00dfen. Sie legen Wert auf Individualit\u00e4t. Das bezeugt die ungew\u00f6hnlich designte Holzfl\u00e4che. Der Gartentisch ist offen f\u00fcr die Platzierung in den verschiedensten Szenarien. Das passt zum aufgeschlossenen Kreativstil von Marguerre-Besau, der h\u00f6chsten Anspr\u00fcchen gerecht wird. Daf\u00fcr sprechen prestigetr\u00e4chtige Projekte wie die M\u00f6blierung der Hamburger Elbphilharmonie.<\/p>\n<h2><span class=\"ez-toc-section\" id=\"Tischgruppe_mit_Pfiff_%E2%80%93_Kompakt_robust_und_vielseitig\"><\/span>Tischgruppe mit Pfiff \u2013 Kompakt, robust und vielseitig<span class=\"ez-toc-section-end\"><\/span><\/h2>\n<p style=\"text-align: justify;\">Die Tischgruppe beschwert die Atmosph\u00e4re nicht. Mit ihrem cleveren Design erleichtert sie zugleich das Leben. Das betrifft die Au\u00dfengestaltung ebenso wie den allt\u00e4glichen Umgang. Dabei f\u00e4llt der formalen Reduziertheit eine Schl\u00fcsselrolle zu. Das Ensemble beansprucht kaum Platz, obwohl es alle Bed\u00fcrfnisse beantwortet. Wenn man die Bank und den Hocker nicht ben\u00f6tigt, verschwinden sie unter dem Tisch. Das beschert bei Bedarf auf kleinen Terrassen mehr Bewegungsfreiheit. Die Sitzhocker sind multifunktional. Sie eignen sich fabelhaft als Ablage \u2013 zum Beispiel neben dem Liegestuhl. Exzellent durchdacht ist die Materialwahl. Stahl ist f\u00fcr seine Robustheit bekannt. Robinienholz charakterisiert bei der Kollektion Jan Kurtz Alois die Oberfl\u00e4chen.<\/p>\n<p><a href=\"https:\/\/www.raum-blick.de\/jan-kurtz-alois-tischgruppe\"><img loading=\"lazy\" decoding=\"async\" class=\"aligncenter wp-image-11409 size-full\" title=\"Jan Kurtz Alois Tischgruppe | Outdoorm\u00f6bel | Design: Eva Marguerre, Marcel Besau\" src=\"https:\/\/www.raum-blick.de\/magazin\/wp-content\/uploads\/2020\/10\/jan-kurtz-alois-tischgruppe-1.jpg\" alt=\"jan-kurtz-alois-tischgruppe\" width=\"600\" height=\"600\" srcset=\"https:\/\/raum-blick.de\/magazin\/wp-content\/uploads\/2020\/10\/jan-kurtz-alois-tischgruppe-1.jpg 600w, https:\/\/raum-blick.de\/magazin\/wp-content\/uploads\/2020\/10\/jan-kurtz-alois-tischgruppe-1-300x300.jpg 300w, https:\/\/raum-blick.de\/magazin\/wp-content\/uploads\/2020\/10\/jan-kurtz-alois-tischgruppe-1-150x150.jpg 150w\" sizes=\"(max-width: 600px) 100vw, 600px\" \/><\/a><\/p>\n<p style=\"text-align: justify;\">Die europ\u00e4ische Holzart ist von Natur aus f\u00fcr verschiedenste Witterungseinfl\u00fcsse gewappnet. Regelm\u00e4\u00dfiges \u00d6len gen\u00fcgt, um den warmen Honigton zu erhalten. Verzichtet man darauf, ergibt sich mit der Zeit eine silbergraue Patina. Das Hartholz bewahrt aber seine Funktionst\u00fcchtigkeit. Es ist nicht unbedingt notwendig, Outdoor-M\u00f6bel aus Robinie im Winter einzulagern. Das ebnet Genussmomenten den Weg: Der blaue Himmel kontrastiert den wei\u00dfen Schnee, der in der Mittagssonne glitzert. Spontan steuert man mit Kuscheldecke und Gl\u00fchwein bewaffnet den Stadtbalkon an. Denn dort laden die Gartenm\u00f6bel Alois rund ums Jahr zum Verweilen ein.<\/p>\n<h2><span class=\"ez-toc-section\" id=\"Multitalente_fuer_moderne_Wohnideen\"><\/span>Multitalente f\u00fcr moderne Wohnideen<span class=\"ez-toc-section-end\"><\/span><\/h2>\n<p style=\"text-align: justify;\">Seit dem Einzug steht fest: Das Highlight der Altbauwohnung ist der kleine Erker im Flur mit Blick auf den Dom. F\u00fcr eine klassische Tischgruppe ist er aber zu schmal. Einem Gl\u00fccksgriff gleicht deshalb das Set Jan Kurtz Alois Mini. Es er\u00f6ffnet einen Lieblingsplatz f\u00fcr gem\u00fctliche Stunden mit traumhaftem Panorama. Das minimalistische Design kontrastiert apart die pr\u00e4chtige Architektur des Gr\u00fcnderzeithauses. Die M\u00f6belserie zieht sich wie ein roter Faden durch die Inneneinrichtung. Im Eingangsbereich entdeckt der Besucher eine Holzbank. Sie bietet sich als Ablage beim Ankleiden an. In der Wohnk\u00fcche finden sich die Hocker und der gro\u00dfe Tisch der M\u00f6belgruppe.<\/p>\n<p><img loading=\"lazy\" decoding=\"async\" class=\"aligncenter wp-image-11399 size-full\" title=\"Jan Kurtz Alois Mini Tischgruppe | Outdoorm\u00f6bel | Design: Eva Marguerre, Marcel Besau\" src=\"https:\/\/www.raum-blick.de\/magazin\/wp-content\/uploads\/2020\/10\/jan-kurtz-alois-tischgruppe-mini.jpg\" alt=\"jan-kurtz-alois-tischgruppe-mini\" width=\"600\" height=\"480\" srcset=\"https:\/\/raum-blick.de\/magazin\/wp-content\/uploads\/2020\/10\/jan-kurtz-alois-tischgruppe-mini.jpg 600w, https:\/\/raum-blick.de\/magazin\/wp-content\/uploads\/2020\/10\/jan-kurtz-alois-tischgruppe-mini-300x240.jpg 300w\" sizes=\"(max-width: 600px) 100vw, 600px\" \/><\/p>\n<p style=\"text-align: justify;\">Die kompakte Ausf\u00fchrung der Designm\u00f6bel begegnet den G\u00e4sten erneut, wenn sie den Balkon betreten. Dort harmoniert ihr schwarzes Metallgestell exzellent mit der kunstvoll geschmiedeten Br\u00fcstung. Die skizzierte Einrichtungsidee wirkt durch das wiederkehrende Element nicht nur ungew\u00f6hnlich harmonisch. Sp\u00e4testens bei der ersten Feier offenbart sich ihr Vorteil: Flink vereinen sich die eingestreuten Komponenten zur stattlichen Tafel mit zahlreichen Sitzpl\u00e4tzen. Sp\u00e4ter kehren die M\u00f6bel wieder zu ihren Stammpl\u00e4tzen zur\u00fcck. So ist man f\u00fcrs Dinner gewappnet, ohne mit einer ausladenden Essgruppe das allt\u00e4gliche Flair zu beschweren.<\/p>\n<h2><span class=\"ez-toc-section\" id=\"Stilvolle_Lieblingsstuecke_die_Probleme_loesen\"><\/span>Stilvolle Lieblingsst\u00fccke, die Probleme l\u00f6sen<span class=\"ez-toc-section-end\"><\/span><\/h2>\n<p style=\"text-align: justify;\">Die Tischgruppe Alois gleicht einem Paradebeispiel f\u00fcr den <a href=\"https:\/\/www.raum-blick.de\/jan-kurtz\/\">Stil von Jan Kurtz<\/a>. In den 1990er Jahren gr\u00fcndete er die gleichnamige Marke, die sich als Designverlag versteht. Sorgf\u00e4ltige Verarbeitung und hochwertige Materialien z\u00e4hlen zu den Selbstverst\u00e4ndlichkeiten. Eleganter Purismus verlinkt die Designideen miteinander, die das Leben begleiten und erleichtern.<\/p>\n<p><img loading=\"lazy\" decoding=\"async\" class=\"aligncenter wp-image-11401 size-full\" title=\"Jan Kurtz \u2013 G\u00e4stematratze Somnia | zusammenklappbar | Design: Jan Kurtz\" src=\"https:\/\/www.raum-blick.de\/magazin\/wp-content\/uploads\/2020\/10\/jan-kurtz-somnia-gaestematratze.jpg\" alt=\"somnia-gaestematratze\" width=\"600\" height=\"600\" srcset=\"https:\/\/raum-blick.de\/magazin\/wp-content\/uploads\/2020\/10\/jan-kurtz-somnia-gaestematratze.jpg 600w, https:\/\/raum-blick.de\/magazin\/wp-content\/uploads\/2020\/10\/jan-kurtz-somnia-gaestematratze-300x300.jpg 300w, https:\/\/raum-blick.de\/magazin\/wp-content\/uploads\/2020\/10\/jan-kurtz-somnia-gaestematratze-150x150.jpg 150w\" sizes=\"(max-width: 600px) 100vw, 600px\" \/><\/p>\n<p style=\"text-align: justify;\">Wer durch das Sortiment st\u00f6bert erblickt nicht selten die optimale L\u00f6sung f\u00fcr ein Einrichtungsproblem. Wie ein Polsterhocker l\u00e4sst sich der Allesk\u00f6nner Somnia ins Wohnzimmer integrieren. Wird er entfaltet, ergeben sich ein G\u00e4stebett, eine Loungeliege oder ein bequemes Pl\u00e4tzchen f\u00fcrs Sonnenbad im Garten. Eine winzige Ecke gen\u00fcgt dem Platzwunder Jonathan, um eine Garderobe zu er\u00f6ffnen. Das vereinfacht die Mission, kleine Flure oder G\u00e4stezimmer einzurichten.<\/p>\n","protected":false},"excerpt":{"rendered":"<p>\u00abCharaktervolle Lieblingsm\u00f6bel mit vielen Talenten\u00bb Minimalismus mit hohem Designanspruch pr\u00e4gt die Outdoor-M\u00f6bel Alois von Jan Kurtz. Das verleiht ihnen eine distinktive \u00c4sthetik und Funktionalit\u00e4t. Origin\u00e4r ist die Tischgruppe f\u00fcr den Au\u00dfenbereich gedacht. Wer die Fantasie spielen l\u00e4sst, bemerkt aber schnell: Die Tischgruppe ist vielerorts die geschmackvolle Antwort auf knifflige Einrichtungsfragen. Urige Klassiker \u2013 trendbewusst interpretiert [&hellip;]<\/p>\n","protected":false},"author":4,"featured_media":11403,"comment_status":"closed","ping_status":"open","sticky":false,"template":"","format":"standard","meta":{"_et_pb_use_builder":"","_et_pb_old_content":"","_et_gb_content_width":"","inline_featured_image":false,"footnotes":""},"categories":[6],"tags":[1237,615,334,1240,1051,1063,812,726,57,658,1238,1239],"class_list":["post-11391","post","type-post","status-publish","format-standard","has-post-thumbnail","hentry","category-draussen","tag-alois","tag-beistelltisch","tag-design","tag-gaestematratze","tag-jan-kurtz","tag-klapptisch","tag-mini","tag-moebel","tag-outdoor","tag-outdoormoebel","tag-tischgruppe","tag-wohnideen"],"_links":{"self":[{"href":"https:\/\/raum-blick.de\/magazin\/wp-json\/wp\/v2\/posts\/11391","targetHints":{"allow":["GET"]}}],"collection":[{"href":"https:\/\/raum-blick.de\/magazin\/wp-json\/wp\/v2\/posts"}],"about":[{"href":"https:\/\/raum-blick.de\/magazin\/wp-json\/wp\/v2\/types\/post"}],"author":[{"embeddable":true,"href":"https:\/\/raum-blick.de\/magazin\/wp-json\/wp\/v2\/users\/4"}],"replies":[{"embeddable":true,"href":"https:\/\/raum-blick.de\/magazin\/wp-json\/wp\/v2\/comments?post=11391"}],"version-history":[{"count":24,"href":"https:\/\/raum-blick.de\/magazin\/wp-json\/wp\/v2\/posts\/11391\/revisions"}],"predecessor-version":[{"id":13146,"href":"https:\/\/raum-blick.de\/magazin\/wp-json\/wp\/v2\/posts\/11391\/revisions\/13146"}],"wp:featuredmedia":[{"embeddable":true,"href":"https:\/\/raum-blick.de\/magazin\/wp-json\/wp\/v2\/media\/11403"}],"wp:attachment":[{"href":"https:\/\/raum-blick.de\/magazin\/wp-json\/wp\/v2\/media?parent=11391"}],"wp:term":[{"taxonomy":"category","embeddable":true,"href":"https:\/\/raum-blick.de\/magazin\/wp-json\/wp\/v2\/categories?post=11391"},{"taxonomy":"post_tag","embeddable":true,"href":"https:\/\/raum-blick.de\/magazin\/wp-json\/wp\/v2\/tags?post=11391"}],"curies":[{"name":"wp","href":"https:\/\/api.w.org\/{rel}","templated":true}]}}