{"id":11227,"date":"2020-08-17T11:39:08","date_gmt":"2020-08-17T09:39:08","guid":{"rendered":"https:\/\/www.raum-blick.de\/magazin\/?p=11227"},"modified":"2024-08-28T11:03:58","modified_gmt":"2024-08-28T09:03:58","slug":"schoene-terrassendeko","status":"publish","type":"post","link":"https:\/\/raum-blick.de\/magazin\/schoene-terrassendeko\/","title":{"rendered":"Sch\u00f6ne\u00a0Terrassendeko"},"content":{"rendered":"<p style=\"text-align: justify;\"><b><span data-contrast=\"auto\">Die Arbeit ist erledigt und das Wetter wundervoll. Das spricht f\u00fcr eine Auszeit auf der Terrasse. Sie ist herrlich in die Au\u00dfenanlage integriert. <\/span><\/b><b><span data-contrast=\"auto\">Auch f\u00fcr<\/span><\/b><b><span data-contrast=\"auto\">\u00a0Komfort<\/span><\/b><b><span data-contrast=\"auto\">\u00a0ist gesorgt, denn der\u00a0<\/span><\/b><b><span data-contrast=\"auto\">Designer<\/span><\/b><b><span data-contrast=\"auto\">,<\/span><\/b><b><span data-contrast=\"auto\">\u00a0der<\/span><\/b><b><span data-contrast=\"auto\">\u00a0<\/span><\/b><b><span data-contrast=\"auto\">die\u00a0<\/span><\/b><a href=\"https:\/\/www.raum-blick.de\/outdoor-moebel\/\"><b><span data-contrast=\"none\">formsch\u00f6nen\u00a0<\/span><\/b><b><span data-contrast=\"none\">Outdoorm\u00f6bel<\/span><\/b><\/a><b><span data-contrast=\"auto\">\u00a0<\/span><\/b><b><span data-contrast=\"auto\">entwarf<\/span><\/b><b><span data-contrast=\"auto\">, hat\u00a0<\/span><\/b><b><span data-contrast=\"auto\">viel Wert auf Bequemlichkeit<\/span><\/b><b><span data-contrast=\"auto\">\u00a0gelegt.<\/span><\/b><b><span data-contrast=\"auto\">\u00a0<\/span><\/b><b><span data-contrast=\"auto\">Beim Relaxen ist das sp\u00fcrbar. Das klingt nach einer gelungenen Gartengestaltung, die sich aber toppen l\u00e4sst: Zum Wohlf\u00fchlerlebnis avanciert die Verschnaufpause im Freien, wenn\u00a0<\/span><\/b><b><span data-contrast=\"auto\">zus\u00e4tzlich\u00a0<\/span><\/b><b><span data-contrast=\"auto\">liebenswerte Deko-Ideen die Sinne verw\u00f6hnen.<\/span><\/b><\/p>\n<h2><span class=\"ez-toc-section\" id=\"Pflanzideen_fuer_die_Outdoorlounge\"><\/span><span data-contrast=\"auto\">Pflanzideen f\u00fcr die Outdoorlounge<\/span><span class=\"ez-toc-section-end\"><\/span><\/h2>\n<p style=\"text-align: justify;\"><span data-contrast=\"auto\">Wer die T\u00fcr der Terrasse \u00f6ffnet, blickt auf ein Paradies. Das ist nicht selbstverst\u00e4ndlich. Der hohe Grundst\u00fcckspreis spiegelt sich im winzigen Au\u00dfenbereich wider. Recht einfallslos entschied sich der Architekt daf\u00fcr, die wenigen Quadratmeter f\u00fcr eine Rasenfl\u00e4che zu nutzen. Das \u00e4nderte ein talentierter Landschaftsg\u00e4rtner.<\/span><\/p><div id=\"ez-toc-container\" class=\"ez-toc-v2_0_82_2 counter-hierarchy ez-toc-counter ez-toc-grey ez-toc-container-direction\">\n<div class=\"ez-toc-title-container\">\n<p class=\"ez-toc-title\" style=\"cursor:inherit\">Was hier auf Sie wartet<\/p>\n<span class=\"ez-toc-title-toggle\"><a href=\"#\" class=\"ez-toc-pull-right ez-toc-btn ez-toc-btn-xs ez-toc-btn-default ez-toc-toggle\" aria-label=\"Toggle Table of Content\"><span class=\"ez-toc-js-icon-con\"><span class=\"\"><span class=\"eztoc-hide\" style=\"display:none;\">Toggle<\/span><span class=\"ez-toc-icon-toggle-span\"><svg style=\"fill: #999;color:#999\" xmlns=\"http:\/\/www.w3.org\/2000\/svg\" class=\"list-377408\" width=\"20px\" height=\"20px\" viewBox=\"0 0 24 24\" fill=\"none\"><path d=\"M6 6H4v2h2V6zm14 0H8v2h12V6zM4 11h2v2H4v-2zm16 0H8v2h12v-2zM4 16h2v2H4v-2zm16 0H8v2h12v-2z\" fill=\"currentColor\"><\/path><\/svg><svg style=\"fill: #999;color:#999\" class=\"arrow-unsorted-368013\" xmlns=\"http:\/\/www.w3.org\/2000\/svg\" width=\"10px\" height=\"10px\" viewBox=\"0 0 24 24\" version=\"1.2\" baseProfile=\"tiny\"><path d=\"M18.2 9.3l-6.2-6.3-6.2 6.3c-.2.2-.3.4-.3.7s.1.5.3.7c.2.2.4.3.7.3h11c.3 0 .5-.1.7-.3.2-.2.3-.5.3-.7s-.1-.5-.3-.7zM5.8 14.7l6.2 6.3 6.2-6.3c.2-.2.3-.5.3-.7s-.1-.5-.3-.7c-.2-.2-.4-.3-.7-.3h-11c-.3 0-.5.1-.7.3-.2.2-.3.5-.3.7s.1.5.3.7z\"\/><\/svg><\/span><\/span><\/span><\/a><\/span><\/div>\n<nav><ul class='ez-toc-list ez-toc-list-level-1 ' ><li class='ez-toc-page-1 ez-toc-heading-level-2'><a class=\"ez-toc-link ez-toc-heading-1\" href=\"https:\/\/raum-blick.de\/magazin\/schoene-terrassendeko\/#Pflanzideen_fuer_die_Outdoorlounge\" >Pflanzideen f\u00fcr die Outdoorlounge<\/a><\/li><li class='ez-toc-page-1 ez-toc-heading-level-2'><a class=\"ez-toc-link ez-toc-heading-2\" href=\"https:\/\/raum-blick.de\/magazin\/schoene-terrassendeko\/#Dekorative_Accessoires_fuers_wohnliche_Flair\" >Dekorative Accessoires f\u00fcrs wohnliche Flair<\/a><\/li><li class='ez-toc-page-1 ez-toc-heading-level-2'><a class=\"ez-toc-link ez-toc-heading-3\" href=\"https:\/\/raum-blick.de\/magazin\/schoene-terrassendeko\/#Lichtermeer_fuers_romantische_Ambiente\" >Lichtermeer f\u00fcrs romantische Ambiente<\/a><\/li><li class='ez-toc-page-1 ez-toc-heading-level-2'><a class=\"ez-toc-link ez-toc-heading-4\" href=\"https:\/\/raum-blick.de\/magazin\/schoene-terrassendeko\/#Das_Leben_stilvoll_geniessen\" >Das Leben stilvoll genie\u00dfen<\/a><\/li><\/ul><\/nav><\/div>\n\n<p><a href=\"https:\/\/www.raum-blick.de\/fiam-spaghetti-liegestuhl\"><img loading=\"lazy\" decoding=\"async\" class=\"aligncenter wp-image-11239 size-full\" title=\"FIAM Armlehnensessel Spaghetti Liegestuhl | Design: Francesco Favagrossa\" src=\"https:\/\/www.raum-blick.de\/magazin\/wp-content\/uploads\/2020\/09\/fiam-spaghetti-liegestuhl.jpg\" alt=\"fiam-spaghetti-liegestuhl-schoene-terrassendeko\" width=\"600\" height=\"500\" srcset=\"https:\/\/raum-blick.de\/magazin\/wp-content\/uploads\/2020\/09\/fiam-spaghetti-liegestuhl.jpg 600w, https:\/\/raum-blick.de\/magazin\/wp-content\/uploads\/2020\/09\/fiam-spaghetti-liegestuhl-300x250.jpg 300w\" sizes=\"(max-width: 600px) 100vw, 600px\" \/><\/a><\/p>\n<p style=\"text-align: justify;\"><span data-contrast=\"auto\">Wie ein Naturgem\u00e4lde wirken die Beete mit hohen Gr\u00e4sern, bunten Blumen und niedrigen Bodendeckern. Zwischen ihnen verl\u00e4uft ein schmaler Pfad zu den beiden <\/span><a href=\"https:\/\/www.raum-blick.de\/liegen\/\"><span data-contrast=\"none\">Liegest\u00fchlen<\/span><\/a><span data-contrast=\"auto\">. Das Highlight ist zweifelsohne der Springbrunnen. Er ist nicht nur eine h\u00fcbsche\u00a0<\/span><span data-contrast=\"auto\">Gartendeko<\/span><span data-contrast=\"auto\">. Sein leises Pl\u00e4tschern beruhigt das Gem\u00fct, wenn man drau\u00dfen verweilt. <\/span><span data-contrast=\"auto\">Der flie\u00dfende \u00dcbergang von der Gr\u00fcnanlage zur Sitzfl\u00e4che vor dem Haus kr\u00f6nt die abwechslungsreiche Gestaltungsidee.<\/span><\/p>\n<p><img loading=\"lazy\" decoding=\"async\" class=\"aligncenter wp-image-11234 size-full\" title=\"K\u00e4hler \u2013 Gro \u00dcbertopf | Dekorativer Pflanzk\u00fcbel | Design: Christian Bruun\" src=\"https:\/\/www.raum-blick.de\/magazin\/wp-content\/uploads\/2020\/09\/kaehler-gro-uebertopf.jpg\" alt=\"kaehler-gro-uebertopf-schoene-terrassendeko\" width=\"600\" height=\"600\" srcset=\"https:\/\/raum-blick.de\/magazin\/wp-content\/uploads\/2020\/09\/kaehler-gro-uebertopf.jpg 600w, https:\/\/raum-blick.de\/magazin\/wp-content\/uploads\/2020\/09\/kaehler-gro-uebertopf-300x300.jpg 300w, https:\/\/raum-blick.de\/magazin\/wp-content\/uploads\/2020\/09\/kaehler-gro-uebertopf-150x150.jpg 150w\" sizes=\"(max-width: 600px) 100vw, 600px\" \/><\/p>\n<p style=\"text-align: justify;\"><span data-contrast=\"auto\">Auf den Blumenhockern heben sich die Holzt\u00f6pfe Gro von <\/span><a href=\"https:\/\/www.raum-blick.de\/kaehler-design\/\"><span data-contrast=\"none\">K\u00e4hler Design<\/span><\/a><span data-contrast=\"auto\">\u00a0hervor, die mit duftenden Kr\u00e4utern bepflanzt sind. Christian\u00a0<\/span><span data-contrast=\"auto\">Bruun<\/span><span data-contrast=\"auto\">\u00a0entschied sich f\u00fcr eine sechseckige Oberfl\u00e4chenstruktur, die an Bienenwaben erinnert. Bei der Herstellung des Gartenzubeh\u00f6rs kommt ein spezielles Brennverfahren zum Zuge. Dadurch wird es zur individuellen\u00a0<\/span><span data-contrast=\"auto\">Terrassendeko<\/span><span data-contrast=\"auto\">. Denn jeder Topf ist ein Unikat. <\/span><span data-contrast=\"auto\">An Dynamik gewinnt die gr\u00fcne Signatur in der Au\u00dfenlounge durch die <\/span><a href=\"https:\/\/www.raum-blick.de\/pflanzgefaesse\/\"><span data-contrast=\"none\">Pflanzt\u00f6pfe<\/span><\/a><span data-contrast=\"auto\">\u00a0GROW-IT aus dem Portfolio von\u00a0<\/span><span data-contrast=\"none\">Rig-Tig<\/span><span data-contrast=\"auto\">\u00a0<\/span><span data-contrast=\"auto\">by<\/span><span data-contrast=\"auto\">\u00a0<\/span><span data-contrast=\"none\">Stelton<\/span><span data-contrast=\"auto\">. Sie eignen sich f\u00fcr die nat\u00fcrlich sch\u00f6ne\u00a0<\/span><span data-contrast=\"auto\">Terrassendeko<\/span><span data-contrast=\"auto\">.<\/span><\/p>\n<p><img loading=\"lazy\" decoding=\"async\" class=\"aligncenter wp-image-11243 size-full\" title=\"Rig-Tig GROW-IT | Pflanztopf by stelton | Design: Christian Bj\u00f8rn\" src=\"https:\/\/www.raum-blick.de\/magazin\/wp-content\/uploads\/2020\/09\/rig-tig-grow-it-pflanztopf.jpg\" alt=\"rig-tig-grow-it-pflanztopf\" width=\"600\" height=\"600\" srcset=\"https:\/\/raum-blick.de\/magazin\/wp-content\/uploads\/2020\/09\/rig-tig-grow-it-pflanztopf.jpg 600w, https:\/\/raum-blick.de\/magazin\/wp-content\/uploads\/2020\/09\/rig-tig-grow-it-pflanztopf-300x300.jpg 300w, https:\/\/raum-blick.de\/magazin\/wp-content\/uploads\/2020\/09\/rig-tig-grow-it-pflanztopf-150x150.jpg 150w\" sizes=\"(max-width: 600px) 100vw, 600px\" \/><\/p>\n<p style=\"text-align: justify;\"><span data-contrast=\"auto\">Den lockeren Charakter der h\u00e4ngenden Arrangements unterstreichen Pflanzen, deren Ranken \u00fcber den <\/span><span data-contrast=\"auto\">Topfrand<\/span><span data-contrast=\"auto\">\u00a0hinausreichen. Bei seinem Entwurf dachte Christian\u00a0<\/span><span data-contrast=\"auto\">Bj\u00f8rn<\/span><span data-contrast=\"auto\">\u00a0ans Praktische. Der Designer integrierte Drainagen in die H\u00e4nget\u00f6pfe. Wenig M\u00fche bereitet deshalb die dynamische Dekorationsidee mit Gr\u00fcnpflanzen.<\/span><\/p>\n<h2><span class=\"ez-toc-section\" id=\"Dekorative_Accessoires_fuers_wohnliche_Flair\"><\/span><span data-contrast=\"auto\">Dekorative Accessoires f\u00fcrs wohnliche Flair<\/span><span class=\"ez-toc-section-end\"><\/span><\/h2>\n<p style=\"text-align: justify;\"><span data-contrast=\"auto\">Drinnen staut sich im Hochsommer die Hitze. Im Freien weht hingegen ein leichtes L\u00fcftchen, das die Haut angenehm k\u00fchlt. Gern entspannt man bei jeder Gelegenheit auf den Gartensofas. Die Terrasse wird in der warmen Jahreszeit zum Wohnzimmer. Das ebnet der Idee den Weg, sich bei der\u00a0<\/span><span data-contrast=\"auto\">Terrassen<\/span><span data-contrast=\"auto\">d<\/span><span data-contrast=\"auto\">eko<\/span><span data-contrast=\"auto\"> an Innenr\u00e4umen zu orientieren. Dort z\u00e4hlen Heimtextilien zu den Klassikern. Denn sie schmeicheln dem Auge und werten das Setting funktional auf.<\/span><\/p>\n<p><a href=\"https:\/\/www.raum-blick.de\/pappelina-molly-teppich\"><img loading=\"lazy\" decoding=\"async\" class=\"aligncenter wp-image-11250\" title=\"Pappelina Molly Teppich | Outdoor Teppich aus hochwertigem Kunststoff | Design: Lina Rickardsson\" src=\"https:\/\/www.raum-blick.de\/magazin\/wp-content\/uploads\/2020\/09\/pappelina-molly-teppich.jpg\" alt=\"pappelina-molly-teppich\" width=\"517\" height=\"500\" srcset=\"https:\/\/raum-blick.de\/magazin\/wp-content\/uploads\/2020\/09\/pappelina-molly-teppich.jpg 600w, https:\/\/raum-blick.de\/magazin\/wp-content\/uploads\/2020\/09\/pappelina-molly-teppich-300x290.jpg 300w\" sizes=\"(max-width: 517px) 100vw, 517px\" \/><\/a><\/p>\n<p style=\"text-align: justify;\"><span data-contrast=\"auto\">Lange Zeit schien es unpraktisch, Teppiche drau\u00dfen zu platzieren. Inzwischen hat sich das Blatt gewendet. Die Kollektionen von <\/span><a href=\"https:\/\/www.raum-blick.de\/pappelina\/\"><span data-contrast=\"none\">Pappelina<\/span><\/a><span data-contrast=\"auto\">\u00a0werden aus Kunststofffasern gewebt. Einen \u00e4hnlichen Ansatz w\u00e4hlen Trendmarken wie\u00a0<\/span><a href=\"https:\/\/www.raum-blick.de\/fatboy\/\"><span data-contrast=\"none\">Fatboy<\/span><\/a><span data-contrast=\"auto\">. Die Wohnaccessoires sind dadurch f\u00fcr den Au\u00dfeneinsatz gewappnet. Sie wirken aber so hochwertig wie ihre Pendants aus Naturmaterialien. Schick macht sich als\u00a0<\/span><span data-contrast=\"auto\">Terrassen<\/span><span data-contrast=\"auto\">deko<\/span><span data-contrast=\"auto\"> beispielsweise ein blau-wei\u00df gestreifter Outdoorteppich.<\/span><\/p>\n<p><img loading=\"lazy\" decoding=\"async\" class=\"aligncenter wp-image-11248 size-full\" title=\"pad WHALE decke | Wohndecke | Design: pad home design\" src=\"https:\/\/www.raum-blick.de\/magazin\/wp-content\/uploads\/2020\/09\/pad-whale-decke.jpg\" alt=\"pad-whale-decke\" width=\"600\" height=\"450\" srcset=\"https:\/\/raum-blick.de\/magazin\/wp-content\/uploads\/2020\/09\/pad-whale-decke.jpg 600w, https:\/\/raum-blick.de\/magazin\/wp-content\/uploads\/2020\/09\/pad-whale-decke-300x225.jpg 300w\" sizes=\"(max-width: 600px) 100vw, 600px\" \/><\/p>\n<p style=\"text-align: justify;\"><span data-contrast=\"auto\">Passend dazu hebt sich auf dem Loungesofa eine Decke aus Baumwolle mit maritimen Motiven hervor. Sie ist nicht nur ein wundervoller Blickfang, der an Urlaubsreisen erinnert. Wird es am Abend etwas frischer, freut man sich \u00fcber den W\u00e4rmespender. Er erm\u00f6glicht es, l\u00e4nger den Sternenhimmel zu bewundern. So belebt die\u00a0<\/span><span data-contrast=\"auto\">Terrassen<\/span><span data-contrast=\"auto\">deko<\/span><span data-contrast=\"auto\">\u00a0die Atmosph\u00e4re und\u00a0<\/span><span data-contrast=\"auto\">steigert<\/span><span data-contrast=\"auto\"> die Lebensqualit\u00e4t.<\/span><\/p>\n<h2><span class=\"ez-toc-section\" id=\"Lichtermeer_fuers_romantische_Ambiente\"><\/span><span data-contrast=\"auto\">Lichtermeer f\u00fcrs romantische Ambiente<\/span><span class=\"ez-toc-section-end\"><\/span><\/h2>\n<p style=\"text-align: justify;\"><span data-contrast=\"auto\">Die ausgedehnte Wanderung m\u00fcndet auf einer Anh\u00f6he. Dort genie\u00dft man die Aussicht, w\u00e4hrend die Sonne untergeht. Danach wirkt die Natur noch friedlicher als tags\u00fcber. Die Dunkelheit relativiert das Lagerfeuer, dass aufregend flackert und knistert. Ansonsten balsamiert Stille den Geist. Die skizzierte Szenerie verdeutlicht die wohltuende Kraft urspr\u00fcnglicher\u00a0<\/span><a href=\"https:\/\/www.raum-blick.de\/leuchten\/\"><span data-contrast=\"none\">Lichtquellen<\/span><\/a><span data-contrast=\"auto\">. Es ist nicht nur mit Aufwand verbunden, ein offenes Feuer zu entz\u00fcnden. Vielerorts sprechen Vorschriften dagegen.<\/span><\/p>\n<p><a href=\"https:\/\/www.raum-blick.de\/hoefats-spin-windlicht\"><img loading=\"lazy\" decoding=\"async\" class=\"aligncenter wp-image-11261 size-full\" title=\"h\u00f6fats SPIN | Bioethanol Windlicht, Tischfeuer, Gartenfackel\" src=\"https:\/\/www.raum-blick.de\/magazin\/wp-content\/uploads\/2020\/09\/hoefats-spin-windlicht.jpg\" alt=\"hoefats-spin-windlicht-schoene-terrassendeko\" width=\"600\" height=\"600\" srcset=\"https:\/\/raum-blick.de\/magazin\/wp-content\/uploads\/2020\/09\/hoefats-spin-windlicht.jpg 600w, https:\/\/raum-blick.de\/magazin\/wp-content\/uploads\/2020\/09\/hoefats-spin-windlicht-300x300.jpg 300w, https:\/\/raum-blick.de\/magazin\/wp-content\/uploads\/2020\/09\/hoefats-spin-windlicht-150x150.jpg 150w\" sizes=\"(max-width: 600px) 100vw, 600px\" \/><\/a><\/p>\n<p style=\"text-align: justify;\"><span data-contrast=\"auto\">Mit einer \u00e4hnlichen Wirkung erfreuen aber <\/span><a href=\"https:\/\/www.raum-blick.de\/windlichter-laternen\/\"><span data-contrast=\"none\">Kerzen<\/span><span data-contrast=\"none\">\u00a0und Windlichter<\/span><\/a><span data-contrast=\"auto\">. Sie d\u00fcrfen deshalb bei der stimmungsvollen\u00a0<\/span><span data-contrast=\"auto\">Terrassen<\/span><span data-contrast=\"auto\">deko<\/span><span data-contrast=\"auto\"> nicht fehlen. <\/span><span data-contrast=\"auto\">F\u00fcr clever konzipierte Feuerstellen ist <\/span><a href=\"https:\/\/www.raum-blick.de\/hoefats\/\"><span data-contrast=\"none\">h\u00f6fats<\/span><\/a><span data-contrast=\"auto\">\u00a0bekannt. Der deutschen Marke ist bewusst, dass lodernde Flammen nicht zu jedem Ort passen. Sie bietet mit dem SPIN Windlicht eine attraktive Alternative an, die passend zur Firmenphilosophie praktisch durchdacht ist. Sicher bet\u00f6rt der Feuerwirbel im Inneren des Glaszylinders die Sinne. Eine\u00a0<\/span><span data-contrast=\"auto\">wiederbef\u00fcllbare<\/span><span data-contrast=\"auto\">\u00a0Kartusche mit Bioethanol n\u00e4hrt das urige Flammenspiel. Wer es aus der N\u00e4he bewundern m\u00f6chte, platziert die sch\u00f6ne\u00a0<\/span><span data-contrast=\"auto\">Terrassen<\/span><span data-contrast=\"auto\">deko<\/span><span data-contrast=\"auto\"> direkt auf dem Tisch.<\/span><\/p>\n<p><a href=\"https:\/\/www.raum-blick.de\/cane-line-lighttube-laterne\"><img loading=\"lazy\" decoding=\"async\" class=\"aligncenter wp-image-11258 size-full\" title=\"Cane-line Lighttube Laterne | Outdoor Laterne | Design: Welling\/Ludvik\" src=\"https:\/\/www.raum-blick.de\/magazin\/wp-content\/uploads\/2020\/09\/cane-line-lighttube-laterne.jpg\" alt=\"cane-line-lighttube-laterne-schoene-terrassendeko\" width=\"600\" height=\"600\" srcset=\"https:\/\/raum-blick.de\/magazin\/wp-content\/uploads\/2020\/09\/cane-line-lighttube-laterne.jpg 600w, https:\/\/raum-blick.de\/magazin\/wp-content\/uploads\/2020\/09\/cane-line-lighttube-laterne-300x300.jpg 300w, https:\/\/raum-blick.de\/magazin\/wp-content\/uploads\/2020\/09\/cane-line-lighttube-laterne-150x150.jpg 150w\" sizes=\"(max-width: 600px) 100vw, 600px\" \/><\/a><\/p>\n<p style=\"text-align: justify;\"><span data-contrast=\"auto\">Alternativ bietet es sich an, das Gartenaccessoire mit dem\u00a0<\/span><span data-contrast=\"auto\">Erdspie\u00df<\/span><span data-contrast=\"auto\"> im Beet neben der Terrasse zu drapieren. <\/span><span data-contrast=\"auto\">Welling\/Ludvik zeichnet f\u00fcr die <\/span><span data-contrast=\"auto\">Lighttube<\/span><span data-contrast=\"auto\">\u00a0von\u00a0<\/span><span data-contrast=\"auto\">Cane<\/span><span data-contrast=\"auto\">-line verantwortlich. Das Designteam lie\u00df sich beim Entwurf der lavagrauen\u00a0<\/span><span data-contrast=\"auto\">Deko<\/span><span data-contrast=\"auto\">-Lichter aus Klarglas und pulverbeschichtetem Aluminium von Laternen inspirieren. Das verleiht ihnen eine nostalgische Aura, die der modernen Terrasse\u00a0<\/span><span data-contrast=\"auto\">gut steht<\/span><span data-contrast=\"auto\">. <\/span><span data-contrast=\"auto\">Tags\u00fcber rundet ein Ensemble der Gartenlaternen die Au\u00dfengestaltung schick ab. Romantisch wirkt die <\/span><span data-contrast=\"auto\">Terrassen<\/span><span data-contrast=\"auto\">deko<\/span><span data-contrast=\"auto\"> am lauen Sommerabend, wenn ihr Kerzenlicht das Dunkle durchbricht.<\/span><\/p>\n<h2><span class=\"ez-toc-section\" id=\"Das_Leben_stilvoll_geniessen\"><\/span><span data-contrast=\"auto\">Das Leben stilvoll genie\u00dfen<\/span><span class=\"ez-toc-section-end\"><\/span><\/h2>\n<p style=\"text-align: justify;\"><span data-contrast=\"auto\">Au\u00dfergew\u00f6hnlich harmonisch erg\u00e4nzen sich die Blumenbeete, Gartenm\u00f6bel und die <\/span><span data-contrast=\"auto\">Terrassen<\/span><span data-contrast=\"auto\">deko<\/span><span data-contrast=\"auto\">. Angenehm ist die Privatsph\u00e4re, wenn man nach Herzenslust die Seele baumeln lassen m\u00f6chte. Die Terrassengestaltung stellt deshalb die meisten Lokale in der City in den Schatten.<\/span><\/p>\n<p><a href=\"https:\/\/www.raum-blick.de\/side-by-side-weinwindlicht\"><img loading=\"lazy\" decoding=\"async\" class=\"aligncenter wp-image-11265 size-full\" title=\"Side by side Wein Windlicht | inklusive Teelicht | Design: Jette Scheib\" src=\"https:\/\/www.raum-blick.de\/magazin\/wp-content\/uploads\/2020\/09\/side-by-side-weinwindlicht.jpg\" alt=\"side-by-side-weinwindlicht\" width=\"600\" height=\"500\" srcset=\"https:\/\/raum-blick.de\/magazin\/wp-content\/uploads\/2020\/09\/side-by-side-weinwindlicht.jpg 600w, https:\/\/raum-blick.de\/magazin\/wp-content\/uploads\/2020\/09\/side-by-side-weinwindlicht-300x250.jpg 300w\" sizes=\"(max-width: 600px) 100vw, 600px\" \/><\/a><\/p>\n<p style=\"text-align: justify;\"><span data-contrast=\"auto\">Der Gedanke kommt bei Dienstschluss in den Sinn und verleitet zum Zwischenstopp im Feinkostgesch\u00e4ft. Daheim werden die italienischen Antipasti flink auf einem Teller arrangiert. Gemeinsam mit dem Prosecco und dem Windlicht Wein von Side <\/span><span data-contrast=\"auto\">by<\/span><span data-contrast=\"auto\">\u00a0Side signalisieren sie auf dem Gartentisch: Der Feierabend verstreicht hier nicht einfach. Er wird genussvoll zelebriert.<\/span><\/p>\n","protected":false},"excerpt":{"rendered":"<p>Die Arbeit ist erledigt und das Wetter wundervoll. Das spricht f\u00fcr eine Auszeit auf der Terrasse. Sie ist herrlich in die Au\u00dfenanlage integriert. Auch f\u00fcr\u00a0Komfort\u00a0ist gesorgt, denn der\u00a0Designer,\u00a0der\u00a0die\u00a0formsch\u00f6nen\u00a0Outdoorm\u00f6bel\u00a0entwarf, hat\u00a0viel Wert auf Bequemlichkeit\u00a0gelegt.\u00a0Beim Relaxen ist das sp\u00fcrbar. Das klingt nach einer gelungenen Gartengestaltung, die sich aber toppen l\u00e4sst: Zum Wohlf\u00fchlerlebnis avanciert die Verschnaufpause im Freien, wenn\u00a0zus\u00e4tzlich\u00a0liebenswerte [&hellip;]<\/p>\n","protected":false},"author":4,"featured_media":11267,"comment_status":"closed","ping_status":"open","sticky":false,"template":"","format":"standard","meta":{"_et_pb_use_builder":"","_et_pb_old_content":"","_et_gb_content_width":"","inline_featured_image":false,"footnotes":""},"categories":[6],"tags":[517,790,829,1223,1066,1226,571,357,806,1085,54,57,658,825,32,804,832,133,41,1082,94,1222,1225,1076,848,1224],"class_list":["post-11227","post","type-post","status-publish","format-standard","has-post-thumbnail","hentry","category-draussen","tag-accessoires","tag-cane-line","tag-decke","tag-deko","tag-fiam","tag-gartenfackel","tag-hoefats","tag-kaehler","tag-laterne","tag-liegestuhl","tag-lounge","tag-outdoor","tag-outdoormoebel","tag-pad","tag-pappelina","tag-pflanzkuebel","tag-rig-tig","tag-side-by-side","tag-stelton","tag-teppich","tag-terrasse","tag-terrassendeko","tag-tischfeuer","tag-uebertopf","tag-windlicht","tag-wohndecke"],"_links":{"self":[{"href":"https:\/\/raum-blick.de\/magazin\/wp-json\/wp\/v2\/posts\/11227","targetHints":{"allow":["GET"]}}],"collection":[{"href":"https:\/\/raum-blick.de\/magazin\/wp-json\/wp\/v2\/posts"}],"about":[{"href":"https:\/\/raum-blick.de\/magazin\/wp-json\/wp\/v2\/types\/post"}],"author":[{"embeddable":true,"href":"https:\/\/raum-blick.de\/magazin\/wp-json\/wp\/v2\/users\/4"}],"replies":[{"embeddable":true,"href":"https:\/\/raum-blick.de\/magazin\/wp-json\/wp\/v2\/comments?post=11227"}],"version-history":[{"count":34,"href":"https:\/\/raum-blick.de\/magazin\/wp-json\/wp\/v2\/posts\/11227\/revisions"}],"predecessor-version":[{"id":20740,"href":"https:\/\/raum-blick.de\/magazin\/wp-json\/wp\/v2\/posts\/11227\/revisions\/20740"}],"wp:featuredmedia":[{"embeddable":true,"href":"https:\/\/raum-blick.de\/magazin\/wp-json\/wp\/v2\/media\/11267"}],"wp:attachment":[{"href":"https:\/\/raum-blick.de\/magazin\/wp-json\/wp\/v2\/media?parent=11227"}],"wp:term":[{"taxonomy":"category","embeddable":true,"href":"https:\/\/raum-blick.de\/magazin\/wp-json\/wp\/v2\/categories?post=11227"},{"taxonomy":"post_tag","embeddable":true,"href":"https:\/\/raum-blick.de\/magazin\/wp-json\/wp\/v2\/tags?post=11227"}],"curies":[{"name":"wp","href":"https:\/\/api.w.org\/{rel}","templated":true}]}}