{"id":11144,"date":"2020-08-06T11:23:17","date_gmt":"2020-08-06T09:23:17","guid":{"rendered":"https:\/\/www.raum-blick.de\/magazin\/?p=11144"},"modified":"2024-09-17T14:32:49","modified_gmt":"2024-09-17T12:32:49","slug":"hygn-me-hygienestationen","status":"publish","type":"post","link":"https:\/\/raum-blick.de\/magazin\/hygn-me-hygienestationen\/","title":{"rendered":"Hygn.me Hygienestationen"},"content":{"rendered":"<h2><span class=\"ez-toc-section\" id=\"%C2%AB_Hygiene_geht_vor_%C2%BB\"><\/span>\u00ab Hygiene geht vor! \u00bb<span class=\"ez-toc-section-end\"><\/span><\/h2>\n<p style=\"text-align: justify;\"><b><span data-contrast=\"auto\">Beim engen Kontakt mit Menschen k\u00f6nnen sich Viren \u00fcbertragen. Theoretisch war das immer klar. Praktisch blendete man die Tatsache aus, bis aktuelle Ereignisse sie ins Rampenlicht r\u00fcckten. Sie fordern nicht nur tempor\u00e4r Vorsichtsma\u00dfnahmen ein, sondern ver\u00e4ndern das Bewusstsein f\u00fcr Hygiene. <\/span><\/b><b><span data-contrast=\"auto\">Stilvoll und funktional integriert\u00a0<\/span><\/b><a href=\"https:\/\/www.raum-blick.de\/hygn.me\/\"><b><span data-contrast=\"none\">hygn<\/span><\/b><b><span data-contrast=\"none\">.me<\/span><\/b><\/a><b><span data-contrast=\"auto\"> sch\u00fctzende Rituale in den beruflichen und privaten Alltag.<\/span><\/b><\/p>\n<h2><span class=\"ez-toc-section\" id=\"Hygiene_schick_zelebriert\"><\/span><span data-contrast=\"auto\">Hygiene schick zelebriert<\/span><span class=\"ez-toc-section-end\"><\/span><\/h2>\n<p style=\"text-align: justify;\"><span data-contrast=\"auto\">Binnen kurzer Zeit stellte Corona die gewohnte Realit\u00e4t auf den Kopf. <\/span><span data-contrast=\"auto\">Entsprechende Schutzma\u00dfnahmen<\/span><span data-contrast=\"auto\">\u00a0<\/span><span data-contrast=\"auto\">sind<\/span><span data-contrast=\"auto\">\u00a0seit dem Beginn der\u00a0<\/span><span data-contrast=\"auto\">Pandemie\u00a0<\/span><span data-contrast=\"auto\">fester Bestandteil<\/span><span data-contrast=\"auto\">\u00a0des Alltags und Gesch\u00e4ftslebens<\/span><span data-contrast=\"auto\">.\u00a0<\/span><span data-contrast=\"auto\">Bei der Umsetzung der Hygienema\u00dfnahmen war Eile geboten, sodass in den ersten Wochen\u00a0<\/span><span data-contrast=\"auto\">h\u00e4ufig improvisiert werden musste.\u00a0<\/span><span data-contrast=\"auto\">Behelfsl\u00f6sungen in Privatwohnung und Gesch\u00e4ft<\/span><span data-contrast=\"auto\">en waren\u00a0<\/span><span data-contrast=\"auto\">vielerorts<\/span><span data-contrast=\"auto\">\u00a0der einzige gangbare Weg<\/span><span data-contrast=\"auto\">.<\/span><\/p><div id=\"ez-toc-container\" class=\"ez-toc-v2_0_82_2 counter-hierarchy ez-toc-counter ez-toc-grey ez-toc-container-direction\">\n<div class=\"ez-toc-title-container\">\n<p class=\"ez-toc-title\" style=\"cursor:inherit\">Was hier auf Sie wartet<\/p>\n<span class=\"ez-toc-title-toggle\"><a href=\"#\" class=\"ez-toc-pull-right ez-toc-btn ez-toc-btn-xs ez-toc-btn-default ez-toc-toggle\" aria-label=\"Toggle Table of Content\"><span class=\"ez-toc-js-icon-con\"><span class=\"\"><span class=\"eztoc-hide\" style=\"display:none;\">Toggle<\/span><span class=\"ez-toc-icon-toggle-span\"><svg style=\"fill: #999;color:#999\" xmlns=\"http:\/\/www.w3.org\/2000\/svg\" class=\"list-377408\" width=\"20px\" height=\"20px\" viewBox=\"0 0 24 24\" fill=\"none\"><path d=\"M6 6H4v2h2V6zm14 0H8v2h12V6zM4 11h2v2H4v-2zm16 0H8v2h12v-2zM4 16h2v2H4v-2zm16 0H8v2h12v-2z\" fill=\"currentColor\"><\/path><\/svg><svg style=\"fill: #999;color:#999\" class=\"arrow-unsorted-368013\" xmlns=\"http:\/\/www.w3.org\/2000\/svg\" width=\"10px\" height=\"10px\" viewBox=\"0 0 24 24\" version=\"1.2\" baseProfile=\"tiny\"><path d=\"M18.2 9.3l-6.2-6.3-6.2 6.3c-.2.2-.3.4-.3.7s.1.5.3.7c.2.2.4.3.7.3h11c.3 0 .5-.1.7-.3.2-.2.3-.5.3-.7s-.1-.5-.3-.7zM5.8 14.7l6.2 6.3 6.2-6.3c.2-.2.3-.5.3-.7s-.1-.5-.3-.7c-.2-.2-.4-.3-.7-.3h-11c-.3 0-.5.1-.7.3-.2.2-.3.5-.3.7s.1.5.3.7z\"\/><\/svg><\/span><\/span><\/span><\/a><\/span><\/div>\n<nav><ul class='ez-toc-list ez-toc-list-level-1 ' ><li class='ez-toc-page-1 ez-toc-heading-level-2'><a class=\"ez-toc-link ez-toc-heading-1\" href=\"https:\/\/raum-blick.de\/magazin\/hygn-me-hygienestationen\/#%C2%AB_Hygiene_geht_vor_%C2%BB\" >\u00ab Hygiene geht vor! \u00bb<\/a><\/li><li class='ez-toc-page-1 ez-toc-heading-level-2'><a class=\"ez-toc-link ez-toc-heading-2\" href=\"https:\/\/raum-blick.de\/magazin\/hygn-me-hygienestationen\/#Hygiene_schick_zelebriert\" >Hygiene schick zelebriert<\/a><\/li><li class='ez-toc-page-1 ez-toc-heading-level-2'><a class=\"ez-toc-link ez-toc-heading-3\" href=\"https:\/\/raum-blick.de\/magazin\/hygn-me-hygienestationen\/#Infektionsschutz_als_herzliche_Begruessung_mit_Wohlfuehlfaktor\" >Infektionsschutz als herzliche Begr\u00fc\u00dfung mit Wohlf\u00fchlfaktor<\/a><\/li><li class='ez-toc-page-1 ez-toc-heading-level-2'><a class=\"ez-toc-link ez-toc-heading-4\" href=\"https:\/\/raum-blick.de\/magazin\/hygn-me-hygienestationen\/#Hochwertige_Systemmoebel_fuers_optimale_Schutzkonzept\" >Hochwertige Systemm\u00f6bel f\u00fcrs optimale Schutzkonzept<\/a><\/li><li class='ez-toc-page-1 ez-toc-heading-level-2'><a class=\"ez-toc-link ez-toc-heading-5\" href=\"https:\/\/raum-blick.de\/magazin\/hygn-me-hygienestationen\/#Hygieneinseln_aus_der_preisgekroenten_Designschmiede\" >Hygieneinseln aus der preisgekr\u00f6nten Designschmiede<\/a><\/li><\/ul><\/nav><\/div>\n\n<p><img loading=\"lazy\" decoding=\"async\" class=\"aligncenter wp-image-11172 size-full\" title=\"hygn.me \u2013 hygn Station 1 Bottom Station 1 &amp; Modul Mundschutz\" src=\"https:\/\/www.raum-blick.de\/magazin\/wp-content\/uploads\/2020\/09\/hygn-me-hygn-bottom-station-1-mundschutz.jpg\" alt=\"hygn-me-hygn-bottom-station-1-mundschutz\" width=\"600\" height=\"600\" srcset=\"https:\/\/raum-blick.de\/magazin\/wp-content\/uploads\/2020\/09\/hygn-me-hygn-bottom-station-1-mundschutz.jpg 600w, https:\/\/raum-blick.de\/magazin\/wp-content\/uploads\/2020\/09\/hygn-me-hygn-bottom-station-1-mundschutz-300x300.jpg 300w, https:\/\/raum-blick.de\/magazin\/wp-content\/uploads\/2020\/09\/hygn-me-hygn-bottom-station-1-mundschutz-150x150.jpg 150w\" sizes=\"(max-width: 600px) 100vw, 600px\" \/><\/p>\n<p style=\"text-align: justify;\"><span data-contrast=\"auto\">Das Desinfektionsmittel auf der Flurkommode und der selbst gen\u00e4hte Mundschutz sind gelungene Exempel. Wichtiger schien die zweckm\u00e4\u00dfige Reaktion als das \u00e4sthetische Empfinden. Je l\u00e4nger die Situation anh\u00e4lt, umso st\u00f6render wirkt aber die notd\u00fcrftig eingerichtete Desinfektionsstation. Sie wird keineswegs so flink von der Bildfl\u00e4che verschwinden, wie sie auftauchte. Das deuten Prognosen an.<\/span><\/p>\n<p><a href=\"https:\/\/www.raum-blick.de\/hygn.me-hygienestation-1.1-mundschutz\"><img loading=\"lazy\" decoding=\"async\" class=\"aligncenter wp-image-11169 size-full\" title=\"Hygienestation inkl. Desinfektionsspender und Modul Mundschutz\" src=\"https:\/\/www.raum-blick.de\/magazin\/wp-content\/uploads\/2020\/09\/Hygienestation-Desinfektionsspender.jpg\" alt=\"Hygienestation Desinfektionsspender hygn-me-hygienestationen\" width=\"600\" height=\"600\" srcset=\"https:\/\/raum-blick.de\/magazin\/wp-content\/uploads\/2020\/09\/Hygienestation-Desinfektionsspender.jpg 600w, https:\/\/raum-blick.de\/magazin\/wp-content\/uploads\/2020\/09\/Hygienestation-Desinfektionsspender-300x300.jpg 300w, https:\/\/raum-blick.de\/magazin\/wp-content\/uploads\/2020\/09\/Hygienestation-Desinfektionsspender-150x150.jpg 150w\" sizes=\"(max-width: 600px) 100vw, 600px\" \/><\/a><\/p>\n<p style=\"text-align: justify;\"><span data-contrast=\"auto\">Es erscheint deshalb logisch, Materialien f\u00fcr die Hygiene ansprechend ins Umfeld zu integrieren. <\/span><span data-contrast=\"auto\">Der Mission widmet sich eine ambitionierte Marke mit Sitz in M\u00fcnster. Sie entwickelte die hygn.<\/span><span data-contrast=\"auto\">me<\/span><span data-contrast=\"auto\">\u00a0Hygienestation, die\u00a0<\/span><span data-contrast=\"auto\">zu Recht<\/span><span data-contrast=\"auto\">\u00a0<\/span><span data-contrast=\"auto\">die Blicke auf sich zieht, denn i<\/span><span data-contrast=\"auto\">hr Designanspruch ist un\u00fcbersehbar. Treffend wirkt das Zusammenspiel aus klarer Formensprache und zur\u00fcckhaltenden Farben wie Wei\u00df oder Anthrazit.<\/span><\/p>\n<p><a href=\"https:\/\/www.raum-blick.de\/hygn.me-hygienestation-1.1-mundschutz\"><img loading=\"lazy\" decoding=\"async\" class=\"aligncenter wp-image-11166 size-full\" title=\"hygn.me \u2013 Hygienestation 1.1 inkl. Desinfektionsspender und Modul Mundschutz\" src=\"https:\/\/www.raum-blick.de\/magazin\/wp-content\/uploads\/2020\/09\/hygn-me-hygienestation-1-1-mundschutz.jpg\" alt=\"hygn-me-hygienestation-1-1-mundschutz\" width=\"600\" height=\"585\" srcset=\"https:\/\/raum-blick.de\/magazin\/wp-content\/uploads\/2020\/09\/hygn-me-hygienestation-1-1-mundschutz.jpg 600w, https:\/\/raum-blick.de\/magazin\/wp-content\/uploads\/2020\/09\/hygn-me-hygienestation-1-1-mundschutz-300x293.jpg 300w\" sizes=\"(max-width: 600px) 100vw, 600px\" \/><\/a><\/p>\n<p style=\"text-align: justify;\"><span data-contrast=\"auto\">Diskrete Symbole runden den Entwurf ab. Sofort erschlie\u00dft sich, dass es sich bei hygn.me um eine Hygienestation handelt. Da sie sich harmonisch ins Interieur einf\u00fcgt, erscheint nicht nur <\/span><span data-contrast=\"auto\">ihre Pr\u00e4senz<\/span><span data-contrast=\"auto\"> selbstverst\u00e4ndlich. Gleiches gilt f\u00fcr die Nutzung. Gern nimmt man das Angebot an, sich die H\u00e4nde zu desinfizieren.<\/span><\/p>\n<h2><span class=\"ez-toc-section\" id=\"Infektionsschutz_als_herzliche_Begruessung_mit_Wohlfuehlfaktor\"><\/span><span data-contrast=\"auto\">Infektionsschutz als herzliche Begr\u00fc\u00dfung mit Wohlf\u00fchlfaktor<\/span><span class=\"ez-toc-section-end\"><\/span><\/h2>\n<p style=\"text-align: justify;\"><span data-contrast=\"auto\">Beim Betreten des Raums bemerkt man die Hygienestation. Ihre \u00c4sthetik erinnert an moderne M\u00f6bel f\u00fcrs B\u00fcro oder\u00a0<\/span><a href=\"https:\/\/www.raum-blick.de\/bad\/\"><span data-contrast=\"none\">Bad<\/span><\/a><span data-contrast=\"auto\">. Nach den Kontakten mit Oberfl\u00e4chen und Personen im \u00f6ffentlichen Nahverkehr\u00a0<\/span><span data-contrast=\"auto\">l\u00e4dt die Station zur Benutzung ein.\u00a0<\/span><span data-contrast=\"auto\">Ber\u00fchrungslos liefert der Spender das Desinfektionsmittel f\u00fcr die Handreinigung.<\/span><\/p>\n<p><img loading=\"lazy\" decoding=\"async\" class=\"aligncenter wp-image-11176 size-full\" title=\"hygn.me \u2013 hygn Station 1 Bottom Station 1 &amp; Modul Mundschutz + Handschuhe\" src=\"https:\/\/www.raum-blick.de\/magazin\/wp-content\/uploads\/2020\/09\/hygn-me-hygn-bottom-station-1-mundschutz-handschuhe.jpg\" alt=\"hygn-me-hygn-bottom-station-1-mundschutz-handschuhe hygn-me-hygienestationen\" width=\"600\" height=\"580\" srcset=\"https:\/\/raum-blick.de\/magazin\/wp-content\/uploads\/2020\/09\/hygn-me-hygn-bottom-station-1-mundschutz-handschuhe.jpg 600w, https:\/\/raum-blick.de\/magazin\/wp-content\/uploads\/2020\/09\/hygn-me-hygn-bottom-station-1-mundschutz-handschuhe-300x290.jpg 300w\" sizes=\"(max-width: 600px) 100vw, 600px\" \/><\/p>\n<p style=\"text-align: justify;\"><span data-contrast=\"auto\">Parallel wird im Spiegel die Frisur kontrolliert, bevor man die Masken entdeckt. Sie sind griffbereit im unteren Fach verstaut und ein willkommener Service. <\/span><span data-contrast=\"auto\">Mit de<\/span><span data-contrast=\"auto\">r<\/span><span data-contrast=\"auto\">\u00a0medizinischen\u00a0<\/span><span data-contrast=\"auto\">Mund-Nasen-Bedeckung<\/span><span data-contrast=\"auto\"> hinterl\u00e4sst man beim Gesch\u00e4ftstermin einen seri\u00f6seren Eindruck als mit dem selbst gebastelten Pendant. Erfreut entnimmt der Gast ein Exemplar. Dann steuert er entspannt den Konferenzsaal an.<\/span><\/p>\n<p><img loading=\"lazy\" decoding=\"async\" class=\"aligncenter wp-image-11162 size-full\" title=\"hygn.me \u2013 Hygienestation 2.S Stehle | Design: Sieger Design\" src=\"https:\/\/www.raum-blick.de\/magazin\/wp-content\/uploads\/2020\/09\/hygn-me-hygienestation-2-s-stehle.jpg\" alt=\"hygn-me-hygienestation-2-s-stehle hygn-me-hygienestationen\" width=\"600\" height=\"600\" srcset=\"https:\/\/raum-blick.de\/magazin\/wp-content\/uploads\/2020\/09\/hygn-me-hygienestation-2-s-stehle.jpg 600w, https:\/\/raum-blick.de\/magazin\/wp-content\/uploads\/2020\/09\/hygn-me-hygienestation-2-s-stehle-300x300.jpg 300w, https:\/\/raum-blick.de\/magazin\/wp-content\/uploads\/2020\/09\/hygn-me-hygienestation-2-s-stehle-150x150.jpg 150w\" sizes=\"(max-width: 600px) 100vw, 600px\" \/><\/p>\n<p style=\"text-align: justify;\"><span data-contrast=\"auto\">Das durchdachte Designkonzept der hygn.me Hygienestation beg\u00fcnstigt fl\u00fcssige Abl\u00e4ufe. Blitzschnell sind Schutzvorkehrungen erledigt, die an die Existenz von Viren erinnern. Bemerkenswert professionell ist die Darbietung. Beides zusammen steigert umgehend das Wohlbefinden. Wer die Hygienestationen betreut, ist nicht weniger begeistert. M\u00fchelos gelingt das Reinigen der strapazierf\u00e4higen Oberfl\u00e4chen. Im Handumdrehen sind die praktischen F\u00e4cher mit Verbrauchsartikeln best\u00fcckt.<\/span><\/p>\n<h2><span class=\"ez-toc-section\" id=\"Hochwertige_Systemmoebel_fuers_optimale_Schutzkonzept\"><\/span><span data-contrast=\"auto\">Hochwertige Systemm\u00f6bel f\u00fcrs optimale Schutzkonzept<\/span><span class=\"ez-toc-section-end\"><\/span><\/h2>\n<p style=\"text-align: justify;\"><span data-contrast=\"auto\">Sobald man das Zuhause erreicht, wird das Badezimmer f\u00fcr die Handw\u00e4sche angesteuert. Daf\u00fcr gen\u00fcgt die Seife im Normalfall vollkommen.<\/span><\/p>\n<p><a href=\"hygn-me-hygienestation-1-2-mundschutz-handschuhe\"><img loading=\"lazy\" decoding=\"async\" class=\"aligncenter wp-image-11149 size-full\" title=\"hygn.me \u2013 Hygienestation 1.2 inkl. Desinfektionsspender, Modul Mundschutz &amp; Modul Handschuhe\" src=\"https:\/\/www.raum-blick.de\/magazin\/wp-content\/uploads\/2020\/09\/hygn-me-hygienestation-1-2-mundschutz-handschuhe.jpg\" alt=\"hygn-me-hygienestation-1-2-mundschutz-handschuhe\" width=\"600\" height=\"580\" srcset=\"https:\/\/raum-blick.de\/magazin\/wp-content\/uploads\/2020\/09\/hygn-me-hygienestation-1-2-mundschutz-handschuhe.jpg 600w, https:\/\/raum-blick.de\/magazin\/wp-content\/uploads\/2020\/09\/hygn-me-hygienestation-1-2-mundschutz-handschuhe-300x290.jpg 300w\" sizes=\"(max-width: 600px) 100vw, 600px\" \/><\/a><\/p>\n<p style=\"text-align: justify;\"><span data-contrast=\"auto\">Nach einem ausgedehnten Streifzug durch die City kommt mitunter der Wunsch auf, das Desinfizieren zu erg\u00e4nzen. Soweit es keine \u00e4rztliche Verordnung gibt, genie\u00dft man den Feierabend daheim unmaskiert. <\/span><span data-contrast=\"auto\">Er bildet einen angenehmen Kontrast zum Berufsalltag. <\/span><span data-contrast=\"auto\">Mit Blick auf den hohen Publikumsverkehr entschied sich der Arbeitgeber f\u00fcr umfangreiche Sicherheitsma\u00dfnahmen. Desinfektionsmittel h\u00e4lt er daf\u00fcr am Eingang ebenso bereit wie Einmalhandschuhe und Schutzmasken. Das wissen die Hausg\u00e4ste und Angestellten zu sch\u00e4tzen.<\/span><\/p>\n<p><a href=\"https:\/\/www.raum-blick.de\/hygn.me-desinfektionsstation-2.t-tischaufsteller\"><img loading=\"lazy\" decoding=\"async\" class=\"aligncenter wp-image-11185 size-full\" title=\"hygn.me \u2013 Desinfektionsstation 2.T | Tischaufsteller | Design: Carsten Gollnick\" src=\"https:\/\/www.raum-blick.de\/magazin\/wp-content\/uploads\/2020\/09\/hygn-me-desinfektionsstation-2-t-tischaufsteller.jpg\" alt=\"hygn-me-desinfektionsstation-2-t-tischaufsteller hygn-me-hygienestationen\" width=\"600\" height=\"600\" srcset=\"https:\/\/raum-blick.de\/magazin\/wp-content\/uploads\/2020\/09\/hygn-me-desinfektionsstation-2-t-tischaufsteller.jpg 600w, https:\/\/raum-blick.de\/magazin\/wp-content\/uploads\/2020\/09\/hygn-me-desinfektionsstation-2-t-tischaufsteller-300x300.jpg 300w, https:\/\/raum-blick.de\/magazin\/wp-content\/uploads\/2020\/09\/hygn-me-desinfektionsstation-2-t-tischaufsteller-150x150.jpg 150w\" sizes=\"(max-width: 600px) 100vw, 600px\" \/><\/a><\/p>\n<p style=\"text-align: justify;\"><span data-contrast=\"auto\">Die Beispiele verdeutlichen, wie stark sich die Bed\u00fcrfnisse situationsbedingt unterscheiden. Das ber\u00fccksichtigt hygn.me bei der Hygienestation mit dem modularen Aufbau. Wer m\u00f6chte, beschr\u00e4nkt sich auf das Desinfektionsmittel.<\/span><\/p>\n<blockquote>\n<p style=\"text-align: justify;\"><span data-contrast=\"auto\">Sprechen sich die Gesundheitsexperten f\u00fcr umfangreiche Vorkehrungen aus, erg\u00e4nzt man die ben\u00f6tigten Komponenten.<\/span><\/p>\n<\/blockquote>\n<p style=\"text-align: justify;\"><span data-contrast=\"auto\">In Durchgangsbereichen \u00fcberzeugt die beidseitig zug\u00e4ngliche Designvariante. Platzsparend widmen sich die Tischmodule und Wandmodelle der Hygiene. Im Portfolio entdeckt man nicht nur Funktionsm\u00f6bel f\u00fcr ma\u00dfgeschneiderte L\u00f6sungen. Die Verbrauchsmaterialien geh\u00f6ren ebenfalls zum Sortiment.<\/span><\/p>\n<h2><span class=\"ez-toc-section\" id=\"Hygieneinseln_aus_der_preisgekroenten_Designschmiede\"><\/span><span data-contrast=\"auto\">Hygieneinseln aus der preisgekr\u00f6nten Designschmiede<\/span><span class=\"ez-toc-section-end\"><\/span><\/h2>\n<p style=\"text-align: justify;\"><span data-contrast=\"auto\">Vielerorts wurde es unerwartet notwendig, eine Desinfektionsstation einzurichten. Oft funktionierte man M\u00f6bel daf\u00fcr um, auf denen die Medizinprodukte schmucklos thronen. Die Kompromissl\u00f6sung erf\u00fcllt den Zweck, wirkt im elegant gestalteten Raum aber wie ein Fremdk\u00f6rper. Das erkannte gl\u00fccklicherweise Johannes Wagner. Er gr\u00fcndete hygn.me, um eine Hygienestation mit Stil zu entwickeln.<\/span><\/p>\n<p><a href=\"https:\/\/www.raum-blick.de\/hygn.me-desinfektionsstation-2.t-tischaufsteller\"><img loading=\"lazy\" decoding=\"async\" class=\"aligncenter wp-image-11189 size-full\" title=\"Desinfektionsstation als Tischaufsteller\" src=\"https:\/\/www.raum-blick.de\/magazin\/wp-content\/uploads\/2020\/09\/desinfektionsstation-tischaufsteller.jpg\" alt=\"desinfektionsstation-tischaufsteller\" width=\"600\" height=\"580\" srcset=\"https:\/\/raum-blick.de\/magazin\/wp-content\/uploads\/2020\/09\/desinfektionsstation-tischaufsteller.jpg 600w, https:\/\/raum-blick.de\/magazin\/wp-content\/uploads\/2020\/09\/desinfektionsstation-tischaufsteller-300x290.jpg 300w\" sizes=\"(max-width: 600px) 100vw, 600px\" \/><\/a><\/p>\n<p style=\"text-align: justify;\"><span data-contrast=\"auto\">Den k\u00fcnstlerischen Part \u00fcbernahm Carsten <\/span><span data-contrast=\"auto\">Gollnick<\/span><span data-contrast=\"auto\">. Der diplomierte Designer freut sich nicht nur \u00fcber einen exzellenten Ruf. Seine Entw\u00fcrfe \u00fcberzeugen regelm\u00e4\u00dfig bei namhaften Wettbewerben. Gleiches gilt f\u00fcr das Unternehmen, mit dem hygn.me verkn\u00fcpft ist: <\/span><span data-contrast=\"auto\">Mit dem German Brand Award in Gold zeichnete man <\/span><span data-contrast=\"auto\">conmoto<\/span><span data-contrast=\"auto\"> 2019 aus. Designfans sch\u00e4tzen die Marke seit ihrem Deb\u00fct im Jahr 1998 f\u00fcr ausgezeichnete M\u00f6bel und Wohnaccessoires.<\/span><\/p>\n<p><a href=\"https:\/\/www.raum-blick.de\/hygn.me-hygienestation-2.w-wandmontage\"><img loading=\"lazy\" decoding=\"async\" class=\"aligncenter wp-image-11156 size-full\" title=\"hygn.me \u2013 Hygienestation 2.W | Wandmontage | Design: Sieger Design\" src=\"https:\/\/www.raum-blick.de\/magazin\/wp-content\/uploads\/2020\/09\/hygn.me-hygienestation-2.w-wandmontage.jpg\" alt=\"hygn.me-hygienestation-2.w-wandmontage hygn-me-hygienestationen\" width=\"600\" height=\"600\" srcset=\"https:\/\/raum-blick.de\/magazin\/wp-content\/uploads\/2020\/09\/hygn.me-hygienestation-2.w-wandmontage.jpg 600w, https:\/\/raum-blick.de\/magazin\/wp-content\/uploads\/2020\/09\/hygn.me-hygienestation-2.w-wandmontage-300x300.jpg 300w, https:\/\/raum-blick.de\/magazin\/wp-content\/uploads\/2020\/09\/hygn.me-hygienestation-2.w-wandmontage-150x150.jpg 150w\" sizes=\"(max-width: 600px) 100vw, 600px\" \/><\/a><\/p>\n<p style=\"text-align: justify;\"><span data-contrast=\"auto\">Der Erfolg der Kollektionen ist der \u00fcbergeordneten Philosophie zu verdanken. Sie vereint hohe Qualit\u00e4tsanspr\u00fcche mit der Offenheit f\u00fcr neue Impulse. Dazu passt hygn.me fabelhaft. Die frisch gegr\u00fcndete Eigenmarke beweist das Gesp\u00fcr f\u00fcr Zeitgeist. Sie l\u00e4sst sich au\u00dferdem auf innovative Materialien ein, um die Designidee bestm\u00f6glich umzusetzen. Die Hygienestation wird aus Compact Density\u00a0<\/span><span data-contrast=\"auto\">Fibreboard<\/span><span data-contrast=\"auto\"> (CDF) gefertigt. Der hochmoderne Holzwerkstoff besteht aus mehreren Schichten. Er ist belastbar, pflegeleicht und feuchtigkeitsbest\u00e4ndig.<\/span><\/p>\n<p><a href=\"https:\/\/www.raum-blick.de\/hygn.me-hygienestation-2.w-wandmontage\"><img loading=\"lazy\" decoding=\"async\" class=\"aligncenter wp-image-11160 size-full\" title=\"Hygienestation zur Wandmontage\" src=\"https:\/\/www.raum-blick.de\/magazin\/wp-content\/uploads\/2020\/09\/hygienestation-wandmontage.jpg\" alt=\"hygienestation-wandmontage\" width=\"600\" height=\"580\" srcset=\"https:\/\/raum-blick.de\/magazin\/wp-content\/uploads\/2020\/09\/hygienestation-wandmontage.jpg 600w, https:\/\/raum-blick.de\/magazin\/wp-content\/uploads\/2020\/09\/hygienestation-wandmontage-300x290.jpg 300w\" sizes=\"(max-width: 600px) 100vw, 600px\" \/><\/a><\/p>\n<p style=\"text-align: justify;\"><span data-contrast=\"auto\">F\u00fcr die Konfrontation mit alkoholhaltigen Substanzen sind die beschichteten Faserplatten ebenfalls gewappnet. Dem langfristigen Einsatz der Designm\u00f6bel steht demnach nichts im Weg. Das ist begr\u00fc\u00dfenswert. Denn Experten rechnen damit, dass der Hygiene dauerhaft ein h\u00f6herer Stellenwert beigemessen wird.<\/span><\/p>\n","protected":false},"excerpt":{"rendered":"<p>\u00ab Hygiene geht vor! \u00bb Beim engen Kontakt mit Menschen k\u00f6nnen sich Viren \u00fcbertragen. Theoretisch war das immer klar. Praktisch blendete man die Tatsache aus, bis aktuelle Ereignisse sie ins Rampenlicht r\u00fcckten. Sie fordern nicht nur tempor\u00e4r Vorsichtsma\u00dfnahmen ein, sondern ver\u00e4ndern das Bewusstsein f\u00fcr Hygiene. Stilvoll und funktional integriert\u00a0hygn.me sch\u00fctzende Rituale in den beruflichen und [&hellip;]<\/p>\n","protected":false},"author":4,"featured_media":11165,"comment_status":"closed","ping_status":"open","sticky":false,"template":"","format":"standard","meta":{"_et_pb_use_builder":"","_et_pb_old_content":"","_et_gb_content_width":"","inline_featured_image":false,"footnotes":""},"categories":[8],"tags":[1217,1213,1215,1211,1209,1210,1214,1212,1216,1218,1219],"class_list":["post-11144","post","type-post","status-publish","format-standard","has-post-thumbnail","hentry","category-features","tag-corona","tag-desinfektionsspender","tag-handschuhe","tag-hygiene","tag-hygienestation","tag-hygn-me","tag-infektionsschutz","tag-mundschutz","tag-systemmoebel","tag-tischaufsteller","tag-wandmontage"],"_links":{"self":[{"href":"https:\/\/raum-blick.de\/magazin\/wp-json\/wp\/v2\/posts\/11144","targetHints":{"allow":["GET"]}}],"collection":[{"href":"https:\/\/raum-blick.de\/magazin\/wp-json\/wp\/v2\/posts"}],"about":[{"href":"https:\/\/raum-blick.de\/magazin\/wp-json\/wp\/v2\/types\/post"}],"author":[{"embeddable":true,"href":"https:\/\/raum-blick.de\/magazin\/wp-json\/wp\/v2\/users\/4"}],"replies":[{"embeddable":true,"href":"https:\/\/raum-blick.de\/magazin\/wp-json\/wp\/v2\/comments?post=11144"}],"version-history":[{"count":38,"href":"https:\/\/raum-blick.de\/magazin\/wp-json\/wp\/v2\/posts\/11144\/revisions"}],"predecessor-version":[{"id":21020,"href":"https:\/\/raum-blick.de\/magazin\/wp-json\/wp\/v2\/posts\/11144\/revisions\/21020"}],"wp:featuredmedia":[{"embeddable":true,"href":"https:\/\/raum-blick.de\/magazin\/wp-json\/wp\/v2\/media\/11165"}],"wp:attachment":[{"href":"https:\/\/raum-blick.de\/magazin\/wp-json\/wp\/v2\/media?parent=11144"}],"wp:term":[{"taxonomy":"category","embeddable":true,"href":"https:\/\/raum-blick.de\/magazin\/wp-json\/wp\/v2\/categories?post=11144"},{"taxonomy":"post_tag","embeddable":true,"href":"https:\/\/raum-blick.de\/magazin\/wp-json\/wp\/v2\/tags?post=11144"}],"curies":[{"name":"wp","href":"https:\/\/api.w.org\/{rel}","templated":true}]}}