{"id":10847,"date":"2020-06-09T10:02:46","date_gmt":"2020-06-09T08:02:46","guid":{"rendered":"https:\/\/www.raum-blick.de\/magazin\/?p=10847"},"modified":"2024-08-30T12:06:18","modified_gmt":"2024-08-30T10:06:18","slug":"wein-kuehlen","status":"publish","type":"post","link":"https:\/\/raum-blick.de\/magazin\/wein-kuehlen\/","title":{"rendered":"Wein k\u00fchlen"},"content":{"rendered":"<h2><span class=\"ez-toc-section\" id=\"%C2%AB_Die_optimale_Weintemperatur_mit_dem_richtigen_Kuehler_%C2%BB\"><\/span>\u00ab Die optimale Weintemperatur mit dem richtigen K\u00fchler \u00bb<span class=\"ez-toc-section-end\"><\/span><\/h2>\n<p style=\"text-align: justify;\"><b><span data-contrast=\"auto\">In jeder Flasche stecken bemerkenswert viel Geduld, Feingef\u00fchl und Herzblut. Die fachgerechte Verkostung steigert nicht nur das Genusserlebnis. Sie zollt Winzern den verdienten Respekt. Vollends offenbaren edle Tropfen ihren Charakter, wenn sie optimal temperiert sind. Feinschmecker legen deshalb\u00a0<\/span><\/b><b><span data-contrast=\"auto\">Wert<\/span><\/b><b><span data-contrast=\"auto\"> darauf, vor und beim Service den Wein zu k\u00fchlen.<\/span><\/b><\/p>\n<h2><span class=\"ez-toc-section\" id=\"Schmaler_Grat_zwischen_genussvollen_und_ernuechternden_Erlebnissen\"><\/span><span data-contrast=\"auto\">Schmaler Grat zwischen genussvollen und ern\u00fcchternden Erlebnissen<\/span><span class=\"ez-toc-section-end\"><\/span><\/h2>\n<p style=\"text-align: justify;\"><span data-contrast=\"auto\">Beim mediterranen Tapetenwechsel g\u00f6nnen sich die Urlauber eine Fahrt ins Blaue. Mitten in der Natur hebt sich ein Weingut hervor. Es verleitet zur spontanen Pause. Sie entpuppt sich als sinnliche Offenbarung. Die Winzerfamilie kredenzt einen Wein, bei dem anspruchsvolle Sommeliers ins Schw\u00e4rmen geraten. Pr\u00e4gnant ist die Fruchtigkeit, ohne sich in den Vordergrund zu dr\u00e4ngen. Die w\u00fcrzigen Noten gleichen einem Spiegelbild der s\u00fcdeurop\u00e4ischen Landschaft. Der kess eingebundenen S\u00e4ure verdankt der Rotwein seinen spritzigen Touch. Das passt fabelhaft zur Grillparty im Freien.<\/span><\/p><div id=\"ez-toc-container\" class=\"ez-toc-v2_0_82_2 counter-hierarchy ez-toc-counter ez-toc-grey ez-toc-container-direction\">\n<div class=\"ez-toc-title-container\">\n<p class=\"ez-toc-title\" style=\"cursor:inherit\">Was hier auf Sie wartet<\/p>\n<span class=\"ez-toc-title-toggle\"><a href=\"#\" class=\"ez-toc-pull-right ez-toc-btn ez-toc-btn-xs ez-toc-btn-default ez-toc-toggle\" aria-label=\"Toggle Table of Content\"><span class=\"ez-toc-js-icon-con\"><span class=\"\"><span class=\"eztoc-hide\" style=\"display:none;\">Toggle<\/span><span class=\"ez-toc-icon-toggle-span\"><svg style=\"fill: #999;color:#999\" xmlns=\"http:\/\/www.w3.org\/2000\/svg\" class=\"list-377408\" width=\"20px\" height=\"20px\" viewBox=\"0 0 24 24\" fill=\"none\"><path d=\"M6 6H4v2h2V6zm14 0H8v2h12V6zM4 11h2v2H4v-2zm16 0H8v2h12v-2zM4 16h2v2H4v-2zm16 0H8v2h12v-2z\" fill=\"currentColor\"><\/path><\/svg><svg style=\"fill: #999;color:#999\" class=\"arrow-unsorted-368013\" xmlns=\"http:\/\/www.w3.org\/2000\/svg\" width=\"10px\" height=\"10px\" viewBox=\"0 0 24 24\" version=\"1.2\" baseProfile=\"tiny\"><path d=\"M18.2 9.3l-6.2-6.3-6.2 6.3c-.2.2-.3.4-.3.7s.1.5.3.7c.2.2.4.3.7.3h11c.3 0 .5-.1.7-.3.2-.2.3-.5.3-.7s-.1-.5-.3-.7zM5.8 14.7l6.2 6.3 6.2-6.3c.2-.2.3-.5.3-.7s-.1-.5-.3-.7c-.2-.2-.4-.3-.7-.3h-11c-.3 0-.5.1-.7.3-.2.2-.3.5-.3.7s.1.5.3.7z\"\/><\/svg><\/span><\/span><\/span><\/a><\/span><\/div>\n<nav><ul class='ez-toc-list ez-toc-list-level-1 ' ><li class='ez-toc-page-1 ez-toc-heading-level-2'><a class=\"ez-toc-link ez-toc-heading-1\" href=\"https:\/\/raum-blick.de\/magazin\/wein-kuehlen\/#%C2%AB_Die_optimale_Weintemperatur_mit_dem_richtigen_Kuehler_%C2%BB\" >\u00ab Die optimale Weintemperatur mit dem richtigen K\u00fchler \u00bb<\/a><\/li><li class='ez-toc-page-1 ez-toc-heading-level-2'><a class=\"ez-toc-link ez-toc-heading-2\" href=\"https:\/\/raum-blick.de\/magazin\/wein-kuehlen\/#Schmaler_Grat_zwischen_genussvollen_und_ernuechternden_Erlebnissen\" >Schmaler Grat zwischen genussvollen und ern\u00fcchternden Erlebnissen<\/a><\/li><li class='ez-toc-page-1 ez-toc-heading-level-2'><a class=\"ez-toc-link ez-toc-heading-3\" href=\"https:\/\/raum-blick.de\/magazin\/wein-kuehlen\/#Tipps_fuer_die_ideale_Weinverkostung\" >Tipps f\u00fcr die ideale Weinverkostung<\/a><\/li><li class='ez-toc-page-1 ez-toc-heading-level-2'><a class=\"ez-toc-link ez-toc-heading-4\" href=\"https:\/\/raum-blick.de\/magazin\/wein-kuehlen\/#Alltagshelfer_fuer_Weinliebhaber_aus_Finnland\" >Alltagshelfer f\u00fcr Weinliebhaber aus Finnland<\/a><\/li><li class='ez-toc-page-1 ez-toc-heading-level-2'><a class=\"ez-toc-link ez-toc-heading-5\" href=\"https:\/\/raum-blick.de\/magazin\/wein-kuehlen\/#Edler_Auftritt_fuer_die_Weinauswahl\" >Edler Auftritt f\u00fcr die Weinauswahl<\/a><\/li><li class='ez-toc-page-1 ez-toc-heading-level-2'><a class=\"ez-toc-link ez-toc-heading-6\" href=\"https:\/\/raum-blick.de\/magazin\/wein-kuehlen\/#Dekoration_als_Inspirationsquelle\" >Dekoration als Inspirationsquelle<\/a><\/li><\/ul><\/nav><\/div>\n\n<div id=\"attachment_10881\" style=\"width: 610px\" class=\"wp-caption aligncenter\"><img loading=\"lazy\" decoding=\"async\" aria-describedby=\"caption-attachment-10881\" class=\"wp-image-10881 size-full\" title=\"Weinprobe auf einem Weingut\" src=\"https:\/\/www.raum-blick.de\/magazin\/wp-content\/uploads\/2020\/07\/weinprobe-weingut.jpg\" alt=\"weinprobe-weingut\" width=\"600\" height=\"400\" srcset=\"https:\/\/raum-blick.de\/magazin\/wp-content\/uploads\/2020\/07\/weinprobe-weingut.jpg 600w, https:\/\/raum-blick.de\/magazin\/wp-content\/uploads\/2020\/07\/weinprobe-weingut-300x200.jpg 300w\" sizes=\"(max-width: 600px) 100vw, 600px\" \/><p id=\"caption-attachment-10881\" class=\"wp-caption-text\">\u00a9 auremar \u2013 stock.adobe.com<\/p><\/div>\n<p style=\"text-align: justify;\"><span data-contrast=\"auto\">Die Genie\u00dfer angeln sich einige Kisten des kulinarischen Fundst\u00fccks. Schon w\u00e4hrend der R\u00fcckreise w\u00e4chst die Vorfreude auf das Lob der Partyg\u00e4ste. Gro\u00df ist die Ern\u00fcchterung beim ersten Schluck aus dem Glas. Der angepriesene Wein wirkt pl\u00f6tzlich aromatisch \u00fcberladen und bei\u00dfend alkoholisch. Bei der Party schl\u00e4gt man einen weiten Bogen darum. Der gew\u00f6hnliche Wei\u00dfwein aus dem Supermarkt wird zum unerwarteten Star des Abends. <\/span><span data-contrast=\"auto\">Das desillusionierende Erlebnis ist keine Seltenheit.<\/span><\/p>\n<div id=\"attachment_10883\" style=\"width: 610px\" class=\"wp-caption aligncenter\"><img loading=\"lazy\" decoding=\"async\" aria-describedby=\"caption-attachment-10883\" class=\"wp-image-10883 size-full\" title=\"Sommelier gie\u00dft roten Wein in ein Glas\" src=\"https:\/\/www.raum-blick.de\/magazin\/wp-content\/uploads\/2020\/07\/sommelier-rotwein.jpg\" alt=\"sommelier-rotwein\" width=\"600\" height=\"400\" srcset=\"https:\/\/raum-blick.de\/magazin\/wp-content\/uploads\/2020\/07\/sommelier-rotwein.jpg 600w, https:\/\/raum-blick.de\/magazin\/wp-content\/uploads\/2020\/07\/sommelier-rotwein-300x200.jpg 300w\" sizes=\"(max-width: 600px) 100vw, 600px\" \/><p id=\"caption-attachment-10883\" class=\"wp-caption-text\">\u00a9 Ilshat \u2013 stock.adobe.com<\/p><\/div>\n<p style=\"text-align: justify;\"><span data-contrast=\"auto\">Laien denken in diesem Moment, dass die Urlaubsstimmung zur Fehleinsch\u00e4tzung verleitete. Der Gedanke zielt meist an der Realit\u00e4t vorbei. Verantwortlich f\u00fcr die Entt\u00e4uschung ist stattdessen die falsche Temperatur. Beim skizzierten Beispiel w\u00e4re es sinnvoll gewesen, den Wein nicht nur zu k\u00fchlen. Dem Service am milden Sommerabend h\u00e4tte ein Weink\u00fchler gutgestanden.<\/span><\/p>\n<h2><span class=\"ez-toc-section\" id=\"Tipps_fuer_die_ideale_Weinverkostung\"><\/span><span data-contrast=\"auto\">Tipps f\u00fcr die ideale Weinverkostung<\/span><span class=\"ez-toc-section-end\"><\/span><\/h2>\n<p style=\"text-align: justify;\"><span data-contrast=\"auto\">Die Temperatur beeinflusst stets den Geschmack. Das gilt f\u00fcr k\u00f6stliche Kreationen aus der K\u00fcche ebenso wie Weine. Beim gek\u00fchlten Verkosten reagiert die Zunge empfindlicher auf S\u00e4ure. Sie verleiht dem Wei\u00dfwein die ersehnte Spritzigkeit. W\u00e4rme verst\u00e4rkt die Wahrnehmung von S\u00fc\u00dfe und Alkohol. K\u00e4lte r\u00fcckt Bitternoten ins Rampenlicht. Die Quintessenz: Einige Grad zu viel oder wenig gen\u00fcgen, um einen Aspekt unvorteilhaft zu betonen. <\/span><span data-contrast=\"auto\">Rote serviert man zimmerwarm, Wei\u00dfe mit sp\u00fcrbarer K\u00e4lte. Die laienhafte Regel hat sich in den K\u00f6pfen festgesetzt und steht dem ausbalancierten Geschmackseindruck oft im Weg.<\/span><\/p>\n<p><img loading=\"lazy\" decoding=\"async\" class=\"aligncenter wp-image-10877 size-full\" title=\"Carl Mertens Cool Clip Weinthermometer | Material: 18\/10 Edelstahl | Oberfl\u00e4che: matt\" src=\"https:\/\/www.raum-blick.de\/magazin\/wp-content\/uploads\/2020\/07\/carl-mertens-cool-clip-weinthermometer.jpg\" alt=\"carl-mertens-cool-clip-weinthermometer\" width=\"600\" height=\"300\" srcset=\"https:\/\/raum-blick.de\/magazin\/wp-content\/uploads\/2020\/07\/carl-mertens-cool-clip-weinthermometer.jpg 600w, https:\/\/raum-blick.de\/magazin\/wp-content\/uploads\/2020\/07\/carl-mertens-cool-clip-weinthermometer-300x150.jpg 300w\" sizes=\"(max-width: 600px) 100vw, 600px\" \/><\/p>\n<p style=\"text-align: justify;\"><span data-contrast=\"auto\">R\u00e4ume werden inzwischen kr\u00e4ftiger geheizt als fr\u00fcher. Das verzerrt die Definition von Zimmertemperatur. Lagern die Getr\u00e4nke in der Wohnung, sollte man Rotwein k\u00fchlen. Die schweren Kraftpakete f\u00fcr den lauschigen Kaminabend munden bei 16 bis 18 \u00b0C. Bei leichten Tafelweinen darf die Trinktemperatur einen Deut <\/span><span data-contrast=\"auto\">niedriger ausfallen. Fruchtig junge Terrassenweine aus der roten Fraktion bereiten bei 12 \u00b0C die gr\u00f6\u00dfte Freude. Zwischen 9 und 14 \u00b0C rangiert die ideale Serviertemperatur beim Wei\u00dfwein. Tendenziell vertr\u00e4gt er mit zunehmender Reife, W\u00fcrze und S\u00fc\u00dfe etwas mehr W\u00e4rme.<\/span><\/p>\n<h2><span class=\"ez-toc-section\" id=\"Alltagshelfer_fuer_Weinliebhaber_aus_Finnland\"><\/span><span data-contrast=\"auto\">Alltagshelfer f\u00fcr Weinliebhaber aus Finnland<\/span><span class=\"ez-toc-section-end\"><\/span><\/h2>\n<p style=\"text-align: justify;\"><span data-contrast=\"auto\">Die Bedeutung der Temperatur scheint spontane Genussmomente auszubremsen. Das Res\u00fcmee w\u00e4re sowohl schade als auch voreilig. Ohnehin ist es nicht sinnvoll, wenn die Flasche stundenlang bei 4 \u00b0C im K\u00fchlschrank ruht. Ein kurzer Zwischenstopp im Eisfach gen\u00fcgt an warmen Tagen vollkommen, um den Wei\u00dfwein zu k\u00fchlen. Kommt er im Winter aus dem Keller, darf man diesen Schritt durchaus \u00fcberspringen.<\/span><\/p>\n<p><img loading=\"lazy\" decoding=\"async\" class=\"aligncenter wp-image-10874 size-full\" title=\"Magisso Cooling Wine K\u00fchler | Design: Simon Stevens | Farbe: Schwarz\" src=\"https:\/\/www.raum-blick.de\/magazin\/wp-content\/uploads\/2020\/07\/flaschenkuehler-magisso-cooler.jpg\" alt=\"flaschenkuehler-magisso-cooler-wein-kuehlen\" width=\"600\" height=\"600\" srcset=\"https:\/\/raum-blick.de\/magazin\/wp-content\/uploads\/2020\/07\/flaschenkuehler-magisso-cooler.jpg 600w, https:\/\/raum-blick.de\/magazin\/wp-content\/uploads\/2020\/07\/flaschenkuehler-magisso-cooler-300x300.jpg 300w, https:\/\/raum-blick.de\/magazin\/wp-content\/uploads\/2020\/07\/flaschenkuehler-magisso-cooler-150x150.jpg 150w\" sizes=\"(max-width: 600px) 100vw, 600px\" \/><\/p>\n<p style=\"text-align: justify;\"><span data-contrast=\"auto\">Bei Rotweinen ist das Vork\u00fchlen meist entbehrlich. Denn moderne Weink\u00fchler punkten mit ihrer exzellenten Funktionalit\u00e4t. <\/span><span data-contrast=\"auto\">Der\u00a0<\/span><span data-contrast=\"none\">Cooling\u00a0<\/span><span data-contrast=\"none\">Wine<\/span><span data-contrast=\"none\">\u00a0von\u00a0<\/span><span data-contrast=\"none\">Magisso<\/span><span data-contrast=\"auto\"> ist daf\u00fcr ein gelungenes Exempel. Vor dem Einsatz genie\u00dft das Barzubeh\u00f6r aus Keramik ein kaltes Wasserbad. Der anhaltende K\u00fchleffekt liegt danach bei vierzig Prozent unter der Au\u00dfentemperatur. So kann man sich vielfach beim allt\u00e4glichen Weingenuss die Vorbereitungen sparen.<\/span><\/p>\n<p><img loading=\"lazy\" decoding=\"async\" class=\"aligncenter wp-image-10870 size-full\" title=\"Magisso Cooling Wine K\u00fchler | selbstk\u00fchlender Flaschenk\u00fchler | Material: Keramik\" src=\"https:\/\/www.raum-blick.de\/magazin\/wp-content\/uploads\/2020\/07\/magisso-cooler-flaschenkuehler-wasser.jpg\" alt=\"magisso-cooler-flaschenkuehler-wasser\" width=\"600\" height=\"600\" srcset=\"https:\/\/raum-blick.de\/magazin\/wp-content\/uploads\/2020\/07\/magisso-cooler-flaschenkuehler-wasser.jpg 600w, https:\/\/raum-blick.de\/magazin\/wp-content\/uploads\/2020\/07\/magisso-cooler-flaschenkuehler-wasser-300x300.jpg 300w, https:\/\/raum-blick.de\/magazin\/wp-content\/uploads\/2020\/07\/magisso-cooler-flaschenkuehler-wasser-150x150.jpg 150w\" sizes=\"(max-width: 600px) 100vw, 600px\" \/><\/p>\n<p style=\"text-align: justify;\"><span data-contrast=\"auto\">W\u00e4hrend man in die bequeme\u00a0<\/span><span data-contrast=\"auto\">Homewear<\/span><span data-contrast=\"auto\"> schl\u00fcpft, \u00fcbernimmt das Accessoire die Aufgabe, den Wein zu k\u00fchlen. Die zuvorkommende Designidee aus Finnland punktet mit einem weiteren Clou: Die Oberfl\u00e4che l\u00e4sst sich mit Kreide beschriften. Im Handumdrehen steht dadurch die individuelle Tischdeko.<\/span><\/p>\n<h2><span class=\"ez-toc-section\" id=\"Edler_Auftritt_fuer_die_Weinauswahl\"><\/span><span data-contrast=\"auto\">Edler Auftritt f\u00fcr die Weinauswahl<\/span><span class=\"ez-toc-section-end\"><\/span><\/h2>\n<p style=\"text-align: justify;\"><span data-contrast=\"auto\">Jeder Gang des Men\u00fcs ist ein Gedicht. Die Getr\u00e4nkeauswahl gleicht einem Fest f\u00fcr die Sinne. Ein leichter Wei\u00dfwein wird zur Vorspeise mit Meeresfr\u00fcchten gereicht. Ein kraftvoller Rotwein begleitet das Hauptgericht. Zum Dessert wird ein preisgekr\u00f6nter Eiswein serviert, der zu den begehrten Rarit\u00e4ten z\u00e4hlt. Nobel inszeniert ein Weink\u00fchler aus Edelstahl die Getr\u00e4nke.<\/span><\/p>\n<p><a href=\"https:\/\/www.raum-blick.de\/georg-jensen-manhattan-weinkuehler\"><img loading=\"lazy\" decoding=\"async\" class=\"aligncenter wp-image-10862 size-full\" title=\"Georg Jensen Weink\u00fchler | Manhattan Serie | Material: Edelstahl, hochglanzpoliert\" src=\"https:\/\/www.raum-blick.de\/magazin\/wp-content\/uploads\/2020\/07\/georg-jensen-manhattan-weinkuehler.jpg\" alt=\"georg-jensen-manhattan-weinkuehler-wein-kuehlen\" width=\"600\" height=\"560\" srcset=\"https:\/\/raum-blick.de\/magazin\/wp-content\/uploads\/2020\/07\/georg-jensen-manhattan-weinkuehler.jpg 600w, https:\/\/raum-blick.de\/magazin\/wp-content\/uploads\/2020\/07\/georg-jensen-manhattan-weinkuehler-300x280.jpg 300w\" sizes=\"(max-width: 600px) 100vw, 600px\" \/><\/a><\/p>\n<p style=\"text-align: justify;\"><span data-contrast=\"auto\">Die Oberfl\u00e4chen mit Hochglanzpolitur wirken nicht nur edel. Sie reflektieren wundervoll den Schein der Kerzen auf der <\/span><span data-contrast=\"auto\">Dinnertafel<\/span><span data-contrast=\"auto\">. Die doppelwandige Edelstahlausf\u00fchrung ist au\u00dferdem ideal, um den Wein zu k\u00fchlen. <\/span><a href=\"https:\/\/www.raum-blick.de\/georg-jensen\/\"><span data-contrast=\"none\">Georg Jensen<\/span><\/a><span data-contrast=\"auto\"> geh\u00f6rt zu den Spezialisten f\u00fcr hochwertiges Barzubeh\u00f6r.<\/span><\/p>\n<p><img loading=\"lazy\" decoding=\"async\" class=\"aligncenter wp-image-10864 size-full\" title=\"Georg Jensen Wine Weink\u00fchler aus Edelstahl | doppelwandig &amp; w\u00e4rmed\u00e4mmend\" src=\"https:\/\/www.raum-blick.de\/magazin\/wp-content\/uploads\/2020\/07\/georg-jensen-wine-weinkuehler.jpg\" alt=\"georg-jensen-wine-weinkuehler-wein-kuehlen\" width=\"600\" height=\"600\" srcset=\"https:\/\/raum-blick.de\/magazin\/wp-content\/uploads\/2020\/07\/georg-jensen-wine-weinkuehler.jpg 600w, https:\/\/raum-blick.de\/magazin\/wp-content\/uploads\/2020\/07\/georg-jensen-wine-weinkuehler-300x300.jpg 300w, https:\/\/raum-blick.de\/magazin\/wp-content\/uploads\/2020\/07\/georg-jensen-wine-weinkuehler-150x150.jpg 150w\" sizes=\"(max-width: 600px) 100vw, 600px\" \/><\/p>\n<p style=\"text-align: justify;\"><span data-contrast=\"auto\">Die\u00a0<\/span><a href=\"https:\/\/www.raum-blick.de\/georg-jensen-manhattan-weinkuehler\"><span data-contrast=\"none\">Manhattan-Serie<\/span><\/a><span data-contrast=\"auto\">\u00a0entf\u00fchrt den Betrachter in die Art d\u00e9co-\u00c4ra. Eine Prise Industriestil charakterisiert den\u00a0<\/span><span data-contrast=\"none\">GJ\u00a0<\/span><span data-contrast=\"none\">K\u00fchler<\/span><span data-contrast=\"none\">\u00a0<\/span><span data-contrast=\"none\">Wine<\/span><span data-contrast=\"auto\">, den Thomas\u00a0<\/span><span data-contrast=\"auto\">Sandell<\/span><span data-contrast=\"auto\">\u00a02012 f\u00fcr die Marke entwarf. Sie bekennt sich durchweg zum eleganten Designstil. Er pr\u00e4gt vielf\u00e4ltige Accessoires f\u00fcr die Cocktailparty oder das Dinner. Stellt man sich ein Set zusammen, ergibt sich die geschmackvolle Tischdekoration beim Eindecken von selbst.<\/span><\/p>\n<h2><span class=\"ez-toc-section\" id=\"Dekoration_als_Inspirationsquelle\"><\/span><span data-contrast=\"auto\">Dekoration als Inspirationsquelle<\/span><span class=\"ez-toc-section-end\"><\/span><\/h2>\n<p style=\"text-align: justify;\"><span data-contrast=\"auto\">Die Wohnaccessoires schmeicheln nicht nur dem Auge. Sie sprechen ihre Besitzer im wahrsten Sinne des Wortes an. Das gelingt R\u00e4der Design mit Entw\u00fcrfen, bei denen Spr\u00fcche eine Schl\u00fcsselrolle einnehmen. So animieren die Alltagsgegenst\u00e4nde dazu, das Leben fr\u00f6hlich zu genie\u00dfen:<\/span><\/p>\n<p><a href=\"https:\/\/www.raum-blick.de\/raeder-design-weinkuehler-beton-flasche...\"><img loading=\"lazy\" decoding=\"async\" class=\"aligncenter wp-image-10858\" title=\"R\u00e4der Weink\u00fchler Flasche + Glas | aus Beton gefertigt | K\u00fchlung durch Verdunstungswasser\" src=\"https:\/\/www.raum-blick.de\/magazin\/wp-content\/uploads\/2020\/07\/raeder-design-weinkuehler-beton-flasche.jpg\" alt=\"raeder-design-weinkuehler-beton-flasche-wein-kuehlen\" width=\"508\" height=\"500\" srcset=\"https:\/\/raum-blick.de\/magazin\/wp-content\/uploads\/2020\/07\/raeder-design-weinkuehler-beton-flasche.jpg 600w, https:\/\/raum-blick.de\/magazin\/wp-content\/uploads\/2020\/07\/raeder-design-weinkuehler-beton-flasche-300x295.jpg 300w\" sizes=\"(max-width: 508px) 100vw, 508px\" \/><\/a><\/p>\n<p style=\"text-align: justify;\"><span data-contrast=\"auto\">Tags\u00fcber bereichert der unkonventionelle\u00a0<\/span><a href=\"https:\/\/www.raum-blick.de\/raeder-design-weinkuehler-beton-flasche...\"><span data-contrast=\"none\">R\u00e4der Weink\u00fchler aus Beton<\/span><\/a><span data-contrast=\"auto\">\u00a0<\/span><span data-contrast=\"auto\">die\u00a0<\/span><span data-contrast=\"auto\">Wohndeko<\/span><span data-contrast=\"auto\">. Bleibt der Blick am Abend daran haften, sind genussvolle Ideen vorprogrammiert. Passt es zur Stimmung, belebt der Initiator wenig sp\u00e4ter mit Wein best\u00fcckt den Sofatisch. Alternativ spricht nichts dagegen, ein anderes Lieblingsgetr\u00e4nk zu k\u00fchlen. <\/span>Wof\u00fcr man das Einrichtungsaccessoire verwendet, bleibt eine individuelle Entscheidung. Sie r\u00fcttelt nicht an der emotionalen Wirkung: Der K\u00fchler zaubert mit seiner pers\u00f6nlichen Note ein L\u00e4cheln ins Gesicht.<\/p>\n","protected":false},"excerpt":{"rendered":"<p>\u00ab Die optimale Weintemperatur mit dem richtigen K\u00fchler \u00bb In jeder Flasche stecken bemerkenswert viel Geduld, Feingef\u00fchl und Herzblut. Die fachgerechte Verkostung steigert nicht nur das Genusserlebnis. Sie zollt Winzern den verdienten Respekt. Vollends offenbaren edle Tropfen ihren Charakter, wenn sie optimal temperiert sind. Feinschmecker legen deshalb\u00a0Wert darauf, vor und beim Service den Wein zu [&hellip;]<\/p>\n","protected":false},"author":4,"featured_media":10873,"comment_status":"closed","ping_status":"open","sticky":false,"template":"","format":"standard","meta":{"_et_pb_use_builder":"","_et_pb_old_content":"","_et_gb_content_width":"","inline_featured_image":false,"footnotes":""},"categories":[7],"tags":[1174,462,388,1173,341,688,1169,796,985,489,1167,372,1168,1171,1170,1172],"class_list":["post-10847","post","type-post","status-publish","format-standard","has-post-thumbnail","hentry","category-accessoires-lifestyle","tag-beton","tag-carl-mertens","tag-edelstahl","tag-flaschenkuehler","tag-georg-jensen","tag-keramik","tag-kuehler","tag-magisso","tag-raeder-design","tag-wein","tag-wein-kuehlen","tag-weinkuehler","tag-weintemperatur","tag-weinthermometer","tag-weinverkostung","tag-wine-kuehler"],"_links":{"self":[{"href":"https:\/\/raum-blick.de\/magazin\/wp-json\/wp\/v2\/posts\/10847","targetHints":{"allow":["GET"]}}],"collection":[{"href":"https:\/\/raum-blick.de\/magazin\/wp-json\/wp\/v2\/posts"}],"about":[{"href":"https:\/\/raum-blick.de\/magazin\/wp-json\/wp\/v2\/types\/post"}],"author":[{"embeddable":true,"href":"https:\/\/raum-blick.de\/magazin\/wp-json\/wp\/v2\/users\/4"}],"replies":[{"embeddable":true,"href":"https:\/\/raum-blick.de\/magazin\/wp-json\/wp\/v2\/comments?post=10847"}],"version-history":[{"count":31,"href":"https:\/\/raum-blick.de\/magazin\/wp-json\/wp\/v2\/posts\/10847\/revisions"}],"predecessor-version":[{"id":20812,"href":"https:\/\/raum-blick.de\/magazin\/wp-json\/wp\/v2\/posts\/10847\/revisions\/20812"}],"wp:featuredmedia":[{"embeddable":true,"href":"https:\/\/raum-blick.de\/magazin\/wp-json\/wp\/v2\/media\/10873"}],"wp:attachment":[{"href":"https:\/\/raum-blick.de\/magazin\/wp-json\/wp\/v2\/media?parent=10847"}],"wp:term":[{"taxonomy":"category","embeddable":true,"href":"https:\/\/raum-blick.de\/magazin\/wp-json\/wp\/v2\/categories?post=10847"},{"taxonomy":"post_tag","embeddable":true,"href":"https:\/\/raum-blick.de\/magazin\/wp-json\/wp\/v2\/tags?post=10847"}],"curies":[{"name":"wp","href":"https:\/\/api.w.org\/{rel}","templated":true}]}}