{"id":10661,"date":"2020-05-25T08:58:36","date_gmt":"2020-05-25T06:58:36","guid":{"rendered":"https:\/\/www.raum-blick.de\/magazin\/?p=10661"},"modified":"2020-05-25T11:02:49","modified_gmt":"2020-05-25T09:02:49","slug":"cane-line-breeze","status":"publish","type":"post","link":"https:\/\/raum-blick.de\/magazin\/cane-line-breeze\/","title":{"rendered":"Cane-Line Breeze"},"content":{"rendered":"<h2><span class=\"ez-toc-section\" id=\"%C2%AB_Sommerliches_Durchatmen_mit_wundervollen_Gartenmoebeln_%C2%BB\"><\/span>\u00ab Sommerliches Durchatmen mit wundervollen Gartenm\u00f6beln \u00bb<span class=\"ez-toc-section-end\"><\/span><\/h2>\n<p style=\"text-align: justify;\"><strong>Die elegante Leichtigkeit erinnert an das sommerliche Lebensgef\u00fchl in Italien. Typisch skandinavisch ist das alltagstaugliche Designkonzept. Die Kollektion Breeze ist f\u00fcr den komfortablen Lifestyle im Freien geschaffen. Das Herz der Genie\u00dfer erobern nicht nur die Gartenm\u00f6bel. Gleiches gilt f\u00fcr die <\/strong><a href=\"https:\/\/www.raum-blick.de\/cane-line\/\"><strong>Accessoires von Cane-Line<\/strong><\/a><strong>. <\/strong><\/p>\n<h2><span class=\"ez-toc-section\" id=\"Bequeme_Augenschmeichler_aus_Daenemark\"><\/span>Bequeme Augenschmeichler aus D\u00e4nemark<span class=\"ez-toc-section-end\"><\/span><\/h2>\n<p style=\"text-align: justify;\">Ein gew\u00f6hnlicher Gartensessel ist der Cane-Line Breeze gewiss nicht. Mutig steht er zu seinen Ecken, Kanten und Asymmetrien. Designkenner sind auf der richtigen F\u00e4hrte, wenn sie spontan an M\u00f6bel der 1960er Jahre denken. Davon lie\u00df sich das Studio Strand + Hvass bei der skulpturalen Formgebung inspirieren.<\/p><div id=\"ez-toc-container\" class=\"ez-toc-v2_0_82_2 counter-hierarchy ez-toc-counter ez-toc-grey ez-toc-container-direction\">\n<div class=\"ez-toc-title-container\">\n<p class=\"ez-toc-title\" style=\"cursor:inherit\">Was hier auf Sie wartet<\/p>\n<span class=\"ez-toc-title-toggle\"><a href=\"#\" class=\"ez-toc-pull-right ez-toc-btn ez-toc-btn-xs ez-toc-btn-default ez-toc-toggle\" aria-label=\"Toggle Table of Content\"><span class=\"ez-toc-js-icon-con\"><span class=\"\"><span class=\"eztoc-hide\" style=\"display:none;\">Toggle<\/span><span class=\"ez-toc-icon-toggle-span\"><svg style=\"fill: #999;color:#999\" xmlns=\"http:\/\/www.w3.org\/2000\/svg\" class=\"list-377408\" width=\"20px\" height=\"20px\" viewBox=\"0 0 24 24\" fill=\"none\"><path d=\"M6 6H4v2h2V6zm14 0H8v2h12V6zM4 11h2v2H4v-2zm16 0H8v2h12v-2zM4 16h2v2H4v-2zm16 0H8v2h12v-2z\" fill=\"currentColor\"><\/path><\/svg><svg style=\"fill: #999;color:#999\" class=\"arrow-unsorted-368013\" xmlns=\"http:\/\/www.w3.org\/2000\/svg\" width=\"10px\" height=\"10px\" viewBox=\"0 0 24 24\" version=\"1.2\" baseProfile=\"tiny\"><path d=\"M18.2 9.3l-6.2-6.3-6.2 6.3c-.2.2-.3.4-.3.7s.1.5.3.7c.2.2.4.3.7.3h11c.3 0 .5-.1.7-.3.2-.2.3-.5.3-.7s-.1-.5-.3-.7zM5.8 14.7l6.2 6.3 6.2-6.3c.2-.2.3-.5.3-.7s-.1-.5-.3-.7c-.2-.2-.4-.3-.7-.3h-11c-.3 0-.5.1-.7.3-.2.2-.3.5-.3.7s.1.5.3.7z\"\/><\/svg><\/span><\/span><\/span><\/a><\/span><\/div>\n<nav><ul class='ez-toc-list ez-toc-list-level-1 ' ><li class='ez-toc-page-1 ez-toc-heading-level-2'><a class=\"ez-toc-link ez-toc-heading-1\" href=\"https:\/\/raum-blick.de\/magazin\/cane-line-breeze\/#%C2%AB_Sommerliches_Durchatmen_mit_wundervollen_Gartenmoebeln_%C2%BB\" >\u00ab Sommerliches Durchatmen mit wundervollen Gartenm\u00f6beln \u00bb<\/a><\/li><li class='ez-toc-page-1 ez-toc-heading-level-2'><a class=\"ez-toc-link ez-toc-heading-2\" href=\"https:\/\/raum-blick.de\/magazin\/cane-line-breeze\/#Bequeme_Augenschmeichler_aus_Daenemark\" >Bequeme Augenschmeichler aus D\u00e4nemark<\/a><\/li><li class='ez-toc-page-1 ez-toc-heading-level-2'><a class=\"ez-toc-link ez-toc-heading-3\" href=\"https:\/\/raum-blick.de\/magazin\/cane-line-breeze\/#Zuvorkommende_Designmoebel_fuers_private_Gartenparadies\" >Zuvorkommende Designm\u00f6bel f\u00fcrs private Gartenparadies<\/a><\/li><li class='ez-toc-page-1 ez-toc-heading-level-2'><a class=\"ez-toc-link ez-toc-heading-4\" href=\"https:\/\/raum-blick.de\/magazin\/cane-line-breeze\/#Ideenstifter_fuer_die_dynamische_Gartenlounge\" >Ideenstifter f\u00fcr die dynamische Gartenlounge<\/a><\/li><li class='ez-toc-page-1 ez-toc-heading-level-2'><a class=\"ez-toc-link ez-toc-heading-5\" href=\"https:\/\/raum-blick.de\/magazin\/cane-line-breeze\/#Lebensqualitaet_pur_%E2%80%93_rund_um_die_Uhr\" >Lebensqualit\u00e4t pur \u2013 rund um die Uhr<\/a><\/li><li class='ez-toc-page-1 ez-toc-heading-level-2'><a class=\"ez-toc-link ez-toc-heading-6\" href=\"https:\/\/raum-blick.de\/magazin\/cane-line-breeze\/#Schicke_Lebensbegleiter_fuers_ganze_Jahr\" >Schicke Lebensbegleiter f\u00fcrs ganze Jahr<\/a><\/li><\/ul><\/nav><\/div>\n\n<p><a href=\"https:\/\/www.raum-blick.de\/cane-line-breeze-highbacksessel\"><img loading=\"lazy\" decoding=\"async\" class=\"aligncenter wp-image-10702 size-full\" title=\"Cane-line Breeze Highbacksessel | Outdoorsessel | skandinavisches Design | nicht verstellbar\" src=\"https:\/\/www.raum-blick.de\/magazin\/wp-content\/uploads\/2020\/06\/cane-line-breeze-highbacksessel-1.jpg\" alt=\"cane-line-breeze-highbacksessel\" width=\"600\" height=\"600\" srcset=\"https:\/\/raum-blick.de\/magazin\/wp-content\/uploads\/2020\/06\/cane-line-breeze-highbacksessel-1.jpg 600w, https:\/\/raum-blick.de\/magazin\/wp-content\/uploads\/2020\/06\/cane-line-breeze-highbacksessel-1-300x300.jpg 300w, https:\/\/raum-blick.de\/magazin\/wp-content\/uploads\/2020\/06\/cane-line-breeze-highbacksessel-1-150x150.jpg 150w\" sizes=\"(max-width: 600px) 100vw, 600px\" \/><\/a><\/p>\n<p style=\"text-align: justify;\">Sie verleiht dem <a href=\"https:\/\/www.raum-blick.de\/cane-line-breeze-highbacksessel\">Highbacksessel Breeze<\/a> nicht nur seinen markanten Look. Abgeschr\u00e4gte Sitzfl\u00e4che, ausladende Armlehne und hohe R\u00fcckenpartie: All das ebnet der Bequemlichkeit den Weg. Die Symbiose aus vollendeter \u00c4sthetik und durchdachter Funktionalit\u00e4t ist typisch f\u00fcr den Stil von Christina Strand und Niels Hvass.<\/p>\n<p><a href=\"https:\/\/www.raum-blick.de\/cane-line-breeze-highbacksessel\"><img loading=\"lazy\" decoding=\"async\" class=\"aligncenter wp-image-10670 size-full\" title=\"Cane-line Breeze Highbacksessel | Outdoorsessel | wetterfest und UV-best\u00e4ndig\" src=\"https:\/\/www.raum-blick.de\/magazin\/wp-content\/uploads\/2020\/06\/cane-line-breeze-highbacksessel.jpg\" alt=\"cane-line-breeze-highbacksessel\" width=\"600\" height=\"575\" srcset=\"https:\/\/raum-blick.de\/magazin\/wp-content\/uploads\/2020\/06\/cane-line-breeze-highbacksessel.jpg 600w, https:\/\/raum-blick.de\/magazin\/wp-content\/uploads\/2020\/06\/cane-line-breeze-highbacksessel-300x288.jpg 300w\" sizes=\"(max-width: 600px) 100vw, 600px\" \/><\/a><\/p>\n<p style=\"text-align: justify;\">Sie lassen sich bei den Entw\u00fcrfen von urbanen Trends und der d\u00e4nischen Designkultur inspirieren. Mit Einrichtungsobjekten m\u00f6chte das Kopenhagener Kreativduo die Lebensbedingungen von Menschen verbessern. Auf die ansprechend gestaltete Umgebung bezieht sich das ebenso wie den Komfort. Das verdeutlichen die Cane-Line Breeze Gartenm\u00f6bel.<\/p>\n<h2><span class=\"ez-toc-section\" id=\"Zuvorkommende_Designmoebel_fuers_private_Gartenparadies\"><\/span>Zuvorkommende Designm\u00f6bel f\u00fcrs private Gartenparadies<span class=\"ez-toc-section-end\"><\/span><\/h2>\n<p style=\"text-align: justify;\">Unwiderstehlich sch\u00f6n ist das Sommerwetter. Die allt\u00e4glichen Handgriffe werden auf das Notwendige begrenzt. Eine knappe Stunde nach dem Aufstehen steuern Sie bestens gelaunt Ihren neuen Lieblingsplatz an. Es vergehen nur wenige Minuten bis zum beherzten Aufseufzen. Der Cane-Line Breeze wirbt geradewegs daf\u00fcr, mit ihm einen relaxten Urlaubstag im Garten zu verbringen. Gern nimmt man das Angebot an.<\/p>\n<p><a href=\"https:\/\/www.raum-blick.de\/cane-line-breeze-outdoor-hocker\"><img loading=\"lazy\" decoding=\"async\" class=\"aligncenter wp-image-10675 size-full\" title=\"Cane-line Breeze Outdoor Hocker | Erg\u00e4nzung zum Highbacksessel | Polyethylen-Sitz\" src=\"https:\/\/www.raum-blick.de\/magazin\/wp-content\/uploads\/2020\/06\/cane-line-breeze-outdoor-hocker.jpg\" alt=\"cane-line-breeze-outdoor-hocker\" width=\"600\" height=\"380\" srcset=\"https:\/\/raum-blick.de\/magazin\/wp-content\/uploads\/2020\/06\/cane-line-breeze-outdoor-hocker.jpg 600w, https:\/\/raum-blick.de\/magazin\/wp-content\/uploads\/2020\/06\/cane-line-breeze-outdoor-hocker-300x190.jpg 300w\" sizes=\"(max-width: 600px) 100vw, 600px\" \/><\/a><\/p>\n<p style=\"text-align: justify;\">Der Highbacksessel wird optimal positioniert. Der <a href=\"https:\/\/www.raum-blick.de\/cane-line-breeze-outdoor-hocker\">Outdoor-Hocker Breeze<\/a> gesellt sich hinzu. Schon gleicht das Ensemble einem Liegestuhl. Mit hochgelegten F\u00fc\u00dfen vergessen Sie beim Sonnenbad die Zeit. Erst der Durst bewegt zum flinken Abstecher ins Haus. Mit dem Getr\u00e4nk in der einen Hand kehren Sie auf die Terrasse zur\u00fcck. Die freie Hand gen\u00fcgt vollkommen, um sich den <a href=\"https:\/\/www.raum-blick.de\/cane-line-on-the-move-beistelltisch\">Beistelltisch On the move<\/a> zu schnappen. Er macht seinem Namen alle Ehre.<\/p>\n<p><a href=\"https:\/\/www.raum-blick.de\/cane-line-on-the-move-beistelltisch\"><img loading=\"lazy\" decoding=\"async\" class=\"aligncenter wp-image-10677 size-full\" title=\"Cane-line on the move Beistelltisch | Indoor und Outdoor geeignet | Design: Cane-line\" src=\"https:\/\/www.raum-blick.de\/magazin\/wp-content\/uploads\/2020\/06\/cane-line-on-the-move-beistelltisch.jpg\" alt=\"cane-line-on-the-move-beistelltisch\" width=\"600\" height=\"600\" srcset=\"https:\/\/raum-blick.de\/magazin\/wp-content\/uploads\/2020\/06\/cane-line-on-the-move-beistelltisch.jpg 600w, https:\/\/raum-blick.de\/magazin\/wp-content\/uploads\/2020\/06\/cane-line-on-the-move-beistelltisch-300x300.jpg 300w, https:\/\/raum-blick.de\/magazin\/wp-content\/uploads\/2020\/06\/cane-line-on-the-move-beistelltisch-150x150.jpg 150w\" sizes=\"(max-width: 600px) 100vw, 600px\" \/><\/a><\/p>\n<p style=\"text-align: justify;\">Clever integrierten die Designer mittig einen Griff. Das runde Multitalent ist dadurch enorm mobil. Bei der Ankunft am Gartensessel nimmt es hilfsbereit das Glas in Empfang. In diesem Moment danken Sie insgeheim der skandinavischen Marke. Durch ihre Gartenm\u00f6bel wird die kleinste Verschnaufpause zum gro\u00dfartigen Genusserlebnis.<\/p>\n<h2><span class=\"ez-toc-section\" id=\"Ideenstifter_fuer_die_dynamische_Gartenlounge\"><\/span>Ideenstifter f\u00fcr die dynamische Gartenlounge<span class=\"ez-toc-section-end\"><\/span><\/h2>\n<p style=\"text-align: justify;\">Cane-Line wirft rund drei\u00dfig Jahre Erfahrung beim M\u00f6beldesign in die Waagschale. Das spiegelt sich in den pfiffig konzipierten Produkten ebenso wider wie der Entwicklung innovativer Materialien. Sie sind das Geheimnis der Designlinie Breeze.<\/p>\n<blockquote>\n<p style=\"text-align: justify;\">Das Fasergeflecht aus Polyethylen ist robust, wetterfest und UV-best\u00e4ndig. Es passt sich flexibel dem K\u00f6rper an. So tr\u00e4gt das Gewebe zum Sitzkomfort bei.<\/p>\n<\/blockquote>\n<p style=\"text-align: justify;\">Der moderne Werkstoff ist nicht zuletzt ein Schl\u00fcsselelement der legeren Eleganz. Er verleiht der Gartenkollektion eine unvergleichliche Luftigkeit. Gekonnt verst\u00e4rkt das Designstudio den Aspekt mit dem grazil ausgef\u00fchrten Stahlrahmen. Der gewiefte Materialumgang z\u00e4hlt zu den St\u00e4rken der Marke.<\/p>\n<p><a href=\"https:\/\/www.raum-blick.de\/cane-line-divine-hocker\"><img loading=\"lazy\" decoding=\"async\" class=\"aligncenter wp-image-10680 size-full\" title=\"Cane-line Divine Outdoor Hocker | witterungsfest | Design: Cane-line Design Team\" src=\"https:\/\/www.raum-blick.de\/magazin\/wp-content\/uploads\/2020\/06\/cane-line-divine-hocker.jpg\" alt=\"cane-line-divine-hocker\" width=\"600\" height=\"600\" srcset=\"https:\/\/raum-blick.de\/magazin\/wp-content\/uploads\/2020\/06\/cane-line-divine-hocker.jpg 600w, https:\/\/raum-blick.de\/magazin\/wp-content\/uploads\/2020\/06\/cane-line-divine-hocker-300x300.jpg 300w, https:\/\/raum-blick.de\/magazin\/wp-content\/uploads\/2020\/06\/cane-line-divine-hocker-150x150.jpg 150w\" sizes=\"(max-width: 600px) 100vw, 600px\" \/><\/a><\/p>\n<p style=\"text-align: justify;\">Eine charmante H\u00e4keloptik pr\u00e4gen die <a href=\"https:\/\/www.raum-blick.de\/cane-line-divine-hocker\">Hocker Divine<\/a>. Sie sind trotzdem f\u00fcr die Outdoor-Nutzung geeignet. Gleiches gilt f\u00fcr die multifunktionalen <a href=\"https:\/\/www.raum-blick.de\/cane-line-soft-rope-korb\">Stoffk\u00f6rbe Rope<\/a>, die wie liebensw\u00fcrdige Handarbeiten wirken. Der Streifzug durch das Markenportfolio liefert die Gestaltungsideen auf dem Silbertablett. Ein Quartett der Highbacksessel und zwei Hocker aus der Serie Cane-Line Breeze bilden das Fundament. Sie versammeln sich um ein Trio der dynamischen Beistelltische. Schon laden die Gartenm\u00f6bel zu geselligen Plauderstunden ein.<\/p>\n<p><a href=\"https:\/\/www.raum-blick.de\/cane-line-soft-rope-korb\"><img loading=\"lazy\" decoding=\"async\" class=\"aligncenter wp-image-10683 size-full\" title=\"Cane-line Soft Rope Korb | Outdoor geeignet | UV-Best\u00e4ndig und antibakteriell\" src=\"https:\/\/www.raum-blick.de\/magazin\/wp-content\/uploads\/2020\/06\/cane-line-soft-rope-korb.jpg\" alt=\"cane-line-soft-rope-korb\" width=\"600\" height=\"430\" srcset=\"https:\/\/raum-blick.de\/magazin\/wp-content\/uploads\/2020\/06\/cane-line-soft-rope-korb.jpg 600w, https:\/\/raum-blick.de\/magazin\/wp-content\/uploads\/2020\/06\/cane-line-soft-rope-korb-300x215.jpg 300w\" sizes=\"(max-width: 600px) 100vw, 600px\" \/><\/a><\/p>\n<p style=\"text-align: justify;\">Auf der gegen\u00fcberliegenden Seite drapieren Sie locker die Allesk\u00f6nner mit H\u00e4kelh\u00fclle. Sitzkissen, Ablage oder Liegewiese: Ihre Rolle wird sich beim sommerlichen Lifestyle ergeben. Die mediterranen Lieblingsgew\u00e4chse nehmen die K\u00f6rbe in Empfang. Sie eignen sich wunderbar als Pflanzgef\u00e4\u00dfe. Anerkennend begutachten Sie die Terrassengestaltung: Sie wirkt wie das Werk professioneller Interieurdesigner. Dabei ergab sie sich fast automatisch.<\/p>\n<h2><span class=\"ez-toc-section\" id=\"Lebensqualitaet_pur_%E2%80%93_rund_um_die_Uhr\"><\/span>Lebensqualit\u00e4t pur \u2013 rund um die Uhr<span class=\"ez-toc-section-end\"><\/span><\/h2>\n<p style=\"text-align: justify;\">Bequeme Gartenm\u00f6bel, stilvolle Atmosph\u00e4re und frische Luft: Sobald die Sonne strahlt, stellt die Terrasse das Wohnzimmer in den Schatten. Das verleitet dazu, den gesamten Tag drau\u00dfen zu verbringen. Neigt er sich dem Ende, trennt man sich ungern von der Au\u00dfenlounge. Daf\u00fcr gibt es gl\u00fccklicherweise keinen Grund. An die abendlichen Intermezzi haben Sie beim Gestalten gedacht.<\/p>\n<p><a href=\"https:\/\/www.raum-blick.de\/cane-line-roll-barwagen-inkl.-teak-tischplatte\"><img loading=\"lazy\" decoding=\"async\" class=\"aligncenter wp-image-10687 size-full\" title=\"Cane-line Roll Barwagen inkl. Teak Tischplatte | Barwagen | Design: Duo Welling\/Ludvik\" src=\"https:\/\/www.raum-blick.de\/magazin\/wp-content\/uploads\/2020\/06\/cane-line-roll-barwagen-inkl-teak-tischplatte.jpg\" alt=\"cane-line-roll-barwagen-inkl-teak-tischplatte\" width=\"600\" height=\"585\" srcset=\"https:\/\/raum-blick.de\/magazin\/wp-content\/uploads\/2020\/06\/cane-line-roll-barwagen-inkl-teak-tischplatte.jpg 600w, https:\/\/raum-blick.de\/magazin\/wp-content\/uploads\/2020\/06\/cane-line-roll-barwagen-inkl-teak-tischplatte-300x293.jpg 300w\" sizes=\"(max-width: 600px) 100vw, 600px\" \/><\/a><\/p>\n<p style=\"text-align: justify;\">Neben der Terrassent\u00fcr wartet der <a href=\"https:\/\/www.raum-blick.de\/cane-line-roll-barwagen-inkl.-teak-tischplatte\">Barwagen Roll<\/a> darauf, seine Talente unter Beweis zu stellen. Er begleitet Sie in die K\u00fcche. Fr\u00fcchte, Antipasti und etwas Brot: Im Handumdrehen verwandelt sich die obere Ablage in ein kaltes Buffet. K\u00fchle Getr\u00e4nke schlichten Sie in der unteren Etage ein.<\/p>\n<p><a href=\"https:\/\/www.raum-blick.de\/cane-line-lighthouse\"><img loading=\"lazy\" decoding=\"async\" class=\"aligncenter wp-image-10689 size-full\" title=\"Cane-line Lighthouse Laternen | Material: pulverlackiertes Aluminium | Design: Cane-line Design Team\" src=\"https:\/\/www.raum-blick.de\/magazin\/wp-content\/uploads\/2020\/06\/cane-line-lighthouse.jpg\" alt=\"cane-line-lighthouse\" width=\"600\" height=\"600\" srcset=\"https:\/\/raum-blick.de\/magazin\/wp-content\/uploads\/2020\/06\/cane-line-lighthouse.jpg 600w, https:\/\/raum-blick.de\/magazin\/wp-content\/uploads\/2020\/06\/cane-line-lighthouse-300x300.jpg 300w, https:\/\/raum-blick.de\/magazin\/wp-content\/uploads\/2020\/06\/cane-line-lighthouse-150x150.jpg 150w\" sizes=\"(max-width: 600px) 100vw, 600px\" \/><\/a><\/p>\n<p style=\"text-align: justify;\">Kurz darauf bereichert der Servicewagen wieder die Outdoorlounge. Dort hat eine mitdenkende Fee bereits die Kerzen in den <a href=\"https:\/\/www.raum-blick.de\/cane-line-lighthouse\">Lighthouse Laternen<\/a> entz\u00fcndet. Sie durchbrechen nicht nur die Dunkelheit. Der sanft flackernde Kerzenschein beschert die Romantik, nach der man sich beim genussvollen Sommerabend sehnt.<\/p>\n<h2><span class=\"ez-toc-section\" id=\"Schicke_Lebensbegleiter_fuers_ganze_Jahr\"><\/span>Schicke Lebensbegleiter f\u00fcrs ganze Jahr<span class=\"ez-toc-section-end\"><\/span><\/h2>\n<p style=\"text-align: justify;\">Wohin mit dem Gartenequipment nach der Saison? Mit den Designkollektionen von Cane-Line erledigt sich die Frage von selbst. Die Breeze Highbacksessel und Outdoor-Hocker bleiben drau\u00dfen. Der rauen Witterung zeigen Ihre Gartenm\u00f6bel die kalte Schulter. Dar\u00fcber freuen Sie sich, wenn sonnige Wintertagen eine erquickende Teepause im Freien erm\u00f6glichen.<\/p>\n<p><a href=\"https:\/\/www.raum-blick.de\/cane-line-kissensatz-fuer-breeze-highbacksessel\"><img loading=\"lazy\" decoding=\"async\" class=\"aligncenter wp-image-10696 size-full\" title=\"Cane-line Kissensatz f\u00fcr Breeze Highbacksessel | Sesselkissen | Design: Strand + Hvass\" src=\"https:\/\/www.raum-blick.de\/magazin\/wp-content\/uploads\/2020\/06\/cane-line-kissensatz-fuer-breeze-highbacksessel.jpg\" alt=\"cane-line-kissensatz-fuer-breeze-highbacksessel\" width=\"600\" height=\"540\" srcset=\"https:\/\/raum-blick.de\/magazin\/wp-content\/uploads\/2020\/06\/cane-line-kissensatz-fuer-breeze-highbacksessel.jpg 600w, https:\/\/raum-blick.de\/magazin\/wp-content\/uploads\/2020\/06\/cane-line-kissensatz-fuer-breeze-highbacksessel-300x270.jpg 300w\" sizes=\"(max-width: 600px) 100vw, 600px\" \/><\/a><\/p>\n<p style=\"text-align: justify;\">Die gro\u00dfen H\u00e4kelkissen signieren das Wohnzimmer genauso gem\u00fctlich wie den Garten. Gleiches gilt f\u00fcr die Beistellm\u00f6bel und Kerzendeko. Agave, Zitrusgew\u00e4chs und Olivenb\u00e4umchen m\u00f6chten ohnehin drinnen \u00fcberwintern. Dank der h\u00fcbschen Flechtk\u00f6rbe sind sie schon salonf\u00e4hig. So ist der Umzug in die Wohnung rasch vollbracht, wenn das Wetter umschl\u00e4gt.<\/p>\n","protected":false},"excerpt":{"rendered":"<p>\u00ab Sommerliches Durchatmen mit wundervollen Gartenm\u00f6beln \u00bb Die elegante Leichtigkeit erinnert an das sommerliche Lebensgef\u00fchl in Italien. Typisch skandinavisch ist das alltagstaugliche Designkonzept. Die Kollektion Breeze ist f\u00fcr den komfortablen Lifestyle im Freien geschaffen. Das Herz der Genie\u00dfer erobern nicht nur die Gartenm\u00f6bel. Gleiches gilt f\u00fcr die Accessoires von Cane-Line. Bequeme Augenschmeichler aus D\u00e4nemark Ein [&hellip;]<\/p>\n","protected":false},"author":4,"featured_media":10663,"comment_status":"closed","ping_status":"open","sticky":false,"template":"","format":"standard","meta":{"_et_pb_use_builder":"","_et_pb_old_content":"","_et_gb_content_width":"","inline_featured_image":false,"footnotes":""},"categories":[6],"tags":[1128,615,790,1124,66,33,1126,345,1125,158,296,1127,223,54,57,658,327,1129],"class_list":["post-10661","post","type-post","status-publish","format-standard","has-post-thumbnail","hentry","category-draussen","tag-barwagen","tag-beistelltisch","tag-cane-line","tag-cane-line-breeze","tag-designmoebel","tag-garten","tag-gartenlounge","tag-gartenmoebel","tag-highbacksessel","tag-hocker","tag-kissen","tag-korb","tag-laternen","tag-lounge","tag-outdoor","tag-outdoormoebel","tag-sessel","tag-sesselkissen"],"_links":{"self":[{"href":"https:\/\/raum-blick.de\/magazin\/wp-json\/wp\/v2\/posts\/10661","targetHints":{"allow":["GET"]}}],"collection":[{"href":"https:\/\/raum-blick.de\/magazin\/wp-json\/wp\/v2\/posts"}],"about":[{"href":"https:\/\/raum-blick.de\/magazin\/wp-json\/wp\/v2\/types\/post"}],"author":[{"embeddable":true,"href":"https:\/\/raum-blick.de\/magazin\/wp-json\/wp\/v2\/users\/4"}],"replies":[{"embeddable":true,"href":"https:\/\/raum-blick.de\/magazin\/wp-json\/wp\/v2\/comments?post=10661"}],"version-history":[{"count":32,"href":"https:\/\/raum-blick.de\/magazin\/wp-json\/wp\/v2\/posts\/10661\/revisions"}],"predecessor-version":[{"id":10703,"href":"https:\/\/raum-blick.de\/magazin\/wp-json\/wp\/v2\/posts\/10661\/revisions\/10703"}],"wp:featuredmedia":[{"embeddable":true,"href":"https:\/\/raum-blick.de\/magazin\/wp-json\/wp\/v2\/media\/10663"}],"wp:attachment":[{"href":"https:\/\/raum-blick.de\/magazin\/wp-json\/wp\/v2\/media?parent=10661"}],"wp:term":[{"taxonomy":"category","embeddable":true,"href":"https:\/\/raum-blick.de\/magazin\/wp-json\/wp\/v2\/categories?post=10661"},{"taxonomy":"post_tag","embeddable":true,"href":"https:\/\/raum-blick.de\/magazin\/wp-json\/wp\/v2\/tags?post=10661"}],"curies":[{"name":"wp","href":"https:\/\/api.w.org\/{rel}","templated":true}]}}