{"id":10573,"date":"2020-05-13T14:11:56","date_gmt":"2020-05-13T12:11:56","guid":{"rendered":"https:\/\/www.raum-blick.de\/magazin\/?p=10573"},"modified":"2021-02-01T11:17:24","modified_gmt":"2021-02-01T10:17:24","slug":"fermob-luxembourg","status":"publish","type":"post","link":"https:\/\/raum-blick.de\/magazin\/fermob-luxembourg\/","title":{"rendered":"Fermob\u00a0Luxembourg"},"content":{"rendered":"<h2><span class=\"ez-toc-section\" id=\"%C2%AB_Stilikonen_unter_Gartenmoebeln_%C2%BB\"><\/span>\u00ab Stilikonen unter Gartenm\u00f6beln \u00bb<span class=\"ez-toc-section-end\"><\/span><\/h2>\n<p style=\"text-align: justify;\"><b><span data-contrast=\"auto\">Beim Verweilen auf der Bank bewundern Sie die kunstvoll angelegten Beete. Einheimische lernen Sie bei einer Schachpartie im Freien kennen. Es bestehen keine Zweifel: Die Parks kr\u00f6nen den Kurzurlaub in Paris, der sich leider nur in der Fantasie abspielt. Die Metropole l\u00e4sst sich nicht verlagern, aber das typische Flair. Daf\u00fcr sind die\u00a0<\/span><\/b><a href=\"https:\/\/www.raum-blick.de\/fermob\/\"><b><span data-contrast=\"none\">Fermob<\/span><\/b><b><span data-contrast=\"none\">\u00a0<\/span><\/b><b><span data-contrast=\"none\">Outdoor-M\u00f6bel Luxembourg<\/span><\/b><\/a><b><span data-contrast=\"auto\">\u00a0wie<\/span><\/b><b><span data-contrast=\"auto\"> geschaffen.<\/span><\/b><\/p>\n<h2><span class=\"ez-toc-section\" id=\"Symbol_der_Pariser_Lebensart\"><\/span><span data-contrast=\"auto\">Symbol der Pariser Lebensart<\/span><span class=\"ez-toc-section-end\"><\/span><\/h2>\n<p style=\"text-align: justify;\"><span data-contrast=\"auto\">Die Gestaltung verr\u00e4t, dass der Jardin du Luxembourg einst den Adligen vorbehalten war. Sie verleiht dem Spaziergang einen eleganten Touch, den das allt\u00e4gliche Treiben erfrischend kontrastiert: Jogger schnellen vorbei. Kinder erfreuen sich am Karussell. Familien plaudern fr\u00f6hlich beim Picknick. Im k\u00f6niglichen Palast tagt das Parlament. Davor laden Gartenst\u00fchle die Bev\u00f6lkerung zur Verschnaufpause ein. <\/span><span data-contrast=\"auto\">In den 1920ern tauchten die M\u00f6bel erstmals im Schlosspark auf. \u00dcber Jahrzehnte hinweg \u00fcbernahmen die st\u00e4dtischen Werkst\u00e4tten die Herstellung. Am Originaldesign hielten sie fest.<\/span><\/p><div id=\"ez-toc-container\" class=\"ez-toc-v2_0_82_2 counter-hierarchy ez-toc-counter ez-toc-grey ez-toc-container-direction\">\n<div class=\"ez-toc-title-container\">\n<p class=\"ez-toc-title\" style=\"cursor:inherit\">Was hier auf Sie wartet<\/p>\n<span class=\"ez-toc-title-toggle\"><a href=\"#\" class=\"ez-toc-pull-right ez-toc-btn ez-toc-btn-xs ez-toc-btn-default ez-toc-toggle\" aria-label=\"Toggle Table of Content\"><span class=\"ez-toc-js-icon-con\"><span class=\"\"><span class=\"eztoc-hide\" style=\"display:none;\">Toggle<\/span><span class=\"ez-toc-icon-toggle-span\"><svg style=\"fill: #999;color:#999\" xmlns=\"http:\/\/www.w3.org\/2000\/svg\" class=\"list-377408\" width=\"20px\" height=\"20px\" viewBox=\"0 0 24 24\" fill=\"none\"><path d=\"M6 6H4v2h2V6zm14 0H8v2h12V6zM4 11h2v2H4v-2zm16 0H8v2h12v-2zM4 16h2v2H4v-2zm16 0H8v2h12v-2z\" fill=\"currentColor\"><\/path><\/svg><svg style=\"fill: #999;color:#999\" class=\"arrow-unsorted-368013\" xmlns=\"http:\/\/www.w3.org\/2000\/svg\" width=\"10px\" height=\"10px\" viewBox=\"0 0 24 24\" version=\"1.2\" baseProfile=\"tiny\"><path d=\"M18.2 9.3l-6.2-6.3-6.2 6.3c-.2.2-.3.4-.3.7s.1.5.3.7c.2.2.4.3.7.3h11c.3 0 .5-.1.7-.3.2-.2.3-.5.3-.7s-.1-.5-.3-.7zM5.8 14.7l6.2 6.3 6.2-6.3c.2-.2.3-.5.3-.7s-.1-.5-.3-.7c-.2-.2-.4-.3-.7-.3h-11c-.3 0-.5.1-.7.3-.2.2-.3.5-.3.7s.1.5.3.7z\"\/><\/svg><\/span><\/span><\/span><\/a><\/span><\/div>\n<nav><ul class='ez-toc-list ez-toc-list-level-1 ' ><li class='ez-toc-page-1 ez-toc-heading-level-2'><a class=\"ez-toc-link ez-toc-heading-1\" href=\"https:\/\/raum-blick.de\/magazin\/fermob-luxembourg\/#%C2%AB_Stilikonen_unter_Gartenmoebeln_%C2%BB\" >\u00ab Stilikonen unter Gartenm\u00f6beln \u00bb<\/a><\/li><li class='ez-toc-page-1 ez-toc-heading-level-2'><a class=\"ez-toc-link ez-toc-heading-2\" href=\"https:\/\/raum-blick.de\/magazin\/fermob-luxembourg\/#Symbol_der_Pariser_Lebensart\" >Symbol der Pariser Lebensart<\/a><\/li><li class='ez-toc-page-1 ez-toc-heading-level-2'><a class=\"ez-toc-link ez-toc-heading-3\" href=\"https:\/\/raum-blick.de\/magazin\/fermob-luxembourg\/#Jubilaeumsausgabe_einer_Ikone\" >Jubil\u00e4umsausgabe einer Ikone<\/a><\/li><li class='ez-toc-page-1 ez-toc-heading-level-2'><a class=\"ez-toc-link ez-toc-heading-4\" href=\"https:\/\/raum-blick.de\/magazin\/fermob-luxembourg\/#Moderne_Gartenausstattung_mit_Vintage-Look\" >Moderne Gartenausstattung mit Vintage-Look<\/a><\/li><li class='ez-toc-page-1 ez-toc-heading-level-2'><a class=\"ez-toc-link ez-toc-heading-5\" href=\"https:\/\/raum-blick.de\/magazin\/fermob-luxembourg\/#Gartengestaltung_mit_Inspirationskraft\" >Gartengestaltung mit Inspirationskraft<\/a><\/li><li class='ez-toc-page-1 ez-toc-heading-level-2'><a class=\"ez-toc-link ez-toc-heading-6\" href=\"https:\/\/raum-blick.de\/magazin\/fermob-luxembourg\/#Wegbereiter_fuer_den_abwechslungsreichen_Sommer\" >Wegbereiter f\u00fcr den abwechslungsreichen Sommer<\/a><\/li><\/ul><\/nav><\/div>\n\n<p><a href=\"https:\/\/www.raum-blick.de\/fermob-luxembourg-gartenstuhl\"><img loading=\"lazy\" decoding=\"async\" class=\"aligncenter wp-image-10589 size-full\" title=\"Fermob \u2013 Luxembourg Gartenstuhl | stapelbarer Outdoorstuhl | Design: Fr\u00e9d\u00e9ric Sofia\" src=\"https:\/\/www.raum-blick.de\/magazin\/wp-content\/uploads\/2020\/06\/fermob-luxembourg-gartenstuhl.jpg\" alt=\"fermob-luxembourg-gartenstuhl\" width=\"600\" height=\"600\" srcset=\"https:\/\/raum-blick.de\/magazin\/wp-content\/uploads\/2020\/06\/fermob-luxembourg-gartenstuhl.jpg 600w, https:\/\/raum-blick.de\/magazin\/wp-content\/uploads\/2020\/06\/fermob-luxembourg-gartenstuhl-300x300.jpg 300w, https:\/\/raum-blick.de\/magazin\/wp-content\/uploads\/2020\/06\/fermob-luxembourg-gartenstuhl-150x150.jpg 150w\" sizes=\"(max-width: 600px) 100vw, 600px\" \/><\/a><\/p>\n<p style=\"text-align: justify;\"><span data-contrast=\"auto\">Die Gartenm\u00f6bel fanden rund um den Globus gro\u00dfen Anklang. Daran hat sich bis heute nichts ge\u00e4ndert. <\/span><span data-contrast=\"auto\">An den verschiedensten Orten der Welt charakterisiert der Designklassiker die Au\u00dfenanlage. Harvard Universit\u00e4t, Chicagoer Kunstinstitut und Stuttgarter Schloss sind daf\u00fcr nur ausgew\u00e4hlte Beispiele. Sinn f\u00fcr Tradition, gelebte Demokratie und kosmopolitische Lebensauffassung: Ger\u00e4t der Stuhl ins Blickfeld, reihen sich die angenehmen Assoziationen.<\/span><\/p>\n<h2><span class=\"ez-toc-section\" id=\"Jubilaeumsausgabe_einer_Ikone\"><\/span><span data-contrast=\"auto\">Jubil\u00e4umsausgabe einer Ikone<\/span><span class=\"ez-toc-section-end\"><\/span><\/h2>\n<p style=\"text-align: justify;\"><span data-contrast=\"auto\">Der origin\u00e4re Name der legend\u00e4ren Gartenm\u00f6bel verweist auf den franz\u00f6sischen Senat. Denn er beauftragt traditionell die Produktion. Seit dem Jahr 1990 setzt man auf\u00a0<\/span><span data-contrast=\"auto\">Fermob<\/span><span data-contrast=\"auto\">. Die Entscheidung war durchaus weise. Die Wurzeln der Designmarke reichen weit in die Vergangenheit zur\u00fcck.<\/span><\/p>\n<p><a href=\"https:\/\/www.raum-blick.de\/fermob-bistro-tisch-klappbar\"><img loading=\"lazy\" decoding=\"async\" class=\"aligncenter wp-image-10593 size-full\" title=\"Fermob \u2013 Bistrotisch | Klapptisch | f\u00fcr zwei Personen | UV-best\u00e4ndig\" src=\"https:\/\/www.raum-blick.de\/magazin\/wp-content\/uploads\/2020\/06\/fermob-bistro-tisch-klappbar.jpg\" alt=\"fermob-bistro-tisch-klappbar\" width=\"600\" height=\"600\" srcset=\"https:\/\/raum-blick.de\/magazin\/wp-content\/uploads\/2020\/06\/fermob-bistro-tisch-klappbar.jpg 600w, https:\/\/raum-blick.de\/magazin\/wp-content\/uploads\/2020\/06\/fermob-bistro-tisch-klappbar-300x300.jpg 300w, https:\/\/raum-blick.de\/magazin\/wp-content\/uploads\/2020\/06\/fermob-bistro-tisch-klappbar-150x150.jpg 150w\" sizes=\"(max-width: 600px) 100vw, 600px\" \/><\/a><\/p>\n<p style=\"text-align: justify;\"><span data-contrast=\"auto\">Ikonografisch sind die klappbaren Gartentische und St\u00fchle Bistro. Mit ihnen eroberte das Traditionsunternehmen 1953 erstmals den Markt der Outdoor-M\u00f6bel. Nach wie vor z\u00e4hlen sie zum erfolgreichen Sortiment. <\/span><span data-contrast=\"auto\">Passend zum 100. Geburtstag der Parkm\u00f6bel stellte <\/span><span data-contrast=\"auto\">Fermob<\/span><span data-contrast=\"auto\">\u00a0den\u00a0<\/span><a href=\"https:\/\/www.raum-blick.de\/fermob-luxembourg-gartenstuhl\"><span data-contrast=\"none\">Luxembourg Stuhl<\/span><\/a><span data-contrast=\"auto\"> vor. Er sieht seinem historischen Vorbild zum Verwechseln \u00e4hnlich. Damit w\u00fcrdigte Fr\u00e9d\u00e9ric Sofia die lange Vita und Bedeutung des Originals. Es geh\u00f6rt zu seiner Leidenschaft Archetypen respektvoll zu interpretieren.<\/span><\/p>\n<p><img loading=\"lazy\" decoding=\"async\" class=\"aligncenter wp-image-10586 size-full\" title=\"Fermob \u2013 Luxembourg Gartensessel | Armlehnen Outdoorstuhl | Design: Fr\u00e9d\u00e9ric Sofia\" src=\"https:\/\/www.raum-blick.de\/magazin\/wp-content\/uploads\/2020\/06\/fermob-luxembourg-gartensessel.jpg\" alt=\"fermob-luxembourg-gartensessel\" width=\"600\" height=\"600\" srcset=\"https:\/\/raum-blick.de\/magazin\/wp-content\/uploads\/2020\/06\/fermob-luxembourg-gartensessel.jpg 600w, https:\/\/raum-blick.de\/magazin\/wp-content\/uploads\/2020\/06\/fermob-luxembourg-gartensessel-300x300.jpg 300w, https:\/\/raum-blick.de\/magazin\/wp-content\/uploads\/2020\/06\/fermob-luxembourg-gartensessel-150x150.jpg 150w\" sizes=\"(max-width: 600px) 100vw, 600px\" \/><\/p>\n<p style=\"text-align: justify;\"><span data-contrast=\"auto\">Gef\u00fchlvoll ver\u00e4nderte der Designer die Formgebung, um den Sitzkomfort zu steigern. Die traditionelle Fertigung aus Stahl ist noch immer eine Option. Generell ist f\u00fcr den Jubil\u00e4umsentwurf aber leichtes und wetterbest\u00e4ndiges Aluminium vorgesehen.<\/span><\/p>\n<h2><span class=\"ez-toc-section\" id=\"Moderne_Gartenausstattung_mit_Vintage-Look\"><\/span><span data-contrast=\"auto\">Moderne Gartenausstattung mit Vintage-Look<\/span><span class=\"ez-toc-section-end\"><\/span><\/h2>\n<p style=\"text-align: justify;\"><span data-contrast=\"auto\">F\u00fcrs Jubil\u00e4umsmodell w\u00e4hlte\u00a0<\/span><span data-contrast=\"auto\">Fermob<\/span><span data-contrast=\"auto\">\u00a0Luxembourg als Produktname. Diese Entscheidung ist begr\u00fc\u00dfenswert. Ohnehin hatte sich die Bezeichnung schon f\u00fcr die Designlegende eingeb\u00fcrgert. Sie verweist au\u00dferdem direkt auf den wundervollen Ort in der franz\u00f6sischen Hauptstadt. So ergeben sich die Ideen f\u00fcr die private Gartengestaltung von selbst. Denn f\u00fcr\u00a0<\/span><span data-contrast=\"auto\">Parisfans<\/span><span data-contrast=\"auto\"> gibt es blendende Nachrichten: Der symboltr\u00e4chtige Stuhl ist nicht nur f\u00fcr jeden Designliebhaber zu haben. Um ihn rankt sich eine zeitlos schicke Kollektion. <\/span><span data-contrast=\"auto\">Der Produktdesigner interpretierte f\u00fcr\u00a0<\/span><span data-contrast=\"auto\">Fermob<\/span><span data-contrast=\"auto\">\u00a0den\u00a0<\/span><a href=\"https:\/\/www.raum-blick.de\/fermob-luxembourg-tisch-143-x-80-cm\"><span data-contrast=\"none\">Luxembourg als\u00a0<\/span><span data-contrast=\"none\">Gartent<\/span><span data-contrast=\"none\">isch<\/span><\/a><span data-contrast=\"auto\">.<\/span><\/p>\n<p><img loading=\"lazy\" decoding=\"async\" class=\"aligncenter wp-image-10580 size-full\" title=\"Fermob \u2013 Luxembourg Bank mit R\u00fcckenlehne | Farben: muskat, gewittergrau, kaktus\" src=\"https:\/\/www.raum-blick.de\/magazin\/wp-content\/uploads\/2020\/06\/fermob-luxembourg-sitzbank-mit-rueckenlehne.jpg\" alt=\"fermob-luxembourg-sitzbank-mit-rueckenlehne\" width=\"600\" height=\"580\" srcset=\"https:\/\/raum-blick.de\/magazin\/wp-content\/uploads\/2020\/06\/fermob-luxembourg-sitzbank-mit-rueckenlehne.jpg 600w, https:\/\/raum-blick.de\/magazin\/wp-content\/uploads\/2020\/06\/fermob-luxembourg-sitzbank-mit-rueckenlehne-300x290.jpg 300w\" sizes=\"(max-width: 600px) 100vw, 600px\" \/><\/p>\n<p style=\"text-align: justify;\"><span data-contrast=\"auto\">Eine\u00a0<\/span><span data-contrast=\"auto\">Gartenb<\/span><span data-contrast=\"auto\">a<\/span><span data-contrast=\"auto\">nk z\u00e4hl<\/span><span data-contrast=\"auto\">t<\/span><span data-contrast=\"auto\">\u00a0ebenfalls zur Serie. Sie kn\u00fcpf<\/span><span data-contrast=\"auto\">t<\/span><span data-contrast=\"auto\">\u00a0durchweg an der vertrauten Gestaltung mit Rohren und Latten an. Treu bleibt man au\u00dferdem der geschwungenen Formensprache.\u00a0<\/span><span data-contrast=\"auto\">Die\u00a0<\/span><span data-contrast=\"none\">Fermob<\/span><span data-contrast=\"none\">\u00a0Gartenbank<\/span><span data-contrast=\"auto\">\u00a0forciert die Funktionalit\u00e4t und tr\u00e4gt zur legeren Eleganz bei. Diese Melange ist seit Jahrzehnten das Geheimnis der Gartenm\u00f6bel. Bei ihrem Deb\u00fct 1923 legte man darauf wert, dass sich die M\u00f6bel harmonisch in die Parkgestaltung integrieren. Den Aspekt greift\u00a0<\/span><span data-contrast=\"auto\">Fermob<\/span><span data-contrast=\"auto\"> bei der Luxembourg-Designlinie mit Naturt\u00f6nen wie Kaktus, Muskat und Gewittergrau auf.<\/span><\/p>\n<h2><span class=\"ez-toc-section\" id=\"Gartengestaltung_mit_Inspirationskraft\"><\/span><span data-contrast=\"auto\">Gartengestaltung mit Inspirationskraft<\/span><span class=\"ez-toc-section-end\"><\/span><\/h2>\n<p style=\"text-align: justify;\"><span data-contrast=\"auto\">Neben den bunten Blumenbeeten drapieren Sie die <\/span><span data-contrast=\"auto\">Fermob<\/span><span data-contrast=\"auto\"> Luxembourg Bank f\u00fcr eine Pause an. Dadurch ergibt sich nicht nur ein R\u00fcckzugsort, um ungest\u00f6rt die Gedanken schweifen zu lassen. Der Au\u00dfenbereich wirkt wie eine Parkanlage. F\u00fcr die Terrasse w\u00e4hlen Sie einen gro\u00dfen Tisch und passende Aluminiumst\u00fchle. Damit ist der Treffpunkt f\u00fcr die ganze Familie er\u00f6ffnet.<\/span><\/p>\n<p><a href=\"https:\/\/www.raum-blick.de\/fermob-luxembourg-tisch-143-x-80-cm\"><img loading=\"lazy\" decoding=\"async\" class=\"aligncenter wp-image-10583 size-full\" title=\"Fermob \u2013 Luxembourg Tisch 143 x 80 cm | inkl. integrierter Sonnenschirm\u00f6ffnung | f\u00fcr 8-10 Personen\" src=\"https:\/\/www.raum-blick.de\/magazin\/wp-content\/uploads\/2020\/06\/fermob-luxembourg-tisch-143-x-80-cm.jpg\" alt=\"fermob-luxembourg-tisch-143-x-80-cm\" width=\"600\" height=\"520\" srcset=\"https:\/\/raum-blick.de\/magazin\/wp-content\/uploads\/2020\/06\/fermob-luxembourg-tisch-143-x-80-cm.jpg 600w, https:\/\/raum-blick.de\/magazin\/wp-content\/uploads\/2020\/06\/fermob-luxembourg-tisch-143-x-80-cm-300x260.jpg 300w\" sizes=\"(max-width: 600px) 100vw, 600px\" \/><\/a><\/p>\n<p style=\"text-align: justify;\"><span data-contrast=\"auto\">Kaum bereichern die M\u00f6bel von\u00a0<\/span><span data-contrast=\"auto\">Fermob<\/span><span data-contrast=\"auto\"> den Garten, ergeben sich die n\u00e4chsten Geistesblitze. Es w\u00e4re sch\u00f6n, das Szenario am Abend zu beleuchten. Im Portfolio der Marke findet sich daf\u00fcr schnell die geeignete Designidee.<\/span><\/p>\n<p><a href=\"https:\/\/www.raum-blick.de\/fermob-balad-leuchtengestell-senkrechter-fuss-gerade\"><img loading=\"lazy\" decoding=\"async\" class=\"aligncenter wp-image-10599 size-full\" title=\"Fermob Balad Gestell, gerade | f\u00fcr Balad LED Outdoor-Leuchte | Design: Tristan Lohner\" src=\"https:\/\/www.raum-blick.de\/magazin\/wp-content\/uploads\/2020\/06\/fermob-balad-leuchtengestell-senkrechter-fuss-gerade.jpg\" alt=\"fermob-balad-leuchtengestell-senkrechter-fuss-gerade\" width=\"600\" height=\"600\" srcset=\"https:\/\/raum-blick.de\/magazin\/wp-content\/uploads\/2020\/06\/fermob-balad-leuchtengestell-senkrechter-fuss-gerade.jpg 600w, https:\/\/raum-blick.de\/magazin\/wp-content\/uploads\/2020\/06\/fermob-balad-leuchtengestell-senkrechter-fuss-gerade-300x300.jpg 300w, https:\/\/raum-blick.de\/magazin\/wp-content\/uploads\/2020\/06\/fermob-balad-leuchtengestell-senkrechter-fuss-gerade-150x150.jpg 150w\" sizes=\"(max-width: 600px) 100vw, 600px\" \/><\/a><\/p>\n<p style=\"text-align: justify;\"><span data-contrast=\"auto\">Die Stehleuchte orientiert sich an historischen Stra\u00dfenlaternen im Empire-Stil. Das beschert Assoziationen mit \u00f6ffentlichen Lebensr\u00e4umen. Sie erg\u00e4nzt deshalb treffend die Outdoor-M\u00f6bel Luxembourg.<\/span><\/p>\n<p><a href=\"https:\/\/www.raum-blick.de\/fermob-moon-lampe\"><img loading=\"lazy\" decoding=\"async\" class=\"aligncenter wp-image-10597 size-full\" title=\"Fermob Moon! Leuchte | Akku Leuchte | Design: Tristan Lohner\" src=\"https:\/\/www.raum-blick.de\/magazin\/wp-content\/uploads\/2020\/06\/fermob-moon-lampe.jpg\" alt=\"fermob-moon-lampe\" width=\"600\" height=\"600\" srcset=\"https:\/\/raum-blick.de\/magazin\/wp-content\/uploads\/2020\/06\/fermob-moon-lampe.jpg 600w, https:\/\/raum-blick.de\/magazin\/wp-content\/uploads\/2020\/06\/fermob-moon-lampe-300x300.jpg 300w, https:\/\/raum-blick.de\/magazin\/wp-content\/uploads\/2020\/06\/fermob-moon-lampe-150x150.jpg 150w\" sizes=\"(max-width: 600px) 100vw, 600px\" \/><\/a><\/p>\n<p style=\"text-align: justify;\"><span data-contrast=\"auto\">Bei den Stehlampen in der Gartenanlage belassen Sie es nicht. Passende Tischleuchten<\/span><span data-contrast=\"auto\">, wie besonders die\u00a0<\/span><a href=\"https:\/\/www.raum-blick.de\/fermob-moon-lampe\"><span data-contrast=\"none\">Fermob<\/span><span data-contrast=\"none\">\u00a0Moon!<\/span><\/a><span data-contrast=\"auto\">\u00a0<\/span><span data-contrast=\"auto\">bereichern die Sitzgruppe. So ergibt sich ein flie\u00dfender \u00dcbergang zwischen der Begr\u00fcnung und der Terrasse.<\/span><\/p>\n<h2><span class=\"ez-toc-section\" id=\"Wegbereiter_fuer_den_abwechslungsreichen_Sommer\"><\/span><span data-contrast=\"auto\">Wegbereiter f\u00fcr den abwechslungsreichen Sommer<\/span><span class=\"ez-toc-section-end\"><\/span><\/h2>\n<p style=\"text-align: justify;\"><span data-contrast=\"auto\">Fermob<\/span><span data-contrast=\"auto\"> bietet Gartenm\u00f6bel an, die sich wie Puzzlest\u00fccke ins Leben integrieren. Das spiegelt sich nicht nur in einer Designsprache wider, die \u00fcber Generationen hinweg \u00fcberzeugt. Die ausgereifte Funktionalit\u00e4t wird der Philosophie gerecht, damit die M\u00f6bel rundum Freude bereiten. <\/span><span data-contrast=\"auto\">Durch die Historie erz\u00e4hlt die Produktserie spannende Geschichten, die das Flair indirekt aufwerten. Der Link zum Jardin du Luxembourg liefert\u00a0<\/span><span data-contrast=\"auto\">tolle<\/span><span data-contrast=\"auto\"> Ideen f\u00fcr die Au\u00dfengestaltung und Freizeitaktivit\u00e4ten am laufenden Band.<\/span><\/p>\n<p><a href=\"https:\/\/www.raum-blick.de\/fermob-luxembourg-tisch-80-x-80-cm\"><img loading=\"lazy\" decoding=\"async\" class=\"aligncenter wp-image-10603 size-full\" title=\"Fermob \u2013 Luxembourg Tisch | 80 x 80 cm | inkl. integrierter Sonnenschirm\u00f6ffnung | Design: Fr\u00e9d\u00e9ric Sofia\" src=\"https:\/\/www.raum-blick.de\/magazin\/wp-content\/uploads\/2020\/06\/fermob-luxembourg-tisch-80-x-80-cm.jpg\" alt=\"fermob-luxembourg-tisch-80-x-80-cm\" width=\"600\" height=\"667\" srcset=\"https:\/\/raum-blick.de\/magazin\/wp-content\/uploads\/2020\/06\/fermob-luxembourg-tisch-80-x-80-cm.jpg 600w, https:\/\/raum-blick.de\/magazin\/wp-content\/uploads\/2020\/06\/fermob-luxembourg-tisch-80-x-80-cm-270x300.jpg 270w\" sizes=\"(max-width: 600px) 100vw, 600px\" \/><\/a><\/p>\n<p style=\"text-align: justify;\"><span data-contrast=\"auto\">Wie w\u00e4re es mit einer Partie Boule? Warum kr\u00f6nt noch kein Wasserspiel die Atmosph\u00e4re? Wo k\u00f6nnte man einen romantischen Pavillon bauen? <\/span><span data-contrast=\"auto\">Bei derartigen Fragen bleibt es wahrscheinlich nicht. Stattdessen werden die Eingebungen in die Tat umgesetzt. So sorgen die Outdoor-M\u00f6bel nicht nur daf\u00fcr, dass der Lifestyle einen Hauch franz\u00f6sischer wird. Sie provozieren Erlebnisse, an die man sich gern erinnert. Genau darauf zielt die renommierte Marke ab. Die Gebrauchsobjekte werden zum Teil der pers\u00f6nlichen Lebensgeschichte. Das ist vermutlich der Motor des Erfolgs, mit dem die Pariser Stilikone seit \u00fcber hundert Jahren beeindruckt.<\/span><\/p>\n","protected":false},"excerpt":{"rendered":"<p>\u00ab Stilikonen unter Gartenm\u00f6beln \u00bb Beim Verweilen auf der Bank bewundern Sie die kunstvoll angelegten Beete. Einheimische lernen Sie bei einer Schachpartie im Freien kennen. Es bestehen keine Zweifel: Die Parks kr\u00f6nen den Kurzurlaub in Paris, der sich leider nur in der Fantasie abspielt. Die Metropole l\u00e4sst sich nicht verlagern, aber das typische Flair. Daf\u00fcr [&hellip;]<\/p>\n","protected":false},"author":4,"featured_media":10605,"comment_status":"closed","ping_status":"open","sticky":false,"template":"","format":"standard","meta":{"_et_pb_use_builder":"","_et_pb_old_content":"","_et_gb_content_width":"","inline_featured_image":false,"footnotes":""},"categories":[7],"tags":[1084,332,621,1104,33,1107,1109,345,1106,1105,1110,1088,1103,726,57,1108,544,1111,64,55,973],"class_list":["post-10573","post","type-post","status-publish","format-standard","has-post-thumbnail","hentry","category-accessoires-lifestyle","tag-armlehnensessel","tag-bank","tag-fermob","tag-fermobluxembourg","tag-garten","tag-gartenausstattung","tag-gartengestaltung","tag-gartenmoebel","tag-gartensessel","tag-gartenstuhl","tag-gartentisch","tag-leuchte","tag-luxembourg","tag-moebel","tag-outdoor","tag-rueckenlehne","tag-sommer","tag-sonnenschirmoeffnung","tag-stuehle","tag-tische","tag-vintage"],"_links":{"self":[{"href":"https:\/\/raum-blick.de\/magazin\/wp-json\/wp\/v2\/posts\/10573","targetHints":{"allow":["GET"]}}],"collection":[{"href":"https:\/\/raum-blick.de\/magazin\/wp-json\/wp\/v2\/posts"}],"about":[{"href":"https:\/\/raum-blick.de\/magazin\/wp-json\/wp\/v2\/types\/post"}],"author":[{"embeddable":true,"href":"https:\/\/raum-blick.de\/magazin\/wp-json\/wp\/v2\/users\/4"}],"replies":[{"embeddable":true,"href":"https:\/\/raum-blick.de\/magazin\/wp-json\/wp\/v2\/comments?post=10573"}],"version-history":[{"count":25,"href":"https:\/\/raum-blick.de\/magazin\/wp-json\/wp\/v2\/posts\/10573\/revisions"}],"predecessor-version":[{"id":12218,"href":"https:\/\/raum-blick.de\/magazin\/wp-json\/wp\/v2\/posts\/10573\/revisions\/12218"}],"wp:featuredmedia":[{"embeddable":true,"href":"https:\/\/raum-blick.de\/magazin\/wp-json\/wp\/v2\/media\/10605"}],"wp:attachment":[{"href":"https:\/\/raum-blick.de\/magazin\/wp-json\/wp\/v2\/media?parent=10573"}],"wp:term":[{"taxonomy":"category","embeddable":true,"href":"https:\/\/raum-blick.de\/magazin\/wp-json\/wp\/v2\/categories?post=10573"},{"taxonomy":"post_tag","embeddable":true,"href":"https:\/\/raum-blick.de\/magazin\/wp-json\/wp\/v2\/tags?post=10573"}],"curies":[{"name":"wp","href":"https:\/\/api.w.org\/{rel}","templated":true}]}}