{"id":10455,"date":"2020-04-22T09:09:32","date_gmt":"2020-04-22T07:09:32","guid":{"rendered":"https:\/\/www.raum-blick.de\/magazin\/?p=10455"},"modified":"2021-09-01T14:42:34","modified_gmt":"2021-09-01T12:42:34","slug":"terrassengestaltung-tipps","status":"publish","type":"post","link":"https:\/\/raum-blick.de\/magazin\/terrassengestaltung-tipps\/","title":{"rendered":"Tipps f\u00fcr die Terrassengestaltung"},"content":{"rendered":"<p style=\"text-align: justify;\"><strong>Sonne tanken, im Freien dinieren und das Homeoffice nach drau\u00dfen verlegen: Unendlich scheinen die Ideen, wie man die Zeit in der Outdoor-Lounge verbringen m\u00f6chte. Begrenzt ist der Platz. Moderne Gartenkollektionen erleichtern die Mission, eine vielseitige Terrasse zu gestalten. So wird das private Refugium allen Bed\u00fcrfnissen gerecht.<\/strong><\/p>\n<h2><span class=\"ez-toc-section\" id=\"Multifunktionales_Ensemble_fuer_Sonnenstunden_und_Genussmomente\"><\/span>Multifunktionales Ensemble f\u00fcr Sonnenstunden und Genussmomente<span class=\"ez-toc-section-end\"><\/span><\/h2>\n<p style=\"text-align: justify;\">Das Fr\u00fchjahrswetter l\u00e4dt mittags zum wohltuenden Sonnenbad ein. Der lauschige Sommerabend ist geschaffen f\u00fcr Drinks unterm Sternenhimmel. Am sch\u00f6nen Herbsttag ist die Terrasse ideal, um ungest\u00f6rt im Buch zu schm\u00f6kern. L\u00e4sst man den Gedanken freien Lauf, sind hochgesteckte Ziele vorprogrammiert. Denn rundum \u00fcberzeugt das Konzept nur, wenn die Terrassengestaltung zu vielen Ideen passt. Der erste Badeurlaub am Mittelmeer, die Wanderung zur Gartenwirtschaft oder das jugendliche Rendezvous in der stadtbekannten Eisdiele:<\/p><div id=\"ez-toc-container\" class=\"ez-toc-v2_0_82_2 counter-hierarchy ez-toc-counter ez-toc-grey ez-toc-container-direction\">\n<div class=\"ez-toc-title-container\">\n<p class=\"ez-toc-title\" style=\"cursor:inherit\">Was hier auf Sie wartet<\/p>\n<span class=\"ez-toc-title-toggle\"><a href=\"#\" class=\"ez-toc-pull-right ez-toc-btn ez-toc-btn-xs ez-toc-btn-default ez-toc-toggle\" aria-label=\"Toggle Table of Content\"><span class=\"ez-toc-js-icon-con\"><span class=\"\"><span class=\"eztoc-hide\" style=\"display:none;\">Toggle<\/span><span class=\"ez-toc-icon-toggle-span\"><svg style=\"fill: #999;color:#999\" xmlns=\"http:\/\/www.w3.org\/2000\/svg\" class=\"list-377408\" width=\"20px\" height=\"20px\" viewBox=\"0 0 24 24\" fill=\"none\"><path d=\"M6 6H4v2h2V6zm14 0H8v2h12V6zM4 11h2v2H4v-2zm16 0H8v2h12v-2zM4 16h2v2H4v-2zm16 0H8v2h12v-2z\" fill=\"currentColor\"><\/path><\/svg><svg style=\"fill: #999;color:#999\" class=\"arrow-unsorted-368013\" xmlns=\"http:\/\/www.w3.org\/2000\/svg\" width=\"10px\" height=\"10px\" viewBox=\"0 0 24 24\" version=\"1.2\" baseProfile=\"tiny\"><path d=\"M18.2 9.3l-6.2-6.3-6.2 6.3c-.2.2-.3.4-.3.7s.1.5.3.7c.2.2.4.3.7.3h11c.3 0 .5-.1.7-.3.2-.2.3-.5.3-.7s-.1-.5-.3-.7zM5.8 14.7l6.2 6.3 6.2-6.3c.2-.2.3-.5.3-.7s-.1-.5-.3-.7c-.2-.2-.4-.3-.7-.3h-11c-.3 0-.5.1-.7.3-.2.2-.3.5-.3.7s.1.5.3.7z\"\/><\/svg><\/span><\/span><\/span><\/a><\/span><\/div>\n<nav><ul class='ez-toc-list ez-toc-list-level-1 ' ><li class='ez-toc-page-1 ez-toc-heading-level-2'><a class=\"ez-toc-link ez-toc-heading-1\" href=\"https:\/\/raum-blick.de\/magazin\/terrassengestaltung-tipps\/#Multifunktionales_Ensemble_fuer_Sonnenstunden_und_Genussmomente\" >Multifunktionales Ensemble f\u00fcr Sonnenstunden und Genussmomente<\/a><\/li><li class='ez-toc-page-1 ez-toc-heading-level-2'><a class=\"ez-toc-link ez-toc-heading-2\" href=\"https:\/\/raum-blick.de\/magazin\/terrassengestaltung-tipps\/#Puristische_Sitzgruppe_mit_gemuetlichem_Akzent\" >Puristische Sitzgruppe mit gem\u00fctlichem Akzent<\/a><\/li><li class='ez-toc-page-1 ez-toc-heading-level-2'><a class=\"ez-toc-link ez-toc-heading-3\" href=\"https:\/\/raum-blick.de\/magazin\/terrassengestaltung-tipps\/#Harmonisierende_Lichtblicke_fuer_den_Aussenbereich\" >Harmonisierende Lichtblicke f\u00fcr den Au\u00dfenbereich<\/a><\/li><li class='ez-toc-page-1 ez-toc-heading-level-2'><a class=\"ez-toc-link ez-toc-heading-4\" href=\"https:\/\/raum-blick.de\/magazin\/terrassengestaltung-tipps\/#Farbstark_modern_und_praktisch_%E2%80%93_Dekoideen_mit_Blumen\" >Farbstark, modern und praktisch \u2013 Dekoideen mit Blumen<\/a><\/li><li class='ez-toc-page-1 ez-toc-heading-level-2'><a class=\"ez-toc-link ez-toc-heading-5\" href=\"https:\/\/raum-blick.de\/magazin\/terrassengestaltung-tipps\/#Zweite_Wohnlounge_auf_der_Terrasse\" >Zweite Wohnlounge auf der Terrasse<\/a><\/li><\/ul><\/nav><\/div>\n\n<p><a href=\"https:\/\/www.raum-blick.de\/fiam-spaghetti-liegestuhl\"><img loading=\"lazy\" decoding=\"async\" class=\"aligncenter wp-image-10489 size-full\" title=\"FIAM Armlehnensessel Spaghetti | Liegestuhl | Design: Francesco Favagrossa\" src=\"https:\/\/www.raum-blick.de\/magazin\/wp-content\/uploads\/2020\/05\/fiam-spaghetti-liegestuhl.jpg\" alt=\"fiam-spaghetti-liegestuhl-terrassengestaltung-tipps\" width=\"600\" height=\"600\" srcset=\"https:\/\/raum-blick.de\/magazin\/wp-content\/uploads\/2020\/05\/fiam-spaghetti-liegestuhl.jpg 600w, https:\/\/raum-blick.de\/magazin\/wp-content\/uploads\/2020\/05\/fiam-spaghetti-liegestuhl-300x300.jpg 300w, https:\/\/raum-blick.de\/magazin\/wp-content\/uploads\/2020\/05\/fiam-spaghetti-liegestuhl-150x150.jpg 150w\" sizes=\"(max-width: 600px) 100vw, 600px\" \/><\/a><\/p>\n<p style=\"text-align: justify;\">Ger\u00e4t der <a href=\"https:\/\/www.raum-blick.de\/fiam-spaghetti-liegestuhl\">Armlehnensessel Spaghetti von Fiam<\/a> ins Blickfeld, schwelgt man sofort in Erinnerungen. Sein Stil verweist auf Gartenm\u00f6bel, die in den 1980er Jahren die Terrassengestaltung pr\u00e4gten. Das Comeback tritt der Klassiker als Tausendsassa an. Vielf\u00e4ltig l\u00e4sst sich die Position der R\u00fcckenlehne variieren. Bei Bedarf bringt man das Fu\u00dfteil ins Spiel. Schon verwandelt sich der Gartensessel in einen Liegestuhl.<\/p>\n<p><a href=\"https:\/\/www.raum-blick.de\/fiam-club-colour-edition-beistelltisch\"><img loading=\"lazy\" decoding=\"async\" class=\"aligncenter wp-image-10493 size-full\" title=\"FIAM Club Beistelltisch Colour Edition | Design: Francesco Favagrossa\" src=\"https:\/\/www.raum-blick.de\/magazin\/wp-content\/uploads\/2020\/05\/FIAM-Club-Beistelltisch-Colour-Edition.jpg\" alt=\"FIAM Club Beistelltisch Colour Edition Terrassengestaltung\" width=\"600\" height=\"783\" srcset=\"https:\/\/raum-blick.de\/magazin\/wp-content\/uploads\/2020\/05\/FIAM-Club-Beistelltisch-Colour-Edition.jpg 600w, https:\/\/raum-blick.de\/magazin\/wp-content\/uploads\/2020\/05\/FIAM-Club-Beistelltisch-Colour-Edition-230x300.jpg 230w\" sizes=\"(max-width: 600px) 100vw, 600px\" \/><\/a><\/p>\n<p style=\"text-align: justify;\">Neben ihm bietet sich der <a href=\"https:\/\/www.raum-blick.de\/fiam-club-colour-edition-beistelltisch\">Club Beistelltisch<\/a> an, um B\u00fccher abzulegen oder Getr\u00e4nke zu servieren. Bequemer Platz an der Sonne, ruhige Leseecke und gem\u00fctliche Cocktail-Lounge: F\u00fcr all das gen\u00fcgen wenige <a href=\"https:\/\/www.raum-blick.de\/fiam\/\">Terrassenm\u00f6bel von Fiam<\/a>, die in Deutschland Jan Kurtz vertreibt.<\/p>\n<h2><span class=\"ez-toc-section\" id=\"Puristische_Sitzgruppe_mit_gemuetlichem_Akzent\"><\/span>Puristische Sitzgruppe mit gem\u00fctlichem Akzent<span class=\"ez-toc-section-end\"><\/span><\/h2>\n<p style=\"text-align: justify;\">Im strahlenden Wei\u00df pr\u00e4sentieren sich die kultigen Spaghettist\u00fchle. Gleiches gilt f\u00fcr den Beistelltisch der multifunktionalen Loungegruppe. Das Setting wirkt dadurch nicht nur modern. Es spricht nichts gegen die Idee, die Terrasse gro\u00dfz\u00fcgig zu m\u00f6blieren. Denn ihr luftiger Charakter bleibt durch die dezenten Gartenm\u00f6bel bewahrt.<\/p>\n<p><a href=\"https:\/\/www.raum-blick.de\/jan-kurtz-lux-stapelsessel\"><img loading=\"lazy\" decoding=\"async\" class=\"aligncenter wp-image-10497 size-full\" title=\"Jan Kurtz LUX Alu Stapelsessel | Outdoorm\u00f6bel | Design: Jan Kurtz\" src=\"https:\/\/www.raum-blick.de\/magazin\/wp-content\/uploads\/2020\/05\/jan-kurtz-lux-stapelsessel.jpg\" alt=\"jan-kurtz-lux-stapelsessel-terrassengestaltung-tipps\" width=\"600\" height=\"600\" srcset=\"https:\/\/raum-blick.de\/magazin\/wp-content\/uploads\/2020\/05\/jan-kurtz-lux-stapelsessel.jpg 600w, https:\/\/raum-blick.de\/magazin\/wp-content\/uploads\/2020\/05\/jan-kurtz-lux-stapelsessel-300x300.jpg 300w, https:\/\/raum-blick.de\/magazin\/wp-content\/uploads\/2020\/05\/jan-kurtz-lux-stapelsessel-150x150.jpg 150w\" sizes=\"(max-width: 600px) 100vw, 600px\" \/><\/a><\/p>\n<p style=\"text-align: justify;\">Wunderbar harmonieren die Stapelsessel Lux von Jan Kurtz mit dem Ansatz f\u00fcr die moderne Terrassengestaltung. Wei\u00dfe Fl\u00e4chen pr\u00e4gen die formal reduzierten Sitzgelegenheiten. Ansprechend kontrastieren die Armlehnen aus Teak den Purismus. Sie er\u00f6ffnen au\u00dferdem einen stilistischen Link zum <a href=\"https:\/\/www.raum-blick.de\/jan-kurtz-fiji-outdoor-beistelltisch\/klapptisch\">massiven Holztisch Fiji<\/a>.<\/p>\n<p><a href=\"https:\/\/www.raum-blick.de\/jan-kurtz-fiji-outdoor-beistelltisch\/klapptisch\"><img loading=\"lazy\" decoding=\"async\" class=\"aligncenter wp-image-10499 size-full\" title=\"Jan Kurtz Fiji Klapp-und Beistelltisch | Design: Jan Kurtz\" src=\"https:\/\/www.raum-blick.de\/magazin\/wp-content\/uploads\/2020\/05\/jan-kurtz-fiji-outdoor-beistelltisch-klapptisch.jpg\" alt=\"jan-kurtz-fiji-outdoor-beistelltisch-klapptisch-terrassengestaltung-tipps\" width=\"600\" height=\"600\" srcset=\"https:\/\/raum-blick.de\/magazin\/wp-content\/uploads\/2020\/05\/jan-kurtz-fiji-outdoor-beistelltisch-klapptisch.jpg 600w, https:\/\/raum-blick.de\/magazin\/wp-content\/uploads\/2020\/05\/jan-kurtz-fiji-outdoor-beistelltisch-klapptisch-300x300.jpg 300w, https:\/\/raum-blick.de\/magazin\/wp-content\/uploads\/2020\/05\/jan-kurtz-fiji-outdoor-beistelltisch-klapptisch-150x150.jpg 150w\" sizes=\"(max-width: 600px) 100vw, 600px\" \/><\/a><\/p>\n<p style=\"text-align: justify;\">Seine charismatische Maserung g\u00f6nnt den kulinarischen Momenten eine Prise Gem\u00fctlichkeit. Gen\u00fcgend Arbeitsfl\u00e4che bietet der Terrassentisch, um bei Sonnenschein das Homeoffice ins Freie zu verlegen. Dabei freut man sich \u00fcber die Bequemlichkeit der Gartensessel ebenso wie beim relaxten Schlemmen und Plaudern.<\/p>\n<h2><span class=\"ez-toc-section\" id=\"Harmonisierende_Lichtblicke_fuer_den_Aussenbereich\"><\/span>Harmonisierende Lichtblicke f\u00fcr den Au\u00dfenbereich<span class=\"ez-toc-section-end\"><\/span><\/h2>\n<p style=\"text-align: justify;\">Tags\u00fcber bewegt das Sonnenlicht den K\u00f6rper, selbst Vitamin D zu produzieren. Jederzeit belebt die frische Luft den Geist. Sie spricht daf\u00fcr, nach Sonnenuntergang drau\u00dfen zu bleiben. Dem Gedanken steht nichts im Weg, wenn man bei der Gestaltung an stimmungsvolle Lichtquellen denkt. Der technische Fortschritt erm\u00f6glicht es, ohne Stromanschluss die Beleuchtung auf der Terrasse zu gestalten. Designer steuern formsch\u00f6ne Entw\u00fcrfe bei, damit sich die Lampen geschmackvoll ins Szenario integrieren.<\/p>\n<p><a href=\"https:\/\/www.raum-blick.de\/fermob-balad-h38-lampe-gross\"><img loading=\"lazy\" decoding=\"async\" class=\"aligncenter wp-image-10480 size-full\" title=\"Fermob Lampe Balad H38 | LED-Outdoor Lampe | Design: Tristan Lohner\" src=\"https:\/\/www.raum-blick.de\/magazin\/wp-content\/uploads\/2020\/05\/fermob-balad-h38-lampe-gross.jpg\" alt=\"fermob-balad-h38-lampe-gross-terrassengestaltung-tipps\" width=\"600\" height=\"600\" srcset=\"https:\/\/raum-blick.de\/magazin\/wp-content\/uploads\/2020\/05\/fermob-balad-h38-lampe-gross.jpg 600w, https:\/\/raum-blick.de\/magazin\/wp-content\/uploads\/2020\/05\/fermob-balad-h38-lampe-gross-300x300.jpg 300w, https:\/\/raum-blick.de\/magazin\/wp-content\/uploads\/2020\/05\/fermob-balad-h38-lampe-gross-150x150.jpg 150w\" sizes=\"(max-width: 600px) 100vw, 600px\" \/><\/a><\/p>\n<p style=\"text-align: justify;\">An ihrem gebogenen Gestell erhellt die <a href=\"https:\/\/www.raum-blick.de\/fermob-balad-h38-lampe-gross\">Akkulampe Balad von Fermob<\/a> die Terrasse wie eine wohnliche Stehleuchte. Mit von der Partie ist sie beim abendlichen Streifzug durch den Garten oder Wald. Denn durch ihren Griff eignet sich die Au\u00dfenleuchte als Laterne.<\/p>\n<p><a href=\"https:\/\/www.raum-blick.de\/fatboy-edison-the-mini-3er-set\"><img loading=\"lazy\" decoding=\"async\" class=\"aligncenter wp-image-10483 size-full\" title=\"Fatboy - Edison the Mini | mini Akku-Leuchte im 3er Set | Design: Fatboy\" src=\"https:\/\/www.raum-blick.de\/magazin\/wp-content\/uploads\/2020\/05\/fatboy-edison-the-mini-3er-set.jpg\" alt=\"fatboy-edison-the-mini-3er-set\" width=\"600\" height=\"350\" srcset=\"https:\/\/raum-blick.de\/magazin\/wp-content\/uploads\/2020\/05\/fatboy-edison-the-mini-3er-set.jpg 600w, https:\/\/raum-blick.de\/magazin\/wp-content\/uploads\/2020\/05\/fatboy-edison-the-mini-3er-set-300x175.jpg 300w\" sizes=\"(max-width: 600px) 100vw, 600px\" \/><\/a><\/p>\n<p style=\"text-align: justify;\">Auf dem Hocker, Esstisch oder Blumenregal: Die <a href=\"https:\/\/www.raum-blick.de\/fatboy-edison-the-mini-3er-set\">akkubetriebene Edison von Fatboy<\/a> durchbricht nahezu \u00fcberall geschmackvoll das Dunkle. Willkommen ist deshalb das Set mit drei Exemplaren der Mini-Version. Kaum zu \u00fcberbieten ist der Romantikfaktor des Kerzenlichts.<\/p>\n<p><a href=\"https:\/\/www.raum-blick.de\/cane-line-lighthouse\"><img loading=\"lazy\" decoding=\"async\" class=\"aligncenter wp-image-10485 size-full\" title=\"Cane-line Lighthouse Laternen | Design: Cane-line Design Team\" src=\"https:\/\/www.raum-blick.de\/magazin\/wp-content\/uploads\/2020\/05\/cane-line-lighthouse.jpg\" alt=\"cane-line-lighthouse\" width=\"600\" height=\"300\" srcset=\"https:\/\/raum-blick.de\/magazin\/wp-content\/uploads\/2020\/05\/cane-line-lighthouse.jpg 600w, https:\/\/raum-blick.de\/magazin\/wp-content\/uploads\/2020\/05\/cane-line-lighthouse-300x150.jpg 300w\" sizes=\"(max-width: 600px) 100vw, 600px\" \/><\/a><\/p>\n<p style=\"text-align: justify;\">Bestens zur Geltung kommt es im <a href=\"https:\/\/www.raum-blick.de\/cane-line-lighthouse\">Lighthouse von Cane-Line<\/a>. Die dekorative Gartenlaterne \u00fcberl\u00e4sst dem Kerzenschein nicht nur das Rampenlicht. Ihr Korpus aus Teakholz verweist auf das Design der Terrassenm\u00f6bel. Gleiches gilt f\u00fcr die wei\u00dfen Akkuleuchten. So wirkt die Terrassengestaltung von der Grundausstattung bis zur Deko rundum harmonisch.<\/p>\n<h2><span class=\"ez-toc-section\" id=\"Farbstark_modern_und_praktisch_%E2%80%93_Dekoideen_mit_Blumen\"><\/span>Farbstark, modern und praktisch \u2013 Dekoideen mit Blumen<span class=\"ez-toc-section-end\"><\/span><\/h2>\n<p style=\"text-align: justify;\">Der puristischen \u00c4sthetik bleibt die moderne Terrassengestaltung konsequent treu. Das kommt dem unbeschwerten Flair zugute.<\/p>\n<p><a href=\"https:\/\/www.raum-blick.de\/pflanztasche-pot-50-l-bacsac\"><img loading=\"lazy\" decoding=\"async\" class=\"aligncenter wp-image-10470\" title=\"Pflanzsack Pot Bacsac | Volumen: 50 L | Design: Bacsac\" src=\"https:\/\/www.raum-blick.de\/magazin\/wp-content\/uploads\/2020\/05\/pflanztasche-pot-50-l-bacsac.jpg\" alt=\"pflanztasche-pot-50-l-bacsac\" width=\"500\" height=\"492\" srcset=\"https:\/\/raum-blick.de\/magazin\/wp-content\/uploads\/2020\/05\/pflanztasche-pot-50-l-bacsac.jpg 600w, https:\/\/raum-blick.de\/magazin\/wp-content\/uploads\/2020\/05\/pflanztasche-pot-50-l-bacsac-300x295.jpg 300w\" sizes=\"(max-width: 500px) 100vw, 500px\" \/><\/a><\/p>\n<p style=\"text-align: justify;\">Es erlaubt zudem eine Blumendeko mit lebensbejahendem Charakter. Mit starken Farben wie Orange, Indigoblau und Rot erfreuen die <a href=\"https:\/\/www.raum-blick.de\/pflanztasche-pot-50-l-bacsac\">Pflanztaschen Pot von Bacsac<\/a>. Darin werden sogar Gem\u00fcsestauden und K\u00fcchenkr\u00e4uter zum trendigen Blickfang.<\/p>\n<p><a href=\"https:\/\/www.raum-blick.de\/ferm-living-wallbox\"><img loading=\"lazy\" decoding=\"async\" class=\"aligncenter wp-image-10473 size-full\" title=\"ferm Living Wallbox | Aufbewahrungbox \/ Pflanzgef\u00e4\u00df | Design: ferm Living\" src=\"https:\/\/www.raum-blick.de\/magazin\/wp-content\/uploads\/2020\/05\/ferm-living-wallbox.jpg\" alt=\"ferm-living-wallbox\" width=\"500\" height=\"470\" srcset=\"https:\/\/raum-blick.de\/magazin\/wp-content\/uploads\/2020\/05\/ferm-living-wallbox.jpg 500w, https:\/\/raum-blick.de\/magazin\/wp-content\/uploads\/2020\/05\/ferm-living-wallbox-300x282.jpg 300w\" sizes=\"(max-width: 500px) 100vw, 500px\" \/><\/a><\/p>\n<p style=\"text-align: justify;\">Schlicht schick wirkt die <a href=\"https:\/\/www.raum-blick.de\/ferm-living-wallbox\">Kollektion Wallbox von ferm Living<\/a>. Sie eignet sich wunderbar f\u00fcr die auflockernde Begr\u00fcnung der Terrassenwand.<\/p>\n<p><img loading=\"lazy\" decoding=\"async\" class=\"aligncenter wp-image-10475 size-full\" title=\"Salonl\u00f6we Fu\u00dfmatte Maggio von Rosina Wachtmeister\" src=\"https:\/\/www.raum-blick.de\/magazin\/wp-content\/uploads\/2020\/05\/salonloewe-maggio-beige-rot-fussmatte.jpg\" alt=\"salonloewe-maggio-beige-rot-fussmatte\" width=\"600\" height=\"550\" srcset=\"https:\/\/raum-blick.de\/magazin\/wp-content\/uploads\/2020\/05\/salonloewe-maggio-beige-rot-fussmatte.jpg 600w, https:\/\/raum-blick.de\/magazin\/wp-content\/uploads\/2020\/05\/salonloewe-maggio-beige-rot-fussmatte-300x275.jpg 300w\" sizes=\"(max-width: 600px) 100vw, 600px\" \/><\/p>\n<p style=\"text-align: justify;\">Die Fu\u00dfmatte Maggio von Salonl\u00f6we bindet nicht nur den Schmutz vor der Terrassent\u00fcr. Kess gliedert sich der praktische Schmutzf\u00e4nger in die florale Au\u00dfengestaltung ein. Denn das Motiv gleicht einer kunterbunten Blumenwiese. F\u00fcr die geniale Idee zeichnet sich die Wiener K\u00fcnstlerin Rosina Wachtmeister verantwortlich.<\/p>\n<h2><span class=\"ez-toc-section\" id=\"Zweite_Wohnlounge_auf_der_Terrasse\"><\/span>Zweite Wohnlounge auf der Terrasse<span class=\"ez-toc-section-end\"><\/span><\/h2>\n<p style=\"text-align: justify;\">Die Terrassengestaltung \u00fcberzeugt mit ihrem hohem Komfort und legerem Flair. Sie stellt das Wohnzimmer in den Schatten, sobald das Wetter trocken ist. Das sch\u00fcrt den Wunsch, m\u00f6glichst lange drau\u00dfen zu verweilen. Der Traum erf\u00fcllt sich mit w\u00e4rmenden Upgrades schon im Fr\u00fchling.<\/p>\n<p><img loading=\"lazy\" decoding=\"async\" class=\"aligncenter wp-image-10462 size-full\" title=\"h\u00f6fats Bowl Feuerschale | mit Dreibein \/ Drahtfu\u00df\" src=\"https:\/\/www.raum-blick.de\/magazin\/wp-content\/uploads\/2020\/05\/hoefats-bowl-feuerschale.jpg\" alt=\"hoefats-bowl-feuerschale-terrassengestaltung-tipps\" width=\"600\" height=\"600\" srcset=\"https:\/\/raum-blick.de\/magazin\/wp-content\/uploads\/2020\/05\/hoefats-bowl-feuerschale.jpg 600w, https:\/\/raum-blick.de\/magazin\/wp-content\/uploads\/2020\/05\/hoefats-bowl-feuerschale-300x300.jpg 300w, https:\/\/raum-blick.de\/magazin\/wp-content\/uploads\/2020\/05\/hoefats-bowl-feuerschale-150x150.jpg 150w\" sizes=\"(max-width: 600px) 100vw, 600px\" \/><\/p>\n<p style=\"text-align: justify;\">Einem Allesk\u00f6nner gleicht die Feuerschale Bowl von h\u00f6fats. Passend zum Feierabend zaubert man das Zubeh\u00f6r hervor. Damit wird die Halbkugel aus Stahl zum Grill. Neigt sich das Barbecue dem Ende, kommt das Brennholz zum Zug. Schon verw\u00f6hnt ein aufregendes Flammenspiel die Sinne.<\/p>\n<p><a href=\"https:\/\/www.raum-blick.de\/eva-solo-heatup-terrassenwaermer\"><img loading=\"lazy\" decoding=\"async\" class=\"aligncenter wp-image-10464 size-full\" title=\"Eva Solo HeatUp Terrassenw\u00e4rmer | elektrischer Heizstrahler | Design: Tools\u00ae\" src=\"https:\/\/www.raum-blick.de\/magazin\/wp-content\/uploads\/2020\/05\/eva-solo-heatup-terrassenwaermer.jpg\" alt=\"eva-solo-heatup-terrassenwaermer\" width=\"600\" height=\"600\" srcset=\"https:\/\/raum-blick.de\/magazin\/wp-content\/uploads\/2020\/05\/eva-solo-heatup-terrassenwaermer.jpg 600w, https:\/\/raum-blick.de\/magazin\/wp-content\/uploads\/2020\/05\/eva-solo-heatup-terrassenwaermer-300x300.jpg 300w, https:\/\/raum-blick.de\/magazin\/wp-content\/uploads\/2020\/05\/eva-solo-heatup-terrassenwaermer-150x150.jpg 150w\" sizes=\"(max-width: 600px) 100vw, 600px\" \/><\/a><\/p>\n<p style=\"text-align: justify;\">Gen\u00fcgt das offene Feuer als W\u00e4rmequelle nicht, stellt der <a href=\"https:\/\/www.raum-blick.de\/eva-solo-heatup-terrassenwaermer\">Heat Up von Eva Solo<\/a> seine Talente unter Beweis. Binnen weniger Sekunden entfaltet der elektrische Heizstrahler seine volle Leistung. Abstrakt und modern skizziert sein Design eine Kaktee. So bereichert der Terrassenw\u00e4rmer die Gestaltung nicht nur \u00e4sthetisch. Durch ihn avanciert der Au\u00dfenbereich zum zweiten Salon der Wohnung. Das erweitert den Freiraum beim h\u00e4uslichen Lifestyle enorm.<\/p>\n","protected":false},"excerpt":{"rendered":"<p>Sonne tanken, im Freien dinieren und das Homeoffice nach drau\u00dfen verlegen: Unendlich scheinen die Ideen, wie man die Zeit in der Outdoor-Lounge verbringen m\u00f6chte. Begrenzt ist der Platz. Moderne Gartenkollektionen erleichtern die Mission, eine vielseitige Terrasse zu gestalten. So wird das private Refugium allen Bed\u00fcrfnissen gerecht. Multifunktionales Ensemble f\u00fcr Sonnenstunden und Genussmomente Das Fr\u00fchjahrswetter l\u00e4dt [&hellip;]<\/p>\n","protected":false},"author":4,"featured_media":10501,"comment_status":"closed","ping_status":"open","sticky":false,"template":"","format":"standard","meta":{"_et_pb_use_builder":"","_et_pb_old_content":"","_et_gb_content_width":"","inline_featured_image":false,"footnotes":""},"categories":[6],"tags":[645,1084,1089,1087,48,615,790,711,18,40,206,621,1092,1066,1090,740,1093,571,1051,1063,616,806,277,1088,1085,57,658,52,50,162,1086,94,1068,868,1083,1091],"class_list":["post-10455","post","type-post","status-publish","format-standard","has-post-thumbnail","hentry","category-draussen","tag-akku","tag-armlehnensessel","tag-aufbewahrungsbox","tag-aussenbereich","tag-bacsac","tag-beistelltisch","tag-cane-line","tag-dekoideen","tag-eva-solo","tag-fatboy","tag-ferm-living","tag-fermob","tag-feuerschale","tag-fiam","tag-fussmatte","tag-gestaltungsideen","tag-heizstrahler","tag-hoefats","tag-jan-kurtz","tag-klapptisch","tag-lampe","tag-laterne","tag-led","tag-leuchte","tag-liegestuhl","tag-outdoor","tag-outdoormoebel","tag-pflanzgefaesse","tag-pflanzsaecke","tag-salonloewe","tag-stapelsessel","tag-terrasse","tag-terrassengestaltung","tag-terrassenwaermer","tag-tipps","tag-wohnlounge"],"_links":{"self":[{"href":"https:\/\/raum-blick.de\/magazin\/wp-json\/wp\/v2\/posts\/10455","targetHints":{"allow":["GET"]}}],"collection":[{"href":"https:\/\/raum-blick.de\/magazin\/wp-json\/wp\/v2\/posts"}],"about":[{"href":"https:\/\/raum-blick.de\/magazin\/wp-json\/wp\/v2\/types\/post"}],"author":[{"embeddable":true,"href":"https:\/\/raum-blick.de\/magazin\/wp-json\/wp\/v2\/users\/4"}],"replies":[{"embeddable":true,"href":"https:\/\/raum-blick.de\/magazin\/wp-json\/wp\/v2\/comments?post=10455"}],"version-history":[{"count":36,"href":"https:\/\/raum-blick.de\/magazin\/wp-json\/wp\/v2\/posts\/10455\/revisions"}],"predecessor-version":[{"id":13761,"href":"https:\/\/raum-blick.de\/magazin\/wp-json\/wp\/v2\/posts\/10455\/revisions\/13761"}],"wp:featuredmedia":[{"embeddable":true,"href":"https:\/\/raum-blick.de\/magazin\/wp-json\/wp\/v2\/media\/10501"}],"wp:attachment":[{"href":"https:\/\/raum-blick.de\/magazin\/wp-json\/wp\/v2\/media?parent=10455"}],"wp:term":[{"taxonomy":"category","embeddable":true,"href":"https:\/\/raum-blick.de\/magazin\/wp-json\/wp\/v2\/categories?post=10455"},{"taxonomy":"post_tag","embeddable":true,"href":"https:\/\/raum-blick.de\/magazin\/wp-json\/wp\/v2\/tags?post=10455"}],"curies":[{"name":"wp","href":"https:\/\/api.w.org\/{rel}","templated":true}]}}