{"id":10362,"date":"2020-04-06T10:01:08","date_gmt":"2020-04-06T08:01:08","guid":{"rendered":"https:\/\/www.raum-blick.de\/magazin\/?p=10362"},"modified":"2024-08-27T11:52:37","modified_gmt":"2024-08-27T09:52:37","slug":"fiam-liegen","status":"publish","type":"post","link":"https:\/\/raum-blick.de\/magazin\/fiam-liegen\/","title":{"rendered":"FIAM Liegen"},"content":{"rendered":"<h2><span class=\"ez-toc-section\" id=\"%C2%AB_Jan_Kurtz_bringt_italienische_Gemuetlichkeit_nach_Deutschland_%C2%BB\"><\/span>\u00ab Jan Kurtz bringt italienische Gem\u00fctlichkeit nach Deutschland \u00bb<span class=\"ez-toc-section-end\"><\/span><\/h2>\n<p style=\"text-align: justify;\"><strong>Vortrefflich verstehen es Italiener, die Leichtigkeit des Seins auf hohem Niveau zu genie\u00dfen. Das spiegelt sich nicht nur in der Freizeitgestaltung und Kulinarik wider. Gleiches gilt f\u00fcr Gartenm\u00f6bel. Die komfortablen FIAM Liegen, die hierzulande <\/strong><a href=\"https:\/\/www.raum-blick.de\/jan-kurtz\/\"><strong>Jan Kurtz<\/strong><\/a><strong> vertreibt, sind daf\u00fcr gelungene Exempel. Zeitlos elegant integrieren sie sich ins Ensemble von <\/strong><a href=\"https:\/\/www.raum-blick.de\/outdoor-moebel\/\"><strong>Outdoorm\u00f6beln<\/strong><\/a><strong> und vergr\u00f6\u00dfern die Freude am Sonnenbad.<\/strong><\/p>\n<h2><span class=\"ez-toc-section\" id=\"Designlegende_fuer_Sonnenhungrige\"><\/span>Designlegende f\u00fcr Sonnenhungrige<span class=\"ez-toc-section-end\"><\/span><\/h2>\n<p style=\"text-align: justify;\">Man st\u00f6bert nach Gartenliegen f\u00fcr den Sommer. Die Gedanken driften aber ab. Vor dem inneren Auge erscheinen pl\u00f6tzlich die Szenarien vom letzten Strandurlaub im S\u00fcden. Eine Schl\u00fcsselrolle \u00fcbernehmen dabei die soeben erblickten Terrassenm\u00f6bel. Derartige Deja-vu-Erlebnisse sind kein Zufall. Sie sind vorprogrammiert, wenn man durch das Portfolio von <a href=\"https:\/\/www.raum-blick.de\/fiam\/\">FIAM<\/a> st\u00f6bert.<\/p><div id=\"ez-toc-container\" class=\"ez-toc-v2_0_82_2 counter-hierarchy ez-toc-counter ez-toc-grey ez-toc-container-direction\">\n<div class=\"ez-toc-title-container\">\n<p class=\"ez-toc-title\" style=\"cursor:inherit\">Was hier auf Sie wartet<\/p>\n<span class=\"ez-toc-title-toggle\"><a href=\"#\" class=\"ez-toc-pull-right ez-toc-btn ez-toc-btn-xs ez-toc-btn-default ez-toc-toggle\" aria-label=\"Toggle Table of Content\"><span class=\"ez-toc-js-icon-con\"><span class=\"\"><span class=\"eztoc-hide\" style=\"display:none;\">Toggle<\/span><span class=\"ez-toc-icon-toggle-span\"><svg style=\"fill: #999;color:#999\" xmlns=\"http:\/\/www.w3.org\/2000\/svg\" class=\"list-377408\" width=\"20px\" height=\"20px\" viewBox=\"0 0 24 24\" fill=\"none\"><path d=\"M6 6H4v2h2V6zm14 0H8v2h12V6zM4 11h2v2H4v-2zm16 0H8v2h12v-2zM4 16h2v2H4v-2zm16 0H8v2h12v-2z\" fill=\"currentColor\"><\/path><\/svg><svg style=\"fill: #999;color:#999\" class=\"arrow-unsorted-368013\" xmlns=\"http:\/\/www.w3.org\/2000\/svg\" width=\"10px\" height=\"10px\" viewBox=\"0 0 24 24\" version=\"1.2\" baseProfile=\"tiny\"><path d=\"M18.2 9.3l-6.2-6.3-6.2 6.3c-.2.2-.3.4-.3.7s.1.5.3.7c.2.2.4.3.7.3h11c.3 0 .5-.1.7-.3.2-.2.3-.5.3-.7s-.1-.5-.3-.7zM5.8 14.7l6.2 6.3 6.2-6.3c.2-.2.3-.5.3-.7s-.1-.5-.3-.7c-.2-.2-.4-.3-.7-.3h-11c-.3 0-.5.1-.7.3-.2.2-.3.5-.3.7s.1.5.3.7z\"\/><\/svg><\/span><\/span><\/span><\/a><\/span><\/div>\n<nav><ul class='ez-toc-list ez-toc-list-level-1 ' ><li class='ez-toc-page-1 ez-toc-heading-level-2'><a class=\"ez-toc-link ez-toc-heading-1\" href=\"https:\/\/raum-blick.de\/magazin\/fiam-liegen\/#%C2%AB_Jan_Kurtz_bringt_italienische_Gemuetlichkeit_nach_Deutschland_%C2%BB\" >\u00ab Jan Kurtz bringt italienische Gem\u00fctlichkeit nach Deutschland \u00bb<\/a><\/li><li class='ez-toc-page-1 ez-toc-heading-level-2'><a class=\"ez-toc-link ez-toc-heading-2\" href=\"https:\/\/raum-blick.de\/magazin\/fiam-liegen\/#Designlegende_fuer_Sonnenhungrige\" >Designlegende f\u00fcr Sonnenhungrige<\/a><\/li><li class='ez-toc-page-1 ez-toc-heading-level-2'><a class=\"ez-toc-link ez-toc-heading-3\" href=\"https:\/\/raum-blick.de\/magazin\/fiam-liegen\/#Fuer_jede_Situation_der_ideale_Platz_an_der_Sonne\" >F\u00fcr jede Situation der ideale Platz an der Sonne<\/a><\/li><li class='ez-toc-page-1 ez-toc-heading-level-2'><a class=\"ez-toc-link ez-toc-heading-4\" href=\"https:\/\/raum-blick.de\/magazin\/fiam-liegen\/#Qualitaetvoll_durchdacht_und_schick\" >Qualit\u00e4tvoll, durchdacht und schick<\/a><\/li><li class='ez-toc-page-1 ez-toc-heading-level-2'><a class=\"ez-toc-link ez-toc-heading-5\" href=\"https:\/\/raum-blick.de\/magazin\/fiam-liegen\/#Offen_fuers_massgeschneiderte_Feintuning\" >Offen f\u00fcrs ma\u00dfgeschneiderte Feintuning<\/a><\/li><li class='ez-toc-page-1 ez-toc-heading-level-2'><a class=\"ez-toc-link ez-toc-heading-6\" href=\"https:\/\/raum-blick.de\/magazin\/fiam-liegen\/#Inspirierende_Designkollektionen_fuer_die_Terrasse\" >Inspirierende Designkollektionen f\u00fcr die Terrasse<\/a><\/li><\/ul><\/nav><\/div>\n\n<p><a href=\"https:\/\/www.raum-blick.de\/fiam-samba-terrassenliege\"><img loading=\"lazy\" decoding=\"async\" class=\"aligncenter wp-image-10401 size-full\" title=\"FIAM Sonnenliege SAMBA Outdoor Liege | Design: Matthias Philipps\" src=\"https:\/\/www.raum-blick.de\/magazin\/wp-content\/uploads\/2020\/05\/fiam-samba-terrassenliege.jpg\" alt=\"fiam-samba-terrassenliege\" width=\"600\" height=\"600\" srcset=\"https:\/\/raum-blick.de\/magazin\/wp-content\/uploads\/2020\/05\/fiam-samba-terrassenliege.jpg 600w, https:\/\/raum-blick.de\/magazin\/wp-content\/uploads\/2020\/05\/fiam-samba-terrassenliege-300x300.jpg 300w, https:\/\/raum-blick.de\/magazin\/wp-content\/uploads\/2020\/05\/fiam-samba-terrassenliege-150x150.jpg 150w\" sizes=\"(max-width: 600px) 100vw, 600px\" \/><\/a><\/p>\n<p style=\"text-align: justify;\">Die ersten Kollektionen f\u00fcr den Lifestyle im Freien stellte das Familienunternehmen 1975 vor. Beim \u00e4sthetischen Design fokussierte man sich auf das Wesentliche. Nach dem Maximum strebte die lombardische Marke bei der Funktionalit\u00e4t und dem Komfort. Mit der Philosophie traf man damals wie heute ins Schwarze. Sie pr\u00e4gt richtungsweisende Klassiker, die viele Pools und Str\u00e4nde rund um den Globus s\u00e4umen.<\/p>\n<p><a href=\"https:\/\/www.raum-blick.de\/fiam-amigo-sonnenliege\"><img loading=\"lazy\" decoding=\"async\" class=\"aligncenter wp-image-10375 size-full\" title=\"FIAM Amigo Dreibeinliege | Sonnenliege | Design: Francesco Favagrossa\" src=\"https:\/\/www.raum-blick.de\/magazin\/wp-content\/uploads\/2020\/05\/fiam-amigo-sonnenliege.jpg\" alt=\"fiam-amigo-sonnenliege\" width=\"600\" height=\"600\" srcset=\"https:\/\/raum-blick.de\/magazin\/wp-content\/uploads\/2020\/05\/fiam-amigo-sonnenliege.jpg 600w, https:\/\/raum-blick.de\/magazin\/wp-content\/uploads\/2020\/05\/fiam-amigo-sonnenliege-300x300.jpg 300w, https:\/\/raum-blick.de\/magazin\/wp-content\/uploads\/2020\/05\/fiam-amigo-sonnenliege-150x150.jpg 150w\" sizes=\"(max-width: 600px) 100vw, 600px\" \/><\/a><\/p>\n<p style=\"text-align: justify;\">Das Sonnenbett Amigo ist daf\u00fcr ein exzellentes Beispiel, das der Markengr\u00fcnder Francesco Favagrossa entwarf. Vor mehr als zwei Jahrzehnten entschied sich Jan Kurtz f\u00fcr den Vertrieb der Gartenm\u00f6bel in Deutschland. Typisch ist die Konzeption mit drei Beinen. Sie lassen sich passend zur gew\u00fcnschten Liegeposition drapieren. \u00c4hnlich flexibel beugt sich die R\u00fcckenlehne den W\u00fcnschen der Sonnenanbeter. Das beschert eine individuelle Freiheit beim Relaxen, die kaum zu \u00fcberbieten ist.<\/p>\n<h2><span class=\"ez-toc-section\" id=\"Fuer_jede_Situation_der_ideale_Platz_an_der_Sonne\"><\/span>F\u00fcr jede Situation der ideale Platz an der Sonne<span class=\"ez-toc-section-end\"><\/span><\/h2>\n<p style=\"text-align: justify;\">\u00dcber eine gro\u00dfe Fangemeinde freut sich nicht nur die Dreibeinliege aus Italien. Gleiches gilt f\u00fcr andere Designklassiker von FIAM. Entspannt genie\u00dft man in der aufrechten Haltung die Aussicht. Bequem ruhen dabei die Beine auf der Liege.<\/p>\n<p><img loading=\"lazy\" decoding=\"async\" class=\"aligncenter wp-image-10370 size-full\" title=\"FIAM Alu Dreibeinliege Amigo Colour Edition | Sonnenliege | Design: Francesco Favagrossa\" src=\"https:\/\/www.raum-blick.de\/magazin\/wp-content\/uploads\/2020\/05\/fiam-amigo-colour-edition.jpg\" alt=\"fiam-amigo-colour-edition\" width=\"600\" height=\"440\" srcset=\"https:\/\/raum-blick.de\/magazin\/wp-content\/uploads\/2020\/05\/fiam-amigo-colour-edition.jpg 600w, https:\/\/raum-blick.de\/magazin\/wp-content\/uploads\/2020\/05\/fiam-amigo-colour-edition-300x220.jpg 300w\" sizes=\"(max-width: 600px) 100vw, 600px\" \/><\/p>\n<p style=\"text-align: justify;\">Etwas Schwung gen\u00fcgt. Schon ergibt sich die optimale Position f\u00fcrs wohltuende Nickerchen an der frischen Luft. Diese Spontanit\u00e4t ist das Erfolgsgeheimnis der FIAM Liege Samba. Schmal ist der geflieste Rand am Swimmingpool. \u00dcberschaubar f\u00e4llt der Platz im Kofferraum aus. Zu ihm passt kein sperriges Outdoor-Equipment.<\/p>\n<p><a href=\"https:\/\/www.raum-blick.de\/fiam-fiesta-sessel-colour-edition\"><img loading=\"lazy\" decoding=\"async\" class=\"aligncenter wp-image-10367 size-full\" title=\"FIAM Sessel FIESTA Colour Edition | Outdoor Sessel | Design: Francesco Favagrossa\" src=\"https:\/\/www.raum-blick.de\/magazin\/wp-content\/uploads\/2020\/05\/fiam-fiesta-sessel-colour-edition.jpg\" alt=\"fiam-fiesta-sessel-colour-edition\" width=\"600\" height=\"600\" srcset=\"https:\/\/raum-blick.de\/magazin\/wp-content\/uploads\/2020\/05\/fiam-fiesta-sessel-colour-edition.jpg 600w, https:\/\/raum-blick.de\/magazin\/wp-content\/uploads\/2020\/05\/fiam-fiesta-sessel-colour-edition-300x300.jpg 300w, https:\/\/raum-blick.de\/magazin\/wp-content\/uploads\/2020\/05\/fiam-fiesta-sessel-colour-edition-150x150.jpg 150w\" sizes=\"(max-width: 600px) 100vw, 600px\" \/><\/a><\/p>\n<p style=\"text-align: justify;\">Etwas Handliches w\u00fcnscht man sich auch beim Fu\u00dfweg zum Strand. Der italienische Spezialist f\u00fcr Gartenm\u00f6bel geht gekonnt auf derartige Situationen mit dem Sessel Fiesta und Strandstuhl Quick ein. Kompakt begleiten sie den Nutzer dorthin, wo er den Sommertag verbringen m\u00f6chte.<\/p>\n<p><img loading=\"lazy\" decoding=\"async\" class=\"aligncenter wp-image-10364 size-full\" title=\"FIAM Quick Strandstuhl | Outdoor geeignet\" src=\"https:\/\/www.raum-blick.de\/magazin\/wp-content\/uploads\/2020\/05\/fiam-strandstuhl-quick.jpg\" alt=\"fiam-strandstuhl-quick\" width=\"600\" height=\"600\" srcset=\"https:\/\/raum-blick.de\/magazin\/wp-content\/uploads\/2020\/05\/fiam-strandstuhl-quick.jpg 600w, https:\/\/raum-blick.de\/magazin\/wp-content\/uploads\/2020\/05\/fiam-strandstuhl-quick-300x300.jpg 300w, https:\/\/raum-blick.de\/magazin\/wp-content\/uploads\/2020\/05\/fiam-strandstuhl-quick-150x150.jpg 150w\" sizes=\"(max-width: 600px) 100vw, 600px\" \/><\/p>\n<h2><span class=\"ez-toc-section\" id=\"Qualitaetvoll_durchdacht_und_schick\"><\/span>Qualit\u00e4tvoll, durchdacht und schick<span class=\"ez-toc-section-end\"><\/span><\/h2>\n<p style=\"text-align: justify;\">Innovativ gibt sich der renommierte Hersteller auch bei der hochwertigen Verarbeitung. Vergleichsweise fr\u00fch setzte er auf rostfreies Metall beim Gestell. Offen ist FIAM bei den Liegen f\u00fcr neuartige Materialien, wenn sie die Qualit\u00e4t steigern. Modellunabh\u00e4ngig kommt Aluminium zum Zug, das leicht, robust und witterungsbest\u00e4ndig ist. Die Sonnenliege ist dadurch nicht nur langlebig. M\u00fchelos und kinderleicht l\u00e4sst sie sich transportieren. Beim Positionswechsel und Verstauen bew\u00e4hrt sich das klappbare Liegendesign. Texteline charakterisiert die Fl\u00e4chen der Gartenliegen.<\/p>\n<blockquote>\n<p style=\"text-align: justify;\">Das hochmoderne Gewebe ist f\u00fcr die Beanspruchungen im Freien gewappnet. Es ist au\u00dferdem atmungsaktiv und nachgiebig.<\/p>\n<\/blockquote>\n<p style=\"text-align: justify;\">So avanciert der Netzbezug zum Schl\u00fcsselelement f\u00fcr den Liegekomfort ohne verschwitzte R\u00fcckenpartie an hei\u00dfen Sommertagen. Der Outdoorm\u00f6bel-Spezialist gew\u00e4hrt nicht nur mit seiner Bandbreite an Modellen viel Raum f\u00fcr Individualit\u00e4t. Facettenreich ist auch die Farbpalette.<\/p>\n<p><a href=\"https:\/\/www.raum-blick.de\/fiam-fiesta-sessel\"><img loading=\"lazy\" decoding=\"async\" class=\"aligncenter wp-image-10398 size-full\" title=\"FIAM Sessel FIESTA | Outdoor Sessel | Design: Francesco Favagrossa\" src=\"https:\/\/www.raum-blick.de\/magazin\/wp-content\/uploads\/2020\/05\/fiam-fiesta-sessel.jpg\" alt=\"fiam-fiesta-sessel\" width=\"600\" height=\"600\" srcset=\"https:\/\/raum-blick.de\/magazin\/wp-content\/uploads\/2020\/05\/fiam-fiesta-sessel.jpg 600w, https:\/\/raum-blick.de\/magazin\/wp-content\/uploads\/2020\/05\/fiam-fiesta-sessel-300x300.jpg 300w, https:\/\/raum-blick.de\/magazin\/wp-content\/uploads\/2020\/05\/fiam-fiesta-sessel-150x150.jpg 150w\" sizes=\"(max-width: 600px) 100vw, 600px\" \/><\/a><\/p>\n<p style=\"text-align: justify;\">Wer aktuelle Gartentrends aufgreifen m\u00f6chte, freut sich beispielsweise \u00fcber die FIAM Liegen in Salbei oder Meerblau. Zu klassisch maritimen Gestaltungsideen passen die Varianten in Dunkelblau, Wei\u00df und Rot wunderbar. Dezente T\u00f6ne wie Silbergrau oder Taupe unterstreichen hingegen die moderne Eleganz der italienischen Liegen.<\/p>\n<h2><span class=\"ez-toc-section\" id=\"Offen_fuers_massgeschneiderte_Feintuning\"><\/span>Offen f\u00fcrs ma\u00dfgeschneiderte Feintuning<span class=\"ez-toc-section-end\"><\/span><\/h2>\n<p style=\"text-align: justify;\">Die FIAM Liegen punkten mit Grundkonzepten, die langfristig \u00fcberzeugen. Das Unternehmen erm\u00f6glicht zugleich, das Design f\u00fcr die pers\u00f6nlichen Bed\u00fcrfnisse zu optimieren. Etwas breiter pr\u00e4sentiert sich die Amigo in der Big Edition.<\/p>\n<p><a href=\"https:\/\/www.raum-blick.de\/fiam-amigo-big-colour-edition\"><img loading=\"lazy\" decoding=\"async\" class=\"aligncenter wp-image-10392 size-full\" title=\"FIAM Amigo BIG Sonnenliege Colour Edition | Design: Francesco Favagrossa\" src=\"https:\/\/www.raum-blick.de\/magazin\/wp-content\/uploads\/2020\/05\/fiam-amigo-big-colour-edition.jpg\" alt=\"fiam-amigo-big-colour-edition\" width=\"600\" height=\"600\" srcset=\"https:\/\/raum-blick.de\/magazin\/wp-content\/uploads\/2020\/05\/fiam-amigo-big-colour-edition.jpg 600w, https:\/\/raum-blick.de\/magazin\/wp-content\/uploads\/2020\/05\/fiam-amigo-big-colour-edition-300x300.jpg 300w, https:\/\/raum-blick.de\/magazin\/wp-content\/uploads\/2020\/05\/fiam-amigo-big-colour-edition-150x150.jpg 150w\" sizes=\"(max-width: 600px) 100vw, 600px\" \/><\/a><\/p>\n<p style=\"text-align: justify;\">H\u00f6her ausgef\u00fchrt ist die legend\u00e4re Sonnenliege bei der Produktserie 40-plus. Der K\u00f6rper freut sich \u00fcber die w\u00e4rmenden Sonnenstrahlen. Beim Blick auf das Buch sind sie hinderlich. Das Problem l\u00f6st der Sonnenschutz SUNTOP, der das Gesicht abschattet.<\/p>\n<p><a href=\"https:\/\/www.raum-blick.de\/fiam-suntop-sonnenschutz\"><img loading=\"lazy\" decoding=\"async\" class=\"aligncenter wp-image-10394 size-full\" title=\"FIAM Sonnenschutz SUNTOP | Sonnenliegen Zubeh\u00f6r | Design: Francesco Favagrossa\" src=\"https:\/\/www.raum-blick.de\/magazin\/wp-content\/uploads\/2020\/05\/fiam-suntop-sonnenschutz.jpg\" alt=\"fiam-suntop-sonnenschutz\" width=\"600\" height=\"600\" srcset=\"https:\/\/raum-blick.de\/magazin\/wp-content\/uploads\/2020\/05\/fiam-suntop-sonnenschutz.jpg 600w, https:\/\/raum-blick.de\/magazin\/wp-content\/uploads\/2020\/05\/fiam-suntop-sonnenschutz-300x300.jpg 300w, https:\/\/raum-blick.de\/magazin\/wp-content\/uploads\/2020\/05\/fiam-suntop-sonnenschutz-150x150.jpg 150w\" sizes=\"(max-width: 600px) 100vw, 600px\" \/><\/a><\/p>\n<p style=\"text-align: justify;\">Wer der Bequemlichkeit die Krone aufsetzen m\u00f6chte, trifft ebenfalls auf durchdachtes Zubeh\u00f6r. F\u00fcr das Dreibeinbett und die Liege Samba ist die Polsterauflage geeignet. Zu beiden Modellen passt au\u00dferdem die Nackenrolle.<\/p>\n<p><a href=\"https:\/\/www.raum-blick.de\/fiam-neck-nackenrolle\"><img loading=\"lazy\" decoding=\"async\" class=\"aligncenter wp-image-10381 size-full\" title=\"FIAM Nackenrolle Neck | Sonnenliegen Zubeh\u00f6r | Design: Francesco Favagrossa\" src=\"https:\/\/www.raum-blick.de\/magazin\/wp-content\/uploads\/2020\/05\/fiam-neck-nackenrolle.jpg\" alt=\"fiam-neck-nackenrolle\" width=\"600\" height=\"600\" srcset=\"https:\/\/raum-blick.de\/magazin\/wp-content\/uploads\/2020\/05\/fiam-neck-nackenrolle.jpg 600w, https:\/\/raum-blick.de\/magazin\/wp-content\/uploads\/2020\/05\/fiam-neck-nackenrolle-300x300.jpg 300w, https:\/\/raum-blick.de\/magazin\/wp-content\/uploads\/2020\/05\/fiam-neck-nackenrolle-150x150.jpg 150w\" sizes=\"(max-width: 600px) 100vw, 600px\" \/><\/a><\/p>\n<p style=\"text-align: justify;\">F\u00fcrs Erfrischungsgetr\u00e4nk oder als Sitzgelegenheit bieten sich die Hocker der Outdoor-Kollektion an. So bleibt unabh\u00e4ngig von den pers\u00f6nlichen Vorlieben beim sommerlichen Relaxen kein Wunsch unerf\u00fcllt.<\/p>\n<h2><span class=\"ez-toc-section\" id=\"Inspirierende_Designkollektionen_fuer_die_Terrasse\"><\/span>Inspirierende Designkollektionen f\u00fcr die Terrasse<span class=\"ez-toc-section-end\"><\/span><\/h2>\n<p style=\"text-align: justify;\">Deutsche Sonnenanbeter entdecken die FIAM Liegen im Sortiment von Jan Kurtz. Der Gr\u00fcnder des gleichnamigen Unternehmens versteht sich als Designverleger.<\/p>\n<blockquote>\n<p style=\"text-align: justify;\">Er interessiert sich f\u00fcr Einrichtungsideen mit puristisch akzentuierter \u00c4sthetik, die den Wohnkomfort sp\u00fcrbar steigern.<\/p>\n<\/blockquote>\n<p style=\"text-align: justify;\">Die s\u00fcddeutsche Designmarke verfolgt somit \u00e4hnliche Ziele wie ihr italienischer Kooperationspartner. Das kommt dem kreativen Kombinieren bei der Gartengestaltung entgegen. Denn die Kollektionen von Jan Kurtz harmonieren bestens mit den FIAM Liegen. Das betrifft den zeitlos schicken Designstil ebenso wie die ausgereifte Funktionalit\u00e4t.<\/p>\n<p><a href=\"https:\/\/www.raum-blick.de\/jan-kurtz-hawaii-sonnenschirm\"><img loading=\"lazy\" decoding=\"async\" class=\"aligncenter wp-image-10385 size-full\" title=\"Jan Kurtz Hawaii Sonnenschirm mit Fransen | bringt Urlaubsstimmung nach Hause\" src=\"https:\/\/www.raum-blick.de\/magazin\/wp-content\/uploads\/2020\/05\/jan-kurtz-hawaii-sonnenschirm.jpg\" alt=\"jan-kurtz-hawaii-sonnenschirm\" width=\"600\" height=\"600\" srcset=\"https:\/\/raum-blick.de\/magazin\/wp-content\/uploads\/2020\/05\/jan-kurtz-hawaii-sonnenschirm.jpg 600w, https:\/\/raum-blick.de\/magazin\/wp-content\/uploads\/2020\/05\/jan-kurtz-hawaii-sonnenschirm-300x300.jpg 300w, https:\/\/raum-blick.de\/magazin\/wp-content\/uploads\/2020\/05\/jan-kurtz-hawaii-sonnenschirm-150x150.jpg 150w\" sizes=\"(max-width: 600px) 100vw, 600px\" \/><\/a><\/p>\n<p style=\"text-align: justify;\">Wie ein Traumstrand wirkt die heimische Terrasse mit dem Sonnenschirm Hawaii. Das fransige Accessoire weckt Assoziationen mit Urlaubsparadiesen. Es ist durch die Fertigung aus Polyester f\u00fcr mitteleurop\u00e4ische Gefilde aber besser gewappnet als sein karibisches Vorbild.<\/p>\n<p><a href=\"https:\/\/www.raum-blick.de\/jan-kurtz-fill-up-schirmstaender\/pflanzgefaess\"><img loading=\"lazy\" decoding=\"async\" class=\"aligncenter wp-image-10387 size-full\" title=\"Jan Kurtz Schirmst\u00e4nder Fill Up \u00dcbertopf | Design: Sebastian Herkner\" src=\"https:\/\/www.raum-blick.de\/magazin\/wp-content\/uploads\/2020\/05\/jan-kurtz-fill-up-schirmstaender-pflanzgefaess.jpg\" alt=\"jan-kurtz-fill-up-schirmstaender-pflanzgefaess\" width=\"600\" height=\"600\" srcset=\"https:\/\/raum-blick.de\/magazin\/wp-content\/uploads\/2020\/05\/jan-kurtz-fill-up-schirmstaender-pflanzgefaess.jpg 600w, https:\/\/raum-blick.de\/magazin\/wp-content\/uploads\/2020\/05\/jan-kurtz-fill-up-schirmstaender-pflanzgefaess-300x300.jpg 300w, https:\/\/raum-blick.de\/magazin\/wp-content\/uploads\/2020\/05\/jan-kurtz-fill-up-schirmstaender-pflanzgefaess-150x150.jpg 150w\" sizes=\"(max-width: 600px) 100vw, 600px\" \/><\/a><\/p>\n<p style=\"text-align: justify;\">Gewitzt kombiniert der Designer Sebastian Herkner beim Gartenequipment Fill up den Schirmst\u00e4nder mit einem Pflanzgef\u00e4\u00df. Durch die eingef\u00fcllte Erde ergibt sich automatisch die ben\u00f6tigte Schwere, um den Sonnenschutz zu fixieren. Gleichzeitig wird das praktische Utensil zur bl\u00fchenden Dekoration, die beim Sonnenbad dem Auge schmeichelt.<\/p>\n","protected":false},"excerpt":{"rendered":"<p>\u00ab Jan Kurtz bringt italienische Gem\u00fctlichkeit nach Deutschland \u00bb Vortrefflich verstehen es Italiener, die Leichtigkeit des Seins auf hohem Niveau zu genie\u00dfen. Das spiegelt sich nicht nur in der Freizeitgestaltung und Kulinarik wider. Gleiches gilt f\u00fcr Gartenm\u00f6bel. Die komfortablen FIAM Liegen, die hierzulande Jan Kurtz vertreibt, sind daf\u00fcr gelungene Exempel. Zeitlos elegant integrieren sie sich [&hellip;]<\/p>\n","protected":false},"author":4,"featured_media":10372,"comment_status":"closed","ping_status":"open","sticky":false,"template":"","format":"standard","meta":{"_et_pb_use_builder":"","_et_pb_old_content":"","_et_gb_content_width":"","inline_featured_image":false,"footnotes":""},"categories":[6],"tags":[1073,1066,33,1051,1072,1075,57,607,327,1065,867,97,1074,94,1076,641],"class_list":["post-10362","post","type-post","status-publish","format-standard","has-post-thumbnail","hentry","category-draussen","tag-dreibeinliege","tag-fiam","tag-garten","tag-jan-kurtz","tag-liegen","tag-nackenrolle","tag-outdoor","tag-schirmstaender","tag-sessel","tag-sonnenliege","tag-sonnenschirm","tag-sonnenschutz","tag-strandstuhl","tag-terrasse","tag-uebertopf","tag-zubehoer"],"_links":{"self":[{"href":"https:\/\/raum-blick.de\/magazin\/wp-json\/wp\/v2\/posts\/10362","targetHints":{"allow":["GET"]}}],"collection":[{"href":"https:\/\/raum-blick.de\/magazin\/wp-json\/wp\/v2\/posts"}],"about":[{"href":"https:\/\/raum-blick.de\/magazin\/wp-json\/wp\/v2\/types\/post"}],"author":[{"embeddable":true,"href":"https:\/\/raum-blick.de\/magazin\/wp-json\/wp\/v2\/users\/4"}],"replies":[{"embeddable":true,"href":"https:\/\/raum-blick.de\/magazin\/wp-json\/wp\/v2\/comments?post=10362"}],"version-history":[{"count":28,"href":"https:\/\/raum-blick.de\/magazin\/wp-json\/wp\/v2\/posts\/10362\/revisions"}],"predecessor-version":[{"id":20677,"href":"https:\/\/raum-blick.de\/magazin\/wp-json\/wp\/v2\/posts\/10362\/revisions\/20677"}],"wp:featuredmedia":[{"embeddable":true,"href":"https:\/\/raum-blick.de\/magazin\/wp-json\/wp\/v2\/media\/10372"}],"wp:attachment":[{"href":"https:\/\/raum-blick.de\/magazin\/wp-json\/wp\/v2\/media?parent=10362"}],"wp:term":[{"taxonomy":"category","embeddable":true,"href":"https:\/\/raum-blick.de\/magazin\/wp-json\/wp\/v2\/categories?post=10362"},{"taxonomy":"post_tag","embeddable":true,"href":"https:\/\/raum-blick.de\/magazin\/wp-json\/wp\/v2\/tags?post=10362"}],"curies":[{"name":"wp","href":"https:\/\/api.w.org\/{rel}","templated":true}]}}