{"id":10328,"date":"2020-03-31T10:11:34","date_gmt":"2020-03-31T08:11:34","guid":{"rendered":"https:\/\/www.raum-blick.de\/magazin\/?p=10328"},"modified":"2021-11-29T10:39:20","modified_gmt":"2021-11-29T09:39:20","slug":"modernes-badezimmer-einrichten","status":"publish","type":"post","link":"https:\/\/raum-blick.de\/magazin\/modernes-badezimmer-einrichten\/","title":{"rendered":"Modernes Badezimmer einrichten"},"content":{"rendered":"<h2><span class=\"ez-toc-section\" id=\"%C2%AB_Das_Trend-Bad_mit_Stil_%C2%BB\"><\/span>\u00ab Das Trend-Bad mit Stil \u00bb<span class=\"ez-toc-section-end\"><\/span><\/h2>\n<p style=\"text-align: justify;\"><strong>Nat\u00fcrlich interpretierter Minimalismus, Industriestil mit einer Prise Behaglichkeit und farbenfroher Individualismus: So lassen sich die drei Wohntrends 2020 zusammenfassen. Es gen\u00fcgt, die zeitlose Grundausstattung mit ausdrucksvollen Extras aufzupeppen. Schon wirkt die private Wellnessoase modern. Daf\u00fcr bieten sich die <\/strong><a href=\"https:\/\/www.raum-blick.de\/zack\/\"><strong>Kollektionen aus Edelstahl von Zack<\/strong><\/a><strong>, Badm\u00f6bel aus Holz und ausgefallene Wohnaccessoires an. <\/strong><\/p>\n<h2><span class=\"ez-toc-section\" id=\"Funktionale_Ausstattung_mit_kuehler_Eleganz\"><\/span>Funktionale Ausstattung mit k\u00fchler Eleganz<span class=\"ez-toc-section-end\"><\/span><\/h2>\n<p style=\"text-align: justify;\">Architekten bevorzugen bei der Sanit\u00e4rausstattung seit Jahren neutrale Kollektionen. Sie \u00fcberzeugen nicht nur langfristig. Schnell l\u00e4sst sich das diskrete Setting in ein modernes Badezimmer verwandeln. Edelstahl harmoniert nicht nur wunderbar mit allen aktuellen Einrichtungsideen. Zack h\u00e4lt schon \u00fcber drei Jahrzehnte erfolgreich an dem Material fest. Es trotzt somit den saisonalen Modewellen. Das spricht daf\u00fcr, bei den unverzichtbaren Badaccessoires auf Edelstahl zu setzen. Raffiniert variiert die erfahrene Marke bei den Designlinien die Wirkung des industriellen Werkstoffs.<\/p><div id=\"ez-toc-container\" class=\"ez-toc-v2_0_82_2 counter-hierarchy ez-toc-counter ez-toc-grey ez-toc-container-direction\">\n<div class=\"ez-toc-title-container\">\n<p class=\"ez-toc-title\" style=\"cursor:inherit\">Was hier auf Sie wartet<\/p>\n<span class=\"ez-toc-title-toggle\"><a href=\"#\" class=\"ez-toc-pull-right ez-toc-btn ez-toc-btn-xs ez-toc-btn-default ez-toc-toggle\" aria-label=\"Toggle Table of Content\"><span class=\"ez-toc-js-icon-con\"><span class=\"\"><span class=\"eztoc-hide\" style=\"display:none;\">Toggle<\/span><span class=\"ez-toc-icon-toggle-span\"><svg style=\"fill: #999;color:#999\" xmlns=\"http:\/\/www.w3.org\/2000\/svg\" class=\"list-377408\" width=\"20px\" height=\"20px\" viewBox=\"0 0 24 24\" fill=\"none\"><path d=\"M6 6H4v2h2V6zm14 0H8v2h12V6zM4 11h2v2H4v-2zm16 0H8v2h12v-2zM4 16h2v2H4v-2zm16 0H8v2h12v-2z\" fill=\"currentColor\"><\/path><\/svg><svg style=\"fill: #999;color:#999\" class=\"arrow-unsorted-368013\" xmlns=\"http:\/\/www.w3.org\/2000\/svg\" width=\"10px\" height=\"10px\" viewBox=\"0 0 24 24\" version=\"1.2\" baseProfile=\"tiny\"><path d=\"M18.2 9.3l-6.2-6.3-6.2 6.3c-.2.2-.3.4-.3.7s.1.5.3.7c.2.2.4.3.7.3h11c.3 0 .5-.1.7-.3.2-.2.3-.5.3-.7s-.1-.5-.3-.7zM5.8 14.7l6.2 6.3 6.2-6.3c.2-.2.3-.5.3-.7s-.1-.5-.3-.7c-.2-.2-.4-.3-.7-.3h-11c-.3 0-.5.1-.7.3-.2.2-.3.5-.3.7s.1.5.3.7z\"\/><\/svg><\/span><\/span><\/span><\/a><\/span><\/div>\n<nav><ul class='ez-toc-list ez-toc-list-level-1 ' ><li class='ez-toc-page-1 ez-toc-heading-level-2'><a class=\"ez-toc-link ez-toc-heading-1\" href=\"https:\/\/raum-blick.de\/magazin\/modernes-badezimmer-einrichten\/#%C2%AB_Das_Trend-Bad_mit_Stil_%C2%BB\" >\u00ab Das Trend-Bad mit Stil \u00bb<\/a><\/li><li class='ez-toc-page-1 ez-toc-heading-level-2'><a class=\"ez-toc-link ez-toc-heading-2\" href=\"https:\/\/raum-blick.de\/magazin\/modernes-badezimmer-einrichten\/#Funktionale_Ausstattung_mit_kuehler_Eleganz\" >Funktionale Ausstattung mit k\u00fchler Eleganz<\/a><\/li><li class='ez-toc-page-1 ez-toc-heading-level-2'><a class=\"ez-toc-link ez-toc-heading-3\" href=\"https:\/\/raum-blick.de\/magazin\/modernes-badezimmer-einrichten\/#Softer_Purismus_mit_Naturakzenten\" >Softer Purismus mit Naturakzenten<\/a><\/li><li class='ez-toc-page-1 ez-toc-heading-level-2'><a class=\"ez-toc-link ez-toc-heading-4\" href=\"https:\/\/raum-blick.de\/magazin\/modernes-badezimmer-einrichten\/#Industrial_Look_mit_einem_Hauch_von_Luxus\" >Industrial Look mit einem Hauch von Luxus<\/a><\/li><li class='ez-toc-page-1 ez-toc-heading-level-2'><a class=\"ez-toc-link ez-toc-heading-5\" href=\"https:\/\/raum-blick.de\/magazin\/modernes-badezimmer-einrichten\/#Lebensbejahendes_Flair_mit_reichlich_Persoenlichkeit\" >Lebensbejahendes Flair mit reichlich Pers\u00f6nlichkeit<\/a><\/li><\/ul><\/nav><\/div>\n\n<p><a href=\"https:\/\/www.raum-blick.de\/zack-linea-toilettenbutler-edelstahl\"><img loading=\"lazy\" decoding=\"async\" class=\"aligncenter wp-image-10360 size-full\" title=\"Zack LINEA Toilettenbutler aus Edelstahl | poliert oder geb\u00fcrstet\" src=\"https:\/\/www.raum-blick.de\/magazin\/wp-content\/uploads\/2020\/05\/zack-linea-toilettenbutler-edelstahl.jpg\" alt=\"zack-linea-toilettenbutler-edelstahl\" width=\"600\" height=\"600\" srcset=\"https:\/\/raum-blick.de\/magazin\/wp-content\/uploads\/2020\/05\/zack-linea-toilettenbutler-edelstahl.jpg 600w, https:\/\/raum-blick.de\/magazin\/wp-content\/uploads\/2020\/05\/zack-linea-toilettenbutler-edelstahl-300x300.jpg 300w, https:\/\/raum-blick.de\/magazin\/wp-content\/uploads\/2020\/05\/zack-linea-toilettenbutler-edelstahl-150x150.jpg 150w\" sizes=\"(max-width: 600px) 100vw, 600px\" \/><\/a><\/p>\n<p style=\"text-align: justify;\">Angesagt ist derzeit \u00e4sthetische Klarheit f\u00fcr ein modernes Bad. Dazu passt die Produktserie Linea, bei der kantige Geometrie auf runde Details trifft. Das gilt insbesondere f\u00fcr die Designvarianten aus geb\u00fcrstetem Edelstahl. Zack gelingt es, simple Bed\u00fcrfnisse bei der Badezimmerausstattung ausgesprochen schick zu beantworten. Das offenbart ein Blick auf den <a href=\"https:\/\/www.raum-blick.de\/zack-linea-toilettenbutler-edelstahl\">Toilettenbutler Linea<\/a>. Griffbereit arrangiert er unverzichtbare Utensilien im Bad. Die freistehende Position ist ebenso ansprechend wie die hochwertige Verarbeitung. So avanciert das Grunds\u00e4tzliche zum stilistischen Statement.<\/p>\n<h2><span class=\"ez-toc-section\" id=\"Softer_Purismus_mit_Naturakzenten\"><\/span>Softer Purismus mit Naturakzenten<span class=\"ez-toc-section-end\"><\/span><\/h2>\n<p style=\"text-align: justify;\">Minimalistische Wohnideen relativieren angenehm die unz\u00e4hligen Impulse im Digitalzeitalter. Sie freuen sich deshalb seit einiger Zeit \u00fcber eine gro\u00dfe Fangemeinde. Der Ansatz bleibt f\u00fcr ein modernes Badezimmer im Rennen. Neu ist, dass man die Sachlichkeit weicher interpretiert. Das gelingt mit dem sanften Schwung organischer Formen. Auf die Natur verweisen die hellen Farbt\u00f6ne, Dekoration und Materialien. Sie lockern mit ihrer unterschiedlichen Haptik den ruhigen Gesamteindruck auf.<\/p>\n<p><a href=\"https:\/\/www.raum-blick.de\/verti-copenhagen-vertiplants-mini\"><img loading=\"lazy\" decoding=\"async\" class=\"aligncenter wp-image-10349 size-full\" title=\"VertiPlants Mini Wandblumentopf | Design: Rikke + Jens Raecke\" src=\"https:\/\/www.raum-blick.de\/magazin\/wp-content\/uploads\/2020\/05\/verti-copenhagen-vertiplants-mini.jpg\" alt=\"verti-copenhagen-vertiplants-mini\" width=\"600\" height=\"450\" srcset=\"https:\/\/raum-blick.de\/magazin\/wp-content\/uploads\/2020\/05\/verti-copenhagen-vertiplants-mini.jpg 600w, https:\/\/raum-blick.de\/magazin\/wp-content\/uploads\/2020\/05\/verti-copenhagen-vertiplants-mini-300x225.jpg 300w\" sizes=\"(max-width: 600px) 100vw, 600px\" \/><\/a><\/p>\n<p style=\"text-align: justify;\">Wer das Konzept umsetzen m\u00f6chte, trifft mit den <a href=\"https:\/\/www.raum-blick.de\/verti-copenhagen-vertiplants-mini\">Vertiplants<\/a> ins Schwarze. Die gerundeten <a href=\"https:\/\/www.raum-blick.de\/vertiplants\/\">Wandblument\u00f6pfe von Verti Copenhagen<\/a> erleichtern nicht nur die platzsparende Begr\u00fcnung. Sie ersetzen Badm\u00f6bel, weil sie sich f\u00fcr durchdachte Aufbewahrungssysteme eignen.<\/p>\n<p><a href=\"https:\/\/www.raum-blick.de\/decor-walther-utb-basket-utensilienbehaelter\"><img loading=\"lazy\" decoding=\"async\" class=\"aligncenter wp-image-10356 size-full\" title=\"Decor Walther Serie BASKET | Utensilienbox UTB | Material: Rattan\" src=\"https:\/\/www.raum-blick.de\/magazin\/wp-content\/uploads\/2020\/05\/decor-walther-utb-basket-utensilienbehaelter.jpg\" alt=\"decor-walther-utb-basket-utensilienbehaelter\" width=\"600\" height=\"600\" srcset=\"https:\/\/raum-blick.de\/magazin\/wp-content\/uploads\/2020\/05\/decor-walther-utb-basket-utensilienbehaelter.jpg 600w, https:\/\/raum-blick.de\/magazin\/wp-content\/uploads\/2020\/05\/decor-walther-utb-basket-utensilienbehaelter-300x300.jpg 300w, https:\/\/raum-blick.de\/magazin\/wp-content\/uploads\/2020\/05\/decor-walther-utb-basket-utensilienbehaelter-150x150.jpg 150w\" sizes=\"(max-width: 600px) 100vw, 600px\" \/><\/a><\/p>\n<p style=\"text-align: justify;\">Strukturvoll ist das Rattan, das <a href=\"https:\/\/www.raum-blick.de\/decor-walther\/\">Decor Walther<\/a> bei der Serie Basket ins Spiel bringt. Durch das Naturmaterial wirkt ein modernes Bad behaglicher. Die dekorative Signatur steigert zugleich den Komfort. Denn alle Badaccessoires kommen den allt\u00e4glichen Handgriffen entgegen.<\/p>\n<p><img loading=\"lazy\" decoding=\"async\" class=\"aligncenter wp-image-10352 size-full\" title=\"Pappelina Koi Teppich | Hochwertiger Outdoor-Teppich | Design: Lina Rickardsson\" src=\"https:\/\/www.raum-blick.de\/magazin\/wp-content\/uploads\/2020\/05\/pappelina-koi-teppich.jpg\" alt=\"pappelina-koi-teppich\" width=\"600\" height=\"600\" srcset=\"https:\/\/raum-blick.de\/magazin\/wp-content\/uploads\/2020\/05\/pappelina-koi-teppich.jpg 600w, https:\/\/raum-blick.de\/magazin\/wp-content\/uploads\/2020\/05\/pappelina-koi-teppich-300x300.jpg 300w, https:\/\/raum-blick.de\/magazin\/wp-content\/uploads\/2020\/05\/pappelina-koi-teppich-150x150.jpg 150w\" sizes=\"(max-width: 600px) 100vw, 600px\" \/><\/p>\n<p style=\"text-align: justify;\">Lina Rickardsson dachte beim Entwurf des Teppichs Koi f\u00fcr Pappelina an Fischschuppen. Mit ihm lassen sich geschickt abstrakte Naturbez\u00fcge in ein modernes Badezimmer integrieren. Geschmackvoll rundet eine Designvariante in Beige den harmonisierenden Einrichtungstrend ab.<\/p>\n<h2><span class=\"ez-toc-section\" id=\"Industrial_Look_mit_einem_Hauch_von_Luxus\"><\/span>Industrial Look mit einem Hauch von Luxus<span class=\"ez-toc-section-end\"><\/span><\/h2>\n<p style=\"text-align: justify;\">Zur gehobenen Eleganz tragen Blaut\u00f6ne, edle Eyecatcher und charaktervolles Massivholz bei. Es pr\u00e4sentiert sich naturbelassen oder geschw\u00e4rzt. Der Interieur-Trend thematisiert gleichzeitig Industriewerkstoffe wie Edelstahl, gr\u00fcnes Floatglas und grau akzentuierte Baustoffe. So ergibt sich ein anspruchsvoller Gesamteindruck mit pr\u00e4gnanten Kontrasten.<\/p>\n<p><a href=\"https:\/\/www.raum-blick.de\/skagerak-cutter-hocker\"><img loading=\"lazy\" decoding=\"async\" class=\"aligncenter wp-image-10342 size-full\" title=\"Skagerak Cutter Hocker | Design: Niels Hvass\" src=\"https:\/\/www.raum-blick.de\/magazin\/wp-content\/uploads\/2020\/05\/skagerak-cutter-hocker.jpg\" alt=\"skagerak-cutter-hocker\" width=\"600\" height=\"600\" srcset=\"https:\/\/raum-blick.de\/magazin\/wp-content\/uploads\/2020\/05\/skagerak-cutter-hocker.jpg 600w, https:\/\/raum-blick.de\/magazin\/wp-content\/uploads\/2020\/05\/skagerak-cutter-hocker-300x300.jpg 300w, https:\/\/raum-blick.de\/magazin\/wp-content\/uploads\/2020\/05\/skagerak-cutter-hocker-150x150.jpg 150w\" sizes=\"(max-width: 600px) 100vw, 600px\" \/><\/a><\/p>\n<p style=\"text-align: justify;\">Ein modernes Badezimmer in dem Stil pr\u00e4gen die <a href=\"https:\/\/www.raum-blick.de\/skagerak-cutter-hocker\">Cutter Hocker von Skagerak<\/a> treffend. Ihre sachliche Formgebung harmoniert mit dem industriellen Tenor der Einrichtungsidee. Geschickt geht ein Duo aus Eiche und geschw\u00e4rztem Holz auf die trendige Materialwahl ein. An hochwertiges Kristallglas erinnern die <a href=\"https:\/\/www.raum-blick.de\/kartell\/\">Badaccessoires aus Technopolymer von Kartell<\/a>. Das kommt dem Mix aus luxuri\u00f6ser Atmosph\u00e4re und Industriedesign entgegen, mit dem der Wohntrend begeistert.<\/p>\n<p><img loading=\"lazy\" decoding=\"async\" class=\"aligncenter wp-image-10346 size-full\" title=\"Kartell All Saints Wandspiegel | Design: Ludovica &amp; Roberto Palomba, 2013\" src=\"https:\/\/www.raum-blick.de\/magazin\/wp-content\/uploads\/2020\/05\/kartell-all-saints-spiegel-glasklar.jpg\" alt=\"kartell-all-saints-spiegel-glasklar\" width=\"600\" height=\"500\" srcset=\"https:\/\/raum-blick.de\/magazin\/wp-content\/uploads\/2020\/05\/kartell-all-saints-spiegel-glasklar.jpg 600w, https:\/\/raum-blick.de\/magazin\/wp-content\/uploads\/2020\/05\/kartell-all-saints-spiegel-glasklar-300x250.jpg 300w\" sizes=\"(max-width: 600px) 100vw, 600px\" \/><\/p>\n<p style=\"text-align: justify;\">Exquisit mutet der Wandspiegel All Saints an, obwohl er aus PMMA gefertigt ist. Praktisch sind die kristallklaren und gr\u00fcnlichen Beh\u00e4lter Boxy der italienischen Marke. Das Zubeh\u00f6r lockert das Badezimmer au\u00dferdem stilvoll auf. Gleiches gilt f\u00fcr die flauschigen Handt\u00fccher von <a href=\"https:\/\/www.raum-blick.de\/eva-solo\/\">Eva Solo<\/a>. Das skandinavische Label greift bei den Badtextilien passende Trendfarben wie Stahlblau und Graut\u00f6ne auf.<\/p>\n<h2><span class=\"ez-toc-section\" id=\"Lebensbejahendes_Flair_mit_reichlich_Persoenlichkeit\"><\/span>Lebensbejahendes Flair mit reichlich Pers\u00f6nlichkeit<span class=\"ez-toc-section-end\"><\/span><\/h2>\n<p style=\"text-align: justify;\">Der Zwischenstopp im Bad gleicht einer Entdeckungsreise. Hier hebt sich moderne Handwerkskunst hervor. Dort wecken M\u00f6bel mit extravaganter Form die Aufmerksamkeit. Kr\u00e4ftige Farben und avantgardistische Dessins runden die erquickende Atmosph\u00e4re ab. Der zeitgem\u00e4\u00dfen Interpretation des Boh\u00e8me-Stils stehen die Badaccessoires von ferm Living ausgesprochen gut. Die Designmarke misst dem traditionellen Handwerk eine gro\u00dfe Bedeutung bei. Deutlich distanzieren sich die aparten Entw\u00fcrfe vom Standard.<\/p>\n<p><img loading=\"lazy\" decoding=\"async\" class=\"aligncenter wp-image-10339 size-full\" title=\"ferm Living Badregal aus Messing \/ Metall | Design: ferm Living\" src=\"https:\/\/www.raum-blick.de\/magazin\/wp-content\/uploads\/2020\/05\/ferm-living-badregal.jpg\" alt=\"ferm-living-badregal\" width=\"600\" height=\"600\" srcset=\"https:\/\/raum-blick.de\/magazin\/wp-content\/uploads\/2020\/05\/ferm-living-badregal.jpg 600w, https:\/\/raum-blick.de\/magazin\/wp-content\/uploads\/2020\/05\/ferm-living-badregal-300x300.jpg 300w, https:\/\/raum-blick.de\/magazin\/wp-content\/uploads\/2020\/05\/ferm-living-badregal-150x150.jpg 150w\" sizes=\"(max-width: 600px) 100vw, 600px\" \/><\/p>\n<p style=\"text-align: justify;\">Bemerkenswert grazil wirkt das Badregal aus Messing. Seiner Luftigkeit schlie\u00dfen sich die Handtuchhalter und Toilettenpapierhalte der Designserie an. Passend dazu schmeichelt der Schmuckst\u00e4nder Obu dem Auge, der abstrakt einen Baum skizziert. Das Objekt ist nicht nur dekorativ. Zuvorkommend nimmt es die Ketten und Ringe entgegen, die man im Badezimmer ablegt.<\/p>\n<p><img loading=\"lazy\" decoding=\"async\" class=\"aligncenter wp-image-10332 size-full\" title=\"ferm Living Obu Jewellery Stand | Schmuckst\u00e4nder | Design: ferm Living\" src=\"https:\/\/www.raum-blick.de\/magazin\/wp-content\/uploads\/2020\/05\/ferm-living-ou-jewellery-stand-schmuckstaender.jpg\" alt=\"ferm-living-ou-jewellery-stand-schmuckstaender\" width=\"600\" height=\"600\" srcset=\"https:\/\/raum-blick.de\/magazin\/wp-content\/uploads\/2020\/05\/ferm-living-ou-jewellery-stand-schmuckstaender.jpg 600w, https:\/\/raum-blick.de\/magazin\/wp-content\/uploads\/2020\/05\/ferm-living-ou-jewellery-stand-schmuckstaender-300x300.jpg 300w, https:\/\/raum-blick.de\/magazin\/wp-content\/uploads\/2020\/05\/ferm-living-ou-jewellery-stand-schmuckstaender-150x150.jpg 150w\" sizes=\"(max-width: 600px) 100vw, 600px\" \/><\/p>\n<p style=\"text-align: justify;\">Mit ausgefallenen Fu\u00dfmatten begeistert Salonl\u00f6we. Es spricht nichts dagegen, den hochwertigen Heimtextilien eine neue Funktion zuzuordnen. K\u00fcnstlerisch wirkt das Design der <a href=\"https:\/\/www.raum-blick.de\/salonloewe-broken-dots-colourful-fussmatte\">rutschfesten Matte Dots Colourful<\/a>. Sie eignet sich wunderbar als Badteppich und peppt farbenfroh das Ambiente auf.<\/p>\n<p><a href=\"https:\/\/www.raum-blick.de\/salonloewe-broken-dots-colourful-fussmatte\"><img loading=\"lazy\" decoding=\"async\" class=\"aligncenter wp-image-10334 size-full\" title=\"Salonl\u00f6we Broken Dots Colourful | Fu\u00dfmatte | bei 40\u00b0 waschbar | Design: Salonl\u00f6we\" src=\"https:\/\/www.raum-blick.de\/magazin\/wp-content\/uploads\/2020\/05\/salonloewe-broken-dots-colourful-fussmatte.jpg\" alt=\"salonloewe-broken-dots-colourful-fussmatte\" width=\"600\" height=\"600\" srcset=\"https:\/\/raum-blick.de\/magazin\/wp-content\/uploads\/2020\/05\/salonloewe-broken-dots-colourful-fussmatte.jpg 600w, https:\/\/raum-blick.de\/magazin\/wp-content\/uploads\/2020\/05\/salonloewe-broken-dots-colourful-fussmatte-300x300.jpg 300w, https:\/\/raum-blick.de\/magazin\/wp-content\/uploads\/2020\/05\/salonloewe-broken-dots-colourful-fussmatte-150x150.jpg 150w\" sizes=\"(max-width: 600px) 100vw, 600px\" \/><\/a><\/p>\n<p style=\"text-align: justify;\">F\u00fcr Einrichtungsaccessoires der besonderen Art wird <a href=\"https:\/\/www.raum-blick.de\/petite-friture-francis-spiegel\">der Spiegel Petite Friture<\/a> gesch\u00e4tzt. Aus der Feder von Constance Guisset stammt die Spiegelkollektion Francis. Beim Entwurf lie\u00df sich die franz\u00f6sische Designerin von historischen Vorbildern im venezianischen Stil inspirieren. Umfangreiche Experimente mit Pigmenten und Wasser stecken hinter dem Dekor am Rand. Er deutet die Verf\u00e4rbungen an, die antike Kristallspiegel charakterisieren. Dadurch ergibt sich nicht nur ein nostalgischer Akzent, der zugleich modern anmutet.<\/p>\n<p><a href=\"https:\/\/www.raum-blick.de\/petite-friture-francis-spiegel\"><img loading=\"lazy\" decoding=\"async\" class=\"aligncenter wp-image-10336 size-full\" title=\"Petite Friture Francis Spiegel | venezianischer Stil | Design: Constance Guisset\" src=\"https:\/\/www.raum-blick.de\/magazin\/wp-content\/uploads\/2020\/05\/petite-friture-francis-spiegel.jpg\" alt=\"petite-friture-francis-spiegel\" width=\"600\" height=\"600\" srcset=\"https:\/\/raum-blick.de\/magazin\/wp-content\/uploads\/2020\/05\/petite-friture-francis-spiegel.jpg 600w, https:\/\/raum-blick.de\/magazin\/wp-content\/uploads\/2020\/05\/petite-friture-francis-spiegel-300x300.jpg 300w, https:\/\/raum-blick.de\/magazin\/wp-content\/uploads\/2020\/05\/petite-friture-francis-spiegel-150x150.jpg 150w\" sizes=\"(max-width: 600px) 100vw, 600px\" \/><\/a><\/p>\n<p style=\"text-align: justify;\">Die Verzierung \u00fcbertr\u00e4gt sich durch die Reflexion auf den Raum. So avanciert der Badspiegel zur lebendigen Kunst, die den Betrachter inspiriert. Dem aufmerksamen Gast entgeht nicht, dass Farbkleckse die Badematte und das Spiegeldesign bereichern. Das Einrichtungskonzept wirkt deshalb eigenwillig, aber trotzdem stimmig.<\/p>\n","protected":false},"excerpt":{"rendered":"<p>\u00ab Das Trend-Bad mit Stil \u00bb Nat\u00fcrlich interpretierter Minimalismus, Industriestil mit einer Prise Behaglichkeit und farbenfroher Individualismus: So lassen sich die drei Wohntrends 2020 zusammenfassen. Es gen\u00fcgt, die zeitlose Grundausstattung mit ausdrucksvollen Extras aufzupeppen. Schon wirkt die private Wellnessoase modern. Daf\u00fcr bieten sich die Kollektionen aus Edelstahl von Zack, Badm\u00f6bel aus Holz und ausgefallene Wohnaccessoires [&hellip;]<\/p>\n","protected":false},"author":4,"featured_media":10355,"comment_status":"closed","ping_status":"open","sticky":false,"template":"","format":"standard","meta":{"_et_pb_use_builder":"","_et_pb_old_content":"","_et_gb_content_width":"","inline_featured_image":false,"footnotes":""},"categories":[1],"tags":[14,518,748,390,751,1070,107,953,449,206,161,158,746,663,32,919,168,162,1071,19,151,392,764,1069,807,810,295,44],"class_list":["post-10328","post","type-post","status-publish","format-standard","has-post-thumbnail","hentry","category-drinnen","tag-ausstattung","tag-bad","tag-badausstattung","tag-badezimmer","tag-badezimmerteppiche","tag-badregal","tag-decor-walther","tag-einrichtung","tag-einrichtungsideen","tag-ferm-living","tag-fussmatten","tag-hocker","tag-kartell","tag-modern","tag-pappelina","tag-petite-friture","tag-regale","tag-salonloewe","tag-schmuckstaender","tag-skagerak","tag-spiegel","tag-toilettenbutler","tag-trendmoebel","tag-utensilienbox","tag-vertiplants","tag-wandblumentopf","tag-wandspiegel","tag-zack"],"_links":{"self":[{"href":"https:\/\/raum-blick.de\/magazin\/wp-json\/wp\/v2\/posts\/10328","targetHints":{"allow":["GET"]}}],"collection":[{"href":"https:\/\/raum-blick.de\/magazin\/wp-json\/wp\/v2\/posts"}],"about":[{"href":"https:\/\/raum-blick.de\/magazin\/wp-json\/wp\/v2\/types\/post"}],"author":[{"embeddable":true,"href":"https:\/\/raum-blick.de\/magazin\/wp-json\/wp\/v2\/users\/4"}],"replies":[{"embeddable":true,"href":"https:\/\/raum-blick.de\/magazin\/wp-json\/wp\/v2\/comments?post=10328"}],"version-history":[{"count":26,"href":"https:\/\/raum-blick.de\/magazin\/wp-json\/wp\/v2\/posts\/10328\/revisions"}],"predecessor-version":[{"id":14522,"href":"https:\/\/raum-blick.de\/magazin\/wp-json\/wp\/v2\/posts\/10328\/revisions\/14522"}],"wp:featuredmedia":[{"embeddable":true,"href":"https:\/\/raum-blick.de\/magazin\/wp-json\/wp\/v2\/media\/10355"}],"wp:attachment":[{"href":"https:\/\/raum-blick.de\/magazin\/wp-json\/wp\/v2\/media?parent=10328"}],"wp:term":[{"taxonomy":"category","embeddable":true,"href":"https:\/\/raum-blick.de\/magazin\/wp-json\/wp\/v2\/categories?post=10328"},{"taxonomy":"post_tag","embeddable":true,"href":"https:\/\/raum-blick.de\/magazin\/wp-json\/wp\/v2\/tags?post=10328"}],"curies":[{"name":"wp","href":"https:\/\/api.w.org\/{rel}","templated":true}]}}