{"id":10295,"date":"2020-03-23T11:48:58","date_gmt":"2020-03-23T10:48:58","guid":{"rendered":"https:\/\/www.raum-blick.de\/magazin\/?p=10295"},"modified":"2021-04-13T09:09:47","modified_gmt":"2021-04-13T07:09:47","slug":"terrassenmoebel-modern-und-schick","status":"publish","type":"post","link":"https:\/\/raum-blick.de\/magazin\/terrassenmoebel-modern-und-schick\/","title":{"rendered":"Terrassenm\u00f6bel modern und schick"},"content":{"rendered":"<h2><span class=\"ez-toc-section\" id=\"%C2%AB_Design_fuer_draussen_%C2%BB\"><\/span>\u00ab Design f\u00fcr drau\u00dfen \u00bb<span class=\"ez-toc-section-end\"><\/span><\/h2>\n<p style=\"text-align: justify;\"><strong>Seit Monaten h\u00e4lt das nasskalte Winterwetter an. Das sch\u00fcrt die Sehnsucht nach sommerlichem Lifestyle. Frohnaturen \u00fcberlegen schon jetzt, wie sie die Outdoor-Lounge modern gestalten. Die Planungen vers\u00fc\u00dfen nicht nur die Wartezeit. Kommt es zum ersehnten Wetterumschwung, bereichern die neuen Terrassenm\u00f6bel sofort die entspannten Momente im Freien. <\/strong><\/p>\n<h2><span class=\"ez-toc-section\" id=\"Aufgefrischte_Klassiker_fuer_den_kulinarischen_Treffpunkt\"><\/span>Aufgefrischte Klassiker f\u00fcr den kulinarischen Treffpunkt<span class=\"ez-toc-section-end\"><\/span><\/h2>\n<p style=\"text-align: justify;\">Die Morgensonne kurbelt die gute Laune beim Fr\u00fchst\u00fcck an. Der Snack am Mittag schmeckt umso besser, wenn eine frische Brise die Sommerhitze relativiert. Die funkelnden Sterne am Himmel setzen dem legeren Dinner das i-T\u00fcpfelchen auf.<\/p><div id=\"ez-toc-container\" class=\"ez-toc-v2_0_82_2 counter-hierarchy ez-toc-counter ez-toc-grey ez-toc-container-direction\">\n<div class=\"ez-toc-title-container\">\n<p class=\"ez-toc-title\" style=\"cursor:inherit\">Was hier auf Sie wartet<\/p>\n<span class=\"ez-toc-title-toggle\"><a href=\"#\" class=\"ez-toc-pull-right ez-toc-btn ez-toc-btn-xs ez-toc-btn-default ez-toc-toggle\" aria-label=\"Toggle Table of Content\"><span class=\"ez-toc-js-icon-con\"><span class=\"\"><span class=\"eztoc-hide\" style=\"display:none;\">Toggle<\/span><span class=\"ez-toc-icon-toggle-span\"><svg style=\"fill: #999;color:#999\" xmlns=\"http:\/\/www.w3.org\/2000\/svg\" class=\"list-377408\" width=\"20px\" height=\"20px\" viewBox=\"0 0 24 24\" fill=\"none\"><path d=\"M6 6H4v2h2V6zm14 0H8v2h12V6zM4 11h2v2H4v-2zm16 0H8v2h12v-2zM4 16h2v2H4v-2zm16 0H8v2h12v-2z\" fill=\"currentColor\"><\/path><\/svg><svg style=\"fill: #999;color:#999\" class=\"arrow-unsorted-368013\" xmlns=\"http:\/\/www.w3.org\/2000\/svg\" width=\"10px\" height=\"10px\" viewBox=\"0 0 24 24\" version=\"1.2\" baseProfile=\"tiny\"><path d=\"M18.2 9.3l-6.2-6.3-6.2 6.3c-.2.2-.3.4-.3.7s.1.5.3.7c.2.2.4.3.7.3h11c.3 0 .5-.1.7-.3.2-.2.3-.5.3-.7s-.1-.5-.3-.7zM5.8 14.7l6.2 6.3 6.2-6.3c.2-.2.3-.5.3-.7s-.1-.5-.3-.7c-.2-.2-.4-.3-.7-.3h-11c-.3 0-.5.1-.7.3-.2.2-.3.5-.3.7s.1.5.3.7z\"\/><\/svg><\/span><\/span><\/span><\/a><\/span><\/div>\n<nav><ul class='ez-toc-list ez-toc-list-level-1 ' ><li class='ez-toc-page-1 ez-toc-heading-level-2'><a class=\"ez-toc-link ez-toc-heading-1\" href=\"https:\/\/raum-blick.de\/magazin\/terrassenmoebel-modern-und-schick\/#%C2%AB_Design_fuer_draussen_%C2%BB\" >\u00ab Design f\u00fcr drau\u00dfen \u00bb<\/a><\/li><li class='ez-toc-page-1 ez-toc-heading-level-2'><a class=\"ez-toc-link ez-toc-heading-2\" href=\"https:\/\/raum-blick.de\/magazin\/terrassenmoebel-modern-und-schick\/#Aufgefrischte_Klassiker_fuer_den_kulinarischen_Treffpunkt\" >Aufgefrischte Klassiker f\u00fcr den kulinarischen Treffpunkt<\/a><\/li><li class='ez-toc-page-1 ez-toc-heading-level-2'><a class=\"ez-toc-link ez-toc-heading-3\" href=\"https:\/\/raum-blick.de\/magazin\/terrassenmoebel-modern-und-schick\/#Moderne_Lieblingsplaetze_fuer_Sonnenanbeter\" >Moderne Lieblingspl\u00e4tze f\u00fcr Sonnenanbeter<\/a><\/li><li class='ez-toc-page-1 ez-toc-heading-level-2'><a class=\"ez-toc-link ez-toc-heading-4\" href=\"https:\/\/raum-blick.de\/magazin\/terrassenmoebel-modern-und-schick\/#Massgeschneiderte_Designmoebel_fuer_die_individuelle_Terrassengestaltung\" >Ma\u00dfgeschneiderte Designm\u00f6bel f\u00fcr die individuelle Terrassengestaltung<\/a><\/li><li class='ez-toc-page-1 ez-toc-heading-level-2'><a class=\"ez-toc-link ez-toc-heading-5\" href=\"https:\/\/raum-blick.de\/magazin\/terrassenmoebel-modern-und-schick\/#Oase_mitten_im_Gruenen\" >Oase mitten im Gr\u00fcnen<\/a><\/li><li class='ez-toc-page-1 ez-toc-heading-level-2'><a class=\"ez-toc-link ez-toc-heading-6\" href=\"https:\/\/raum-blick.de\/magazin\/terrassenmoebel-modern-und-schick\/#Opulentes_Highlight_fuer_die_Sommerabende\" >Opulentes Highlight f\u00fcr die Sommerabende<\/a><\/li><\/ul><\/nav><\/div>\n\n<blockquote>\n<p style=\"text-align: justify;\">Wer das Leben ganzheitlich genie\u00dft, verlagert die Genussmomente gern nach drau\u00dfen.<\/p>\n<\/blockquote>\n<p style=\"text-align: justify;\">Die Tischgruppe z\u00e4hlt deshalb zur Grundausstattung der Terrasse. Sie pr\u00e4gt einen gr\u00f6\u00dferen Teil der verf\u00fcgbaren Fl\u00e4che. Das spricht f\u00fcr ein Design, das zum einladenden Ambiente beitr\u00e4gt. Holzm\u00f6bel er\u00f6ffnen nicht nur einen Link zur nat\u00fcrlichen Umgebung. Der Werkstoff eignet sich fabelhaft f\u00fcr den Au\u00dfeneinsatz. Das gilt besonders, wenn die Gartenm\u00f6bel aus Teakholz gefertigt sind.<\/p>\n<p><a href=\"https:\/\/www.raum-blick.de\/jan-kurtz-fiji-outdoor-beistelltisch\/klapptisch\"><img loading=\"lazy\" decoding=\"async\" class=\"aligncenter wp-image-10321 size-full\" title=\"Jan Kurtz Fiji Klapp-und Beistelltisch | Design: Jan Kurtz\" src=\"https:\/\/www.raum-blick.de\/magazin\/wp-content\/uploads\/2020\/04\/jan-kurtz-fiji-outdoor-beistelltisch-klapptisch.jpg\" alt=\"jan-kurtz-fiji-outdoor-beistelltisch-klapptisch-terrassenmoebel\" width=\"600\" height=\"600\" srcset=\"https:\/\/raum-blick.de\/magazin\/wp-content\/uploads\/2020\/04\/jan-kurtz-fiji-outdoor-beistelltisch-klapptisch.jpg 600w, https:\/\/raum-blick.de\/magazin\/wp-content\/uploads\/2020\/04\/jan-kurtz-fiji-outdoor-beistelltisch-klapptisch-300x300.jpg 300w, https:\/\/raum-blick.de\/magazin\/wp-content\/uploads\/2020\/04\/jan-kurtz-fiji-outdoor-beistelltisch-klapptisch-150x150.jpg 150w\" sizes=\"(max-width: 600px) 100vw, 600px\" \/><\/a><\/p>\n<p style=\"text-align: justify;\">Zur klassischen \u00c4sthetik der Holzm\u00f6bel bekennt sich der <a href=\"https:\/\/www.raum-blick.de\/jan-kurtz-fiji-outdoor-beistelltisch\/klapptisch\">Gartentisch Fiji von Jan Kurtz<\/a>. Das urw\u00fcchsige Charisma von Teak kurbelt die Gem\u00fctlichkeit an. Begr\u00fc\u00dfenswert ist die kompakte Konzeption. F\u00fcr die legeren Mahlzeiten in der Au\u00dfenlounge gen\u00fcgt die Tischfl\u00e4che vollkommen. Es bleibt gleichzeitig gen\u00fcgend Platz f\u00fcr M\u00f6bel, die andere W\u00fcnsche beantworten.<\/p>\n<p><a href=\"https:\/\/www.raum-blick.de\/jan-kurtz-maxx-regiesessel\"><img loading=\"lazy\" decoding=\"async\" class=\"aligncenter wp-image-10319 size-full\" title=\"Jan Kurtz MAXX Regiesessel | Outdoor Stuhl | Design: Jan Kurtz\" src=\"https:\/\/www.raum-blick.de\/magazin\/wp-content\/uploads\/2020\/04\/jan-kurtz-maxx-regiesessel.jpg\" alt=\"jan-kurtz-maxx-regiesessel-terrassenmoebel\" width=\"600\" height=\"600\" srcset=\"https:\/\/raum-blick.de\/magazin\/wp-content\/uploads\/2020\/04\/jan-kurtz-maxx-regiesessel.jpg 600w, https:\/\/raum-blick.de\/magazin\/wp-content\/uploads\/2020\/04\/jan-kurtz-maxx-regiesessel-300x300.jpg 300w, https:\/\/raum-blick.de\/magazin\/wp-content\/uploads\/2020\/04\/jan-kurtz-maxx-regiesessel-150x150.jpg 150w\" sizes=\"(max-width: 600px) 100vw, 600px\" \/><\/a><\/p>\n<p style=\"text-align: justify;\">Vortrefflich erg\u00e4nzt der <a href=\"https:\/\/www.raum-blick.de\/jan-kurtz-maxx-regiesessel\">Regiesessel Maxx<\/a> die Sitzgruppe. Der floral gemusterte Stoff akzentuiert die Terrassenm\u00f6bel nicht nur modern. Er belebt die Au\u00dfengestaltung so effektvoll wie bunt bepflanzte Blumenk\u00fcbel. So avancieren die Gartenm\u00f6bel zur geschmackvollen Deko.<\/p>\n<h2><span class=\"ez-toc-section\" id=\"Moderne_Lieblingsplaetze_fuer_Sonnenanbeter\"><\/span>Moderne Lieblingspl\u00e4tze f\u00fcr Sonnenanbeter<span class=\"ez-toc-section-end\"><\/span><\/h2>\n<p style=\"text-align: justify;\">Mit ihrer W\u00e4rme verw\u00f6hnen die Sonnenstrahlen den K\u00f6rper. Schlie\u00dft man die Augen, entfaltet das Vogelgezwitscher seine beruhigende Wirkung. Wenige Minuten gen\u00fcgen, damit sich beim Nickerchen die vollkommene Entspannung einstellt. Das wohltuende Intermezzo setzt voraus, dass sich komfortable Terrassenliegen f\u00fcrs Sonnenbad anbieten.<\/p>\n<p><a href=\"https:\/\/www.raum-blick.de\/fiam-samba-terrassenliege\"><img loading=\"lazy\" decoding=\"async\" class=\"aligncenter wp-image-10309 size-full\" title=\"FIAM Sonnenliege SAMBA | Outdoor Liege | Design: Matthias Philipps\" src=\"https:\/\/www.raum-blick.de\/magazin\/wp-content\/uploads\/2020\/04\/fiam-samba-terrassenliege.jpg\" alt=\"fiam-samba-terrassenliege-terrassenmoebel\" width=\"600\" height=\"600\" srcset=\"https:\/\/raum-blick.de\/magazin\/wp-content\/uploads\/2020\/04\/fiam-samba-terrassenliege.jpg 600w, https:\/\/raum-blick.de\/magazin\/wp-content\/uploads\/2020\/04\/fiam-samba-terrassenliege-300x300.jpg 300w, https:\/\/raum-blick.de\/magazin\/wp-content\/uploads\/2020\/04\/fiam-samba-terrassenliege-150x150.jpg 150w\" sizes=\"(max-width: 600px) 100vw, 600px\" \/><\/a><\/p>\n<p style=\"text-align: justify;\">FIAM \u00fcberzeugt mit einem facettenreichen Portfolio, das Jan Kurtz in Deutschland vertreibt. Der Zoom auf die <a href=\"https:\/\/www.raum-blick.de\/fiam-samba-terrassenliege\">Sonnenliege Samba<\/a> verdeutlicht, dass die Marke ihre Terrassenm\u00f6bel modern entwirft. Die gerundete Formgebung forciert die Bequemlichkeit. In Kombination mit der Wippfunktion sorgt sie daf\u00fcr, dass sich die M\u00f6bel f\u00fcr die sitzende und liegende Pause eignen.<\/p>\n<blockquote>\n<p style=\"text-align: justify;\">Durch die wetterbest\u00e4ndigen Materialien ist es nicht notwendig, das Equipment bei jedem Regenschauer einzusammeln.<\/p>\n<\/blockquote>\n<p style=\"text-align: justify;\">Taupe, Silbergrau oder Pistazie: Der Designer Matthias Philipps bringt gekonnt Farben ins Spiel, die aktuell f\u00fcr Terrassenm\u00f6bel modern sind. Der Hersteller bleibt dem zeitgem\u00e4\u00dfen Grundkonzept treu, interpretiert es aber vielf\u00e4ltig.<\/p>\n<p style=\"text-align: justify;\">So finden sich im Sortiment f\u00fcr nahezu jedes Setting die optimalen Terrassenliegen. Wer ein Sonnenbett bevorzugt, wirft einen Blick auf die Linie Amigo Dreibein.<\/p>\n<p><a href=\"https:\/\/www.raum-blick.de\/fiam-dondolina-schwingsessel\"><img loading=\"lazy\" decoding=\"async\" class=\"aligncenter wp-image-10313 size-full\" title=\"FIAM Schwingsessel Dondolina | Outdoor Sessel | Design: Francesco Favagrossa\" src=\"https:\/\/www.raum-blick.de\/magazin\/wp-content\/uploads\/2020\/04\/fiam-dondolina-schwingsessel.jpg\" alt=\"fiam-dondolina-schwingsessel-terrassenmoebel\" width=\"600\" height=\"600\" srcset=\"https:\/\/raum-blick.de\/magazin\/wp-content\/uploads\/2020\/04\/fiam-dondolina-schwingsessel.jpg 600w, https:\/\/raum-blick.de\/magazin\/wp-content\/uploads\/2020\/04\/fiam-dondolina-schwingsessel-300x300.jpg 300w, https:\/\/raum-blick.de\/magazin\/wp-content\/uploads\/2020\/04\/fiam-dondolina-schwingsessel-150x150.jpg 150w\" sizes=\"(max-width: 600px) 100vw, 600px\" \/><\/a><\/p>\n<p style=\"text-align: justify;\">Zum Freisitz mit \u00fcberschaubarem Platzangebot passt der Schwingsessel Dondolina. Er wird zur bequemen Gartenliege, wenn sich der Hocker Chico hinzugesellt. Das Multitalent von FIAM l\u00e4dt dazu ein, die F\u00fc\u00dfe hochzulegen. Es entfaltet zudem als Beistelltisch oder Sitzgelegenheit seine Talente.<\/p>\n<p><img loading=\"lazy\" decoding=\"async\" class=\"aligncenter wp-image-10307 size-full\" title=\"FIAM Hocker CHICO | Outdoorm\u00f6bel | Design: Francesco Favagrossa\" src=\"https:\/\/www.raum-blick.de\/magazin\/wp-content\/uploads\/2020\/04\/fiam-chico-outdoor-klapphocker.jpg\" alt=\"fiam-chico-outdoor-klapphocker\" width=\"600\" height=\"600\" srcset=\"https:\/\/raum-blick.de\/magazin\/wp-content\/uploads\/2020\/04\/fiam-chico-outdoor-klapphocker.jpg 600w, https:\/\/raum-blick.de\/magazin\/wp-content\/uploads\/2020\/04\/fiam-chico-outdoor-klapphocker-300x300.jpg 300w, https:\/\/raum-blick.de\/magazin\/wp-content\/uploads\/2020\/04\/fiam-chico-outdoor-klapphocker-150x150.jpg 150w\" sizes=\"(max-width: 600px) 100vw, 600px\" \/><\/p>\n<p style=\"text-align: justify;\">Die Terrassenm\u00f6bel aus Teakholz und die Sonnenbetten haben etwas gemeinsam: Sie sind klappbar konzipiert. Leicht l\u00e4sst sich ihr Standort ver\u00e4ndern. Wenig Raum nimmt das Gartenequipment ein, wenn man es im Winter verstaut. Praktisch, vielseitig und schick: Dieser Mix macht moderne M\u00f6bel aus.<\/p>\n<h2><span class=\"ez-toc-section\" id=\"Massgeschneiderte_Designmoebel_fuer_die_individuelle_Terrassengestaltung\"><\/span>Ma\u00dfgeschneiderte Designm\u00f6bel f\u00fcr die individuelle Terrassengestaltung<span class=\"ez-toc-section-end\"><\/span><\/h2>\n<p style=\"text-align: justify;\">Das Umtopfen der Setzlinge erm\u00fcdet nicht. Es bereitet ausschlie\u00dflich Freude. Denn der Pflanztisch erfreut mit seiner angenehmen Arbeitsh\u00f6he. In seinen F\u00e4chern ist das ben\u00f6tigte Zubeh\u00f6r au\u00dferdem griffbereit.<\/p>\n<p style=\"text-align: justify;\">Gl\u00e4ser, Teller, Serviettenst\u00e4nder: Die verschiedensten Utensilien sind auf der Terrasse direkt verf\u00fcgbar. Das erspart beim Eindecken der Gartenm\u00f6bel viele Wege. Der Stadtbalkon bietet wenig Stellfl\u00e4che f\u00fcr Pflanzen. Eine mehrst\u00f6ckige Blumenbank w\u00fcrde die M\u00f6glichkeiten bei der Begr\u00fcnung erweitern.<\/p>\n<p><a href=\"https:\/\/www.raum-blick.de\/string-outdoor-regalsystem\"><img loading=\"lazy\" decoding=\"async\" class=\"aligncenter wp-image-10304 size-full\" title=\"String Outdoor Regalsystem | Regalsystem Outdoor | Design: Nisse Strinning\" src=\"https:\/\/www.raum-blick.de\/magazin\/wp-content\/uploads\/2020\/04\/string-outdoor-regalsystem.jpg\" alt=\"string-outdoor-regalsystem-terrassenmoebel\" width=\"600\" height=\"600\" srcset=\"https:\/\/raum-blick.de\/magazin\/wp-content\/uploads\/2020\/04\/string-outdoor-regalsystem.jpg 600w, https:\/\/raum-blick.de\/magazin\/wp-content\/uploads\/2020\/04\/string-outdoor-regalsystem-300x300.jpg 300w, https:\/\/raum-blick.de\/magazin\/wp-content\/uploads\/2020\/04\/string-outdoor-regalsystem-150x150.jpg 150w\" sizes=\"(max-width: 600px) 100vw, 600px\" \/><\/a><\/p>\n<p style=\"text-align: justify;\">Legend\u00e4r ist das <a href=\"https:\/\/www.raum-blick.de\/string-outdoor-regalsystem\">Regalsystem String<\/a>, dass Nisse Strinning entwarf. Seit dem Jahr 1949 bereichert es die Wohnungseinrichtung. Jetzt erobert der preisgekr\u00f6nte Designklassiker den Au\u00dfenbereich.<\/p>\n<p style=\"text-align: justify;\">Die Produktlinie erlaubt es, Terrassenm\u00f6bel zu entwerfen. So er\u00fcbrigen sich Kompromisse bei der Umsetzung individueller Gestaltungsideen. Der feuerverzinkte Stahl ist nicht nur wetterfest und enorm robust. Trendbewusst ist sein industrieller Look. Dadurch wirken die selbst gestalteten Terrassenm\u00f6bel modern.<\/p>\n<h2><span class=\"ez-toc-section\" id=\"Oase_mitten_im_Gruenen\"><\/span>Oase mitten im Gr\u00fcnen<span class=\"ez-toc-section-end\"><\/span><\/h2>\n<p style=\"text-align: justify;\">Die M\u00f6bel der Tischgruppe belagert das Nesth\u00e4kchen. Mit seinen Freunden widmet es sich vergn\u00fcgt einem Gesellschaftsspiel. Die \u00e4lteren Geschwister haben sich die Terrassenliegen geangelt. Begeistert tauschen sie sich \u00fcber die neuesten Modetrends aus. Das bewegt Sie nicht dazu, den sonnigen Tag auf dem Sofa zu verbringen.<\/p>\n<p><img loading=\"lazy\" decoding=\"async\" class=\"aligncenter wp-image-10301 size-full\" title=\"Cacoon Double | f\u00fcr Erwachsene und Kinder | ob f\u00fcr drinnen oder drau\u00dfen\" src=\"https:\/\/www.raum-blick.de\/magazin\/wp-content\/uploads\/2020\/04\/cacoon-double-haengesessel-1.jpg\" alt=\"cacoon-double-haengesessel\" width=\"600\" height=\"570\" srcset=\"https:\/\/raum-blick.de\/magazin\/wp-content\/uploads\/2020\/04\/cacoon-double-haengesessel-1.jpg 600w, https:\/\/raum-blick.de\/magazin\/wp-content\/uploads\/2020\/04\/cacoon-double-haengesessel-1-300x285.jpg 300w\" sizes=\"(max-width: 600px) 100vw, 600px\" \/><\/p>\n<p style=\"text-align: justify;\">Die volle Terrasse ist ein willkommener Anlass, um Ihre geliebte Ruheoase anzusteuern. An einem Baum mitten im Garten baumelt der Cacoon &#8211; der H\u00e4ngesessel erg\u00e4nzt nicht nur sinnvoll die Terrassenm\u00f6bel. Er ist der perfekte Ort, um dem Familientrubel zu entfliehen. Gern widmen Sie sich dort dem ausgiebigen Schm\u00f6kern. Der Nachwuchs steuert das H\u00e4ngezelt an, wenn die Erwachsenen seine Pl\u00e4ne durchstreichen. Schnell stellt sich im Hideaway von Cacoon die fr\u00f6hliche Stimmung wieder ein.<\/p>\n<h2><span class=\"ez-toc-section\" id=\"Opulentes_Highlight_fuer_die_Sommerabende\"><\/span>Opulentes Highlight f\u00fcr die Sommerabende<span class=\"ez-toc-section-end\"><\/span><\/h2>\n<p style=\"text-align: justify;\">Die komfortablen M\u00f6bel verf\u00fchren dazu, den Feierabend drau\u00dfen zu verbringen. Gefragt ist deshalb eine Au\u00dfenlampe, die angenehmes Licht spendet.<\/p>\n<p style=\"text-align: justify;\">Der <a href=\"https:\/\/www.raum-blick.de\/fatboy-rockcoco-12.0\">Fatboy RockCoco 12.0<\/a> setzt der stilvollen Lounge im Freien die Krone auf. Unverkennbar orientiert er sich am pomp\u00f6sen L\u00fcster. Durch die Verwendung von Polycarbonat wirkt das nostalgische Leuchtendesign modern. Es harmoniert au\u00dferdem mit der Installation auf der Terrasse.<\/p>\n<p><a href=\"https:\/\/www.raum-blick.de\/fatboy-rockcoco-12.0\"><img loading=\"lazy\" decoding=\"async\" class=\"aligncenter wp-image-10298 size-full\" title=\"Fatboy RockCoco 12.0 | Leuchter f\u00fcr Indoor &amp; Outdoor | Design: DeMakersVan\" src=\"https:\/\/www.raum-blick.de\/magazin\/wp-content\/uploads\/2020\/04\/fatboy-rockcoco-12-0.jpg\" alt=\"fatboy-rockcoco-12-0\" width=\"600\" height=\"600\" srcset=\"https:\/\/raum-blick.de\/magazin\/wp-content\/uploads\/2020\/04\/fatboy-rockcoco-12-0.jpg 600w, https:\/\/raum-blick.de\/magazin\/wp-content\/uploads\/2020\/04\/fatboy-rockcoco-12-0-300x300.jpg 300w, https:\/\/raum-blick.de\/magazin\/wp-content\/uploads\/2020\/04\/fatboy-rockcoco-12-0-150x150.jpg 150w\" sizes=\"(max-width: 600px) 100vw, 600px\" \/><\/a><\/p>\n<p style=\"text-align: justify;\">Zeitgem\u00e4\u00df entschied sich Fatboy f\u00fcr ein Konzept mit LED-Technik. Der Kronleuchter ist dadurch energiesparend und dimmbar. So l\u00e4sst sich die Lichtintensit\u00e4t passend zur gew\u00fcnschten Stimmung variieren.<\/p>\n","protected":false},"excerpt":{"rendered":"<p>\u00ab Design f\u00fcr drau\u00dfen \u00bb Seit Monaten h\u00e4lt das nasskalte Winterwetter an. Das sch\u00fcrt die Sehnsucht nach sommerlichem Lifestyle. Frohnaturen \u00fcberlegen schon jetzt, wie sie die Outdoor-Lounge modern gestalten. Die Planungen vers\u00fc\u00dfen nicht nur die Wartezeit. Kommt es zum ersehnten Wetterumschwung, bereichern die neuen Terrassenm\u00f6bel sofort die entspannten Momente im Freien. Aufgefrischte Klassiker f\u00fcr den [&hellip;]<\/p>\n","protected":false},"author":4,"featured_media":10317,"comment_status":"closed","ping_status":"open","sticky":false,"template":"","format":"standard","meta":{"_et_pb_use_builder":"","_et_pb_old_content":"","_et_gb_content_width":"","inline_featured_image":false,"footnotes":""},"categories":[6],"tags":[615,90,334,66,40,1066,158,1051,1063,701,57,658,16,1064,1067,327,1065,15,64,94,1068,1062],"class_list":["post-10295","post","type-post","status-publish","format-standard","has-post-thumbnail","hentry","category-draussen","tag-beistelltisch","tag-cacoon","tag-design","tag-designmoebel","tag-fatboy","tag-fiam","tag-hocker","tag-jan-kurtz","tag-klapptisch","tag-leuchter","tag-outdoor","tag-outdoormoebel","tag-regalsysteme","tag-regiesessel","tag-schwingsessel","tag-sessel","tag-sonnenliege","tag-string","tag-stuehle","tag-terrasse","tag-terrassengestaltung","tag-terrassenmoebel"],"_links":{"self":[{"href":"https:\/\/raum-blick.de\/magazin\/wp-json\/wp\/v2\/posts\/10295","targetHints":{"allow":["GET"]}}],"collection":[{"href":"https:\/\/raum-blick.de\/magazin\/wp-json\/wp\/v2\/posts"}],"about":[{"href":"https:\/\/raum-blick.de\/magazin\/wp-json\/wp\/v2\/types\/post"}],"author":[{"embeddable":true,"href":"https:\/\/raum-blick.de\/magazin\/wp-json\/wp\/v2\/users\/4"}],"replies":[{"embeddable":true,"href":"https:\/\/raum-blick.de\/magazin\/wp-json\/wp\/v2\/comments?post=10295"}],"version-history":[{"count":23,"href":"https:\/\/raum-blick.de\/magazin\/wp-json\/wp\/v2\/posts\/10295\/revisions"}],"predecessor-version":[{"id":12819,"href":"https:\/\/raum-blick.de\/magazin\/wp-json\/wp\/v2\/posts\/10295\/revisions\/12819"}],"wp:featuredmedia":[{"embeddable":true,"href":"https:\/\/raum-blick.de\/magazin\/wp-json\/wp\/v2\/media\/10317"}],"wp:attachment":[{"href":"https:\/\/raum-blick.de\/magazin\/wp-json\/wp\/v2\/media?parent=10295"}],"wp:term":[{"taxonomy":"category","embeddable":true,"href":"https:\/\/raum-blick.de\/magazin\/wp-json\/wp\/v2\/categories?post=10295"},{"taxonomy":"post_tag","embeddable":true,"href":"https:\/\/raum-blick.de\/magazin\/wp-json\/wp\/v2\/tags?post=10295"}],"curies":[{"name":"wp","href":"https:\/\/api.w.org\/{rel}","templated":true}]}}