{"id":10153,"date":"2020-02-20T11:18:18","date_gmt":"2020-02-20T10:18:18","guid":{"rendered":"https:\/\/www.raum-blick.de\/magazin\/?p=10153"},"modified":"2020-02-20T14:10:48","modified_gmt":"2020-02-20T13:10:48","slug":"jan-kurtz-beistelltische","status":"publish","type":"post","link":"https:\/\/raum-blick.de\/magazin\/jan-kurtz-beistelltische\/","title":{"rendered":"Jan Kurtz Beistelltische"},"content":{"rendered":"<h2><span class=\"ez-toc-section\" id=\"%C2%AB_Deutsche_Designmarke_praegt_neue_Klassiker_in_eigener_Weise_%C2%BB\"><\/span>\u00ab Deutsche Designmarke pr\u00e4gt neue Klassiker in eigener Weise \u00bb<span class=\"ez-toc-section-end\"><\/span><\/h2>\n<p style=\"text-align: justify;\"><strong>Die Spezialit\u00e4t der deutschen Marke sind neue Klassiker, die sich harmonisch ins Interieur integrieren und das moderne Leben bereichern. F\u00fcr die puristische \u00c4sthetik gilt das ebenso wie das funktionale Design. Das erschlie\u00dft sich beim Zoom auf die schlicht schicken Beistelltische von Jan Kurtz. <\/strong><\/p>\n<h2><span class=\"ez-toc-section\" id=\"Minimalismus_der_feinsten_Art\"><\/span>Minimalismus der feinsten Art<span class=\"ez-toc-section-end\"><\/span><\/h2>\n<p style=\"text-align: justify;\">Zarte Farben in unz\u00e4hligen Schattierungen beleben die filigran strukturierten Bl\u00fctenbl\u00e4tter. Es besteht kein Zweifel. Die Blume ist ein Wunderwerk der Natur, das die Sinne verw\u00f6hnt. \u00c4hnlich meisterhaft ist die Skulptur gestaltet.<\/p><div id=\"ez-toc-container\" class=\"ez-toc-v2_0_82_2 counter-hierarchy ez-toc-counter ez-toc-grey ez-toc-container-direction\">\n<div class=\"ez-toc-title-container\">\n<p class=\"ez-toc-title\" style=\"cursor:inherit\">Was hier auf Sie wartet<\/p>\n<span class=\"ez-toc-title-toggle\"><a href=\"#\" class=\"ez-toc-pull-right ez-toc-btn ez-toc-btn-xs ez-toc-btn-default ez-toc-toggle\" aria-label=\"Toggle Table of Content\"><span class=\"ez-toc-js-icon-con\"><span class=\"\"><span class=\"eztoc-hide\" style=\"display:none;\">Toggle<\/span><span class=\"ez-toc-icon-toggle-span\"><svg style=\"fill: #999;color:#999\" xmlns=\"http:\/\/www.w3.org\/2000\/svg\" class=\"list-377408\" width=\"20px\" height=\"20px\" viewBox=\"0 0 24 24\" fill=\"none\"><path d=\"M6 6H4v2h2V6zm14 0H8v2h12V6zM4 11h2v2H4v-2zm16 0H8v2h12v-2zM4 16h2v2H4v-2zm16 0H8v2h12v-2z\" fill=\"currentColor\"><\/path><\/svg><svg style=\"fill: #999;color:#999\" class=\"arrow-unsorted-368013\" xmlns=\"http:\/\/www.w3.org\/2000\/svg\" width=\"10px\" height=\"10px\" viewBox=\"0 0 24 24\" version=\"1.2\" baseProfile=\"tiny\"><path d=\"M18.2 9.3l-6.2-6.3-6.2 6.3c-.2.2-.3.4-.3.7s.1.5.3.7c.2.2.4.3.7.3h11c.3 0 .5-.1.7-.3.2-.2.3-.5.3-.7s-.1-.5-.3-.7zM5.8 14.7l6.2 6.3 6.2-6.3c.2-.2.3-.5.3-.7s-.1-.5-.3-.7c-.2-.2-.4-.3-.7-.3h-11c-.3 0-.5.1-.7.3-.2.2-.3.5-.3.7s.1.5.3.7z\"\/><\/svg><\/span><\/span><\/span><\/a><\/span><\/div>\n<nav><ul class='ez-toc-list ez-toc-list-level-1 ' ><li class='ez-toc-page-1 ez-toc-heading-level-2'><a class=\"ez-toc-link ez-toc-heading-1\" href=\"https:\/\/raum-blick.de\/magazin\/jan-kurtz-beistelltische\/#%C2%AB_Deutsche_Designmarke_praegt_neue_Klassiker_in_eigener_Weise_%C2%BB\" >\u00ab Deutsche Designmarke pr\u00e4gt neue Klassiker in eigener Weise \u00bb<\/a><\/li><li class='ez-toc-page-1 ez-toc-heading-level-2'><a class=\"ez-toc-link ez-toc-heading-2\" href=\"https:\/\/raum-blick.de\/magazin\/jan-kurtz-beistelltische\/#Minimalismus_der_feinsten_Art\" >Minimalismus der feinsten Art<\/a><\/li><li class='ez-toc-page-1 ez-toc-heading-level-2'><a class=\"ez-toc-link ez-toc-heading-3\" href=\"https:\/\/raum-blick.de\/magazin\/jan-kurtz-beistelltische\/#Elegant_inszeniertes_Industriedesign\" >Elegant inszeniertes Industriedesign<\/a><\/li><li class='ez-toc-page-1 ez-toc-heading-level-2'><a class=\"ez-toc-link ez-toc-heading-4\" href=\"https:\/\/raum-blick.de\/magazin\/jan-kurtz-beistelltische\/#Schick_dynamisch_und_alltagstauglich\" >Schick, dynamisch und alltagstauglich<\/a><\/li><li class='ez-toc-page-1 ez-toc-heading-level-2'><a class=\"ez-toc-link ez-toc-heading-5\" href=\"https:\/\/raum-blick.de\/magazin\/jan-kurtz-beistelltische\/#Mehr_als_Beistelltische_%E2%80%93_Multitalentierte_Lebensbegleiter_mit_Stil\" >Mehr als Beistelltische \u2013 Multitalentierte Lebensbegleiter mit Stil<\/a><\/li><\/ul><\/nav><\/div>\n\n<blockquote>\n<p style=\"text-align: justify;\">Jeden Tag begl\u00fcckw\u00fcnschen Sie sich daf\u00fcr, dass Sie die faszinierende Bronzefigur bei der Vernissage ergattert haben.<\/p>\n<\/blockquote>\n<p style=\"text-align: justify;\">Zum K\u00fcnstler werden Sie bei der Kreation eines Cappuccinos. Allein der Anblick ist eine Wohltat, wenn Sie das Hei\u00dfgetr\u00e4nk in der Sofaecke servieren. Die skizzierten Freuden des Alltags sind sehr unterschiedlich. Sie haben trotzdem eine Gemeinsamkeit: Es wird eine Abstellfl\u00e4che ben\u00f6tigt, um sie zu pr\u00e4sentieren. Ein Beistelltisch scheint geeignet.<\/p>\n<p><a href=\"https:\/\/www.raum-blick.de\/jan-kurtz-pur-beistelltisch\"><img loading=\"lazy\" decoding=\"async\" class=\"aligncenter wp-image-10160 size-full\" title=\"Jan Kurtz \u2013 Beistelltisch PUR | mit schlanker Ablagefl\u00e4che | Design: Jan Kurtz\" src=\"https:\/\/www.raum-blick.de\/magazin\/wp-content\/uploads\/2020\/03\/jan-kurtz-pur-beistelltisch.jpg\" alt=\"jan-kurtz-pur-beistelltisch\" width=\"600\" height=\"600\" srcset=\"https:\/\/raum-blick.de\/magazin\/wp-content\/uploads\/2020\/03\/jan-kurtz-pur-beistelltisch.jpg 600w, https:\/\/raum-blick.de\/magazin\/wp-content\/uploads\/2020\/03\/jan-kurtz-pur-beistelltisch-300x300.jpg 300w, https:\/\/raum-blick.de\/magazin\/wp-content\/uploads\/2020\/03\/jan-kurtz-pur-beistelltisch-150x150.jpg 150w\" sizes=\"(max-width: 600px) 100vw, 600px\" \/><\/a><\/p>\n<p style=\"text-align: justify;\">Vollends erschlie\u00dft sich der Wert von Kunst oder Kultur erst, wenn die M\u00f6bel ihnen nicht das Rampenlicht stehlen, sondern schenken. <a href=\"https:\/\/www.raum-blick.de\/jan-kurtz\/\">Jan Kurtz<\/a> hat diesen Wunsch vermutlich erkannt. Das offenbart sich bei der Studie der <a href=\"https:\/\/www.raum-blick.de\/jan-kurtz-pur-beistelltisch\">Kollektion Pur<\/a>. Die Design-Tische l\u00f6sen ein, was ihr Produktname verspricht. Sie integrieren sich wie ein Hauch von nichts ins Szenario.<\/p>\n<p><a href=\"https:\/\/www.raum-blick.de\/jan-kurtz-pizzo-beistelltisch\"><img loading=\"lazy\" decoding=\"async\" class=\"aligncenter wp-image-10163 size-full\" title=\"jan kurtz W\u00fcrfel CUBUS | modulares Regal\/ Beistelltisch | Design: jan kurtz\" src=\"https:\/\/www.raum-blick.de\/magazin\/wp-content\/uploads\/2020\/03\/jan-kurtz-pizzo-beistelltisch.jpg\" alt=\"jan-kurtz-pizzo-beistelltisch\" width=\"600\" height=\"600\" srcset=\"https:\/\/raum-blick.de\/magazin\/wp-content\/uploads\/2020\/03\/jan-kurtz-pizzo-beistelltisch.jpg 600w, https:\/\/raum-blick.de\/magazin\/wp-content\/uploads\/2020\/03\/jan-kurtz-pizzo-beistelltisch-300x300.jpg 300w, https:\/\/raum-blick.de\/magazin\/wp-content\/uploads\/2020\/03\/jan-kurtz-pizzo-beistelltisch-150x150.jpg 150w\" sizes=\"(max-width: 600px) 100vw, 600px\" \/><\/a><\/p>\n<p style=\"text-align: justify;\">Das bedeutet keinesfalls, dass ihr Auftritt belanglos ist. Im Gegenteil: Der pointierte Purismus ist bemerkenswert. Die strenge Geometrie tr\u00e4gt dazu ebenso bei wie die grazile Ausf\u00fchrung aller Komponenten. So avancieren die Beistelltische der Marke durch ihre kultivierte Diskretion zum Highlight der Einrichtung. Alternativ punktet der <a href=\"https:\/\/www.raum-blick.de\/jan-kurtz-pizzo-beistelltisch\">Beistelltisch Pizzo<\/a> mit \u00e4hnlichem Sinn.<\/p>\n<h2><span class=\"ez-toc-section\" id=\"Elegant_inszeniertes_Industriedesign\"><\/span>Elegant inszeniertes Industriedesign<span class=\"ez-toc-section-end\"><\/span><\/h2>\n<p style=\"text-align: justify;\">Die Zur\u00fcckhaltung ist der Clou der M\u00f6belkollektionen aus Baden-W\u00fcrttemberg. Sie verleihen der Raumgestaltung dennoch eine ausgesuchte Eleganz. Das ist dem versierten Materialeinsatz zu verdanken. Zur Diskussion stehen grunds\u00e4tzlich nur hochwertige Rohstoffe, die erstklassig verarbeitet werden.<\/p>\n<p><a href=\"https:\/\/www.raum-blick.de\/jan-kurtz-pino-beistelltisch\"><img loading=\"lazy\" decoding=\"async\" class=\"aligncenter wp-image-10166 size-full\" title=\"jan kurtz W\u00fcrfel CUBUS | modulares Regal\/ Beistelltisch | Design: jan kurtz\" src=\"https:\/\/www.raum-blick.de\/magazin\/wp-content\/uploads\/2020\/03\/jan-kurtz-pino-beistelltisch.jpg\" alt=\"jan-kurtz-pino-beistelltisch\" width=\"600\" height=\"600\" srcset=\"https:\/\/raum-blick.de\/magazin\/wp-content\/uploads\/2020\/03\/jan-kurtz-pino-beistelltisch.jpg 600w, https:\/\/raum-blick.de\/magazin\/wp-content\/uploads\/2020\/03\/jan-kurtz-pino-beistelltisch-300x300.jpg 300w, https:\/\/raum-blick.de\/magazin\/wp-content\/uploads\/2020\/03\/jan-kurtz-pino-beistelltisch-150x150.jpg 150w\" sizes=\"(max-width: 600px) 100vw, 600px\" \/><\/a><\/p>\n<p style=\"text-align: justify;\">Jan Kurtz w\u00e4hlt sorgf\u00e4ltig kompetente Hersteller aus, die vorwiegend in Europa ans\u00e4ssig sind. Bew\u00e4hrte Materialien kommen bei den Entw\u00fcrfen ebenso zum Zug wie Werkstoffe, die beim M\u00f6beldesign innovativ anmuten. Diese Bandbreite erm\u00f6glicht es, puristische Einrichtungsideen durch spannende Kontraste aufzuwerten.<\/p>\n<p style=\"text-align: justify;\">Pulverbeschichteter Stahl charakterisiert das Gestell der <a href=\"https:\/\/www.raum-blick.de\/jan-kurtz-pino-beistelltisch\">Jan Kurtz Beistelltische Pino<\/a>. Unkonventionell wirken sie durch die Abstellfl\u00e4che, die aus Beton gefertigt ist. So hebt sich das Design vom Standard ab, das insgesamt k\u00fchl akzentuiert ist.<\/p>\n<p><a href=\"https:\/\/www.raum-blick.de\/jan-kurtz-hocker-block\"><img loading=\"lazy\" decoding=\"async\" class=\"aligncenter wp-image-10172 size-full\" title=\"Jan Kurtz \u2013 BLOCK Hocker | Sitzgelegenheit\/Beistelltisch | Design: jan kurtz\" src=\"https:\/\/www.raum-blick.de\/magazin\/wp-content\/uploads\/2020\/03\/jan-kurtz-hocker-block.jpg\" alt=\"jan-kurtz-hocker-block\" width=\"600\" height=\"600\" srcset=\"https:\/\/raum-blick.de\/magazin\/wp-content\/uploads\/2020\/03\/jan-kurtz-hocker-block.jpg 600w, https:\/\/raum-blick.de\/magazin\/wp-content\/uploads\/2020\/03\/jan-kurtz-hocker-block-300x300.jpg 300w, https:\/\/raum-blick.de\/magazin\/wp-content\/uploads\/2020\/03\/jan-kurtz-hocker-block-150x150.jpg 150w\" sizes=\"(max-width: 600px) 100vw, 600px\" \/><\/a><\/p>\n<p style=\"text-align: justify;\">Der moderne Industriestil entfaltet vollends seine Faszinationskraft, wenn sich der Hocker Block hinzugesellt. F\u00fcr ihn schneidet man den Stamm einer Eiche lediglich zurecht. Das Interesse gilt dadurch ausschlie\u00dflich dem urw\u00fcchsigen Charisma des Naturmaterials. Im Gegensatz dazu steht nicht nur die rechteckige Form. Gleiches gilt f\u00fcr den industriellen Touch der Stahlm\u00f6bel im Umfeld.<\/p>\n<h2><span class=\"ez-toc-section\" id=\"Schick_dynamisch_und_alltagstauglich\"><\/span>Schick, dynamisch und alltagstauglich<span class=\"ez-toc-section-end\"><\/span><\/h2>\n<p style=\"text-align: justify;\">Jan Kurtz m\u00f6chte den modernen Lifestyle mit Designklassikern bereichern, die uneingeschr\u00e4nkt \u00fcberzeugen. Das gelingt nur, wenn die stilvollen Puristen den praktischen Anforderungen gerecht werden. Bei den Entw\u00fcrfen achtet man deshalb nicht nur auf die generelle Funktionalit\u00e4t. Die Designer ber\u00fccksichtigen, welche Bed\u00fcrfnisse sich durch die heutige Lebensart ergeben.<\/p>\n<p style=\"text-align: justify;\">Gelungene Exempel daf\u00fcr sind die <a href=\"https:\/\/www.raum-blick.de\/jan-kurtz-flat-beistelltisch\">Jan Kurtz Beistelltische Flat<\/a>. Dank ihrer optischen Leichtigkeit spricht nichts dagegen, vor dem Sofa ein Ensemble zu drapieren. Denn die Pr\u00e4senz mehrerer Exemplare beschwert die Atmosph\u00e4re nicht. Im Gegenteil: Die Design-Tische entfalten durch das kreative Kombinieren eine Dynamik, die der Einrichtung gutsteht. Der wahrhaftige Vorteil ist aber nicht die \u00e4sthetische Wirkung, sondern der funktionale Mehrwert.<\/p>\n<p><a href=\"https:\/\/www.raum-blick.de\/jan-kurtz-flat-beistelltisch\"><img loading=\"lazy\" decoding=\"async\" class=\"aligncenter wp-image-10177 size-full\" title=\"Jan Kurtz \u2013 Beistelltisch FLAT | Beistelltisch | Design: Jan Kurtz\" src=\"https:\/\/www.raum-blick.de\/magazin\/wp-content\/uploads\/2020\/03\/jan-kurtz-flat-beistelltisch.jpg\" alt=\"jan-kurtz-flat-beistelltisch\" width=\"600\" height=\"600\" srcset=\"https:\/\/raum-blick.de\/magazin\/wp-content\/uploads\/2020\/03\/jan-kurtz-flat-beistelltisch.jpg 600w, https:\/\/raum-blick.de\/magazin\/wp-content\/uploads\/2020\/03\/jan-kurtz-flat-beistelltisch-300x300.jpg 300w, https:\/\/raum-blick.de\/magazin\/wp-content\/uploads\/2020\/03\/jan-kurtz-flat-beistelltisch-150x150.jpg 150w\" sizes=\"(max-width: 600px) 100vw, 600px\" \/><\/a><\/p>\n<p style=\"text-align: justify;\">Am Wochenende erwarten Sie eine gro\u00dfe G\u00e4sterunde. F\u00fcr die servierten Getr\u00e4nke und Snacks ben\u00f6tigten sie mehr Stellfl\u00e4che als im Alltag. Es gen\u00fcgt, die Beistelltische nebeneinander zu arrangieren. Schon passt das Platzangebot zu den W\u00fcnschen.<\/p>\n<p style=\"text-align: justify;\">Der Feierabend hat bereits begonnen. Die Beantwortung einiger E-Mails steht trotzdem noch aus. Das hindert Sie nicht daran, sofort die Gem\u00fctlichkeit Ihrer Sofalandschaft zu genie\u00dfen. Gl\u00fccklicherweise hat Jan Kurtz mitgedacht. Denn ein Modell der Designlinie ist so konzipiert, dass es sich als Laptoptisch eignet.<\/p>\n<h2><span class=\"ez-toc-section\" id=\"Mehr_als_Beistelltische_%E2%80%93_Multitalentierte_Lebensbegleiter_mit_Stil\"><\/span>Mehr als Beistelltische \u2013 Multitalentierte Lebensbegleiter mit Stil<span class=\"ez-toc-section-end\"><\/span><\/h2>\n<p style=\"text-align: justify;\">Mitte der 1990er Jahre gr\u00fcndete Jan Kurtz die Marke. Bis heute wird das Unternehmen mit Sitz in Affalterbach vom Inhaber gef\u00fchrt. Er versteht sich weniger als M\u00f6belhersteller. Vielmehr begreift er sich als Verleger von Designideen, die das Leben nachhaltig bereichern. Gemeinsam mit kreativen K\u00f6pfen aus aller Welt entwickelt man M\u00f6belkollektionen und Accessoires. Dabei legt man nicht nur Wert darauf, dass die \u00c4sthetik unabh\u00e4ngig von Trends langfristig \u00fcberzeugt.<\/p>\n<p style=\"text-align: justify;\">Bevorzugt werden Entw\u00fcrfe, die sich flexibel in die Lebenswelt ihrer Nutzer einf\u00fcgen. Sie ben\u00f6tigen neben der Couch einen Beistelltisch. In der Leseecke w\u00fcnschen Sie sich einen Zeitungsst\u00e4nder, der sich gleichzeitig als Ablage eignet.<\/p>\n<p><a href=\"https:\/\/www.raum-blick.de\/jan-kurtz-wuerfel-kubus\"><img loading=\"lazy\" decoding=\"async\" class=\"aligncenter wp-image-10181 size-full\" title=\"Jan Kurtz W\u00fcrfel CUBUS | modulares Regal\/ Beistelltisch | Design: jan kurtz\" src=\"https:\/\/www.raum-blick.de\/magazin\/wp-content\/uploads\/2020\/03\/jan-kurtz-wuerfel-kubus.jpg\" alt=\"jan-kurtz-wuerfel-kubus\" width=\"600\" height=\"600\" srcset=\"https:\/\/raum-blick.de\/magazin\/wp-content\/uploads\/2020\/03\/jan-kurtz-wuerfel-kubus.jpg 600w, https:\/\/raum-blick.de\/magazin\/wp-content\/uploads\/2020\/03\/jan-kurtz-wuerfel-kubus-300x300.jpg 300w, https:\/\/raum-blick.de\/magazin\/wp-content\/uploads\/2020\/03\/jan-kurtz-wuerfel-kubus-150x150.jpg 150w\" sizes=\"(max-width: 600px) 100vw, 600px\" \/><\/a><\/p>\n<p style=\"text-align: justify;\">Bei der Suche ger\u00e4t das <a href=\"https:\/\/www.raum-blick.de\/jan-kurtz-wuerfel-kubus\">System Cubus<\/a> ins Visier. Es hat die Nase vorn, weil es f\u00fcr beide Einrichtungsw\u00fcnsche die treffende L\u00f6sung bietet. Nach dem ersten Umzug sind im Wohnzimmer keine Beistelltische mehr gefragt. Kurzum bauen Sie aus den W\u00fcrfeln ein Regal f\u00fcr den Flur. Der zweite Wohnungswechsel bewirkt die n\u00e4chste Metamorphose: Das neue Bad erfreut mit seinem gro\u00dfz\u00fcgigen Grundriss. Jetzt k\u00f6nnen Sie den Komfort beim Ankleiden und Ausziehen endlich durch eine Sitzgelegenheit steigern.<\/p>\n<p style=\"text-align: justify;\">Als Badezimmerhocker machen Ihre Allesk\u00f6nner eine exzellente Figur. Die Beispiele verdeutlichen, wie offen f\u00fcr Ver\u00e4nderungen die Einrichtungsideen des s\u00fcddeutschen Designunternehmens sind. Das gilt nicht nur f\u00fcr die Jan Kurtz Beistelltische. Die anhaltende Harmonie mit dem pers\u00f6nlichen Lifestyle ist Teil der Markenidentit\u00e4t.<\/p>\n","protected":false},"excerpt":{"rendered":"<p>\u00ab Deutsche Designmarke pr\u00e4gt neue Klassiker in eigener Weise \u00bb Die Spezialit\u00e4t der deutschen Marke sind neue Klassiker, die sich harmonisch ins Interieur integrieren und das moderne Leben bereichern. F\u00fcr die puristische \u00c4sthetik gilt das ebenso wie das funktionale Design. Das erschlie\u00dft sich beim Zoom auf die schlicht schicken Beistelltische von Jan Kurtz. Minimalismus der [&hellip;]<\/p>\n","protected":false},"author":4,"featured_media":10192,"comment_status":"closed","ping_status":"open","sticky":false,"template":"","format":"standard","meta":{"_et_pb_use_builder":"","_et_pb_old_content":"","_et_gb_content_width":"","inline_featured_image":false,"footnotes":""},"categories":[8],"tags":[615,159,334,158,1053,1051,911,1015,1052],"class_list":["post-10153","post","type-post","status-publish","format-standard","has-post-thumbnail","hentry","category-features","tag-beistelltisch","tag-beistelltische","tag-design","tag-hocker","tag-industrie","tag-jan-kurtz","tag-regal","tag-sitzgelegenheit","tag-wuerfel"],"_links":{"self":[{"href":"https:\/\/raum-blick.de\/magazin\/wp-json\/wp\/v2\/posts\/10153","targetHints":{"allow":["GET"]}}],"collection":[{"href":"https:\/\/raum-blick.de\/magazin\/wp-json\/wp\/v2\/posts"}],"about":[{"href":"https:\/\/raum-blick.de\/magazin\/wp-json\/wp\/v2\/types\/post"}],"author":[{"embeddable":true,"href":"https:\/\/raum-blick.de\/magazin\/wp-json\/wp\/v2\/users\/4"}],"replies":[{"embeddable":true,"href":"https:\/\/raum-blick.de\/magazin\/wp-json\/wp\/v2\/comments?post=10153"}],"version-history":[{"count":34,"href":"https:\/\/raum-blick.de\/magazin\/wp-json\/wp\/v2\/posts\/10153\/revisions"}],"predecessor-version":[{"id":10194,"href":"https:\/\/raum-blick.de\/magazin\/wp-json\/wp\/v2\/posts\/10153\/revisions\/10194"}],"wp:featuredmedia":[{"embeddable":true,"href":"https:\/\/raum-blick.de\/magazin\/wp-json\/wp\/v2\/media\/10192"}],"wp:attachment":[{"href":"https:\/\/raum-blick.de\/magazin\/wp-json\/wp\/v2\/media?parent=10153"}],"wp:term":[{"taxonomy":"category","embeddable":true,"href":"https:\/\/raum-blick.de\/magazin\/wp-json\/wp\/v2\/categories?post=10153"},{"taxonomy":"post_tag","embeddable":true,"href":"https:\/\/raum-blick.de\/magazin\/wp-json\/wp\/v2\/tags?post=10153"}],"curies":[{"name":"wp","href":"https:\/\/api.w.org\/{rel}","templated":true}]}}