{"id":1010,"date":"2016-09-07T14:02:20","date_gmt":"2016-09-07T12:02:20","guid":{"rendered":"https:\/\/www.raum-blick.de\/magazin\/?p=1010"},"modified":"2022-05-24T19:15:22","modified_gmt":"2022-05-24T17:15:22","slug":"stelton-emma","status":"publish","type":"post","link":"https:\/\/raum-blick.de\/magazin\/stelton-emma\/","title":{"rendered":"Stelton Emma"},"content":{"rendered":"<h2><span class=\"ez-toc-section\" id=\"%C2%AB_Zeitloses_Design_von_Sebastian_Holmbaeck_Ulrik_Nordentoft_%C2%BB\"><\/span>\u00ab Zeitloses Design von Sebastian Holmb\u00e4ck &amp; Ulrik Nordentoft \u00bb<span class=\"ez-toc-section-end\"><\/span><\/h2>\n<p style=\"text-align: justify;\"><strong>Formale Klarheit, hochwertige \u00c4sthetik und eine Funktionalit\u00e4t, die begeistert: Diese Charakteristiken pr\u00e4gen das d\u00e4nische Design der Haushaltswaren von Stelton ebenso wie die Entw\u00fcrfe von Sebastian Holmb\u00e4ck und Ulrik Nordentoft. Das kreative Duo steckt hinter der erfolgreichen Kollektion Emma, die ohne viel Aufhebens die kleinste Kaffeepause zum stilvollen Wohlf\u00fchl-Moment werden l\u00e4sst. <\/strong><\/p>\n<h2><span class=\"ez-toc-section\" id=\"Eine_Klasse_fuer_sich\"><\/span>Eine Klasse f\u00fcr sich<span class=\"ez-toc-section-end\"><\/span><\/h2>\n<p style=\"text-align: justify;\">Wer eine Schw\u00e4che f\u00fcr skandinavisches Design hat, kommt an Stelton kaum vorbei. Das 1960 in Hellerup gegr\u00fcndete Unternehmen z\u00e4hlt weltweit zu den bekanntesten Marken D\u00e4nemarks, wenn es um Haushaltsgegenst\u00e4nde und skandinavischen Lifestyle geht.<\/p><div id=\"ez-toc-container\" class=\"ez-toc-v2_0_82_2 counter-hierarchy ez-toc-counter ez-toc-grey ez-toc-container-direction\">\n<div class=\"ez-toc-title-container\">\n<p class=\"ez-toc-title\" style=\"cursor:inherit\">Was hier auf Sie wartet<\/p>\n<span class=\"ez-toc-title-toggle\"><a href=\"#\" class=\"ez-toc-pull-right ez-toc-btn ez-toc-btn-xs ez-toc-btn-default ez-toc-toggle\" aria-label=\"Toggle Table of Content\"><span class=\"ez-toc-js-icon-con\"><span class=\"\"><span class=\"eztoc-hide\" style=\"display:none;\">Toggle<\/span><span class=\"ez-toc-icon-toggle-span\"><svg style=\"fill: #999;color:#999\" xmlns=\"http:\/\/www.w3.org\/2000\/svg\" class=\"list-377408\" width=\"20px\" height=\"20px\" viewBox=\"0 0 24 24\" fill=\"none\"><path d=\"M6 6H4v2h2V6zm14 0H8v2h12V6zM4 11h2v2H4v-2zm16 0H8v2h12v-2zM4 16h2v2H4v-2zm16 0H8v2h12v-2z\" fill=\"currentColor\"><\/path><\/svg><svg style=\"fill: #999;color:#999\" class=\"arrow-unsorted-368013\" xmlns=\"http:\/\/www.w3.org\/2000\/svg\" width=\"10px\" height=\"10px\" viewBox=\"0 0 24 24\" version=\"1.2\" baseProfile=\"tiny\"><path d=\"M18.2 9.3l-6.2-6.3-6.2 6.3c-.2.2-.3.4-.3.7s.1.5.3.7c.2.2.4.3.7.3h11c.3 0 .5-.1.7-.3.2-.2.3-.5.3-.7s-.1-.5-.3-.7zM5.8 14.7l6.2 6.3 6.2-6.3c.2-.2.3-.5.3-.7s-.1-.5-.3-.7c-.2-.2-.4-.3-.7-.3h-11c-.3 0-.5.1-.7.3-.2.2-.3.5-.3.7s.1.5.3.7z\"\/><\/svg><\/span><\/span><\/span><\/a><\/span><\/div>\n<nav><ul class='ez-toc-list ez-toc-list-level-1 ' ><li class='ez-toc-page-1 ez-toc-heading-level-2'><a class=\"ez-toc-link ez-toc-heading-1\" href=\"https:\/\/raum-blick.de\/magazin\/stelton-emma\/#%C2%AB_Zeitloses_Design_von_Sebastian_Holmbaeck_Ulrik_Nordentoft_%C2%BB\" >\u00ab Zeitloses Design von Sebastian Holmb\u00e4ck &amp; Ulrik Nordentoft \u00bb<\/a><\/li><li class='ez-toc-page-1 ez-toc-heading-level-2'><a class=\"ez-toc-link ez-toc-heading-2\" href=\"https:\/\/raum-blick.de\/magazin\/stelton-emma\/#Eine_Klasse_fuer_sich\" >Eine Klasse f\u00fcr sich<\/a><\/li><li class='ez-toc-page-1 ez-toc-heading-level-2'><a class=\"ez-toc-link ez-toc-heading-3\" href=\"https:\/\/raum-blick.de\/magazin\/stelton-emma\/#Daenischer_Stil_modern_interpretiert_Design-Geschirr_Emma\" >D\u00e4nischer Stil modern interpretiert: Design-Geschirr Emma<\/a><\/li><li class='ez-toc-page-1 ez-toc-heading-level-2'><a class=\"ez-toc-link ez-toc-heading-4\" href=\"https:\/\/raum-blick.de\/magazin\/stelton-emma\/#Emotional_beruehrende_Klarheit_und_funktionale_Raffinesse\" >Emotional ber\u00fchrende Klarheit und funktionale Raffinesse<\/a><\/li><li class='ez-toc-page-1 ez-toc-heading-level-2'><a class=\"ez-toc-link ez-toc-heading-5\" href=\"https:\/\/raum-blick.de\/magazin\/stelton-emma\/#Emma_%E2%80%93_eine_gemeinsame_Erfolgsgeschichte\" >Emma &#8211; eine gemeinsame Erfolgsgeschichte<\/a><\/li><li class='ez-toc-page-1 ez-toc-heading-level-2'><a class=\"ez-toc-link ez-toc-heading-6\" href=\"https:\/\/raum-blick.de\/magazin\/stelton-emma\/#Stelton_Collar_%E2%80%93_italienische_Kaffeekultur_und_skandinavisches_Produktdesign\" >Stelton Collar \u2013 italienische Kaffeekultur und skandinavisches Produktdesign<\/a><\/li><\/ul><\/nav><\/div>\n\n<p style=\"text-align: justify;\"><img loading=\"lazy\" decoding=\"async\" class=\"aligncenter wp-image-1080 size-full\" title=\"stelton T Tasse aus Glas mit robustem Griff | 2er-Set\" src=\"https:\/\/www.raum-blick.de\/magazin\/wp-content\/uploads\/2016\/10\/stelton-T-Tasse-aus-Glas-mit-robustem-Griff-2er-Set.jpg\" alt=\"stelton T Tasse aus Glas mit robustem Griff 2er-Set\" width=\"600\" height=\"308\" srcset=\"https:\/\/raum-blick.de\/magazin\/wp-content\/uploads\/2016\/10\/stelton-T-Tasse-aus-Glas-mit-robustem-Griff-2er-Set.jpg 600w, https:\/\/raum-blick.de\/magazin\/wp-content\/uploads\/2016\/10\/stelton-T-Tasse-aus-Glas-mit-robustem-Griff-2er-Set-300x154.jpg 300w\" sizes=\"(max-width: 600px) 100vw, 600px\" \/><\/p>\n<p style=\"text-align: justify;\">Der Erfolg ist einem flinken Kurswechsel gleich zu Beginn der Firmenhistorie zu verdanken. Die Gesch\u00e4fte mit dem geplanten Verkauf von Sportschuhen und M\u00f6beln liefen m\u00e4\u00dfig. So gerieten der Hersteller Danish Stainless und dessen Sauciere aus Edelstahl ins Visier, die bei den Kunden bestens ankam. Daran kn\u00fcpfte der 1963 dazu gesto\u00dfene Peter Holmblad an und nutzte seine Kontakte zu einer Gr\u00f6\u00dfe des d\u00e4nischen Designs. Er beauftragte Arne Jacobsen damit, eine Edelstahlserie f\u00fcr das Label zu entwerfen, f\u00fcr deren straffe und zylindrische Form sowohl neue Maschinen als auch Schwei\u00dftechniken notwendig waren.<\/p>\n<p style=\"text-align: justify;\"><img loading=\"lazy\" decoding=\"async\" class=\"aligncenter wp-image-1028 size-full\" title=\"stelton Isolierkanne mit Wippverschluss - Design: Erik Magnussen | Volumen: 1 Liter\" src=\"https:\/\/www.raum-blick.de\/magazin\/wp-content\/uploads\/2016\/10\/stelton-Isolierkanne-Wippverschluss-Volumen-1-Liter.jpg\" alt=\"stelton Isolierkanne Wippverschluss Volumen 1 Liter\" width=\"600\" height=\"600\" srcset=\"https:\/\/raum-blick.de\/magazin\/wp-content\/uploads\/2016\/10\/stelton-Isolierkanne-Wippverschluss-Volumen-1-Liter.jpg 600w, https:\/\/raum-blick.de\/magazin\/wp-content\/uploads\/2016\/10\/stelton-Isolierkanne-Wippverschluss-Volumen-1-Liter-150x150.jpg 150w, https:\/\/raum-blick.de\/magazin\/wp-content\/uploads\/2016\/10\/stelton-Isolierkanne-Wippverschluss-Volumen-1-Liter-300x300.jpg 300w\" sizes=\"(max-width: 600px) 100vw, 600px\" \/><\/p>\n<p style=\"text-align: justify;\">Dieser Aufwand f\u00fcr die Cylinda-Line hat sich gelohnt. Sie verhalfen dem Unternehmen nicht nur zum internationalen Durchbruch. Viele Designst\u00fccke aus der Kollektion wurden in bedeutende Sammlungen, beispielsweise im New Yorker Museum of Art, aufgenommen. Der \u00e4sthetischen Brillanz von Arne Jacobsen schloss sich Erik Magnussen an, dessen Isolierkanne von Stelton den Designklassikern der Moderne zugeordnet wird.<\/p>\n<p style=\"text-align: justify;\"><img loading=\"lazy\" decoding=\"async\" class=\"aligncenter wp-image-1078 size-full\" title=\"stelton Kaffeezubereiter aus Stahl &amp; Kunststoff | Volumen: 8 Tassen\" src=\"https:\/\/www.raum-blick.de\/magazin\/wp-content\/uploads\/2016\/10\/stelton-Kaffeezubereiter-Stahl-Kunststoff-Volumen-8-Tassen.jpg\" alt=\"stelton Kaffeezubereiter Stahl Kunststoff Volumen 8 Tassen\" width=\"600\" height=\"600\" srcset=\"https:\/\/raum-blick.de\/magazin\/wp-content\/uploads\/2016\/10\/stelton-Kaffeezubereiter-Stahl-Kunststoff-Volumen-8-Tassen.jpg 600w, https:\/\/raum-blick.de\/magazin\/wp-content\/uploads\/2016\/10\/stelton-Kaffeezubereiter-Stahl-Kunststoff-Volumen-8-Tassen-150x150.jpg 150w, https:\/\/raum-blick.de\/magazin\/wp-content\/uploads\/2016\/10\/stelton-Kaffeezubereiter-Stahl-Kunststoff-Volumen-8-Tassen-300x300.jpg 300w\" sizes=\"(max-width: 600px) 100vw, 600px\" \/><\/p>\n<p style=\"text-align: justify;\">\u00dcber 30 Jahre signierten das \u00f6konomische Talent von Peter Holmblad und die Kreativit\u00e4t von Erik Magnussen das Portfolio der etablierten Marke. Dieses Erbe \u00fcbernahm im Jahr 2004 der neue Inhaber Michael Ring und sorgt bei allem Respekt gegen\u00fcber der Tradition f\u00fcr frischen Wind bei Stelton. Ma\u00dfgeblich beteiligt sind an der Renaissance junge Designer, die der zylindrischen Klarheit der Klassiker etwas weichere Aspekte entgegensetzen.<\/p>\n<h2><span class=\"ez-toc-section\" id=\"Daenischer_Stil_modern_interpretiert_Design-Geschirr_Emma\"><\/span><img loading=\"lazy\" decoding=\"async\" class=\"alignleft wp-image-1061 size-full\" title=\"stelton Kontra Schale Obst- und Salatschale aus Bambus und Edelstahl\" src=\"https:\/\/www.raum-blick.de\/magazin\/wp-content\/uploads\/2016\/10\/stelton-Kontra-Schale-Obst-und-Salatschale-aus-Bambus-und-Edelstahl.jpg\" alt=\"stelton Kontra Schale Obst- und Salatschale aus Bambus und Edelstahl\" width=\"313\" height=\"190\" srcset=\"https:\/\/raum-blick.de\/magazin\/wp-content\/uploads\/2016\/10\/stelton-Kontra-Schale-Obst-und-Salatschale-aus-Bambus-und-Edelstahl.jpg 313w, https:\/\/raum-blick.de\/magazin\/wp-content\/uploads\/2016\/10\/stelton-Kontra-Schale-Obst-und-Salatschale-aus-Bambus-und-Edelstahl-300x182.jpg 300w\" sizes=\"(max-width: 313px) 100vw, 313px\" \/>D\u00e4nischer Stil modern interpretiert: Design-Geschirr Emma<span class=\"ez-toc-section-end\"><\/span><\/h2>\n<p style=\"text-align: justify;\">Zu den Wegbereitern des neuen Stils geh\u00f6ren Sebastian Holmb\u00e4ck und Ulrik Nordentoft, die die Kollektion Stelton Emma entwarfen. Stilistisch wegweisend ist schon der Name Danish Modern 2.0. Diesem Designprojekt ordnet sich die Serie gemeinsam mit anderen Kollektionen wie Kontra und Reflection unter. Dabei geht es um den Siegeszug des d\u00e4nischen Designs in den 1950er und 1960er Jahren. So gesellt sich dank der Stelton Emma-Serie ein Hauch Kunstgeschichte auf den Tisch, dessen gegenw\u00e4rtige Interpretation zugleich erfrischend jung erscheint. Viel mehr k\u00f6nnen Haushaltsgegenst\u00e4nde kaum leisten, um den allt\u00e4glichen Lifestyle das gewisse Etwas zu verleihen. Dass diese Melange aus Retro und Moderne die Herzen von Liebhabern hochwertiger Designs erobert, scheint vorprogrammiert.<\/p>\n<p><center><img loading=\"lazy\" decoding=\"async\" class=\"alignnone wp-image-1063 size-full\" title=\"stelton Reflection Schale aus Eichenholz und blankpoliertem Edelstahl\" src=\"https:\/\/www.raum-blick.de\/magazin\/wp-content\/uploads\/2016\/10\/stelton-Reflection-Schale-Eichenholz-Edelstahl.jpg\" alt=\"stelton Reflection Schale Eichenholz Edelstahl\" width=\"200\" height=\"200\" srcset=\"https:\/\/raum-blick.de\/magazin\/wp-content\/uploads\/2016\/10\/stelton-Reflection-Schale-Eichenholz-Edelstahl.jpg 200w, https:\/\/raum-blick.de\/magazin\/wp-content\/uploads\/2016\/10\/stelton-Reflection-Schale-Eichenholz-Edelstahl-150x150.jpg 150w\" sizes=\"(max-width: 200px) 100vw, 200px\" \/> <img loading=\"lazy\" decoding=\"async\" class=\"alignnone wp-image-1064 size-full\" title=\"stelton Reflection Kerzenst\u00e4nder aus Edelstahl mit Beschichtung | H\u00f6he: 17 cm \/ 23 cm\" src=\"https:\/\/www.raum-blick.de\/magazin\/wp-content\/uploads\/2016\/10\/stelton-Reflection-Kerzenst\u00e4nder-Edelstahl-H\u00f6he-17-cm-oder-23-cm.jpg\" alt=\"stelton Reflection Kerzenst\u00e4nder Edelstahl H\u00f6he 17 cm oder 23 cm\" width=\"200\" height=\"200\" srcset=\"https:\/\/raum-blick.de\/magazin\/wp-content\/uploads\/2016\/10\/stelton-Reflection-Kerzenst\u00e4nder-Edelstahl-H\u00f6he-17-cm-oder-23-cm.jpg 200w, https:\/\/raum-blick.de\/magazin\/wp-content\/uploads\/2016\/10\/stelton-Reflection-Kerzenst\u00e4nder-Edelstahl-H\u00f6he-17-cm-oder-23-cm-150x150.jpg 150w\" sizes=\"(max-width: 200px) 100vw, 200px\" \/> <img loading=\"lazy\" decoding=\"async\" class=\"alignnone wp-image-1065 size-full\" title=\"stelton Kontra Isolierkanne aus poliertem Edelstahl | Inhalt: 1 Liter\" src=\"https:\/\/www.raum-blick.de\/magazin\/wp-content\/uploads\/2016\/10\/stelton-Kontra-Isolierkanne-aus-poliertem-Edelstahl-Inhalt-1-Liter.jpg\" alt=\"stelton Kontra Isolierkanne aus poliertem Edelstahl Inhalt 1 Liter\" width=\"200\" height=\"200\" srcset=\"https:\/\/raum-blick.de\/magazin\/wp-content\/uploads\/2016\/10\/stelton-Kontra-Isolierkanne-aus-poliertem-Edelstahl-Inhalt-1-Liter.jpg 200w, https:\/\/raum-blick.de\/magazin\/wp-content\/uploads\/2016\/10\/stelton-Kontra-Isolierkanne-aus-poliertem-Edelstahl-Inhalt-1-Liter-150x150.jpg 150w\" sizes=\"(max-width: 200px) 100vw, 200px\" \/><\/center><\/p>\n<p style=\"text-align: justify;\">Allerdings bleibt es nicht dabei. Die brillanten Entw\u00fcrfe des Duos Holmb\u00e4ck \/ Nordentoft wirken pointiert, klar, sanft, traditionsbewusst, innovativ, extravagant und dezent. Gewiss l\u00e4sst sich diese Liste der Assoziationen um viele andere Attribute erg\u00e4nzen, die Designfans und Skandinavien-Liebhaber mit der Emma Linie verkn\u00fcpfen. Genau diese Offenheit f\u00fcr die pers\u00f6nliche Lebensart und den individuellen Blickwinkel ist der Clou jener Kollektion, die sich als Nachfolger eines echten Volksgeschirrs versteht.<\/p>\n<p style=\"text-align: justify;\"><img loading=\"lazy\" decoding=\"async\" class=\"aligncenter wp-image-1055 size-full\" title=\"stelton Emma Thermobecher aus Porzellan im 2er-Set | Volumen: 0,25 Liter\" src=\"https:\/\/www.raum-blick.de\/magazin\/wp-content\/uploads\/2016\/10\/stelton-Emma-Thermobecher-2er-Set-Volumen-025-Liter.jpg\" alt=\"stelton Emma Thermobecher 2er Set Volumen 0,25 Liter\" width=\"600\" height=\"356\" srcset=\"https:\/\/raum-blick.de\/magazin\/wp-content\/uploads\/2016\/10\/stelton-Emma-Thermobecher-2er-Set-Volumen-025-Liter.jpg 600w, https:\/\/raum-blick.de\/magazin\/wp-content\/uploads\/2016\/10\/stelton-Emma-Thermobecher-2er-Set-Volumen-025-Liter-300x178.jpg 300w\" sizes=\"(max-width: 600px) 100vw, 600px\" \/><\/p>\n<p style=\"text-align: justify;\">Neben Milchk\u00e4nnchen oder Thermobecher aus Porzellan geh\u00f6ren praktische Accessoires wie ein Salz-\/Pfefferset und funktionale Designobjekte wie eine Isolierkanne zum Sortiment. Die Alltagsn\u00e4he der Serie und die hohe Kompetenz von Stelton spiegeln sich darin wider, dass sich sogar der Wasserkocher harmonisch in das Szenario einf\u00fcgt.<\/p>\n<h2><span class=\"ez-toc-section\" id=\"Emotional_beruehrende_Klarheit_und_funktionale_Raffinesse\"><\/span>Emotional ber\u00fchrende Klarheit und funktionale Raffinesse<span class=\"ez-toc-section-end\"><\/span><\/h2>\n<p style=\"text-align: justify;\">Den Sinn f\u00fcrs Sch\u00f6ne bekam Sebastian Holmb\u00e4ck bei seiner Geburt im Jahr 1974 quasi in die Wiege gelegt. Seine Mutter widmete sich leidenschaftlich dem Grafikdesign, sein Vater dem eigenen Designunternehmen. Demnach \u00fcberrascht das Studium an der D\u00e4nischen Design Schule wenig, dass er 1998 abschloss. Dort lernte er auch Ulrik Nordentoft kennen, der ebenso sein Talent beim Studium ausfeilte und seit rund zwei Jahrzehnten eine feste Gr\u00f6\u00dfe in der d\u00e4nischen Designszene ist.<\/p>\n<p style=\"text-align: justify;\"><img loading=\"lazy\" decoding=\"async\" class=\"aligncenter wp-image-1070 size-full\" title=\"stelton Emma Tablett | Serviertablett aus Laminat mit Bambusrand\" src=\"https:\/\/www.raum-blick.de\/magazin\/wp-content\/uploads\/2016\/10\/stelton-Emma-Tablett-Serviertablett-aus-Laminat-mit-Bambusrand.jpg\" alt=\"stelton Emma Tablett Serviertablett aus Laminat mit Bambusrand\" width=\"600\" height=\"404\" srcset=\"https:\/\/raum-blick.de\/magazin\/wp-content\/uploads\/2016\/10\/stelton-Emma-Tablett-Serviertablett-aus-Laminat-mit-Bambusrand.jpg 600w, https:\/\/raum-blick.de\/magazin\/wp-content\/uploads\/2016\/10\/stelton-Emma-Tablett-Serviertablett-aus-Laminat-mit-Bambusrand-300x202.jpg 300w, https:\/\/raum-blick.de\/magazin\/wp-content\/uploads\/2016\/10\/stelton-Emma-Tablett-Serviertablett-aus-Laminat-mit-Bambusrand-110x75.jpg 110w\" sizes=\"(max-width: 600px) 100vw, 600px\" \/><\/p>\n<p style=\"text-align: justify;\">Rund zehn Jahre nach der Graduierung gr\u00fcndeten die beiden K\u00fcnstler das gemeinsame Holmb\u00e4ckNordentoft Studio. Eine blendende Idee, denn schon bald gingen preisgekr\u00f6nte Designideen aus der sieben Jahre w\u00e4hrenden Kooperation hervor. Ulrik Nordentoft wird f\u00fcr seinen au\u00dfergew\u00f6hnlichen Mix aus Pragmatismus, Ehrlichkeit und formalem Minimalismus gesch\u00e4tzt. Sowohl seine Objekte als auch seine Interieur-Konzepte f\u00fcr die Gastronomie tragen zu einer unbeschwerten Atmosph\u00e4re bei. Klare Linien, die als \u00e4sthetische Punktlandung den Betrachter emotional ansprechen, sind auch f\u00fcr seinen Studio-Partner typisch. Zugleich gilt das verst\u00e4rkte Interesse von Sebastian Holmb\u00e4ck der technischen Exzellenz des Designs.<\/p>\n<p><center><img loading=\"lazy\" decoding=\"async\" class=\"alignnone wp-image-1072 size-full\" title=\"stelton Emma Zuckerdose aus glasiertem Porzellan mit Deckel\" src=\"https:\/\/www.raum-blick.de\/magazin\/wp-content\/uploads\/2016\/10\/stelton-Emma-Zuckerdose-mit-Deckel-Porzellan-glasiert.jpg\" alt=\"stelton Emma Zuckerdose mit Deckel Porzellan glasiert\" width=\"300\" height=\"300\" srcset=\"https:\/\/raum-blick.de\/magazin\/wp-content\/uploads\/2016\/10\/stelton-Emma-Zuckerdose-mit-Deckel-Porzellan-glasiert.jpg 300w, https:\/\/raum-blick.de\/magazin\/wp-content\/uploads\/2016\/10\/stelton-Emma-Zuckerdose-mit-Deckel-Porzellan-glasiert-150x150.jpg 150w\" sizes=\"(max-width: 300px) 100vw, 300px\" \/> <a href=\"https:\/\/www.raum-blick.de\/emma-becher-2-stueck-stelton\"><img loading=\"lazy\" decoding=\"async\" class=\"alignnone wp-image-1073 size-full\" title=\"stelton Emma Becher aus glasiertem Porzellan | 2er-Set\" src=\"https:\/\/www.raum-blick.de\/magazin\/wp-content\/uploads\/2016\/10\/stelton-Emma-Becher-glasiert-Porzellan-2er-Set.jpg\" alt=\"stelton Emma Becher glasiert Porzellan 2er-Set\" width=\"300\" height=\"300\" srcset=\"https:\/\/raum-blick.de\/magazin\/wp-content\/uploads\/2016\/10\/stelton-Emma-Becher-glasiert-Porzellan-2er-Set.jpg 300w, https:\/\/raum-blick.de\/magazin\/wp-content\/uploads\/2016\/10\/stelton-Emma-Becher-glasiert-Porzellan-2er-Set-150x150.jpg 150w\" sizes=\"(max-width: 300px) 100vw, 300px\" \/><\/a><\/center><\/p>\n<p style=\"text-align: justify;\">So ergeben sich bei den renommierten K\u00fcnstlern aus Skandinavien stilistische Parallelen und Komponenten, bei denen sie sich optimal erg\u00e4nzen. So auch bei Emma!<\/p>\n<h2><span class=\"ez-toc-section\" id=\"Emma_%E2%80%93_eine_gemeinsame_Erfolgsgeschichte\"><\/span>Emma &#8211; eine gemeinsame Erfolgsgeschichte<span class=\"ez-toc-section-end\"><\/span><\/h2>\n<p style=\"text-align: justify;\">Im Verlauf ihrer Karriere wurden Sebastian Holmb\u00e4ck und Ulrik Nordentoft unabh\u00e4ngig voneinander mit einigen Auszeichnungen gew\u00fcrdigt. Reichlich Lorbeeren gab es auch f\u00fcr die gemeinsamen Entw\u00fcrfe aus dem Studio Holmb\u00e4ckNordentoft.<\/p>\n<p style=\"text-align: justify;\"><img loading=\"lazy\" decoding=\"async\" class=\"wp-image-1026 size-full aligncenter\" title=\"stelton Emma: Wasserkocher mit herausnehmbaren Kalkfilter | Volumen: 1,2 Liter\" src=\"https:\/\/www.raum-blick.de\/magazin\/wp-content\/uploads\/2016\/10\/stelton-Emma-Wasserkocher-Volumen-12-Liter-e1473252315190.jpg\" alt=\"stelton Emma Wasserkocher Volumen 1,2 Liter\" width=\"600\" height=\"558\" srcset=\"https:\/\/raum-blick.de\/magazin\/wp-content\/uploads\/2016\/10\/stelton-Emma-Wasserkocher-Volumen-12-Liter-e1473252315190.jpg 600w, https:\/\/raum-blick.de\/magazin\/wp-content\/uploads\/2016\/10\/stelton-Emma-Wasserkocher-Volumen-12-Liter-e1473252315190-300x279.jpg 300w\" sizes=\"(max-width: 600px) 100vw, 600px\" \/><\/p>\n<p style=\"text-align: justify;\">Mit dem Red Dot Award 2014 und dem German Design Award 2015 wurde zum Beispiel der Wasserkocher mit Kalkfilter aus dem Sortiment von Stelton Emma ausgezeichnet.<\/p>\n<p><center><img loading=\"lazy\" decoding=\"async\" class=\"alignnone wp-image-1035 size-full\" title=\"stelton Emma Milchk\u00e4nnchen aus doppelwandigem Porzellan | Volumen: 0,3 Liter\" src=\"https:\/\/www.raum-blick.de\/magazin\/wp-content\/uploads\/2016\/10\/stelton-Emma-Milchk\u00e4nnchen-Porzellan-Volumen-03-Liter.jpg\" alt=\"stelton Emma Milchk\u00e4nnchen Porzellan Volumen 0,3 Liter\" width=\"300\" height=\"300\" srcset=\"https:\/\/raum-blick.de\/magazin\/wp-content\/uploads\/2016\/10\/stelton-Emma-Milchk\u00e4nnchen-Porzellan-Volumen-03-Liter.jpg 300w, https:\/\/raum-blick.de\/magazin\/wp-content\/uploads\/2016\/10\/stelton-Emma-Milchk\u00e4nnchen-Porzellan-Volumen-03-Liter-150x150.jpg 150w\" sizes=\"(max-width: 300px) 100vw, 300px\" \/> <img loading=\"lazy\" decoding=\"async\" class=\"alignnone wp-image-1034 size-full\" title=\"stelton Emma Kaffee-Isolierkanne mit praktischem Klickdeckel | Volumen: 1,2 Liter\" src=\"https:\/\/www.raum-blick.de\/magazin\/wp-content\/uploads\/2016\/10\/stelton-Emma-Kaffee-Isolierkanne-Klickdeckel-Volumen-12-Liter.jpg\" alt=\"stelton Emma Kaffee-Isolierkanne Klickdeckel Volumen 1,2 Liter\" width=\"300\" height=\"300\" srcset=\"https:\/\/raum-blick.de\/magazin\/wp-content\/uploads\/2016\/10\/stelton-Emma-Kaffee-Isolierkanne-Klickdeckel-Volumen-12-Liter.jpg 300w, https:\/\/raum-blick.de\/magazin\/wp-content\/uploads\/2016\/10\/stelton-Emma-Kaffee-Isolierkanne-Klickdeckel-Volumen-12-Liter-150x150.jpg 150w\" sizes=\"(max-width: 300px) 100vw, 300px\" \/><\/center><\/p>\n<p style=\"text-align: justify;\">Beim iF Produktdesign Award 2014 \u00fcberzeugten unter anderem das Thermosmilchk\u00e4nnchen und die Isolierkanne aus der Kollektion. Es gen\u00fcgt ein fl\u00fcchtiger Blick auf das harmonische Design der hochgl\u00e4nzend lackierten Isolierkanne aus Edelstahl oder das formsch\u00f6ne K\u00e4nnchen mit der dezenten Farbgebung. Schon erschlie\u00dfen sich die einzigartige \u00c4sthetik der Serie und der Stil der beiden Designer. Gleicherma\u00dfen spiegelt sich der Sinn f\u00fcr Funktionalit\u00e4t wider, der f\u00fcr Sebastian Holmb\u00e4ck ebenso charakteristisch ist wie f\u00fcr das Label und das d\u00e4nische Design generell. In dem doppelwandigen Design-Geschirr l\u00e4sst sich die Milch ansprechend servieren und bleibt auf Temperatur.<\/p>\n<p style=\"text-align: justify;\"><img loading=\"lazy\" decoding=\"async\" class=\"aligncenter wp-image-1032 size-full\" title=\"stelton Emma Tee-Isolierkanne mit integriertem Smart-Filter | Volumen: 1 Liter\" src=\"https:\/\/www.raum-blick.de\/magazin\/wp-content\/uploads\/2016\/10\/stelton-Emma-Tee-Isolierkanne-Smart-Filter-Volumen-1-Liter.jpg\" alt=\"stelton Emma Tee-Isolierkanne Smart-Filter Volumen 1 Liter\" width=\"600\" height=\"440\" srcset=\"https:\/\/raum-blick.de\/magazin\/wp-content\/uploads\/2016\/10\/stelton-Emma-Tee-Isolierkanne-Smart-Filter-Volumen-1-Liter.jpg 600w, https:\/\/raum-blick.de\/magazin\/wp-content\/uploads\/2016\/10\/stelton-Emma-Tee-Isolierkanne-Smart-Filter-Volumen-1-Liter-300x220.jpg 300w\" sizes=\"(max-width: 600px) 100vw, 600px\" \/><\/p>\n<p style=\"text-align: justify;\">Dank eines ausgekl\u00fcgelten Systems bei der Isolierkanne f\u00fcr Tee m\u00fcssen die Bl\u00e4tter erst entfernt werden, nachdem Sie das Hei\u00dfgetr\u00e4nk entspannt genossen haben.<\/p>\n<h2><span class=\"ez-toc-section\" id=\"Stelton_Collar_%E2%80%93_italienische_Kaffeekultur_und_skandinavisches_Produktdesign\"><\/span>Stelton Collar \u2013 italienische Kaffeekultur und skandinavisches Produktdesign<span class=\"ez-toc-section-end\"><\/span><\/h2>\n<p style=\"text-align: justify;\">Die Marke widmet sich vielfach dem Thema Kaffeegeschirr und stellt auch im Jahr 2016 ihre gro\u00dfe Liebe in immer neuen Facetten unter Beweis. Die italienischen Designer Daniel Debiasi und Federico Sandri konnten die D\u00e4nen f\u00fcr die Linie Collar gewinnen, die neben klassischen Serviceteilen wie Milchk\u00e4nnchen und Zuckerdose auch eine Kaffeem\u00fchle und einen Espressokocher f\u00fcr das Unternehmen designt haben.<\/p>\n<p><center><img loading=\"lazy\" decoding=\"async\" class=\"alignnone wp-image-1043 size-full\" title=\"stelton Collar Milchk\u00e4nnchen f\u00fcr Gas- und Elektroherde geeignet | Inhalt: 0,5 Liter\" src=\"https:\/\/www.raum-blick.de\/magazin\/wp-content\/uploads\/2016\/10\/stelton-Collar-Milchk\u00e4nnchen-f\u00fcr-Gas-und-Elektroherde-geeignet-Inhalt-05-Liter.jpg\" alt=\"stelton Collar Milchk\u00e4nnchen f\u00fcr Gas- und Elektroherde geeignet Inhalt 0,5 Liter\" width=\"200\" height=\"200\" srcset=\"https:\/\/raum-blick.de\/magazin\/wp-content\/uploads\/2016\/10\/stelton-Collar-Milchk\u00e4nnchen-f\u00fcr-Gas-und-Elektroherde-geeignet-Inhalt-05-Liter.jpg 200w, https:\/\/raum-blick.de\/magazin\/wp-content\/uploads\/2016\/10\/stelton-Collar-Milchk\u00e4nnchen-f\u00fcr-Gas-und-Elektroherde-geeignet-Inhalt-05-Liter-150x150.jpg 150w\" sizes=\"(max-width: 200px) 100vw, 200px\" \/> <img loading=\"lazy\" decoding=\"async\" class=\"alignnone wp-image-1044 size-full\" title=\"stelton Collar Zuckerschale mit Deckel | Inhalt: 0,15 Liter\" src=\"https:\/\/www.raum-blick.de\/magazin\/wp-content\/uploads\/2016\/10\/stelton-Collar-Zuckerschale-mit-Deckel-Inhalt-015-Liter.jpg\" alt=\"stelton Collar Zuckerschale mit Deckel Inhalt 0,15 Liter\" width=\"200\" height=\"200\" srcset=\"https:\/\/raum-blick.de\/magazin\/wp-content\/uploads\/2016\/10\/stelton-Collar-Zuckerschale-mit-Deckel-Inhalt-015-Liter.jpg 200w, https:\/\/raum-blick.de\/magazin\/wp-content\/uploads\/2016\/10\/stelton-Collar-Zuckerschale-mit-Deckel-Inhalt-015-Liter-150x150.jpg 150w\" sizes=\"(max-width: 200px) 100vw, 200px\" \/> <img loading=\"lazy\" decoding=\"async\" class=\"alignnone wp-image-1045 size-full\" title=\"stelton Collar Kaffeem\u00fchle mit praktischem Aufbewahrungsbeh\u00e4lter | Inhalt: 0,5 Liter\" src=\"https:\/\/www.raum-blick.de\/magazin\/wp-content\/uploads\/2016\/10\/stelton-Collar-Kaffeem\u00fchle-Aufbewahrungsbeh\u00e4lter-Inhalt-05-Liter.jpg\" alt=\"stelton Collar Kaffeem\u00fchle Aufbewahrungsbeh\u00e4lter Inhalt 0,5 Liter\" width=\"200\" height=\"200\" srcset=\"https:\/\/raum-blick.de\/magazin\/wp-content\/uploads\/2016\/10\/stelton-Collar-Kaffeem\u00fchle-Aufbewahrungsbeh\u00e4lter-Inhalt-05-Liter.jpg 200w, https:\/\/raum-blick.de\/magazin\/wp-content\/uploads\/2016\/10\/stelton-Collar-Kaffeem\u00fchle-Aufbewahrungsbeh\u00e4lter-Inhalt-05-Liter-150x150.jpg 150w\" sizes=\"(max-width: 200px) 100vw, 200px\" \/><\/center><\/p>\n<p style=\"text-align: justify;\">Der rote Faden von Stelton bleibt also innovativ und setzt sich auf viele interessante Weisen fort. Ob mit Cylinda, Emma oder Collar \u2013 Zeitlosigkeit und Freude an der Funktionalit\u00e4t stehen im Vordergrund.<\/p>\n","protected":false},"excerpt":{"rendered":"<p>\u00ab Zeitloses Design von Sebastian Holmb\u00e4ck &amp; Ulrik Nordentoft \u00bb Formale Klarheit, hochwertige \u00c4sthetik und eine Funktionalit\u00e4t, die begeistert: Diese Charakteristiken pr\u00e4gen das d\u00e4nische Design der Haushaltswaren von Stelton ebenso wie die Entw\u00fcrfe von Sebastian Holmb\u00e4ck und Ulrik Nordentoft. Das kreative Duo steckt hinter der erfolgreichen Kollektion Emma, die ohne viel Aufhebens die kleinste Kaffeepause [&hellip;]<\/p>\n","protected":false},"author":4,"featured_media":1054,"comment_status":"closed","ping_status":"open","sticky":false,"template":"","format":"standard","meta":{"_et_pb_use_builder":"","_et_pb_old_content":"","_et_gb_content_width":"","inline_featured_image":false,"footnotes":""},"categories":[8],"tags":[14,123,119,61,120,122,11,125,121,41,118,124,27,126],"class_list":["post-1010","post","type-post","status-publish","format-standard","has-post-thumbnail","hentry","category-features","tag-ausstattung","tag-becher","tag-geschirr","tag-isolierkannen","tag-kaffeezubereiter","tag-kerzenstaender","tag-kuechenhelfer","tag-milchkaennchen","tag-obstschalen","tag-stelton","tag-tassen","tag-wasserkocher","tag-wohnaccessoires","tag-zuckerschalen"],"_links":{"self":[{"href":"https:\/\/raum-blick.de\/magazin\/wp-json\/wp\/v2\/posts\/1010","targetHints":{"allow":["GET"]}}],"collection":[{"href":"https:\/\/raum-blick.de\/magazin\/wp-json\/wp\/v2\/posts"}],"about":[{"href":"https:\/\/raum-blick.de\/magazin\/wp-json\/wp\/v2\/types\/post"}],"author":[{"embeddable":true,"href":"https:\/\/raum-blick.de\/magazin\/wp-json\/wp\/v2\/users\/4"}],"replies":[{"embeddable":true,"href":"https:\/\/raum-blick.de\/magazin\/wp-json\/wp\/v2\/comments?post=1010"}],"version-history":[{"count":68,"href":"https:\/\/raum-blick.de\/magazin\/wp-json\/wp\/v2\/posts\/1010\/revisions"}],"predecessor-version":[{"id":16276,"href":"https:\/\/raum-blick.de\/magazin\/wp-json\/wp\/v2\/posts\/1010\/revisions\/16276"}],"wp:featuredmedia":[{"embeddable":true,"href":"https:\/\/raum-blick.de\/magazin\/wp-json\/wp\/v2\/media\/1054"}],"wp:attachment":[{"href":"https:\/\/raum-blick.de\/magazin\/wp-json\/wp\/v2\/media?parent=1010"}],"wp:term":[{"taxonomy":"category","embeddable":true,"href":"https:\/\/raum-blick.de\/magazin\/wp-json\/wp\/v2\/categories?post=1010"},{"taxonomy":"post_tag","embeddable":true,"href":"https:\/\/raum-blick.de\/magazin\/wp-json\/wp\/v2\/tags?post=1010"}],"curies":[{"name":"wp","href":"https:\/\/api.w.org\/{rel}","templated":true}]}}